{"id":81790,"date":"2025-05-08T14:33:00","date_gmt":"2025-05-08T11:33:00","guid":{"rendered":"https:\/\/kibrisdakik.com\/index.php\/2025\/05\/08\/turkiye-nato-uluslararasi-askeri-karargahinda-direktor-seviyesinde-temsil-ediliyor\/"},"modified":"2025-05-08T14:33:00","modified_gmt":"2025-05-08T11:33:00","slug":"turkiye-nato-uluslararasi-askeri-karargahinda-direktor-seviyesinde-temsil-ediliyor","status":"publish","type":"post","link":"https:\/\/kibrisdakik.com\/?p=81790","title":{"rendered":"T\u00fcrkiye, NATO Uluslararas\u0131 Askeri Karargah\u0131\u2019nda direkt\u00f6r seviyesinde temsil ediliyor"},"content":{"rendered":"<p><\/p>\n<div>\n<div class=\"mariselle-image-container center\">\n                <img loading=\"lazy\" decoding=\"async\" width=\"774\" height=\"440\" class=\"lazy-image\" alt=\"\" sizes=\"auto, (max-width: 774px) 100vw, 774px\" src=\"https:\/\/brtk.net\/wp-content\/uploads\/2025\/05\/08\/174670152469032-flags-monument_rdax_775x440s.jpg?ver=e86638bfbb3e3274acd3df08a7a70d4f\" srcset=\"https:\/\/brtk.net\/wp-content\/uploads\/2025\/05\/08\/174670152469032-flags-monument_rdax_775x440s.jpg?ver=e86638bfbb3e3274acd3df08a7a70d4f 774w, https:\/\/brtk.net\/wp-content\/uploads\/2025\/05\/08\/174670152469032-flags-monument_rdax_775x440s-300x171.jpg?ver=0d9ed806f7ce44717897562e708be21a 300w, https:\/\/brtk.net\/wp-content\/uploads\/2025\/05\/08\/174670152469032-flags-monument_rdax_775x440s-768x437.jpg?ver=0d9ed806f7ce44717897562e708be21a 768w\"\/>                            <\/div>\n<p>\nT\u00fcrkiye MSB Bas\u0131n ve Halkla \u0130li\u015fkiler M\u00fc\u015faviri ve Bakanl\u0131k S\u00f6zc\u00fcs\u00fc Tu\u011famiral Zeki Akt\u00fcrk,  \u201cNATO\u2019nun kritik \u00f6neme sahip \u2018\u0130\u015f Birli\u011fi ile G\u00fcvenlik Direkt\u00f6r\u00fc\u2019 g\u00f6revine, bir T\u00fcrk generali se\u00e7ilmi\u015ftir. B\u00f6ylece, NATO tarihinde ilk defa \u00fclkemiz, Br\u00fcksel\u2019deki NATO Uluslararas\u0131 Askeri Karargah\u0131\u2019nda direkt\u00f6r seviyesinde temsil edilecektir\u201d dedi.<\/p>\n<p>T\u00fcrkiye MSB Bas\u0131n ve Halkla \u0130li\u015fkiler M\u00fc\u015faviri ve Bakanl\u0131k S\u00f6zc\u00fcs\u00fc Tu\u011famiral Zeki Akt\u00fcrk, T\u00fcrk Silahl\u0131 Kuvvetleri (TSK) \u0130nsani Yard\u0131m Tugay Komutanl\u0131\u011f\u0131\u2019nda d\u00fczenlenen haftal\u0131k bas\u0131n bilgilendirme toplant\u0131s\u0131nda konu\u015ftu. <\/p>\n<p>Akt\u00fcrk, Bakanl\u0131\u011f\u0131n t\u00fcm birlik ve kurumlar\u0131n\u0131n milli g\u00fcvenli\u011fi ve \u00e7\u0131karlar\u0131 g\u00fc\u00e7l\u00fc \u015fekilde muhafaza etmeye, b\u00f6lgesel ve k\u00fcresel g\u00fcvenlik ile istikrara y\u00f6nelik \u00f6nemli ve belirleyici katk\u0131lar sunmaya devam etti\u011fini s\u00f6yledi.<\/p>\n<p>TSK\u2019n\u0131n ter\u00f6r \u00f6rg\u00fct\u00fcn\u00fc bitirme noktas\u0131na getirdi\u011fini, bekaya y\u00f6nelen t\u00fcm tehdit ve tehlikelere kar\u015f\u0131 m\u00fccadelesini kararl\u0131l\u0131kla s\u00fcrd\u00fcrd\u00fc\u011f\u00fcn\u00fc vurgulayan Akt\u00fcrk, \u015funlar\u0131 kaydetti:<\/p>\n<p>\u201cDevam eden operasyon, arama tarama faaliyetleri ve s\u0131n\u0131r g\u00fcvenli\u011fi kapsam\u0131nda son bir haftada, Irak\u2019\u0131n kuzeyindeki bar\u0131nma alanlar\u0131ndan ka\u00e7an 3 PKK\u2019l\u0131 ter\u00f6rist teslim olmu\u015f, Pen\u00e7e-Kilit Operasyonu b\u00f6lgesinde tespit edilen ter\u00f6ristlere ait ma\u011faralarda \u00e7ok say\u0131da silah, m\u00fchimmat ve ya\u015fam malzemesi ele ge\u00e7irilerek kullan\u0131lamaz hale getirilmi\u015ftir. Bu vesileyle, 3 May\u0131s\u2019ta Pen\u00e7e-Kilit Operasyonu b\u00f6lgesinde \u015fehit olan kahraman silah arkada\u015f\u0131m\u0131z \u0130stihkam Uzman \u00c7avu\u015f \u00d6nder \u00d6zen\u2019e bir kez daha Allah\u2019tan rahmet, kederli ailesine, T\u00fcrk Silahl\u0131 Kuvvetleri ile asil milletimize ba\u015fsa\u011fl\u0131\u011f\u0131 ve sab\u0131r diliyoruz. Aziz \u015fehitlerimiz ve kahraman gazilerimizin k\u0131ymetli anneleri ba\u015fta olmak \u00fczere sevgi ve fedakarl\u0131k timsali t\u00fcm annelerimizin Anneler G\u00fcn\u00fc\u2019n\u00fc \u015fimdiden kutluyoruz.\u201d<\/p>\n<p>Tu\u011famiral Akt\u00fcrk, hudutlarda ise 4\u2019\u00fc ter\u00f6r \u00f6rg\u00fct\u00fc mensubu olmak \u00fczere 175 \u015fahs\u0131n yakaland\u0131\u011f\u0131n\u0131, 1893 \u015fahs\u0131n engellendi\u011fini belirterek, \u201cB\u00f6ylelikle 1 Ocak itibar\u0131yla s\u0131n\u0131rlar\u0131m\u0131zdan yasa d\u0131\u015f\u0131 yollarla ge\u00e7meye \u00e7al\u0131\u015f\u0131rken yakalananlar\u0131n say\u0131s\u0131 1841, engellenen ki\u015fi say\u0131s\u0131 da 29 bin 657 olmu\u015ftur. Di\u011fer yandan Suriye harekat alanlar\u0131nda 8 Ocak\u2019tan bu yana s\u00fcrd\u00fcr\u00fclen t\u00fcnel imha faaliyetleri kapsam\u0131nda bug\u00fcne kadar Tel R\u0131fat b\u00f6lgesinde yakla\u015f\u0131k 96, Menbi\u00e7 b\u00f6lgesinde ise 104 kilometre uzunlu\u011fundaki t\u00fcneller imha edilmi\u015ftir.\u201d diye konu\u015ftu.<\/p>\n<p>\u2013 E\u011fitim ve tatbikat faaliyetleri<\/p>\n<p>T\u00fcrk Silahl\u0131 Kuvvetlerinin, halihaz\u0131rda y\u00fcr\u00fctt\u00fc\u011f\u00fc t\u00fcm operasyonlar\u0131 ve g\u00f6revlerinin yan\u0131 s\u0131ra personelinin niteliklerini \u00e7a\u011f\u0131n \u015fartlar\u0131na ve harbin de\u011fi\u015fen do\u011fas\u0131na en uygun \u015fekilde geli\u015ftirmek i\u00e7in e\u011fitim faaliyetlerine aral\u0131ks\u0131z devam etti\u011fini vurgulayan Akt\u00fcrk, bu kapsamda ger\u00e7ekle\u015ftirilen tatbikatlara ili\u015fkin bilgi verdi.<\/p>\n<p>Tu\u011famiral Akt\u00fcrk, \u015fu bilgileri payla\u015ft\u0131:<\/p>\n<p>\u201c\u00c7ok tehditli ortamda karar verme yeteneklerinin geli\u015ftirilmesi, m\u00fc\u015fterek \u00e7al\u0131\u015fabilirlik usullerinin denenmesi amac\u0131yla Karadeniz, Marmara, Ege Denizi ve Do\u011fu Akdeniz\u2019de 6-17 May\u0131s tarihleri aras\u0131nda icra edilen DEN\u0130ZKURDU-II tatbikat\u0131nda, Deniz Kuvvetlerimizin yan\u0131 s\u0131ra Kara ve Hava Kuvvetlerimiz ile Sahil G\u00fcvenlik Komutanl\u0131\u011f\u0131ndan m\u00fcte\u015fekkil toplam 120 gemi, 7 insans\u0131z deniz arac\u0131 (\u0130DA) ve 85 hava arac\u0131 yer almaktad\u0131r. Tatbikata ayr\u0131ca \u0130\u00e7i\u015fleri Bakanl\u0131\u011f\u0131, Sa\u011fl\u0131k Bakanl\u0131\u011f\u0131, Tar\u0131m ve Orman Bakanl\u0131\u011f\u0131, Ula\u015ft\u0131rma ve Altyap\u0131 Bakanl\u0131\u011f\u0131 ile T\u00fcrk K\u0131z\u0131lay\u0131 da i\u015ftirak etmektedir. Fiili silah e\u011fitimleri ve ATMACA ve SM-1 g\u00fcd\u00fcml\u00fc mermi at\u0131\u015flar\u0131n\u0131n 10 May\u0131s\u2019ta icra edilece\u011fi DEN\u0130ZKURDU-II tatbikat\u0131n\u0131n Se\u00e7kin G\u00f6zlemci G\u00fcn\u00fc faaliyetleri 15 May\u0131s\u2019ta Antalya\u2019da ger\u00e7ekle\u015ftirilecektir.\u201d<\/p>\n<p>\u0130zmir\u2019de 5-16 May\u0131s tarihleri aras\u0131nda, EFES-2025 Bilgisayar Destekli Komuta Yeri, Ankara\u2019da T\u00fcrkiye-Kuzey K\u0131br\u0131s T\u00fcrk Cumhuriyeti Do\u011fal Afetler Arama Kurtarma, Edirne\u2019de Trakya-2025, \u0130stanbul\u2019da Avrasya Bar\u0131\u015f\u0131 tatbikatlar\u0131n\u0131n d\u00fczenlendi\u011fini belirten Akt\u00fcrk, \u015f\u00f6yle devam etti:<\/p>\n<p>\u201c21 Nisan-31 May\u0131s d\u00f6nem aral\u0131\u011f\u0131nda ise Birle\u015fik Arap Emirlikleri\u2019nde Desert Flag, yerinden kat\u0131l\u0131m ile Steadfast Cobalt, G\u00fcrcistan\u2019da NATO-G\u00fcrcistan Krize M\u00fcdahale Harekat\u0131, Almanya ve Birle\u015fik Krall\u0131k\u2019ta Formidable Shield, \u0130talya\u2019da Mediterranean Strike, yerinden kat\u0131l\u0131m ile Locked Shields, \u0130spanya\u2019da Spanish Minex tatbikatlar\u0131na kat\u0131l\u0131m sa\u011flanmaktad\u0131r. Ayr\u0131ca, Katar\u2019da 9-16 May\u0131s tarihleri aras\u0131nda Katar \u00d6zel Kuvvet NATO Sertifikasyon, Konya\u2019da 12-23 May\u0131s tarihleri aras\u0131nda Uluslararas\u0131 Anadolu Ankas\u0131, Kayseri\u2019de 12-30 May\u0131s tarihleri aras\u0131nda Erciyes Hava \u0130ndirme tatbikatlar\u0131n\u0131n icra edilmesi planlanmaktad\u0131r.\u201d<\/p>\n<p>Akt\u00fcrk, ayr\u0131ca NATO M\u00fcttefik Hava Komutanl\u0131\u011f\u0131nca Art\u0131r\u0131lm\u0131\u015f Teyakkuz Faaliyetleri kapsam\u0131nda, 14 May\u0131s\u2019ta Romanya hava sahas\u0131nda d\u00fczenlenecek e\u011fitimlere 2 adet F-16 ve tanker u\u00e7ak ile kat\u0131l\u0131m sa\u011flanmas\u0131n\u0131n planland\u0131\u011f\u0131n\u0131 s\u00f6yledi.<\/p>\n<p>NATO Uzay M\u00fckemmeliyet Merkezi taraf\u0131ndan Fransa\u2019da d\u00fczenlenen \u201c1\u2019inci Uzay Konferans\u0131\u201dna Hava Kuvvetleri Uzay Komutanl\u0131\u011f\u0131nca kat\u0131l\u0131m sa\u011fland\u0131\u011f\u0131n\u0131 belirten Akt\u00fcrk, \u201cDi\u011fer yandan Mehteran Birlik Komutanl\u0131\u011f\u0131m\u0131zca 15-19 May\u0131s tarihleri aras\u0131nda 42\u2019nci Geleneksel New York T\u00fcrk G\u00fcn\u00fc Y\u00fcr\u00fcy\u00fc\u015f\u00fc ve Festivali kapsam\u0131nda konser ve t\u00f6ren faaliyetleri icra edilecektir.\u201d dedi.<\/p>\n<p>\u2013 \u0130kili ili\u015fkiler ve b\u00f6lgesel bar\u0131\u015fa katk\u0131lar<\/p>\n<p>Tu\u011famiral Akt\u00fcrk, TSK\u2019n\u0131n, milli ve uluslararas\u0131 e\u011fitim ve tatbikat faaliyetlerini ba\u015far\u0131yla s\u00fcrd\u00fcrd\u00fc\u011f\u00fcn\u00fc, uluslararas\u0131 misyonlar ve ikili ili\u015fkiler kapsam\u0131nda da \u00e7al\u0131\u015fmalar\u0131na devam etti\u011fini s\u00f6yledi.<\/p>\n<p>Kosova Bar\u0131\u015f G\u00fcc\u00fc (KFOR) Komutanl\u0131\u011f\u0131 g\u00f6revini Ekim 2023-2024 d\u00f6neminde ba\u015far\u0131yla yerine getiren T\u00fcrkiye\u2019nin, Ekim 2025\u2019ten itibaren yine 1 y\u0131l s\u00fcreyle s\u00f6z konusu g\u00f6revi ikinci kez \u00fcstlenece\u011fini belirten Akt\u00fcrk, \u015funlar\u0131 anlatt\u0131:<\/p>\n<p>\u201cNATO ve Avrupa-Atlantik b\u00f6lgesinin g\u00fcvenli\u011fi i\u00e7in, ge\u00e7mi\u015fte oldu\u011fu gibi bug\u00fcn ve gelecekte de \u00f6nemli ve belirleyici katk\u0131larda bulunan \u00fclkemiz, komutas\u0131n\u0131 devralaca\u011f\u0131 g\u00f6revi daha \u00f6nce oldu\u011fu gibi NATO ve Birle\u015fmi\u015f Milletler kararlar\u0131na uygun olarak, uluslararas\u0131 sorumlulu\u011fun gerektirdi\u011fi tam bir tarafs\u0131zl\u0131k ve \u015feffafl\u0131k ile yerine getirecektir. \u00d6te yandan, NATO\u2019nun kritik \u00f6neme sahip \u2018\u0130\u015f Birli\u011fi ile G\u00fcvenlik Direkt\u00f6r\u00fc\u2019 g\u00f6revine, bir T\u00fcrk generali se\u00e7ilmi\u015ftir. B\u00f6ylece, NATO tarihinde ilk defa \u00fclkemiz, Br\u00fcksel\u2019deki NATO Uluslararas\u0131 Askeri Karargah\u0131\u2019nda direkt\u00f6r seviyesinde temsil edilecektir. Personelimizin bu kritik role se\u00e7ilmesi, T\u00fcrkiye\u2019nin NATO\u2019daki etkin rol\u00fcn\u00fcn ve \u0130ttifak\u0131n g\u00fcvenlik ve istikrar\u0131na olan katk\u0131s\u0131n\u0131n \u00f6nemli bir g\u00f6stergesidir. \u00dclkemiz, NATO\u2019nun g\u00fc\u00e7l\u00fc ve g\u00fcvenilir bir m\u00fcttefiki olarak, \u0130ttifak\u0131n bar\u0131\u015f ve g\u00fcvenli\u011fe olan katk\u0131lar\u0131n\u0131 s\u00fcrd\u00fcrmeye devam edecektir.\u201d<\/p>\n<\/p><\/div>\n<p><script async\n                    defer\n                    crossorigin=\"anonymous\"\n                    src=\"https:\/\/connect.facebook.net\/tr_TR\/sdk.js#xfbml=1&#038;version=v3.3\"\n            ><\/script><\/p>\n","protected":false},"excerpt":{"rendered":"<p>T\u00fcrkiye MSB Bas\u0131n ve Halkla \u0130li\u015fkiler M\u00fc\u015faviri ve Bakanl\u0131k S\u00f6zc\u00fcs\u00fc Tu\u011famiral Zeki Akt\u00fcrk, \u201cNATO\u2019nun kritik \u00f6neme sahip \u2018\u0130\u015f Birli\u011fi ile G\u00fcvenlik Direkt\u00f6r\u00fc\u2019 g\u00f6revine, bir T\u00fcrk generali se\u00e7ilmi\u015ftir. B\u00f6ylece, NATO tarihinde ilk defa \u00fclkemiz, Br\u00fcksel\u2019deki NATO Uluslararas\u0131 Askeri Karargah\u0131\u2019nda direkt\u00f6r seviyesinde temsil edilecektir\u201d dedi. T\u00fcrkiye MSB Bas\u0131n ve Halkla \u0130li\u015fkiler M\u00fc\u015faviri ve Bakanl\u0131k S\u00f6zc\u00fcs\u00fc Tu\u011famiral Zeki<\/p>\n","protected":false},"author":1,"featured_media":81791,"comment_status":"open","ping_status":"open","sticky":false,"template":"","format":"standard","meta":{"footnotes":""},"categories":[86],"tags":[],"class_list":["post-81790","post","type-post","status-publish","format-standard","has-post-thumbnail","hentry","category-turkiye"],"yoast_head":"<!-- This site is optimized with the Yoast SEO plugin v27.5 - https:\/\/yoast.com\/product\/yoast-seo-wordpress\/ -->\n<title>T\u00fcrkiye, NATO Uluslararas\u0131 Askeri Karargah\u0131\u2019nda direkt\u00f6r seviyesinde temsil ediliyor -<\/title>\n<meta name=\"robots\" content=\"index, follow, max-snippet:-1, max-image-preview:large, max-video-preview:-1\" \/>\n<link rel=\"canonical\" href=\"https:\/\/kibrisdakik.com\/?p=81790\" \/>\n<meta property=\"og:locale\" content=\"tr_TR\" \/>\n<meta property=\"og:type\" content=\"article\" \/>\n<meta property=\"og:title\" content=\"T\u00fcrkiye, NATO Uluslararas\u0131 Askeri Karargah\u0131\u2019nda direkt\u00f6r seviyesinde temsil ediliyor -\" \/>\n<meta property=\"og:description\" content=\"T\u00fcrkiye MSB Bas\u0131n ve Halkla \u0130li\u015fkiler M\u00fc\u015faviri ve Bakanl\u0131k S\u00f6zc\u00fcs\u00fc Tu\u011famiral Zeki Akt\u00fcrk, \u201cNATO\u2019nun kritik \u00f6neme sahip \u2018\u0130\u015f Birli\u011fi ile G\u00fcvenlik Direkt\u00f6r\u00fc\u2019 g\u00f6revine, bir T\u00fcrk generali se\u00e7ilmi\u015ftir. B\u00f6ylece, NATO tarihinde ilk defa \u00fclkemiz, Br\u00fcksel\u2019deki NATO Uluslararas\u0131 Askeri Karargah\u0131\u2019nda direkt\u00f6r seviyesinde temsil edilecektir\u201d dedi. T\u00fcrkiye MSB Bas\u0131n ve Halkla \u0130li\u015fkiler M\u00fc\u015faviri ve Bakanl\u0131k S\u00f6zc\u00fcs\u00fc Tu\u011famiral Zeki\" \/>\n<meta property=\"og:url\" content=\"https:\/\/kibrisdakik.com\/?p=81790\" \/>\n<meta property=\"article:published_time\" content=\"2025-05-08T11:33:00+00:00\" \/>\n<meta property=\"og:image\" content=\"https:\/\/kibrisdakik.com\/wp-content\/uploads\/2025\/05\/174670152469032-flags-monument_rdax_775x440s-740x420.jpg\" \/>\n\t<meta property=\"og:image:width\" content=\"774\" \/>\n\t<meta property=\"og:image:height\" content=\"440\" \/>\n\t<meta property=\"og:image:type\" content=\"image\/jpeg\" \/>\n<meta name=\"author\" content=\"admin\" \/>\n<meta name=\"twitter:card\" content=\"summary_large_image\" \/>\n<meta name=\"twitter:label1\" content=\"Yazan:\" \/>\n\t<meta name=\"twitter:data1\" content=\"admin\" \/>\n\t<meta name=\"twitter:label2\" content=\"Tahmini okuma s\u00fcresi\" \/>\n\t<meta name=\"twitter:data2\" content=\"6 dakika\" \/>\n<script type=\"application\/ld+json\" class=\"yoast-schema-graph\">{\"@context\":\"https:\\\/\\\/schema.org\",\"@graph\":[{\"@type\":\"Article\",\"@id\":\"https:\\\/\\\/kibrisdakik.com\\\/?p=81790#article\",\"isPartOf\":{\"@id\":\"https:\\\/\\\/kibrisdakik.com\\\/?p=81790\"},\"author\":{\"name\":\"admin\",\"@id\":\"https:\\\/\\\/kibrisdakik.com\\\/#\\\/schema\\\/person\\\/9cd9d437bbb44f72b73ba127e06d8e79\"},\"headline\":\"T\u00fcrkiye, NATO Uluslararas\u0131 Askeri Karargah\u0131\u2019nda direkt\u00f6r seviyesinde temsil ediliyor\",\"datePublished\":\"2025-05-08T11:33:00+00:00\",\"mainEntityOfPage\":{\"@id\":\"https:\\\/\\\/kibrisdakik.com\\\/?p=81790\"},\"wordCount\":1171,\"commentCount\":0,\"image\":{\"@id\":\"https:\\\/\\\/kibrisdakik.com\\\/?p=81790#primaryimage\"},\"thumbnailUrl\":\"https:\\\/\\\/kibrisdakik.com\\\/wp-content\\\/uploads\\\/2025\\\/05\\\/174670152469032-flags-monument_rdax_775x440s-740x420.jpg\",\"articleSection\":[\"T\u00fcrkiye\"],\"inLanguage\":\"tr\",\"potentialAction\":[{\"@type\":\"CommentAction\",\"name\":\"Comment\",\"target\":[\"https:\\\/\\\/kibrisdakik.com\\\/?p=81790#respond\"]}]},{\"@type\":\"WebPage\",\"@id\":\"https:\\\/\\\/kibrisdakik.com\\\/?p=81790\",\"url\":\"https:\\\/\\\/kibrisdakik.com\\\/?p=81790\",\"name\":\"T\u00fcrkiye, NATO Uluslararas\u0131 Askeri Karargah\u0131\u2019nda direkt\u00f6r seviyesinde temsil ediliyor -\",\"isPartOf\":{\"@id\":\"https:\\\/\\\/kibrisdakik.com\\\/#website\"},\"primaryImageOfPage\":{\"@id\":\"https:\\\/\\\/kibrisdakik.com\\\/?p=81790#primaryimage\"},\"image\":{\"@id\":\"https:\\\/\\\/kibrisdakik.com\\\/?p=81790#primaryimage\"},\"thumbnailUrl\":\"https:\\\/\\\/kibrisdakik.com\\\/wp-content\\\/uploads\\\/2025\\\/05\\\/174670152469032-flags-monument_rdax_775x440s-740x420.jpg\",\"datePublished\":\"2025-05-08T11:33:00+00:00\",\"author\":{\"@id\":\"https:\\\/\\\/kibrisdakik.com\\\/#\\\/schema\\\/person\\\/9cd9d437bbb44f72b73ba127e06d8e79\"},\"breadcrumb\":{\"@id\":\"https:\\\/\\\/kibrisdakik.com\\\/?p=81790#breadcrumb\"},\"inLanguage\":\"tr\",\"potentialAction\":[{\"@type\":\"ReadAction\",\"target\":[\"https:\\\/\\\/kibrisdakik.com\\\/?p=81790\"]}]},{\"@type\":\"ImageObject\",\"inLanguage\":\"tr\",\"@id\":\"https:\\\/\\\/kibrisdakik.com\\\/?p=81790#primaryimage\",\"url\":\"https:\\\/\\\/kibrisdakik.com\\\/wp-content\\\/uploads\\\/2025\\\/05\\\/174670152469032-flags-monument_rdax_775x440s-740x420.jpg\",\"contentUrl\":\"https:\\\/\\\/kibrisdakik.com\\\/wp-content\\\/uploads\\\/2025\\\/05\\\/174670152469032-flags-monument_rdax_775x440s-740x420.jpg\",\"width\":774,\"height\":440},{\"@type\":\"BreadcrumbList\",\"@id\":\"https:\\\/\\\/kibrisdakik.com\\\/?p=81790#breadcrumb\",\"itemListElement\":[{\"@type\":\"ListItem\",\"position\":1,\"name\":\"Home\",\"item\":\"https:\\\/\\\/kibrisdakik.com\\\/\"},{\"@type\":\"ListItem\",\"position\":2,\"name\":\"T\u00fcrkiye, NATO Uluslararas\u0131 Askeri Karargah\u0131\u2019nda direkt\u00f6r seviyesinde temsil ediliyor\"}]},{\"@type\":\"WebSite\",\"@id\":\"https:\\\/\\\/kibrisdakik.com\\\/#website\",\"url\":\"https:\\\/\\\/kibrisdakik.com\\\/\",\"name\":\"\",\"description\":\"Tam vaktinde haber\",\"potentialAction\":[{\"@type\":\"SearchAction\",\"target\":{\"@type\":\"EntryPoint\",\"urlTemplate\":\"https:\\\/\\\/kibrisdakik.com\\\/?s={search_term_string}\"},\"query-input\":{\"@type\":\"PropertyValueSpecification\",\"valueRequired\":true,\"valueName\":\"search_term_string\"}}],\"inLanguage\":\"tr\"},{\"@type\":\"Person\",\"@id\":\"https:\\\/\\\/kibrisdakik.com\\\/#\\\/schema\\\/person\\\/9cd9d437bbb44f72b73ba127e06d8e79\",\"name\":\"admin\",\"image\":{\"@type\":\"ImageObject\",\"inLanguage\":\"tr\",\"@id\":\"https:\\\/\\\/secure.gravatar.com\\\/avatar\\\/ccc17943b9d660506c869530f897617f7cb1c21a4bf30023f252596d83e1f007?s=96&d=mm&r=g\",\"url\":\"https:\\\/\\\/secure.gravatar.com\\\/avatar\\\/ccc17943b9d660506c869530f897617f7cb1c21a4bf30023f252596d83e1f007?s=96&d=mm&r=g\",\"contentUrl\":\"https:\\\/\\\/secure.gravatar.com\\\/avatar\\\/ccc17943b9d660506c869530f897617f7cb1c21a4bf30023f252596d83e1f007?s=96&d=mm&r=g\",\"caption\":\"admin\"},\"sameAs\":[\"https:\\\/\\\/kibrisdakik.com\"],\"url\":\"https:\\\/\\\/kibrisdakik.com\\\/?author=1\"}]}<\/script>\n<!-- \/ Yoast SEO plugin. -->","yoast_head_json":{"title":"T\u00fcrkiye, NATO Uluslararas\u0131 Askeri Karargah\u0131\u2019nda direkt\u00f6r seviyesinde temsil ediliyor -","robots":{"index":"index","follow":"follow","max-snippet":"max-snippet:-1","max-image-preview":"max-image-preview:large","max-video-preview":"max-video-preview:-1"},"canonical":"https:\/\/kibrisdakik.com\/?p=81790","og_locale":"tr_TR","og_type":"article","og_title":"T\u00fcrkiye, NATO Uluslararas\u0131 Askeri Karargah\u0131\u2019nda direkt\u00f6r seviyesinde temsil ediliyor -","og_description":"T\u00fcrkiye MSB Bas\u0131n ve Halkla \u0130li\u015fkiler M\u00fc\u015faviri ve Bakanl\u0131k S\u00f6zc\u00fcs\u00fc Tu\u011famiral Zeki Akt\u00fcrk, \u201cNATO\u2019nun kritik \u00f6neme sahip \u2018\u0130\u015f Birli\u011fi ile G\u00fcvenlik Direkt\u00f6r\u00fc\u2019 g\u00f6revine, bir T\u00fcrk generali se\u00e7ilmi\u015ftir. B\u00f6ylece, NATO tarihinde ilk defa \u00fclkemiz, Br\u00fcksel\u2019deki NATO Uluslararas\u0131 Askeri Karargah\u0131\u2019nda direkt\u00f6r seviyesinde temsil edilecektir\u201d dedi. T\u00fcrkiye MSB Bas\u0131n ve Halkla \u0130li\u015fkiler M\u00fc\u015faviri ve Bakanl\u0131k S\u00f6zc\u00fcs\u00fc Tu\u011famiral Zeki","og_url":"https:\/\/kibrisdakik.com\/?p=81790","article_published_time":"2025-05-08T11:33:00+00:00","og_image":[{"width":774,"height":440,"url":"https:\/\/kibrisdakik.com\/wp-content\/uploads\/2025\/05\/174670152469032-flags-monument_rdax_775x440s-740x420.jpg","type":"image\/jpeg"}],"author":"admin","twitter_card":"summary_large_image","twitter_misc":{"Yazan:":"admin","Tahmini okuma s\u00fcresi":"6 dakika"},"schema":{"@context":"https:\/\/schema.org","@graph":[{"@type":"Article","@id":"https:\/\/kibrisdakik.com\/?p=81790#article","isPartOf":{"@id":"https:\/\/kibrisdakik.com\/?p=81790"},"author":{"name":"admin","@id":"https:\/\/kibrisdakik.com\/#\/schema\/person\/9cd9d437bbb44f72b73ba127e06d8e79"},"headline":"T\u00fcrkiye, NATO Uluslararas\u0131 Askeri Karargah\u0131\u2019nda direkt\u00f6r seviyesinde temsil ediliyor","datePublished":"2025-05-08T11:33:00+00:00","mainEntityOfPage":{"@id":"https:\/\/kibrisdakik.com\/?p=81790"},"wordCount":1171,"commentCount":0,"image":{"@id":"https:\/\/kibrisdakik.com\/?p=81790#primaryimage"},"thumbnailUrl":"https:\/\/kibrisdakik.com\/wp-content\/uploads\/2025\/05\/174670152469032-flags-monument_rdax_775x440s-740x420.jpg","articleSection":["T\u00fcrkiye"],"inLanguage":"tr","potentialAction":[{"@type":"CommentAction","name":"Comment","target":["https:\/\/kibrisdakik.com\/?p=81790#respond"]}]},{"@type":"WebPage","@id":"https:\/\/kibrisdakik.com\/?p=81790","url":"https:\/\/kibrisdakik.com\/?p=81790","name":"T\u00fcrkiye, NATO Uluslararas\u0131 Askeri Karargah\u0131\u2019nda direkt\u00f6r seviyesinde temsil ediliyor -","isPartOf":{"@id":"https:\/\/kibrisdakik.com\/#website"},"primaryImageOfPage":{"@id":"https:\/\/kibrisdakik.com\/?p=81790#primaryimage"},"image":{"@id":"https:\/\/kibrisdakik.com\/?p=81790#primaryimage"},"thumbnailUrl":"https:\/\/kibrisdakik.com\/wp-content\/uploads\/2025\/05\/174670152469032-flags-monument_rdax_775x440s-740x420.jpg","datePublished":"2025-05-08T11:33:00+00:00","author":{"@id":"https:\/\/kibrisdakik.com\/#\/schema\/person\/9cd9d437bbb44f72b73ba127e06d8e79"},"breadcrumb":{"@id":"https:\/\/kibrisdakik.com\/?p=81790#breadcrumb"},"inLanguage":"tr","potentialAction":[{"@type":"ReadAction","target":["https:\/\/kibrisdakik.com\/?p=81790"]}]},{"@type":"ImageObject","inLanguage":"tr","@id":"https:\/\/kibrisdakik.com\/?p=81790#primaryimage","url":"https:\/\/kibrisdakik.com\/wp-content\/uploads\/2025\/05\/174670152469032-flags-monument_rdax_775x440s-740x420.jpg","contentUrl":"https:\/\/kibrisdakik.com\/wp-content\/uploads\/2025\/05\/174670152469032-flags-monument_rdax_775x440s-740x420.jpg","width":774,"height":440},{"@type":"BreadcrumbList","@id":"https:\/\/kibrisdakik.com\/?p=81790#breadcrumb","itemListElement":[{"@type":"ListItem","position":1,"name":"Home","item":"https:\/\/kibrisdakik.com\/"},{"@type":"ListItem","position":2,"name":"T\u00fcrkiye, NATO Uluslararas\u0131 Askeri Karargah\u0131\u2019nda direkt\u00f6r seviyesinde temsil ediliyor"}]},{"@type":"WebSite","@id":"https:\/\/kibrisdakik.com\/#website","url":"https:\/\/kibrisdakik.com\/","name":"","description":"Tam vaktinde haber","potentialAction":[{"@type":"SearchAction","target":{"@type":"EntryPoint","urlTemplate":"https:\/\/kibrisdakik.com\/?s={search_term_string}"},"query-input":{"@type":"PropertyValueSpecification","valueRequired":true,"valueName":"search_term_string"}}],"inLanguage":"tr"},{"@type":"Person","@id":"https:\/\/kibrisdakik.com\/#\/schema\/person\/9cd9d437bbb44f72b73ba127e06d8e79","name":"admin","image":{"@type":"ImageObject","inLanguage":"tr","@id":"https:\/\/secure.gravatar.com\/avatar\/ccc17943b9d660506c869530f897617f7cb1c21a4bf30023f252596d83e1f007?s=96&d=mm&r=g","url":"https:\/\/secure.gravatar.com\/avatar\/ccc17943b9d660506c869530f897617f7cb1c21a4bf30023f252596d83e1f007?s=96&d=mm&r=g","contentUrl":"https:\/\/secure.gravatar.com\/avatar\/ccc17943b9d660506c869530f897617f7cb1c21a4bf30023f252596d83e1f007?s=96&d=mm&r=g","caption":"admin"},"sameAs":["https:\/\/kibrisdakik.com"],"url":"https:\/\/kibrisdakik.com\/?author=1"}]}},"_links":{"self":[{"href":"https:\/\/kibrisdakik.com\/index.php?rest_route=\/wp\/v2\/posts\/81790","targetHints":{"allow":["GET"]}}],"collection":[{"href":"https:\/\/kibrisdakik.com\/index.php?rest_route=\/wp\/v2\/posts"}],"about":[{"href":"https:\/\/kibrisdakik.com\/index.php?rest_route=\/wp\/v2\/types\/post"}],"author":[{"embeddable":true,"href":"https:\/\/kibrisdakik.com\/index.php?rest_route=\/wp\/v2\/users\/1"}],"replies":[{"embeddable":true,"href":"https:\/\/kibrisdakik.com\/index.php?rest_route=%2Fwp%2Fv2%2Fcomments&post=81790"}],"version-history":[{"count":0,"href":"https:\/\/kibrisdakik.com\/index.php?rest_route=\/wp\/v2\/posts\/81790\/revisions"}],"wp:featuredmedia":[{"embeddable":true,"href":"https:\/\/kibrisdakik.com\/index.php?rest_route=\/wp\/v2\/media\/81791"}],"wp:attachment":[{"href":"https:\/\/kibrisdakik.com\/index.php?rest_route=%2Fwp%2Fv2%2Fmedia&parent=81790"}],"wp:term":[{"taxonomy":"category","embeddable":true,"href":"https:\/\/kibrisdakik.com\/index.php?rest_route=%2Fwp%2Fv2%2Fcategories&post=81790"},{"taxonomy":"post_tag","embeddable":true,"href":"https:\/\/kibrisdakik.com\/index.php?rest_route=%2Fwp%2Fv2%2Ftags&post=81790"}],"curies":[{"name":"wp","href":"https:\/\/api.w.org\/{rel}","templated":true}]}}