{"id":81810,"date":"2025-05-08T17:23:30","date_gmt":"2025-05-08T14:23:30","guid":{"rendered":"https:\/\/kibrisdakik.com\/index.php\/2025\/05\/08\/tatarhindistanin-pakistana-yonelik-tek-yanli-saldirilari-butun-dunyayi-gibi-bizi-de-endiseye-sevk-ediyor\/"},"modified":"2025-05-08T17:23:30","modified_gmt":"2025-05-08T14:23:30","slug":"tatarhindistanin-pakistana-yonelik-tek-yanli-saldirilari-butun-dunyayi-gibi-bizi-de-endiseye-sevk-ediyor","status":"publish","type":"post","link":"https:\/\/kibrisdakik.com\/?p=81810","title":{"rendered":"Tatar:Hindistan\u2019\u0131n Pakistan\u2019a y\u00f6nelik tek yanl\u0131 sald\u0131r\u0131lar\u0131 b\u00fct\u00fcn d\u00fcnyay\u0131 gibi bizi de endi\u015feye sevk ediyor"},"content":{"rendered":"<div>\n<div class=\"mariselle-image-container center\">\n                                            <\/div>\n<p>Cumhurba\u015fkan\u0131 Ersin Tatar, Hindistan\u2019\u0131n Pakistan\u2019a y\u00f6nelik tek yanl\u0131 sald\u0131r\u0131lar\u0131n\u0131n, Asya\u2019daki gerilimi artt\u0131rarak topyek\u00fbn bir sava\u015fa d\u00f6n\u00fc\u015ft\u00fcrmesi olas\u0131l\u0131\u011f\u0131n\u0131n b\u00fct\u00fcn d\u00fcnyay\u0131 gibi kendilerini de endi\u015feye sevk etti\u011fini kaydetti.<\/p>\n<p>Tatar, G\u00fcneydo\u011fu Asya\u2019daki gerginlik ve \u00e7at\u0131\u015fman\u0131n so\u011fukkanl\u0131l\u0131kla, diplomasiye imk\u00e2n tan\u0131yarak, m\u00fczakereler ve diyalogla a\u015f\u0131laca\u011f\u0131 bir anlay\u0131\u015f i\u00e7inde bir an \u00f6nce son bulmas\u0131n\u0131 temenni etti.<\/p>\n<p>Cumhurba\u015fkan\u0131 Tatar yaz\u0131l\u0131 a\u00e7\u0131klamas\u0131nda, \u201cPakistan hem anavatan\u0131m\u0131z T\u00fcrkiye hem de Kuzey K\u0131br\u0131s T\u00fcrk Cumhuriyetimiz ile tarihi ve g\u00fc\u00e7l\u00fc ili\u015fkilerimizin oldu\u011fu dost ve karde\u015f olarak kabul etti\u011fimiz bir \u00fclkedir.\u201d dedi.<\/p>\n<p>Pakistan\u2019\u0131n bug\u00fcne kadar her daim KKTC ve K\u0131br\u0131s T\u00fcrk halk\u0131n\u0131n yan\u0131nda oldu\u011funu ifade eden Tatar, \u015funlar\u0131 kaydetti:<\/p>\n<p>\u201cAyr\u0131ca \u00fclkemizde Pakistan k\u00f6kenli karde\u015flerimiz de bulunmaktad\u0131r. KKTC\u2019yi vatan olarak se\u00e7mi\u015f, buraya yerle\u015fmi\u015f, burada \u00e7al\u0131\u015fan ve \u00fcreten insanlar\u0131m\u0131z vard\u0131r. Bu a\u00e7\u0131dan G\u00fcneydo\u011fu Asya\u2019daki bu son gerilim bizleri de ilgilendirmektedir. Hi\u00e7bir \u00fclkenin, hi\u00e7bir karma\u015f\u0131k ve tarihi sorunu tek yanl\u0131 askeri giri\u015fimlerle \u00e7\u00f6zmesi bug\u00fcn\u00fcn d\u00fcnyas\u0131nda m\u00fcmk\u00fcn de\u011fildir. Sivilleri ve sivil yerle\u015fimleri hedef alan bu t\u00fcr sald\u0131r\u0131lar\u0131n hi\u00e7bir olumlu sonucu olmam\u0131\u015ft\u0131r, olamaz da.\u201d dedi.<\/p>\n<\/p><\/div>\n<p><script async\n                    defer\n                    crossorigin=\"anonymous\"\n                    src=\"https:\/\/connect.facebook.net\/tr_TR\/sdk.js#xfbml=1&#038;version=v3.3\"\n            ><\/script><\/p>\n","protected":false},"excerpt":{"rendered":"<p>Cumhurba\u015fkan\u0131 Ersin Tatar, Hindistan\u2019\u0131n Pakistan\u2019a y\u00f6nelik tek yanl\u0131 sald\u0131r\u0131lar\u0131n\u0131n, Asya\u2019daki gerilimi artt\u0131rarak topyek\u00fbn bir sava\u015fa d\u00f6n\u00fc\u015ft\u00fcrmesi olas\u0131l\u0131\u011f\u0131n\u0131n b\u00fct\u00fcn d\u00fcnyay\u0131 gibi kendilerini de endi\u015feye sevk etti\u011fini kaydetti. Tatar, G\u00fcneydo\u011fu Asya\u2019daki gerginlik ve \u00e7at\u0131\u015fman\u0131n so\u011fukkanl\u0131l\u0131kla, diplomasiye imk\u00e2n tan\u0131yarak, m\u00fczakereler ve diyalogla a\u015f\u0131laca\u011f\u0131 bir anlay\u0131\u015f i\u00e7inde bir an \u00f6nce son bulmas\u0131n\u0131 temenni etti. Cumhurba\u015fkan\u0131 Tatar yaz\u0131l\u0131 a\u00e7\u0131klamas\u0131nda, \u201cPakistan<\/p>\n","protected":false},"author":1,"featured_media":81811,"comment_status":"open","ping_status":"open","sticky":false,"template":"","format":"standard","meta":{"footnotes":""},"categories":[81,101],"tags":[],"class_list":["post-81810","post","type-post","status-publish","format-standard","has-post-thumbnail","hentry","category-kibris","category-manset"],"yoast_head":"<!-- This site is optimized with the Yoast SEO plugin v27.5 - https:\/\/yoast.com\/product\/yoast-seo-wordpress\/ -->\n<title>Tatar:Hindistan\u2019\u0131n Pakistan\u2019a y\u00f6nelik tek yanl\u0131 sald\u0131r\u0131lar\u0131 b\u00fct\u00fcn d\u00fcnyay\u0131 gibi bizi de endi\u015feye sevk ediyor -<\/title>\n<meta name=\"robots\" content=\"index, follow, max-snippet:-1, max-image-preview:large, max-video-preview:-1\" \/>\n<link rel=\"canonical\" href=\"https:\/\/kibrisdakik.com\/?p=81810\" \/>\n<meta property=\"og:locale\" content=\"tr_TR\" \/>\n<meta property=\"og:type\" content=\"article\" \/>\n<meta property=\"og:title\" content=\"Tatar:Hindistan\u2019\u0131n Pakistan\u2019a y\u00f6nelik tek yanl\u0131 sald\u0131r\u0131lar\u0131 b\u00fct\u00fcn d\u00fcnyay\u0131 gibi bizi de endi\u015feye sevk ediyor -\" \/>\n<meta property=\"og:description\" content=\"Cumhurba\u015fkan\u0131 Ersin Tatar, Hindistan\u2019\u0131n Pakistan\u2019a y\u00f6nelik tek yanl\u0131 sald\u0131r\u0131lar\u0131n\u0131n, Asya\u2019daki gerilimi artt\u0131rarak topyek\u00fbn bir sava\u015fa d\u00f6n\u00fc\u015ft\u00fcrmesi olas\u0131l\u0131\u011f\u0131n\u0131n b\u00fct\u00fcn d\u00fcnyay\u0131 gibi kendilerini de endi\u015feye sevk etti\u011fini kaydetti. Tatar, G\u00fcneydo\u011fu Asya\u2019daki gerginlik ve \u00e7at\u0131\u015fman\u0131n so\u011fukkanl\u0131l\u0131kla, diplomasiye imk\u00e2n tan\u0131yarak, m\u00fczakereler ve diyalogla a\u015f\u0131laca\u011f\u0131 bir anlay\u0131\u015f i\u00e7inde bir an \u00f6nce son bulmas\u0131n\u0131 temenni etti. Cumhurba\u015fkan\u0131 Tatar yaz\u0131l\u0131 a\u00e7\u0131klamas\u0131nda, \u201cPakistan\" \/>\n<meta property=\"og:url\" content=\"https:\/\/kibrisdakik.com\/?p=81810\" \/>\n<meta property=\"article:published_time\" content=\"2025-05-08T14:23:30+00:00\" \/>\n<meta property=\"og:image\" content=\"https:\/\/kibrisdakik.com\/wp-content\/uploads\/2025\/05\/1746712768695tatar-740x400.jpg\" \/>\n\t<meta property=\"og:image:width\" content=\"805\" \/>\n\t<meta property=\"og:image:height\" content=\"400\" \/>\n\t<meta property=\"og:image:type\" content=\"image\/jpeg\" \/>\n<meta name=\"author\" content=\"admin\" \/>\n<meta name=\"twitter:card\" content=\"summary_large_image\" \/>\n<meta name=\"twitter:label1\" content=\"Yazan:\" \/>\n\t<meta name=\"twitter:data1\" content=\"admin\" \/>\n\t<meta name=\"twitter:label2\" content=\"Tahmini okuma s\u00fcresi\" \/>\n\t<meta name=\"twitter:data2\" content=\"1 dakika\" \/>\n<script type=\"application\/ld+json\" class=\"yoast-schema-graph\">{\"@context\":\"https:\\\/\\\/schema.org\",\"@graph\":[{\"@type\":\"Article\",\"@id\":\"https:\\\/\\\/kibrisdakik.com\\\/?p=81810#article\",\"isPartOf\":{\"@id\":\"https:\\\/\\\/kibrisdakik.com\\\/?p=81810\"},\"author\":{\"name\":\"admin\",\"@id\":\"https:\\\/\\\/kibrisdakik.com\\\/#\\\/schema\\\/person\\\/9cd9d437bbb44f72b73ba127e06d8e79\"},\"headline\":\"Tatar:Hindistan\u2019\u0131n Pakistan\u2019a y\u00f6nelik tek yanl\u0131 sald\u0131r\u0131lar\u0131 b\u00fct\u00fcn d\u00fcnyay\u0131 gibi bizi de endi\u015feye sevk ediyor\",\"datePublished\":\"2025-05-08T14:23:30+00:00\",\"mainEntityOfPage\":{\"@id\":\"https:\\\/\\\/kibrisdakik.com\\\/?p=81810\"},\"wordCount\":275,\"commentCount\":0,\"image\":{\"@id\":\"https:\\\/\\\/kibrisdakik.com\\\/?p=81810#primaryimage\"},\"thumbnailUrl\":\"https:\\\/\\\/kibrisdakik.com\\\/wp-content\\\/uploads\\\/2025\\\/05\\\/1746712768695tatar-740x400.jpg\",\"articleSection\":[\"K\u0131br\u0131s\",\"Man\u015fet\"],\"inLanguage\":\"tr\",\"potentialAction\":[{\"@type\":\"CommentAction\",\"name\":\"Comment\",\"target\":[\"https:\\\/\\\/kibrisdakik.com\\\/?p=81810#respond\"]}]},{\"@type\":\"WebPage\",\"@id\":\"https:\\\/\\\/kibrisdakik.com\\\/?p=81810\",\"url\":\"https:\\\/\\\/kibrisdakik.com\\\/?p=81810\",\"name\":\"Tatar:Hindistan\u2019\u0131n Pakistan\u2019a y\u00f6nelik tek yanl\u0131 sald\u0131r\u0131lar\u0131 b\u00fct\u00fcn d\u00fcnyay\u0131 gibi bizi de endi\u015feye sevk ediyor -\",\"isPartOf\":{\"@id\":\"https:\\\/\\\/kibrisdakik.com\\\/#website\"},\"primaryImageOfPage\":{\"@id\":\"https:\\\/\\\/kibrisdakik.com\\\/?p=81810#primaryimage\"},\"image\":{\"@id\":\"https:\\\/\\\/kibrisdakik.com\\\/?p=81810#primaryimage\"},\"thumbnailUrl\":\"https:\\\/\\\/kibrisdakik.com\\\/wp-content\\\/uploads\\\/2025\\\/05\\\/1746712768695tatar-740x400.jpg\",\"datePublished\":\"2025-05-08T14:23:30+00:00\",\"author\":{\"@id\":\"https:\\\/\\\/kibrisdakik.com\\\/#\\\/schema\\\/person\\\/9cd9d437bbb44f72b73ba127e06d8e79\"},\"breadcrumb\":{\"@id\":\"https:\\\/\\\/kibrisdakik.com\\\/?p=81810#breadcrumb\"},\"inLanguage\":\"tr\",\"potentialAction\":[{\"@type\":\"ReadAction\",\"target\":[\"https:\\\/\\\/kibrisdakik.com\\\/?p=81810\"]}]},{\"@type\":\"ImageObject\",\"inLanguage\":\"tr\",\"@id\":\"https:\\\/\\\/kibrisdakik.com\\\/?p=81810#primaryimage\",\"url\":\"https:\\\/\\\/kibrisdakik.com\\\/wp-content\\\/uploads\\\/2025\\\/05\\\/1746712768695tatar-740x400.jpg\",\"contentUrl\":\"https:\\\/\\\/kibrisdakik.com\\\/wp-content\\\/uploads\\\/2025\\\/05\\\/1746712768695tatar-740x400.jpg\",\"width\":805,\"height\":400},{\"@type\":\"BreadcrumbList\",\"@id\":\"https:\\\/\\\/kibrisdakik.com\\\/?p=81810#breadcrumb\",\"itemListElement\":[{\"@type\":\"ListItem\",\"position\":1,\"name\":\"Home\",\"item\":\"https:\\\/\\\/kibrisdakik.com\\\/\"},{\"@type\":\"ListItem\",\"position\":2,\"name\":\"Tatar:Hindistan\u2019\u0131n Pakistan\u2019a y\u00f6nelik tek yanl\u0131 sald\u0131r\u0131lar\u0131 b\u00fct\u00fcn d\u00fcnyay\u0131 gibi bizi de endi\u015feye sevk ediyor\"}]},{\"@type\":\"WebSite\",\"@id\":\"https:\\\/\\\/kibrisdakik.com\\\/#website\",\"url\":\"https:\\\/\\\/kibrisdakik.com\\\/\",\"name\":\"\",\"description\":\"Tam vaktinde haber\",\"potentialAction\":[{\"@type\":\"SearchAction\",\"target\":{\"@type\":\"EntryPoint\",\"urlTemplate\":\"https:\\\/\\\/kibrisdakik.com\\\/?s={search_term_string}\"},\"query-input\":{\"@type\":\"PropertyValueSpecification\",\"valueRequired\":true,\"valueName\":\"search_term_string\"}}],\"inLanguage\":\"tr\"},{\"@type\":\"Person\",\"@id\":\"https:\\\/\\\/kibrisdakik.com\\\/#\\\/schema\\\/person\\\/9cd9d437bbb44f72b73ba127e06d8e79\",\"name\":\"admin\",\"image\":{\"@type\":\"ImageObject\",\"inLanguage\":\"tr\",\"@id\":\"https:\\\/\\\/secure.gravatar.com\\\/avatar\\\/ccc17943b9d660506c869530f897617f7cb1c21a4bf30023f252596d83e1f007?s=96&d=mm&r=g\",\"url\":\"https:\\\/\\\/secure.gravatar.com\\\/avatar\\\/ccc17943b9d660506c869530f897617f7cb1c21a4bf30023f252596d83e1f007?s=96&d=mm&r=g\",\"contentUrl\":\"https:\\\/\\\/secure.gravatar.com\\\/avatar\\\/ccc17943b9d660506c869530f897617f7cb1c21a4bf30023f252596d83e1f007?s=96&d=mm&r=g\",\"caption\":\"admin\"},\"sameAs\":[\"https:\\\/\\\/kibrisdakik.com\"],\"url\":\"https:\\\/\\\/kibrisdakik.com\\\/?author=1\"}]}<\/script>\n<!-- \/ Yoast SEO plugin. -->","yoast_head_json":{"title":"Tatar:Hindistan\u2019\u0131n Pakistan\u2019a y\u00f6nelik tek yanl\u0131 sald\u0131r\u0131lar\u0131 b\u00fct\u00fcn d\u00fcnyay\u0131 gibi bizi de endi\u015feye sevk ediyor -","robots":{"index":"index","follow":"follow","max-snippet":"max-snippet:-1","max-image-preview":"max-image-preview:large","max-video-preview":"max-video-preview:-1"},"canonical":"https:\/\/kibrisdakik.com\/?p=81810","og_locale":"tr_TR","og_type":"article","og_title":"Tatar:Hindistan\u2019\u0131n Pakistan\u2019a y\u00f6nelik tek yanl\u0131 sald\u0131r\u0131lar\u0131 b\u00fct\u00fcn d\u00fcnyay\u0131 gibi bizi de endi\u015feye sevk ediyor -","og_description":"Cumhurba\u015fkan\u0131 Ersin Tatar, Hindistan\u2019\u0131n Pakistan\u2019a y\u00f6nelik tek yanl\u0131 sald\u0131r\u0131lar\u0131n\u0131n, Asya\u2019daki gerilimi artt\u0131rarak topyek\u00fbn bir sava\u015fa d\u00f6n\u00fc\u015ft\u00fcrmesi olas\u0131l\u0131\u011f\u0131n\u0131n b\u00fct\u00fcn d\u00fcnyay\u0131 gibi kendilerini de endi\u015feye sevk etti\u011fini kaydetti. Tatar, G\u00fcneydo\u011fu Asya\u2019daki gerginlik ve \u00e7at\u0131\u015fman\u0131n so\u011fukkanl\u0131l\u0131kla, diplomasiye imk\u00e2n tan\u0131yarak, m\u00fczakereler ve diyalogla a\u015f\u0131laca\u011f\u0131 bir anlay\u0131\u015f i\u00e7inde bir an \u00f6nce son bulmas\u0131n\u0131 temenni etti. Cumhurba\u015fkan\u0131 Tatar yaz\u0131l\u0131 a\u00e7\u0131klamas\u0131nda, \u201cPakistan","og_url":"https:\/\/kibrisdakik.com\/?p=81810","article_published_time":"2025-05-08T14:23:30+00:00","og_image":[{"width":805,"height":400,"url":"https:\/\/kibrisdakik.com\/wp-content\/uploads\/2025\/05\/1746712768695tatar-740x400.jpg","type":"image\/jpeg"}],"author":"admin","twitter_card":"summary_large_image","twitter_misc":{"Yazan:":"admin","Tahmini okuma s\u00fcresi":"1 dakika"},"schema":{"@context":"https:\/\/schema.org","@graph":[{"@type":"Article","@id":"https:\/\/kibrisdakik.com\/?p=81810#article","isPartOf":{"@id":"https:\/\/kibrisdakik.com\/?p=81810"},"author":{"name":"admin","@id":"https:\/\/kibrisdakik.com\/#\/schema\/person\/9cd9d437bbb44f72b73ba127e06d8e79"},"headline":"Tatar:Hindistan\u2019\u0131n Pakistan\u2019a y\u00f6nelik tek yanl\u0131 sald\u0131r\u0131lar\u0131 b\u00fct\u00fcn d\u00fcnyay\u0131 gibi bizi de endi\u015feye sevk ediyor","datePublished":"2025-05-08T14:23:30+00:00","mainEntityOfPage":{"@id":"https:\/\/kibrisdakik.com\/?p=81810"},"wordCount":275,"commentCount":0,"image":{"@id":"https:\/\/kibrisdakik.com\/?p=81810#primaryimage"},"thumbnailUrl":"https:\/\/kibrisdakik.com\/wp-content\/uploads\/2025\/05\/1746712768695tatar-740x400.jpg","articleSection":["K\u0131br\u0131s","Man\u015fet"],"inLanguage":"tr","potentialAction":[{"@type":"CommentAction","name":"Comment","target":["https:\/\/kibrisdakik.com\/?p=81810#respond"]}]},{"@type":"WebPage","@id":"https:\/\/kibrisdakik.com\/?p=81810","url":"https:\/\/kibrisdakik.com\/?p=81810","name":"Tatar:Hindistan\u2019\u0131n Pakistan\u2019a y\u00f6nelik tek yanl\u0131 sald\u0131r\u0131lar\u0131 b\u00fct\u00fcn d\u00fcnyay\u0131 gibi bizi de endi\u015feye sevk ediyor -","isPartOf":{"@id":"https:\/\/kibrisdakik.com\/#website"},"primaryImageOfPage":{"@id":"https:\/\/kibrisdakik.com\/?p=81810#primaryimage"},"image":{"@id":"https:\/\/kibrisdakik.com\/?p=81810#primaryimage"},"thumbnailUrl":"https:\/\/kibrisdakik.com\/wp-content\/uploads\/2025\/05\/1746712768695tatar-740x400.jpg","datePublished":"2025-05-08T14:23:30+00:00","author":{"@id":"https:\/\/kibrisdakik.com\/#\/schema\/person\/9cd9d437bbb44f72b73ba127e06d8e79"},"breadcrumb":{"@id":"https:\/\/kibrisdakik.com\/?p=81810#breadcrumb"},"inLanguage":"tr","potentialAction":[{"@type":"ReadAction","target":["https:\/\/kibrisdakik.com\/?p=81810"]}]},{"@type":"ImageObject","inLanguage":"tr","@id":"https:\/\/kibrisdakik.com\/?p=81810#primaryimage","url":"https:\/\/kibrisdakik.com\/wp-content\/uploads\/2025\/05\/1746712768695tatar-740x400.jpg","contentUrl":"https:\/\/kibrisdakik.com\/wp-content\/uploads\/2025\/05\/1746712768695tatar-740x400.jpg","width":805,"height":400},{"@type":"BreadcrumbList","@id":"https:\/\/kibrisdakik.com\/?p=81810#breadcrumb","itemListElement":[{"@type":"ListItem","position":1,"name":"Home","item":"https:\/\/kibrisdakik.com\/"},{"@type":"ListItem","position":2,"name":"Tatar:Hindistan\u2019\u0131n Pakistan\u2019a y\u00f6nelik tek yanl\u0131 sald\u0131r\u0131lar\u0131 b\u00fct\u00fcn d\u00fcnyay\u0131 gibi bizi de endi\u015feye sevk ediyor"}]},{"@type":"WebSite","@id":"https:\/\/kibrisdakik.com\/#website","url":"https:\/\/kibrisdakik.com\/","name":"","description":"Tam vaktinde haber","potentialAction":[{"@type":"SearchAction","target":{"@type":"EntryPoint","urlTemplate":"https:\/\/kibrisdakik.com\/?s={search_term_string}"},"query-input":{"@type":"PropertyValueSpecification","valueRequired":true,"valueName":"search_term_string"}}],"inLanguage":"tr"},{"@type":"Person","@id":"https:\/\/kibrisdakik.com\/#\/schema\/person\/9cd9d437bbb44f72b73ba127e06d8e79","name":"admin","image":{"@type":"ImageObject","inLanguage":"tr","@id":"https:\/\/secure.gravatar.com\/avatar\/ccc17943b9d660506c869530f897617f7cb1c21a4bf30023f252596d83e1f007?s=96&d=mm&r=g","url":"https:\/\/secure.gravatar.com\/avatar\/ccc17943b9d660506c869530f897617f7cb1c21a4bf30023f252596d83e1f007?s=96&d=mm&r=g","contentUrl":"https:\/\/secure.gravatar.com\/avatar\/ccc17943b9d660506c869530f897617f7cb1c21a4bf30023f252596d83e1f007?s=96&d=mm&r=g","caption":"admin"},"sameAs":["https:\/\/kibrisdakik.com"],"url":"https:\/\/kibrisdakik.com\/?author=1"}]}},"_links":{"self":[{"href":"https:\/\/kibrisdakik.com\/index.php?rest_route=\/wp\/v2\/posts\/81810","targetHints":{"allow":["GET"]}}],"collection":[{"href":"https:\/\/kibrisdakik.com\/index.php?rest_route=\/wp\/v2\/posts"}],"about":[{"href":"https:\/\/kibrisdakik.com\/index.php?rest_route=\/wp\/v2\/types\/post"}],"author":[{"embeddable":true,"href":"https:\/\/kibrisdakik.com\/index.php?rest_route=\/wp\/v2\/users\/1"}],"replies":[{"embeddable":true,"href":"https:\/\/kibrisdakik.com\/index.php?rest_route=%2Fwp%2Fv2%2Fcomments&post=81810"}],"version-history":[{"count":0,"href":"https:\/\/kibrisdakik.com\/index.php?rest_route=\/wp\/v2\/posts\/81810\/revisions"}],"wp:featuredmedia":[{"embeddable":true,"href":"https:\/\/kibrisdakik.com\/index.php?rest_route=\/wp\/v2\/media\/81811"}],"wp:attachment":[{"href":"https:\/\/kibrisdakik.com\/index.php?rest_route=%2Fwp%2Fv2%2Fmedia&parent=81810"}],"wp:term":[{"taxonomy":"category","embeddable":true,"href":"https:\/\/kibrisdakik.com\/index.php?rest_route=%2Fwp%2Fv2%2Fcategories&post=81810"},{"taxonomy":"post_tag","embeddable":true,"href":"https:\/\/kibrisdakik.com\/index.php?rest_route=%2Fwp%2Fv2%2Ftags&post=81810"}],"curies":[{"name":"wp","href":"https:\/\/api.w.org\/{rel}","templated":true}]}}