{"id":81844,"date":"2025-05-08T22:32:07","date_gmt":"2025-05-08T19:32:07","guid":{"rendered":"https:\/\/kibrisdakik.com\/index.php\/2025\/05\/08\/tatar-tdtye-uye-bazi-devletlerin-guneyde-temsilcilik-acmasi-veya-guneye-akredite-edilmesi-ab-baskilari-sonucu-gerceklesti\/"},"modified":"2025-05-08T22:32:07","modified_gmt":"2025-05-08T19:32:07","slug":"tatar-tdtye-uye-bazi-devletlerin-guneyde-temsilcilik-acmasi-veya-guneye-akredite-edilmesi-ab-baskilari-sonucu-gerceklesti","status":"publish","type":"post","link":"https:\/\/kibrisdakik.com\/?p=81844","title":{"rendered":"Tatar: \u201cTDT\u2019ye \u00fcye baz\u0131 devletlerin G\u00fcney\u2019de temsilcilik a\u00e7mas\u0131 veya G\u00fcney\u2019e akredite edilmesi AB bask\u0131lar\u0131 sonucu ger\u00e7ekle\u015fti\u201d"},"content":{"rendered":"<div>\n<div class=\"mariselle-image-container center\">\n                                            <\/div>\n<p>Cumhurba\u015fkan\u0131 Ersin Tatar, Nobel \u00f6d\u00fcll\u00fc T\u00fcrk bilim insan\u0131 Aziz Sancar ile g\u00f6r\u00fcnt\u00fcl\u00fc g\u00f6r\u00fc\u015fme ger\u00e7ekle\u015ftirdi.<\/p>\n<p>Cumhurba\u015fkan\u0131 Tatar, KKTC\u2019nin Anayasal ad\u0131yla T\u00fcrk Devletleri Te\u015fkilat\u0131\u2019na g\u00f6zlemci \u00fcye kabul edildi\u011fini, ancak AB\u2019nin, kendi kriterlerini siyasi \u00e7\u0131karlar u\u011fruna ihlal ederek \u00fcye yapt\u0131\u011f\u0131 K\u0131br\u0131s Rum taraf\u0131n\u0131n y\u00f6nlendirmesiyle yolumuza ta\u015f koymaya devam etti\u011fini belirtti. Cumhurba\u015fkan\u0131, AB i\u00e7erisinde her konuda veto hakk\u0131n\u0131 kullanabilmekte olan Rum liderli\u011finin Yunanistan\u2019la birlikte K\u0131br\u0131s T\u00fcrk\u00fcn\u00fc ma\u011fdur etmeye ve insan haklar\u0131n\u0131 ihlal etmeyi s\u00fcrd\u00fcrd\u00fc\u011f\u00fcne i\u015faret etti. Cumhurba\u015fkan\u0131 Tatar, \u201cG\u00f6zlemci \u00fcyeli\u011fimiz Semerkant\u2019ta oy birli\u011fi ile kabul edilmi\u015ftir. Ancak K\u0131br\u0131s T\u00fcrk Halk\u0131 karde\u015f \u00fclke Macaristan\u2019da temsil edilemiyor. Bunun nedeni Avrupa Birli\u011fi\u2019nin Rum yanl\u0131s\u0131 politikas\u0131d\u0131r. Avrupa Birli\u011fi bu \u00e7izgisi ile K\u0131br\u0131s konusunda herhangi bir olumlu rol alabilme kapasitesini yitirmi\u015ftir\u201d dedi.<\/p>\n<p>\u00a0<\/p>\n<p>G\u00fcney K\u0131br\u0131s\u2019ta a\u00e7\u0131lan veya akredite edilen TDT\u2019ye \u00fcye baz\u0131 devletlerin temsiliyeti konusuna da de\u011finen Cumhurba\u015fkan\u0131 Tatar, AB taraf\u0131ndan yap\u0131lan bask\u0131lar sonucu bunun ger\u00e7ekle\u015fti\u011fini belirtti.<\/p>\n<p>\u00a0<\/p>\n<p>\u201cBiz t\u00fcm bu haks\u0131zl\u0131klara ra\u011fmen hi\u00e7 y\u0131lmadan yolumuza devam edece\u011fiz. \u0130ki devletli \u00e7\u00f6z\u00fcm\u00fcn kabul edilmesi i\u00e7in t\u00fcm g\u00fcc\u00fcm\u00fczle \u00e7al\u0131\u015fmalar\u0131m\u0131z\u0131 s\u00fcrd\u00fcrece\u011fiz\u201d diyen Cumhurba\u015fkan\u0131 Tatar, Aziz Sancar\u2019a te\u015fekk\u00fcr ederek \u201cSizin varl\u0131\u011f\u0131n\u0131z, sesimiz olman\u0131z bize g\u00fc\u00e7 vermektedir\u201d dedi.<\/p>\n<p>\u00a0<\/p>\n<p>Prof. Dr. Aziz Sancar ise, iki hafta sonra Budape\u015fte\u2019de ger\u00e7ekle\u015fecek T\u00fcrk Devletleri Te\u015fkilat\u0131 toplant\u0131s\u0131na kat\u0131laca\u011f\u0131 bilgisini Cumhurba\u015fkan\u0131 Tatar ile payla\u015ft\u0131 ve bu toplant\u0131da T\u00fcrk Devletlerine Cumhurba\u015fkan\u0131\u2019n\u0131n mesaj\u0131n\u0131 iletece\u011fini s\u00f6yledi.<\/p>\n<p>\u00a0<\/p>\n<p>G\u00f6r\u00fc\u015fmede, Cumhurba\u015fkanl\u0131\u011f\u0131 Sa\u011fl\u0131k Dan\u0131\u015fman\u0131 ve Aziz Sancar\u2019\u0131n k\u0131z\u0131m diye hitap etti\u011fi manevi k\u0131z\u0131 Prof. Dr. Nedime Serak\u0131nc\u0131 da yer ald\u0131.<\/p>\n<\/p><\/div>\n<p><script async\n                    defer\n                    crossorigin=\"anonymous\"\n                    src=\"https:\/\/connect.facebook.net\/tr_TR\/sdk.js#xfbml=1&#038;version=v3.3\"\n            ><\/script><\/p>\n","protected":false},"excerpt":{"rendered":"<p>Cumhurba\u015fkan\u0131 Ersin Tatar, Nobel \u00f6d\u00fcll\u00fc T\u00fcrk bilim insan\u0131 Aziz Sancar ile g\u00f6r\u00fcnt\u00fcl\u00fc g\u00f6r\u00fc\u015fme ger\u00e7ekle\u015ftirdi. Cumhurba\u015fkan\u0131 Tatar, KKTC\u2019nin Anayasal ad\u0131yla T\u00fcrk Devletleri Te\u015fkilat\u0131\u2019na g\u00f6zlemci \u00fcye kabul edildi\u011fini, ancak AB\u2019nin, kendi kriterlerini siyasi \u00e7\u0131karlar u\u011fruna ihlal ederek \u00fcye yapt\u0131\u011f\u0131 K\u0131br\u0131s Rum taraf\u0131n\u0131n y\u00f6nlendirmesiyle yolumuza ta\u015f koymaya devam etti\u011fini belirtti. Cumhurba\u015fkan\u0131, AB i\u00e7erisinde her konuda veto hakk\u0131n\u0131 kullanabilmekte<\/p>\n","protected":false},"author":1,"featured_media":81843,"comment_status":"open","ping_status":"open","sticky":false,"template":"","format":"standard","meta":{"footnotes":""},"categories":[81,101],"tags":[],"class_list":["post-81844","post","type-post","status-publish","format-standard","has-post-thumbnail","hentry","category-kibris","category-manset"],"yoast_head":"<!-- This site is optimized with the Yoast SEO plugin v27.5 - https:\/\/yoast.com\/product\/yoast-seo-wordpress\/ -->\n<title>Tatar: \u201cTDT\u2019ye \u00fcye baz\u0131 devletlerin G\u00fcney\u2019de temsilcilik a\u00e7mas\u0131 veya G\u00fcney\u2019e akredite edilmesi AB bask\u0131lar\u0131 sonucu ger\u00e7ekle\u015fti\u201d -<\/title>\n<meta name=\"robots\" content=\"index, follow, max-snippet:-1, max-image-preview:large, max-video-preview:-1\" \/>\n<link rel=\"canonical\" href=\"https:\/\/kibrisdakik.com\/?p=81844\" \/>\n<meta property=\"og:locale\" content=\"tr_TR\" \/>\n<meta property=\"og:type\" content=\"article\" \/>\n<meta property=\"og:title\" content=\"Tatar: \u201cTDT\u2019ye \u00fcye baz\u0131 devletlerin G\u00fcney\u2019de temsilcilik a\u00e7mas\u0131 veya G\u00fcney\u2019e akredite edilmesi AB bask\u0131lar\u0131 sonucu ger\u00e7ekle\u015fti\u201d -\" \/>\n<meta property=\"og:description\" content=\"Cumhurba\u015fkan\u0131 Ersin Tatar, Nobel \u00f6d\u00fcll\u00fc T\u00fcrk bilim insan\u0131 Aziz Sancar ile g\u00f6r\u00fcnt\u00fcl\u00fc g\u00f6r\u00fc\u015fme ger\u00e7ekle\u015ftirdi. Cumhurba\u015fkan\u0131 Tatar, KKTC\u2019nin Anayasal ad\u0131yla T\u00fcrk Devletleri Te\u015fkilat\u0131\u2019na g\u00f6zlemci \u00fcye kabul edildi\u011fini, ancak AB\u2019nin, kendi kriterlerini siyasi \u00e7\u0131karlar u\u011fruna ihlal ederek \u00fcye yapt\u0131\u011f\u0131 K\u0131br\u0131s Rum taraf\u0131n\u0131n y\u00f6nlendirmesiyle yolumuza ta\u015f koymaya devam etti\u011fini belirtti. Cumhurba\u015fkan\u0131, AB i\u00e7erisinde her konuda veto hakk\u0131n\u0131 kullanabilmekte\" \/>\n<meta property=\"og:url\" content=\"https:\/\/kibrisdakik.com\/?p=81844\" \/>\n<meta property=\"article:published_time\" content=\"2025-05-08T19:32:07+00:00\" \/>\n<meta property=\"og:image\" content=\"https:\/\/kibrisdakik.com\/wp-content\/uploads\/2025\/05\/InShot_20250508_224017955-scaled-740x420.jpg\" \/>\n\t<meta property=\"og:image:width\" content=\"2560\" \/>\n\t<meta property=\"og:image:height\" content=\"1439\" \/>\n\t<meta property=\"og:image:type\" content=\"image\/jpeg\" \/>\n<meta name=\"author\" content=\"admin\" \/>\n<meta name=\"twitter:card\" content=\"summary_large_image\" \/>\n<meta name=\"twitter:label1\" content=\"Yazan:\" \/>\n\t<meta name=\"twitter:data1\" content=\"admin\" \/>\n\t<meta name=\"twitter:label2\" content=\"Tahmini okuma s\u00fcresi\" \/>\n\t<meta name=\"twitter:data2\" content=\"2 dakika\" \/>\n<script type=\"application\/ld+json\" class=\"yoast-schema-graph\">{\"@context\":\"https:\\\/\\\/schema.org\",\"@graph\":[{\"@type\":\"Article\",\"@id\":\"https:\\\/\\\/kibrisdakik.com\\\/?p=81844#article\",\"isPartOf\":{\"@id\":\"https:\\\/\\\/kibrisdakik.com\\\/?p=81844\"},\"author\":{\"name\":\"admin\",\"@id\":\"https:\\\/\\\/kibrisdakik.com\\\/#\\\/schema\\\/person\\\/9cd9d437bbb44f72b73ba127e06d8e79\"},\"headline\":\"Tatar: \u201cTDT\u2019ye \u00fcye baz\u0131 devletlerin G\u00fcney\u2019de temsilcilik a\u00e7mas\u0131 veya G\u00fcney\u2019e akredite edilmesi AB bask\u0131lar\u0131 sonucu ger\u00e7ekle\u015fti\u201d\",\"datePublished\":\"2025-05-08T19:32:07+00:00\",\"mainEntityOfPage\":{\"@id\":\"https:\\\/\\\/kibrisdakik.com\\\/?p=81844\"},\"wordCount\":377,\"commentCount\":0,\"image\":{\"@id\":\"https:\\\/\\\/kibrisdakik.com\\\/?p=81844#primaryimage\"},\"thumbnailUrl\":\"https:\\\/\\\/kibrisdakik.com\\\/wp-content\\\/uploads\\\/2025\\\/05\\\/InShot_20250508_224017955-scaled-740x420.jpg\",\"articleSection\":[\"K\u0131br\u0131s\",\"Man\u015fet\"],\"inLanguage\":\"tr\",\"potentialAction\":[{\"@type\":\"CommentAction\",\"name\":\"Comment\",\"target\":[\"https:\\\/\\\/kibrisdakik.com\\\/?p=81844#respond\"]}]},{\"@type\":\"WebPage\",\"@id\":\"https:\\\/\\\/kibrisdakik.com\\\/?p=81844\",\"url\":\"https:\\\/\\\/kibrisdakik.com\\\/?p=81844\",\"name\":\"Tatar: \u201cTDT\u2019ye \u00fcye baz\u0131 devletlerin G\u00fcney\u2019de temsilcilik a\u00e7mas\u0131 veya G\u00fcney\u2019e akredite edilmesi AB bask\u0131lar\u0131 sonucu ger\u00e7ekle\u015fti\u201d -\",\"isPartOf\":{\"@id\":\"https:\\\/\\\/kibrisdakik.com\\\/#website\"},\"primaryImageOfPage\":{\"@id\":\"https:\\\/\\\/kibrisdakik.com\\\/?p=81844#primaryimage\"},\"image\":{\"@id\":\"https:\\\/\\\/kibrisdakik.com\\\/?p=81844#primaryimage\"},\"thumbnailUrl\":\"https:\\\/\\\/kibrisdakik.com\\\/wp-content\\\/uploads\\\/2025\\\/05\\\/InShot_20250508_224017955-scaled-740x420.jpg\",\"datePublished\":\"2025-05-08T19:32:07+00:00\",\"author\":{\"@id\":\"https:\\\/\\\/kibrisdakik.com\\\/#\\\/schema\\\/person\\\/9cd9d437bbb44f72b73ba127e06d8e79\"},\"breadcrumb\":{\"@id\":\"https:\\\/\\\/kibrisdakik.com\\\/?p=81844#breadcrumb\"},\"inLanguage\":\"tr\",\"potentialAction\":[{\"@type\":\"ReadAction\",\"target\":[\"https:\\\/\\\/kibrisdakik.com\\\/?p=81844\"]}]},{\"@type\":\"ImageObject\",\"inLanguage\":\"tr\",\"@id\":\"https:\\\/\\\/kibrisdakik.com\\\/?p=81844#primaryimage\",\"url\":\"https:\\\/\\\/kibrisdakik.com\\\/wp-content\\\/uploads\\\/2025\\\/05\\\/InShot_20250508_224017955-scaled-740x420.jpg\",\"contentUrl\":\"https:\\\/\\\/kibrisdakik.com\\\/wp-content\\\/uploads\\\/2025\\\/05\\\/InShot_20250508_224017955-scaled-740x420.jpg\",\"width\":2560,\"height\":1439},{\"@type\":\"BreadcrumbList\",\"@id\":\"https:\\\/\\\/kibrisdakik.com\\\/?p=81844#breadcrumb\",\"itemListElement\":[{\"@type\":\"ListItem\",\"position\":1,\"name\":\"Home\",\"item\":\"https:\\\/\\\/kibrisdakik.com\\\/\"},{\"@type\":\"ListItem\",\"position\":2,\"name\":\"Tatar: \u201cTDT\u2019ye \u00fcye baz\u0131 devletlerin G\u00fcney\u2019de temsilcilik a\u00e7mas\u0131 veya G\u00fcney\u2019e akredite edilmesi AB bask\u0131lar\u0131 sonucu ger\u00e7ekle\u015fti\u201d\"}]},{\"@type\":\"WebSite\",\"@id\":\"https:\\\/\\\/kibrisdakik.com\\\/#website\",\"url\":\"https:\\\/\\\/kibrisdakik.com\\\/\",\"name\":\"\",\"description\":\"Tam vaktinde haber\",\"potentialAction\":[{\"@type\":\"SearchAction\",\"target\":{\"@type\":\"EntryPoint\",\"urlTemplate\":\"https:\\\/\\\/kibrisdakik.com\\\/?s={search_term_string}\"},\"query-input\":{\"@type\":\"PropertyValueSpecification\",\"valueRequired\":true,\"valueName\":\"search_term_string\"}}],\"inLanguage\":\"tr\"},{\"@type\":\"Person\",\"@id\":\"https:\\\/\\\/kibrisdakik.com\\\/#\\\/schema\\\/person\\\/9cd9d437bbb44f72b73ba127e06d8e79\",\"name\":\"admin\",\"image\":{\"@type\":\"ImageObject\",\"inLanguage\":\"tr\",\"@id\":\"https:\\\/\\\/secure.gravatar.com\\\/avatar\\\/ccc17943b9d660506c869530f897617f7cb1c21a4bf30023f252596d83e1f007?s=96&d=mm&r=g\",\"url\":\"https:\\\/\\\/secure.gravatar.com\\\/avatar\\\/ccc17943b9d660506c869530f897617f7cb1c21a4bf30023f252596d83e1f007?s=96&d=mm&r=g\",\"contentUrl\":\"https:\\\/\\\/secure.gravatar.com\\\/avatar\\\/ccc17943b9d660506c869530f897617f7cb1c21a4bf30023f252596d83e1f007?s=96&d=mm&r=g\",\"caption\":\"admin\"},\"sameAs\":[\"https:\\\/\\\/kibrisdakik.com\"],\"url\":\"https:\\\/\\\/kibrisdakik.com\\\/?author=1\"}]}<\/script>\n<!-- \/ Yoast SEO plugin. -->","yoast_head_json":{"title":"Tatar: \u201cTDT\u2019ye \u00fcye baz\u0131 devletlerin G\u00fcney\u2019de temsilcilik a\u00e7mas\u0131 veya G\u00fcney\u2019e akredite edilmesi AB bask\u0131lar\u0131 sonucu ger\u00e7ekle\u015fti\u201d -","robots":{"index":"index","follow":"follow","max-snippet":"max-snippet:-1","max-image-preview":"max-image-preview:large","max-video-preview":"max-video-preview:-1"},"canonical":"https:\/\/kibrisdakik.com\/?p=81844","og_locale":"tr_TR","og_type":"article","og_title":"Tatar: \u201cTDT\u2019ye \u00fcye baz\u0131 devletlerin G\u00fcney\u2019de temsilcilik a\u00e7mas\u0131 veya G\u00fcney\u2019e akredite edilmesi AB bask\u0131lar\u0131 sonucu ger\u00e7ekle\u015fti\u201d -","og_description":"Cumhurba\u015fkan\u0131 Ersin Tatar, Nobel \u00f6d\u00fcll\u00fc T\u00fcrk bilim insan\u0131 Aziz Sancar ile g\u00f6r\u00fcnt\u00fcl\u00fc g\u00f6r\u00fc\u015fme ger\u00e7ekle\u015ftirdi. Cumhurba\u015fkan\u0131 Tatar, KKTC\u2019nin Anayasal ad\u0131yla T\u00fcrk Devletleri Te\u015fkilat\u0131\u2019na g\u00f6zlemci \u00fcye kabul edildi\u011fini, ancak AB\u2019nin, kendi kriterlerini siyasi \u00e7\u0131karlar u\u011fruna ihlal ederek \u00fcye yapt\u0131\u011f\u0131 K\u0131br\u0131s Rum taraf\u0131n\u0131n y\u00f6nlendirmesiyle yolumuza ta\u015f koymaya devam etti\u011fini belirtti. Cumhurba\u015fkan\u0131, AB i\u00e7erisinde her konuda veto hakk\u0131n\u0131 kullanabilmekte","og_url":"https:\/\/kibrisdakik.com\/?p=81844","article_published_time":"2025-05-08T19:32:07+00:00","og_image":[{"width":2560,"height":1439,"url":"https:\/\/kibrisdakik.com\/wp-content\/uploads\/2025\/05\/InShot_20250508_224017955-scaled-740x420.jpg","type":"image\/jpeg"}],"author":"admin","twitter_card":"summary_large_image","twitter_misc":{"Yazan:":"admin","Tahmini okuma s\u00fcresi":"2 dakika"},"schema":{"@context":"https:\/\/schema.org","@graph":[{"@type":"Article","@id":"https:\/\/kibrisdakik.com\/?p=81844#article","isPartOf":{"@id":"https:\/\/kibrisdakik.com\/?p=81844"},"author":{"name":"admin","@id":"https:\/\/kibrisdakik.com\/#\/schema\/person\/9cd9d437bbb44f72b73ba127e06d8e79"},"headline":"Tatar: \u201cTDT\u2019ye \u00fcye baz\u0131 devletlerin G\u00fcney\u2019de temsilcilik a\u00e7mas\u0131 veya G\u00fcney\u2019e akredite edilmesi AB bask\u0131lar\u0131 sonucu ger\u00e7ekle\u015fti\u201d","datePublished":"2025-05-08T19:32:07+00:00","mainEntityOfPage":{"@id":"https:\/\/kibrisdakik.com\/?p=81844"},"wordCount":377,"commentCount":0,"image":{"@id":"https:\/\/kibrisdakik.com\/?p=81844#primaryimage"},"thumbnailUrl":"https:\/\/kibrisdakik.com\/wp-content\/uploads\/2025\/05\/InShot_20250508_224017955-scaled-740x420.jpg","articleSection":["K\u0131br\u0131s","Man\u015fet"],"inLanguage":"tr","potentialAction":[{"@type":"CommentAction","name":"Comment","target":["https:\/\/kibrisdakik.com\/?p=81844#respond"]}]},{"@type":"WebPage","@id":"https:\/\/kibrisdakik.com\/?p=81844","url":"https:\/\/kibrisdakik.com\/?p=81844","name":"Tatar: \u201cTDT\u2019ye \u00fcye baz\u0131 devletlerin G\u00fcney\u2019de temsilcilik a\u00e7mas\u0131 veya G\u00fcney\u2019e akredite edilmesi AB bask\u0131lar\u0131 sonucu ger\u00e7ekle\u015fti\u201d -","isPartOf":{"@id":"https:\/\/kibrisdakik.com\/#website"},"primaryImageOfPage":{"@id":"https:\/\/kibrisdakik.com\/?p=81844#primaryimage"},"image":{"@id":"https:\/\/kibrisdakik.com\/?p=81844#primaryimage"},"thumbnailUrl":"https:\/\/kibrisdakik.com\/wp-content\/uploads\/2025\/05\/InShot_20250508_224017955-scaled-740x420.jpg","datePublished":"2025-05-08T19:32:07+00:00","author":{"@id":"https:\/\/kibrisdakik.com\/#\/schema\/person\/9cd9d437bbb44f72b73ba127e06d8e79"},"breadcrumb":{"@id":"https:\/\/kibrisdakik.com\/?p=81844#breadcrumb"},"inLanguage":"tr","potentialAction":[{"@type":"ReadAction","target":["https:\/\/kibrisdakik.com\/?p=81844"]}]},{"@type":"ImageObject","inLanguage":"tr","@id":"https:\/\/kibrisdakik.com\/?p=81844#primaryimage","url":"https:\/\/kibrisdakik.com\/wp-content\/uploads\/2025\/05\/InShot_20250508_224017955-scaled-740x420.jpg","contentUrl":"https:\/\/kibrisdakik.com\/wp-content\/uploads\/2025\/05\/InShot_20250508_224017955-scaled-740x420.jpg","width":2560,"height":1439},{"@type":"BreadcrumbList","@id":"https:\/\/kibrisdakik.com\/?p=81844#breadcrumb","itemListElement":[{"@type":"ListItem","position":1,"name":"Home","item":"https:\/\/kibrisdakik.com\/"},{"@type":"ListItem","position":2,"name":"Tatar: \u201cTDT\u2019ye \u00fcye baz\u0131 devletlerin G\u00fcney\u2019de temsilcilik a\u00e7mas\u0131 veya G\u00fcney\u2019e akredite edilmesi AB bask\u0131lar\u0131 sonucu ger\u00e7ekle\u015fti\u201d"}]},{"@type":"WebSite","@id":"https:\/\/kibrisdakik.com\/#website","url":"https:\/\/kibrisdakik.com\/","name":"","description":"Tam vaktinde haber","potentialAction":[{"@type":"SearchAction","target":{"@type":"EntryPoint","urlTemplate":"https:\/\/kibrisdakik.com\/?s={search_term_string}"},"query-input":{"@type":"PropertyValueSpecification","valueRequired":true,"valueName":"search_term_string"}}],"inLanguage":"tr"},{"@type":"Person","@id":"https:\/\/kibrisdakik.com\/#\/schema\/person\/9cd9d437bbb44f72b73ba127e06d8e79","name":"admin","image":{"@type":"ImageObject","inLanguage":"tr","@id":"https:\/\/secure.gravatar.com\/avatar\/ccc17943b9d660506c869530f897617f7cb1c21a4bf30023f252596d83e1f007?s=96&d=mm&r=g","url":"https:\/\/secure.gravatar.com\/avatar\/ccc17943b9d660506c869530f897617f7cb1c21a4bf30023f252596d83e1f007?s=96&d=mm&r=g","contentUrl":"https:\/\/secure.gravatar.com\/avatar\/ccc17943b9d660506c869530f897617f7cb1c21a4bf30023f252596d83e1f007?s=96&d=mm&r=g","caption":"admin"},"sameAs":["https:\/\/kibrisdakik.com"],"url":"https:\/\/kibrisdakik.com\/?author=1"}]}},"_links":{"self":[{"href":"https:\/\/kibrisdakik.com\/index.php?rest_route=\/wp\/v2\/posts\/81844","targetHints":{"allow":["GET"]}}],"collection":[{"href":"https:\/\/kibrisdakik.com\/index.php?rest_route=\/wp\/v2\/posts"}],"about":[{"href":"https:\/\/kibrisdakik.com\/index.php?rest_route=\/wp\/v2\/types\/post"}],"author":[{"embeddable":true,"href":"https:\/\/kibrisdakik.com\/index.php?rest_route=\/wp\/v2\/users\/1"}],"replies":[{"embeddable":true,"href":"https:\/\/kibrisdakik.com\/index.php?rest_route=%2Fwp%2Fv2%2Fcomments&post=81844"}],"version-history":[{"count":0,"href":"https:\/\/kibrisdakik.com\/index.php?rest_route=\/wp\/v2\/posts\/81844\/revisions"}],"wp:featuredmedia":[{"embeddable":true,"href":"https:\/\/kibrisdakik.com\/index.php?rest_route=\/wp\/v2\/media\/81843"}],"wp:attachment":[{"href":"https:\/\/kibrisdakik.com\/index.php?rest_route=%2Fwp%2Fv2%2Fmedia&parent=81844"}],"wp:term":[{"taxonomy":"category","embeddable":true,"href":"https:\/\/kibrisdakik.com\/index.php?rest_route=%2Fwp%2Fv2%2Fcategories&post=81844"},{"taxonomy":"post_tag","embeddable":true,"href":"https:\/\/kibrisdakik.com\/index.php?rest_route=%2Fwp%2Fv2%2Ftags&post=81844"}],"curies":[{"name":"wp","href":"https:\/\/api.w.org\/{rel}","templated":true}]}}