{"id":81858,"date":"2025-05-09T09:43:38","date_gmt":"2025-05-09T06:43:38","guid":{"rendered":"https:\/\/kibrisdakik.com\/index.php\/2025\/05\/09\/disisleri-bakanligi-hindistanin-sivilleri-hedef-alan-saldirilari-kiniyoruz\/"},"modified":"2025-05-09T09:43:38","modified_gmt":"2025-05-09T06:43:38","slug":"disisleri-bakanligi-hindistanin-sivilleri-hedef-alan-saldirilari-kiniyoruz","status":"publish","type":"post","link":"https:\/\/kibrisdakik.com\/?p=81858","title":{"rendered":"D\u0131\u015fi\u015fleri Bakanl\u0131\u011f\u0131: Hindistan\u2019\u0131n sivilleri hedef alan sald\u0131r\u0131lar\u0131 k\u0131n\u0131yoruz"},"content":{"rendered":"<div>\n<div class=\"mariselle-image-container center\">\n                                            <\/div>\n<p>D\u0131\u015fi\u015fleri Bakanl\u0131\u011f\u0131 7 May\u0131s\u2019ta Hindistan taraf\u0131ndan Pakistan\u2019a y\u00f6nelik d\u00fczenlenen, sivilleri ve sivil altyap\u0131y\u0131 hedef alan sald\u0131r\u0131lar\u0131 k\u0131nad\u0131.<\/p>\n<p>Bakanl\u0131ktan yap\u0131lan a\u00e7\u0131klamada \u201cB\u00f6lgedeki tansiyonun bir an \u00f6nce d\u00fc\u015f\u00fcr\u00fclmesini teminen gerekli tedbirlerin al\u0131nmas\u0131n\u0131 ve benzer olaylar\u0131n bir daha ya\u015fanmamas\u0131n\u0131 temenni ediyoruz. Bu zor g\u00fcnlerde, karde\u015f Pakistan\u2019\u0131n yan\u0131nda oldu\u011fumuzu ifade etmek istiyoruz\u201d denildi.<\/p>\n<\/p><\/div>\n<p><script async\n                    defer\n                    crossorigin=\"anonymous\"\n                    src=\"https:\/\/connect.facebook.net\/tr_TR\/sdk.js#xfbml=1&#038;version=v3.3\"\n            ><\/script><\/p>\n","protected":false},"excerpt":{"rendered":"<p>D\u0131\u015fi\u015fleri Bakanl\u0131\u011f\u0131 7 May\u0131s\u2019ta Hindistan taraf\u0131ndan Pakistan\u2019a y\u00f6nelik d\u00fczenlenen, sivilleri ve sivil altyap\u0131y\u0131 hedef alan sald\u0131r\u0131lar\u0131 k\u0131nad\u0131. Bakanl\u0131ktan yap\u0131lan a\u00e7\u0131klamada \u201cB\u00f6lgedeki tansiyonun bir an \u00f6nce d\u00fc\u015f\u00fcr\u00fclmesini teminen gerekli tedbirlerin al\u0131nmas\u0131n\u0131 ve benzer olaylar\u0131n bir daha ya\u015fanmamas\u0131n\u0131 temenni ediyoruz. Bu zor g\u00fcnlerde, karde\u015f Pakistan\u2019\u0131n yan\u0131nda oldu\u011fumuzu ifade etmek istiyoruz\u201d denildi.<\/p>\n","protected":false},"author":1,"featured_media":3661,"comment_status":"open","ping_status":"open","sticky":false,"template":"","format":"standard","meta":{"footnotes":""},"categories":[81,101],"tags":[],"class_list":["post-81858","post","type-post","status-publish","format-standard","has-post-thumbnail","hentry","category-kibris","category-manset"],"yoast_head":"<!-- This site is optimized with the Yoast SEO plugin v27.4 - https:\/\/yoast.com\/product\/yoast-seo-wordpress\/ -->\n<title>D\u0131\u015fi\u015fleri Bakanl\u0131\u011f\u0131: Hindistan\u2019\u0131n sivilleri hedef alan sald\u0131r\u0131lar\u0131 k\u0131n\u0131yoruz -<\/title>\n<meta name=\"robots\" content=\"index, follow, max-snippet:-1, max-image-preview:large, max-video-preview:-1\" \/>\n<link rel=\"canonical\" href=\"https:\/\/kibrisdakik.com\/?p=81858\" \/>\n<meta property=\"og:locale\" content=\"tr_TR\" \/>\n<meta property=\"og:type\" content=\"article\" \/>\n<meta property=\"og:title\" content=\"D\u0131\u015fi\u015fleri Bakanl\u0131\u011f\u0131: Hindistan\u2019\u0131n sivilleri hedef alan sald\u0131r\u0131lar\u0131 k\u0131n\u0131yoruz -\" \/>\n<meta property=\"og:description\" content=\"D\u0131\u015fi\u015fleri Bakanl\u0131\u011f\u0131 7 May\u0131s\u2019ta Hindistan taraf\u0131ndan Pakistan\u2019a y\u00f6nelik d\u00fczenlenen, sivilleri ve sivil altyap\u0131y\u0131 hedef alan sald\u0131r\u0131lar\u0131 k\u0131nad\u0131. Bakanl\u0131ktan yap\u0131lan a\u00e7\u0131klamada \u201cB\u00f6lgedeki tansiyonun bir an \u00f6nce d\u00fc\u015f\u00fcr\u00fclmesini teminen gerekli tedbirlerin al\u0131nmas\u0131n\u0131 ve benzer olaylar\u0131n bir daha ya\u015fanmamas\u0131n\u0131 temenni ediyoruz. Bu zor g\u00fcnlerde, karde\u015f Pakistan\u2019\u0131n yan\u0131nda oldu\u011fumuzu ifade etmek istiyoruz\u201d denildi.\" \/>\n<meta property=\"og:url\" content=\"https:\/\/kibrisdakik.com\/?p=81858\" \/>\n<meta property=\"article:published_time\" content=\"2025-05-09T06:43:38+00:00\" \/>\n<meta property=\"og:image\" content=\"https:\/\/kibrisdakik.com\/wp-content\/uploads\/2023\/03\/disisleri-bakanligi-740x314.jpg\" \/>\n\t<meta property=\"og:image:width\" content=\"851\" \/>\n\t<meta property=\"og:image:height\" content=\"314\" \/>\n\t<meta property=\"og:image:type\" content=\"image\/jpeg\" \/>\n<meta name=\"author\" content=\"admin\" \/>\n<meta name=\"twitter:card\" content=\"summary_large_image\" \/>\n<meta name=\"twitter:label1\" content=\"Yazan:\" \/>\n\t<meta name=\"twitter:data1\" content=\"admin\" \/>\n<script type=\"application\/ld+json\" class=\"yoast-schema-graph\">{\"@context\":\"https:\\\/\\\/schema.org\",\"@graph\":[{\"@type\":\"Article\",\"@id\":\"https:\\\/\\\/kibrisdakik.com\\\/?p=81858#article\",\"isPartOf\":{\"@id\":\"https:\\\/\\\/kibrisdakik.com\\\/?p=81858\"},\"author\":{\"name\":\"admin\",\"@id\":\"https:\\\/\\\/kibrisdakik.com\\\/#\\\/schema\\\/person\\\/9cd9d437bbb44f72b73ba127e06d8e79\"},\"headline\":\"D\u0131\u015fi\u015fleri Bakanl\u0131\u011f\u0131: Hindistan\u2019\u0131n sivilleri hedef alan sald\u0131r\u0131lar\u0131 k\u0131n\u0131yoruz\",\"datePublished\":\"2025-05-09T06:43:38+00:00\",\"mainEntityOfPage\":{\"@id\":\"https:\\\/\\\/kibrisdakik.com\\\/?p=81858\"},\"wordCount\":90,\"commentCount\":0,\"image\":{\"@id\":\"https:\\\/\\\/kibrisdakik.com\\\/?p=81858#primaryimage\"},\"thumbnailUrl\":\"https:\\\/\\\/kibrisdakik.com\\\/wp-content\\\/uploads\\\/2023\\\/03\\\/disisleri-bakanligi-740x314.jpg\",\"articleSection\":[\"K\u0131br\u0131s\",\"Man\u015fet\"],\"inLanguage\":\"tr\",\"potentialAction\":[{\"@type\":\"CommentAction\",\"name\":\"Comment\",\"target\":[\"https:\\\/\\\/kibrisdakik.com\\\/?p=81858#respond\"]}]},{\"@type\":\"WebPage\",\"@id\":\"https:\\\/\\\/kibrisdakik.com\\\/?p=81858\",\"url\":\"https:\\\/\\\/kibrisdakik.com\\\/?p=81858\",\"name\":\"D\u0131\u015fi\u015fleri Bakanl\u0131\u011f\u0131: Hindistan\u2019\u0131n sivilleri hedef alan sald\u0131r\u0131lar\u0131 k\u0131n\u0131yoruz -\",\"isPartOf\":{\"@id\":\"https:\\\/\\\/kibrisdakik.com\\\/#website\"},\"primaryImageOfPage\":{\"@id\":\"https:\\\/\\\/kibrisdakik.com\\\/?p=81858#primaryimage\"},\"image\":{\"@id\":\"https:\\\/\\\/kibrisdakik.com\\\/?p=81858#primaryimage\"},\"thumbnailUrl\":\"https:\\\/\\\/kibrisdakik.com\\\/wp-content\\\/uploads\\\/2023\\\/03\\\/disisleri-bakanligi-740x314.jpg\",\"datePublished\":\"2025-05-09T06:43:38+00:00\",\"author\":{\"@id\":\"https:\\\/\\\/kibrisdakik.com\\\/#\\\/schema\\\/person\\\/9cd9d437bbb44f72b73ba127e06d8e79\"},\"breadcrumb\":{\"@id\":\"https:\\\/\\\/kibrisdakik.com\\\/?p=81858#breadcrumb\"},\"inLanguage\":\"tr\",\"potentialAction\":[{\"@type\":\"ReadAction\",\"target\":[\"https:\\\/\\\/kibrisdakik.com\\\/?p=81858\"]}]},{\"@type\":\"ImageObject\",\"inLanguage\":\"tr\",\"@id\":\"https:\\\/\\\/kibrisdakik.com\\\/?p=81858#primaryimage\",\"url\":\"https:\\\/\\\/kibrisdakik.com\\\/wp-content\\\/uploads\\\/2023\\\/03\\\/disisleri-bakanligi-740x314.jpg\",\"contentUrl\":\"https:\\\/\\\/kibrisdakik.com\\\/wp-content\\\/uploads\\\/2023\\\/03\\\/disisleri-bakanligi-740x314.jpg\",\"width\":851,\"height\":314},{\"@type\":\"BreadcrumbList\",\"@id\":\"https:\\\/\\\/kibrisdakik.com\\\/?p=81858#breadcrumb\",\"itemListElement\":[{\"@type\":\"ListItem\",\"position\":1,\"name\":\"Home\",\"item\":\"https:\\\/\\\/kibrisdakik.com\\\/\"},{\"@type\":\"ListItem\",\"position\":2,\"name\":\"D\u0131\u015fi\u015fleri Bakanl\u0131\u011f\u0131: Hindistan\u2019\u0131n sivilleri hedef alan sald\u0131r\u0131lar\u0131 k\u0131n\u0131yoruz\"}]},{\"@type\":\"WebSite\",\"@id\":\"https:\\\/\\\/kibrisdakik.com\\\/#website\",\"url\":\"https:\\\/\\\/kibrisdakik.com\\\/\",\"name\":\"\",\"description\":\"Tam vaktinde haber\",\"potentialAction\":[{\"@type\":\"SearchAction\",\"target\":{\"@type\":\"EntryPoint\",\"urlTemplate\":\"https:\\\/\\\/kibrisdakik.com\\\/?s={search_term_string}\"},\"query-input\":{\"@type\":\"PropertyValueSpecification\",\"valueRequired\":true,\"valueName\":\"search_term_string\"}}],\"inLanguage\":\"tr\"},{\"@type\":\"Person\",\"@id\":\"https:\\\/\\\/kibrisdakik.com\\\/#\\\/schema\\\/person\\\/9cd9d437bbb44f72b73ba127e06d8e79\",\"name\":\"admin\",\"image\":{\"@type\":\"ImageObject\",\"inLanguage\":\"tr\",\"@id\":\"https:\\\/\\\/secure.gravatar.com\\\/avatar\\\/ccc17943b9d660506c869530f897617f7cb1c21a4bf30023f252596d83e1f007?s=96&d=mm&r=g\",\"url\":\"https:\\\/\\\/secure.gravatar.com\\\/avatar\\\/ccc17943b9d660506c869530f897617f7cb1c21a4bf30023f252596d83e1f007?s=96&d=mm&r=g\",\"contentUrl\":\"https:\\\/\\\/secure.gravatar.com\\\/avatar\\\/ccc17943b9d660506c869530f897617f7cb1c21a4bf30023f252596d83e1f007?s=96&d=mm&r=g\",\"caption\":\"admin\"},\"sameAs\":[\"https:\\\/\\\/kibrisdakik.com\"],\"url\":\"https:\\\/\\\/kibrisdakik.com\\\/?author=1\"}]}<\/script>\n<!-- \/ Yoast SEO plugin. -->","yoast_head_json":{"title":"D\u0131\u015fi\u015fleri Bakanl\u0131\u011f\u0131: Hindistan\u2019\u0131n sivilleri hedef alan sald\u0131r\u0131lar\u0131 k\u0131n\u0131yoruz -","robots":{"index":"index","follow":"follow","max-snippet":"max-snippet:-1","max-image-preview":"max-image-preview:large","max-video-preview":"max-video-preview:-1"},"canonical":"https:\/\/kibrisdakik.com\/?p=81858","og_locale":"tr_TR","og_type":"article","og_title":"D\u0131\u015fi\u015fleri Bakanl\u0131\u011f\u0131: Hindistan\u2019\u0131n sivilleri hedef alan sald\u0131r\u0131lar\u0131 k\u0131n\u0131yoruz -","og_description":"D\u0131\u015fi\u015fleri Bakanl\u0131\u011f\u0131 7 May\u0131s\u2019ta Hindistan taraf\u0131ndan Pakistan\u2019a y\u00f6nelik d\u00fczenlenen, sivilleri ve sivil altyap\u0131y\u0131 hedef alan sald\u0131r\u0131lar\u0131 k\u0131nad\u0131. Bakanl\u0131ktan yap\u0131lan a\u00e7\u0131klamada \u201cB\u00f6lgedeki tansiyonun bir an \u00f6nce d\u00fc\u015f\u00fcr\u00fclmesini teminen gerekli tedbirlerin al\u0131nmas\u0131n\u0131 ve benzer olaylar\u0131n bir daha ya\u015fanmamas\u0131n\u0131 temenni ediyoruz. Bu zor g\u00fcnlerde, karde\u015f Pakistan\u2019\u0131n yan\u0131nda oldu\u011fumuzu ifade etmek istiyoruz\u201d denildi.","og_url":"https:\/\/kibrisdakik.com\/?p=81858","article_published_time":"2025-05-09T06:43:38+00:00","og_image":[{"width":851,"height":314,"url":"https:\/\/kibrisdakik.com\/wp-content\/uploads\/2023\/03\/disisleri-bakanligi-740x314.jpg","type":"image\/jpeg"}],"author":"admin","twitter_card":"summary_large_image","twitter_misc":{"Yazan:":"admin"},"schema":{"@context":"https:\/\/schema.org","@graph":[{"@type":"Article","@id":"https:\/\/kibrisdakik.com\/?p=81858#article","isPartOf":{"@id":"https:\/\/kibrisdakik.com\/?p=81858"},"author":{"name":"admin","@id":"https:\/\/kibrisdakik.com\/#\/schema\/person\/9cd9d437bbb44f72b73ba127e06d8e79"},"headline":"D\u0131\u015fi\u015fleri Bakanl\u0131\u011f\u0131: Hindistan\u2019\u0131n sivilleri hedef alan sald\u0131r\u0131lar\u0131 k\u0131n\u0131yoruz","datePublished":"2025-05-09T06:43:38+00:00","mainEntityOfPage":{"@id":"https:\/\/kibrisdakik.com\/?p=81858"},"wordCount":90,"commentCount":0,"image":{"@id":"https:\/\/kibrisdakik.com\/?p=81858#primaryimage"},"thumbnailUrl":"https:\/\/kibrisdakik.com\/wp-content\/uploads\/2023\/03\/disisleri-bakanligi-740x314.jpg","articleSection":["K\u0131br\u0131s","Man\u015fet"],"inLanguage":"tr","potentialAction":[{"@type":"CommentAction","name":"Comment","target":["https:\/\/kibrisdakik.com\/?p=81858#respond"]}]},{"@type":"WebPage","@id":"https:\/\/kibrisdakik.com\/?p=81858","url":"https:\/\/kibrisdakik.com\/?p=81858","name":"D\u0131\u015fi\u015fleri Bakanl\u0131\u011f\u0131: Hindistan\u2019\u0131n sivilleri hedef alan sald\u0131r\u0131lar\u0131 k\u0131n\u0131yoruz -","isPartOf":{"@id":"https:\/\/kibrisdakik.com\/#website"},"primaryImageOfPage":{"@id":"https:\/\/kibrisdakik.com\/?p=81858#primaryimage"},"image":{"@id":"https:\/\/kibrisdakik.com\/?p=81858#primaryimage"},"thumbnailUrl":"https:\/\/kibrisdakik.com\/wp-content\/uploads\/2023\/03\/disisleri-bakanligi-740x314.jpg","datePublished":"2025-05-09T06:43:38+00:00","author":{"@id":"https:\/\/kibrisdakik.com\/#\/schema\/person\/9cd9d437bbb44f72b73ba127e06d8e79"},"breadcrumb":{"@id":"https:\/\/kibrisdakik.com\/?p=81858#breadcrumb"},"inLanguage":"tr","potentialAction":[{"@type":"ReadAction","target":["https:\/\/kibrisdakik.com\/?p=81858"]}]},{"@type":"ImageObject","inLanguage":"tr","@id":"https:\/\/kibrisdakik.com\/?p=81858#primaryimage","url":"https:\/\/kibrisdakik.com\/wp-content\/uploads\/2023\/03\/disisleri-bakanligi-740x314.jpg","contentUrl":"https:\/\/kibrisdakik.com\/wp-content\/uploads\/2023\/03\/disisleri-bakanligi-740x314.jpg","width":851,"height":314},{"@type":"BreadcrumbList","@id":"https:\/\/kibrisdakik.com\/?p=81858#breadcrumb","itemListElement":[{"@type":"ListItem","position":1,"name":"Home","item":"https:\/\/kibrisdakik.com\/"},{"@type":"ListItem","position":2,"name":"D\u0131\u015fi\u015fleri Bakanl\u0131\u011f\u0131: Hindistan\u2019\u0131n sivilleri hedef alan sald\u0131r\u0131lar\u0131 k\u0131n\u0131yoruz"}]},{"@type":"WebSite","@id":"https:\/\/kibrisdakik.com\/#website","url":"https:\/\/kibrisdakik.com\/","name":"","description":"Tam vaktinde haber","potentialAction":[{"@type":"SearchAction","target":{"@type":"EntryPoint","urlTemplate":"https:\/\/kibrisdakik.com\/?s={search_term_string}"},"query-input":{"@type":"PropertyValueSpecification","valueRequired":true,"valueName":"search_term_string"}}],"inLanguage":"tr"},{"@type":"Person","@id":"https:\/\/kibrisdakik.com\/#\/schema\/person\/9cd9d437bbb44f72b73ba127e06d8e79","name":"admin","image":{"@type":"ImageObject","inLanguage":"tr","@id":"https:\/\/secure.gravatar.com\/avatar\/ccc17943b9d660506c869530f897617f7cb1c21a4bf30023f252596d83e1f007?s=96&d=mm&r=g","url":"https:\/\/secure.gravatar.com\/avatar\/ccc17943b9d660506c869530f897617f7cb1c21a4bf30023f252596d83e1f007?s=96&d=mm&r=g","contentUrl":"https:\/\/secure.gravatar.com\/avatar\/ccc17943b9d660506c869530f897617f7cb1c21a4bf30023f252596d83e1f007?s=96&d=mm&r=g","caption":"admin"},"sameAs":["https:\/\/kibrisdakik.com"],"url":"https:\/\/kibrisdakik.com\/?author=1"}]}},"_links":{"self":[{"href":"https:\/\/kibrisdakik.com\/index.php?rest_route=\/wp\/v2\/posts\/81858","targetHints":{"allow":["GET"]}}],"collection":[{"href":"https:\/\/kibrisdakik.com\/index.php?rest_route=\/wp\/v2\/posts"}],"about":[{"href":"https:\/\/kibrisdakik.com\/index.php?rest_route=\/wp\/v2\/types\/post"}],"author":[{"embeddable":true,"href":"https:\/\/kibrisdakik.com\/index.php?rest_route=\/wp\/v2\/users\/1"}],"replies":[{"embeddable":true,"href":"https:\/\/kibrisdakik.com\/index.php?rest_route=%2Fwp%2Fv2%2Fcomments&post=81858"}],"version-history":[{"count":0,"href":"https:\/\/kibrisdakik.com\/index.php?rest_route=\/wp\/v2\/posts\/81858\/revisions"}],"wp:featuredmedia":[{"embeddable":true,"href":"https:\/\/kibrisdakik.com\/index.php?rest_route=\/wp\/v2\/media\/3661"}],"wp:attachment":[{"href":"https:\/\/kibrisdakik.com\/index.php?rest_route=%2Fwp%2Fv2%2Fmedia&parent=81858"}],"wp:term":[{"taxonomy":"category","embeddable":true,"href":"https:\/\/kibrisdakik.com\/index.php?rest_route=%2Fwp%2Fv2%2Fcategories&post=81858"},{"taxonomy":"post_tag","embeddable":true,"href":"https:\/\/kibrisdakik.com\/index.php?rest_route=%2Fwp%2Fv2%2Ftags&post=81858"}],"curies":[{"name":"wp","href":"https:\/\/api.w.org\/{rel}","templated":true}]}}