{"id":81885,"date":"2025-05-09T17:31:15","date_gmt":"2025-05-09T14:31:15","guid":{"rendered":"https:\/\/kibrisdakik.com\/index.php\/2025\/05\/09\/kurban-bayraminda-hala-sultan-turbesine-ziyaret-duzenlenecek\/"},"modified":"2025-05-09T17:31:15","modified_gmt":"2025-05-09T14:31:15","slug":"kurban-bayraminda-hala-sultan-turbesine-ziyaret-duzenlenecek","status":"publish","type":"post","link":"https:\/\/kibrisdakik.com\/?p=81885","title":{"rendered":"Kurban Bayram\u0131\u2019nda Hala Sultan T\u00fcrbesi\u2019ne ziyaret d\u00fczenlenecek"},"content":{"rendered":"<div>\n<div class=\"mariselle-image-container center\">\n                                            <\/div>\n<p> Kurban Bayram\u0131 dolay\u0131s\u0131yla Larnaka\u2019daki Hala Sultan T\u00fcrbesi\u2019ne ziyaret d\u00fczenlenecek.<\/p>\n<p>K\u0131br\u0131s Vak\u0131flar \u0130daresi ile Din \u0130\u015fleri Ba\u015fkanl\u0131\u011f\u0131 i\u015f birli\u011finde Kurban Bayram\u0131\u2019n\u0131n 4\u2019\u00fcnc\u00fc g\u00fcn\u00fcne denk gelen 9 Haziran\u2019da ger\u00e7ekle\u015ftirilecek ziyaretle ilgili kay\u0131tlar 16 May\u0131s Cuma g\u00fcne kadar Din \u0130\u015fleri Ba\u015fkanl\u0131\u011f\u0131\u2019n\u0131n b\u00f6lge temsilciliklerine yap\u0131labilecek.<\/p>\n<p>Din \u0130\u015fleri Ba\u015fkanl\u0131\u011f\u0131\u2019ndan yap\u0131lan a\u00e7\u0131klamaya g\u00f6re, kay\u0131t \u00fccreti 550 TL olarak belirlenirken ziyaret i\u00e7in sadece KKTC vatanda\u015flar\u0131ndan ba\u015fvuru kabul edilecek.<\/p>\n<p>Din \u0130\u015fleri Ba\u015fkanl\u0131\u011f\u0131\u2019n\u0131n b\u00f6lge temsilciliklerinde ileti\u015fime ge\u00e7ilebilecek numaralar \u015f\u00f6yle:<\/p>\n<p>\u201cLefko\u015fa Temsilcili\u011fi 05488424002; Gazima\u011fusa Temsilcili\u011fi 05488424004; Girne Temsilcili\u011fi 05488424010; \u0130skele Temsilcili\u011fi 05488424001; G\u00fczelyurt Temsilcili\u011fi 05488419492; Lefke Temsilcili\u011fi 05488254000.\u201d<\/p>\n<\/p><\/div>\n<p><script async\n                    defer\n                    crossorigin=\"anonymous\"\n                    src=\"https:\/\/connect.facebook.net\/tr_TR\/sdk.js#xfbml=1&#038;version=v3.3\"\n            ><\/script><\/p>\n","protected":false},"excerpt":{"rendered":"<p>Kurban Bayram\u0131 dolay\u0131s\u0131yla Larnaka\u2019daki Hala Sultan T\u00fcrbesi\u2019ne ziyaret d\u00fczenlenecek. K\u0131br\u0131s Vak\u0131flar \u0130daresi ile Din \u0130\u015fleri Ba\u015fkanl\u0131\u011f\u0131 i\u015f birli\u011finde Kurban Bayram\u0131\u2019n\u0131n 4\u2019\u00fcnc\u00fc g\u00fcn\u00fcne denk gelen 9 Haziran\u2019da ger\u00e7ekle\u015ftirilecek ziyaretle ilgili kay\u0131tlar 16 May\u0131s Cuma g\u00fcne kadar Din \u0130\u015fleri Ba\u015fkanl\u0131\u011f\u0131\u2019n\u0131n b\u00f6lge temsilciliklerine yap\u0131labilecek. Din \u0130\u015fleri Ba\u015fkanl\u0131\u011f\u0131\u2019ndan yap\u0131lan a\u00e7\u0131klamaya g\u00f6re, kay\u0131t \u00fccreti 550 TL olarak belirlenirken ziyaret i\u00e7in<\/p>\n","protected":false},"author":1,"featured_media":81886,"comment_status":"open","ping_status":"open","sticky":false,"template":"","format":"standard","meta":{"footnotes":""},"categories":[81,101],"tags":[],"class_list":["post-81885","post","type-post","status-publish","format-standard","has-post-thumbnail","hentry","category-kibris","category-manset"],"yoast_head":"<!-- This site is optimized with the Yoast SEO plugin v27.4 - https:\/\/yoast.com\/product\/yoast-seo-wordpress\/ -->\n<title>Kurban Bayram\u0131\u2019nda Hala Sultan T\u00fcrbesi\u2019ne ziyaret d\u00fczenlenecek -<\/title>\n<meta name=\"robots\" content=\"index, follow, max-snippet:-1, max-image-preview:large, max-video-preview:-1\" \/>\n<link rel=\"canonical\" href=\"https:\/\/kibrisdakik.com\/?p=81885\" \/>\n<meta property=\"og:locale\" content=\"tr_TR\" \/>\n<meta property=\"og:type\" content=\"article\" \/>\n<meta property=\"og:title\" content=\"Kurban Bayram\u0131\u2019nda Hala Sultan T\u00fcrbesi\u2019ne ziyaret d\u00fczenlenecek -\" \/>\n<meta property=\"og:description\" content=\"Kurban Bayram\u0131 dolay\u0131s\u0131yla Larnaka\u2019daki Hala Sultan T\u00fcrbesi\u2019ne ziyaret d\u00fczenlenecek. K\u0131br\u0131s Vak\u0131flar \u0130daresi ile Din \u0130\u015fleri Ba\u015fkanl\u0131\u011f\u0131 i\u015f birli\u011finde Kurban Bayram\u0131\u2019n\u0131n 4\u2019\u00fcnc\u00fc g\u00fcn\u00fcne denk gelen 9 Haziran\u2019da ger\u00e7ekle\u015ftirilecek ziyaretle ilgili kay\u0131tlar 16 May\u0131s Cuma g\u00fcne kadar Din \u0130\u015fleri Ba\u015fkanl\u0131\u011f\u0131\u2019n\u0131n b\u00f6lge temsilciliklerine yap\u0131labilecek. Din \u0130\u015fleri Ba\u015fkanl\u0131\u011f\u0131\u2019ndan yap\u0131lan a\u00e7\u0131klamaya g\u00f6re, kay\u0131t \u00fccreti 550 TL olarak belirlenirken ziyaret i\u00e7in\" \/>\n<meta property=\"og:url\" content=\"https:\/\/kibrisdakik.com\/?p=81885\" \/>\n<meta property=\"article:published_time\" content=\"2025-05-09T14:31:15+00:00\" \/>\n<meta property=\"og:image\" content=\"https:\/\/kibrisdakik.com\/wp-content\/uploads\/2025\/05\/halaa-740x420.jpg\" \/>\n\t<meta property=\"og:image:width\" content=\"971\" \/>\n\t<meta property=\"og:image:height\" content=\"551\" \/>\n\t<meta property=\"og:image:type\" content=\"image\/jpeg\" \/>\n<meta name=\"author\" content=\"admin\" \/>\n<meta name=\"twitter:card\" content=\"summary_large_image\" \/>\n<meta name=\"twitter:label1\" content=\"Yazan:\" \/>\n\t<meta name=\"twitter:data1\" content=\"admin\" \/>\n\t<meta name=\"twitter:label2\" content=\"Tahmini okuma s\u00fcresi\" \/>\n\t<meta name=\"twitter:data2\" content=\"1 dakika\" \/>\n<script type=\"application\/ld+json\" class=\"yoast-schema-graph\">{\"@context\":\"https:\\\/\\\/schema.org\",\"@graph\":[{\"@type\":\"Article\",\"@id\":\"https:\\\/\\\/kibrisdakik.com\\\/?p=81885#article\",\"isPartOf\":{\"@id\":\"https:\\\/\\\/kibrisdakik.com\\\/?p=81885\"},\"author\":{\"name\":\"admin\",\"@id\":\"https:\\\/\\\/kibrisdakik.com\\\/#\\\/schema\\\/person\\\/9cd9d437bbb44f72b73ba127e06d8e79\"},\"headline\":\"Kurban Bayram\u0131\u2019nda Hala Sultan T\u00fcrbesi\u2019ne ziyaret d\u00fczenlenecek\",\"datePublished\":\"2025-05-09T14:31:15+00:00\",\"mainEntityOfPage\":{\"@id\":\"https:\\\/\\\/kibrisdakik.com\\\/?p=81885\"},\"wordCount\":141,\"commentCount\":0,\"image\":{\"@id\":\"https:\\\/\\\/kibrisdakik.com\\\/?p=81885#primaryimage\"},\"thumbnailUrl\":\"https:\\\/\\\/kibrisdakik.com\\\/wp-content\\\/uploads\\\/2025\\\/05\\\/halaa-740x420.jpg\",\"articleSection\":[\"K\u0131br\u0131s\",\"Man\u015fet\"],\"inLanguage\":\"tr\",\"potentialAction\":[{\"@type\":\"CommentAction\",\"name\":\"Comment\",\"target\":[\"https:\\\/\\\/kibrisdakik.com\\\/?p=81885#respond\"]}]},{\"@type\":\"WebPage\",\"@id\":\"https:\\\/\\\/kibrisdakik.com\\\/?p=81885\",\"url\":\"https:\\\/\\\/kibrisdakik.com\\\/?p=81885\",\"name\":\"Kurban Bayram\u0131\u2019nda Hala Sultan T\u00fcrbesi\u2019ne ziyaret d\u00fczenlenecek -\",\"isPartOf\":{\"@id\":\"https:\\\/\\\/kibrisdakik.com\\\/#website\"},\"primaryImageOfPage\":{\"@id\":\"https:\\\/\\\/kibrisdakik.com\\\/?p=81885#primaryimage\"},\"image\":{\"@id\":\"https:\\\/\\\/kibrisdakik.com\\\/?p=81885#primaryimage\"},\"thumbnailUrl\":\"https:\\\/\\\/kibrisdakik.com\\\/wp-content\\\/uploads\\\/2025\\\/05\\\/halaa-740x420.jpg\",\"datePublished\":\"2025-05-09T14:31:15+00:00\",\"author\":{\"@id\":\"https:\\\/\\\/kibrisdakik.com\\\/#\\\/schema\\\/person\\\/9cd9d437bbb44f72b73ba127e06d8e79\"},\"breadcrumb\":{\"@id\":\"https:\\\/\\\/kibrisdakik.com\\\/?p=81885#breadcrumb\"},\"inLanguage\":\"tr\",\"potentialAction\":[{\"@type\":\"ReadAction\",\"target\":[\"https:\\\/\\\/kibrisdakik.com\\\/?p=81885\"]}]},{\"@type\":\"ImageObject\",\"inLanguage\":\"tr\",\"@id\":\"https:\\\/\\\/kibrisdakik.com\\\/?p=81885#primaryimage\",\"url\":\"https:\\\/\\\/kibrisdakik.com\\\/wp-content\\\/uploads\\\/2025\\\/05\\\/halaa-740x420.jpg\",\"contentUrl\":\"https:\\\/\\\/kibrisdakik.com\\\/wp-content\\\/uploads\\\/2025\\\/05\\\/halaa-740x420.jpg\",\"width\":971,\"height\":551},{\"@type\":\"BreadcrumbList\",\"@id\":\"https:\\\/\\\/kibrisdakik.com\\\/?p=81885#breadcrumb\",\"itemListElement\":[{\"@type\":\"ListItem\",\"position\":1,\"name\":\"Home\",\"item\":\"https:\\\/\\\/kibrisdakik.com\\\/\"},{\"@type\":\"ListItem\",\"position\":2,\"name\":\"Kurban Bayram\u0131\u2019nda Hala Sultan T\u00fcrbesi\u2019ne ziyaret d\u00fczenlenecek\"}]},{\"@type\":\"WebSite\",\"@id\":\"https:\\\/\\\/kibrisdakik.com\\\/#website\",\"url\":\"https:\\\/\\\/kibrisdakik.com\\\/\",\"name\":\"\",\"description\":\"Tam vaktinde haber\",\"potentialAction\":[{\"@type\":\"SearchAction\",\"target\":{\"@type\":\"EntryPoint\",\"urlTemplate\":\"https:\\\/\\\/kibrisdakik.com\\\/?s={search_term_string}\"},\"query-input\":{\"@type\":\"PropertyValueSpecification\",\"valueRequired\":true,\"valueName\":\"search_term_string\"}}],\"inLanguage\":\"tr\"},{\"@type\":\"Person\",\"@id\":\"https:\\\/\\\/kibrisdakik.com\\\/#\\\/schema\\\/person\\\/9cd9d437bbb44f72b73ba127e06d8e79\",\"name\":\"admin\",\"image\":{\"@type\":\"ImageObject\",\"inLanguage\":\"tr\",\"@id\":\"https:\\\/\\\/secure.gravatar.com\\\/avatar\\\/ccc17943b9d660506c869530f897617f7cb1c21a4bf30023f252596d83e1f007?s=96&d=mm&r=g\",\"url\":\"https:\\\/\\\/secure.gravatar.com\\\/avatar\\\/ccc17943b9d660506c869530f897617f7cb1c21a4bf30023f252596d83e1f007?s=96&d=mm&r=g\",\"contentUrl\":\"https:\\\/\\\/secure.gravatar.com\\\/avatar\\\/ccc17943b9d660506c869530f897617f7cb1c21a4bf30023f252596d83e1f007?s=96&d=mm&r=g\",\"caption\":\"admin\"},\"sameAs\":[\"https:\\\/\\\/kibrisdakik.com\"],\"url\":\"https:\\\/\\\/kibrisdakik.com\\\/?author=1\"}]}<\/script>\n<!-- \/ Yoast SEO plugin. -->","yoast_head_json":{"title":"Kurban Bayram\u0131\u2019nda Hala Sultan T\u00fcrbesi\u2019ne ziyaret d\u00fczenlenecek -","robots":{"index":"index","follow":"follow","max-snippet":"max-snippet:-1","max-image-preview":"max-image-preview:large","max-video-preview":"max-video-preview:-1"},"canonical":"https:\/\/kibrisdakik.com\/?p=81885","og_locale":"tr_TR","og_type":"article","og_title":"Kurban Bayram\u0131\u2019nda Hala Sultan T\u00fcrbesi\u2019ne ziyaret d\u00fczenlenecek -","og_description":"Kurban Bayram\u0131 dolay\u0131s\u0131yla Larnaka\u2019daki Hala Sultan T\u00fcrbesi\u2019ne ziyaret d\u00fczenlenecek. K\u0131br\u0131s Vak\u0131flar \u0130daresi ile Din \u0130\u015fleri Ba\u015fkanl\u0131\u011f\u0131 i\u015f birli\u011finde Kurban Bayram\u0131\u2019n\u0131n 4\u2019\u00fcnc\u00fc g\u00fcn\u00fcne denk gelen 9 Haziran\u2019da ger\u00e7ekle\u015ftirilecek ziyaretle ilgili kay\u0131tlar 16 May\u0131s Cuma g\u00fcne kadar Din \u0130\u015fleri Ba\u015fkanl\u0131\u011f\u0131\u2019n\u0131n b\u00f6lge temsilciliklerine yap\u0131labilecek. Din \u0130\u015fleri Ba\u015fkanl\u0131\u011f\u0131\u2019ndan yap\u0131lan a\u00e7\u0131klamaya g\u00f6re, kay\u0131t \u00fccreti 550 TL olarak belirlenirken ziyaret i\u00e7in","og_url":"https:\/\/kibrisdakik.com\/?p=81885","article_published_time":"2025-05-09T14:31:15+00:00","og_image":[{"width":971,"height":551,"url":"https:\/\/kibrisdakik.com\/wp-content\/uploads\/2025\/05\/halaa-740x420.jpg","type":"image\/jpeg"}],"author":"admin","twitter_card":"summary_large_image","twitter_misc":{"Yazan:":"admin","Tahmini okuma s\u00fcresi":"1 dakika"},"schema":{"@context":"https:\/\/schema.org","@graph":[{"@type":"Article","@id":"https:\/\/kibrisdakik.com\/?p=81885#article","isPartOf":{"@id":"https:\/\/kibrisdakik.com\/?p=81885"},"author":{"name":"admin","@id":"https:\/\/kibrisdakik.com\/#\/schema\/person\/9cd9d437bbb44f72b73ba127e06d8e79"},"headline":"Kurban Bayram\u0131\u2019nda Hala Sultan T\u00fcrbesi\u2019ne ziyaret d\u00fczenlenecek","datePublished":"2025-05-09T14:31:15+00:00","mainEntityOfPage":{"@id":"https:\/\/kibrisdakik.com\/?p=81885"},"wordCount":141,"commentCount":0,"image":{"@id":"https:\/\/kibrisdakik.com\/?p=81885#primaryimage"},"thumbnailUrl":"https:\/\/kibrisdakik.com\/wp-content\/uploads\/2025\/05\/halaa-740x420.jpg","articleSection":["K\u0131br\u0131s","Man\u015fet"],"inLanguage":"tr","potentialAction":[{"@type":"CommentAction","name":"Comment","target":["https:\/\/kibrisdakik.com\/?p=81885#respond"]}]},{"@type":"WebPage","@id":"https:\/\/kibrisdakik.com\/?p=81885","url":"https:\/\/kibrisdakik.com\/?p=81885","name":"Kurban Bayram\u0131\u2019nda Hala Sultan T\u00fcrbesi\u2019ne ziyaret d\u00fczenlenecek -","isPartOf":{"@id":"https:\/\/kibrisdakik.com\/#website"},"primaryImageOfPage":{"@id":"https:\/\/kibrisdakik.com\/?p=81885#primaryimage"},"image":{"@id":"https:\/\/kibrisdakik.com\/?p=81885#primaryimage"},"thumbnailUrl":"https:\/\/kibrisdakik.com\/wp-content\/uploads\/2025\/05\/halaa-740x420.jpg","datePublished":"2025-05-09T14:31:15+00:00","author":{"@id":"https:\/\/kibrisdakik.com\/#\/schema\/person\/9cd9d437bbb44f72b73ba127e06d8e79"},"breadcrumb":{"@id":"https:\/\/kibrisdakik.com\/?p=81885#breadcrumb"},"inLanguage":"tr","potentialAction":[{"@type":"ReadAction","target":["https:\/\/kibrisdakik.com\/?p=81885"]}]},{"@type":"ImageObject","inLanguage":"tr","@id":"https:\/\/kibrisdakik.com\/?p=81885#primaryimage","url":"https:\/\/kibrisdakik.com\/wp-content\/uploads\/2025\/05\/halaa-740x420.jpg","contentUrl":"https:\/\/kibrisdakik.com\/wp-content\/uploads\/2025\/05\/halaa-740x420.jpg","width":971,"height":551},{"@type":"BreadcrumbList","@id":"https:\/\/kibrisdakik.com\/?p=81885#breadcrumb","itemListElement":[{"@type":"ListItem","position":1,"name":"Home","item":"https:\/\/kibrisdakik.com\/"},{"@type":"ListItem","position":2,"name":"Kurban Bayram\u0131\u2019nda Hala Sultan T\u00fcrbesi\u2019ne ziyaret d\u00fczenlenecek"}]},{"@type":"WebSite","@id":"https:\/\/kibrisdakik.com\/#website","url":"https:\/\/kibrisdakik.com\/","name":"","description":"Tam vaktinde haber","potentialAction":[{"@type":"SearchAction","target":{"@type":"EntryPoint","urlTemplate":"https:\/\/kibrisdakik.com\/?s={search_term_string}"},"query-input":{"@type":"PropertyValueSpecification","valueRequired":true,"valueName":"search_term_string"}}],"inLanguage":"tr"},{"@type":"Person","@id":"https:\/\/kibrisdakik.com\/#\/schema\/person\/9cd9d437bbb44f72b73ba127e06d8e79","name":"admin","image":{"@type":"ImageObject","inLanguage":"tr","@id":"https:\/\/secure.gravatar.com\/avatar\/ccc17943b9d660506c869530f897617f7cb1c21a4bf30023f252596d83e1f007?s=96&d=mm&r=g","url":"https:\/\/secure.gravatar.com\/avatar\/ccc17943b9d660506c869530f897617f7cb1c21a4bf30023f252596d83e1f007?s=96&d=mm&r=g","contentUrl":"https:\/\/secure.gravatar.com\/avatar\/ccc17943b9d660506c869530f897617f7cb1c21a4bf30023f252596d83e1f007?s=96&d=mm&r=g","caption":"admin"},"sameAs":["https:\/\/kibrisdakik.com"],"url":"https:\/\/kibrisdakik.com\/?author=1"}]}},"_links":{"self":[{"href":"https:\/\/kibrisdakik.com\/index.php?rest_route=\/wp\/v2\/posts\/81885","targetHints":{"allow":["GET"]}}],"collection":[{"href":"https:\/\/kibrisdakik.com\/index.php?rest_route=\/wp\/v2\/posts"}],"about":[{"href":"https:\/\/kibrisdakik.com\/index.php?rest_route=\/wp\/v2\/types\/post"}],"author":[{"embeddable":true,"href":"https:\/\/kibrisdakik.com\/index.php?rest_route=\/wp\/v2\/users\/1"}],"replies":[{"embeddable":true,"href":"https:\/\/kibrisdakik.com\/index.php?rest_route=%2Fwp%2Fv2%2Fcomments&post=81885"}],"version-history":[{"count":0,"href":"https:\/\/kibrisdakik.com\/index.php?rest_route=\/wp\/v2\/posts\/81885\/revisions"}],"wp:featuredmedia":[{"embeddable":true,"href":"https:\/\/kibrisdakik.com\/index.php?rest_route=\/wp\/v2\/media\/81886"}],"wp:attachment":[{"href":"https:\/\/kibrisdakik.com\/index.php?rest_route=%2Fwp%2Fv2%2Fmedia&parent=81885"}],"wp:term":[{"taxonomy":"category","embeddable":true,"href":"https:\/\/kibrisdakik.com\/index.php?rest_route=%2Fwp%2Fv2%2Fcategories&post=81885"},{"taxonomy":"post_tag","embeddable":true,"href":"https:\/\/kibrisdakik.com\/index.php?rest_route=%2Fwp%2Fv2%2Ftags&post=81885"}],"curies":[{"name":"wp","href":"https:\/\/api.w.org\/{rel}","templated":true}]}}