{"id":81985,"date":"2025-05-10T21:35:28","date_gmt":"2025-05-10T18:35:28","guid":{"rendered":"https:\/\/kibrisdakik.com\/index.php\/2025\/05\/10\/haksen-aoada-munhal-ile-ilgili-yanlis-anlasilma-karsilikli-istisare-sonucu-giderilmistir\/"},"modified":"2025-05-10T21:35:28","modified_gmt":"2025-05-10T18:35:28","slug":"haksen-aoada-munhal-ile-ilgili-yanlis-anlasilma-karsilikli-istisare-sonucu-giderilmistir","status":"publish","type":"post","link":"https:\/\/kibrisdakik.com\/?p=81985","title":{"rendered":"HAKSEN: \u201cA\u00d6A\u2019da m\u00fcnhal ile ilgili yanl\u0131\u015f anla\u015f\u0131lma, kar\u015f\u0131l\u0131kl\u0131 isti\u015fare sonucu giderilmi\u015ftir\u201d"},"content":{"rendered":"<div>\n<div class=\"mariselle-image-container center\">\n                                            <\/div>\n<p>Atat\u00fcrk \u00d6\u011fretmen Akademisi\u2019nde yetkili sendika konumunda bulunan HAKSEN, daha \u00f6nce yapt\u0131klar\u0131 \u201cdolu kadroya m\u00fcnhal a\u00e7\u0131lmak isteniyor\u201d \u015feklindeki a\u00e7\u0131klaman\u0131n, ya\u015fanan bir yanl\u0131\u015f anla\u015f\u0131lmadan kaynakland\u0131\u011f\u0131n\u0131 \u00f6\u011frendiklerini kaydetti.<\/p>\n<p>HAKSEN taraf\u0131ndan yap\u0131lan yaz\u0131l\u0131 a\u00e7\u0131klamada, \u201cA\u00d6A y\u00f6netiminin iyi niyetli yakla\u015f\u0131m\u0131 ve isti\u015fareler sonucu konunun asl\u0131 ortaya \u00e7\u0131km\u0131\u015ft\u0131r\u201d denildi.<\/p>\n<p>HAKSEN ad\u0131na a\u00e7\u0131klamada bulunan Sendika Ba\u015fkan\u0131 Salih Er\u015fangil, A\u00d6A Y\u00f6netiminin konuyla ilgili tavr\u0131ndan duyduklar\u0131 memnuniyeti dile getirerek \u201cOlay\u0131n asl\u0131nda yap\u0131lan yaz\u0131\u015fmalarda ortaya \u00e7\u0131kan bir yanl\u0131\u015f anla\u015f\u0131lma \u00fczerine ya\u015fand\u0131\u011f\u0131 anla\u015f\u0131lm\u0131\u015f, sendikam\u0131z A\u00d6A Y\u00f6netimi taraf\u0131ndan bilgilendirilmi\u015f, kar\u015f\u0131l\u0131kl\u0131 anlay\u0131\u015f \u00e7er\u00e7evesinde hareket edilerek bu yanl\u0131\u015f anla\u015f\u0131lma ortadan kald\u0131r\u0131lm\u0131\u015ft\u0131r\u201d ifadelerini kulland\u0131.<\/p>\n<p>Er\u015fangil\u2019in a\u00e7\u0131klamas\u0131 \u015f\u00f6yle:<\/p>\n<p>\u201cGe\u00e7ti\u011fimiz g\u00fcnlerde sendikam\u0131za ula\u015fan bir bilgi sonucunda \u2018Atat\u00fcrk \u00d6\u011fretmen Akademisinde dolu kadroya m\u00fcnhal a\u00e7\u0131lmak isteniyor\u2019 \u015feklinde yapm\u0131\u015f oldu\u011fumuz bas\u0131n a\u00e7\u0131klamas\u0131n\u0131n, yap\u0131lan yaz\u0131\u015fmalar s\u0131ras\u0131nda ortaya \u00e7\u0131kan bir yanl\u0131\u015f yorumlama kaynakl\u0131 oldu\u011fu ortaya \u00e7\u0131km\u0131\u015ft\u0131r. A\u00e7\u0131klama sonras\u0131 sendikam\u0131z ve Akademi aras\u0131nda yap\u0131lan g\u00f6r\u00fc\u015fmeler, olay\u0131n asl\u0131nda yaz\u0131lan bir yaz\u0131n\u0131n tam olarak a\u00e7\u0131k olmamas\u0131 sonucu, yanl\u0131\u015f yorumlamaya ba\u011fl\u0131 olarak do\u011fdu\u011funu ortaya \u00e7\u0131kard\u0131. Akademi y\u00f6netiminden sendikam\u0131za yap\u0131lan a\u00e7\u0131klama, al\u0131nan bu yetkinin, dolu olan kadronun bo\u015falmas\u0131 h\u00e2linde i\u015fleme al\u0131naca\u011f\u0131 y\u00f6n\u00fcnde olmu\u015ftur. Bu durumda, ortada herhangi bir sorun olmad\u0131\u011f\u0131 sonucuna var\u0131larak, kar\u015f\u0131l\u0131kl\u0131 anlay\u0131\u015f \u00e7er\u00e7evesinde hareket edilmesinden memnuniyet duydu\u011fumuzu belirtmek isteriz.\u201d<\/p>\n<\/p><\/div>\n<p><script async\n                    defer\n                    crossorigin=\"anonymous\"\n                    src=\"https:\/\/connect.facebook.net\/tr_TR\/sdk.js#xfbml=1&#038;version=v3.3\"\n            ><\/script><\/p>\n","protected":false},"excerpt":{"rendered":"<p>Atat\u00fcrk \u00d6\u011fretmen Akademisi\u2019nde yetkili sendika konumunda bulunan HAKSEN, daha \u00f6nce yapt\u0131klar\u0131 \u201cdolu kadroya m\u00fcnhal a\u00e7\u0131lmak isteniyor\u201d \u015feklindeki a\u00e7\u0131klaman\u0131n, ya\u015fanan bir yanl\u0131\u015f anla\u015f\u0131lmadan kaynakland\u0131\u011f\u0131n\u0131 \u00f6\u011frendiklerini kaydetti. HAKSEN taraf\u0131ndan yap\u0131lan yaz\u0131l\u0131 a\u00e7\u0131klamada, \u201cA\u00d6A y\u00f6netiminin iyi niyetli yakla\u015f\u0131m\u0131 ve isti\u015fareler sonucu konunun asl\u0131 ortaya \u00e7\u0131km\u0131\u015ft\u0131r\u201d denildi. HAKSEN ad\u0131na a\u00e7\u0131klamada bulunan Sendika Ba\u015fkan\u0131 Salih Er\u015fangil, A\u00d6A Y\u00f6netiminin konuyla ilgili<\/p>\n","protected":false},"author":1,"featured_media":81986,"comment_status":"open","ping_status":"open","sticky":false,"template":"","format":"standard","meta":{"footnotes":""},"categories":[81,101],"tags":[],"class_list":["post-81985","post","type-post","status-publish","format-standard","has-post-thumbnail","hentry","category-kibris","category-manset"],"yoast_head":"<!-- This site is optimized with the Yoast SEO plugin v27.5 - https:\/\/yoast.com\/product\/yoast-seo-wordpress\/ -->\n<title>HAKSEN: \u201cA\u00d6A\u2019da m\u00fcnhal ile ilgili yanl\u0131\u015f anla\u015f\u0131lma, kar\u015f\u0131l\u0131kl\u0131 isti\u015fare sonucu giderilmi\u015ftir\u201d -<\/title>\n<meta name=\"robots\" content=\"index, follow, max-snippet:-1, max-image-preview:large, max-video-preview:-1\" \/>\n<link rel=\"canonical\" href=\"https:\/\/kibrisdakik.com\/?p=81985\" \/>\n<meta property=\"og:locale\" content=\"tr_TR\" \/>\n<meta property=\"og:type\" content=\"article\" \/>\n<meta property=\"og:title\" content=\"HAKSEN: \u201cA\u00d6A\u2019da m\u00fcnhal ile ilgili yanl\u0131\u015f anla\u015f\u0131lma, kar\u015f\u0131l\u0131kl\u0131 isti\u015fare sonucu giderilmi\u015ftir\u201d -\" \/>\n<meta property=\"og:description\" content=\"Atat\u00fcrk \u00d6\u011fretmen Akademisi\u2019nde yetkili sendika konumunda bulunan HAKSEN, daha \u00f6nce yapt\u0131klar\u0131 \u201cdolu kadroya m\u00fcnhal a\u00e7\u0131lmak isteniyor\u201d \u015feklindeki a\u00e7\u0131klaman\u0131n, ya\u015fanan bir yanl\u0131\u015f anla\u015f\u0131lmadan kaynakland\u0131\u011f\u0131n\u0131 \u00f6\u011frendiklerini kaydetti. HAKSEN taraf\u0131ndan yap\u0131lan yaz\u0131l\u0131 a\u00e7\u0131klamada, \u201cA\u00d6A y\u00f6netiminin iyi niyetli yakla\u015f\u0131m\u0131 ve isti\u015fareler sonucu konunun asl\u0131 ortaya \u00e7\u0131km\u0131\u015ft\u0131r\u201d denildi. HAKSEN ad\u0131na a\u00e7\u0131klamada bulunan Sendika Ba\u015fkan\u0131 Salih Er\u015fangil, A\u00d6A Y\u00f6netiminin konuyla ilgili\" \/>\n<meta property=\"og:url\" content=\"https:\/\/kibrisdakik.com\/?p=81985\" \/>\n<meta property=\"article:published_time\" content=\"2025-05-10T18:35:28+00:00\" \/>\n<meta property=\"og:image\" content=\"https:\/\/kibrisdakik.com\/wp-content\/uploads\/2025\/05\/1746881845776download-7.png\" \/>\n\t<meta property=\"og:image:width\" content=\"298\" \/>\n\t<meta property=\"og:image:height\" content=\"169\" \/>\n\t<meta property=\"og:image:type\" content=\"image\/png\" \/>\n<meta name=\"author\" content=\"admin\" \/>\n<meta name=\"twitter:card\" content=\"summary_large_image\" \/>\n<meta name=\"twitter:label1\" content=\"Yazan:\" \/>\n\t<meta name=\"twitter:data1\" content=\"admin\" \/>\n\t<meta name=\"twitter:label2\" content=\"Tahmini okuma s\u00fcresi\" \/>\n\t<meta name=\"twitter:data2\" content=\"1 dakika\" \/>\n<script type=\"application\/ld+json\" class=\"yoast-schema-graph\">{\"@context\":\"https:\\\/\\\/schema.org\",\"@graph\":[{\"@type\":\"Article\",\"@id\":\"https:\\\/\\\/kibrisdakik.com\\\/?p=81985#article\",\"isPartOf\":{\"@id\":\"https:\\\/\\\/kibrisdakik.com\\\/?p=81985\"},\"author\":{\"name\":\"admin\",\"@id\":\"https:\\\/\\\/kibrisdakik.com\\\/#\\\/schema\\\/person\\\/9cd9d437bbb44f72b73ba127e06d8e79\"},\"headline\":\"HAKSEN: \u201cA\u00d6A\u2019da m\u00fcnhal ile ilgili yanl\u0131\u015f anla\u015f\u0131lma, kar\u015f\u0131l\u0131kl\u0131 isti\u015fare sonucu giderilmi\u015ftir\u201d\",\"datePublished\":\"2025-05-10T18:35:28+00:00\",\"mainEntityOfPage\":{\"@id\":\"https:\\\/\\\/kibrisdakik.com\\\/?p=81985\"},\"wordCount\":304,\"commentCount\":0,\"image\":{\"@id\":\"https:\\\/\\\/kibrisdakik.com\\\/?p=81985#primaryimage\"},\"thumbnailUrl\":\"https:\\\/\\\/kibrisdakik.com\\\/wp-content\\\/uploads\\\/2025\\\/05\\\/1746881845776download-7.png\",\"articleSection\":[\"K\u0131br\u0131s\",\"Man\u015fet\"],\"inLanguage\":\"tr\",\"potentialAction\":[{\"@type\":\"CommentAction\",\"name\":\"Comment\",\"target\":[\"https:\\\/\\\/kibrisdakik.com\\\/?p=81985#respond\"]}]},{\"@type\":\"WebPage\",\"@id\":\"https:\\\/\\\/kibrisdakik.com\\\/?p=81985\",\"url\":\"https:\\\/\\\/kibrisdakik.com\\\/?p=81985\",\"name\":\"HAKSEN: \u201cA\u00d6A\u2019da m\u00fcnhal ile ilgili yanl\u0131\u015f anla\u015f\u0131lma, kar\u015f\u0131l\u0131kl\u0131 isti\u015fare sonucu giderilmi\u015ftir\u201d -\",\"isPartOf\":{\"@id\":\"https:\\\/\\\/kibrisdakik.com\\\/#website\"},\"primaryImageOfPage\":{\"@id\":\"https:\\\/\\\/kibrisdakik.com\\\/?p=81985#primaryimage\"},\"image\":{\"@id\":\"https:\\\/\\\/kibrisdakik.com\\\/?p=81985#primaryimage\"},\"thumbnailUrl\":\"https:\\\/\\\/kibrisdakik.com\\\/wp-content\\\/uploads\\\/2025\\\/05\\\/1746881845776download-7.png\",\"datePublished\":\"2025-05-10T18:35:28+00:00\",\"author\":{\"@id\":\"https:\\\/\\\/kibrisdakik.com\\\/#\\\/schema\\\/person\\\/9cd9d437bbb44f72b73ba127e06d8e79\"},\"breadcrumb\":{\"@id\":\"https:\\\/\\\/kibrisdakik.com\\\/?p=81985#breadcrumb\"},\"inLanguage\":\"tr\",\"potentialAction\":[{\"@type\":\"ReadAction\",\"target\":[\"https:\\\/\\\/kibrisdakik.com\\\/?p=81985\"]}]},{\"@type\":\"ImageObject\",\"inLanguage\":\"tr\",\"@id\":\"https:\\\/\\\/kibrisdakik.com\\\/?p=81985#primaryimage\",\"url\":\"https:\\\/\\\/kibrisdakik.com\\\/wp-content\\\/uploads\\\/2025\\\/05\\\/1746881845776download-7.png\",\"contentUrl\":\"https:\\\/\\\/kibrisdakik.com\\\/wp-content\\\/uploads\\\/2025\\\/05\\\/1746881845776download-7.png\",\"width\":298,\"height\":169},{\"@type\":\"BreadcrumbList\",\"@id\":\"https:\\\/\\\/kibrisdakik.com\\\/?p=81985#breadcrumb\",\"itemListElement\":[{\"@type\":\"ListItem\",\"position\":1,\"name\":\"Home\",\"item\":\"https:\\\/\\\/kibrisdakik.com\\\/\"},{\"@type\":\"ListItem\",\"position\":2,\"name\":\"HAKSEN: \u201cA\u00d6A\u2019da m\u00fcnhal ile ilgili yanl\u0131\u015f anla\u015f\u0131lma, kar\u015f\u0131l\u0131kl\u0131 isti\u015fare sonucu giderilmi\u015ftir\u201d\"}]},{\"@type\":\"WebSite\",\"@id\":\"https:\\\/\\\/kibrisdakik.com\\\/#website\",\"url\":\"https:\\\/\\\/kibrisdakik.com\\\/\",\"name\":\"\",\"description\":\"Tam vaktinde haber\",\"potentialAction\":[{\"@type\":\"SearchAction\",\"target\":{\"@type\":\"EntryPoint\",\"urlTemplate\":\"https:\\\/\\\/kibrisdakik.com\\\/?s={search_term_string}\"},\"query-input\":{\"@type\":\"PropertyValueSpecification\",\"valueRequired\":true,\"valueName\":\"search_term_string\"}}],\"inLanguage\":\"tr\"},{\"@type\":\"Person\",\"@id\":\"https:\\\/\\\/kibrisdakik.com\\\/#\\\/schema\\\/person\\\/9cd9d437bbb44f72b73ba127e06d8e79\",\"name\":\"admin\",\"image\":{\"@type\":\"ImageObject\",\"inLanguage\":\"tr\",\"@id\":\"https:\\\/\\\/secure.gravatar.com\\\/avatar\\\/ccc17943b9d660506c869530f897617f7cb1c21a4bf30023f252596d83e1f007?s=96&d=mm&r=g\",\"url\":\"https:\\\/\\\/secure.gravatar.com\\\/avatar\\\/ccc17943b9d660506c869530f897617f7cb1c21a4bf30023f252596d83e1f007?s=96&d=mm&r=g\",\"contentUrl\":\"https:\\\/\\\/secure.gravatar.com\\\/avatar\\\/ccc17943b9d660506c869530f897617f7cb1c21a4bf30023f252596d83e1f007?s=96&d=mm&r=g\",\"caption\":\"admin\"},\"sameAs\":[\"https:\\\/\\\/kibrisdakik.com\"],\"url\":\"https:\\\/\\\/kibrisdakik.com\\\/?author=1\"}]}<\/script>\n<!-- \/ Yoast SEO plugin. -->","yoast_head_json":{"title":"HAKSEN: \u201cA\u00d6A\u2019da m\u00fcnhal ile ilgili yanl\u0131\u015f anla\u015f\u0131lma, kar\u015f\u0131l\u0131kl\u0131 isti\u015fare sonucu giderilmi\u015ftir\u201d -","robots":{"index":"index","follow":"follow","max-snippet":"max-snippet:-1","max-image-preview":"max-image-preview:large","max-video-preview":"max-video-preview:-1"},"canonical":"https:\/\/kibrisdakik.com\/?p=81985","og_locale":"tr_TR","og_type":"article","og_title":"HAKSEN: \u201cA\u00d6A\u2019da m\u00fcnhal ile ilgili yanl\u0131\u015f anla\u015f\u0131lma, kar\u015f\u0131l\u0131kl\u0131 isti\u015fare sonucu giderilmi\u015ftir\u201d -","og_description":"Atat\u00fcrk \u00d6\u011fretmen Akademisi\u2019nde yetkili sendika konumunda bulunan HAKSEN, daha \u00f6nce yapt\u0131klar\u0131 \u201cdolu kadroya m\u00fcnhal a\u00e7\u0131lmak isteniyor\u201d \u015feklindeki a\u00e7\u0131klaman\u0131n, ya\u015fanan bir yanl\u0131\u015f anla\u015f\u0131lmadan kaynakland\u0131\u011f\u0131n\u0131 \u00f6\u011frendiklerini kaydetti. HAKSEN taraf\u0131ndan yap\u0131lan yaz\u0131l\u0131 a\u00e7\u0131klamada, \u201cA\u00d6A y\u00f6netiminin iyi niyetli yakla\u015f\u0131m\u0131 ve isti\u015fareler sonucu konunun asl\u0131 ortaya \u00e7\u0131km\u0131\u015ft\u0131r\u201d denildi. HAKSEN ad\u0131na a\u00e7\u0131klamada bulunan Sendika Ba\u015fkan\u0131 Salih Er\u015fangil, A\u00d6A Y\u00f6netiminin konuyla ilgili","og_url":"https:\/\/kibrisdakik.com\/?p=81985","article_published_time":"2025-05-10T18:35:28+00:00","og_image":[{"width":298,"height":169,"url":"https:\/\/kibrisdakik.com\/wp-content\/uploads\/2025\/05\/1746881845776download-7.png","type":"image\/png"}],"author":"admin","twitter_card":"summary_large_image","twitter_misc":{"Yazan:":"admin","Tahmini okuma s\u00fcresi":"1 dakika"},"schema":{"@context":"https:\/\/schema.org","@graph":[{"@type":"Article","@id":"https:\/\/kibrisdakik.com\/?p=81985#article","isPartOf":{"@id":"https:\/\/kibrisdakik.com\/?p=81985"},"author":{"name":"admin","@id":"https:\/\/kibrisdakik.com\/#\/schema\/person\/9cd9d437bbb44f72b73ba127e06d8e79"},"headline":"HAKSEN: \u201cA\u00d6A\u2019da m\u00fcnhal ile ilgili yanl\u0131\u015f anla\u015f\u0131lma, kar\u015f\u0131l\u0131kl\u0131 isti\u015fare sonucu giderilmi\u015ftir\u201d","datePublished":"2025-05-10T18:35:28+00:00","mainEntityOfPage":{"@id":"https:\/\/kibrisdakik.com\/?p=81985"},"wordCount":304,"commentCount":0,"image":{"@id":"https:\/\/kibrisdakik.com\/?p=81985#primaryimage"},"thumbnailUrl":"https:\/\/kibrisdakik.com\/wp-content\/uploads\/2025\/05\/1746881845776download-7.png","articleSection":["K\u0131br\u0131s","Man\u015fet"],"inLanguage":"tr","potentialAction":[{"@type":"CommentAction","name":"Comment","target":["https:\/\/kibrisdakik.com\/?p=81985#respond"]}]},{"@type":"WebPage","@id":"https:\/\/kibrisdakik.com\/?p=81985","url":"https:\/\/kibrisdakik.com\/?p=81985","name":"HAKSEN: \u201cA\u00d6A\u2019da m\u00fcnhal ile ilgili yanl\u0131\u015f anla\u015f\u0131lma, kar\u015f\u0131l\u0131kl\u0131 isti\u015fare sonucu giderilmi\u015ftir\u201d -","isPartOf":{"@id":"https:\/\/kibrisdakik.com\/#website"},"primaryImageOfPage":{"@id":"https:\/\/kibrisdakik.com\/?p=81985#primaryimage"},"image":{"@id":"https:\/\/kibrisdakik.com\/?p=81985#primaryimage"},"thumbnailUrl":"https:\/\/kibrisdakik.com\/wp-content\/uploads\/2025\/05\/1746881845776download-7.png","datePublished":"2025-05-10T18:35:28+00:00","author":{"@id":"https:\/\/kibrisdakik.com\/#\/schema\/person\/9cd9d437bbb44f72b73ba127e06d8e79"},"breadcrumb":{"@id":"https:\/\/kibrisdakik.com\/?p=81985#breadcrumb"},"inLanguage":"tr","potentialAction":[{"@type":"ReadAction","target":["https:\/\/kibrisdakik.com\/?p=81985"]}]},{"@type":"ImageObject","inLanguage":"tr","@id":"https:\/\/kibrisdakik.com\/?p=81985#primaryimage","url":"https:\/\/kibrisdakik.com\/wp-content\/uploads\/2025\/05\/1746881845776download-7.png","contentUrl":"https:\/\/kibrisdakik.com\/wp-content\/uploads\/2025\/05\/1746881845776download-7.png","width":298,"height":169},{"@type":"BreadcrumbList","@id":"https:\/\/kibrisdakik.com\/?p=81985#breadcrumb","itemListElement":[{"@type":"ListItem","position":1,"name":"Home","item":"https:\/\/kibrisdakik.com\/"},{"@type":"ListItem","position":2,"name":"HAKSEN: \u201cA\u00d6A\u2019da m\u00fcnhal ile ilgili yanl\u0131\u015f anla\u015f\u0131lma, kar\u015f\u0131l\u0131kl\u0131 isti\u015fare sonucu giderilmi\u015ftir\u201d"}]},{"@type":"WebSite","@id":"https:\/\/kibrisdakik.com\/#website","url":"https:\/\/kibrisdakik.com\/","name":"","description":"Tam vaktinde haber","potentialAction":[{"@type":"SearchAction","target":{"@type":"EntryPoint","urlTemplate":"https:\/\/kibrisdakik.com\/?s={search_term_string}"},"query-input":{"@type":"PropertyValueSpecification","valueRequired":true,"valueName":"search_term_string"}}],"inLanguage":"tr"},{"@type":"Person","@id":"https:\/\/kibrisdakik.com\/#\/schema\/person\/9cd9d437bbb44f72b73ba127e06d8e79","name":"admin","image":{"@type":"ImageObject","inLanguage":"tr","@id":"https:\/\/secure.gravatar.com\/avatar\/ccc17943b9d660506c869530f897617f7cb1c21a4bf30023f252596d83e1f007?s=96&d=mm&r=g","url":"https:\/\/secure.gravatar.com\/avatar\/ccc17943b9d660506c869530f897617f7cb1c21a4bf30023f252596d83e1f007?s=96&d=mm&r=g","contentUrl":"https:\/\/secure.gravatar.com\/avatar\/ccc17943b9d660506c869530f897617f7cb1c21a4bf30023f252596d83e1f007?s=96&d=mm&r=g","caption":"admin"},"sameAs":["https:\/\/kibrisdakik.com"],"url":"https:\/\/kibrisdakik.com\/?author=1"}]}},"_links":{"self":[{"href":"https:\/\/kibrisdakik.com\/index.php?rest_route=\/wp\/v2\/posts\/81985","targetHints":{"allow":["GET"]}}],"collection":[{"href":"https:\/\/kibrisdakik.com\/index.php?rest_route=\/wp\/v2\/posts"}],"about":[{"href":"https:\/\/kibrisdakik.com\/index.php?rest_route=\/wp\/v2\/types\/post"}],"author":[{"embeddable":true,"href":"https:\/\/kibrisdakik.com\/index.php?rest_route=\/wp\/v2\/users\/1"}],"replies":[{"embeddable":true,"href":"https:\/\/kibrisdakik.com\/index.php?rest_route=%2Fwp%2Fv2%2Fcomments&post=81985"}],"version-history":[{"count":0,"href":"https:\/\/kibrisdakik.com\/index.php?rest_route=\/wp\/v2\/posts\/81985\/revisions"}],"wp:featuredmedia":[{"embeddable":true,"href":"https:\/\/kibrisdakik.com\/index.php?rest_route=\/wp\/v2\/media\/81986"}],"wp:attachment":[{"href":"https:\/\/kibrisdakik.com\/index.php?rest_route=%2Fwp%2Fv2%2Fmedia&parent=81985"}],"wp:term":[{"taxonomy":"category","embeddable":true,"href":"https:\/\/kibrisdakik.com\/index.php?rest_route=%2Fwp%2Fv2%2Fcategories&post=81985"},{"taxonomy":"post_tag","embeddable":true,"href":"https:\/\/kibrisdakik.com\/index.php?rest_route=%2Fwp%2Fv2%2Ftags&post=81985"}],"curies":[{"name":"wp","href":"https:\/\/api.w.org\/{rel}","templated":true}]}}