{"id":82013,"date":"2025-05-11T13:48:07","date_gmt":"2025-05-11T10:48:07","guid":{"rendered":"https:\/\/kibrisdakik.com\/index.php\/2025\/05\/11\/ktosten-ogretmenler-sinav-tuzugundeki-duzenlemelere-tepki\/"},"modified":"2025-05-11T13:48:07","modified_gmt":"2025-05-11T10:48:07","slug":"ktosten-ogretmenler-sinav-tuzugundeki-duzenlemelere-tepki","status":"publish","type":"post","link":"https:\/\/kibrisdakik.com\/?p=82013","title":{"rendered":"KT\u00d6S\u2019ten \u00d6\u011fretmenler S\u0131nav T\u00fcz\u00fc\u011f\u00fc\u2019ndeki d\u00fczenlemelere tepki"},"content":{"rendered":"<div>\n<div class=\"mariselle-image-container center\">\n                                            <\/div>\n<p>K\u0131br\u0131s T\u00fcrk \u00d6\u011fretmenler Sendikas\u0131 (KT\u00d6S), \u00d6\u011fretmenler S\u0131nav T\u00fcz\u00fc\u011f\u00fc\u2019ndeki d\u00fczenlemelere tepki g\u00f6stererek, \u201cBakanl\u0131\u011f\u0131n \u2018isti\u015fare ettik\u2019 s\u00f6ylemi ger\u00e7e\u011fi yans\u0131tmamaktad\u0131r. KT\u00d6S ve KTOE\u00d6S ile iki ay \u00f6nce, bamba\u015fka bir taslak \u00fczerinden bir g\u00f6r\u00fc\u015fme yap\u0131lm\u0131\u015ft\u0131r.\u201d ifadelerini kulland\u0131.<\/p>\n<p>KT\u00d6S Genel Sekreteri Burak Mavi\u015f taraf\u0131ndan yap\u0131lan a\u00e7\u0131klamada, s\u00f6z konusu t\u00fcz\u00fck \u201cbeceriksizlikle harmanlanm\u0131\u015f bir manip\u00fclasyon \u00f6rne\u011fi\u201d olarak nitelendirildi.<br \/>A\u00e7\u0131klamada, Milli E\u011fitim Bakanl\u0131\u011f\u0131\u2019n\u0131n \u00f6\u011fretmenli\u011fi bir yar\u0131\u015f s\u0131nav\u0131na d\u00f6n\u00fc\u015ft\u00fcrme h\u0131rs\u0131yla hareket etti\u011fi, e\u011fitim sisteminin en temel yap\u0131lar\u0131ndan biri olan \u00f6\u011fretmen istihdam\u0131n\u0131 keyfi \u015fekilde d\u00f6n\u00fc\u015ft\u00fcrmek istedi\u011fi savunuldu.<\/p>\n<p>\u0130ki ay \u00f6nce sendikalarla yap\u0131lan g\u00f6r\u00fc\u015fmede \u201c\u00f6\u011fretmeni cezaland\u0131r\u0131c\u0131 maddeler\u201d ve\u201cm\u00fclakatla s\u0131ralama bozma giri\u015fimleri\u201d gibi konular\u0131n g\u00fcndeme geldi\u011fi ve bunlar\u0131n niyeti ortaya koydu\u011fu ileri s\u00fcr\u00fclen a\u00e7\u0131klamada, \u201cBakanl\u0131\u011f\u0131n \u2018uzun s\u00fcredir \u00e7al\u0131\u015f\u0131yoruz\u2019 s\u00f6ylemi, dayatmalar\u0131n\u0131 me\u015frula\u015ft\u0131rma \u00e7abas\u0131d\u0131r.\u201d denildi.<\/p>\n<p>\u0130lkokul \u00f6\u011fretmenlerinde s\u0131ralaman\u0131n ya\u015fa g\u00f6re yap\u0131ld\u0131\u011f\u0131 ve bunun \u2018d\u00fcnyaya ayk\u0131r\u0131\u2019 oldu\u011fu iddias\u0131n\u0131n \u201cbilgisizli\u011fin\u201d, ba\u015far\u0131ya g\u00f6re s\u0131ralaman\u0131n yap\u0131lmad\u0131\u011f\u0131 iddias\u0131n\u0131n ise \u201cbilgisizlik ve kamu eliyle y\u00fcr\u00fct\u00fclen \u00f6\u011fretmen yeti\u015ftirme sistemine duyulan g\u00fcvensizli\u011fin g\u00f6stergesi\u201d oldu\u011fu ileri s\u00fcr\u00fclen a\u00e7\u0131klamada, \u015funlar kaydedildi:<br \/>\u201cKKTC\u2019de ilkokul \u00f6\u011fretmenleri, Atat\u00fcrk \u00d6\u011fretmen Akademisi gibi anayasal g\u00fcvencede olan, k\u00f6kl\u00fc bir kamu kurumunda d\u00f6rt y\u0131l boyunca bilimsel, pedagojik ve etik yeterliklerle donat\u0131larak yeti\u015ftirilmektedir. Bakanl\u0131\u011f\u0131n bu kuruma ra\u011fmen \u2018ba\u015far\u0131 s\u0131nav\u0131\u2019 kurgulamas\u0131, Akademi\u2019nin 4 y\u0131ll\u0131k e\u011fitimi, staj uygulamalar\u0131 ve de\u011ferlendirme sistemi sonras\u0131 mezun olan bir \u00f6\u011fretmeni yeniden s\u0131nava sokmak, bu kuruma duyulan g\u00fcvensizli\u011fin a\u00e7\u0131k ilan\u0131d\u0131r.\u201d<\/p>\n<p>\u2013 \u201cPDR \u00f6\u011fretmenleriyle ilgili verilen \u00f6rnekler yan\u0131lt\u0131c\u0131\u201d<\/p>\n<p>PDR \u00f6\u011fretmenleriyle ilgili verilen \u00f6rneklerin de kamuoyunu yan\u0131lt\u0131c\u0131 oldu\u011fu iddia edilen a\u00e7\u0131klamada, 2023 y\u0131l\u0131nda yap\u0131lan al\u0131mlar\u0131n mevcut t\u00fcz\u00fckle ve adil bir bi\u00e7imde yap\u0131ld\u0131\u011f\u0131, 2024 y\u0131l\u0131nda ya\u015fanan sorunun ise Bakanl\u0131\u011f\u0131n ge\u00e7en y\u0131l yapt\u0131\u011f\u0131 hatal\u0131 t\u00fcz\u00fck de\u011fi\u015fikli\u011fi nedeniyle oldu\u011fu savunuldu. \u201cAyr\u0131ca PDR \u00f6\u011fretmenli\u011fini ayr\u0131 bir kadro olarak tan\u0131mlamak yerine \u2018ilkokul \u00f6\u011fretmeni\u2019 sayma \u0131srar\u0131, teknik de\u011fil siyasi bir tercihtir. Sorumlusu da Bakanl\u0131kt\u0131r.\u201d denildi.<br \/>Bir y\u0131l \u00f6nce de\u011fi\u015ftirilen sistemin yeniden de\u011fi\u015ftirilmesinin de \u201c\u00f6ng\u00f6r\u00fcs\u00fczl\u00fck\u201d olarak de\u011ferlendirildi\u011fi a\u00e7\u0131klamada, s\u0131nav say\u0131s\u0131n\u0131n \u00fc\u00e7e \u00e7\u0131kar\u0131lmas\u0131 \u00f6nerisi de ele\u015ftirilerek, bunun adaylar a\u00e7\u0131s\u0131ndan ciddi bir ekonomik ve psikolojik y\u00fck oldu\u011fu ifade edildi, kamusal maliyetine dikkat \u00e7ekildi.<br \/>\u201cAyn\u0131 hatalar\u0131 tekrar ederek hangi vizyon yarat\u0131l\u0131yor?E\u011fitim sisteminin temel bile\u015fenleriyle neden s\u00fcrekli isti\u015faresiz ve keyfi \u015fekilde oynan\u0131yor?Her y\u0131l sistemin de\u011fi\u015fmesi kime fayda sa\u011fl\u0131yor?\u201d diye sorulan a\u00e7\u0131klamada, E\u011fitim Bakanl\u0131\u011f\u0131 \u201cliyakat ve \u00f6ng\u00f6r\u00fcden uzak kararlar almakla\u201d ele\u015ftirildi.<br \/>A\u00e7\u0131klamada, \u201cKT\u00d6S olarak bu t\u00fcz\u00fc\u011f\u00fc kabul etmiyoruz. Bilimsel, \u015feffaf, \u00f6ng\u00f6r\u00fclebilir ve pedagojik temelli bir istihdam sistemi i\u00e7in m\u00fccadeleye devam edece\u011fiz.\u201d denildi.<\/p>\n<p>TAK<\/p>\n<\/p><\/div>\n<p><script async\n                    defer\n                    crossorigin=\"anonymous\"\n                    src=\"https:\/\/connect.facebook.net\/tr_TR\/sdk.js#xfbml=1&#038;version=v3.3\"\n            ><\/script><\/p>\n","protected":false},"excerpt":{"rendered":"<p>K\u0131br\u0131s T\u00fcrk \u00d6\u011fretmenler Sendikas\u0131 (KT\u00d6S), \u00d6\u011fretmenler S\u0131nav T\u00fcz\u00fc\u011f\u00fc\u2019ndeki d\u00fczenlemelere tepki g\u00f6stererek, \u201cBakanl\u0131\u011f\u0131n \u2018isti\u015fare ettik\u2019 s\u00f6ylemi ger\u00e7e\u011fi yans\u0131tmamaktad\u0131r. KT\u00d6S ve KTOE\u00d6S ile iki ay \u00f6nce, bamba\u015fka bir taslak \u00fczerinden bir g\u00f6r\u00fc\u015fme yap\u0131lm\u0131\u015ft\u0131r.\u201d ifadelerini kulland\u0131. KT\u00d6S Genel Sekreteri Burak Mavi\u015f taraf\u0131ndan yap\u0131lan a\u00e7\u0131klamada, s\u00f6z konusu t\u00fcz\u00fck \u201cbeceriksizlikle harmanlanm\u0131\u015f bir manip\u00fclasyon \u00f6rne\u011fi\u201d olarak nitelendirildi.A\u00e7\u0131klamada, Milli E\u011fitim Bakanl\u0131\u011f\u0131\u2019n\u0131n \u00f6\u011fretmenli\u011fi<\/p>\n","protected":false},"author":1,"featured_media":69604,"comment_status":"open","ping_status":"open","sticky":false,"template":"","format":"standard","meta":{"footnotes":""},"categories":[81,101],"tags":[],"class_list":["post-82013","post","type-post","status-publish","format-standard","has-post-thumbnail","hentry","category-kibris","category-manset"],"yoast_head":"<!-- This site is optimized with the Yoast SEO plugin v27.5 - https:\/\/yoast.com\/product\/yoast-seo-wordpress\/ -->\n<title>KT\u00d6S\u2019ten \u00d6\u011fretmenler S\u0131nav T\u00fcz\u00fc\u011f\u00fc\u2019ndeki d\u00fczenlemelere tepki -<\/title>\n<meta name=\"robots\" content=\"index, follow, max-snippet:-1, max-image-preview:large, max-video-preview:-1\" \/>\n<link rel=\"canonical\" href=\"https:\/\/kibrisdakik.com\/?p=82013\" \/>\n<meta property=\"og:locale\" content=\"tr_TR\" \/>\n<meta property=\"og:type\" content=\"article\" \/>\n<meta property=\"og:title\" content=\"KT\u00d6S\u2019ten \u00d6\u011fretmenler S\u0131nav T\u00fcz\u00fc\u011f\u00fc\u2019ndeki d\u00fczenlemelere tepki -\" \/>\n<meta property=\"og:description\" content=\"K\u0131br\u0131s T\u00fcrk \u00d6\u011fretmenler Sendikas\u0131 (KT\u00d6S), \u00d6\u011fretmenler S\u0131nav T\u00fcz\u00fc\u011f\u00fc\u2019ndeki d\u00fczenlemelere tepki g\u00f6stererek, \u201cBakanl\u0131\u011f\u0131n \u2018isti\u015fare ettik\u2019 s\u00f6ylemi ger\u00e7e\u011fi yans\u0131tmamaktad\u0131r. KT\u00d6S ve KTOE\u00d6S ile iki ay \u00f6nce, bamba\u015fka bir taslak \u00fczerinden bir g\u00f6r\u00fc\u015fme yap\u0131lm\u0131\u015ft\u0131r.\u201d ifadelerini kulland\u0131. KT\u00d6S Genel Sekreteri Burak Mavi\u015f taraf\u0131ndan yap\u0131lan a\u00e7\u0131klamada, s\u00f6z konusu t\u00fcz\u00fck \u201cbeceriksizlikle harmanlanm\u0131\u015f bir manip\u00fclasyon \u00f6rne\u011fi\u201d olarak nitelendirildi.A\u00e7\u0131klamada, Milli E\u011fitim Bakanl\u0131\u011f\u0131\u2019n\u0131n \u00f6\u011fretmenli\u011fi\" \/>\n<meta property=\"og:url\" content=\"https:\/\/kibrisdakik.com\/?p=82013\" \/>\n<meta property=\"article:published_time\" content=\"2025-05-11T10:48:07+00:00\" \/>\n<meta property=\"og:image\" content=\"https:\/\/kibrisdakik.com\/wp-content\/uploads\/2024\/11\/ktos291-740x420.jpg\" \/>\n\t<meta property=\"og:image:width\" content=\"971\" \/>\n\t<meta property=\"og:image:height\" content=\"551\" \/>\n\t<meta property=\"og:image:type\" content=\"image\/jpeg\" \/>\n<meta name=\"author\" content=\"admin\" \/>\n<meta name=\"twitter:card\" content=\"summary_large_image\" \/>\n<meta name=\"twitter:label1\" content=\"Yazan:\" \/>\n\t<meta name=\"twitter:data1\" content=\"admin\" \/>\n\t<meta name=\"twitter:label2\" content=\"Tahmini okuma s\u00fcresi\" \/>\n\t<meta name=\"twitter:data2\" content=\"3 dakika\" \/>\n<script type=\"application\/ld+json\" class=\"yoast-schema-graph\">{\"@context\":\"https:\\\/\\\/schema.org\",\"@graph\":[{\"@type\":\"Article\",\"@id\":\"https:\\\/\\\/kibrisdakik.com\\\/?p=82013#article\",\"isPartOf\":{\"@id\":\"https:\\\/\\\/kibrisdakik.com\\\/?p=82013\"},\"author\":{\"name\":\"admin\",\"@id\":\"https:\\\/\\\/kibrisdakik.com\\\/#\\\/schema\\\/person\\\/9cd9d437bbb44f72b73ba127e06d8e79\"},\"headline\":\"KT\u00d6S\u2019ten \u00d6\u011fretmenler S\u0131nav T\u00fcz\u00fc\u011f\u00fc\u2019ndeki d\u00fczenlemelere tepki\",\"datePublished\":\"2025-05-11T10:48:07+00:00\",\"mainEntityOfPage\":{\"@id\":\"https:\\\/\\\/kibrisdakik.com\\\/?p=82013\"},\"wordCount\":584,\"commentCount\":0,\"image\":{\"@id\":\"https:\\\/\\\/kibrisdakik.com\\\/?p=82013#primaryimage\"},\"thumbnailUrl\":\"https:\\\/\\\/kibrisdakik.com\\\/wp-content\\\/uploads\\\/2024\\\/11\\\/ktos291-740x420.jpg\",\"articleSection\":[\"K\u0131br\u0131s\",\"Man\u015fet\"],\"inLanguage\":\"tr\",\"potentialAction\":[{\"@type\":\"CommentAction\",\"name\":\"Comment\",\"target\":[\"https:\\\/\\\/kibrisdakik.com\\\/?p=82013#respond\"]}]},{\"@type\":\"WebPage\",\"@id\":\"https:\\\/\\\/kibrisdakik.com\\\/?p=82013\",\"url\":\"https:\\\/\\\/kibrisdakik.com\\\/?p=82013\",\"name\":\"KT\u00d6S\u2019ten \u00d6\u011fretmenler S\u0131nav T\u00fcz\u00fc\u011f\u00fc\u2019ndeki d\u00fczenlemelere tepki -\",\"isPartOf\":{\"@id\":\"https:\\\/\\\/kibrisdakik.com\\\/#website\"},\"primaryImageOfPage\":{\"@id\":\"https:\\\/\\\/kibrisdakik.com\\\/?p=82013#primaryimage\"},\"image\":{\"@id\":\"https:\\\/\\\/kibrisdakik.com\\\/?p=82013#primaryimage\"},\"thumbnailUrl\":\"https:\\\/\\\/kibrisdakik.com\\\/wp-content\\\/uploads\\\/2024\\\/11\\\/ktos291-740x420.jpg\",\"datePublished\":\"2025-05-11T10:48:07+00:00\",\"author\":{\"@id\":\"https:\\\/\\\/kibrisdakik.com\\\/#\\\/schema\\\/person\\\/9cd9d437bbb44f72b73ba127e06d8e79\"},\"breadcrumb\":{\"@id\":\"https:\\\/\\\/kibrisdakik.com\\\/?p=82013#breadcrumb\"},\"inLanguage\":\"tr\",\"potentialAction\":[{\"@type\":\"ReadAction\",\"target\":[\"https:\\\/\\\/kibrisdakik.com\\\/?p=82013\"]}]},{\"@type\":\"ImageObject\",\"inLanguage\":\"tr\",\"@id\":\"https:\\\/\\\/kibrisdakik.com\\\/?p=82013#primaryimage\",\"url\":\"https:\\\/\\\/kibrisdakik.com\\\/wp-content\\\/uploads\\\/2024\\\/11\\\/ktos291-740x420.jpg\",\"contentUrl\":\"https:\\\/\\\/kibrisdakik.com\\\/wp-content\\\/uploads\\\/2024\\\/11\\\/ktos291-740x420.jpg\",\"width\":971,\"height\":551},{\"@type\":\"BreadcrumbList\",\"@id\":\"https:\\\/\\\/kibrisdakik.com\\\/?p=82013#breadcrumb\",\"itemListElement\":[{\"@type\":\"ListItem\",\"position\":1,\"name\":\"Home\",\"item\":\"https:\\\/\\\/kibrisdakik.com\\\/\"},{\"@type\":\"ListItem\",\"position\":2,\"name\":\"KT\u00d6S\u2019ten \u00d6\u011fretmenler S\u0131nav T\u00fcz\u00fc\u011f\u00fc\u2019ndeki d\u00fczenlemelere tepki\"}]},{\"@type\":\"WebSite\",\"@id\":\"https:\\\/\\\/kibrisdakik.com\\\/#website\",\"url\":\"https:\\\/\\\/kibrisdakik.com\\\/\",\"name\":\"\",\"description\":\"Tam vaktinde haber\",\"potentialAction\":[{\"@type\":\"SearchAction\",\"target\":{\"@type\":\"EntryPoint\",\"urlTemplate\":\"https:\\\/\\\/kibrisdakik.com\\\/?s={search_term_string}\"},\"query-input\":{\"@type\":\"PropertyValueSpecification\",\"valueRequired\":true,\"valueName\":\"search_term_string\"}}],\"inLanguage\":\"tr\"},{\"@type\":\"Person\",\"@id\":\"https:\\\/\\\/kibrisdakik.com\\\/#\\\/schema\\\/person\\\/9cd9d437bbb44f72b73ba127e06d8e79\",\"name\":\"admin\",\"image\":{\"@type\":\"ImageObject\",\"inLanguage\":\"tr\",\"@id\":\"https:\\\/\\\/secure.gravatar.com\\\/avatar\\\/ccc17943b9d660506c869530f897617f7cb1c21a4bf30023f252596d83e1f007?s=96&d=mm&r=g\",\"url\":\"https:\\\/\\\/secure.gravatar.com\\\/avatar\\\/ccc17943b9d660506c869530f897617f7cb1c21a4bf30023f252596d83e1f007?s=96&d=mm&r=g\",\"contentUrl\":\"https:\\\/\\\/secure.gravatar.com\\\/avatar\\\/ccc17943b9d660506c869530f897617f7cb1c21a4bf30023f252596d83e1f007?s=96&d=mm&r=g\",\"caption\":\"admin\"},\"sameAs\":[\"https:\\\/\\\/kibrisdakik.com\"],\"url\":\"https:\\\/\\\/kibrisdakik.com\\\/?author=1\"}]}<\/script>\n<!-- \/ Yoast SEO plugin. -->","yoast_head_json":{"title":"KT\u00d6S\u2019ten \u00d6\u011fretmenler S\u0131nav T\u00fcz\u00fc\u011f\u00fc\u2019ndeki d\u00fczenlemelere tepki -","robots":{"index":"index","follow":"follow","max-snippet":"max-snippet:-1","max-image-preview":"max-image-preview:large","max-video-preview":"max-video-preview:-1"},"canonical":"https:\/\/kibrisdakik.com\/?p=82013","og_locale":"tr_TR","og_type":"article","og_title":"KT\u00d6S\u2019ten \u00d6\u011fretmenler S\u0131nav T\u00fcz\u00fc\u011f\u00fc\u2019ndeki d\u00fczenlemelere tepki -","og_description":"K\u0131br\u0131s T\u00fcrk \u00d6\u011fretmenler Sendikas\u0131 (KT\u00d6S), \u00d6\u011fretmenler S\u0131nav T\u00fcz\u00fc\u011f\u00fc\u2019ndeki d\u00fczenlemelere tepki g\u00f6stererek, \u201cBakanl\u0131\u011f\u0131n \u2018isti\u015fare ettik\u2019 s\u00f6ylemi ger\u00e7e\u011fi yans\u0131tmamaktad\u0131r. KT\u00d6S ve KTOE\u00d6S ile iki ay \u00f6nce, bamba\u015fka bir taslak \u00fczerinden bir g\u00f6r\u00fc\u015fme yap\u0131lm\u0131\u015ft\u0131r.\u201d ifadelerini kulland\u0131. KT\u00d6S Genel Sekreteri Burak Mavi\u015f taraf\u0131ndan yap\u0131lan a\u00e7\u0131klamada, s\u00f6z konusu t\u00fcz\u00fck \u201cbeceriksizlikle harmanlanm\u0131\u015f bir manip\u00fclasyon \u00f6rne\u011fi\u201d olarak nitelendirildi.A\u00e7\u0131klamada, Milli E\u011fitim Bakanl\u0131\u011f\u0131\u2019n\u0131n \u00f6\u011fretmenli\u011fi","og_url":"https:\/\/kibrisdakik.com\/?p=82013","article_published_time":"2025-05-11T10:48:07+00:00","og_image":[{"width":971,"height":551,"url":"https:\/\/kibrisdakik.com\/wp-content\/uploads\/2024\/11\/ktos291-740x420.jpg","type":"image\/jpeg"}],"author":"admin","twitter_card":"summary_large_image","twitter_misc":{"Yazan:":"admin","Tahmini okuma s\u00fcresi":"3 dakika"},"schema":{"@context":"https:\/\/schema.org","@graph":[{"@type":"Article","@id":"https:\/\/kibrisdakik.com\/?p=82013#article","isPartOf":{"@id":"https:\/\/kibrisdakik.com\/?p=82013"},"author":{"name":"admin","@id":"https:\/\/kibrisdakik.com\/#\/schema\/person\/9cd9d437bbb44f72b73ba127e06d8e79"},"headline":"KT\u00d6S\u2019ten \u00d6\u011fretmenler S\u0131nav T\u00fcz\u00fc\u011f\u00fc\u2019ndeki d\u00fczenlemelere tepki","datePublished":"2025-05-11T10:48:07+00:00","mainEntityOfPage":{"@id":"https:\/\/kibrisdakik.com\/?p=82013"},"wordCount":584,"commentCount":0,"image":{"@id":"https:\/\/kibrisdakik.com\/?p=82013#primaryimage"},"thumbnailUrl":"https:\/\/kibrisdakik.com\/wp-content\/uploads\/2024\/11\/ktos291-740x420.jpg","articleSection":["K\u0131br\u0131s","Man\u015fet"],"inLanguage":"tr","potentialAction":[{"@type":"CommentAction","name":"Comment","target":["https:\/\/kibrisdakik.com\/?p=82013#respond"]}]},{"@type":"WebPage","@id":"https:\/\/kibrisdakik.com\/?p=82013","url":"https:\/\/kibrisdakik.com\/?p=82013","name":"KT\u00d6S\u2019ten \u00d6\u011fretmenler S\u0131nav T\u00fcz\u00fc\u011f\u00fc\u2019ndeki d\u00fczenlemelere tepki -","isPartOf":{"@id":"https:\/\/kibrisdakik.com\/#website"},"primaryImageOfPage":{"@id":"https:\/\/kibrisdakik.com\/?p=82013#primaryimage"},"image":{"@id":"https:\/\/kibrisdakik.com\/?p=82013#primaryimage"},"thumbnailUrl":"https:\/\/kibrisdakik.com\/wp-content\/uploads\/2024\/11\/ktos291-740x420.jpg","datePublished":"2025-05-11T10:48:07+00:00","author":{"@id":"https:\/\/kibrisdakik.com\/#\/schema\/person\/9cd9d437bbb44f72b73ba127e06d8e79"},"breadcrumb":{"@id":"https:\/\/kibrisdakik.com\/?p=82013#breadcrumb"},"inLanguage":"tr","potentialAction":[{"@type":"ReadAction","target":["https:\/\/kibrisdakik.com\/?p=82013"]}]},{"@type":"ImageObject","inLanguage":"tr","@id":"https:\/\/kibrisdakik.com\/?p=82013#primaryimage","url":"https:\/\/kibrisdakik.com\/wp-content\/uploads\/2024\/11\/ktos291-740x420.jpg","contentUrl":"https:\/\/kibrisdakik.com\/wp-content\/uploads\/2024\/11\/ktos291-740x420.jpg","width":971,"height":551},{"@type":"BreadcrumbList","@id":"https:\/\/kibrisdakik.com\/?p=82013#breadcrumb","itemListElement":[{"@type":"ListItem","position":1,"name":"Home","item":"https:\/\/kibrisdakik.com\/"},{"@type":"ListItem","position":2,"name":"KT\u00d6S\u2019ten \u00d6\u011fretmenler S\u0131nav T\u00fcz\u00fc\u011f\u00fc\u2019ndeki d\u00fczenlemelere tepki"}]},{"@type":"WebSite","@id":"https:\/\/kibrisdakik.com\/#website","url":"https:\/\/kibrisdakik.com\/","name":"","description":"Tam vaktinde haber","potentialAction":[{"@type":"SearchAction","target":{"@type":"EntryPoint","urlTemplate":"https:\/\/kibrisdakik.com\/?s={search_term_string}"},"query-input":{"@type":"PropertyValueSpecification","valueRequired":true,"valueName":"search_term_string"}}],"inLanguage":"tr"},{"@type":"Person","@id":"https:\/\/kibrisdakik.com\/#\/schema\/person\/9cd9d437bbb44f72b73ba127e06d8e79","name":"admin","image":{"@type":"ImageObject","inLanguage":"tr","@id":"https:\/\/secure.gravatar.com\/avatar\/ccc17943b9d660506c869530f897617f7cb1c21a4bf30023f252596d83e1f007?s=96&d=mm&r=g","url":"https:\/\/secure.gravatar.com\/avatar\/ccc17943b9d660506c869530f897617f7cb1c21a4bf30023f252596d83e1f007?s=96&d=mm&r=g","contentUrl":"https:\/\/secure.gravatar.com\/avatar\/ccc17943b9d660506c869530f897617f7cb1c21a4bf30023f252596d83e1f007?s=96&d=mm&r=g","caption":"admin"},"sameAs":["https:\/\/kibrisdakik.com"],"url":"https:\/\/kibrisdakik.com\/?author=1"}]}},"_links":{"self":[{"href":"https:\/\/kibrisdakik.com\/index.php?rest_route=\/wp\/v2\/posts\/82013","targetHints":{"allow":["GET"]}}],"collection":[{"href":"https:\/\/kibrisdakik.com\/index.php?rest_route=\/wp\/v2\/posts"}],"about":[{"href":"https:\/\/kibrisdakik.com\/index.php?rest_route=\/wp\/v2\/types\/post"}],"author":[{"embeddable":true,"href":"https:\/\/kibrisdakik.com\/index.php?rest_route=\/wp\/v2\/users\/1"}],"replies":[{"embeddable":true,"href":"https:\/\/kibrisdakik.com\/index.php?rest_route=%2Fwp%2Fv2%2Fcomments&post=82013"}],"version-history":[{"count":0,"href":"https:\/\/kibrisdakik.com\/index.php?rest_route=\/wp\/v2\/posts\/82013\/revisions"}],"wp:featuredmedia":[{"embeddable":true,"href":"https:\/\/kibrisdakik.com\/index.php?rest_route=\/wp\/v2\/media\/69604"}],"wp:attachment":[{"href":"https:\/\/kibrisdakik.com\/index.php?rest_route=%2Fwp%2Fv2%2Fmedia&parent=82013"}],"wp:term":[{"taxonomy":"category","embeddable":true,"href":"https:\/\/kibrisdakik.com\/index.php?rest_route=%2Fwp%2Fv2%2Fcategories&post=82013"},{"taxonomy":"post_tag","embeddable":true,"href":"https:\/\/kibrisdakik.com\/index.php?rest_route=%2Fwp%2Fv2%2Ftags&post=82013"}],"curies":[{"name":"wp","href":"https:\/\/api.w.org\/{rel}","templated":true}]}}