{"id":82019,"date":"2025-05-11T14:21:10","date_gmt":"2025-05-11T11:21:10","guid":{"rendered":"https:\/\/kibrisdakik.com\/index.php\/2025\/05\/11\/tarim-ve-dogal-kaynaklar-bakani-huseyin-cavus-anneler-gunu-dolayisiyla-mesaj-yayimladi\/"},"modified":"2025-05-11T14:21:10","modified_gmt":"2025-05-11T11:21:10","slug":"tarim-ve-dogal-kaynaklar-bakani-huseyin-cavus-anneler-gunu-dolayisiyla-mesaj-yayimladi","status":"publish","type":"post","link":"https:\/\/kibrisdakik.com\/?p=82019","title":{"rendered":"Tar\u0131m ve Do\u011fal Kaynaklar Bakan\u0131 H\u00fcseyin \u00c7avu\u015f, Anneler G\u00fcn\u00fc dolay\u0131s\u0131yla mesaj yay\u0131mlad\u0131"},"content":{"rendered":"<div>\n<div class=\"mariselle-image-container center\">\n                                            <\/div>\n<p> Tar\u0131m ve Do\u011fal Kaynaklar Bakan\u0131 H\u00fcseyin \u00c7avu\u015f, Anneler G\u00fcn\u00fc dolay\u0131s\u0131yla mesaj yay\u0131mlad\u0131.<br \/>\u00c7avu\u015f mesaj\u0131nda \u015funlar\u0131 kaydetti:<\/p>\n<p>\u201cHayat\u0131m\u0131za sevgi, \u015fefkat ve fedak\u00e2rl\u0131klar\u0131yla y\u00f6n veren t\u00fcm annelerimizin Anneler G\u00fcn\u00fc\u2019n\u00fc en i\u00e7ten duygular\u0131mla kutluyorum. Annelerimiz, yaln\u0131zca evlatlar\u0131n\u0131 b\u00fcy\u00fctmekle kalmay\u0131p, \u00fclkemizin geli\u015fmesi ve kalk\u0131nmas\u0131nda da aktif rol \u00fcstlenen en b\u00fcy\u00fck emek\u00e7ilerdendir. Tar\u0131m\u0131n her alan\u0131nda al\u0131n teri d\u00f6ken, \u00fcretimin y\u00fck\u00fcn\u00fc s\u0131rtlayan kad\u0131nlar\u0131m\u0131z ve annelerimiz, Kuzey K\u0131br\u0131s T\u00fcrk Cumhuriyeti\u2019nin topra\u011f\u0131n\u0131 bereketle bulu\u015fturan gizli kahramanlard\u0131r.<br \/>Bu anlaml\u0131 g\u00fcnde, \u015fehitlerimizin k\u0131ymetli anneleri ba\u015fta olmak \u00fczere, aram\u0131zdan ayr\u0131lm\u0131\u015f t\u00fcm annelerimizi rahmet ve minnetle an\u0131yor; fedak\u00e2rl\u0131klar\u0131yla hayat\u0131m\u0131za de\u011fer katan t\u00fcm annelerimizin Anneler G\u00fcn\u00fc\u2019n\u00fc sevgi ve sayg\u0131yla kutluyorum.\u201d<\/p>\n<\/p><\/div>\n<p><script async\n                    defer\n                    crossorigin=\"anonymous\"\n                    src=\"https:\/\/connect.facebook.net\/tr_TR\/sdk.js#xfbml=1&#038;version=v3.3\"\n            ><\/script><\/p>\n","protected":false},"excerpt":{"rendered":"<p>Tar\u0131m ve Do\u011fal Kaynaklar Bakan\u0131 H\u00fcseyin \u00c7avu\u015f, Anneler G\u00fcn\u00fc dolay\u0131s\u0131yla mesaj yay\u0131mlad\u0131.\u00c7avu\u015f mesaj\u0131nda \u015funlar\u0131 kaydetti: \u201cHayat\u0131m\u0131za sevgi, \u015fefkat ve fedak\u00e2rl\u0131klar\u0131yla y\u00f6n veren t\u00fcm annelerimizin Anneler G\u00fcn\u00fc\u2019n\u00fc en i\u00e7ten duygular\u0131mla kutluyorum. Annelerimiz, yaln\u0131zca evlatlar\u0131n\u0131 b\u00fcy\u00fctmekle kalmay\u0131p, \u00fclkemizin geli\u015fmesi ve kalk\u0131nmas\u0131nda da aktif rol \u00fcstlenen en b\u00fcy\u00fck emek\u00e7ilerdendir. Tar\u0131m\u0131n her alan\u0131nda al\u0131n teri d\u00f6ken, \u00fcretimin y\u00fck\u00fcn\u00fc s\u0131rtlayan<\/p>\n","protected":false},"author":1,"featured_media":44716,"comment_status":"open","ping_status":"open","sticky":false,"template":"","format":"standard","meta":{"footnotes":""},"categories":[81,101],"tags":[],"class_list":["post-82019","post","type-post","status-publish","format-standard","has-post-thumbnail","hentry","category-kibris","category-manset"],"yoast_head":"<!-- This site is optimized with the Yoast SEO plugin v27.5 - https:\/\/yoast.com\/product\/yoast-seo-wordpress\/ -->\n<title>Tar\u0131m ve Do\u011fal Kaynaklar Bakan\u0131 H\u00fcseyin \u00c7avu\u015f, Anneler G\u00fcn\u00fc dolay\u0131s\u0131yla mesaj yay\u0131mlad\u0131 -<\/title>\n<meta name=\"robots\" content=\"index, follow, max-snippet:-1, max-image-preview:large, max-video-preview:-1\" \/>\n<link rel=\"canonical\" href=\"https:\/\/kibrisdakik.com\/?p=82019\" \/>\n<meta property=\"og:locale\" content=\"tr_TR\" \/>\n<meta property=\"og:type\" content=\"article\" \/>\n<meta property=\"og:title\" content=\"Tar\u0131m ve Do\u011fal Kaynaklar Bakan\u0131 H\u00fcseyin \u00c7avu\u015f, Anneler G\u00fcn\u00fc dolay\u0131s\u0131yla mesaj yay\u0131mlad\u0131 -\" \/>\n<meta property=\"og:description\" content=\"Tar\u0131m ve Do\u011fal Kaynaklar Bakan\u0131 H\u00fcseyin \u00c7avu\u015f, Anneler G\u00fcn\u00fc dolay\u0131s\u0131yla mesaj yay\u0131mlad\u0131.\u00c7avu\u015f mesaj\u0131nda \u015funlar\u0131 kaydetti: \u201cHayat\u0131m\u0131za sevgi, \u015fefkat ve fedak\u00e2rl\u0131klar\u0131yla y\u00f6n veren t\u00fcm annelerimizin Anneler G\u00fcn\u00fc\u2019n\u00fc en i\u00e7ten duygular\u0131mla kutluyorum. Annelerimiz, yaln\u0131zca evlatlar\u0131n\u0131 b\u00fcy\u00fctmekle kalmay\u0131p, \u00fclkemizin geli\u015fmesi ve kalk\u0131nmas\u0131nda da aktif rol \u00fcstlenen en b\u00fcy\u00fck emek\u00e7ilerdendir. Tar\u0131m\u0131n her alan\u0131nda al\u0131n teri d\u00f6ken, \u00fcretimin y\u00fck\u00fcn\u00fc s\u0131rtlayan\" \/>\n<meta property=\"og:url\" content=\"https:\/\/kibrisdakik.com\/?p=82019\" \/>\n<meta property=\"article:published_time\" content=\"2025-05-11T11:21:10+00:00\" \/>\n<meta property=\"og:image\" content=\"https:\/\/kibrisdakik.com\/wp-content\/uploads\/2024\/06\/kelle-34-scaled-740x420.jpg\" \/>\n\t<meta property=\"og:image:width\" content=\"2560\" \/>\n\t<meta property=\"og:image:height\" content=\"1709\" \/>\n\t<meta property=\"og:image:type\" content=\"image\/jpeg\" \/>\n<meta name=\"author\" content=\"admin\" \/>\n<meta name=\"twitter:card\" content=\"summary_large_image\" \/>\n<meta name=\"twitter:label1\" content=\"Yazan:\" \/>\n\t<meta name=\"twitter:data1\" content=\"admin\" \/>\n\t<meta name=\"twitter:label2\" content=\"Tahmini okuma s\u00fcresi\" \/>\n\t<meta name=\"twitter:data2\" content=\"1 dakika\" \/>\n<script type=\"application\/ld+json\" class=\"yoast-schema-graph\">{\"@context\":\"https:\\\/\\\/schema.org\",\"@graph\":[{\"@type\":\"Article\",\"@id\":\"https:\\\/\\\/kibrisdakik.com\\\/?p=82019#article\",\"isPartOf\":{\"@id\":\"https:\\\/\\\/kibrisdakik.com\\\/?p=82019\"},\"author\":{\"name\":\"admin\",\"@id\":\"https:\\\/\\\/kibrisdakik.com\\\/#\\\/schema\\\/person\\\/9cd9d437bbb44f72b73ba127e06d8e79\"},\"headline\":\"Tar\u0131m ve Do\u011fal Kaynaklar Bakan\u0131 H\u00fcseyin \u00c7avu\u015f, Anneler G\u00fcn\u00fc dolay\u0131s\u0131yla mesaj yay\u0131mlad\u0131\",\"datePublished\":\"2025-05-11T11:21:10+00:00\",\"mainEntityOfPage\":{\"@id\":\"https:\\\/\\\/kibrisdakik.com\\\/?p=82019\"},\"wordCount\":181,\"commentCount\":0,\"image\":{\"@id\":\"https:\\\/\\\/kibrisdakik.com\\\/?p=82019#primaryimage\"},\"thumbnailUrl\":\"https:\\\/\\\/kibrisdakik.com\\\/wp-content\\\/uploads\\\/2024\\\/06\\\/kelle-34-scaled-740x420.jpg\",\"articleSection\":[\"K\u0131br\u0131s\",\"Man\u015fet\"],\"inLanguage\":\"tr\",\"potentialAction\":[{\"@type\":\"CommentAction\",\"name\":\"Comment\",\"target\":[\"https:\\\/\\\/kibrisdakik.com\\\/?p=82019#respond\"]}]},{\"@type\":\"WebPage\",\"@id\":\"https:\\\/\\\/kibrisdakik.com\\\/?p=82019\",\"url\":\"https:\\\/\\\/kibrisdakik.com\\\/?p=82019\",\"name\":\"Tar\u0131m ve Do\u011fal Kaynaklar Bakan\u0131 H\u00fcseyin \u00c7avu\u015f, Anneler G\u00fcn\u00fc dolay\u0131s\u0131yla mesaj yay\u0131mlad\u0131 -\",\"isPartOf\":{\"@id\":\"https:\\\/\\\/kibrisdakik.com\\\/#website\"},\"primaryImageOfPage\":{\"@id\":\"https:\\\/\\\/kibrisdakik.com\\\/?p=82019#primaryimage\"},\"image\":{\"@id\":\"https:\\\/\\\/kibrisdakik.com\\\/?p=82019#primaryimage\"},\"thumbnailUrl\":\"https:\\\/\\\/kibrisdakik.com\\\/wp-content\\\/uploads\\\/2024\\\/06\\\/kelle-34-scaled-740x420.jpg\",\"datePublished\":\"2025-05-11T11:21:10+00:00\",\"author\":{\"@id\":\"https:\\\/\\\/kibrisdakik.com\\\/#\\\/schema\\\/person\\\/9cd9d437bbb44f72b73ba127e06d8e79\"},\"breadcrumb\":{\"@id\":\"https:\\\/\\\/kibrisdakik.com\\\/?p=82019#breadcrumb\"},\"inLanguage\":\"tr\",\"potentialAction\":[{\"@type\":\"ReadAction\",\"target\":[\"https:\\\/\\\/kibrisdakik.com\\\/?p=82019\"]}]},{\"@type\":\"ImageObject\",\"inLanguage\":\"tr\",\"@id\":\"https:\\\/\\\/kibrisdakik.com\\\/?p=82019#primaryimage\",\"url\":\"https:\\\/\\\/kibrisdakik.com\\\/wp-content\\\/uploads\\\/2024\\\/06\\\/kelle-34-scaled-740x420.jpg\",\"contentUrl\":\"https:\\\/\\\/kibrisdakik.com\\\/wp-content\\\/uploads\\\/2024\\\/06\\\/kelle-34-scaled-740x420.jpg\",\"width\":2560,\"height\":1709},{\"@type\":\"BreadcrumbList\",\"@id\":\"https:\\\/\\\/kibrisdakik.com\\\/?p=82019#breadcrumb\",\"itemListElement\":[{\"@type\":\"ListItem\",\"position\":1,\"name\":\"Home\",\"item\":\"https:\\\/\\\/kibrisdakik.com\\\/\"},{\"@type\":\"ListItem\",\"position\":2,\"name\":\"Tar\u0131m ve Do\u011fal Kaynaklar Bakan\u0131 H\u00fcseyin \u00c7avu\u015f, Anneler G\u00fcn\u00fc dolay\u0131s\u0131yla mesaj yay\u0131mlad\u0131\"}]},{\"@type\":\"WebSite\",\"@id\":\"https:\\\/\\\/kibrisdakik.com\\\/#website\",\"url\":\"https:\\\/\\\/kibrisdakik.com\\\/\",\"name\":\"\",\"description\":\"Tam vaktinde haber\",\"potentialAction\":[{\"@type\":\"SearchAction\",\"target\":{\"@type\":\"EntryPoint\",\"urlTemplate\":\"https:\\\/\\\/kibrisdakik.com\\\/?s={search_term_string}\"},\"query-input\":{\"@type\":\"PropertyValueSpecification\",\"valueRequired\":true,\"valueName\":\"search_term_string\"}}],\"inLanguage\":\"tr\"},{\"@type\":\"Person\",\"@id\":\"https:\\\/\\\/kibrisdakik.com\\\/#\\\/schema\\\/person\\\/9cd9d437bbb44f72b73ba127e06d8e79\",\"name\":\"admin\",\"image\":{\"@type\":\"ImageObject\",\"inLanguage\":\"tr\",\"@id\":\"https:\\\/\\\/secure.gravatar.com\\\/avatar\\\/ccc17943b9d660506c869530f897617f7cb1c21a4bf30023f252596d83e1f007?s=96&d=mm&r=g\",\"url\":\"https:\\\/\\\/secure.gravatar.com\\\/avatar\\\/ccc17943b9d660506c869530f897617f7cb1c21a4bf30023f252596d83e1f007?s=96&d=mm&r=g\",\"contentUrl\":\"https:\\\/\\\/secure.gravatar.com\\\/avatar\\\/ccc17943b9d660506c869530f897617f7cb1c21a4bf30023f252596d83e1f007?s=96&d=mm&r=g\",\"caption\":\"admin\"},\"sameAs\":[\"https:\\\/\\\/kibrisdakik.com\"],\"url\":\"https:\\\/\\\/kibrisdakik.com\\\/?author=1\"}]}<\/script>\n<!-- \/ Yoast SEO plugin. -->","yoast_head_json":{"title":"Tar\u0131m ve Do\u011fal Kaynaklar Bakan\u0131 H\u00fcseyin \u00c7avu\u015f, Anneler G\u00fcn\u00fc dolay\u0131s\u0131yla mesaj yay\u0131mlad\u0131 -","robots":{"index":"index","follow":"follow","max-snippet":"max-snippet:-1","max-image-preview":"max-image-preview:large","max-video-preview":"max-video-preview:-1"},"canonical":"https:\/\/kibrisdakik.com\/?p=82019","og_locale":"tr_TR","og_type":"article","og_title":"Tar\u0131m ve Do\u011fal Kaynaklar Bakan\u0131 H\u00fcseyin \u00c7avu\u015f, Anneler G\u00fcn\u00fc dolay\u0131s\u0131yla mesaj yay\u0131mlad\u0131 -","og_description":"Tar\u0131m ve Do\u011fal Kaynaklar Bakan\u0131 H\u00fcseyin \u00c7avu\u015f, Anneler G\u00fcn\u00fc dolay\u0131s\u0131yla mesaj yay\u0131mlad\u0131.\u00c7avu\u015f mesaj\u0131nda \u015funlar\u0131 kaydetti: \u201cHayat\u0131m\u0131za sevgi, \u015fefkat ve fedak\u00e2rl\u0131klar\u0131yla y\u00f6n veren t\u00fcm annelerimizin Anneler G\u00fcn\u00fc\u2019n\u00fc en i\u00e7ten duygular\u0131mla kutluyorum. Annelerimiz, yaln\u0131zca evlatlar\u0131n\u0131 b\u00fcy\u00fctmekle kalmay\u0131p, \u00fclkemizin geli\u015fmesi ve kalk\u0131nmas\u0131nda da aktif rol \u00fcstlenen en b\u00fcy\u00fck emek\u00e7ilerdendir. Tar\u0131m\u0131n her alan\u0131nda al\u0131n teri d\u00f6ken, \u00fcretimin y\u00fck\u00fcn\u00fc s\u0131rtlayan","og_url":"https:\/\/kibrisdakik.com\/?p=82019","article_published_time":"2025-05-11T11:21:10+00:00","og_image":[{"width":2560,"height":1709,"url":"https:\/\/kibrisdakik.com\/wp-content\/uploads\/2024\/06\/kelle-34-scaled-740x420.jpg","type":"image\/jpeg"}],"author":"admin","twitter_card":"summary_large_image","twitter_misc":{"Yazan:":"admin","Tahmini okuma s\u00fcresi":"1 dakika"},"schema":{"@context":"https:\/\/schema.org","@graph":[{"@type":"Article","@id":"https:\/\/kibrisdakik.com\/?p=82019#article","isPartOf":{"@id":"https:\/\/kibrisdakik.com\/?p=82019"},"author":{"name":"admin","@id":"https:\/\/kibrisdakik.com\/#\/schema\/person\/9cd9d437bbb44f72b73ba127e06d8e79"},"headline":"Tar\u0131m ve Do\u011fal Kaynaklar Bakan\u0131 H\u00fcseyin \u00c7avu\u015f, Anneler G\u00fcn\u00fc dolay\u0131s\u0131yla mesaj yay\u0131mlad\u0131","datePublished":"2025-05-11T11:21:10+00:00","mainEntityOfPage":{"@id":"https:\/\/kibrisdakik.com\/?p=82019"},"wordCount":181,"commentCount":0,"image":{"@id":"https:\/\/kibrisdakik.com\/?p=82019#primaryimage"},"thumbnailUrl":"https:\/\/kibrisdakik.com\/wp-content\/uploads\/2024\/06\/kelle-34-scaled-740x420.jpg","articleSection":["K\u0131br\u0131s","Man\u015fet"],"inLanguage":"tr","potentialAction":[{"@type":"CommentAction","name":"Comment","target":["https:\/\/kibrisdakik.com\/?p=82019#respond"]}]},{"@type":"WebPage","@id":"https:\/\/kibrisdakik.com\/?p=82019","url":"https:\/\/kibrisdakik.com\/?p=82019","name":"Tar\u0131m ve Do\u011fal Kaynaklar Bakan\u0131 H\u00fcseyin \u00c7avu\u015f, Anneler G\u00fcn\u00fc dolay\u0131s\u0131yla mesaj yay\u0131mlad\u0131 -","isPartOf":{"@id":"https:\/\/kibrisdakik.com\/#website"},"primaryImageOfPage":{"@id":"https:\/\/kibrisdakik.com\/?p=82019#primaryimage"},"image":{"@id":"https:\/\/kibrisdakik.com\/?p=82019#primaryimage"},"thumbnailUrl":"https:\/\/kibrisdakik.com\/wp-content\/uploads\/2024\/06\/kelle-34-scaled-740x420.jpg","datePublished":"2025-05-11T11:21:10+00:00","author":{"@id":"https:\/\/kibrisdakik.com\/#\/schema\/person\/9cd9d437bbb44f72b73ba127e06d8e79"},"breadcrumb":{"@id":"https:\/\/kibrisdakik.com\/?p=82019#breadcrumb"},"inLanguage":"tr","potentialAction":[{"@type":"ReadAction","target":["https:\/\/kibrisdakik.com\/?p=82019"]}]},{"@type":"ImageObject","inLanguage":"tr","@id":"https:\/\/kibrisdakik.com\/?p=82019#primaryimage","url":"https:\/\/kibrisdakik.com\/wp-content\/uploads\/2024\/06\/kelle-34-scaled-740x420.jpg","contentUrl":"https:\/\/kibrisdakik.com\/wp-content\/uploads\/2024\/06\/kelle-34-scaled-740x420.jpg","width":2560,"height":1709},{"@type":"BreadcrumbList","@id":"https:\/\/kibrisdakik.com\/?p=82019#breadcrumb","itemListElement":[{"@type":"ListItem","position":1,"name":"Home","item":"https:\/\/kibrisdakik.com\/"},{"@type":"ListItem","position":2,"name":"Tar\u0131m ve Do\u011fal Kaynaklar Bakan\u0131 H\u00fcseyin \u00c7avu\u015f, Anneler G\u00fcn\u00fc dolay\u0131s\u0131yla mesaj yay\u0131mlad\u0131"}]},{"@type":"WebSite","@id":"https:\/\/kibrisdakik.com\/#website","url":"https:\/\/kibrisdakik.com\/","name":"","description":"Tam vaktinde haber","potentialAction":[{"@type":"SearchAction","target":{"@type":"EntryPoint","urlTemplate":"https:\/\/kibrisdakik.com\/?s={search_term_string}"},"query-input":{"@type":"PropertyValueSpecification","valueRequired":true,"valueName":"search_term_string"}}],"inLanguage":"tr"},{"@type":"Person","@id":"https:\/\/kibrisdakik.com\/#\/schema\/person\/9cd9d437bbb44f72b73ba127e06d8e79","name":"admin","image":{"@type":"ImageObject","inLanguage":"tr","@id":"https:\/\/secure.gravatar.com\/avatar\/ccc17943b9d660506c869530f897617f7cb1c21a4bf30023f252596d83e1f007?s=96&d=mm&r=g","url":"https:\/\/secure.gravatar.com\/avatar\/ccc17943b9d660506c869530f897617f7cb1c21a4bf30023f252596d83e1f007?s=96&d=mm&r=g","contentUrl":"https:\/\/secure.gravatar.com\/avatar\/ccc17943b9d660506c869530f897617f7cb1c21a4bf30023f252596d83e1f007?s=96&d=mm&r=g","caption":"admin"},"sameAs":["https:\/\/kibrisdakik.com"],"url":"https:\/\/kibrisdakik.com\/?author=1"}]}},"_links":{"self":[{"href":"https:\/\/kibrisdakik.com\/index.php?rest_route=\/wp\/v2\/posts\/82019","targetHints":{"allow":["GET"]}}],"collection":[{"href":"https:\/\/kibrisdakik.com\/index.php?rest_route=\/wp\/v2\/posts"}],"about":[{"href":"https:\/\/kibrisdakik.com\/index.php?rest_route=\/wp\/v2\/types\/post"}],"author":[{"embeddable":true,"href":"https:\/\/kibrisdakik.com\/index.php?rest_route=\/wp\/v2\/users\/1"}],"replies":[{"embeddable":true,"href":"https:\/\/kibrisdakik.com\/index.php?rest_route=%2Fwp%2Fv2%2Fcomments&post=82019"}],"version-history":[{"count":0,"href":"https:\/\/kibrisdakik.com\/index.php?rest_route=\/wp\/v2\/posts\/82019\/revisions"}],"wp:featuredmedia":[{"embeddable":true,"href":"https:\/\/kibrisdakik.com\/index.php?rest_route=\/wp\/v2\/media\/44716"}],"wp:attachment":[{"href":"https:\/\/kibrisdakik.com\/index.php?rest_route=%2Fwp%2Fv2%2Fmedia&parent=82019"}],"wp:term":[{"taxonomy":"category","embeddable":true,"href":"https:\/\/kibrisdakik.com\/index.php?rest_route=%2Fwp%2Fv2%2Fcategories&post=82019"},{"taxonomy":"post_tag","embeddable":true,"href":"https:\/\/kibrisdakik.com\/index.php?rest_route=%2Fwp%2Fv2%2Ftags&post=82019"}],"curies":[{"name":"wp","href":"https:\/\/api.w.org\/{rel}","templated":true}]}}