{"id":82023,"date":"2025-05-11T17:49:27","date_gmt":"2025-05-11T14:49:27","guid":{"rendered":"https:\/\/kibrisdakik.com\/index.php\/2025\/05\/11\/amcaogluurun-guvenligi-ve-metroloji-laboratuvariyilin-ikinci-yarisinda-hizmete-girecek\/"},"modified":"2025-05-11T17:49:27","modified_gmt":"2025-05-11T14:49:27","slug":"amcaogluurun-guvenligi-ve-metroloji-laboratuvariyilin-ikinci-yarisinda-hizmete-girecek","status":"publish","type":"post","link":"https:\/\/kibrisdakik.com\/?p=82023","title":{"rendered":"Amcao\u011flu:\u00dcr\u00fcn G\u00fcvenli\u011fi ve Metroloji Laboratuvar\u0131y\u0131l\u0131n ikinci yar\u0131s\u0131nda hizmete girecek"},"content":{"rendered":"<div>\n<div class=\"mariselle-image-container center\">\n                                            <\/div>\n<p>Ekonomi ve Enerji Bakan\u0131 Amcao\u011flu, ihale s\u00fcreci sonu\u00e7lanan \u00dcr\u00fcn G\u00fcvenli\u011fi ve Metroloji Laboratuvar\u0131\u2019n\u0131n y\u0131l\u0131n ikinci yar\u0131s\u0131nda hizmete girece\u011fini a\u00e7\u0131klad\u0131.<\/p>\n<p>Amcao\u011flu, s\u00f6z konusu laboratuvar\u0131n \u00fcr\u00fcnlerin g\u00fcvenlik standartlar\u0131na uygunlu\u011funu denetlemek, \u00f6l\u00e7\u00fcm ve kalibrasyon hizmetleri sunmak amac\u0131yla kuruldu\u011funu, \u00fcr\u00fcn g\u00fcvenli\u011finin sa\u011flanmas\u0131 ve uluslararas\u0131 standartlara uygunlu\u011funun denetlenmesinde kritik bir rol oynayaca\u011f\u0131n\u0131 belirtti.<\/p>\n<p>Ekonomi ve Enerji Bakanl\u0131\u011f\u0131\u2019ndan yap\u0131lan a\u00e7\u0131klamaya g\u00f6re, Amcao\u011flu, ilk a\u015famada Uzunluk Laboratuvar\u0131, Oyuncak Laboratuvar\u0131, Elektrik Laboratuvar\u0131, Kimyasal Laboratuvar\u0131 ve Metroloji Laboratuvar\u0131\u2019n\u0131n faaliyete girece\u011fini, daha sonraki a\u015famalarda laboratuvar say\u0131s\u0131 ve kapsam\u0131n\u0131n geni\u015fletilebilece\u011fini kaydetti.<\/p>\n<p>Amcao\u011flu, \u00dcr\u00fcn G\u00fcvenli\u011fi Yasas\u0131\u2019n\u0131n;\u00fclkedeki g\u0131da, yem, canl\u0131 hayvan ve bitkiler d\u0131\u015f\u0131ndaki \u00fcr\u00fcnlerin g\u00fcvenli\u011fini kapsad\u0131\u011f\u0131n\u0131 ve \u00fclkede \u00fcretilen \u00fcr\u00fcnlerin kalite ve g\u00fcvenlik standartlar\u0131na uygunlu\u011fu i\u00e7in denetim mekanizmalar\u0131 olu\u015fturdu\u011funu an\u0131msatt\u0131. Amcao\u011flu, bunun yan\u0131nda, T\u00fcrkiye, Polonya ve \u0130talya gibi \u00fclkelerde teknik \u00e7al\u0131\u015fma ziyaretleri d\u00fczenlenerek, laboratuvar personelinin uluslararas\u0131 standartlar ve uygulamalar hakk\u0131nda bilgi sahibi olmas\u0131n\u0131n sa\u011fland\u0131\u011f\u0131n\u0131 s\u00f6yledi.<\/p>\n<p>Ayr\u0131ca, T\u00fcrkiye ile KKTC aras\u0131nda \u00fcr\u00fcn g\u00fcvenli\u011fi denetimi konusunda i\u015fbirli\u011fi protokollerinin imzaland\u0131\u011f\u0131na dikkat \u00e7eken Amcao\u011flu, bu protokoller kapsam\u0131nda KKTC\u2019ye ithal edilen \u00fcr\u00fcnlerin denetimi i\u00e7in d\u0131\u015f ticarette risk esasl\u0131 kontrol sistemleri (TAREKS) kullan\u0131larak, ithalat denetim s\u00fcre\u00e7lerinin geli\u015ftirildi\u011fini ve personelin e\u011fitildi\u011fini ifade etti. Amcao\u011flu, bu i\u015fbirli\u011finin, KKTC\u2019nin \u00fcr\u00fcn g\u00fcvenli\u011fi denetim altyap\u0131s\u0131n\u0131n AB teknik mevzuat\u0131 ile uyumlu hale getirilmesini hedefledi\u011fini vurgulad\u0131.<\/p>\n<p><em>\u2013 \u201c\u00dcr\u00fcn g\u00fcvenli\u011fi nedir?\u201d<\/em><\/p>\n<p>Bakan Amcao\u011flu, \u00fcr\u00fcn g\u00fcvenli\u011fine ili\u015fkin \u015funlar\u0131 kaydetti:<\/p>\n<p>\u201c\u00dcr\u00fcn g\u00fcvenli\u011fi, piyasaya arz edilen her \u00fcr\u00fcn\u00fcn insan sa\u011fl\u0131\u011f\u0131, can ve mal g\u00fcvenli\u011fi, hayvan ve bitki sa\u011fl\u0131\u011f\u0131, \u00e7evre ve t\u00fcketicinin korunmas\u0131 a\u00e7\u0131s\u0131ndan asgari g\u00fcvenlik ko\u015fullar\u0131n\u0131 sa\u011flamas\u0131 ve g\u00fcvenli olmas\u0131d\u0131r. G\u00fcvenli \u00fcr\u00fcn, normal kullan\u0131m ko\u015fullar\u0131nda t\u00fcketiciler i\u00e7in risk ta\u015f\u0131mayan ya da kabul edilebilir \u00f6l\u00e7\u00fclerde risk ta\u015f\u0131yan ve temel gerekler bak\u0131m\u0131ndan azami koruma sa\u011flayan \u00fcr\u00fcnd\u00fcr.\u00dcr\u00fcn g\u00fcvenli\u011fi, \u00fcretici, yetkili temsilci ve ithalat\u00e7\u0131n\u0131n sorumlulu\u011fundad\u0131r. Bu sorumlulu\u011fun yerine getirilip getirilmedi\u011fi, kamu kurulu\u015flar\u0131 taraf\u0131ndan ithalat a\u015famas\u0131nda, \u00fcr\u00fcnlerin piyasaya arz\u0131 s\u0131ras\u0131nda veya \u00fcr\u00fcnler piyasada iken denetlenir.Denetimler, \u00fcr\u00fcnlerin teknik mevzuata uygunlu\u011funu, g\u00fcvenli olup olmad\u0131\u011f\u0131n\u0131 kontrol eder. G\u00fcvensiz \u00fcr\u00fcnlerin piyasadan toplat\u0131lmas\u0131, geri \u00e7a\u011fr\u0131lmas\u0131 veya bertaraf edilmesi gibi tedbirler al\u0131n\u0131r.\u201d<\/p>\n<p>Genel \u00dcr\u00fcn G\u00fcvenli\u011fi Y\u00f6netmeli\u011fi\u2019ne ili\u015fkin bilgi de veren Amcao\u011flu, bu y\u00f6netmeli\u011fin t\u00fcketicinin kullan\u0131m\u0131na sunulan \u00fcr\u00fcnlerin g\u00fcvenli olmas\u0131n\u0131 sa\u011flamak amac\u0131yla haz\u0131rland\u0131\u011f\u0131na i\u015faret ederek, \u00fcr\u00fcnlerin her ko\u015fulda asgari g\u00fcvenlik gereksinimlerini kar\u015f\u0131lamas\u0131n\u0131 zorunlu k\u0131ld\u0131\u011f\u0131n\u0131 ve g\u00fcvenlik gereksinimlerini kar\u015f\u0131lamayan \u00fcr\u00fcnlerin piyasada bulundurulmas\u0131n\u0131 yasaklad\u0131\u011f\u0131n\u0131 dile getirdi.<\/p>\n<p>Amcao\u011flu, teknik d\u00fczenlemelere uygun \u00fcr\u00fcnlerinCE i\u015fareti ile i\u015faretlendi\u011fine dikkati \u00e7ekti.<\/p>\n<p><em>\u2013 Metroloji Laboratuvar\u0131<\/em><\/p>\n<p>Amcao\u011flu, Metroloji Laboratuvar\u0131 hakk\u0131nda da konu\u015farak, metrolojinin, \u00f6l\u00e7\u00fcm birimlerinin tan\u0131m\u0131, bilimsel y\u00f6ntemlerle \u00f6l\u00e7\u00fcmlerin ger\u00e7ekle\u015ftirilmesi ve \u00f6l\u00e7\u00fcm sonu\u00e7lar\u0131n\u0131n do\u011frulu\u011funun g\u00fcvence alt\u0131na al\u0131nmas\u0131yla ilgilenen bilim dal\u0131 oldu\u011funu hat\u0131rlatt\u0131 ve \u201cTemel amac\u0131, uluslararas\u0131 kabul g\u00f6rm\u00fc\u015f \u00f6l\u00e7\u00fcm birimlerini tan\u0131mlayarak bilim ve teknolojide kullan\u0131lmas\u0131n\u0131 sa\u011flamak ve yap\u0131lan \u00f6l\u00e7\u00fcmlerin g\u00fcvenilirli\u011fini temin etmektir.\u201d dedi. <\/p>\n<p>Metrolojinin ana faaliyetlerinin uluslararas\u0131 d\u00fczeyde kabul edilmi\u015f \u00f6l\u00e7\u00fcm birimlerinin tan\u0131mlanmas\u0131, \u00f6l\u00e7\u00fcm birimlerinin bilimsel y\u00f6ntemlerle laboratuvarlarda ger\u00e7ekle\u015ftirilmesi ve izlenebilirlik zincirinin kurulmas\u0131 ve \u00f6l\u00e7\u00fcm de\u011ferlerinin do\u011frulu\u011funun belgelenmesi oldu\u011funu belirten Amcao\u011flu, metroloji laboratuvar\u0131n\u0131n ise \u00f6l\u00e7\u00fcm ve kalibrasyon hizmetleri sunan birim oldu\u011funu aktard\u0131.<\/p>\n<p>Amcao\u011flu, \u201cKKTC\u2019deki metroloji laboratuvar\u0131, TS EN ISO 9001:2015 kalite standartlar\u0131na uygun olarak faaliyet g\u00f6sterecek ve uluslararas\u0131 kabul g\u00f6rm\u00fc\u015f metotlarla \u00e7al\u0131\u015facakt\u0131r.\u201d dedi.<\/p>\n<p>Metroloji faaliyetlerinin end\u00fcstriyel ve bilimsel \u00f6l\u00e7\u00fcmlerde kaliteyi sa\u011flamak i\u00e7in kritik \u00f6neme sahip oldu\u011funa da vurgu yapan Amcao\u011flu, \u015funlar\u0131 ekledi:<\/p>\n<p>\u201c\u00d6rne\u011fin, bu laboratuvar sayesinde bir \u00f6l\u00e7\u00fcm cihaz\u0131n\u0131n do\u011fru olarak santim veya metre \u00f6l\u00e7\u00fc birimini do\u011fru g\u00f6sterdi\u011fi kontrol edilebilecek ya da bir tart\u0131n\u0131n kilogram olarak \u00f6l\u00e7\u00fc birimini sa\u011fl\u0131kl\u0131 g\u00f6sterip g\u00f6stermedi\u011fi saptanabilecek. Bu sayede, yap\u0131lacak testlerle t\u00fcketici haklar\u0131n\u0131n korunmas\u0131 hedeflenmekte olup; ayn\u0131 zamanda, herhangi bir \u00f6l\u00e7\u00fc aletini kullananlar\u0131n i\u015f kalite ve g\u00fcvenli\u011fi de korunabilecektir.\u201d<\/p>\n<p><em>\u2013 KKTC \u00dcr\u00fcn G\u00fcvenli\u011fi ve Metroloji Laboratuvar\u0131\u2019n\u0131n \u00f6nemi<\/em><\/p>\n<p>Bakan Amcao\u011flu, s\u00f6z konusu laboratuvar ile ithalat ve yerel \u00fcretim \u00fcr\u00fcnlerinin kalite kontrol\u00fc ve g\u00fcvenlik denetimlerinin yap\u0131labilece\u011fini kaydederek, T\u00fcrkiye ile yap\u0131lan i\u015fbirli\u011fi sayesinde AB mevzuat\u0131na uyum sa\u011flanaca\u011f\u0131 ve risk esasl\u0131 denetim sistemleri uygulanabilece\u011fini belirtti.<\/p>\n<p>Metroloji laboratuvar\u0131n\u0131n ise \u00f6l\u00e7\u00fcm cihazlar\u0131n\u0131n kalibrasyonu ve testleri ile \u00f6l\u00e7\u00fcmlerin do\u011frulu\u011funu garanti alt\u0131na alaca\u011f\u0131n\u0131 s\u00f6yleyen Amcao\u011flu, personelin de uluslararas\u0131 teknik e\u011fitimlerle s\u00fcrekli geli\u015ftirilmesinin sa\u011flanaca\u011f\u0131n\u0131 ifade etti.<\/p>\n<p>Amcao\u011flu, \u201cSonu\u00e7 olarak, KKTC \u00dcr\u00fcn G\u00fcvenli\u011fi ve Metroloji Laboratuvar\u0131, hem t\u00fcketici sa\u011fl\u0131\u011f\u0131n\u0131 korumak hem de ticari faaliyetlerde kalite ve g\u00fcvenli\u011fi art\u0131rmak i\u00e7in \u00f6nemli bir altyap\u0131 sunacakt\u0131r. 600 m\u00b2\u2019lik in\u015faat alan\u0131nda ger\u00e7ekle\u015ftirilecek faaliyetler i\u00e7in Lefko\u015fa Sanayi B\u00f6lgesi\u2019nde 2,170 m\u00b2\u2019lik geni\u015f arazi alan\u0131yla; \u00e7ok yak\u0131nda hizmetine girecek olan bu bina sayesinde, gen\u00e7 cumhuriyetimizin d\u00fcnya standartlar\u0131yla kucakla\u015fmas\u0131nda bir ad\u0131m daha at\u0131lmas\u0131n\u0131n gururu ya\u015fanacakt\u0131r.\u201d dedi.<\/p>\n<p>(CPY\/YIL)<\/p>\n<\/p><\/div>\n<p><script async\n                    defer\n                    crossorigin=\"anonymous\"\n                    src=\"https:\/\/connect.facebook.net\/tr_TR\/sdk.js#xfbml=1&#038;version=v3.3\"\n            ><\/script><\/p>\n","protected":false},"excerpt":{"rendered":"<p>Ekonomi ve Enerji Bakan\u0131 Amcao\u011flu, ihale s\u00fcreci sonu\u00e7lanan \u00dcr\u00fcn G\u00fcvenli\u011fi ve Metroloji Laboratuvar\u0131\u2019n\u0131n y\u0131l\u0131n ikinci yar\u0131s\u0131nda hizmete girece\u011fini a\u00e7\u0131klad\u0131. Amcao\u011flu, s\u00f6z konusu laboratuvar\u0131n \u00fcr\u00fcnlerin g\u00fcvenlik standartlar\u0131na uygunlu\u011funu denetlemek, \u00f6l\u00e7\u00fcm ve kalibrasyon hizmetleri sunmak amac\u0131yla kuruldu\u011funu, \u00fcr\u00fcn g\u00fcvenli\u011finin sa\u011flanmas\u0131 ve uluslararas\u0131 standartlara uygunlu\u011funun denetlenmesinde kritik bir rol oynayaca\u011f\u0131n\u0131 belirtti. Ekonomi ve Enerji Bakanl\u0131\u011f\u0131\u2019ndan yap\u0131lan a\u00e7\u0131klamaya g\u00f6re,<\/p>\n","protected":false},"author":1,"featured_media":38294,"comment_status":"open","ping_status":"open","sticky":false,"template":"","format":"standard","meta":{"footnotes":""},"categories":[81,101],"tags":[],"class_list":["post-82023","post","type-post","status-publish","format-standard","has-post-thumbnail","hentry","category-kibris","category-manset"],"yoast_head":"<!-- This site is optimized with the Yoast SEO plugin v27.5 - https:\/\/yoast.com\/product\/yoast-seo-wordpress\/ -->\n<title>Amcao\u011flu:\u00dcr\u00fcn G\u00fcvenli\u011fi ve Metroloji Laboratuvar\u0131y\u0131l\u0131n ikinci yar\u0131s\u0131nda hizmete girecek -<\/title>\n<meta name=\"robots\" content=\"index, follow, max-snippet:-1, max-image-preview:large, max-video-preview:-1\" \/>\n<link rel=\"canonical\" href=\"https:\/\/kibrisdakik.com\/?p=82023\" \/>\n<meta property=\"og:locale\" content=\"tr_TR\" \/>\n<meta property=\"og:type\" content=\"article\" \/>\n<meta property=\"og:title\" content=\"Amcao\u011flu:\u00dcr\u00fcn G\u00fcvenli\u011fi ve Metroloji Laboratuvar\u0131y\u0131l\u0131n ikinci yar\u0131s\u0131nda hizmete girecek -\" \/>\n<meta property=\"og:description\" content=\"Ekonomi ve Enerji Bakan\u0131 Amcao\u011flu, ihale s\u00fcreci sonu\u00e7lanan \u00dcr\u00fcn G\u00fcvenli\u011fi ve Metroloji Laboratuvar\u0131\u2019n\u0131n y\u0131l\u0131n ikinci yar\u0131s\u0131nda hizmete girece\u011fini a\u00e7\u0131klad\u0131. Amcao\u011flu, s\u00f6z konusu laboratuvar\u0131n \u00fcr\u00fcnlerin g\u00fcvenlik standartlar\u0131na uygunlu\u011funu denetlemek, \u00f6l\u00e7\u00fcm ve kalibrasyon hizmetleri sunmak amac\u0131yla kuruldu\u011funu, \u00fcr\u00fcn g\u00fcvenli\u011finin sa\u011flanmas\u0131 ve uluslararas\u0131 standartlara uygunlu\u011funun denetlenmesinde kritik bir rol oynayaca\u011f\u0131n\u0131 belirtti. Ekonomi ve Enerji Bakanl\u0131\u011f\u0131\u2019ndan yap\u0131lan a\u00e7\u0131klamaya g\u00f6re,\" \/>\n<meta property=\"og:url\" content=\"https:\/\/kibrisdakik.com\/?p=82023\" \/>\n<meta property=\"article:published_time\" content=\"2025-05-11T14:49:27+00:00\" \/>\n<meta property=\"og:image\" content=\"https:\/\/kibrisdakik.com\/wp-content\/uploads\/2024\/04\/olgun-amcaoglu.webp-740x420.webp\" \/>\n\t<meta property=\"og:image:width\" content=\"1280\" \/>\n\t<meta property=\"og:image:height\" content=\"720\" \/>\n\t<meta property=\"og:image:type\" content=\"image\/webp\" \/>\n<meta name=\"author\" content=\"admin\" \/>\n<meta name=\"twitter:card\" content=\"summary_large_image\" \/>\n<meta name=\"twitter:label1\" content=\"Yazan:\" \/>\n\t<meta name=\"twitter:data1\" content=\"admin\" \/>\n\t<meta name=\"twitter:label2\" content=\"Tahmini okuma s\u00fcresi\" \/>\n\t<meta name=\"twitter:data2\" content=\"5 dakika\" \/>\n<script type=\"application\/ld+json\" class=\"yoast-schema-graph\">{\"@context\":\"https:\\\/\\\/schema.org\",\"@graph\":[{\"@type\":\"Article\",\"@id\":\"https:\\\/\\\/kibrisdakik.com\\\/?p=82023#article\",\"isPartOf\":{\"@id\":\"https:\\\/\\\/kibrisdakik.com\\\/?p=82023\"},\"author\":{\"name\":\"admin\",\"@id\":\"https:\\\/\\\/kibrisdakik.com\\\/#\\\/schema\\\/person\\\/9cd9d437bbb44f72b73ba127e06d8e79\"},\"headline\":\"Amcao\u011flu:\u00dcr\u00fcn G\u00fcvenli\u011fi ve Metroloji Laboratuvar\u0131y\u0131l\u0131n ikinci yar\u0131s\u0131nda hizmete girecek\",\"datePublished\":\"2025-05-11T14:49:27+00:00\",\"mainEntityOfPage\":{\"@id\":\"https:\\\/\\\/kibrisdakik.com\\\/?p=82023\"},\"wordCount\":1050,\"commentCount\":0,\"image\":{\"@id\":\"https:\\\/\\\/kibrisdakik.com\\\/?p=82023#primaryimage\"},\"thumbnailUrl\":\"https:\\\/\\\/kibrisdakik.com\\\/wp-content\\\/uploads\\\/2024\\\/04\\\/olgun-amcaoglu.webp-740x420.webp\",\"articleSection\":[\"K\u0131br\u0131s\",\"Man\u015fet\"],\"inLanguage\":\"tr\",\"potentialAction\":[{\"@type\":\"CommentAction\",\"name\":\"Comment\",\"target\":[\"https:\\\/\\\/kibrisdakik.com\\\/?p=82023#respond\"]}]},{\"@type\":\"WebPage\",\"@id\":\"https:\\\/\\\/kibrisdakik.com\\\/?p=82023\",\"url\":\"https:\\\/\\\/kibrisdakik.com\\\/?p=82023\",\"name\":\"Amcao\u011flu:\u00dcr\u00fcn G\u00fcvenli\u011fi ve Metroloji Laboratuvar\u0131y\u0131l\u0131n ikinci yar\u0131s\u0131nda hizmete girecek -\",\"isPartOf\":{\"@id\":\"https:\\\/\\\/kibrisdakik.com\\\/#website\"},\"primaryImageOfPage\":{\"@id\":\"https:\\\/\\\/kibrisdakik.com\\\/?p=82023#primaryimage\"},\"image\":{\"@id\":\"https:\\\/\\\/kibrisdakik.com\\\/?p=82023#primaryimage\"},\"thumbnailUrl\":\"https:\\\/\\\/kibrisdakik.com\\\/wp-content\\\/uploads\\\/2024\\\/04\\\/olgun-amcaoglu.webp-740x420.webp\",\"datePublished\":\"2025-05-11T14:49:27+00:00\",\"author\":{\"@id\":\"https:\\\/\\\/kibrisdakik.com\\\/#\\\/schema\\\/person\\\/9cd9d437bbb44f72b73ba127e06d8e79\"},\"breadcrumb\":{\"@id\":\"https:\\\/\\\/kibrisdakik.com\\\/?p=82023#breadcrumb\"},\"inLanguage\":\"tr\",\"potentialAction\":[{\"@type\":\"ReadAction\",\"target\":[\"https:\\\/\\\/kibrisdakik.com\\\/?p=82023\"]}]},{\"@type\":\"ImageObject\",\"inLanguage\":\"tr\",\"@id\":\"https:\\\/\\\/kibrisdakik.com\\\/?p=82023#primaryimage\",\"url\":\"https:\\\/\\\/kibrisdakik.com\\\/wp-content\\\/uploads\\\/2024\\\/04\\\/olgun-amcaoglu.webp-740x420.webp\",\"contentUrl\":\"https:\\\/\\\/kibrisdakik.com\\\/wp-content\\\/uploads\\\/2024\\\/04\\\/olgun-amcaoglu.webp-740x420.webp\",\"width\":1280,\"height\":720},{\"@type\":\"BreadcrumbList\",\"@id\":\"https:\\\/\\\/kibrisdakik.com\\\/?p=82023#breadcrumb\",\"itemListElement\":[{\"@type\":\"ListItem\",\"position\":1,\"name\":\"Home\",\"item\":\"https:\\\/\\\/kibrisdakik.com\\\/\"},{\"@type\":\"ListItem\",\"position\":2,\"name\":\"Amcao\u011flu:\u00dcr\u00fcn G\u00fcvenli\u011fi ve Metroloji Laboratuvar\u0131y\u0131l\u0131n ikinci yar\u0131s\u0131nda hizmete girecek\"}]},{\"@type\":\"WebSite\",\"@id\":\"https:\\\/\\\/kibrisdakik.com\\\/#website\",\"url\":\"https:\\\/\\\/kibrisdakik.com\\\/\",\"name\":\"\",\"description\":\"Tam vaktinde haber\",\"potentialAction\":[{\"@type\":\"SearchAction\",\"target\":{\"@type\":\"EntryPoint\",\"urlTemplate\":\"https:\\\/\\\/kibrisdakik.com\\\/?s={search_term_string}\"},\"query-input\":{\"@type\":\"PropertyValueSpecification\",\"valueRequired\":true,\"valueName\":\"search_term_string\"}}],\"inLanguage\":\"tr\"},{\"@type\":\"Person\",\"@id\":\"https:\\\/\\\/kibrisdakik.com\\\/#\\\/schema\\\/person\\\/9cd9d437bbb44f72b73ba127e06d8e79\",\"name\":\"admin\",\"image\":{\"@type\":\"ImageObject\",\"inLanguage\":\"tr\",\"@id\":\"https:\\\/\\\/secure.gravatar.com\\\/avatar\\\/ccc17943b9d660506c869530f897617f7cb1c21a4bf30023f252596d83e1f007?s=96&d=mm&r=g\",\"url\":\"https:\\\/\\\/secure.gravatar.com\\\/avatar\\\/ccc17943b9d660506c869530f897617f7cb1c21a4bf30023f252596d83e1f007?s=96&d=mm&r=g\",\"contentUrl\":\"https:\\\/\\\/secure.gravatar.com\\\/avatar\\\/ccc17943b9d660506c869530f897617f7cb1c21a4bf30023f252596d83e1f007?s=96&d=mm&r=g\",\"caption\":\"admin\"},\"sameAs\":[\"https:\\\/\\\/kibrisdakik.com\"],\"url\":\"https:\\\/\\\/kibrisdakik.com\\\/?author=1\"}]}<\/script>\n<!-- \/ Yoast SEO plugin. -->","yoast_head_json":{"title":"Amcao\u011flu:\u00dcr\u00fcn G\u00fcvenli\u011fi ve Metroloji Laboratuvar\u0131y\u0131l\u0131n ikinci yar\u0131s\u0131nda hizmete girecek -","robots":{"index":"index","follow":"follow","max-snippet":"max-snippet:-1","max-image-preview":"max-image-preview:large","max-video-preview":"max-video-preview:-1"},"canonical":"https:\/\/kibrisdakik.com\/?p=82023","og_locale":"tr_TR","og_type":"article","og_title":"Amcao\u011flu:\u00dcr\u00fcn G\u00fcvenli\u011fi ve Metroloji Laboratuvar\u0131y\u0131l\u0131n ikinci yar\u0131s\u0131nda hizmete girecek -","og_description":"Ekonomi ve Enerji Bakan\u0131 Amcao\u011flu, ihale s\u00fcreci sonu\u00e7lanan \u00dcr\u00fcn G\u00fcvenli\u011fi ve Metroloji Laboratuvar\u0131\u2019n\u0131n y\u0131l\u0131n ikinci yar\u0131s\u0131nda hizmete girece\u011fini a\u00e7\u0131klad\u0131. Amcao\u011flu, s\u00f6z konusu laboratuvar\u0131n \u00fcr\u00fcnlerin g\u00fcvenlik standartlar\u0131na uygunlu\u011funu denetlemek, \u00f6l\u00e7\u00fcm ve kalibrasyon hizmetleri sunmak amac\u0131yla kuruldu\u011funu, \u00fcr\u00fcn g\u00fcvenli\u011finin sa\u011flanmas\u0131 ve uluslararas\u0131 standartlara uygunlu\u011funun denetlenmesinde kritik bir rol oynayaca\u011f\u0131n\u0131 belirtti. Ekonomi ve Enerji Bakanl\u0131\u011f\u0131\u2019ndan yap\u0131lan a\u00e7\u0131klamaya g\u00f6re,","og_url":"https:\/\/kibrisdakik.com\/?p=82023","article_published_time":"2025-05-11T14:49:27+00:00","og_image":[{"width":1280,"height":720,"url":"https:\/\/kibrisdakik.com\/wp-content\/uploads\/2024\/04\/olgun-amcaoglu.webp-740x420.webp","type":"image\/webp"}],"author":"admin","twitter_card":"summary_large_image","twitter_misc":{"Yazan:":"admin","Tahmini okuma s\u00fcresi":"5 dakika"},"schema":{"@context":"https:\/\/schema.org","@graph":[{"@type":"Article","@id":"https:\/\/kibrisdakik.com\/?p=82023#article","isPartOf":{"@id":"https:\/\/kibrisdakik.com\/?p=82023"},"author":{"name":"admin","@id":"https:\/\/kibrisdakik.com\/#\/schema\/person\/9cd9d437bbb44f72b73ba127e06d8e79"},"headline":"Amcao\u011flu:\u00dcr\u00fcn G\u00fcvenli\u011fi ve Metroloji Laboratuvar\u0131y\u0131l\u0131n ikinci yar\u0131s\u0131nda hizmete girecek","datePublished":"2025-05-11T14:49:27+00:00","mainEntityOfPage":{"@id":"https:\/\/kibrisdakik.com\/?p=82023"},"wordCount":1050,"commentCount":0,"image":{"@id":"https:\/\/kibrisdakik.com\/?p=82023#primaryimage"},"thumbnailUrl":"https:\/\/kibrisdakik.com\/wp-content\/uploads\/2024\/04\/olgun-amcaoglu.webp-740x420.webp","articleSection":["K\u0131br\u0131s","Man\u015fet"],"inLanguage":"tr","potentialAction":[{"@type":"CommentAction","name":"Comment","target":["https:\/\/kibrisdakik.com\/?p=82023#respond"]}]},{"@type":"WebPage","@id":"https:\/\/kibrisdakik.com\/?p=82023","url":"https:\/\/kibrisdakik.com\/?p=82023","name":"Amcao\u011flu:\u00dcr\u00fcn G\u00fcvenli\u011fi ve Metroloji Laboratuvar\u0131y\u0131l\u0131n ikinci yar\u0131s\u0131nda hizmete girecek -","isPartOf":{"@id":"https:\/\/kibrisdakik.com\/#website"},"primaryImageOfPage":{"@id":"https:\/\/kibrisdakik.com\/?p=82023#primaryimage"},"image":{"@id":"https:\/\/kibrisdakik.com\/?p=82023#primaryimage"},"thumbnailUrl":"https:\/\/kibrisdakik.com\/wp-content\/uploads\/2024\/04\/olgun-amcaoglu.webp-740x420.webp","datePublished":"2025-05-11T14:49:27+00:00","author":{"@id":"https:\/\/kibrisdakik.com\/#\/schema\/person\/9cd9d437bbb44f72b73ba127e06d8e79"},"breadcrumb":{"@id":"https:\/\/kibrisdakik.com\/?p=82023#breadcrumb"},"inLanguage":"tr","potentialAction":[{"@type":"ReadAction","target":["https:\/\/kibrisdakik.com\/?p=82023"]}]},{"@type":"ImageObject","inLanguage":"tr","@id":"https:\/\/kibrisdakik.com\/?p=82023#primaryimage","url":"https:\/\/kibrisdakik.com\/wp-content\/uploads\/2024\/04\/olgun-amcaoglu.webp-740x420.webp","contentUrl":"https:\/\/kibrisdakik.com\/wp-content\/uploads\/2024\/04\/olgun-amcaoglu.webp-740x420.webp","width":1280,"height":720},{"@type":"BreadcrumbList","@id":"https:\/\/kibrisdakik.com\/?p=82023#breadcrumb","itemListElement":[{"@type":"ListItem","position":1,"name":"Home","item":"https:\/\/kibrisdakik.com\/"},{"@type":"ListItem","position":2,"name":"Amcao\u011flu:\u00dcr\u00fcn G\u00fcvenli\u011fi ve Metroloji Laboratuvar\u0131y\u0131l\u0131n ikinci yar\u0131s\u0131nda hizmete girecek"}]},{"@type":"WebSite","@id":"https:\/\/kibrisdakik.com\/#website","url":"https:\/\/kibrisdakik.com\/","name":"","description":"Tam vaktinde haber","potentialAction":[{"@type":"SearchAction","target":{"@type":"EntryPoint","urlTemplate":"https:\/\/kibrisdakik.com\/?s={search_term_string}"},"query-input":{"@type":"PropertyValueSpecification","valueRequired":true,"valueName":"search_term_string"}}],"inLanguage":"tr"},{"@type":"Person","@id":"https:\/\/kibrisdakik.com\/#\/schema\/person\/9cd9d437bbb44f72b73ba127e06d8e79","name":"admin","image":{"@type":"ImageObject","inLanguage":"tr","@id":"https:\/\/secure.gravatar.com\/avatar\/ccc17943b9d660506c869530f897617f7cb1c21a4bf30023f252596d83e1f007?s=96&d=mm&r=g","url":"https:\/\/secure.gravatar.com\/avatar\/ccc17943b9d660506c869530f897617f7cb1c21a4bf30023f252596d83e1f007?s=96&d=mm&r=g","contentUrl":"https:\/\/secure.gravatar.com\/avatar\/ccc17943b9d660506c869530f897617f7cb1c21a4bf30023f252596d83e1f007?s=96&d=mm&r=g","caption":"admin"},"sameAs":["https:\/\/kibrisdakik.com"],"url":"https:\/\/kibrisdakik.com\/?author=1"}]}},"_links":{"self":[{"href":"https:\/\/kibrisdakik.com\/index.php?rest_route=\/wp\/v2\/posts\/82023","targetHints":{"allow":["GET"]}}],"collection":[{"href":"https:\/\/kibrisdakik.com\/index.php?rest_route=\/wp\/v2\/posts"}],"about":[{"href":"https:\/\/kibrisdakik.com\/index.php?rest_route=\/wp\/v2\/types\/post"}],"author":[{"embeddable":true,"href":"https:\/\/kibrisdakik.com\/index.php?rest_route=\/wp\/v2\/users\/1"}],"replies":[{"embeddable":true,"href":"https:\/\/kibrisdakik.com\/index.php?rest_route=%2Fwp%2Fv2%2Fcomments&post=82023"}],"version-history":[{"count":0,"href":"https:\/\/kibrisdakik.com\/index.php?rest_route=\/wp\/v2\/posts\/82023\/revisions"}],"wp:featuredmedia":[{"embeddable":true,"href":"https:\/\/kibrisdakik.com\/index.php?rest_route=\/wp\/v2\/media\/38294"}],"wp:attachment":[{"href":"https:\/\/kibrisdakik.com\/index.php?rest_route=%2Fwp%2Fv2%2Fmedia&parent=82023"}],"wp:term":[{"taxonomy":"category","embeddable":true,"href":"https:\/\/kibrisdakik.com\/index.php?rest_route=%2Fwp%2Fv2%2Fcategories&post=82023"},{"taxonomy":"post_tag","embeddable":true,"href":"https:\/\/kibrisdakik.com\/index.php?rest_route=%2Fwp%2Fv2%2Ftags&post=82023"}],"curies":[{"name":"wp","href":"https:\/\/api.w.org\/{rel}","templated":true}]}}