{"id":82042,"date":"2025-05-12T07:10:20","date_gmt":"2025-05-12T04:10:20","guid":{"rendered":"https:\/\/kibrisdakik.com\/index.php\/2025\/05\/12\/cumhurbaskani-tatarannelerimiz-mucadele-yillarinda-buyuk-fedakarliklar-yapti\/"},"modified":"2025-05-12T07:10:20","modified_gmt":"2025-05-12T04:10:20","slug":"cumhurbaskani-tatarannelerimiz-mucadele-yillarinda-buyuk-fedakarliklar-yapti","status":"publish","type":"post","link":"https:\/\/kibrisdakik.com\/?p=82042","title":{"rendered":"Cumhurba\u015fkan\u0131 Tatar:Annelerimiz m\u00fccadele y\u0131llar\u0131nda b\u00fcy\u00fck fedakarl\u0131klar yapt\u0131"},"content":{"rendered":"<div>\n<div class=\"mariselle-image-container center\">\n                                            <\/div>\n<p>Cumhurba\u015fkan\u0131 Ersin Tatar, Anneler G\u00fcn\u00fc vesilesiyle ziyaretlerine devam ediyor. Cumhurba\u015fkan\u0131 Tatar, B\u00fcy\u00fckkonuk\u2019ta Ay\u015fe ve Kenan \u00e7iftinin yan\u0131 s\u0131ra Ma\u011fusa\u2019da T\u00fcrk Mukavemet Te\u015fkilat\u0131 M\u00fccahidi Alper Tenekeci ve M\u00fccahide Birke Tenekeci\u2019yi ziyaret etti.<\/p>\n<p>Tatar, ziyaretlerde yapt\u0131\u011f\u0131 konu\u015fmada, t\u00fcm annelerin Anneler G\u00fcn\u00fcn\u00fc kutlad\u0131 ve hayatta olmayan annelere de rahmet diledi.<\/p>\n<p>De\u011ferli insanlar\u0131 hat\u0131rlay\u0131p ve ziyaret etmenin \u00f6nemine i\u015faret eden Cumhurba\u015fkan\u0131 Tatar, Ma\u011fusa\u2019da milli m\u00fccadele y\u0131llar\u0131nda iyi evlatlar yeti\u015ftiren anneleri sayg\u0131yla and\u0131. <\/p>\n<p>TMT kurucusu ve m\u00fccahitlerinden Alper Tenekece\u2019nin yapt\u0131\u011f\u0131 \u00e7al\u0131\u015fmalar\u0131n \u00f6nemine dikkat \u00e7eken Cumhurba\u015fkan\u0131 Tatar, Alper Tenekeci\u2019nin K\u0131br\u0131s Konusunda her zaman kendisine destek verdi\u011fini vurgulad\u0131.<\/p>\n<p>E\u015fler cephedeyken annelerin evde aileleri bir arada tuttu\u011funu anlatan Cumhurba\u015fkan\u0131 Tatar, \u201cEvlatlar\u0131 yeti\u015ftirmek, onlara moral ve motivasyon verip ge\u00e7imlerini sa\u011flamak kolay de\u011fil. Anneler taraf\u0131ndan b\u00fcy\u00fck fedakarl\u0131klar verildi. Anneler g\u00fcn\u00fcnde sadece kendi annelerimizi de\u011fil, di\u011fer annelerin de g\u00fcnlerini kutlamal\u0131 ve ellerini \u00f6pmeliyiz\u201d dedi.<\/p>\n<\/p><\/div>\n<p><script async\n                    defer\n                    crossorigin=\"anonymous\"\n                    src=\"https:\/\/connect.facebook.net\/tr_TR\/sdk.js#xfbml=1&#038;version=v3.3\"\n            ><\/script><\/p>\n","protected":false},"excerpt":{"rendered":"<p>Cumhurba\u015fkan\u0131 Ersin Tatar, Anneler G\u00fcn\u00fc vesilesiyle ziyaretlerine devam ediyor. Cumhurba\u015fkan\u0131 Tatar, B\u00fcy\u00fckkonuk\u2019ta Ay\u015fe ve Kenan \u00e7iftinin yan\u0131 s\u0131ra Ma\u011fusa\u2019da T\u00fcrk Mukavemet Te\u015fkilat\u0131 M\u00fccahidi Alper Tenekeci ve M\u00fccahide Birke Tenekeci\u2019yi ziyaret etti. Tatar, ziyaretlerde yapt\u0131\u011f\u0131 konu\u015fmada, t\u00fcm annelerin Anneler G\u00fcn\u00fcn\u00fc kutlad\u0131 ve hayatta olmayan annelere de rahmet diledi. De\u011ferli insanlar\u0131 hat\u0131rlay\u0131p ve ziyaret etmenin \u00f6nemine i\u015faret<\/p>\n","protected":false},"author":1,"featured_media":82043,"comment_status":"open","ping_status":"open","sticky":false,"template":"","format":"standard","meta":{"footnotes":""},"categories":[81,101],"tags":[],"class_list":["post-82042","post","type-post","status-publish","format-standard","has-post-thumbnail","hentry","category-kibris","category-manset"],"yoast_head":"<!-- This site is optimized with the Yoast SEO plugin v27.5 - https:\/\/yoast.com\/product\/yoast-seo-wordpress\/ -->\n<title>Cumhurba\u015fkan\u0131 Tatar:Annelerimiz m\u00fccadele y\u0131llar\u0131nda b\u00fcy\u00fck fedakarl\u0131klar yapt\u0131 -<\/title>\n<meta name=\"robots\" content=\"index, follow, max-snippet:-1, max-image-preview:large, max-video-preview:-1\" \/>\n<link rel=\"canonical\" href=\"https:\/\/kibrisdakik.com\/?p=82042\" \/>\n<meta property=\"og:locale\" content=\"tr_TR\" \/>\n<meta property=\"og:type\" content=\"article\" \/>\n<meta property=\"og:title\" content=\"Cumhurba\u015fkan\u0131 Tatar:Annelerimiz m\u00fccadele y\u0131llar\u0131nda b\u00fcy\u00fck fedakarl\u0131klar yapt\u0131 -\" \/>\n<meta property=\"og:description\" content=\"Cumhurba\u015fkan\u0131 Ersin Tatar, Anneler G\u00fcn\u00fc vesilesiyle ziyaretlerine devam ediyor. Cumhurba\u015fkan\u0131 Tatar, B\u00fcy\u00fckkonuk\u2019ta Ay\u015fe ve Kenan \u00e7iftinin yan\u0131 s\u0131ra Ma\u011fusa\u2019da T\u00fcrk Mukavemet Te\u015fkilat\u0131 M\u00fccahidi Alper Tenekeci ve M\u00fccahide Birke Tenekeci\u2019yi ziyaret etti. Tatar, ziyaretlerde yapt\u0131\u011f\u0131 konu\u015fmada, t\u00fcm annelerin Anneler G\u00fcn\u00fcn\u00fc kutlad\u0131 ve hayatta olmayan annelere de rahmet diledi. De\u011ferli insanlar\u0131 hat\u0131rlay\u0131p ve ziyaret etmenin \u00f6nemine i\u015faret\" \/>\n<meta property=\"og:url\" content=\"https:\/\/kibrisdakik.com\/?p=82042\" \/>\n<meta property=\"article:published_time\" content=\"2025-05-12T04:10:20+00:00\" \/>\n<meta property=\"og:image\" content=\"https:\/\/kibrisdakik.com\/wp-content\/uploads\/2025\/05\/ffafwfs-740x420.jpg\" \/>\n\t<meta property=\"og:image:width\" content=\"1217\" \/>\n\t<meta property=\"og:image:height\" content=\"685\" \/>\n\t<meta property=\"og:image:type\" content=\"image\/jpeg\" \/>\n<meta name=\"author\" content=\"admin\" \/>\n<meta name=\"twitter:card\" content=\"summary_large_image\" \/>\n<meta name=\"twitter:label1\" content=\"Yazan:\" \/>\n\t<meta name=\"twitter:data1\" content=\"admin\" \/>\n\t<meta name=\"twitter:label2\" content=\"Tahmini okuma s\u00fcresi\" \/>\n\t<meta name=\"twitter:data2\" content=\"1 dakika\" \/>\n<script type=\"application\/ld+json\" class=\"yoast-schema-graph\">{\"@context\":\"https:\\\/\\\/schema.org\",\"@graph\":[{\"@type\":\"Article\",\"@id\":\"https:\\\/\\\/kibrisdakik.com\\\/?p=82042#article\",\"isPartOf\":{\"@id\":\"https:\\\/\\\/kibrisdakik.com\\\/?p=82042\"},\"author\":{\"name\":\"admin\",\"@id\":\"https:\\\/\\\/kibrisdakik.com\\\/#\\\/schema\\\/person\\\/9cd9d437bbb44f72b73ba127e06d8e79\"},\"headline\":\"Cumhurba\u015fkan\u0131 Tatar:Annelerimiz m\u00fccadele y\u0131llar\u0131nda b\u00fcy\u00fck fedakarl\u0131klar yapt\u0131\",\"datePublished\":\"2025-05-12T04:10:20+00:00\",\"mainEntityOfPage\":{\"@id\":\"https:\\\/\\\/kibrisdakik.com\\\/?p=82042\"},\"wordCount\":204,\"commentCount\":0,\"image\":{\"@id\":\"https:\\\/\\\/kibrisdakik.com\\\/?p=82042#primaryimage\"},\"thumbnailUrl\":\"https:\\\/\\\/kibrisdakik.com\\\/wp-content\\\/uploads\\\/2025\\\/05\\\/ffafwfs-740x420.jpg\",\"articleSection\":[\"K\u0131br\u0131s\",\"Man\u015fet\"],\"inLanguage\":\"tr\",\"potentialAction\":[{\"@type\":\"CommentAction\",\"name\":\"Comment\",\"target\":[\"https:\\\/\\\/kibrisdakik.com\\\/?p=82042#respond\"]}]},{\"@type\":\"WebPage\",\"@id\":\"https:\\\/\\\/kibrisdakik.com\\\/?p=82042\",\"url\":\"https:\\\/\\\/kibrisdakik.com\\\/?p=82042\",\"name\":\"Cumhurba\u015fkan\u0131 Tatar:Annelerimiz m\u00fccadele y\u0131llar\u0131nda b\u00fcy\u00fck fedakarl\u0131klar yapt\u0131 -\",\"isPartOf\":{\"@id\":\"https:\\\/\\\/kibrisdakik.com\\\/#website\"},\"primaryImageOfPage\":{\"@id\":\"https:\\\/\\\/kibrisdakik.com\\\/?p=82042#primaryimage\"},\"image\":{\"@id\":\"https:\\\/\\\/kibrisdakik.com\\\/?p=82042#primaryimage\"},\"thumbnailUrl\":\"https:\\\/\\\/kibrisdakik.com\\\/wp-content\\\/uploads\\\/2025\\\/05\\\/ffafwfs-740x420.jpg\",\"datePublished\":\"2025-05-12T04:10:20+00:00\",\"author\":{\"@id\":\"https:\\\/\\\/kibrisdakik.com\\\/#\\\/schema\\\/person\\\/9cd9d437bbb44f72b73ba127e06d8e79\"},\"breadcrumb\":{\"@id\":\"https:\\\/\\\/kibrisdakik.com\\\/?p=82042#breadcrumb\"},\"inLanguage\":\"tr\",\"potentialAction\":[{\"@type\":\"ReadAction\",\"target\":[\"https:\\\/\\\/kibrisdakik.com\\\/?p=82042\"]}]},{\"@type\":\"ImageObject\",\"inLanguage\":\"tr\",\"@id\":\"https:\\\/\\\/kibrisdakik.com\\\/?p=82042#primaryimage\",\"url\":\"https:\\\/\\\/kibrisdakik.com\\\/wp-content\\\/uploads\\\/2025\\\/05\\\/ffafwfs-740x420.jpg\",\"contentUrl\":\"https:\\\/\\\/kibrisdakik.com\\\/wp-content\\\/uploads\\\/2025\\\/05\\\/ffafwfs-740x420.jpg\",\"width\":1217,\"height\":685},{\"@type\":\"BreadcrumbList\",\"@id\":\"https:\\\/\\\/kibrisdakik.com\\\/?p=82042#breadcrumb\",\"itemListElement\":[{\"@type\":\"ListItem\",\"position\":1,\"name\":\"Home\",\"item\":\"https:\\\/\\\/kibrisdakik.com\\\/\"},{\"@type\":\"ListItem\",\"position\":2,\"name\":\"Cumhurba\u015fkan\u0131 Tatar:Annelerimiz m\u00fccadele y\u0131llar\u0131nda b\u00fcy\u00fck fedakarl\u0131klar yapt\u0131\"}]},{\"@type\":\"WebSite\",\"@id\":\"https:\\\/\\\/kibrisdakik.com\\\/#website\",\"url\":\"https:\\\/\\\/kibrisdakik.com\\\/\",\"name\":\"\",\"description\":\"Tam vaktinde haber\",\"potentialAction\":[{\"@type\":\"SearchAction\",\"target\":{\"@type\":\"EntryPoint\",\"urlTemplate\":\"https:\\\/\\\/kibrisdakik.com\\\/?s={search_term_string}\"},\"query-input\":{\"@type\":\"PropertyValueSpecification\",\"valueRequired\":true,\"valueName\":\"search_term_string\"}}],\"inLanguage\":\"tr\"},{\"@type\":\"Person\",\"@id\":\"https:\\\/\\\/kibrisdakik.com\\\/#\\\/schema\\\/person\\\/9cd9d437bbb44f72b73ba127e06d8e79\",\"name\":\"admin\",\"image\":{\"@type\":\"ImageObject\",\"inLanguage\":\"tr\",\"@id\":\"https:\\\/\\\/secure.gravatar.com\\\/avatar\\\/ccc17943b9d660506c869530f897617f7cb1c21a4bf30023f252596d83e1f007?s=96&d=mm&r=g\",\"url\":\"https:\\\/\\\/secure.gravatar.com\\\/avatar\\\/ccc17943b9d660506c869530f897617f7cb1c21a4bf30023f252596d83e1f007?s=96&d=mm&r=g\",\"contentUrl\":\"https:\\\/\\\/secure.gravatar.com\\\/avatar\\\/ccc17943b9d660506c869530f897617f7cb1c21a4bf30023f252596d83e1f007?s=96&d=mm&r=g\",\"caption\":\"admin\"},\"sameAs\":[\"https:\\\/\\\/kibrisdakik.com\"],\"url\":\"https:\\\/\\\/kibrisdakik.com\\\/?author=1\"}]}<\/script>\n<!-- \/ Yoast SEO plugin. -->","yoast_head_json":{"title":"Cumhurba\u015fkan\u0131 Tatar:Annelerimiz m\u00fccadele y\u0131llar\u0131nda b\u00fcy\u00fck fedakarl\u0131klar yapt\u0131 -","robots":{"index":"index","follow":"follow","max-snippet":"max-snippet:-1","max-image-preview":"max-image-preview:large","max-video-preview":"max-video-preview:-1"},"canonical":"https:\/\/kibrisdakik.com\/?p=82042","og_locale":"tr_TR","og_type":"article","og_title":"Cumhurba\u015fkan\u0131 Tatar:Annelerimiz m\u00fccadele y\u0131llar\u0131nda b\u00fcy\u00fck fedakarl\u0131klar yapt\u0131 -","og_description":"Cumhurba\u015fkan\u0131 Ersin Tatar, Anneler G\u00fcn\u00fc vesilesiyle ziyaretlerine devam ediyor. Cumhurba\u015fkan\u0131 Tatar, B\u00fcy\u00fckkonuk\u2019ta Ay\u015fe ve Kenan \u00e7iftinin yan\u0131 s\u0131ra Ma\u011fusa\u2019da T\u00fcrk Mukavemet Te\u015fkilat\u0131 M\u00fccahidi Alper Tenekeci ve M\u00fccahide Birke Tenekeci\u2019yi ziyaret etti. Tatar, ziyaretlerde yapt\u0131\u011f\u0131 konu\u015fmada, t\u00fcm annelerin Anneler G\u00fcn\u00fcn\u00fc kutlad\u0131 ve hayatta olmayan annelere de rahmet diledi. De\u011ferli insanlar\u0131 hat\u0131rlay\u0131p ve ziyaret etmenin \u00f6nemine i\u015faret","og_url":"https:\/\/kibrisdakik.com\/?p=82042","article_published_time":"2025-05-12T04:10:20+00:00","og_image":[{"width":1217,"height":685,"url":"https:\/\/kibrisdakik.com\/wp-content\/uploads\/2025\/05\/ffafwfs-740x420.jpg","type":"image\/jpeg"}],"author":"admin","twitter_card":"summary_large_image","twitter_misc":{"Yazan:":"admin","Tahmini okuma s\u00fcresi":"1 dakika"},"schema":{"@context":"https:\/\/schema.org","@graph":[{"@type":"Article","@id":"https:\/\/kibrisdakik.com\/?p=82042#article","isPartOf":{"@id":"https:\/\/kibrisdakik.com\/?p=82042"},"author":{"name":"admin","@id":"https:\/\/kibrisdakik.com\/#\/schema\/person\/9cd9d437bbb44f72b73ba127e06d8e79"},"headline":"Cumhurba\u015fkan\u0131 Tatar:Annelerimiz m\u00fccadele y\u0131llar\u0131nda b\u00fcy\u00fck fedakarl\u0131klar yapt\u0131","datePublished":"2025-05-12T04:10:20+00:00","mainEntityOfPage":{"@id":"https:\/\/kibrisdakik.com\/?p=82042"},"wordCount":204,"commentCount":0,"image":{"@id":"https:\/\/kibrisdakik.com\/?p=82042#primaryimage"},"thumbnailUrl":"https:\/\/kibrisdakik.com\/wp-content\/uploads\/2025\/05\/ffafwfs-740x420.jpg","articleSection":["K\u0131br\u0131s","Man\u015fet"],"inLanguage":"tr","potentialAction":[{"@type":"CommentAction","name":"Comment","target":["https:\/\/kibrisdakik.com\/?p=82042#respond"]}]},{"@type":"WebPage","@id":"https:\/\/kibrisdakik.com\/?p=82042","url":"https:\/\/kibrisdakik.com\/?p=82042","name":"Cumhurba\u015fkan\u0131 Tatar:Annelerimiz m\u00fccadele y\u0131llar\u0131nda b\u00fcy\u00fck fedakarl\u0131klar yapt\u0131 -","isPartOf":{"@id":"https:\/\/kibrisdakik.com\/#website"},"primaryImageOfPage":{"@id":"https:\/\/kibrisdakik.com\/?p=82042#primaryimage"},"image":{"@id":"https:\/\/kibrisdakik.com\/?p=82042#primaryimage"},"thumbnailUrl":"https:\/\/kibrisdakik.com\/wp-content\/uploads\/2025\/05\/ffafwfs-740x420.jpg","datePublished":"2025-05-12T04:10:20+00:00","author":{"@id":"https:\/\/kibrisdakik.com\/#\/schema\/person\/9cd9d437bbb44f72b73ba127e06d8e79"},"breadcrumb":{"@id":"https:\/\/kibrisdakik.com\/?p=82042#breadcrumb"},"inLanguage":"tr","potentialAction":[{"@type":"ReadAction","target":["https:\/\/kibrisdakik.com\/?p=82042"]}]},{"@type":"ImageObject","inLanguage":"tr","@id":"https:\/\/kibrisdakik.com\/?p=82042#primaryimage","url":"https:\/\/kibrisdakik.com\/wp-content\/uploads\/2025\/05\/ffafwfs-740x420.jpg","contentUrl":"https:\/\/kibrisdakik.com\/wp-content\/uploads\/2025\/05\/ffafwfs-740x420.jpg","width":1217,"height":685},{"@type":"BreadcrumbList","@id":"https:\/\/kibrisdakik.com\/?p=82042#breadcrumb","itemListElement":[{"@type":"ListItem","position":1,"name":"Home","item":"https:\/\/kibrisdakik.com\/"},{"@type":"ListItem","position":2,"name":"Cumhurba\u015fkan\u0131 Tatar:Annelerimiz m\u00fccadele y\u0131llar\u0131nda b\u00fcy\u00fck fedakarl\u0131klar yapt\u0131"}]},{"@type":"WebSite","@id":"https:\/\/kibrisdakik.com\/#website","url":"https:\/\/kibrisdakik.com\/","name":"","description":"Tam vaktinde haber","potentialAction":[{"@type":"SearchAction","target":{"@type":"EntryPoint","urlTemplate":"https:\/\/kibrisdakik.com\/?s={search_term_string}"},"query-input":{"@type":"PropertyValueSpecification","valueRequired":true,"valueName":"search_term_string"}}],"inLanguage":"tr"},{"@type":"Person","@id":"https:\/\/kibrisdakik.com\/#\/schema\/person\/9cd9d437bbb44f72b73ba127e06d8e79","name":"admin","image":{"@type":"ImageObject","inLanguage":"tr","@id":"https:\/\/secure.gravatar.com\/avatar\/ccc17943b9d660506c869530f897617f7cb1c21a4bf30023f252596d83e1f007?s=96&d=mm&r=g","url":"https:\/\/secure.gravatar.com\/avatar\/ccc17943b9d660506c869530f897617f7cb1c21a4bf30023f252596d83e1f007?s=96&d=mm&r=g","contentUrl":"https:\/\/secure.gravatar.com\/avatar\/ccc17943b9d660506c869530f897617f7cb1c21a4bf30023f252596d83e1f007?s=96&d=mm&r=g","caption":"admin"},"sameAs":["https:\/\/kibrisdakik.com"],"url":"https:\/\/kibrisdakik.com\/?author=1"}]}},"_links":{"self":[{"href":"https:\/\/kibrisdakik.com\/index.php?rest_route=\/wp\/v2\/posts\/82042","targetHints":{"allow":["GET"]}}],"collection":[{"href":"https:\/\/kibrisdakik.com\/index.php?rest_route=\/wp\/v2\/posts"}],"about":[{"href":"https:\/\/kibrisdakik.com\/index.php?rest_route=\/wp\/v2\/types\/post"}],"author":[{"embeddable":true,"href":"https:\/\/kibrisdakik.com\/index.php?rest_route=\/wp\/v2\/users\/1"}],"replies":[{"embeddable":true,"href":"https:\/\/kibrisdakik.com\/index.php?rest_route=%2Fwp%2Fv2%2Fcomments&post=82042"}],"version-history":[{"count":0,"href":"https:\/\/kibrisdakik.com\/index.php?rest_route=\/wp\/v2\/posts\/82042\/revisions"}],"wp:featuredmedia":[{"embeddable":true,"href":"https:\/\/kibrisdakik.com\/index.php?rest_route=\/wp\/v2\/media\/82043"}],"wp:attachment":[{"href":"https:\/\/kibrisdakik.com\/index.php?rest_route=%2Fwp%2Fv2%2Fmedia&parent=82042"}],"wp:term":[{"taxonomy":"category","embeddable":true,"href":"https:\/\/kibrisdakik.com\/index.php?rest_route=%2Fwp%2Fv2%2Fcategories&post=82042"},{"taxonomy":"post_tag","embeddable":true,"href":"https:\/\/kibrisdakik.com\/index.php?rest_route=%2Fwp%2Fv2%2Ftags&post=82042"}],"curies":[{"name":"wp","href":"https:\/\/api.w.org\/{rel}","templated":true}]}}