{"id":82096,"date":"2025-05-12T15:32:00","date_gmt":"2025-05-12T12:32:00","guid":{"rendered":"https:\/\/kibrisdakik.com\/index.php\/2025\/05\/12\/vekaletname-sahteleme-sorusturmasi-kapsaminda-tutuklu-bulunan-a-t-teminatla-serbest-birakildi\/"},"modified":"2025-05-12T15:32:00","modified_gmt":"2025-05-12T12:32:00","slug":"vekaletname-sahteleme-sorusturmasi-kapsaminda-tutuklu-bulunan-a-t-teminatla-serbest-birakildi","status":"publish","type":"post","link":"https:\/\/kibrisdakik.com\/?p=82096","title":{"rendered":"\u201cVekaletname sahteleme\u201d soru\u015fturmas\u0131 kapsam\u0131nda tutuklu bulunan A.T teminatla serbest b\u0131rak\u0131ld\u0131"},"content":{"rendered":"<p><\/p>\n<div>\n<div class=\"mariselle-image-container none\">\n                <img loading=\"lazy\" decoding=\"async\" width=\"930\" height=\"444\" class=\"lazy-image\" alt=\"\" sizes=\"auto, (max-width: 930px) 100vw, 930px\" src=\"https:\/\/brtk.net\/wp-content\/uploads\/2025\/05\/12\/girne-kaza-mahkemisi.jpg?ver=443b07aa2b9d91155df0ebd93d9aefb8\" srcset=\"https:\/\/brtk.net\/wp-content\/uploads\/2025\/05\/12\/girne-kaza-mahkemisi.jpg?ver=443b07aa2b9d91155df0ebd93d9aefb8 930w, https:\/\/brtk.net\/wp-content\/uploads\/2025\/05\/12\/girne-kaza-mahkemisi-300x143.jpg?ver=443b07aa2b9d91155df0ebd93d9aefb8 300w, https:\/\/brtk.net\/wp-content\/uploads\/2025\/05\/12\/girne-kaza-mahkemisi-768x367.jpg?ver=443b07aa2b9d91155df0ebd93d9aefb8 768w\"\/>                            <\/div>\n<p style=\"font-weight: 300;\">Girne\u2019de \u00e7al\u0131\u015ft\u0131\u011f\u0131 i\u015f yerinde \u201cYetkisi olmad\u0131\u011f\u0131 halde i\u015f yerine gelen ki\u015filer i\u00e7in haz\u0131rlad\u0131\u011f\u0131 9 vekaletnameyi m\u00fch\u00fcrleyip, imzalamak suretiyle sahtelemekle\u201d su\u00e7lanan Halk\u0131n Partisi (HP) Merkez Y\u00fcr\u00fctme Kurulu (MYK) \u00fcyesi zanl\u0131 A.T., bug\u00fcn yeniden Girne Kaza Mahkemesi\u2019ne \u00e7\u0131kar\u0131ld\u0131. Mahkeme, zanl\u0131n\u0131n tutuksuz yarg\u0131lanmas\u0131na emir verdi.<\/p>\n<p style=\"font-weight: 300;\">Mahkemeye olgular\u0131 aktaran Tahkikat Memuru \u00d6mer Yavuz, zanl\u0131n\u0131n 2-3 May\u0131s tarihleri aras\u0131nda Girne\u2019de meydana gelen \u201cvekaletname sahteleme\u201d su\u00e7undan methaldar oldu\u011funu belirtti.<\/p>\n<p style=\"font-weight: 300;\">Yavuz, zanl\u0131n\u0131n babas\u0131na ait tasdik memurlu\u011fu ofisinde, ofis eleman\u0131 olarak \u00e7al\u0131\u015ft\u0131\u011f\u0131n\u0131 ve 9 vekaletnameyi yetkisiz ve izinsiz imzalay\u0131p tasdikleyerek sahteledi\u011fini belirtti.<\/p>\n<p style=\"font-weight: 300;\">Olay\u0131n polisin bilgisine 7 May\u0131s\u2019ta Maliye Bakanl\u0131\u011f\u0131 taraf\u0131ndan bildirildi\u011fini aktaran tahkikat memuru, zanl\u0131n\u0131n Girne Polis M\u00fcd\u00fcrl\u00fc\u011f\u00fc\u2019ne \u00e7a\u011fr\u0131ld\u0131\u011f\u0131n\u0131 kaydetti.<\/p>\n<p style=\"font-weight: 300;\">Zanl\u0131 ve babas\u0131n\u0131n polise g\u00f6n\u00fcll\u00fc ifade verdi\u011fini belirten Yavuz, zanl\u0131n\u0131n verdi\u011fi g\u00f6n\u00fcll\u00fc ifadede vekaletnameleri babas\u0131n\u0131n bilgisi dahilinde haz\u0131rlad\u0131\u011f\u0131n\u0131 ancak imza atmad\u0131\u011f\u0131n\u0131 ve m\u00fch\u00fcr vurmad\u0131\u011f\u0131n\u0131 s\u00f6yledi\u011fini belirtti.<\/p>\n<p style=\"font-weight: 300;\">Meseleyle ilgili toplam d\u00f6rt ki\u015fiden ifade al\u0131nd\u0131\u011f\u0131n\u0131 kaydeden Yavuz, vekaletnamelerdeki imzalar\u0131n babas\u0131na ait oldu\u011fu y\u00f6n\u00fcnde tespit yap\u0131ld\u0131\u011f\u0131n\u0131 da dile getirdi.<\/p>\n<p style=\"font-weight: 300;\">Tahkikat memuru Yavuz, zanl\u0131n\u0131n mahkemenin uygun g\u00f6rece\u011fi bir teminata ba\u011flanmas\u0131n\u0131 talep etti.<\/p>\n<p style=\"font-weight: 300;\">Girne Kaza Mahkemesi, teminatla serbest b\u0131rak\u0131lan zanl\u0131n\u0131n yurt d\u0131\u015f\u0131na \u00e7\u0131k\u0131\u015f\u0131n\u0131n yasaklanmas\u0131na, KKTC vatanda\u015f\u0131 bir kefilin 500 bin TL kefalet senedi imzalamas\u0131na ve 20 bin TL nakdi teminat yat\u0131rmas\u0131na emir verdi.<\/p>\n<p>\u00a0<\/p>\n<\/p><\/div>\n<p><script async\n                    defer\n                    crossorigin=\"anonymous\"\n                    src=\"https:\/\/connect.facebook.net\/tr_TR\/sdk.js#xfbml=1&#038;version=v3.3\"\n            ><\/script><\/p>\n","protected":false},"excerpt":{"rendered":"<p>Girne\u2019de \u00e7al\u0131\u015ft\u0131\u011f\u0131 i\u015f yerinde \u201cYetkisi olmad\u0131\u011f\u0131 halde i\u015f yerine gelen ki\u015filer i\u00e7in haz\u0131rlad\u0131\u011f\u0131 9 vekaletnameyi m\u00fch\u00fcrleyip, imzalamak suretiyle sahtelemekle\u201d su\u00e7lanan Halk\u0131n Partisi (HP) Merkez Y\u00fcr\u00fctme Kurulu (MYK) \u00fcyesi zanl\u0131 A.T., bug\u00fcn yeniden Girne Kaza Mahkemesi\u2019ne \u00e7\u0131kar\u0131ld\u0131. Mahkeme, zanl\u0131n\u0131n tutuksuz yarg\u0131lanmas\u0131na emir verdi. Mahkemeye olgular\u0131 aktaran Tahkikat Memuru \u00d6mer Yavuz, zanl\u0131n\u0131n 2-3 May\u0131s tarihleri aras\u0131nda Girne\u2019de<\/p>\n","protected":false},"author":1,"featured_media":82097,"comment_status":"open","ping_status":"open","sticky":false,"template":"","format":"standard","meta":{"footnotes":""},"categories":[1,101],"tags":[],"class_list":["post-82096","post","type-post","status-publish","format-standard","has-post-thumbnail","hentry","category-gundem","category-manset"],"yoast_head":"<!-- This site is optimized with the Yoast SEO plugin v27.5 - https:\/\/yoast.com\/product\/yoast-seo-wordpress\/ -->\n<title>\u201cVekaletname sahteleme\u201d soru\u015fturmas\u0131 kapsam\u0131nda tutuklu bulunan A.T teminatla serbest b\u0131rak\u0131ld\u0131 -<\/title>\n<meta name=\"robots\" content=\"index, follow, max-snippet:-1, max-image-preview:large, max-video-preview:-1\" \/>\n<link rel=\"canonical\" href=\"https:\/\/kibrisdakik.com\/?p=82096\" \/>\n<meta property=\"og:locale\" content=\"tr_TR\" \/>\n<meta property=\"og:type\" content=\"article\" \/>\n<meta property=\"og:title\" content=\"\u201cVekaletname sahteleme\u201d soru\u015fturmas\u0131 kapsam\u0131nda tutuklu bulunan A.T teminatla serbest b\u0131rak\u0131ld\u0131 -\" \/>\n<meta property=\"og:description\" content=\"Girne\u2019de \u00e7al\u0131\u015ft\u0131\u011f\u0131 i\u015f yerinde \u201cYetkisi olmad\u0131\u011f\u0131 halde i\u015f yerine gelen ki\u015filer i\u00e7in haz\u0131rlad\u0131\u011f\u0131 9 vekaletnameyi m\u00fch\u00fcrleyip, imzalamak suretiyle sahtelemekle\u201d su\u00e7lanan Halk\u0131n Partisi (HP) Merkez Y\u00fcr\u00fctme Kurulu (MYK) \u00fcyesi zanl\u0131 A.T., bug\u00fcn yeniden Girne Kaza Mahkemesi\u2019ne \u00e7\u0131kar\u0131ld\u0131. Mahkeme, zanl\u0131n\u0131n tutuksuz yarg\u0131lanmas\u0131na emir verdi. Mahkemeye olgular\u0131 aktaran Tahkikat Memuru \u00d6mer Yavuz, zanl\u0131n\u0131n 2-3 May\u0131s tarihleri aras\u0131nda Girne\u2019de\" \/>\n<meta property=\"og:url\" content=\"https:\/\/kibrisdakik.com\/?p=82096\" \/>\n<meta property=\"article:published_time\" content=\"2025-05-12T12:32:00+00:00\" \/>\n<meta property=\"og:image\" content=\"https:\/\/kibrisdakik.com\/wp-content\/uploads\/2025\/05\/girne-kaza-mahkemisi-740x420.jpg\" \/>\n\t<meta property=\"og:image:width\" content=\"930\" \/>\n\t<meta property=\"og:image:height\" content=\"444\" \/>\n\t<meta property=\"og:image:type\" content=\"image\/jpeg\" \/>\n<meta name=\"author\" content=\"admin\" \/>\n<meta name=\"twitter:card\" content=\"summary_large_image\" \/>\n<meta name=\"twitter:label1\" content=\"Yazan:\" \/>\n\t<meta name=\"twitter:data1\" content=\"admin\" \/>\n\t<meta name=\"twitter:label2\" content=\"Tahmini okuma s\u00fcresi\" \/>\n\t<meta name=\"twitter:data2\" content=\"1 dakika\" \/>\n<script type=\"application\/ld+json\" class=\"yoast-schema-graph\">{\"@context\":\"https:\\\/\\\/schema.org\",\"@graph\":[{\"@type\":\"Article\",\"@id\":\"https:\\\/\\\/kibrisdakik.com\\\/?p=82096#article\",\"isPartOf\":{\"@id\":\"https:\\\/\\\/kibrisdakik.com\\\/?p=82096\"},\"author\":{\"name\":\"admin\",\"@id\":\"https:\\\/\\\/kibrisdakik.com\\\/#\\\/schema\\\/person\\\/9cd9d437bbb44f72b73ba127e06d8e79\"},\"headline\":\"\u201cVekaletname sahteleme\u201d soru\u015fturmas\u0131 kapsam\u0131nda tutuklu bulunan A.T teminatla serbest b\u0131rak\u0131ld\u0131\",\"datePublished\":\"2025-05-12T12:32:00+00:00\",\"mainEntityOfPage\":{\"@id\":\"https:\\\/\\\/kibrisdakik.com\\\/?p=82096\"},\"wordCount\":295,\"commentCount\":0,\"image\":{\"@id\":\"https:\\\/\\\/kibrisdakik.com\\\/?p=82096#primaryimage\"},\"thumbnailUrl\":\"https:\\\/\\\/kibrisdakik.com\\\/wp-content\\\/uploads\\\/2025\\\/05\\\/girne-kaza-mahkemisi-740x420.jpg\",\"articleSection\":[\"G\u00fcndem\",\"Man\u015fet\"],\"inLanguage\":\"tr\",\"potentialAction\":[{\"@type\":\"CommentAction\",\"name\":\"Comment\",\"target\":[\"https:\\\/\\\/kibrisdakik.com\\\/?p=82096#respond\"]}]},{\"@type\":\"WebPage\",\"@id\":\"https:\\\/\\\/kibrisdakik.com\\\/?p=82096\",\"url\":\"https:\\\/\\\/kibrisdakik.com\\\/?p=82096\",\"name\":\"\u201cVekaletname sahteleme\u201d soru\u015fturmas\u0131 kapsam\u0131nda tutuklu bulunan A.T teminatla serbest b\u0131rak\u0131ld\u0131 -\",\"isPartOf\":{\"@id\":\"https:\\\/\\\/kibrisdakik.com\\\/#website\"},\"primaryImageOfPage\":{\"@id\":\"https:\\\/\\\/kibrisdakik.com\\\/?p=82096#primaryimage\"},\"image\":{\"@id\":\"https:\\\/\\\/kibrisdakik.com\\\/?p=82096#primaryimage\"},\"thumbnailUrl\":\"https:\\\/\\\/kibrisdakik.com\\\/wp-content\\\/uploads\\\/2025\\\/05\\\/girne-kaza-mahkemisi-740x420.jpg\",\"datePublished\":\"2025-05-12T12:32:00+00:00\",\"author\":{\"@id\":\"https:\\\/\\\/kibrisdakik.com\\\/#\\\/schema\\\/person\\\/9cd9d437bbb44f72b73ba127e06d8e79\"},\"breadcrumb\":{\"@id\":\"https:\\\/\\\/kibrisdakik.com\\\/?p=82096#breadcrumb\"},\"inLanguage\":\"tr\",\"potentialAction\":[{\"@type\":\"ReadAction\",\"target\":[\"https:\\\/\\\/kibrisdakik.com\\\/?p=82096\"]}]},{\"@type\":\"ImageObject\",\"inLanguage\":\"tr\",\"@id\":\"https:\\\/\\\/kibrisdakik.com\\\/?p=82096#primaryimage\",\"url\":\"https:\\\/\\\/kibrisdakik.com\\\/wp-content\\\/uploads\\\/2025\\\/05\\\/girne-kaza-mahkemisi-740x420.jpg\",\"contentUrl\":\"https:\\\/\\\/kibrisdakik.com\\\/wp-content\\\/uploads\\\/2025\\\/05\\\/girne-kaza-mahkemisi-740x420.jpg\",\"width\":930,\"height\":444},{\"@type\":\"BreadcrumbList\",\"@id\":\"https:\\\/\\\/kibrisdakik.com\\\/?p=82096#breadcrumb\",\"itemListElement\":[{\"@type\":\"ListItem\",\"position\":1,\"name\":\"Home\",\"item\":\"https:\\\/\\\/kibrisdakik.com\\\/\"},{\"@type\":\"ListItem\",\"position\":2,\"name\":\"\u201cVekaletname sahteleme\u201d soru\u015fturmas\u0131 kapsam\u0131nda tutuklu bulunan A.T teminatla serbest b\u0131rak\u0131ld\u0131\"}]},{\"@type\":\"WebSite\",\"@id\":\"https:\\\/\\\/kibrisdakik.com\\\/#website\",\"url\":\"https:\\\/\\\/kibrisdakik.com\\\/\",\"name\":\"\",\"description\":\"Tam vaktinde haber\",\"potentialAction\":[{\"@type\":\"SearchAction\",\"target\":{\"@type\":\"EntryPoint\",\"urlTemplate\":\"https:\\\/\\\/kibrisdakik.com\\\/?s={search_term_string}\"},\"query-input\":{\"@type\":\"PropertyValueSpecification\",\"valueRequired\":true,\"valueName\":\"search_term_string\"}}],\"inLanguage\":\"tr\"},{\"@type\":\"Person\",\"@id\":\"https:\\\/\\\/kibrisdakik.com\\\/#\\\/schema\\\/person\\\/9cd9d437bbb44f72b73ba127e06d8e79\",\"name\":\"admin\",\"image\":{\"@type\":\"ImageObject\",\"inLanguage\":\"tr\",\"@id\":\"https:\\\/\\\/secure.gravatar.com\\\/avatar\\\/ccc17943b9d660506c869530f897617f7cb1c21a4bf30023f252596d83e1f007?s=96&d=mm&r=g\",\"url\":\"https:\\\/\\\/secure.gravatar.com\\\/avatar\\\/ccc17943b9d660506c869530f897617f7cb1c21a4bf30023f252596d83e1f007?s=96&d=mm&r=g\",\"contentUrl\":\"https:\\\/\\\/secure.gravatar.com\\\/avatar\\\/ccc17943b9d660506c869530f897617f7cb1c21a4bf30023f252596d83e1f007?s=96&d=mm&r=g\",\"caption\":\"admin\"},\"sameAs\":[\"https:\\\/\\\/kibrisdakik.com\"],\"url\":\"https:\\\/\\\/kibrisdakik.com\\\/?author=1\"}]}<\/script>\n<!-- \/ Yoast SEO plugin. -->","yoast_head_json":{"title":"\u201cVekaletname sahteleme\u201d soru\u015fturmas\u0131 kapsam\u0131nda tutuklu bulunan A.T teminatla serbest b\u0131rak\u0131ld\u0131 -","robots":{"index":"index","follow":"follow","max-snippet":"max-snippet:-1","max-image-preview":"max-image-preview:large","max-video-preview":"max-video-preview:-1"},"canonical":"https:\/\/kibrisdakik.com\/?p=82096","og_locale":"tr_TR","og_type":"article","og_title":"\u201cVekaletname sahteleme\u201d soru\u015fturmas\u0131 kapsam\u0131nda tutuklu bulunan A.T teminatla serbest b\u0131rak\u0131ld\u0131 -","og_description":"Girne\u2019de \u00e7al\u0131\u015ft\u0131\u011f\u0131 i\u015f yerinde \u201cYetkisi olmad\u0131\u011f\u0131 halde i\u015f yerine gelen ki\u015filer i\u00e7in haz\u0131rlad\u0131\u011f\u0131 9 vekaletnameyi m\u00fch\u00fcrleyip, imzalamak suretiyle sahtelemekle\u201d su\u00e7lanan Halk\u0131n Partisi (HP) Merkez Y\u00fcr\u00fctme Kurulu (MYK) \u00fcyesi zanl\u0131 A.T., bug\u00fcn yeniden Girne Kaza Mahkemesi\u2019ne \u00e7\u0131kar\u0131ld\u0131. Mahkeme, zanl\u0131n\u0131n tutuksuz yarg\u0131lanmas\u0131na emir verdi. Mahkemeye olgular\u0131 aktaran Tahkikat Memuru \u00d6mer Yavuz, zanl\u0131n\u0131n 2-3 May\u0131s tarihleri aras\u0131nda Girne\u2019de","og_url":"https:\/\/kibrisdakik.com\/?p=82096","article_published_time":"2025-05-12T12:32:00+00:00","og_image":[{"width":930,"height":444,"url":"https:\/\/kibrisdakik.com\/wp-content\/uploads\/2025\/05\/girne-kaza-mahkemisi-740x420.jpg","type":"image\/jpeg"}],"author":"admin","twitter_card":"summary_large_image","twitter_misc":{"Yazan:":"admin","Tahmini okuma s\u00fcresi":"1 dakika"},"schema":{"@context":"https:\/\/schema.org","@graph":[{"@type":"Article","@id":"https:\/\/kibrisdakik.com\/?p=82096#article","isPartOf":{"@id":"https:\/\/kibrisdakik.com\/?p=82096"},"author":{"name":"admin","@id":"https:\/\/kibrisdakik.com\/#\/schema\/person\/9cd9d437bbb44f72b73ba127e06d8e79"},"headline":"\u201cVekaletname sahteleme\u201d soru\u015fturmas\u0131 kapsam\u0131nda tutuklu bulunan A.T teminatla serbest b\u0131rak\u0131ld\u0131","datePublished":"2025-05-12T12:32:00+00:00","mainEntityOfPage":{"@id":"https:\/\/kibrisdakik.com\/?p=82096"},"wordCount":295,"commentCount":0,"image":{"@id":"https:\/\/kibrisdakik.com\/?p=82096#primaryimage"},"thumbnailUrl":"https:\/\/kibrisdakik.com\/wp-content\/uploads\/2025\/05\/girne-kaza-mahkemisi-740x420.jpg","articleSection":["G\u00fcndem","Man\u015fet"],"inLanguage":"tr","potentialAction":[{"@type":"CommentAction","name":"Comment","target":["https:\/\/kibrisdakik.com\/?p=82096#respond"]}]},{"@type":"WebPage","@id":"https:\/\/kibrisdakik.com\/?p=82096","url":"https:\/\/kibrisdakik.com\/?p=82096","name":"\u201cVekaletname sahteleme\u201d soru\u015fturmas\u0131 kapsam\u0131nda tutuklu bulunan A.T teminatla serbest b\u0131rak\u0131ld\u0131 -","isPartOf":{"@id":"https:\/\/kibrisdakik.com\/#website"},"primaryImageOfPage":{"@id":"https:\/\/kibrisdakik.com\/?p=82096#primaryimage"},"image":{"@id":"https:\/\/kibrisdakik.com\/?p=82096#primaryimage"},"thumbnailUrl":"https:\/\/kibrisdakik.com\/wp-content\/uploads\/2025\/05\/girne-kaza-mahkemisi-740x420.jpg","datePublished":"2025-05-12T12:32:00+00:00","author":{"@id":"https:\/\/kibrisdakik.com\/#\/schema\/person\/9cd9d437bbb44f72b73ba127e06d8e79"},"breadcrumb":{"@id":"https:\/\/kibrisdakik.com\/?p=82096#breadcrumb"},"inLanguage":"tr","potentialAction":[{"@type":"ReadAction","target":["https:\/\/kibrisdakik.com\/?p=82096"]}]},{"@type":"ImageObject","inLanguage":"tr","@id":"https:\/\/kibrisdakik.com\/?p=82096#primaryimage","url":"https:\/\/kibrisdakik.com\/wp-content\/uploads\/2025\/05\/girne-kaza-mahkemisi-740x420.jpg","contentUrl":"https:\/\/kibrisdakik.com\/wp-content\/uploads\/2025\/05\/girne-kaza-mahkemisi-740x420.jpg","width":930,"height":444},{"@type":"BreadcrumbList","@id":"https:\/\/kibrisdakik.com\/?p=82096#breadcrumb","itemListElement":[{"@type":"ListItem","position":1,"name":"Home","item":"https:\/\/kibrisdakik.com\/"},{"@type":"ListItem","position":2,"name":"\u201cVekaletname sahteleme\u201d soru\u015fturmas\u0131 kapsam\u0131nda tutuklu bulunan A.T teminatla serbest b\u0131rak\u0131ld\u0131"}]},{"@type":"WebSite","@id":"https:\/\/kibrisdakik.com\/#website","url":"https:\/\/kibrisdakik.com\/","name":"","description":"Tam vaktinde haber","potentialAction":[{"@type":"SearchAction","target":{"@type":"EntryPoint","urlTemplate":"https:\/\/kibrisdakik.com\/?s={search_term_string}"},"query-input":{"@type":"PropertyValueSpecification","valueRequired":true,"valueName":"search_term_string"}}],"inLanguage":"tr"},{"@type":"Person","@id":"https:\/\/kibrisdakik.com\/#\/schema\/person\/9cd9d437bbb44f72b73ba127e06d8e79","name":"admin","image":{"@type":"ImageObject","inLanguage":"tr","@id":"https:\/\/secure.gravatar.com\/avatar\/ccc17943b9d660506c869530f897617f7cb1c21a4bf30023f252596d83e1f007?s=96&d=mm&r=g","url":"https:\/\/secure.gravatar.com\/avatar\/ccc17943b9d660506c869530f897617f7cb1c21a4bf30023f252596d83e1f007?s=96&d=mm&r=g","contentUrl":"https:\/\/secure.gravatar.com\/avatar\/ccc17943b9d660506c869530f897617f7cb1c21a4bf30023f252596d83e1f007?s=96&d=mm&r=g","caption":"admin"},"sameAs":["https:\/\/kibrisdakik.com"],"url":"https:\/\/kibrisdakik.com\/?author=1"}]}},"_links":{"self":[{"href":"https:\/\/kibrisdakik.com\/index.php?rest_route=\/wp\/v2\/posts\/82096","targetHints":{"allow":["GET"]}}],"collection":[{"href":"https:\/\/kibrisdakik.com\/index.php?rest_route=\/wp\/v2\/posts"}],"about":[{"href":"https:\/\/kibrisdakik.com\/index.php?rest_route=\/wp\/v2\/types\/post"}],"author":[{"embeddable":true,"href":"https:\/\/kibrisdakik.com\/index.php?rest_route=\/wp\/v2\/users\/1"}],"replies":[{"embeddable":true,"href":"https:\/\/kibrisdakik.com\/index.php?rest_route=%2Fwp%2Fv2%2Fcomments&post=82096"}],"version-history":[{"count":0,"href":"https:\/\/kibrisdakik.com\/index.php?rest_route=\/wp\/v2\/posts\/82096\/revisions"}],"wp:featuredmedia":[{"embeddable":true,"href":"https:\/\/kibrisdakik.com\/index.php?rest_route=\/wp\/v2\/media\/82097"}],"wp:attachment":[{"href":"https:\/\/kibrisdakik.com\/index.php?rest_route=%2Fwp%2Fv2%2Fmedia&parent=82096"}],"wp:term":[{"taxonomy":"category","embeddable":true,"href":"https:\/\/kibrisdakik.com\/index.php?rest_route=%2Fwp%2Fv2%2Fcategories&post=82096"},{"taxonomy":"post_tag","embeddable":true,"href":"https:\/\/kibrisdakik.com\/index.php?rest_route=%2Fwp%2Fv2%2Ftags&post=82096"}],"curies":[{"name":"wp","href":"https:\/\/api.w.org\/{rel}","templated":true}]}}