{"id":82104,"date":"2025-05-12T19:00:11","date_gmt":"2025-05-12T16:00:11","guid":{"rendered":"https:\/\/kibrisdakik.com\/index.php\/2025\/05\/12\/meclis-calismalari-devam-ediyor\/"},"modified":"2025-05-12T19:00:11","modified_gmt":"2025-05-12T16:00:11","slug":"meclis-calismalari-devam-ediyor","status":"publish","type":"post","link":"https:\/\/kibrisdakik.com\/?p=82104","title":{"rendered":"Meclis \u00e7al\u0131\u015fmalar\u0131 devam ediyor"},"content":{"rendered":"<div>\n<div class=\"mariselle-image-container none\">\n                                            <\/div>\n<p>Cumhuriyet Meclisi Genel Kurulu\u2019nda onaya ve bilgiye sunu\u015flar devam etti.<\/p>\n<p>Ba\u011f\u0131ms\u0131z Milletvekili Hasan Tosuno\u011flu\u2019nun yasama dokunulmazl\u0131\u011f\u0131n\u0131n kald\u0131r\u0131lmas\u0131n\u0131 incelemek \u00fczere olu\u015fturan komitede g\u00f6rev yapan UBP Milletvekili Ahmet Sava\u015fan\u2019\u0131n yerine UBP Milletvekili Yasemi \u00d6zt\u00fcrk\u2019\u00fcn ge\u00e7mesi onaya sunularak, kabul edildi.<\/p>\n<p>Genel kurulda daha sonra\u00a0Kuzey K\u0131br\u0131s E\u011fitim Vakf\u0131 ve Do\u011fu Akdeniz \u00dcniversitesi Kurulu\u015f (De\u011fi\u015fiklik) Yasa Tasar\u0131s\u0131\u2019n\u0131n komitede ivedilikle ele al\u0131nmas\u0131na ili\u015fkin tezkere ele al\u0131nd\u0131.\u00a0S\u00fcrekli kadroda asil personel olarak g\u00f6rev yapan ve emekli olan personelin maa\u015f ve ikramiyelerinin nas\u0131l \u00f6denece\u011fine ili\u015fkin de\u011fi\u015fiklikle ilgili ilk s\u00f6z\u00fc\u00a0Milli E\u011fitim Bakan\u0131 Naz\u0131m \u00c7avu\u015fo\u011flu ald\u0131.<\/p>\n<p>Milli E\u011fitim Bakan\u0131 Naz\u0131m \u00c7avu\u015fo\u011flu, DA\u00dc\u2019de aktif \u00e7al\u0131\u015fanlarla emekli olanlar\u0131n maa\u015flar\u0131ndaki b\u00fcy\u00fck fark\u0131n giderilmesi amac\u0131yla b\u00f6yle bir d\u00fczenleme yap\u0131ld\u0131\u011f\u0131n\u0131 belirtti. \u00c7avu\u015fo\u011flu,\u00a0DA\u00dc\u2019den emekli olanlar\u0131n \u00e7al\u0131\u015fanlardan \u00e7ok daha fazla maa\u015f ald\u0131\u011f\u0131 mevcut yasada yap\u0131lacak de\u011fi\u015fiklikle,\u00a0kamudaki emeklilik d\u00fczenlemesinin DA\u00dc\u2019de de uyguklanmas\u0131n\u0131nb ama\u00e7land\u0131\u011f\u0131n\u0131 kaydetti.<\/p>\n<p>Var olan d\u00fczenin s\u00fcrd\u00fcr\u00fclebilir olmad\u0131\u011f\u0131n\u0131 ifade eden \u00c7avu\u015fo\u011flu, \u00fcz\u00fcn s\u00fcren \u00e7al\u0131\u015fmalardan sonra bu noktaya geldi\u011fini ve kamudaki uygulaman\u0131n burada da uygulanmas\u0131n\u0131n \u00f6ng\u00f6r\u00fcld\u00fc\u011f\u00fcn\u00fc vurgulad\u0131. Konunun komite a\u015famas\u0131nda ele al\u0131n\u0131p, konu\u015fulaca\u011f\u0131na i\u015faret ederek, herkesten destek istedi.<\/p>\n<p>CTP Milletvekili Erkut \u015eahali de s\u00f6z alarak, kendisinin yar\u0131nki konu\u015fmas\u0131 ba\u015fl\u0131\u011f\u0131n\u0131n DA\u00dc oldu\u011funa i\u015faret ederek, bu yasaya konu olan ki\u015fi say\u0131s\u0131n\u0131n sadece 39 oldu\u011funu ve DA\u00dc\u2019n\u00fcn sorunlar\u0131n\u0131n bu d\u00fczenlemeyle \u00e7\u00f6z\u00fclemeyece\u011fini savundu.<\/p>\n<p>Bolluk zamanlar\u0131nda yap\u0131lan d\u00fczenlemelerin korkun\u00e7 sonu\u00e7lar do\u011furdu\u011funa g\u00fczel bir \u00f6rnek olan DA\u00dc\u2019deki darbo\u011faz\u0131n bu yasayla \u00e7\u00f6z\u00fclmeyece\u011fini belirten \u015eahali, h\u00fck\u00fcmetin \u00e7ok daha yap\u0131c\u0131 ve kal\u0131c\u0131 ad\u0131mlar atmas\u0131 gerekti\u011fini s\u00f6yledi.<\/p>\n<p>Kazan\u0131lm\u0131\u015f haklara dokunulmas\u0131n\u0131n ba\u015fka sak\u0131ncalar do\u011furabilece\u011fini kaydeden \u015eahali, bu tasar\u0131n\u0131n Anayasa\u2019ya uygunlu\u011funun da incelenmesi gerekti\u011fini belirtti. \u201cKe\u015fke DA\u00dc\u2019n\u00fcn tek sorunu bu olsayd\u0131 da burada g\u00fcle oynaya \u00e7\u00f6zseydik\u201d diyen\u00a0\u015eahali, bu konuya olumlu oy vereceklerini ifade etti.\u00a0Tezkere oybirli\u011fiyle kabul edildi.<\/p>\n<p>Para Kambiyo ve \u0130nki\u015faf Sand\u0131\u011f\u0131 \u0130\u015fleri Dairesi (Kurulu\u015f G\u00f6rev ve \u00c7al\u0131\u015fma Esaslar\u0131) (De\u011fi\u015fiklik) Yasa Tasar\u0131s\u0131\u2019n\u0131n komitede ivedilikle ele al\u0131nmas\u0131na ili\u015fkin tezkere onaya sunuldu. Yeniden s\u00f6z alan CTP Milletvekili Erkut\u00a0\u015eahali, Meclis Genel Kurulu\u2019na 16 ivedili\u011fin bir g\u00fcnde getirilmesini ele\u015ftirerek, \u201cBelli ki dostlar al\u0131\u015fveri\u015fte g\u00f6rs\u00fcn \u00e7al\u0131\u015fmas\u0131d\u0131r bu\u201d yorumunda bulundu.<\/p>\n<p>Para Kambiyo ve \u0130nki\u015faf Sand\u0131\u011f\u0131 \u0130\u015fleri Dairesi\u2019nin \u015fu anki alt yap\u0131s\u0131 ve personelinin iyi niyetli \u00e7al\u0131\u015fmalar\u0131na ra\u011fmen yeterli olmad\u0131\u011f\u0131na i\u015faret eden \u015eahali,\u00a0bu yasan\u0131n gerekli oldu\u011funu ancak g\u00fcc\u00fc art\u0131r\u0131lacak dairenin g\u00fcc\u00fcn\u00fc kullanamayaca\u011f\u0131n\u0131 \u00e7\u00fcnk\u00fc ilgili mevzuatlar\u0131n hala haz\u0131rlanmad\u0131\u011f\u0131n\u0131 savundu. \u015eahali, tezkereye olumlu oy vereceklerini belirtti.<\/p>\n<p>Maliye Bakan\u0131 \u00d6zdemir Berova da ele\u015ftirileri yan\u0131tlad\u0131\u011f\u0131 konu\u015fmas\u0131nda, CTP\u2019nin olumlu tavr\u0131ndan memnuniyet duydu\u011funu ancak \u015eahali\u2019nin her zaman \u201csapla saman\u0131 kar\u0131\u015ft\u0131rd\u0131\u011f\u0131n\u0131\u201d s\u00f6yledi.<\/p>\n<p>\u0130tibari parayla ilgili yasan\u0131n bug\u00fcn g\u00fcndemde olmad\u0131\u011f\u0131na i\u015faret ederek, ele\u015ftirilerden duydu\u011fu rahats\u0131zl\u0131\u011f\u0131 dile getiren Berova, bu uygulaman\u0131n d\u00fcnyan\u0131n pek \u00e7ok yerinde oldu\u011funu kaydetti.\u00a0Berova, dairenin y\u00fck\u00fcn\u00fcn a\u011f\u0131r oldu\u011funun do\u011fru bir tespit oldu\u011funu bu yasayla dairenin g\u00fc\u00e7lenece\u011fine inan\u00e7 belirtti.<\/p>\n<p>CTP Milletvekili Erkut \u015eahali yeniden s\u00f6z alarak, \u201csapla saman\u0131n kar\u0131\u015ft\u0131rd\u0131\u011f\u0131\u201d ele\u015ftirisinin do\u011fru olmad\u0131\u011f\u0131n\u0131 \u00e7\u00fcnk\u00fc kayna\u011f\u0131 izah edilememi\u015f paran\u0131n denetlemekle g\u00f6revlendirilenin devlet dairesinin de Para Kambiyo Dairesi oldu\u011funa i\u015faret etti.\u00a0\u00a0<\/p>\n<p>Genel kurul daha sonra ivedili\u011fi oy \u00e7oklu\u011fuyla onaylad\u0131.<\/p>\n<p>Cumhuriyet Meclisi Genel Kurulu daha sonra Belediyeler (De\u011fi\u015fiklik) Yasa Tasar\u0131s\u0131\u2019n\u0131n komitede ivedilikle ele al\u0131nmas\u0131na ili\u015fkin tezkereyi g\u00f6r\u00fc\u015fmeye ba\u015flad\u0131.\u00a0<\/p>\n<p>CTP Milletvekili S\u0131la Usar \u0130ncirli s\u00f6z alarak,\u00a0 genel kurul a\u00e7\u0131ld\u0131ktan sonra \u00f6nlerine 17 ivedilik gelmesini \u201csayg\u0131s\u0131zl\u0131k\u201d olarak niteleyerek, g\u00fcndemde sadece bir yasa duyurusu yap\u0131ld\u0131\u011f\u0131na i\u015faret etti.<\/p>\n<p>Bu i\u015flerin bu \u015fekilde olmamas\u0131 gerekti\u011fini, milletvekillerine haz\u0131rlanmak ve \u00e7al\u0131\u015fmak i\u00e7in zaman tan\u0131nmas\u0131 gerekti\u011fini kaydeden \u0130ncirli, bu \u00e7al\u0131\u015fma \u015feklinin \u00f6zensiz oldu\u011funu s\u00f6yledi.\u00a0Bu tasar\u0131lar\u0131n, belediyeler reformunun \u00e7ok da ba\u015far\u0131l\u0131 olmad\u0131\u011f\u0131n\u0131 kan\u0131tlad\u0131\u011f\u0131n\u0131 kaydeden \u0130ncirli, \u201c\u00d6v\u00fcnerek yap\u0131lan reforma s\u00fcrekli de\u011fi\u015fiklik istenmesinin ba\u015fka bir anlam\u0131 olamaz\u201d dedi.<\/p>\n<p>\u0130ncirli, merkezi idarenin yerel y\u00f6netimlerin arkas\u0131nda kald\u0131\u011f\u0131n\u0131, bu nedenle h\u00fck\u00fcmetin belediyelerin ba\u015far\u0131l\u0131 oldu\u011fu alanlardan pay edinmeye \u00e7al\u0131\u015ft\u0131\u011f\u0131n\u0131 savundu. \u0130ncirli, bu konuyla ilgili Belediyeler Birli\u011fi\u2019nin ne dedi\u011fini de bilmek istediklerini s\u00f6yledi.<\/p>\n<p>\u0130\u00e7i\u015fleri Bakan\u0131 Dursun O\u011fuz da, ele\u015ftirilere a\u00e7\u0131k olduklar\u0131n\u0131 ancak belediyeler yat\u0131r\u0131m yapacak diye su gibi gelirleri art\u0131rmas\u0131n\u0131n kabul edilir bir \u015fey olmad\u0131\u011f\u0131n\u0131 belirtti. O\u011fuz, suyun fiyat\u0131n\u0131n belli oldu\u011funu ancak uyarmalar\u0131na ra\u011fmen baz\u0131 belediyelerin farkl\u0131 fiyat uygulad\u0131\u011f\u0131n\u0131 ve belediyelerin fiyat tarifeleri aras\u0131nda b\u00fcy\u00fck u\u00e7urumlar oldu\u011funu kaydetti.<\/p>\n<p>Belediyelerin kay\u0131plar\u0131n\u0131 halktan ald\u0131klar\u0131 su paras\u0131yla kapatmaya \u00e7al\u0131\u015fmas\u0131n\u0131n do\u011fru olmad\u0131\u011f\u0131n\u0131 dile getiren O\u011fuz, belediyelerin 2.5\/3 kat\u0131 farkla su fiyat\u0131 belirlemesinin do\u011fru olmad\u0131\u011f\u0131n\u0131 hat\u0131rlatt\u0131.<\/p>\n<p>O\u011fuz, konu\u015fmas\u0131n\u0131n ard\u0131ndan muhalefet milletvekillerinin su paralar\u0131n\u0131n nas\u0131l belirlenece\u011fiyle ilgili sorular\u0131\u00a0da cevaplad\u0131.<\/p>\n<p>UBP Milletvekili Sunat Atun ise, \u0130ncirli\u2019nin h\u00fck\u00fcmeti sayg\u0131s\u0131zl\u0131kla itham etmesinin kabul edilemez oldu\u011funu belirterek, yasa tasar\u0131lar\u0131 bug\u00fcn ortaya \u00e7\u0131kt\u0131 diye bir \u015fey olmad\u0131\u011f\u0131n\u0131 bu tasar\u0131lar\u0131n\u0131n baz\u0131lar\u0131n\u0131n da\u011f\u0131t\u0131m\u0131n\u0131n \u00e7o\u011funun martta yap\u0131ld\u0131\u011f\u0131n\u0131 s\u00f6yledi.<\/p>\n<p>CTP Milletvekili S\u0131la Usar \u0130ncirli, ele\u015ftirisinin ivedilik istenecek yasalar\u0131n en az\u0131ndan 1 g\u00fcn \u00f6nce bilgiye getirilmesi oldu\u011funu yoksa tasar\u0131lar \u00fczerine \u00e7al\u0131\u015f\u0131lmas\u0131n\u0131n sorun olmad\u0131\u011f\u0131n\u0131 yineledi.<\/p>\n<p>Genel kurul daha sonra ivedilik tezkeresini oy birli\u011fiyle kabul etti.<\/p>\n<p>Cumhuriyet Meclisi Genel Kurulu daha sonra Hukuk Siyasi \u0130\u015fleri, D\u0131\u015f \u0130li\u015fkiler ve Savunma Komitesi\u2019nde g\u00f6rev yapan UBP Milletvekili\u00a0F\u0131rt\u0131na Karanfil\u2019in geri \u00e7ekilmesi, yerine de UBP Milletvekili Hasan Ta\u00e7oy\u2019un atanmas\u0131na ili\u015fkin tezkereyi oylad\u0131.<\/p>\n<\/p><\/div>\n<p><script async\n                    defer\n                    crossorigin=\"anonymous\"\n                    src=\"https:\/\/connect.facebook.net\/tr_TR\/sdk.js#xfbml=1&#038;version=v3.3\"\n            ><\/script><\/p>\n","protected":false},"excerpt":{"rendered":"<p>Cumhuriyet Meclisi Genel Kurulu\u2019nda onaya ve bilgiye sunu\u015flar devam etti. Ba\u011f\u0131ms\u0131z Milletvekili Hasan Tosuno\u011flu\u2019nun yasama dokunulmazl\u0131\u011f\u0131n\u0131n kald\u0131r\u0131lmas\u0131n\u0131 incelemek \u00fczere olu\u015fturan komitede g\u00f6rev yapan UBP Milletvekili Ahmet Sava\u015fan\u2019\u0131n yerine UBP Milletvekili Yasemi \u00d6zt\u00fcrk\u2019\u00fcn ge\u00e7mesi onaya sunularak, kabul edildi. Genel kurulda daha sonra\u00a0Kuzey K\u0131br\u0131s E\u011fitim Vakf\u0131 ve Do\u011fu Akdeniz \u00dcniversitesi Kurulu\u015f (De\u011fi\u015fiklik) Yasa Tasar\u0131s\u0131\u2019n\u0131n komitede ivedilikle ele<\/p>\n","protected":false},"author":1,"featured_media":82105,"comment_status":"open","ping_status":"open","sticky":false,"template":"","format":"standard","meta":{"footnotes":""},"categories":[81,101],"tags":[],"class_list":["post-82104","post","type-post","status-publish","format-standard","has-post-thumbnail","hentry","category-kibris","category-manset"],"yoast_head":"<!-- This site is optimized with the Yoast SEO plugin v27.5 - https:\/\/yoast.com\/product\/yoast-seo-wordpress\/ -->\n<title>Meclis \u00e7al\u0131\u015fmalar\u0131 devam ediyor -<\/title>\n<meta name=\"robots\" content=\"index, follow, max-snippet:-1, max-image-preview:large, max-video-preview:-1\" \/>\n<link rel=\"canonical\" href=\"https:\/\/kibrisdakik.com\/?p=82104\" \/>\n<meta property=\"og:locale\" content=\"tr_TR\" \/>\n<meta property=\"og:type\" content=\"article\" \/>\n<meta property=\"og:title\" content=\"Meclis \u00e7al\u0131\u015fmalar\u0131 devam ediyor -\" \/>\n<meta property=\"og:description\" content=\"Cumhuriyet Meclisi Genel Kurulu\u2019nda onaya ve bilgiye sunu\u015flar devam etti. Ba\u011f\u0131ms\u0131z Milletvekili Hasan Tosuno\u011flu\u2019nun yasama dokunulmazl\u0131\u011f\u0131n\u0131n kald\u0131r\u0131lmas\u0131n\u0131 incelemek \u00fczere olu\u015fturan komitede g\u00f6rev yapan UBP Milletvekili Ahmet Sava\u015fan\u2019\u0131n yerine UBP Milletvekili Yasemi \u00d6zt\u00fcrk\u2019\u00fcn ge\u00e7mesi onaya sunularak, kabul edildi. Genel kurulda daha sonra\u00a0Kuzey K\u0131br\u0131s E\u011fitim Vakf\u0131 ve Do\u011fu Akdeniz \u00dcniversitesi Kurulu\u015f (De\u011fi\u015fiklik) Yasa Tasar\u0131s\u0131\u2019n\u0131n komitede ivedilikle ele\" \/>\n<meta property=\"og:url\" content=\"https:\/\/kibrisdakik.com\/?p=82104\" \/>\n<meta property=\"article:published_time\" content=\"2025-05-12T16:00:11+00:00\" \/>\n<meta property=\"og:image\" content=\"https:\/\/kibrisdakik.com\/wp-content\/uploads\/2025\/05\/1747064140426MECLIS-FOTO-BURHAN-CANBAZ-4-740x420.jpeg\" \/>\n\t<meta property=\"og:image:width\" content=\"1800\" \/>\n\t<meta property=\"og:image:height\" content=\"1200\" \/>\n\t<meta property=\"og:image:type\" content=\"image\/jpeg\" \/>\n<meta name=\"author\" content=\"admin\" \/>\n<meta name=\"twitter:card\" content=\"summary_large_image\" \/>\n<meta name=\"twitter:label1\" content=\"Yazan:\" \/>\n\t<meta name=\"twitter:data1\" content=\"admin\" \/>\n\t<meta name=\"twitter:label2\" content=\"Tahmini okuma s\u00fcresi\" \/>\n\t<meta name=\"twitter:data2\" content=\"6 dakika\" \/>\n<script type=\"application\/ld+json\" class=\"yoast-schema-graph\">{\"@context\":\"https:\\\/\\\/schema.org\",\"@graph\":[{\"@type\":\"Article\",\"@id\":\"https:\\\/\\\/kibrisdakik.com\\\/?p=82104#article\",\"isPartOf\":{\"@id\":\"https:\\\/\\\/kibrisdakik.com\\\/?p=82104\"},\"author\":{\"name\":\"admin\",\"@id\":\"https:\\\/\\\/kibrisdakik.com\\\/#\\\/schema\\\/person\\\/9cd9d437bbb44f72b73ba127e06d8e79\"},\"headline\":\"Meclis \u00e7al\u0131\u015fmalar\u0131 devam ediyor\",\"datePublished\":\"2025-05-12T16:00:11+00:00\",\"mainEntityOfPage\":{\"@id\":\"https:\\\/\\\/kibrisdakik.com\\\/?p=82104\"},\"wordCount\":1139,\"commentCount\":0,\"image\":{\"@id\":\"https:\\\/\\\/kibrisdakik.com\\\/?p=82104#primaryimage\"},\"thumbnailUrl\":\"https:\\\/\\\/kibrisdakik.com\\\/wp-content\\\/uploads\\\/2025\\\/05\\\/1747064140426MECLIS-FOTO-BURHAN-CANBAZ-4-740x420.jpeg\",\"articleSection\":[\"K\u0131br\u0131s\",\"Man\u015fet\"],\"inLanguage\":\"tr\",\"potentialAction\":[{\"@type\":\"CommentAction\",\"name\":\"Comment\",\"target\":[\"https:\\\/\\\/kibrisdakik.com\\\/?p=82104#respond\"]}]},{\"@type\":\"WebPage\",\"@id\":\"https:\\\/\\\/kibrisdakik.com\\\/?p=82104\",\"url\":\"https:\\\/\\\/kibrisdakik.com\\\/?p=82104\",\"name\":\"Meclis \u00e7al\u0131\u015fmalar\u0131 devam ediyor -\",\"isPartOf\":{\"@id\":\"https:\\\/\\\/kibrisdakik.com\\\/#website\"},\"primaryImageOfPage\":{\"@id\":\"https:\\\/\\\/kibrisdakik.com\\\/?p=82104#primaryimage\"},\"image\":{\"@id\":\"https:\\\/\\\/kibrisdakik.com\\\/?p=82104#primaryimage\"},\"thumbnailUrl\":\"https:\\\/\\\/kibrisdakik.com\\\/wp-content\\\/uploads\\\/2025\\\/05\\\/1747064140426MECLIS-FOTO-BURHAN-CANBAZ-4-740x420.jpeg\",\"datePublished\":\"2025-05-12T16:00:11+00:00\",\"author\":{\"@id\":\"https:\\\/\\\/kibrisdakik.com\\\/#\\\/schema\\\/person\\\/9cd9d437bbb44f72b73ba127e06d8e79\"},\"breadcrumb\":{\"@id\":\"https:\\\/\\\/kibrisdakik.com\\\/?p=82104#breadcrumb\"},\"inLanguage\":\"tr\",\"potentialAction\":[{\"@type\":\"ReadAction\",\"target\":[\"https:\\\/\\\/kibrisdakik.com\\\/?p=82104\"]}]},{\"@type\":\"ImageObject\",\"inLanguage\":\"tr\",\"@id\":\"https:\\\/\\\/kibrisdakik.com\\\/?p=82104#primaryimage\",\"url\":\"https:\\\/\\\/kibrisdakik.com\\\/wp-content\\\/uploads\\\/2025\\\/05\\\/1747064140426MECLIS-FOTO-BURHAN-CANBAZ-4-740x420.jpeg\",\"contentUrl\":\"https:\\\/\\\/kibrisdakik.com\\\/wp-content\\\/uploads\\\/2025\\\/05\\\/1747064140426MECLIS-FOTO-BURHAN-CANBAZ-4-740x420.jpeg\",\"width\":1800,\"height\":1200},{\"@type\":\"BreadcrumbList\",\"@id\":\"https:\\\/\\\/kibrisdakik.com\\\/?p=82104#breadcrumb\",\"itemListElement\":[{\"@type\":\"ListItem\",\"position\":1,\"name\":\"Home\",\"item\":\"https:\\\/\\\/kibrisdakik.com\\\/\"},{\"@type\":\"ListItem\",\"position\":2,\"name\":\"Meclis \u00e7al\u0131\u015fmalar\u0131 devam ediyor\"}]},{\"@type\":\"WebSite\",\"@id\":\"https:\\\/\\\/kibrisdakik.com\\\/#website\",\"url\":\"https:\\\/\\\/kibrisdakik.com\\\/\",\"name\":\"\",\"description\":\"Tam vaktinde haber\",\"potentialAction\":[{\"@type\":\"SearchAction\",\"target\":{\"@type\":\"EntryPoint\",\"urlTemplate\":\"https:\\\/\\\/kibrisdakik.com\\\/?s={search_term_string}\"},\"query-input\":{\"@type\":\"PropertyValueSpecification\",\"valueRequired\":true,\"valueName\":\"search_term_string\"}}],\"inLanguage\":\"tr\"},{\"@type\":\"Person\",\"@id\":\"https:\\\/\\\/kibrisdakik.com\\\/#\\\/schema\\\/person\\\/9cd9d437bbb44f72b73ba127e06d8e79\",\"name\":\"admin\",\"image\":{\"@type\":\"ImageObject\",\"inLanguage\":\"tr\",\"@id\":\"https:\\\/\\\/secure.gravatar.com\\\/avatar\\\/ccc17943b9d660506c869530f897617f7cb1c21a4bf30023f252596d83e1f007?s=96&d=mm&r=g\",\"url\":\"https:\\\/\\\/secure.gravatar.com\\\/avatar\\\/ccc17943b9d660506c869530f897617f7cb1c21a4bf30023f252596d83e1f007?s=96&d=mm&r=g\",\"contentUrl\":\"https:\\\/\\\/secure.gravatar.com\\\/avatar\\\/ccc17943b9d660506c869530f897617f7cb1c21a4bf30023f252596d83e1f007?s=96&d=mm&r=g\",\"caption\":\"admin\"},\"sameAs\":[\"https:\\\/\\\/kibrisdakik.com\"],\"url\":\"https:\\\/\\\/kibrisdakik.com\\\/?author=1\"}]}<\/script>\n<!-- \/ Yoast SEO plugin. -->","yoast_head_json":{"title":"Meclis \u00e7al\u0131\u015fmalar\u0131 devam ediyor -","robots":{"index":"index","follow":"follow","max-snippet":"max-snippet:-1","max-image-preview":"max-image-preview:large","max-video-preview":"max-video-preview:-1"},"canonical":"https:\/\/kibrisdakik.com\/?p=82104","og_locale":"tr_TR","og_type":"article","og_title":"Meclis \u00e7al\u0131\u015fmalar\u0131 devam ediyor -","og_description":"Cumhuriyet Meclisi Genel Kurulu\u2019nda onaya ve bilgiye sunu\u015flar devam etti. Ba\u011f\u0131ms\u0131z Milletvekili Hasan Tosuno\u011flu\u2019nun yasama dokunulmazl\u0131\u011f\u0131n\u0131n kald\u0131r\u0131lmas\u0131n\u0131 incelemek \u00fczere olu\u015fturan komitede g\u00f6rev yapan UBP Milletvekili Ahmet Sava\u015fan\u2019\u0131n yerine UBP Milletvekili Yasemi \u00d6zt\u00fcrk\u2019\u00fcn ge\u00e7mesi onaya sunularak, kabul edildi. Genel kurulda daha sonra\u00a0Kuzey K\u0131br\u0131s E\u011fitim Vakf\u0131 ve Do\u011fu Akdeniz \u00dcniversitesi Kurulu\u015f (De\u011fi\u015fiklik) Yasa Tasar\u0131s\u0131\u2019n\u0131n komitede ivedilikle ele","og_url":"https:\/\/kibrisdakik.com\/?p=82104","article_published_time":"2025-05-12T16:00:11+00:00","og_image":[{"width":1800,"height":1200,"url":"https:\/\/kibrisdakik.com\/wp-content\/uploads\/2025\/05\/1747064140426MECLIS-FOTO-BURHAN-CANBAZ-4-740x420.jpeg","type":"image\/jpeg"}],"author":"admin","twitter_card":"summary_large_image","twitter_misc":{"Yazan:":"admin","Tahmini okuma s\u00fcresi":"6 dakika"},"schema":{"@context":"https:\/\/schema.org","@graph":[{"@type":"Article","@id":"https:\/\/kibrisdakik.com\/?p=82104#article","isPartOf":{"@id":"https:\/\/kibrisdakik.com\/?p=82104"},"author":{"name":"admin","@id":"https:\/\/kibrisdakik.com\/#\/schema\/person\/9cd9d437bbb44f72b73ba127e06d8e79"},"headline":"Meclis \u00e7al\u0131\u015fmalar\u0131 devam ediyor","datePublished":"2025-05-12T16:00:11+00:00","mainEntityOfPage":{"@id":"https:\/\/kibrisdakik.com\/?p=82104"},"wordCount":1139,"commentCount":0,"image":{"@id":"https:\/\/kibrisdakik.com\/?p=82104#primaryimage"},"thumbnailUrl":"https:\/\/kibrisdakik.com\/wp-content\/uploads\/2025\/05\/1747064140426MECLIS-FOTO-BURHAN-CANBAZ-4-740x420.jpeg","articleSection":["K\u0131br\u0131s","Man\u015fet"],"inLanguage":"tr","potentialAction":[{"@type":"CommentAction","name":"Comment","target":["https:\/\/kibrisdakik.com\/?p=82104#respond"]}]},{"@type":"WebPage","@id":"https:\/\/kibrisdakik.com\/?p=82104","url":"https:\/\/kibrisdakik.com\/?p=82104","name":"Meclis \u00e7al\u0131\u015fmalar\u0131 devam ediyor -","isPartOf":{"@id":"https:\/\/kibrisdakik.com\/#website"},"primaryImageOfPage":{"@id":"https:\/\/kibrisdakik.com\/?p=82104#primaryimage"},"image":{"@id":"https:\/\/kibrisdakik.com\/?p=82104#primaryimage"},"thumbnailUrl":"https:\/\/kibrisdakik.com\/wp-content\/uploads\/2025\/05\/1747064140426MECLIS-FOTO-BURHAN-CANBAZ-4-740x420.jpeg","datePublished":"2025-05-12T16:00:11+00:00","author":{"@id":"https:\/\/kibrisdakik.com\/#\/schema\/person\/9cd9d437bbb44f72b73ba127e06d8e79"},"breadcrumb":{"@id":"https:\/\/kibrisdakik.com\/?p=82104#breadcrumb"},"inLanguage":"tr","potentialAction":[{"@type":"ReadAction","target":["https:\/\/kibrisdakik.com\/?p=82104"]}]},{"@type":"ImageObject","inLanguage":"tr","@id":"https:\/\/kibrisdakik.com\/?p=82104#primaryimage","url":"https:\/\/kibrisdakik.com\/wp-content\/uploads\/2025\/05\/1747064140426MECLIS-FOTO-BURHAN-CANBAZ-4-740x420.jpeg","contentUrl":"https:\/\/kibrisdakik.com\/wp-content\/uploads\/2025\/05\/1747064140426MECLIS-FOTO-BURHAN-CANBAZ-4-740x420.jpeg","width":1800,"height":1200},{"@type":"BreadcrumbList","@id":"https:\/\/kibrisdakik.com\/?p=82104#breadcrumb","itemListElement":[{"@type":"ListItem","position":1,"name":"Home","item":"https:\/\/kibrisdakik.com\/"},{"@type":"ListItem","position":2,"name":"Meclis \u00e7al\u0131\u015fmalar\u0131 devam ediyor"}]},{"@type":"WebSite","@id":"https:\/\/kibrisdakik.com\/#website","url":"https:\/\/kibrisdakik.com\/","name":"","description":"Tam vaktinde haber","potentialAction":[{"@type":"SearchAction","target":{"@type":"EntryPoint","urlTemplate":"https:\/\/kibrisdakik.com\/?s={search_term_string}"},"query-input":{"@type":"PropertyValueSpecification","valueRequired":true,"valueName":"search_term_string"}}],"inLanguage":"tr"},{"@type":"Person","@id":"https:\/\/kibrisdakik.com\/#\/schema\/person\/9cd9d437bbb44f72b73ba127e06d8e79","name":"admin","image":{"@type":"ImageObject","inLanguage":"tr","@id":"https:\/\/secure.gravatar.com\/avatar\/ccc17943b9d660506c869530f897617f7cb1c21a4bf30023f252596d83e1f007?s=96&d=mm&r=g","url":"https:\/\/secure.gravatar.com\/avatar\/ccc17943b9d660506c869530f897617f7cb1c21a4bf30023f252596d83e1f007?s=96&d=mm&r=g","contentUrl":"https:\/\/secure.gravatar.com\/avatar\/ccc17943b9d660506c869530f897617f7cb1c21a4bf30023f252596d83e1f007?s=96&d=mm&r=g","caption":"admin"},"sameAs":["https:\/\/kibrisdakik.com"],"url":"https:\/\/kibrisdakik.com\/?author=1"}]}},"_links":{"self":[{"href":"https:\/\/kibrisdakik.com\/index.php?rest_route=\/wp\/v2\/posts\/82104","targetHints":{"allow":["GET"]}}],"collection":[{"href":"https:\/\/kibrisdakik.com\/index.php?rest_route=\/wp\/v2\/posts"}],"about":[{"href":"https:\/\/kibrisdakik.com\/index.php?rest_route=\/wp\/v2\/types\/post"}],"author":[{"embeddable":true,"href":"https:\/\/kibrisdakik.com\/index.php?rest_route=\/wp\/v2\/users\/1"}],"replies":[{"embeddable":true,"href":"https:\/\/kibrisdakik.com\/index.php?rest_route=%2Fwp%2Fv2%2Fcomments&post=82104"}],"version-history":[{"count":0,"href":"https:\/\/kibrisdakik.com\/index.php?rest_route=\/wp\/v2\/posts\/82104\/revisions"}],"wp:featuredmedia":[{"embeddable":true,"href":"https:\/\/kibrisdakik.com\/index.php?rest_route=\/wp\/v2\/media\/82105"}],"wp:attachment":[{"href":"https:\/\/kibrisdakik.com\/index.php?rest_route=%2Fwp%2Fv2%2Fmedia&parent=82104"}],"wp:term":[{"taxonomy":"category","embeddable":true,"href":"https:\/\/kibrisdakik.com\/index.php?rest_route=%2Fwp%2Fv2%2Fcategories&post=82104"},{"taxonomy":"post_tag","embeddable":true,"href":"https:\/\/kibrisdakik.com\/index.php?rest_route=%2Fwp%2Fv2%2Ftags&post=82104"}],"curies":[{"name":"wp","href":"https:\/\/api.w.org\/{rel}","templated":true}]}}