{"id":82153,"date":"2025-05-13T13:56:18","date_gmt":"2025-05-13T10:56:18","guid":{"rendered":"https:\/\/kibrisdakik.com\/index.php\/2025\/05\/13\/kayip-otobus-sehitleri-anildi-cumhurbaskani-tatar-iki-devletli-yoldan-donus-yok-federasyon-masali-sehitlere-ihanettir\/"},"modified":"2025-05-13T13:56:18","modified_gmt":"2025-05-13T10:56:18","slug":"kayip-otobus-sehitleri-anildi-cumhurbaskani-tatar-iki-devletli-yoldan-donus-yok-federasyon-masali-sehitlere-ihanettir","status":"publish","type":"post","link":"https:\/\/kibrisdakik.com\/?p=82153","title":{"rendered":"Kay\u0131p Otob\u00fcs \u015eehitleri an\u0131ld\u0131\u2026 Cumhurba\u015fkan\u0131  Tatar: \u0130ki devletli yoldan d\u00f6n\u00fc\u015f yok, federasyon masal\u0131 \u015fehitlere ihanettir"},"content":{"rendered":"<div>\n<div class=\"mariselle-image-container center\">\n                                            <\/div>\n<p>13 May\u0131s 1964 tarihinde i\u015fe gitmek i\u00e7in yola \u00e7\u0131kan ancak bir daha geri d\u00f6nemeyen Kay\u0131p Otob\u00fcs\u2019te bulunan 11 K\u0131br\u0131sl\u0131 T\u00fcrk, \u0130skele Belediyesi ve \u0130skele Kaymakaml\u0131\u011f\u0131\u2019n\u0131n ev sahipli\u011finde Larnakal\u0131lar Derne\u011fi\u2019nin katk\u0131lar\u0131yla t\u00f6renle an\u0131ld\u0131.<\/p>\n<p>Anma t\u00f6reninde ilk konu\u015fmay\u0131 yapan Kay\u0131p Otob\u00fcs \u015fehitlerinden Hasan Durmu\u015f\u2019un torunu Durmu\u015f Esentan, 11 \u015fehidin arkalar\u0131nda tarifsiz bir ac\u0131 b\u0131rakt\u0131\u011f\u0131n\u0131 an\u0131msatt\u0131.<\/p>\n<p> Larnakal\u0131lar Derne\u011fi Ba\u015fkan\u0131 Zarif\u015fen Mente\u015fo\u011flu da, kur\u015funa dizilerek \u015fehit edilen 11 K\u0131br\u0131sl\u0131 T\u00fcrk\u2019\u00fcn an\u0131s\u0131n\u0131 ya\u015fatmak i\u00e7in \u00e7al\u0131\u015fmay\u0131 s\u00fcrd\u00fcreceklerini s\u00f6yledi.<\/p>\n<p>K\u0131br\u0131s TMT M\u00fccahitler Derne\u011fi \u0130skele \u015eube Ba\u015fkan\u0131 Ali Abdurrahmano\u011flu da, Kay\u0131p Otob\u00fcs\u2019teki 11 K\u0131br\u0131sl\u0131 T\u00fcrk\u00fcn Rumlar taraf\u0131ndan hunharca katledildi\u011fini ve K\u0131br\u0131s T\u00fcrk halk\u0131n\u0131n varolu\u015f m\u00fccadelesinde \u00e7ok \u015fehitler verildi\u011fini hat\u0131rlatt\u0131. <\/p>\n<p>\u0130skele Belediye Ba\u015fkan\u0131 Hasan Sad\u0131ko\u011flu da, 1964 y\u0131l\u0131nda ekmek paras\u0131 kazanmak i\u00e7in o otob\u00fcse binen 11 ki\u015finin \u015fehit edildi\u011fine dikkati \u00e7ekerek, Rumlar\u0131n hain sald\u0131r\u0131s\u0131 sonucu hunharca katledilen \u015fehitleri minnet ve say\u0131yla and\u0131klar\u0131n\u0131 ifade etti.<\/p>\n<p>\tCumhurba\u015fkan\u0131 Ersin Tatar da bundan 61 y\u0131l \u00f6nce 13 May\u0131s da katledilen kay\u0131p otob\u00fcs \u015fehitlerini rahmet ve sayg\u0131yla and\u0131\u011f\u0131n\u0131 belirterek, Rumlar\u0131n, K\u0131br\u0131s T\u00fcrk halk\u0131na y\u00f6nelik sald\u0131r\u0131lar\u0131n unutulamayaca\u011f\u0131n\u0131 ve tarihten ders \u00e7\u0131kar\u0131lmas\u0131 gerekti\u011fini vurgulad\u0131. <\/p>\n<p>Tatar, \u201c13 May\u0131s 1964\u2019te ya\u015fananlar, K\u0131br\u0131s T\u00fcrk\u00fc\u2019n\u00fc bu topraklardan silmek i\u00e7in oynanan barbarca oyunlar\u0131n a\u00e7\u0131k bir g\u00f6stergesidir\u201d dedi.<\/p>\n<p>Anma t\u00f6renine farkl\u0131 \u00fclkelerden gelen \u015fehit yak\u0131nlar\u0131 oldu\u011funa i\u015faret eden Cumhurba\u015fkan\u0131 Tatar, d\u00fcnyan\u0131n d\u00f6rt bir yan\u0131ndaki K\u0131br\u0131sl\u0131 T\u00fcrklerin tek y\u00fcrek olmu\u015f bir \u015fekilde KKTC\u2019nin hakl\u0131 m\u00fccadelesine sahip \u00e7\u0131kt\u0131\u011f\u0131n\u0131 s\u00f6yledi.<\/p>\n<p>Konu\u015fmas\u0131nda m\u00fczakerelerine de de\u011finen Tatar, art\u0131k yeni bir yol haritas\u0131 izlendi\u011fini ve egemen e\u015fitli\u011fe dayal\u0131 \u00e7\u00f6z\u00fcmden geri d\u00f6n\u00fc\u015f olmad\u0131\u011f\u0131n\u0131 vurgulad\u0131.<\/p>\n<p>Tatar, \u201cNe T\u00fcrkiye eski T\u00fcrkiye\u2019dir, ne de Do\u011fu Akdeniz eski Do\u011fu Akdeniz\u2019dir. 61 y\u0131l sonra d\u00fcnya de\u011fi\u015fmi\u015f, K\u0131br\u0131s T\u00fcrk\u00fc de de\u011fi\u015fmi\u015ftir. \u0130ki devletli yoldan d\u00f6n\u00fc\u015f yok. Federasyon masal\u0131 \u015fehitlere ihanettir\u201d dedi.<\/p>\n<p>Konu\u015fmas\u0131n\u0131n sonunda gen\u00e7lere seslenen Cumhurba\u015fkan\u0131 Tatar, tarihin do\u011fru \u00f6\u011fretilmesinin \u00f6nemine dikkat \u00e7ekti.<\/p>\n<p>Tatar, \u201cTarihimizi bilmezsek, ba\u015fkalar\u0131 gelir ve bize ba\u015fka \u015feyler anlat\u0131r. 1974\u2019te T\u00fcrk askerinin geli\u015fiyle bar\u0131\u015f ve g\u00fcvenlik tesis edilmi\u015ftir. O g\u00fcnden bug\u00fcne bu topraklarda bar\u0131\u015f vard\u0131r\u201d \u015feklinde konu\u015ftu.<\/p>\n<p>Anma t\u00f6reni dua okunmas\u0131yla son buldu.<\/p>\n<\/p><\/div>\n<p><script async\n                    defer\n                    crossorigin=\"anonymous\"\n                    src=\"https:\/\/connect.facebook.net\/tr_TR\/sdk.js#xfbml=1&#038;version=v3.3\"\n            ><\/script><\/p>\n","protected":false},"excerpt":{"rendered":"<p>13 May\u0131s 1964 tarihinde i\u015fe gitmek i\u00e7in yola \u00e7\u0131kan ancak bir daha geri d\u00f6nemeyen Kay\u0131p Otob\u00fcs\u2019te bulunan 11 K\u0131br\u0131sl\u0131 T\u00fcrk, \u0130skele Belediyesi ve \u0130skele Kaymakaml\u0131\u011f\u0131\u2019n\u0131n ev sahipli\u011finde Larnakal\u0131lar Derne\u011fi\u2019nin katk\u0131lar\u0131yla t\u00f6renle an\u0131ld\u0131. Anma t\u00f6reninde ilk konu\u015fmay\u0131 yapan Kay\u0131p Otob\u00fcs \u015fehitlerinden Hasan Durmu\u015f\u2019un torunu Durmu\u015f Esentan, 11 \u015fehidin arkalar\u0131nda tarifsiz bir ac\u0131 b\u0131rakt\u0131\u011f\u0131n\u0131 an\u0131msatt\u0131. Larnakal\u0131lar Derne\u011fi<\/p>\n","protected":false},"author":1,"featured_media":82154,"comment_status":"open","ping_status":"open","sticky":false,"template":"","format":"standard","meta":{"footnotes":""},"categories":[81,101],"tags":[],"class_list":["post-82153","post","type-post","status-publish","format-standard","has-post-thumbnail","hentry","category-kibris","category-manset"],"yoast_head":"<!-- This site is optimized with the Yoast SEO plugin v27.5 - https:\/\/yoast.com\/product\/yoast-seo-wordpress\/ -->\n<title>Kay\u0131p Otob\u00fcs \u015eehitleri an\u0131ld\u0131\u2026 Cumhurba\u015fkan\u0131 Tatar: \u0130ki devletli yoldan d\u00f6n\u00fc\u015f yok, federasyon masal\u0131 \u015fehitlere ihanettir -<\/title>\n<meta name=\"robots\" content=\"index, follow, max-snippet:-1, max-image-preview:large, max-video-preview:-1\" \/>\n<link rel=\"canonical\" href=\"https:\/\/kibrisdakik.com\/?p=82153\" \/>\n<meta property=\"og:locale\" content=\"tr_TR\" \/>\n<meta property=\"og:type\" content=\"article\" \/>\n<meta property=\"og:title\" content=\"Kay\u0131p Otob\u00fcs \u015eehitleri an\u0131ld\u0131\u2026 Cumhurba\u015fkan\u0131 Tatar: \u0130ki devletli yoldan d\u00f6n\u00fc\u015f yok, federasyon masal\u0131 \u015fehitlere ihanettir -\" \/>\n<meta property=\"og:description\" content=\"13 May\u0131s 1964 tarihinde i\u015fe gitmek i\u00e7in yola \u00e7\u0131kan ancak bir daha geri d\u00f6nemeyen Kay\u0131p Otob\u00fcs\u2019te bulunan 11 K\u0131br\u0131sl\u0131 T\u00fcrk, \u0130skele Belediyesi ve \u0130skele Kaymakaml\u0131\u011f\u0131\u2019n\u0131n ev sahipli\u011finde Larnakal\u0131lar Derne\u011fi\u2019nin katk\u0131lar\u0131yla t\u00f6renle an\u0131ld\u0131. Anma t\u00f6reninde ilk konu\u015fmay\u0131 yapan Kay\u0131p Otob\u00fcs \u015fehitlerinden Hasan Durmu\u015f\u2019un torunu Durmu\u015f Esentan, 11 \u015fehidin arkalar\u0131nda tarifsiz bir ac\u0131 b\u0131rakt\u0131\u011f\u0131n\u0131 an\u0131msatt\u0131. Larnakal\u0131lar Derne\u011fi\" \/>\n<meta property=\"og:url\" content=\"https:\/\/kibrisdakik.com\/?p=82153\" \/>\n<meta property=\"article:published_time\" content=\"2025-05-13T10:56:18+00:00\" \/>\n<meta property=\"og:image\" content=\"https:\/\/kibrisdakik.com\/wp-content\/uploads\/2025\/05\/ko0-scaled-740x420.jpg\" \/>\n\t<meta property=\"og:image:width\" content=\"2560\" \/>\n\t<meta property=\"og:image:height\" content=\"1438\" \/>\n\t<meta property=\"og:image:type\" content=\"image\/jpeg\" \/>\n<meta name=\"author\" content=\"admin\" \/>\n<meta name=\"twitter:card\" content=\"summary_large_image\" \/>\n<meta name=\"twitter:label1\" content=\"Yazan:\" \/>\n\t<meta name=\"twitter:data1\" content=\"admin\" \/>\n\t<meta name=\"twitter:label2\" content=\"Tahmini okuma s\u00fcresi\" \/>\n\t<meta name=\"twitter:data2\" content=\"2 dakika\" \/>\n<script type=\"application\/ld+json\" class=\"yoast-schema-graph\">{\"@context\":\"https:\\\/\\\/schema.org\",\"@graph\":[{\"@type\":\"Article\",\"@id\":\"https:\\\/\\\/kibrisdakik.com\\\/?p=82153#article\",\"isPartOf\":{\"@id\":\"https:\\\/\\\/kibrisdakik.com\\\/?p=82153\"},\"author\":{\"name\":\"admin\",\"@id\":\"https:\\\/\\\/kibrisdakik.com\\\/#\\\/schema\\\/person\\\/9cd9d437bbb44f72b73ba127e06d8e79\"},\"headline\":\"Kay\u0131p Otob\u00fcs \u015eehitleri an\u0131ld\u0131\u2026 Cumhurba\u015fkan\u0131 Tatar: \u0130ki devletli yoldan d\u00f6n\u00fc\u015f yok, federasyon masal\u0131 \u015fehitlere ihanettir\",\"datePublished\":\"2025-05-13T10:56:18+00:00\",\"mainEntityOfPage\":{\"@id\":\"https:\\\/\\\/kibrisdakik.com\\\/?p=82153\"},\"wordCount\":499,\"commentCount\":0,\"image\":{\"@id\":\"https:\\\/\\\/kibrisdakik.com\\\/?p=82153#primaryimage\"},\"thumbnailUrl\":\"https:\\\/\\\/kibrisdakik.com\\\/wp-content\\\/uploads\\\/2025\\\/05\\\/ko0-scaled-740x420.jpg\",\"articleSection\":[\"K\u0131br\u0131s\",\"Man\u015fet\"],\"inLanguage\":\"tr\",\"potentialAction\":[{\"@type\":\"CommentAction\",\"name\":\"Comment\",\"target\":[\"https:\\\/\\\/kibrisdakik.com\\\/?p=82153#respond\"]}]},{\"@type\":\"WebPage\",\"@id\":\"https:\\\/\\\/kibrisdakik.com\\\/?p=82153\",\"url\":\"https:\\\/\\\/kibrisdakik.com\\\/?p=82153\",\"name\":\"Kay\u0131p Otob\u00fcs \u015eehitleri an\u0131ld\u0131\u2026 Cumhurba\u015fkan\u0131 Tatar: \u0130ki devletli yoldan d\u00f6n\u00fc\u015f yok, federasyon masal\u0131 \u015fehitlere ihanettir -\",\"isPartOf\":{\"@id\":\"https:\\\/\\\/kibrisdakik.com\\\/#website\"},\"primaryImageOfPage\":{\"@id\":\"https:\\\/\\\/kibrisdakik.com\\\/?p=82153#primaryimage\"},\"image\":{\"@id\":\"https:\\\/\\\/kibrisdakik.com\\\/?p=82153#primaryimage\"},\"thumbnailUrl\":\"https:\\\/\\\/kibrisdakik.com\\\/wp-content\\\/uploads\\\/2025\\\/05\\\/ko0-scaled-740x420.jpg\",\"datePublished\":\"2025-05-13T10:56:18+00:00\",\"author\":{\"@id\":\"https:\\\/\\\/kibrisdakik.com\\\/#\\\/schema\\\/person\\\/9cd9d437bbb44f72b73ba127e06d8e79\"},\"breadcrumb\":{\"@id\":\"https:\\\/\\\/kibrisdakik.com\\\/?p=82153#breadcrumb\"},\"inLanguage\":\"tr\",\"potentialAction\":[{\"@type\":\"ReadAction\",\"target\":[\"https:\\\/\\\/kibrisdakik.com\\\/?p=82153\"]}]},{\"@type\":\"ImageObject\",\"inLanguage\":\"tr\",\"@id\":\"https:\\\/\\\/kibrisdakik.com\\\/?p=82153#primaryimage\",\"url\":\"https:\\\/\\\/kibrisdakik.com\\\/wp-content\\\/uploads\\\/2025\\\/05\\\/ko0-scaled-740x420.jpg\",\"contentUrl\":\"https:\\\/\\\/kibrisdakik.com\\\/wp-content\\\/uploads\\\/2025\\\/05\\\/ko0-scaled-740x420.jpg\",\"width\":2560,\"height\":1438},{\"@type\":\"BreadcrumbList\",\"@id\":\"https:\\\/\\\/kibrisdakik.com\\\/?p=82153#breadcrumb\",\"itemListElement\":[{\"@type\":\"ListItem\",\"position\":1,\"name\":\"Home\",\"item\":\"https:\\\/\\\/kibrisdakik.com\\\/\"},{\"@type\":\"ListItem\",\"position\":2,\"name\":\"Kay\u0131p Otob\u00fcs \u015eehitleri an\u0131ld\u0131\u2026 Cumhurba\u015fkan\u0131 Tatar: \u0130ki devletli yoldan d\u00f6n\u00fc\u015f yok, federasyon masal\u0131 \u015fehitlere ihanettir\"}]},{\"@type\":\"WebSite\",\"@id\":\"https:\\\/\\\/kibrisdakik.com\\\/#website\",\"url\":\"https:\\\/\\\/kibrisdakik.com\\\/\",\"name\":\"\",\"description\":\"Tam vaktinde haber\",\"potentialAction\":[{\"@type\":\"SearchAction\",\"target\":{\"@type\":\"EntryPoint\",\"urlTemplate\":\"https:\\\/\\\/kibrisdakik.com\\\/?s={search_term_string}\"},\"query-input\":{\"@type\":\"PropertyValueSpecification\",\"valueRequired\":true,\"valueName\":\"search_term_string\"}}],\"inLanguage\":\"tr\"},{\"@type\":\"Person\",\"@id\":\"https:\\\/\\\/kibrisdakik.com\\\/#\\\/schema\\\/person\\\/9cd9d437bbb44f72b73ba127e06d8e79\",\"name\":\"admin\",\"image\":{\"@type\":\"ImageObject\",\"inLanguage\":\"tr\",\"@id\":\"https:\\\/\\\/secure.gravatar.com\\\/avatar\\\/ccc17943b9d660506c869530f897617f7cb1c21a4bf30023f252596d83e1f007?s=96&d=mm&r=g\",\"url\":\"https:\\\/\\\/secure.gravatar.com\\\/avatar\\\/ccc17943b9d660506c869530f897617f7cb1c21a4bf30023f252596d83e1f007?s=96&d=mm&r=g\",\"contentUrl\":\"https:\\\/\\\/secure.gravatar.com\\\/avatar\\\/ccc17943b9d660506c869530f897617f7cb1c21a4bf30023f252596d83e1f007?s=96&d=mm&r=g\",\"caption\":\"admin\"},\"sameAs\":[\"https:\\\/\\\/kibrisdakik.com\"],\"url\":\"https:\\\/\\\/kibrisdakik.com\\\/?author=1\"}]}<\/script>\n<!-- \/ Yoast SEO plugin. -->","yoast_head_json":{"title":"Kay\u0131p Otob\u00fcs \u015eehitleri an\u0131ld\u0131\u2026 Cumhurba\u015fkan\u0131 Tatar: \u0130ki devletli yoldan d\u00f6n\u00fc\u015f yok, federasyon masal\u0131 \u015fehitlere ihanettir -","robots":{"index":"index","follow":"follow","max-snippet":"max-snippet:-1","max-image-preview":"max-image-preview:large","max-video-preview":"max-video-preview:-1"},"canonical":"https:\/\/kibrisdakik.com\/?p=82153","og_locale":"tr_TR","og_type":"article","og_title":"Kay\u0131p Otob\u00fcs \u015eehitleri an\u0131ld\u0131\u2026 Cumhurba\u015fkan\u0131 Tatar: \u0130ki devletli yoldan d\u00f6n\u00fc\u015f yok, federasyon masal\u0131 \u015fehitlere ihanettir -","og_description":"13 May\u0131s 1964 tarihinde i\u015fe gitmek i\u00e7in yola \u00e7\u0131kan ancak bir daha geri d\u00f6nemeyen Kay\u0131p Otob\u00fcs\u2019te bulunan 11 K\u0131br\u0131sl\u0131 T\u00fcrk, \u0130skele Belediyesi ve \u0130skele Kaymakaml\u0131\u011f\u0131\u2019n\u0131n ev sahipli\u011finde Larnakal\u0131lar Derne\u011fi\u2019nin katk\u0131lar\u0131yla t\u00f6renle an\u0131ld\u0131. Anma t\u00f6reninde ilk konu\u015fmay\u0131 yapan Kay\u0131p Otob\u00fcs \u015fehitlerinden Hasan Durmu\u015f\u2019un torunu Durmu\u015f Esentan, 11 \u015fehidin arkalar\u0131nda tarifsiz bir ac\u0131 b\u0131rakt\u0131\u011f\u0131n\u0131 an\u0131msatt\u0131. Larnakal\u0131lar Derne\u011fi","og_url":"https:\/\/kibrisdakik.com\/?p=82153","article_published_time":"2025-05-13T10:56:18+00:00","og_image":[{"width":2560,"height":1438,"url":"https:\/\/kibrisdakik.com\/wp-content\/uploads\/2025\/05\/ko0-scaled-740x420.jpg","type":"image\/jpeg"}],"author":"admin","twitter_card":"summary_large_image","twitter_misc":{"Yazan:":"admin","Tahmini okuma s\u00fcresi":"2 dakika"},"schema":{"@context":"https:\/\/schema.org","@graph":[{"@type":"Article","@id":"https:\/\/kibrisdakik.com\/?p=82153#article","isPartOf":{"@id":"https:\/\/kibrisdakik.com\/?p=82153"},"author":{"name":"admin","@id":"https:\/\/kibrisdakik.com\/#\/schema\/person\/9cd9d437bbb44f72b73ba127e06d8e79"},"headline":"Kay\u0131p Otob\u00fcs \u015eehitleri an\u0131ld\u0131\u2026 Cumhurba\u015fkan\u0131 Tatar: \u0130ki devletli yoldan d\u00f6n\u00fc\u015f yok, federasyon masal\u0131 \u015fehitlere ihanettir","datePublished":"2025-05-13T10:56:18+00:00","mainEntityOfPage":{"@id":"https:\/\/kibrisdakik.com\/?p=82153"},"wordCount":499,"commentCount":0,"image":{"@id":"https:\/\/kibrisdakik.com\/?p=82153#primaryimage"},"thumbnailUrl":"https:\/\/kibrisdakik.com\/wp-content\/uploads\/2025\/05\/ko0-scaled-740x420.jpg","articleSection":["K\u0131br\u0131s","Man\u015fet"],"inLanguage":"tr","potentialAction":[{"@type":"CommentAction","name":"Comment","target":["https:\/\/kibrisdakik.com\/?p=82153#respond"]}]},{"@type":"WebPage","@id":"https:\/\/kibrisdakik.com\/?p=82153","url":"https:\/\/kibrisdakik.com\/?p=82153","name":"Kay\u0131p Otob\u00fcs \u015eehitleri an\u0131ld\u0131\u2026 Cumhurba\u015fkan\u0131 Tatar: \u0130ki devletli yoldan d\u00f6n\u00fc\u015f yok, federasyon masal\u0131 \u015fehitlere ihanettir -","isPartOf":{"@id":"https:\/\/kibrisdakik.com\/#website"},"primaryImageOfPage":{"@id":"https:\/\/kibrisdakik.com\/?p=82153#primaryimage"},"image":{"@id":"https:\/\/kibrisdakik.com\/?p=82153#primaryimage"},"thumbnailUrl":"https:\/\/kibrisdakik.com\/wp-content\/uploads\/2025\/05\/ko0-scaled-740x420.jpg","datePublished":"2025-05-13T10:56:18+00:00","author":{"@id":"https:\/\/kibrisdakik.com\/#\/schema\/person\/9cd9d437bbb44f72b73ba127e06d8e79"},"breadcrumb":{"@id":"https:\/\/kibrisdakik.com\/?p=82153#breadcrumb"},"inLanguage":"tr","potentialAction":[{"@type":"ReadAction","target":["https:\/\/kibrisdakik.com\/?p=82153"]}]},{"@type":"ImageObject","inLanguage":"tr","@id":"https:\/\/kibrisdakik.com\/?p=82153#primaryimage","url":"https:\/\/kibrisdakik.com\/wp-content\/uploads\/2025\/05\/ko0-scaled-740x420.jpg","contentUrl":"https:\/\/kibrisdakik.com\/wp-content\/uploads\/2025\/05\/ko0-scaled-740x420.jpg","width":2560,"height":1438},{"@type":"BreadcrumbList","@id":"https:\/\/kibrisdakik.com\/?p=82153#breadcrumb","itemListElement":[{"@type":"ListItem","position":1,"name":"Home","item":"https:\/\/kibrisdakik.com\/"},{"@type":"ListItem","position":2,"name":"Kay\u0131p Otob\u00fcs \u015eehitleri an\u0131ld\u0131\u2026 Cumhurba\u015fkan\u0131 Tatar: \u0130ki devletli yoldan d\u00f6n\u00fc\u015f yok, federasyon masal\u0131 \u015fehitlere ihanettir"}]},{"@type":"WebSite","@id":"https:\/\/kibrisdakik.com\/#website","url":"https:\/\/kibrisdakik.com\/","name":"","description":"Tam vaktinde haber","potentialAction":[{"@type":"SearchAction","target":{"@type":"EntryPoint","urlTemplate":"https:\/\/kibrisdakik.com\/?s={search_term_string}"},"query-input":{"@type":"PropertyValueSpecification","valueRequired":true,"valueName":"search_term_string"}}],"inLanguage":"tr"},{"@type":"Person","@id":"https:\/\/kibrisdakik.com\/#\/schema\/person\/9cd9d437bbb44f72b73ba127e06d8e79","name":"admin","image":{"@type":"ImageObject","inLanguage":"tr","@id":"https:\/\/secure.gravatar.com\/avatar\/ccc17943b9d660506c869530f897617f7cb1c21a4bf30023f252596d83e1f007?s=96&d=mm&r=g","url":"https:\/\/secure.gravatar.com\/avatar\/ccc17943b9d660506c869530f897617f7cb1c21a4bf30023f252596d83e1f007?s=96&d=mm&r=g","contentUrl":"https:\/\/secure.gravatar.com\/avatar\/ccc17943b9d660506c869530f897617f7cb1c21a4bf30023f252596d83e1f007?s=96&d=mm&r=g","caption":"admin"},"sameAs":["https:\/\/kibrisdakik.com"],"url":"https:\/\/kibrisdakik.com\/?author=1"}]}},"_links":{"self":[{"href":"https:\/\/kibrisdakik.com\/index.php?rest_route=\/wp\/v2\/posts\/82153","targetHints":{"allow":["GET"]}}],"collection":[{"href":"https:\/\/kibrisdakik.com\/index.php?rest_route=\/wp\/v2\/posts"}],"about":[{"href":"https:\/\/kibrisdakik.com\/index.php?rest_route=\/wp\/v2\/types\/post"}],"author":[{"embeddable":true,"href":"https:\/\/kibrisdakik.com\/index.php?rest_route=\/wp\/v2\/users\/1"}],"replies":[{"embeddable":true,"href":"https:\/\/kibrisdakik.com\/index.php?rest_route=%2Fwp%2Fv2%2Fcomments&post=82153"}],"version-history":[{"count":0,"href":"https:\/\/kibrisdakik.com\/index.php?rest_route=\/wp\/v2\/posts\/82153\/revisions"}],"wp:featuredmedia":[{"embeddable":true,"href":"https:\/\/kibrisdakik.com\/index.php?rest_route=\/wp\/v2\/media\/82154"}],"wp:attachment":[{"href":"https:\/\/kibrisdakik.com\/index.php?rest_route=%2Fwp%2Fv2%2Fmedia&parent=82153"}],"wp:term":[{"taxonomy":"category","embeddable":true,"href":"https:\/\/kibrisdakik.com\/index.php?rest_route=%2Fwp%2Fv2%2Fcategories&post=82153"},{"taxonomy":"post_tag","embeddable":true,"href":"https:\/\/kibrisdakik.com\/index.php?rest_route=%2Fwp%2Fv2%2Ftags&post=82153"}],"curies":[{"name":"wp","href":"https:\/\/api.w.org\/{rel}","templated":true}]}}