{"id":82170,"date":"2025-05-13T10:45:00","date_gmt":"2025-05-13T07:45:00","guid":{"rendered":"https:\/\/kibrisdakik.com\/index.php\/2025\/05\/13\/erdogandan-pkknin-feshi-kararina-iliskin-aciklama-terorsuz-turkiye-surecinde-kritik-bir-esigi-daha-astik\/"},"modified":"2025-05-13T10:45:00","modified_gmt":"2025-05-13T07:45:00","slug":"erdogandan-pkknin-feshi-kararina-iliskin-aciklama-terorsuz-turkiye-surecinde-kritik-bir-esigi-daha-astik","status":"publish","type":"post","link":"https:\/\/kibrisdakik.com\/?p=82170","title":{"rendered":"Erdo\u011fan\u2019dan PKK\u2019n\u0131n feshi karar\u0131na ili\u015fkin a\u00e7\u0131klama: \u201cTer\u00f6rs\u00fcz T\u00fcrkiye s\u00fcrecinde kritik bir e\u015fi\u011fi daha a\u015ft\u0131k\u201d"},"content":{"rendered":"<p><\/p>\n<div>\n<div class=\"mariselle-image-container center\">\n                <img loading=\"lazy\" decoding=\"async\" width=\"2560\" height=\"1739\" class=\"lazy-image\" alt=\"\" sizes=\"auto, (max-width: 2560px) 100vw, 2560px\" src=\"https:\/\/brtk.net\/wp-content\/uploads\/2025\/05\/13\/1747115459404AA-20250512-37929014-37929010-CUMHURBASKANI_ERDOGAN_KABINE_TOPLANTISI_SONRASI_ACIKLAMA_YAPTI-scaled.jpg?ver=da8ffeef11e59d6b87b5c3c6b9c95484\" srcset=\"https:\/\/brtk.net\/wp-content\/uploads\/2025\/05\/13\/1747115459404AA-20250512-37929014-37929010-CUMHURBASKANI_ERDOGAN_KABINE_TOPLANTISI_SONRASI_ACIKLAMA_YAPTI-scaled.jpg?ver=da8ffeef11e59d6b87b5c3c6b9c95484 2560w, https:\/\/brtk.net\/wp-content\/uploads\/2025\/05\/13\/1747115459404AA-20250512-37929014-37929010-CUMHURBASKANI_ERDOGAN_KABINE_TOPLANTISI_SONRASI_ACIKLAMA_YAPTI-300x204.jpg?ver=8bc21935f124032a6333927bb36b164a 300w, https:\/\/brtk.net\/wp-content\/uploads\/2025\/05\/13\/1747115459404AA-20250512-37929014-37929010-CUMHURBASKANI_ERDOGAN_KABINE_TOPLANTISI_SONRASI_ACIKLAMA_YAPTI-1024x696.jpg?ver=da1d4383893e70f257faab1136d4c421 1024w, https:\/\/brtk.net\/wp-content\/uploads\/2025\/05\/13\/1747115459404AA-20250512-37929014-37929010-CUMHURBASKANI_ERDOGAN_KABINE_TOPLANTISI_SONRASI_ACIKLAMA_YAPTI-768x522.jpg?ver=601e56b5befac735c1c1c754bff4cfeb 768w, https:\/\/brtk.net\/wp-content\/uploads\/2025\/05\/13\/1747115459404AA-20250512-37929014-37929010-CUMHURBASKANI_ERDOGAN_KABINE_TOPLANTISI_SONRASI_ACIKLAMA_YAPTI-1536x1043.jpg?ver=fe299b9e4f1cc69572bb72be778506fa 1536w, https:\/\/brtk.net\/wp-content\/uploads\/2025\/05\/13\/1747115459404AA-20250512-37929014-37929010-CUMHURBASKANI_ERDOGAN_KABINE_TOPLANTISI_SONRASI_ACIKLAMA_YAPTI-2048x1391.jpg?ver=4b4fd5713cc5f5d2172c722a7333782c 2048w\"\/>                            <\/div>\n<p>\nT\u00fcrkiye Cumhurba\u015fkan\u0131 Recep Tayyip Erdo\u011fan, \u201cTer\u00f6r\u00fcn ve \u015fiddetin tamamen devreden \u00e7\u0131kmas\u0131yla birlikte, ba\u015fta siyasetin demokratik kapasitesinin g\u00fc\u00e7lendirilmesi olmak \u00fczere, her alanda yeni bir d\u00f6nemin kap\u0131lar\u0131 a\u00e7\u0131lacakt\u0131r.\u201d dedi.<\/p>\n<p>Erdo\u011fan, Cumhurba\u015fkanl\u0131\u011f\u0131 K\u00fclliyesi\u2019nde, Kabine Toplant\u0131s\u0131\u2019n\u0131n ard\u0131ndan millete seslendi.<\/p>\n<p>Telefon diplomasisi bak\u0131m\u0131ndan d\u00fcn\u00fcn olduk\u00e7a yo\u011fun ge\u00e7ti\u011fini belirten Erdo\u011fan, \u00f6nce Fransa Cumhurba\u015fkan\u0131 Emmanuel Macron, ard\u0131ndan Rusya Devlet Ba\u015fkan\u0131 Vladimir Putin ile kapsaml\u0131 telefon g\u00f6r\u00fc\u015fmeleri yapt\u0131klar\u0131n\u0131 an\u0131msatt\u0131.<\/p>\n<p>Putin ile Rusya-Ukrayna aras\u0131nda 3,5 y\u0131ld\u0131r devam eden ihtilafa son verilmesi de dahil bir\u00e7ok \u00f6nemli konuyu de\u011ferlendirdiklerini aktaran Erdo\u011fan, \u201cBiraz \u00f6nce de Ukrayna Devlet Ba\u015fkan\u0131 Say\u0131n Zelenskiy ile g\u00f6r\u00fc\u015ft\u00fck. Ge\u00e7ti\u011fimiz hafta Amerikan Ba\u015fkan\u0131 Say\u0131n Trump ile de bu meseleyi ele alm\u0131\u015f, akan kan\u0131 durdurmak i\u00e7in atabilece\u011fimiz ad\u0131mlar\u0131 konu\u015fmu\u015ftuk. De\u011ferli dostum Trump\u2019\u0131n s\u0131cak \u00e7at\u0131\u015fmalar\u0131 diyalog ve diplomasi yoluyla \u00e7\u00f6zme iradesini biz de destekliyoruz.\u201d diye konu\u015ftu.<\/p>\n<p>T\u00fcrkiye\u2019nin bar\u0131\u015f diplomasisinde k\u00fcresel \u00f6l\u00e7ekte yard\u0131m\u0131, deste\u011fi ve arabuluculu\u011fuyla aranan bir \u00fclke konumuna geldi\u011fini vurgulayan Erdo\u011fan, Rusya-Ukrayna krizine \u00e7\u00f6z\u00fcm bulmaya Mart 2022\u2019de \u00e7ok yakla\u015ft\u0131klar\u0131n\u0131 fakat sava\u015f baronlar\u0131n\u0131n m\u00fcdahaleleri sebebiyle \u00e7abalar\u0131n\u0131n akim kald\u0131\u011f\u0131n\u0131, bunun bedelini ise en \u00e7ok sivillerin, \u00e7ocuklar\u0131n ve kad\u0131nlar\u0131n \u00f6dedi\u011fini s\u00f6yledi.<\/p>\n<p>Gelinen a\u015famada Rusya, Ukrayna, ABD ve Avrupa\u2019n\u0131n g\u00f6r\u00fc\u015fmelerin yap\u0131lmas\u0131nda mutab\u0131k oldu\u011funa dikkati \u00e7eken Erdo\u011fan, \u201cT\u00fcm taraflar\u0131n itimad\u0131n\u0131 kazanm\u0131\u015f yegane \u00fclke olarak, bu g\u00f6r\u00fc\u015fmelere katk\u0131 vermeye haz\u0131r oldu\u011fumuzu ve ev sahipli\u011fi yapmaktan mutluluk duyaca\u011f\u0131m\u0131z\u0131 tekrar dile getirdik. Son temaslarla birlikte yeni bir f\u0131rsat penceresinin a\u00e7\u0131ld\u0131\u011f\u0131n\u0131 g\u00f6r\u00fcyoruz. \u0130n\u015fallah bu sefer yakalanan f\u0131rsat\u0131n heba edilmeyece\u011fine inan\u0131yoruz.\u201d ifadelerini kulland\u0131.<\/p>\n<p>\u2013 \u201cHayat pahal\u0131l\u0131\u011f\u0131 ve f\u0131rsat\u00e7\u0131l\u0131kla m\u00fccadelede en k\u00fc\u00e7\u00fck bir taviz vermiyoruz\u201d<\/p>\n<p>Cumhurba\u015fkan\u0131 Erdo\u011fan, bir yandan T\u00fcrkiye\u2019nin yurt d\u0131\u015f\u0131ndaki itibar\u0131n\u0131 y\u00fckseltirken di\u011fer yandan yurt i\u00e7indeki kalk\u0131nma hamlelerine h\u0131z verdiklerini vurgulad\u0131.<\/p>\n<p>Enflasyonda d\u00fc\u015f\u00fc\u015f\u00fcn devam etti\u011fine, nisanda son 40 ay\u0131n en d\u00fc\u015f\u00fck seviyesine ula\u015ft\u0131klar\u0131na dikkati \u00e7eken Erdo\u011fan, d\u0131\u015f dengede de tablonun gayet olumlu oldu\u011funu s\u00f6yledi.<\/p>\n<p>Petrol fiyatlar\u0131ndaki d\u00fc\u015f\u00fc\u015f\u00fcn, enflasyon ve cari a\u00e7\u0131kla m\u00fccadeleye destek oldu\u011funa i\u015faret eden Erdo\u011fan, \u201c\u0130stihdam cephesinde de hamdolsun iyi gidiyoruz. Mart ay\u0131nda i\u015fsizlik oran\u0131 y\u00fczde 7,9\u2019a geriledi yani 2005\u2019ten bu yana en d\u00fc\u015f\u00fck seviyeyi g\u00f6rd\u00fc. Erkeklerde bu oran y\u00fczde 6,5 ile rekor d\u00fczeye indi. \u0130hracat taraf\u0131nda da iyi bir ivme yakalad\u0131k, oras\u0131 da hedeflerimizle uyumlu gidiyor. \u0130hracatta son 12 ayl\u0131k d\u00f6nemde 265 milyar dolarla rekor k\u0131rd\u0131k. Hayat pahal\u0131l\u0131\u011f\u0131 ve f\u0131rsat\u00e7\u0131l\u0131kla m\u00fccadelede en k\u00fc\u00e7\u00fck bir taviz vermiyoruz.\u201d diye konu\u015ftu.<\/p>\n<p>\u2013 \u201c2025 y\u0131l\u0131n\u0131 turizmde rekorlar k\u0131rarak tamamlayaca\u011f\u0131z\u201d<\/p>\n<p>Cumhurba\u015fkan\u0131 Erdo\u011fan, turizm sekt\u00f6r\u00fcn\u00fcn 2024 y\u0131l\u0131n\u0131 rekorlarla kapatt\u0131\u011f\u0131n\u0131, D\u00fcnya Turizm \u00d6rg\u00fct\u00fc verilerine g\u00f6re, T\u00fcrkiye\u2019nin, 2024\u2019te en fazla turist a\u011f\u0131rlayan ilk 4 \u00fclke aras\u0131na girdi\u011fini aktard\u0131.<\/p>\n<p>Ge\u00e7en y\u0131lki ivmenin ilk \u00e7eyrekte de devam etti\u011fini, 2025\u2019in ilk \u00e7eyre\u011finde 8 milyon 844 bin ziyaret\u00e7inin T\u00fcrkiye\u2019de a\u011f\u0131rland\u0131\u011f\u0131n\u0131 belirten Erdo\u011fan, s\u00f6zlerini \u015f\u00f6yle s\u00fcrd\u00fcrd\u00fc:<\/p>\n<p>\u201cGelir olarak ise toplam 9,5 milyar dolara ula\u015ft\u0131k. 2025 y\u0131l\u0131 ilk 3 ay\u0131, t\u00fcm zamanlar\u0131n ilk \u00e7eyrek rekorunu k\u0131rd\u0131\u011f\u0131m\u0131z bir d\u00f6nem oldu. Ortalama kal\u0131\u015f 11 g\u00fcn olurken 2025 y\u0131l\u0131 ilk 3 ay\u0131nda gecelik harcama t\u00fcm ziyaret\u00e7iler i\u00e7in 99 dolara \u00e7\u0131kt\u0131. Yabanc\u0131 turist gecelik gelir ise yakla\u015f\u0131k y\u00fczde 10 art\u0131\u015fla 106 dolardan 116 dolara y\u00fckseldi. 2025 y\u0131l sonu hedefimizi 65 milyon ziyaret\u00e7i, 64 milyar dolar turizm geliri olarak zaten ilan etmi\u015ftik. Y\u0131l\u0131n geri kalan\u0131nda da in\u015fallah hedeflerimizin \u00fczerinde bir performans sergileyerek, 2025 y\u0131l\u0131n\u0131 turizmde rekorlar k\u0131rarak tamamlayaca\u011f\u0131z.<\/p>\n<p>Ancak g\u00f6r\u00fcyoruz ki, birileri bundan rahats\u0131z oluyor. T\u00fcrkiye\u2019nin reklam\u0131n\u0131 yapmak yerine uzat\u0131lan her mikrofona kendi \u00fclkesini k\u00f6t\u00fcleyenlere cevab\u0131m\u0131z\u0131 i\u015fte bu ba\u015far\u0131larla, i\u015fte bu rekorlarla veriyoruz. Birileri istedikleri kadar kendi \u00fclkelerini yabanc\u0131lara \u015fikayet edebilir, birileri istedikleri kadar r\u00fczgar yapabilir ancak kayadan koparabilecekleri sadece toz olacakt\u0131r. Biz, do\u011fru bildi\u011fimiz yerde sapasa\u011flam duruyoruz ve duraca\u011f\u0131z. Hep birlikte T\u00fcrkiye\u2019yi \u015fahland\u0131racak, \u00fclkemize yeni rekorlar ya\u015fatacak, T\u00fcrkiye\u2019yi tarihi ba\u015far\u0131larla tan\u0131\u015ft\u0131raca\u011f\u0131z. Turizm ilk \u00e7eyrek rakamlar\u0131n\u0131n ekonomimiz i\u00e7in hay\u0131rl\u0131 olmas\u0131n\u0131 diliyorum. Buradan tesis sahiplerinden \u00e7al\u0131\u015fanlar\u0131na kadar turizm sekt\u00f6r\u00fcm\u00fcz\u00fcn t\u00fcm mensuplar\u0131na, \u00fclkemize kazand\u0131rd\u0131klar\u0131 bu ba\u015far\u0131 i\u00e7in te\u015fekk\u00fcr ediyorum.\u201d<\/p>\n<p>\u2013 \u201cKazanan milletimiz, memleketimiz hatta b\u00f6lgemizdeki t\u00fcm karde\u015flerimiz olacakt\u0131r\u201d<\/p>\n<p>Cumhurba\u015fkan\u0131 Erdo\u011fan, \u201cTer\u00f6rs\u00fcz T\u00fcrkiye\u201d hedefine engelleri a\u015farak, \u00f6nyarg\u0131lar\u0131 k\u0131rarak, fitne ve nifak tuzaklar\u0131n\u0131 bozarak emin ad\u0131mlarla y\u00fcr\u00fcd\u00fcklerini s\u00f6yledi.<\/p>\n<p>Cumhur \u0130ttifak\u0131 olarak i\u00e7 cepheyi tahkim etme amac\u0131yla, b\u00fcy\u00fck bir samimiyetle hayata ge\u00e7irdikleri \u201cTer\u00f6rs\u00fcz T\u00fcrkiye\u201d s\u00fcrecinde bug\u00fcn kritik bir e\u015fi\u011fi daha a\u015ft\u0131klar\u0131n\u0131 vurgulayan Erdo\u011fan, \u015funlar\u0131 kaydetti:<\/p>\n<p>\u201cTer\u00f6r \u00f6rg\u00fct\u00fc, kendini feshetme ve silahlar\u0131 teslim karar\u0131 ald\u0131\u011f\u0131n\u0131 a\u00e7\u0131klad\u0131. Al\u0131nan karar\u0131, \u00fclkemizin g\u00fcvenli\u011finin, b\u00f6lgemizin huzurunun, milletimizin ebedi karde\u015fli\u011finin per\u00e7inlenmesi ad\u0131na \u00f6nemli buluyoruz. Bu a\u00e7\u0131klamay\u0131, Kuzey Irak\u2019la birlikte, Suriye ve Avrupa ba\u015fta olmak \u00fczere, \u00f6rg\u00fct\u00fcn t\u00fcm uzant\u0131lar\u0131n\u0131 da kapsayan bir karar olarak de\u011ferlendiriyoruz.<\/p>\n<p>Ter\u00f6r\u00fcn ve \u015fiddetin tamamen devreden \u00e7\u0131kmas\u0131yla birlikte, ba\u015fta siyasetin demokratik kapasitesinin g\u00fc\u00e7lendirilmesi olmak \u00fczere her alanda yeni bir d\u00f6nemin kap\u0131lar\u0131 a\u00e7\u0131lacakt\u0131r. Emperyalistlerin as\u0131rl\u0131k planlar\u0131 \u00f6l\u00fcmc\u00fcl bir darbe alacak, karde\u015fli\u011fimize saplanan kanl\u0131 han\u00e7er, in\u015fallah ebediyen s\u00f6k\u00fcl\u00fcp at\u0131lacakt\u0131r. Kandan ve g\u00f6zya\u015f\u0131ndan beslenenler kaybederken kazanan, milletimiz ve memleketimiz olacak hatta b\u00f6lgemizdeki t\u00fcm karde\u015flerimiz olacakt\u0131r. Biz, buna g\u00f6n\u00fclden inan\u0131yoruz. \u0130stihbarat Te\u015fkilat\u0131m\u0131z ve di\u011fer birimlerimiz, herhangi bir yol kazas\u0131n\u0131n ya\u015fanmamas\u0131 ve verilen s\u00f6zlerin tutulmas\u0131 i\u00e7in bundan sonraki s\u00fcreci de \u00e7ok b\u00fcy\u00fck bir hassasiyetle takip edecektir. Biz de devlet akl\u0131 ve ciddiyetiyle gereken takibi anbean yapaca\u011f\u0131z.\u201d<\/p>\n<p>\u2013 \u201cHepimiz T\u00fcrkiye Cumhuriyeti\u2019nin birinci s\u0131n\u0131f vatanda\u015flar\u0131y\u0131z\u201d<\/p>\n<p>Cumhurba\u015fkan\u0131 Erdo\u011fan, daha kapsaml\u0131 a\u00e7\u0131klamalar\u0131 gerek \u015fahsen gerekse yetkililer vas\u0131tas\u0131yla gelecek g\u00fcnlerde kamuoyuyla payla\u015facaklar\u0131n\u0131 s\u00f6yledi.<\/p>\n<p>Erdo\u011fan, \u201cK\u00f6kenlerimiz, k\u00fclt\u00fcrlerimiz, inan\u00e7lar\u0131m\u0131z farkl\u0131 olsa da hepimiz T\u00fcrkiye Cumhuriyeti\u2019nin birinci s\u0131n\u0131f vatanda\u015flar\u0131y\u0131z. Hep beraber T\u00fcrkiye\u2019yiz ve biz, birlikte g\u00fc\u00e7l\u00fcy\u00fcz. Bu duyguda\u015fl\u0131\u011f\u0131, kaderda\u015fl\u0131\u011f\u0131 ve karde\u015flik \u015fuurunu y\u00fcceltti\u011fimiz takdirde, Allah\u2019\u0131n yard\u0131m\u0131yla, T\u00fcrkiye\u2019nin bile\u011fini hi\u00e7bir g\u00fc\u00e7 b\u00fckemeyecektir. Burada bir zafiyet ya\u015fan\u0131rsa o zaman da bize kimse yard\u0131m edemez. Bu hakikati hi\u00e7bir zaman unutmamam\u0131z gerekiyor.\u201d dedi.<\/p>\n<p>\u201c\u0130ktidar ve Cumhur \u0130ttifak\u0131 olarak, T\u00fcrkiye\u2019yi, 40 y\u0131ld\u0131r kanayan bu yaras\u0131ndan kurtarma noktas\u0131ndaki kararl\u0131l\u0131\u011f\u0131m\u0131z\u0131 tekrar vurguluyorum.\u201d diyen Erdo\u011fan, \u201c\u0130lk g\u00fcnden itibaren \u2018Ter\u00f6rs\u00fcz T\u00fcrkiye\u2019 \u00e7al\u0131\u015fmalar\u0131na samimiyetle sahip \u00e7\u0131kan, ittifak orta\u011f\u0131m\u0131z MHP Genel Ba\u015fkan\u0131 Say\u0131n Devlet Bah\u00e7eli ba\u015fta olmak \u00fczere t\u00fcm genel ba\u015fkanlara, siyasi partilere, medya mensuplar\u0131na, eme\u011fi olan herkese te\u015fekk\u00fcr ediyorum. Say\u0131n Devlet Bah\u00e7eli\u2019ye Cumhuriyetimizin 102. y\u0131l\u0131na ithafen kabinemize g\u00f6nderdi\u011fi \u015fanl\u0131 bayra\u011f\u0131m\u0131z\u0131n nak\u015fedildi\u011fi anlaml\u0131 g\u00fcl buketi i\u00e7in ayr\u0131ca te\u015fekk\u00fcrlerimi iletiyorum.\u201d diye konu\u015ftu.<\/p>\n<p>\u2013 \u201cNeredeyse her g\u00fcn ocaklara ate\u015flerin d\u00fc\u015ft\u00fc\u011f\u00fc g\u00fcnler geride kalm\u0131\u015ft\u0131r\u201d<\/p>\n<p>Bundan sonra yap\u0131lacak \u00e7al\u0131\u015fmalar\u0131n, bug\u00fcne kadarkinden daha y\u00fcksek bir dikkat, \u00f6zen, sab\u0131r ve sorumluluk gerektirdi\u011finin fark\u0131nda olduklar\u0131n\u0131 vurgulayan Erdo\u011fan, menzile var\u0131ncaya kadar umudu b\u00fcy\u00fcten, riskleri azaltan anlay\u0131\u015fla hareket etmeyi s\u00fcrd\u00fcreceklerini s\u00f6yledi.<\/p>\n<p>Erdo\u011fan, ilgili kurumlar\u0131n \u00e7al\u0131\u015fmalar\u0131, siyaset kurumunun m\u00fcspet katk\u0131s\u0131, milletin de hay\u0131r duas\u0131yla bu meseleyi art\u0131k tamamen geride b\u0131rakmay\u0131 \u00fcmit ettiklerini belirterek vatan\u0131n bekas\u0131, devletin b\u00f6l\u00fcnmez b\u00fct\u00fcnl\u00fc\u011f\u00fc ve milletin istikbali u\u011frunda can veren kahraman \u015fehitleri rahmetle yad etti, ayn\u0131 kutlu m\u00fccadelede yaralanan gazilere \u015f\u00fckranlar\u0131n\u0131 sundu.<\/p>\n<p>S\u0131n\u0131rlar i\u00e7inde ve \u00f6tesinde fedakarca g\u00f6rev yapan t\u00fcm g\u00fcvenlik kuvvetlerine Allah\u2019tan merhamet dileyerek \u201cayaklar\u0131na ta\u015f de\u011fmemesi\u201d temennisinde bulunan Erdo\u011fan, \u015funlar\u0131 kaydetti:<\/p>\n<p>\u201c\u00d6rg\u00fct\u00fcn kendini feshi ve silah b\u0131rakmas\u0131yla, art\u0131k bir daha, y\u0131llar boyunca neredeyse her g\u00fcn ocaklara ate\u015flerin d\u00fc\u015ft\u00fc\u011f\u00fc g\u00fcnler geride kalm\u0131\u015ft\u0131r. \u0130n\u015fallah, ter\u00f6r y\u00fcz\u00fcnden anne, e\u015f, evlat y\u00fcreklerinin cay\u0131r cay\u0131r yand\u0131\u011f\u0131 haberleriyle bir daha kar\u015f\u0131la\u015fmayaca\u011f\u0131z. Dolay\u0131s\u0131yla bug\u00fcn a\u00e7\u0131klanan karar\u0131n en b\u00fcy\u00fck kazananlar\u0131ndan biri \u015fehit yak\u0131nlar\u0131m\u0131z, gazilerimiz, g\u00fcvenlik g\u00fc\u00e7lerimiz, Diyarbak\u0131r annelerimiz, onlar\u0131n yavrular\u0131\u2026 Tek ba\u015f\u0131na bu hakikat bile verilen m\u00fccadelenin ve gelinen a\u015faman\u0131n hem insani hem tarihi \u00f6nemini g\u00f6stermeye yeterlidir.<\/p>\n<p>Ayn\u0131 \u015fekilde s\u00fcrecin bir di\u011fer \u00f6nemli kazanan\u0131, y\u0131llarca ter\u00f6r sebebiyle evlatlar\u0131n\u0131 kaybeden, maddi-manevi nice s\u0131k\u0131nt\u0131lara maruz kalan, evinden, yurdundan olan K\u00fcrt karde\u015flerimizdir. Fiilen biten ter\u00f6r\u00fcn kalan g\u00f6lgesinin de bu \u015fekilde \u00fczerimizden kalkmas\u0131yla, 86 milyon hep birlikte ayn\u0131 ortak hayallere, ayn\u0131 ortak hedeflere, ayn\u0131 ortak de\u011ferlere sahip bir \u015fekilde gelece\u011fe y\u00fcr\u00fcyece\u011fiz. Cenab\u0131allah yolumuzu a\u00e7\u0131k etsin, baht\u0131m\u0131z\u0131 a\u00e7\u0131k etsin, diyorum. Rabb\u2019im, 86 milyonun tamam\u0131n\u0131 korktuklar\u0131ndan emin, umduklar\u0131na nail eylesin, diyorum.\u201d<\/p>\n<\/p><\/div>\n<p><script async\n                    defer\n                    crossorigin=\"anonymous\"\n                    src=\"https:\/\/connect.facebook.net\/tr_TR\/sdk.js#xfbml=1&#038;version=v3.3\"\n            ><\/script><\/p>\n","protected":false},"excerpt":{"rendered":"<p>T\u00fcrkiye Cumhurba\u015fkan\u0131 Recep Tayyip Erdo\u011fan, \u201cTer\u00f6r\u00fcn ve \u015fiddetin tamamen devreden \u00e7\u0131kmas\u0131yla birlikte, ba\u015fta siyasetin demokratik kapasitesinin g\u00fc\u00e7lendirilmesi olmak \u00fczere, her alanda yeni bir d\u00f6nemin kap\u0131lar\u0131 a\u00e7\u0131lacakt\u0131r.\u201d dedi. Erdo\u011fan, Cumhurba\u015fkanl\u0131\u011f\u0131 K\u00fclliyesi\u2019nde, Kabine Toplant\u0131s\u0131\u2019n\u0131n ard\u0131ndan millete seslendi. Telefon diplomasisi bak\u0131m\u0131ndan d\u00fcn\u00fcn olduk\u00e7a yo\u011fun ge\u00e7ti\u011fini belirten Erdo\u011fan, \u00f6nce Fransa Cumhurba\u015fkan\u0131 Emmanuel Macron, ard\u0131ndan Rusya Devlet Ba\u015fkan\u0131 Vladimir Putin<\/p>\n","protected":false},"author":1,"featured_media":82171,"comment_status":"open","ping_status":"open","sticky":false,"template":"","format":"standard","meta":{"footnotes":""},"categories":[86],"tags":[],"class_list":["post-82170","post","type-post","status-publish","format-standard","has-post-thumbnail","hentry","category-turkiye"],"yoast_head":"<!-- This site is optimized with the Yoast SEO plugin v27.5 - https:\/\/yoast.com\/product\/yoast-seo-wordpress\/ -->\n<title>Erdo\u011fan\u2019dan PKK\u2019n\u0131n feshi karar\u0131na ili\u015fkin a\u00e7\u0131klama: \u201cTer\u00f6rs\u00fcz T\u00fcrkiye s\u00fcrecinde kritik bir e\u015fi\u011fi daha a\u015ft\u0131k\u201d -<\/title>\n<meta name=\"robots\" content=\"index, follow, max-snippet:-1, max-image-preview:large, max-video-preview:-1\" \/>\n<link rel=\"canonical\" href=\"https:\/\/kibrisdakik.com\/?p=82170\" \/>\n<meta property=\"og:locale\" content=\"tr_TR\" \/>\n<meta property=\"og:type\" content=\"article\" \/>\n<meta property=\"og:title\" content=\"Erdo\u011fan\u2019dan PKK\u2019n\u0131n feshi karar\u0131na ili\u015fkin a\u00e7\u0131klama: \u201cTer\u00f6rs\u00fcz T\u00fcrkiye s\u00fcrecinde kritik bir e\u015fi\u011fi daha a\u015ft\u0131k\u201d -\" \/>\n<meta property=\"og:description\" content=\"T\u00fcrkiye Cumhurba\u015fkan\u0131 Recep Tayyip Erdo\u011fan, \u201cTer\u00f6r\u00fcn ve \u015fiddetin tamamen devreden \u00e7\u0131kmas\u0131yla birlikte, ba\u015fta siyasetin demokratik kapasitesinin g\u00fc\u00e7lendirilmesi olmak \u00fczere, her alanda yeni bir d\u00f6nemin kap\u0131lar\u0131 a\u00e7\u0131lacakt\u0131r.\u201d dedi. Erdo\u011fan, Cumhurba\u015fkanl\u0131\u011f\u0131 K\u00fclliyesi\u2019nde, Kabine Toplant\u0131s\u0131\u2019n\u0131n ard\u0131ndan millete seslendi. Telefon diplomasisi bak\u0131m\u0131ndan d\u00fcn\u00fcn olduk\u00e7a yo\u011fun ge\u00e7ti\u011fini belirten Erdo\u011fan, \u00f6nce Fransa Cumhurba\u015fkan\u0131 Emmanuel Macron, ard\u0131ndan Rusya Devlet Ba\u015fkan\u0131 Vladimir Putin\" \/>\n<meta property=\"og:url\" content=\"https:\/\/kibrisdakik.com\/?p=82170\" \/>\n<meta property=\"article:published_time\" content=\"2025-05-13T07:45:00+00:00\" \/>\n<meta property=\"og:image\" content=\"https:\/\/kibrisdakik.com\/wp-content\/uploads\/2025\/05\/1747115459404AA-20250512-37929014-37929010-CUMHURBASKANI_ERDOGAN_KABINE_TOPLANTISI_SONRASI_ACIKLAMA-740x420.jpeg\" \/>\n\t<meta property=\"og:image:width\" content=\"2560\" \/>\n\t<meta property=\"og:image:height\" content=\"1739\" \/>\n\t<meta property=\"og:image:type\" content=\"image\/jpeg\" \/>\n<meta name=\"author\" content=\"admin\" \/>\n<meta name=\"twitter:card\" content=\"summary_large_image\" \/>\n<meta name=\"twitter:label1\" content=\"Yazan:\" \/>\n\t<meta name=\"twitter:data1\" content=\"admin\" \/>\n\t<meta name=\"twitter:label2\" content=\"Tahmini okuma s\u00fcresi\" \/>\n\t<meta name=\"twitter:data2\" content=\"9 dakika\" \/>\n<script type=\"application\/ld+json\" class=\"yoast-schema-graph\">{\"@context\":\"https:\\\/\\\/schema.org\",\"@graph\":[{\"@type\":\"Article\",\"@id\":\"https:\\\/\\\/kibrisdakik.com\\\/?p=82170#article\",\"isPartOf\":{\"@id\":\"https:\\\/\\\/kibrisdakik.com\\\/?p=82170\"},\"author\":{\"name\":\"admin\",\"@id\":\"https:\\\/\\\/kibrisdakik.com\\\/#\\\/schema\\\/person\\\/9cd9d437bbb44f72b73ba127e06d8e79\"},\"headline\":\"Erdo\u011fan\u2019dan PKK\u2019n\u0131n feshi karar\u0131na ili\u015fkin a\u00e7\u0131klama: \u201cTer\u00f6rs\u00fcz T\u00fcrkiye s\u00fcrecinde kritik bir e\u015fi\u011fi daha a\u015ft\u0131k\u201d\",\"datePublished\":\"2025-05-13T07:45:00+00:00\",\"mainEntityOfPage\":{\"@id\":\"https:\\\/\\\/kibrisdakik.com\\\/?p=82170\"},\"wordCount\":1754,\"commentCount\":0,\"image\":{\"@id\":\"https:\\\/\\\/kibrisdakik.com\\\/?p=82170#primaryimage\"},\"thumbnailUrl\":\"https:\\\/\\\/kibrisdakik.com\\\/wp-content\\\/uploads\\\/2025\\\/05\\\/1747115459404AA-20250512-37929014-37929010-CUMHURBASKANI_ERDOGAN_KABINE_TOPLANTISI_SONRASI_ACIKLAMA-740x420.jpeg\",\"articleSection\":[\"T\u00fcrkiye\"],\"inLanguage\":\"tr\",\"potentialAction\":[{\"@type\":\"CommentAction\",\"name\":\"Comment\",\"target\":[\"https:\\\/\\\/kibrisdakik.com\\\/?p=82170#respond\"]}]},{\"@type\":\"WebPage\",\"@id\":\"https:\\\/\\\/kibrisdakik.com\\\/?p=82170\",\"url\":\"https:\\\/\\\/kibrisdakik.com\\\/?p=82170\",\"name\":\"Erdo\u011fan\u2019dan PKK\u2019n\u0131n feshi karar\u0131na ili\u015fkin a\u00e7\u0131klama: \u201cTer\u00f6rs\u00fcz T\u00fcrkiye s\u00fcrecinde kritik bir e\u015fi\u011fi daha a\u015ft\u0131k\u201d -\",\"isPartOf\":{\"@id\":\"https:\\\/\\\/kibrisdakik.com\\\/#website\"},\"primaryImageOfPage\":{\"@id\":\"https:\\\/\\\/kibrisdakik.com\\\/?p=82170#primaryimage\"},\"image\":{\"@id\":\"https:\\\/\\\/kibrisdakik.com\\\/?p=82170#primaryimage\"},\"thumbnailUrl\":\"https:\\\/\\\/kibrisdakik.com\\\/wp-content\\\/uploads\\\/2025\\\/05\\\/1747115459404AA-20250512-37929014-37929010-CUMHURBASKANI_ERDOGAN_KABINE_TOPLANTISI_SONRASI_ACIKLAMA-740x420.jpeg\",\"datePublished\":\"2025-05-13T07:45:00+00:00\",\"author\":{\"@id\":\"https:\\\/\\\/kibrisdakik.com\\\/#\\\/schema\\\/person\\\/9cd9d437bbb44f72b73ba127e06d8e79\"},\"breadcrumb\":{\"@id\":\"https:\\\/\\\/kibrisdakik.com\\\/?p=82170#breadcrumb\"},\"inLanguage\":\"tr\",\"potentialAction\":[{\"@type\":\"ReadAction\",\"target\":[\"https:\\\/\\\/kibrisdakik.com\\\/?p=82170\"]}]},{\"@type\":\"ImageObject\",\"inLanguage\":\"tr\",\"@id\":\"https:\\\/\\\/kibrisdakik.com\\\/?p=82170#primaryimage\",\"url\":\"https:\\\/\\\/kibrisdakik.com\\\/wp-content\\\/uploads\\\/2025\\\/05\\\/1747115459404AA-20250512-37929014-37929010-CUMHURBASKANI_ERDOGAN_KABINE_TOPLANTISI_SONRASI_ACIKLAMA-740x420.jpeg\",\"contentUrl\":\"https:\\\/\\\/kibrisdakik.com\\\/wp-content\\\/uploads\\\/2025\\\/05\\\/1747115459404AA-20250512-37929014-37929010-CUMHURBASKANI_ERDOGAN_KABINE_TOPLANTISI_SONRASI_ACIKLAMA-740x420.jpeg\",\"width\":2560,\"height\":1739},{\"@type\":\"BreadcrumbList\",\"@id\":\"https:\\\/\\\/kibrisdakik.com\\\/?p=82170#breadcrumb\",\"itemListElement\":[{\"@type\":\"ListItem\",\"position\":1,\"name\":\"Home\",\"item\":\"https:\\\/\\\/kibrisdakik.com\\\/\"},{\"@type\":\"ListItem\",\"position\":2,\"name\":\"Erdo\u011fan\u2019dan PKK\u2019n\u0131n feshi karar\u0131na ili\u015fkin a\u00e7\u0131klama: \u201cTer\u00f6rs\u00fcz T\u00fcrkiye s\u00fcrecinde kritik bir e\u015fi\u011fi daha a\u015ft\u0131k\u201d\"}]},{\"@type\":\"WebSite\",\"@id\":\"https:\\\/\\\/kibrisdakik.com\\\/#website\",\"url\":\"https:\\\/\\\/kibrisdakik.com\\\/\",\"name\":\"\",\"description\":\"Tam vaktinde haber\",\"potentialAction\":[{\"@type\":\"SearchAction\",\"target\":{\"@type\":\"EntryPoint\",\"urlTemplate\":\"https:\\\/\\\/kibrisdakik.com\\\/?s={search_term_string}\"},\"query-input\":{\"@type\":\"PropertyValueSpecification\",\"valueRequired\":true,\"valueName\":\"search_term_string\"}}],\"inLanguage\":\"tr\"},{\"@type\":\"Person\",\"@id\":\"https:\\\/\\\/kibrisdakik.com\\\/#\\\/schema\\\/person\\\/9cd9d437bbb44f72b73ba127e06d8e79\",\"name\":\"admin\",\"image\":{\"@type\":\"ImageObject\",\"inLanguage\":\"tr\",\"@id\":\"https:\\\/\\\/secure.gravatar.com\\\/avatar\\\/ccc17943b9d660506c869530f897617f7cb1c21a4bf30023f252596d83e1f007?s=96&d=mm&r=g\",\"url\":\"https:\\\/\\\/secure.gravatar.com\\\/avatar\\\/ccc17943b9d660506c869530f897617f7cb1c21a4bf30023f252596d83e1f007?s=96&d=mm&r=g\",\"contentUrl\":\"https:\\\/\\\/secure.gravatar.com\\\/avatar\\\/ccc17943b9d660506c869530f897617f7cb1c21a4bf30023f252596d83e1f007?s=96&d=mm&r=g\",\"caption\":\"admin\"},\"sameAs\":[\"https:\\\/\\\/kibrisdakik.com\"],\"url\":\"https:\\\/\\\/kibrisdakik.com\\\/?author=1\"}]}<\/script>\n<!-- \/ Yoast SEO plugin. -->","yoast_head_json":{"title":"Erdo\u011fan\u2019dan PKK\u2019n\u0131n feshi karar\u0131na ili\u015fkin a\u00e7\u0131klama: \u201cTer\u00f6rs\u00fcz T\u00fcrkiye s\u00fcrecinde kritik bir e\u015fi\u011fi daha a\u015ft\u0131k\u201d -","robots":{"index":"index","follow":"follow","max-snippet":"max-snippet:-1","max-image-preview":"max-image-preview:large","max-video-preview":"max-video-preview:-1"},"canonical":"https:\/\/kibrisdakik.com\/?p=82170","og_locale":"tr_TR","og_type":"article","og_title":"Erdo\u011fan\u2019dan PKK\u2019n\u0131n feshi karar\u0131na ili\u015fkin a\u00e7\u0131klama: \u201cTer\u00f6rs\u00fcz T\u00fcrkiye s\u00fcrecinde kritik bir e\u015fi\u011fi daha a\u015ft\u0131k\u201d -","og_description":"T\u00fcrkiye Cumhurba\u015fkan\u0131 Recep Tayyip Erdo\u011fan, \u201cTer\u00f6r\u00fcn ve \u015fiddetin tamamen devreden \u00e7\u0131kmas\u0131yla birlikte, ba\u015fta siyasetin demokratik kapasitesinin g\u00fc\u00e7lendirilmesi olmak \u00fczere, her alanda yeni bir d\u00f6nemin kap\u0131lar\u0131 a\u00e7\u0131lacakt\u0131r.\u201d dedi. Erdo\u011fan, Cumhurba\u015fkanl\u0131\u011f\u0131 K\u00fclliyesi\u2019nde, Kabine Toplant\u0131s\u0131\u2019n\u0131n ard\u0131ndan millete seslendi. Telefon diplomasisi bak\u0131m\u0131ndan d\u00fcn\u00fcn olduk\u00e7a yo\u011fun ge\u00e7ti\u011fini belirten Erdo\u011fan, \u00f6nce Fransa Cumhurba\u015fkan\u0131 Emmanuel Macron, ard\u0131ndan Rusya Devlet Ba\u015fkan\u0131 Vladimir Putin","og_url":"https:\/\/kibrisdakik.com\/?p=82170","article_published_time":"2025-05-13T07:45:00+00:00","og_image":[{"width":2560,"height":1739,"url":"https:\/\/kibrisdakik.com\/wp-content\/uploads\/2025\/05\/1747115459404AA-20250512-37929014-37929010-CUMHURBASKANI_ERDOGAN_KABINE_TOPLANTISI_SONRASI_ACIKLAMA-740x420.jpeg","type":"image\/jpeg"}],"author":"admin","twitter_card":"summary_large_image","twitter_misc":{"Yazan:":"admin","Tahmini okuma s\u00fcresi":"9 dakika"},"schema":{"@context":"https:\/\/schema.org","@graph":[{"@type":"Article","@id":"https:\/\/kibrisdakik.com\/?p=82170#article","isPartOf":{"@id":"https:\/\/kibrisdakik.com\/?p=82170"},"author":{"name":"admin","@id":"https:\/\/kibrisdakik.com\/#\/schema\/person\/9cd9d437bbb44f72b73ba127e06d8e79"},"headline":"Erdo\u011fan\u2019dan PKK\u2019n\u0131n feshi karar\u0131na ili\u015fkin a\u00e7\u0131klama: \u201cTer\u00f6rs\u00fcz T\u00fcrkiye s\u00fcrecinde kritik bir e\u015fi\u011fi daha a\u015ft\u0131k\u201d","datePublished":"2025-05-13T07:45:00+00:00","mainEntityOfPage":{"@id":"https:\/\/kibrisdakik.com\/?p=82170"},"wordCount":1754,"commentCount":0,"image":{"@id":"https:\/\/kibrisdakik.com\/?p=82170#primaryimage"},"thumbnailUrl":"https:\/\/kibrisdakik.com\/wp-content\/uploads\/2025\/05\/1747115459404AA-20250512-37929014-37929010-CUMHURBASKANI_ERDOGAN_KABINE_TOPLANTISI_SONRASI_ACIKLAMA-740x420.jpeg","articleSection":["T\u00fcrkiye"],"inLanguage":"tr","potentialAction":[{"@type":"CommentAction","name":"Comment","target":["https:\/\/kibrisdakik.com\/?p=82170#respond"]}]},{"@type":"WebPage","@id":"https:\/\/kibrisdakik.com\/?p=82170","url":"https:\/\/kibrisdakik.com\/?p=82170","name":"Erdo\u011fan\u2019dan PKK\u2019n\u0131n feshi karar\u0131na ili\u015fkin a\u00e7\u0131klama: \u201cTer\u00f6rs\u00fcz T\u00fcrkiye s\u00fcrecinde kritik bir e\u015fi\u011fi daha a\u015ft\u0131k\u201d -","isPartOf":{"@id":"https:\/\/kibrisdakik.com\/#website"},"primaryImageOfPage":{"@id":"https:\/\/kibrisdakik.com\/?p=82170#primaryimage"},"image":{"@id":"https:\/\/kibrisdakik.com\/?p=82170#primaryimage"},"thumbnailUrl":"https:\/\/kibrisdakik.com\/wp-content\/uploads\/2025\/05\/1747115459404AA-20250512-37929014-37929010-CUMHURBASKANI_ERDOGAN_KABINE_TOPLANTISI_SONRASI_ACIKLAMA-740x420.jpeg","datePublished":"2025-05-13T07:45:00+00:00","author":{"@id":"https:\/\/kibrisdakik.com\/#\/schema\/person\/9cd9d437bbb44f72b73ba127e06d8e79"},"breadcrumb":{"@id":"https:\/\/kibrisdakik.com\/?p=82170#breadcrumb"},"inLanguage":"tr","potentialAction":[{"@type":"ReadAction","target":["https:\/\/kibrisdakik.com\/?p=82170"]}]},{"@type":"ImageObject","inLanguage":"tr","@id":"https:\/\/kibrisdakik.com\/?p=82170#primaryimage","url":"https:\/\/kibrisdakik.com\/wp-content\/uploads\/2025\/05\/1747115459404AA-20250512-37929014-37929010-CUMHURBASKANI_ERDOGAN_KABINE_TOPLANTISI_SONRASI_ACIKLAMA-740x420.jpeg","contentUrl":"https:\/\/kibrisdakik.com\/wp-content\/uploads\/2025\/05\/1747115459404AA-20250512-37929014-37929010-CUMHURBASKANI_ERDOGAN_KABINE_TOPLANTISI_SONRASI_ACIKLAMA-740x420.jpeg","width":2560,"height":1739},{"@type":"BreadcrumbList","@id":"https:\/\/kibrisdakik.com\/?p=82170#breadcrumb","itemListElement":[{"@type":"ListItem","position":1,"name":"Home","item":"https:\/\/kibrisdakik.com\/"},{"@type":"ListItem","position":2,"name":"Erdo\u011fan\u2019dan PKK\u2019n\u0131n feshi karar\u0131na ili\u015fkin a\u00e7\u0131klama: \u201cTer\u00f6rs\u00fcz T\u00fcrkiye s\u00fcrecinde kritik bir e\u015fi\u011fi daha a\u015ft\u0131k\u201d"}]},{"@type":"WebSite","@id":"https:\/\/kibrisdakik.com\/#website","url":"https:\/\/kibrisdakik.com\/","name":"","description":"Tam vaktinde haber","potentialAction":[{"@type":"SearchAction","target":{"@type":"EntryPoint","urlTemplate":"https:\/\/kibrisdakik.com\/?s={search_term_string}"},"query-input":{"@type":"PropertyValueSpecification","valueRequired":true,"valueName":"search_term_string"}}],"inLanguage":"tr"},{"@type":"Person","@id":"https:\/\/kibrisdakik.com\/#\/schema\/person\/9cd9d437bbb44f72b73ba127e06d8e79","name":"admin","image":{"@type":"ImageObject","inLanguage":"tr","@id":"https:\/\/secure.gravatar.com\/avatar\/ccc17943b9d660506c869530f897617f7cb1c21a4bf30023f252596d83e1f007?s=96&d=mm&r=g","url":"https:\/\/secure.gravatar.com\/avatar\/ccc17943b9d660506c869530f897617f7cb1c21a4bf30023f252596d83e1f007?s=96&d=mm&r=g","contentUrl":"https:\/\/secure.gravatar.com\/avatar\/ccc17943b9d660506c869530f897617f7cb1c21a4bf30023f252596d83e1f007?s=96&d=mm&r=g","caption":"admin"},"sameAs":["https:\/\/kibrisdakik.com"],"url":"https:\/\/kibrisdakik.com\/?author=1"}]}},"_links":{"self":[{"href":"https:\/\/kibrisdakik.com\/index.php?rest_route=\/wp\/v2\/posts\/82170","targetHints":{"allow":["GET"]}}],"collection":[{"href":"https:\/\/kibrisdakik.com\/index.php?rest_route=\/wp\/v2\/posts"}],"about":[{"href":"https:\/\/kibrisdakik.com\/index.php?rest_route=\/wp\/v2\/types\/post"}],"author":[{"embeddable":true,"href":"https:\/\/kibrisdakik.com\/index.php?rest_route=\/wp\/v2\/users\/1"}],"replies":[{"embeddable":true,"href":"https:\/\/kibrisdakik.com\/index.php?rest_route=%2Fwp%2Fv2%2Fcomments&post=82170"}],"version-history":[{"count":0,"href":"https:\/\/kibrisdakik.com\/index.php?rest_route=\/wp\/v2\/posts\/82170\/revisions"}],"wp:featuredmedia":[{"embeddable":true,"href":"https:\/\/kibrisdakik.com\/index.php?rest_route=\/wp\/v2\/media\/82171"}],"wp:attachment":[{"href":"https:\/\/kibrisdakik.com\/index.php?rest_route=%2Fwp%2Fv2%2Fmedia&parent=82170"}],"wp:term":[{"taxonomy":"category","embeddable":true,"href":"https:\/\/kibrisdakik.com\/index.php?rest_route=%2Fwp%2Fv2%2Fcategories&post=82170"},{"taxonomy":"post_tag","embeddable":true,"href":"https:\/\/kibrisdakik.com\/index.php?rest_route=%2Fwp%2Fv2%2Ftags&post=82170"}],"curies":[{"name":"wp","href":"https:\/\/api.w.org\/{rel}","templated":true}]}}