{"id":8219,"date":"2023-06-04T17:27:04","date_gmt":"2023-06-04T17:27:04","guid":{"rendered":"https:\/\/kibrisdakik.com\/index.php\/2023\/06\/04\/omac-basat-icin-mucadele-ettiler\/"},"modified":"2023-06-04T17:27:04","modified_gmt":"2023-06-04T17:27:04","slug":"omac-basat-icin-mucadele-ettiler","status":"publish","type":"post","link":"https:\/\/kibrisdakik.com\/?p=8219","title":{"rendered":"Oma\u00e7 Ba\u015fat i\u00e7in m\u00fccadele ettiler"},"content":{"rendered":"<p> <br \/>\n<\/p>\n<div>\n<div class=\"mariselle-image-container center\">\n                <img width=\"1080\" height=\"1440\" class=\"lazy-image\" alt=\"\" decoding=\"async\" loading=\"lazy\" sizes=\"auto, (max-width: 1080px) 100vw, 1080px\" src=\"https:\/\/brtk.net\/wp-content\/uploads\/2023\/06\/04\/TAEKWONDO.jpg?ver=b247e05924404b1f6b3cececa2f21f8d\" srcset=\"https:\/\/brtk.net\/wp-content\/uploads\/2023\/06\/04\/TAEKWONDO.jpg?ver=b247e05924404b1f6b3cececa2f21f8d 1080w, https:\/\/brtk.net\/wp-content\/uploads\/2023\/06\/04\/TAEKWONDO-225x300.jpg?ver=b247e05924404b1f6b3cececa2f21f8d 225w, https:\/\/brtk.net\/wp-content\/uploads\/2023\/06\/04\/TAEKWONDO-768x1024.jpg?ver=55d38e8554b92f9520c945da2eca61a3 768w\"\/>                            <\/div>\n<p>Taekwondo Judo Karate Aikido Federasyonu taraf\u0131ndan organize edilen Oma\u00e7 Ba\u015fat Hyong\/Kata, Zor Hareketler ve K\u0131r\u0131\u015f \u015eampiyonas\u0131 yap\u0131ld\u0131. <\/p>\n<p>Girne Avrasya Taekwondo Merkezi\u2019nde yap\u0131lan \u015fampiyonada kad\u0131nlarda kategorilerinde Zeynep Keskin, Melek \u00dcnver, Sevcan G\u00fc, Miray Mafrato\u011flu, Emine \u015eahin ve Zeliha Arpac\u0131o\u011flu birinci oldular.<\/p>\n<p>Erkeklerde ise \u015eakir At\u0131n\u00e7 Ya\u011f\u0131zsoy  ve Ali Arpac\u0131o\u011flu birincili\u011fi ald\u0131lar.<\/p>\n<\/p><\/div>\n<p><script async\n                    defer\n                    crossorigin=\"anonymous\"\n                    src=\"https:\/\/connect.facebook.net\/tr_TR\/sdk.js#xfbml=1&#038;version=v3.3\"\n            ><\/script><br \/>\n<br \/><br \/>\n<br \/><a href=\"https:\/\/brtk.net\/omac-basat-icin-mucadele-ettiler\/\"> <\/a><\/p>\n","protected":false},"excerpt":{"rendered":"<p>Taekwondo Judo Karate Aikido Federasyonu taraf\u0131ndan organize edilen Oma\u00e7 Ba\u015fat Hyong\/Kata, Zor Hareketler ve K\u0131r\u0131\u015f \u015eampiyonas\u0131 yap\u0131ld\u0131. Girne Avrasya Taekwondo Merkezi\u2019nde yap\u0131lan \u015fampiyonada kad\u0131nlarda kategorilerinde Zeynep Keskin, Melek \u00dcnver, Sevcan G\u00fc, Miray Mafrato\u011flu, Emine \u015eahin ve Zeliha Arpac\u0131o\u011flu birinci oldular. Erkeklerde ise \u015eakir At\u0131n\u00e7 Ya\u011f\u0131zsoy ve Ali Arpac\u0131o\u011flu birincili\u011fi ald\u0131lar.<\/p>\n","protected":false},"author":1,"featured_media":8220,"comment_status":"open","ping_status":"open","sticky":false,"template":"","format":"standard","meta":{"footnotes":""},"categories":[85],"tags":[],"class_list":["post-8219","post","type-post","status-publish","format-standard","has-post-thumbnail","hentry","category-spor"],"yoast_head":"<!-- This site is optimized with the Yoast SEO plugin v27.4 - https:\/\/yoast.com\/product\/yoast-seo-wordpress\/ -->\n<title>Oma\u00e7 Ba\u015fat i\u00e7in m\u00fccadele ettiler -<\/title>\n<meta name=\"robots\" content=\"index, follow, max-snippet:-1, max-image-preview:large, max-video-preview:-1\" \/>\n<link rel=\"canonical\" href=\"https:\/\/kibrisdakik.com\/?p=8219\" \/>\n<meta property=\"og:locale\" content=\"tr_TR\" \/>\n<meta property=\"og:type\" content=\"article\" \/>\n<meta property=\"og:title\" content=\"Oma\u00e7 Ba\u015fat i\u00e7in m\u00fccadele ettiler -\" \/>\n<meta property=\"og:description\" content=\"Taekwondo Judo Karate Aikido Federasyonu taraf\u0131ndan organize edilen Oma\u00e7 Ba\u015fat Hyong\/Kata, Zor Hareketler ve K\u0131r\u0131\u015f \u015eampiyonas\u0131 yap\u0131ld\u0131. Girne Avrasya Taekwondo Merkezi\u2019nde yap\u0131lan \u015fampiyonada kad\u0131nlarda kategorilerinde Zeynep Keskin, Melek \u00dcnver, Sevcan G\u00fc, Miray Mafrato\u011flu, Emine \u015eahin ve Zeliha Arpac\u0131o\u011flu birinci oldular. Erkeklerde ise \u015eakir At\u0131n\u00e7 Ya\u011f\u0131zsoy ve Ali Arpac\u0131o\u011flu birincili\u011fi ald\u0131lar.\" \/>\n<meta property=\"og:url\" content=\"https:\/\/kibrisdakik.com\/?p=8219\" \/>\n<meta property=\"article:published_time\" content=\"2023-06-04T17:27:04+00:00\" \/>\n<meta property=\"og:image\" content=\"https:\/\/kibrisdakik.com\/wp-content\/uploads\/2023\/06\/TAEKWONDO-740x420.jpg\" \/>\n\t<meta property=\"og:image:width\" content=\"1080\" \/>\n\t<meta property=\"og:image:height\" content=\"1440\" \/>\n\t<meta property=\"og:image:type\" content=\"image\/jpeg\" \/>\n<meta name=\"author\" content=\"admin\" \/>\n<meta name=\"twitter:card\" content=\"summary_large_image\" \/>\n<meta name=\"twitter:label1\" content=\"Yazan:\" \/>\n\t<meta name=\"twitter:data1\" content=\"admin\" \/>\n<script type=\"application\/ld+json\" class=\"yoast-schema-graph\">{\"@context\":\"https:\\\/\\\/schema.org\",\"@graph\":[{\"@type\":\"Article\",\"@id\":\"https:\\\/\\\/kibrisdakik.com\\\/?p=8219#article\",\"isPartOf\":{\"@id\":\"https:\\\/\\\/kibrisdakik.com\\\/?p=8219\"},\"author\":{\"name\":\"admin\",\"@id\":\"https:\\\/\\\/kibrisdakik.com\\\/#\\\/schema\\\/person\\\/9cd9d437bbb44f72b73ba127e06d8e79\"},\"headline\":\"Oma\u00e7 Ba\u015fat i\u00e7in m\u00fccadele ettiler\",\"datePublished\":\"2023-06-04T17:27:04+00:00\",\"mainEntityOfPage\":{\"@id\":\"https:\\\/\\\/kibrisdakik.com\\\/?p=8219\"},\"wordCount\":77,\"commentCount\":0,\"image\":{\"@id\":\"https:\\\/\\\/kibrisdakik.com\\\/?p=8219#primaryimage\"},\"thumbnailUrl\":\"https:\\\/\\\/kibrisdakik.com\\\/wp-content\\\/uploads\\\/2023\\\/06\\\/TAEKWONDO-740x420.jpg\",\"articleSection\":[\"Spor\"],\"inLanguage\":\"tr\",\"potentialAction\":[{\"@type\":\"CommentAction\",\"name\":\"Comment\",\"target\":[\"https:\\\/\\\/kibrisdakik.com\\\/?p=8219#respond\"]}]},{\"@type\":\"WebPage\",\"@id\":\"https:\\\/\\\/kibrisdakik.com\\\/?p=8219\",\"url\":\"https:\\\/\\\/kibrisdakik.com\\\/?p=8219\",\"name\":\"Oma\u00e7 Ba\u015fat i\u00e7in m\u00fccadele ettiler -\",\"isPartOf\":{\"@id\":\"https:\\\/\\\/kibrisdakik.com\\\/#website\"},\"primaryImageOfPage\":{\"@id\":\"https:\\\/\\\/kibrisdakik.com\\\/?p=8219#primaryimage\"},\"image\":{\"@id\":\"https:\\\/\\\/kibrisdakik.com\\\/?p=8219#primaryimage\"},\"thumbnailUrl\":\"https:\\\/\\\/kibrisdakik.com\\\/wp-content\\\/uploads\\\/2023\\\/06\\\/TAEKWONDO-740x420.jpg\",\"datePublished\":\"2023-06-04T17:27:04+00:00\",\"author\":{\"@id\":\"https:\\\/\\\/kibrisdakik.com\\\/#\\\/schema\\\/person\\\/9cd9d437bbb44f72b73ba127e06d8e79\"},\"breadcrumb\":{\"@id\":\"https:\\\/\\\/kibrisdakik.com\\\/?p=8219#breadcrumb\"},\"inLanguage\":\"tr\",\"potentialAction\":[{\"@type\":\"ReadAction\",\"target\":[\"https:\\\/\\\/kibrisdakik.com\\\/?p=8219\"]}]},{\"@type\":\"ImageObject\",\"inLanguage\":\"tr\",\"@id\":\"https:\\\/\\\/kibrisdakik.com\\\/?p=8219#primaryimage\",\"url\":\"https:\\\/\\\/kibrisdakik.com\\\/wp-content\\\/uploads\\\/2023\\\/06\\\/TAEKWONDO-740x420.jpg\",\"contentUrl\":\"https:\\\/\\\/kibrisdakik.com\\\/wp-content\\\/uploads\\\/2023\\\/06\\\/TAEKWONDO-740x420.jpg\",\"width\":1080,\"height\":1440},{\"@type\":\"BreadcrumbList\",\"@id\":\"https:\\\/\\\/kibrisdakik.com\\\/?p=8219#breadcrumb\",\"itemListElement\":[{\"@type\":\"ListItem\",\"position\":1,\"name\":\"Home\",\"item\":\"https:\\\/\\\/kibrisdakik.com\\\/\"},{\"@type\":\"ListItem\",\"position\":2,\"name\":\"Oma\u00e7 Ba\u015fat i\u00e7in m\u00fccadele ettiler\"}]},{\"@type\":\"WebSite\",\"@id\":\"https:\\\/\\\/kibrisdakik.com\\\/#website\",\"url\":\"https:\\\/\\\/kibrisdakik.com\\\/\",\"name\":\"\",\"description\":\"Tam vaktinde haber\",\"potentialAction\":[{\"@type\":\"SearchAction\",\"target\":{\"@type\":\"EntryPoint\",\"urlTemplate\":\"https:\\\/\\\/kibrisdakik.com\\\/?s={search_term_string}\"},\"query-input\":{\"@type\":\"PropertyValueSpecification\",\"valueRequired\":true,\"valueName\":\"search_term_string\"}}],\"inLanguage\":\"tr\"},{\"@type\":\"Person\",\"@id\":\"https:\\\/\\\/kibrisdakik.com\\\/#\\\/schema\\\/person\\\/9cd9d437bbb44f72b73ba127e06d8e79\",\"name\":\"admin\",\"image\":{\"@type\":\"ImageObject\",\"inLanguage\":\"tr\",\"@id\":\"https:\\\/\\\/secure.gravatar.com\\\/avatar\\\/ccc17943b9d660506c869530f897617f7cb1c21a4bf30023f252596d83e1f007?s=96&d=mm&r=g\",\"url\":\"https:\\\/\\\/secure.gravatar.com\\\/avatar\\\/ccc17943b9d660506c869530f897617f7cb1c21a4bf30023f252596d83e1f007?s=96&d=mm&r=g\",\"contentUrl\":\"https:\\\/\\\/secure.gravatar.com\\\/avatar\\\/ccc17943b9d660506c869530f897617f7cb1c21a4bf30023f252596d83e1f007?s=96&d=mm&r=g\",\"caption\":\"admin\"},\"sameAs\":[\"https:\\\/\\\/kibrisdakik.com\"],\"url\":\"https:\\\/\\\/kibrisdakik.com\\\/?author=1\"}]}<\/script>\n<!-- \/ Yoast SEO plugin. -->","yoast_head_json":{"title":"Oma\u00e7 Ba\u015fat i\u00e7in m\u00fccadele ettiler -","robots":{"index":"index","follow":"follow","max-snippet":"max-snippet:-1","max-image-preview":"max-image-preview:large","max-video-preview":"max-video-preview:-1"},"canonical":"https:\/\/kibrisdakik.com\/?p=8219","og_locale":"tr_TR","og_type":"article","og_title":"Oma\u00e7 Ba\u015fat i\u00e7in m\u00fccadele ettiler -","og_description":"Taekwondo Judo Karate Aikido Federasyonu taraf\u0131ndan organize edilen Oma\u00e7 Ba\u015fat Hyong\/Kata, Zor Hareketler ve K\u0131r\u0131\u015f \u015eampiyonas\u0131 yap\u0131ld\u0131. Girne Avrasya Taekwondo Merkezi\u2019nde yap\u0131lan \u015fampiyonada kad\u0131nlarda kategorilerinde Zeynep Keskin, Melek \u00dcnver, Sevcan G\u00fc, Miray Mafrato\u011flu, Emine \u015eahin ve Zeliha Arpac\u0131o\u011flu birinci oldular. Erkeklerde ise \u015eakir At\u0131n\u00e7 Ya\u011f\u0131zsoy ve Ali Arpac\u0131o\u011flu birincili\u011fi ald\u0131lar.","og_url":"https:\/\/kibrisdakik.com\/?p=8219","article_published_time":"2023-06-04T17:27:04+00:00","og_image":[{"width":1080,"height":1440,"url":"https:\/\/kibrisdakik.com\/wp-content\/uploads\/2023\/06\/TAEKWONDO-740x420.jpg","type":"image\/jpeg"}],"author":"admin","twitter_card":"summary_large_image","twitter_misc":{"Yazan:":"admin"},"schema":{"@context":"https:\/\/schema.org","@graph":[{"@type":"Article","@id":"https:\/\/kibrisdakik.com\/?p=8219#article","isPartOf":{"@id":"https:\/\/kibrisdakik.com\/?p=8219"},"author":{"name":"admin","@id":"https:\/\/kibrisdakik.com\/#\/schema\/person\/9cd9d437bbb44f72b73ba127e06d8e79"},"headline":"Oma\u00e7 Ba\u015fat i\u00e7in m\u00fccadele ettiler","datePublished":"2023-06-04T17:27:04+00:00","mainEntityOfPage":{"@id":"https:\/\/kibrisdakik.com\/?p=8219"},"wordCount":77,"commentCount":0,"image":{"@id":"https:\/\/kibrisdakik.com\/?p=8219#primaryimage"},"thumbnailUrl":"https:\/\/kibrisdakik.com\/wp-content\/uploads\/2023\/06\/TAEKWONDO-740x420.jpg","articleSection":["Spor"],"inLanguage":"tr","potentialAction":[{"@type":"CommentAction","name":"Comment","target":["https:\/\/kibrisdakik.com\/?p=8219#respond"]}]},{"@type":"WebPage","@id":"https:\/\/kibrisdakik.com\/?p=8219","url":"https:\/\/kibrisdakik.com\/?p=8219","name":"Oma\u00e7 Ba\u015fat i\u00e7in m\u00fccadele ettiler -","isPartOf":{"@id":"https:\/\/kibrisdakik.com\/#website"},"primaryImageOfPage":{"@id":"https:\/\/kibrisdakik.com\/?p=8219#primaryimage"},"image":{"@id":"https:\/\/kibrisdakik.com\/?p=8219#primaryimage"},"thumbnailUrl":"https:\/\/kibrisdakik.com\/wp-content\/uploads\/2023\/06\/TAEKWONDO-740x420.jpg","datePublished":"2023-06-04T17:27:04+00:00","author":{"@id":"https:\/\/kibrisdakik.com\/#\/schema\/person\/9cd9d437bbb44f72b73ba127e06d8e79"},"breadcrumb":{"@id":"https:\/\/kibrisdakik.com\/?p=8219#breadcrumb"},"inLanguage":"tr","potentialAction":[{"@type":"ReadAction","target":["https:\/\/kibrisdakik.com\/?p=8219"]}]},{"@type":"ImageObject","inLanguage":"tr","@id":"https:\/\/kibrisdakik.com\/?p=8219#primaryimage","url":"https:\/\/kibrisdakik.com\/wp-content\/uploads\/2023\/06\/TAEKWONDO-740x420.jpg","contentUrl":"https:\/\/kibrisdakik.com\/wp-content\/uploads\/2023\/06\/TAEKWONDO-740x420.jpg","width":1080,"height":1440},{"@type":"BreadcrumbList","@id":"https:\/\/kibrisdakik.com\/?p=8219#breadcrumb","itemListElement":[{"@type":"ListItem","position":1,"name":"Home","item":"https:\/\/kibrisdakik.com\/"},{"@type":"ListItem","position":2,"name":"Oma\u00e7 Ba\u015fat i\u00e7in m\u00fccadele ettiler"}]},{"@type":"WebSite","@id":"https:\/\/kibrisdakik.com\/#website","url":"https:\/\/kibrisdakik.com\/","name":"","description":"Tam vaktinde haber","potentialAction":[{"@type":"SearchAction","target":{"@type":"EntryPoint","urlTemplate":"https:\/\/kibrisdakik.com\/?s={search_term_string}"},"query-input":{"@type":"PropertyValueSpecification","valueRequired":true,"valueName":"search_term_string"}}],"inLanguage":"tr"},{"@type":"Person","@id":"https:\/\/kibrisdakik.com\/#\/schema\/person\/9cd9d437bbb44f72b73ba127e06d8e79","name":"admin","image":{"@type":"ImageObject","inLanguage":"tr","@id":"https:\/\/secure.gravatar.com\/avatar\/ccc17943b9d660506c869530f897617f7cb1c21a4bf30023f252596d83e1f007?s=96&d=mm&r=g","url":"https:\/\/secure.gravatar.com\/avatar\/ccc17943b9d660506c869530f897617f7cb1c21a4bf30023f252596d83e1f007?s=96&d=mm&r=g","contentUrl":"https:\/\/secure.gravatar.com\/avatar\/ccc17943b9d660506c869530f897617f7cb1c21a4bf30023f252596d83e1f007?s=96&d=mm&r=g","caption":"admin"},"sameAs":["https:\/\/kibrisdakik.com"],"url":"https:\/\/kibrisdakik.com\/?author=1"}]}},"_links":{"self":[{"href":"https:\/\/kibrisdakik.com\/index.php?rest_route=\/wp\/v2\/posts\/8219","targetHints":{"allow":["GET"]}}],"collection":[{"href":"https:\/\/kibrisdakik.com\/index.php?rest_route=\/wp\/v2\/posts"}],"about":[{"href":"https:\/\/kibrisdakik.com\/index.php?rest_route=\/wp\/v2\/types\/post"}],"author":[{"embeddable":true,"href":"https:\/\/kibrisdakik.com\/index.php?rest_route=\/wp\/v2\/users\/1"}],"replies":[{"embeddable":true,"href":"https:\/\/kibrisdakik.com\/index.php?rest_route=%2Fwp%2Fv2%2Fcomments&post=8219"}],"version-history":[{"count":0,"href":"https:\/\/kibrisdakik.com\/index.php?rest_route=\/wp\/v2\/posts\/8219\/revisions"}],"wp:featuredmedia":[{"embeddable":true,"href":"https:\/\/kibrisdakik.com\/index.php?rest_route=\/wp\/v2\/media\/8220"}],"wp:attachment":[{"href":"https:\/\/kibrisdakik.com\/index.php?rest_route=%2Fwp%2Fv2%2Fmedia&parent=8219"}],"wp:term":[{"taxonomy":"category","embeddable":true,"href":"https:\/\/kibrisdakik.com\/index.php?rest_route=%2Fwp%2Fv2%2Fcategories&post=8219"},{"taxonomy":"post_tag","embeddable":true,"href":"https:\/\/kibrisdakik.com\/index.php?rest_route=%2Fwp%2Fv2%2Ftags&post=8219"}],"curies":[{"name":"wp","href":"https:\/\/api.w.org\/{rel}","templated":true}]}}