{"id":82201,"date":"2025-05-13T19:40:47","date_gmt":"2025-05-13T16:40:47","guid":{"rendered":"https:\/\/kibrisdakik.com\/index.php\/2025\/05\/13\/cavusoglu-aoayi-guclendirmek-icin-caba-gosteriyoruz-ogrencilerle-guzel-bir-uzlasi-sagladik\/"},"modified":"2025-05-13T19:40:47","modified_gmt":"2025-05-13T16:40:47","slug":"cavusoglu-aoayi-guclendirmek-icin-caba-gosteriyoruz-ogrencilerle-guzel-bir-uzlasi-sagladik","status":"publish","type":"post","link":"https:\/\/kibrisdakik.com\/?p=82201","title":{"rendered":"\u00c7avu\u015fo\u011flu: \u201cA\u00d6A\u2019y\u0131 g\u00fc\u00e7lendirmek i\u00e7in \u00e7aba g\u00f6steriyoruz. \u00d6\u011frencilerle g\u00fczel bir uzla\u015f\u0131 sa\u011flad\u0131k\u201d"},"content":{"rendered":"<div>\n<div class=\"mariselle-image-container center\">\n                                            <\/div>\n<p>\nMilli E\u011fitim Bakan\u0131 Naz\u0131m \u00c7avu\u015fo\u011flu, Atat\u00fcrk \u00d6\u011fretmen Akademisi\u2019ni (A\u00d6A) g\u00fc\u00e7lendirmek, altyap\u0131s\u0131n\u0131 geli\u015ftirmek, \u00f6\u011fretim kadrosunu \u00e7e\u015fitlendirmek ve \u00f6\u011fretmen adaylar\u0131n\u0131n donan\u0131mlar\u0131n\u0131 art\u0131rmak i\u00e7in uzun s\u00fcredir ciddi bir \u00e7aba i\u00e7inde olduklar\u0131n\u0131 s\u00f6yledi.<\/p>\n<p>A\u00d6A \u00f6\u011frencilerini \u00fczecek veya mesleki hayatlar\u0131n\u0131 s\u0131k\u0131nt\u0131ya sokacak herhangi bir davran\u0131\u015fta bulunmalar\u0131n\u0131n m\u00fcmk\u00fcn olmad\u0131\u011f\u0131n\u0131 belirten \u00c7avu\u015fo\u011flu, \u00f6\u011fretmen adaylar\u0131n\u0131n t\u00fcz\u00fck \u00e7al\u0131\u015fmalar\u0131 s\u00fcrecinde bilgilendirilmemesinin baz\u0131 yanl\u0131\u015f anla\u015f\u0131lmalara neden olmu\u015f olabilece\u011fini dile getirdi.<\/p>\n<p>A\u00d6A \u00d6\u011frenci Konseyi Y\u00fcr\u00fctme Kurulu \u00fcyeleriyle bir araya gelen \u00c7avu\u015fo\u011flu, \u00f6\u011frencilere \u00d6\u011fretmen S\u0131nav (De\u011fi\u015fiklik) T\u00fcz\u00fc\u011f\u00fc\u2019ne ili\u015fkin bilgi verdi.<\/p>\n<p>Bakanl\u0131ktan verilen bilgiye g\u00f6re,\u00a0 \u00c7avu\u015fo\u011flu \u00f6\u011fretmen adaylar\u0131n\u0131n haklar\u0131n\u0131 savunma y\u00f6n\u00fcndeki taleplerini demokratik bir olgunlukla dile getirmelerinden duydu\u011fu memnuniyeti dile getirdi.<\/p>\n<p>\u201c\u00d6\u011fretmen adaylar\u0131n\u0131n kendi haklar\u0131n\u0131 savunmalar\u0131, sorgulayan bireyler olarak yeti\u015fmeleri ve bu tutumu meslek hayatlar\u0131na da ta\u015f\u0131malar\u0131 bizim i\u00e7in \u00e7ok k\u0131ymetlidir\u201d diyen \u00c7avu\u015fo\u011flu, bu davran\u0131\u015f bi\u00e7imini takdirle kar\u015f\u0131lad\u0131klar\u0131n\u0131 ifade etti.<\/p>\n<p>Bakanl\u0131k \u00f6n\u00fcnde ger\u00e7ekle\u015fen eylemin gerek\u00e7eleriyle ilgili olarak \u00f6\u011frencilere eksik veya yanl\u0131\u015f bilgiler verildi\u011fini d\u00fc\u015f\u00fcnd\u00fc\u011f\u00fcn\u00fc s\u00f6yleyen \u00c7avu\u015fo\u011flu, \u015funlar\u0131 da belirtti:<\/p>\n<p>\u201cMilli E\u011fitim Bakanl\u0131\u011f\u0131 olarak, t\u00fcz\u00fck \u00e7al\u0131\u015fmalar\u0131 s\u00fcrecinde \u00f6\u011fretmen adaylar\u0131m\u0131zla daha \u00f6nceden bir araya gelerek onlar\u0131 bilgilendirmemiz gerekirdi. Bu eksiklik, baz\u0131 yanl\u0131\u015f anla\u015f\u0131lmalara neden olmu\u015f olabilir.\u201d<\/p>\n<p>\u201c-Fikir birli\u011fine vard\u0131k\u201d<\/p>\n<p>Atat\u00fcrk \u00d6\u011fretmen Akademisi\u2019nin ve \u00f6\u011fretmen adaylar\u0131n\u0131n, bakanl\u0131k i\u00e7in b\u00fcy\u00fck de\u011fer ta\u015f\u0131d\u0131\u011f\u0131n\u0131 vurgulayan \u00c7avu\u015fo\u011flu, \u015f\u00f6yle devam etti:<\/p>\n<p>\u201cAtat\u00fcrk \u00d6\u011fretmen Akademisi ve \u00f6\u011frencileri bizim g\u00f6zbebe\u011fimizdir. Onlar\u0131 \u00fczecek veya mesleki hayatlar\u0131nda s\u0131k\u0131nt\u0131ya sokacak herhangi bir davran\u0131\u015f\u0131 Milli E\u011fitim Bakanl\u0131\u011f\u0131\u2019n\u0131n yapma ihtimali yoktur. Akademiyi g\u00fc\u00e7lendirmek, altyap\u0131s\u0131n\u0131 geli\u015ftirmek, \u00f6\u011fretim kadrosunu \u00e7e\u015fitlendirmek ve \u00f6\u011fretmen adaylar\u0131m\u0131z\u0131n donan\u0131mlar\u0131n\u0131 art\u0131rmak i\u00e7in uzun s\u00fcredir ciddi bir \u00e7aba i\u00e7erisindeyiz.\u201d<\/p>\n<p>Toplant\u0131da, \u00f6\u011frenci konseyiyle mevcut t\u00fcz\u00fck d\u00fczenlemesini birlikte de\u011ferlendirdiklerini belirten \u00c7avu\u015fo\u011flu, \u201cAsl\u0131nda yap\u0131lan d\u00fczenlemelerin g\u00fczel ve yerinde oldu\u011fu konusunda fikir birli\u011fine vard\u0131k. Ancak baz\u0131 eklemeler yap\u0131lmas\u0131 gerekebilece\u011fi y\u00f6n\u00fcnde mutab\u0131k kald\u0131k\u201d dedi.<\/p>\n<p>-\u201cOnlara bu konuda s\u00f6z verdik\u201d<\/p>\n<p>Konseyin, A\u00d6A \u00f6\u011frencilerinin kat\u0131l\u0131m\u0131yla mevcut t\u00fcz\u00fc\u011f\u00fc de\u011ferlendirece\u011fini ve bu s\u00fcre\u00e7te sunmak istedikleri \u00f6neri ya da ek maddeler olmas\u0131 halinde bakanl\u0131k olarak a\u00e7\u0131k olduklar\u0131n\u0131 belirten \u00c7avu\u015fo\u011flu, \u015funlar\u0131 da ifade etti:<\/p>\n<p>\u201cOnlara bu konuda s\u00f6z verdik. E\u011fitim hayatlar\u0131 boyunca kendilerine olumlu yans\u0131yacak \u00f6nerilere kap\u0131m\u0131z a\u00e7\u0131k. T\u00fcz\u00fckte yap\u0131lacak olas\u0131 d\u00fczenlemeleri kar\u015f\u0131l\u0131kl\u0131 anlay\u0131\u015f ve sayg\u0131 i\u00e7inde, meslekta\u015f dayan\u0131\u015fmas\u0131 \u00e7er\u00e7evesinde ele alaca\u011f\u0131m\u0131z\u0131 ilettim.\u201d<\/p>\n<p>Bug\u00fcnk\u00fc g\u00f6r\u00fc\u015fmenin samimi ve yap\u0131c\u0131 bir havada ge\u00e7ti\u011fini belirten Bakan \u00c7avu\u015fo\u011flu, \u201cBug\u00fcn g\u00fczel bir uzla\u015f\u0131 yapt\u0131k. \u00d6\u011fretmen adaylar\u0131m\u0131za ba\u015far\u0131lar diliyorum. \u00d6nlerinde uzun bir yol var. Biz mesle\u011fin sonuna yakla\u015f\u0131rken onlar ba\u015f\u0131ndalar. Onlar\u0131n mutlulu\u011fu i\u00e7in biz katk\u0131 yapmaya devam edece\u011fiz. Gelece\u011fin nesillerini onlar yeti\u015ftirecektir.\u201d dedi.<\/p>\n<p>-19 May\u0131s Atat\u00fcrk\u2019\u00fc Anma, Gen\u00e7lik ve Spor Bayram\u0131<\/p>\n<p>19 May\u0131s Atat\u00fcrk\u2019\u00fc Anma, Gen\u00e7lik ve Spor Bayram\u0131 haftas\u0131n\u0131n a\u00e7\u0131l\u0131\u015f\u0131n\u0131n da bug\u00fcn yap\u0131lan t\u00f6renle ger\u00e7ekle\u015fti\u011fini an\u0131msatan \u00c7avu\u015fo\u011flu, \u015funlar\u0131 da kaydetti:<\/p>\n<p>\u201cAtat\u00fcrk, gelecek nesilleri \u00f6\u011fretmenlere emanet etmi\u015ftir. Biz de \u00f6\u011fretmen adaylar\u0131m\u0131zdan; Atat\u00fcrk\u00e7\u00fc d\u00fc\u015f\u00fcnceyle, laik ya\u015fam bi\u00e7imiyle ve 450 y\u0131ll\u0131k k\u00fclt\u00fcr\u00fcm\u00fcz\u00fcn bu topraklarda yerelle\u015fmi\u015f haliyle yollar\u0131na devam etmelerini ve gelecek nesilleri bu de\u011ferlerle yeti\u015ftirmelerini istiyoruz. Kuzey K\u0131br\u0131s T\u00fcrk Cumhuriyeti\u2019ni ise ilelebet ya\u015fatmalar\u0131n\u0131 diliyoruz.\u201d<\/p>\n<p>Milli E\u011fitim Bakan\u0131 \u00c7avu\u015fo\u011flu ayr\u0131ca, Y\u00fcksek Dan\u0131\u015fma Kurulu\u2019nda g\u00f6r\u00fc\u015f\u00fclen \u00d6\u011fretmen S\u0131nav (De\u011fi\u015fiklik) T\u00fcz\u00fc\u011f\u00fc\u2019n\u00fcn K\u0131br\u0131s T\u00fcrk Orta E\u011fitim \u00d6\u011fretmenler Sendikas\u0131\u2019n\u0131n (KTOE\u00d6S) \u00e7ekimser, K\u0131br\u0131s T\u00fcrk \u00d6\u011fretmenler Sendikas\u0131\u2019n\u0131n\u00a0 (KT\u00d6S) ise ret oyu verdi\u011fini, ilgili t\u00fcz\u00fck d\u00fczenlenmesinin oy \u00e7oklu\u011fu ile kuruldan ge\u00e7ti\u011fini belirtti.<\/p>\n<\/p><\/div>\n<p><script async\n                    defer\n                    crossorigin=\"anonymous\"\n                    src=\"https:\/\/connect.facebook.net\/tr_TR\/sdk.js#xfbml=1&#038;version=v3.3\"\n            ><\/script><\/p>\n","protected":false},"excerpt":{"rendered":"<p>Milli E\u011fitim Bakan\u0131 Naz\u0131m \u00c7avu\u015fo\u011flu, Atat\u00fcrk \u00d6\u011fretmen Akademisi\u2019ni (A\u00d6A) g\u00fc\u00e7lendirmek, altyap\u0131s\u0131n\u0131 geli\u015ftirmek, \u00f6\u011fretim kadrosunu \u00e7e\u015fitlendirmek ve \u00f6\u011fretmen adaylar\u0131n\u0131n donan\u0131mlar\u0131n\u0131 art\u0131rmak i\u00e7in uzun s\u00fcredir ciddi bir \u00e7aba i\u00e7inde olduklar\u0131n\u0131 s\u00f6yledi. A\u00d6A \u00f6\u011frencilerini \u00fczecek veya mesleki hayatlar\u0131n\u0131 s\u0131k\u0131nt\u0131ya sokacak herhangi bir davran\u0131\u015fta bulunmalar\u0131n\u0131n m\u00fcmk\u00fcn olmad\u0131\u011f\u0131n\u0131 belirten \u00c7avu\u015fo\u011flu, \u00f6\u011fretmen adaylar\u0131n\u0131n t\u00fcz\u00fck \u00e7al\u0131\u015fmalar\u0131 s\u00fcrecinde bilgilendirilmemesinin baz\u0131 yanl\u0131\u015f anla\u015f\u0131lmalara neden<\/p>\n","protected":false},"author":1,"featured_media":82202,"comment_status":"open","ping_status":"open","sticky":false,"template":"","format":"standard","meta":{"footnotes":""},"categories":[81,101],"tags":[],"class_list":["post-82201","post","type-post","status-publish","format-standard","has-post-thumbnail","hentry","category-kibris","category-manset"],"yoast_head":"<!-- This site is optimized with the Yoast SEO plugin v27.5 - https:\/\/yoast.com\/product\/yoast-seo-wordpress\/ -->\n<title>\u00c7avu\u015fo\u011flu: \u201cA\u00d6A\u2019y\u0131 g\u00fc\u00e7lendirmek i\u00e7in \u00e7aba g\u00f6steriyoruz. \u00d6\u011frencilerle g\u00fczel bir uzla\u015f\u0131 sa\u011flad\u0131k\u201d -<\/title>\n<meta name=\"robots\" content=\"index, follow, max-snippet:-1, max-image-preview:large, max-video-preview:-1\" \/>\n<link rel=\"canonical\" href=\"https:\/\/kibrisdakik.com\/?p=82201\" \/>\n<meta property=\"og:locale\" content=\"tr_TR\" \/>\n<meta property=\"og:type\" content=\"article\" \/>\n<meta property=\"og:title\" content=\"\u00c7avu\u015fo\u011flu: \u201cA\u00d6A\u2019y\u0131 g\u00fc\u00e7lendirmek i\u00e7in \u00e7aba g\u00f6steriyoruz. \u00d6\u011frencilerle g\u00fczel bir uzla\u015f\u0131 sa\u011flad\u0131k\u201d -\" \/>\n<meta property=\"og:description\" content=\"Milli E\u011fitim Bakan\u0131 Naz\u0131m \u00c7avu\u015fo\u011flu, Atat\u00fcrk \u00d6\u011fretmen Akademisi\u2019ni (A\u00d6A) g\u00fc\u00e7lendirmek, altyap\u0131s\u0131n\u0131 geli\u015ftirmek, \u00f6\u011fretim kadrosunu \u00e7e\u015fitlendirmek ve \u00f6\u011fretmen adaylar\u0131n\u0131n donan\u0131mlar\u0131n\u0131 art\u0131rmak i\u00e7in uzun s\u00fcredir ciddi bir \u00e7aba i\u00e7inde olduklar\u0131n\u0131 s\u00f6yledi. A\u00d6A \u00f6\u011frencilerini \u00fczecek veya mesleki hayatlar\u0131n\u0131 s\u0131k\u0131nt\u0131ya sokacak herhangi bir davran\u0131\u015fta bulunmalar\u0131n\u0131n m\u00fcmk\u00fcn olmad\u0131\u011f\u0131n\u0131 belirten \u00c7avu\u015fo\u011flu, \u00f6\u011fretmen adaylar\u0131n\u0131n t\u00fcz\u00fck \u00e7al\u0131\u015fmalar\u0131 s\u00fcrecinde bilgilendirilmemesinin baz\u0131 yanl\u0131\u015f anla\u015f\u0131lmalara neden\" \/>\n<meta property=\"og:url\" content=\"https:\/\/kibrisdakik.com\/?p=82201\" \/>\n<meta property=\"article:published_time\" content=\"2025-05-13T16:40:47+00:00\" \/>\n<meta property=\"og:image\" content=\"https:\/\/kibrisdakik.com\/wp-content\/uploads\/2025\/05\/1747151120621CAVUSOGLU-OGRENCILER-2-scaled-740x420.jpg\" \/>\n\t<meta property=\"og:image:width\" content=\"2560\" \/>\n\t<meta property=\"og:image:height\" content=\"1707\" \/>\n\t<meta property=\"og:image:type\" content=\"image\/jpeg\" \/>\n<meta name=\"author\" content=\"admin\" \/>\n<meta name=\"twitter:card\" content=\"summary_large_image\" \/>\n<meta name=\"twitter:label1\" content=\"Yazan:\" \/>\n\t<meta name=\"twitter:data1\" content=\"admin\" \/>\n\t<meta name=\"twitter:label2\" content=\"Tahmini okuma s\u00fcresi\" \/>\n\t<meta name=\"twitter:data2\" content=\"4 dakika\" \/>\n<script type=\"application\/ld+json\" class=\"yoast-schema-graph\">{\"@context\":\"https:\\\/\\\/schema.org\",\"@graph\":[{\"@type\":\"Article\",\"@id\":\"https:\\\/\\\/kibrisdakik.com\\\/?p=82201#article\",\"isPartOf\":{\"@id\":\"https:\\\/\\\/kibrisdakik.com\\\/?p=82201\"},\"author\":{\"name\":\"admin\",\"@id\":\"https:\\\/\\\/kibrisdakik.com\\\/#\\\/schema\\\/person\\\/9cd9d437bbb44f72b73ba127e06d8e79\"},\"headline\":\"\u00c7avu\u015fo\u011flu: \u201cA\u00d6A\u2019y\u0131 g\u00fc\u00e7lendirmek i\u00e7in \u00e7aba g\u00f6steriyoruz. \u00d6\u011frencilerle g\u00fczel bir uzla\u015f\u0131 sa\u011flad\u0131k\u201d\",\"datePublished\":\"2025-05-13T16:40:47+00:00\",\"mainEntityOfPage\":{\"@id\":\"https:\\\/\\\/kibrisdakik.com\\\/?p=82201\"},\"wordCount\":788,\"commentCount\":0,\"image\":{\"@id\":\"https:\\\/\\\/kibrisdakik.com\\\/?p=82201#primaryimage\"},\"thumbnailUrl\":\"https:\\\/\\\/kibrisdakik.com\\\/wp-content\\\/uploads\\\/2025\\\/05\\\/1747151120621CAVUSOGLU-OGRENCILER-2-scaled-740x420.jpg\",\"articleSection\":[\"K\u0131br\u0131s\",\"Man\u015fet\"],\"inLanguage\":\"tr\",\"potentialAction\":[{\"@type\":\"CommentAction\",\"name\":\"Comment\",\"target\":[\"https:\\\/\\\/kibrisdakik.com\\\/?p=82201#respond\"]}]},{\"@type\":\"WebPage\",\"@id\":\"https:\\\/\\\/kibrisdakik.com\\\/?p=82201\",\"url\":\"https:\\\/\\\/kibrisdakik.com\\\/?p=82201\",\"name\":\"\u00c7avu\u015fo\u011flu: \u201cA\u00d6A\u2019y\u0131 g\u00fc\u00e7lendirmek i\u00e7in \u00e7aba g\u00f6steriyoruz. \u00d6\u011frencilerle g\u00fczel bir uzla\u015f\u0131 sa\u011flad\u0131k\u201d -\",\"isPartOf\":{\"@id\":\"https:\\\/\\\/kibrisdakik.com\\\/#website\"},\"primaryImageOfPage\":{\"@id\":\"https:\\\/\\\/kibrisdakik.com\\\/?p=82201#primaryimage\"},\"image\":{\"@id\":\"https:\\\/\\\/kibrisdakik.com\\\/?p=82201#primaryimage\"},\"thumbnailUrl\":\"https:\\\/\\\/kibrisdakik.com\\\/wp-content\\\/uploads\\\/2025\\\/05\\\/1747151120621CAVUSOGLU-OGRENCILER-2-scaled-740x420.jpg\",\"datePublished\":\"2025-05-13T16:40:47+00:00\",\"author\":{\"@id\":\"https:\\\/\\\/kibrisdakik.com\\\/#\\\/schema\\\/person\\\/9cd9d437bbb44f72b73ba127e06d8e79\"},\"breadcrumb\":{\"@id\":\"https:\\\/\\\/kibrisdakik.com\\\/?p=82201#breadcrumb\"},\"inLanguage\":\"tr\",\"potentialAction\":[{\"@type\":\"ReadAction\",\"target\":[\"https:\\\/\\\/kibrisdakik.com\\\/?p=82201\"]}]},{\"@type\":\"ImageObject\",\"inLanguage\":\"tr\",\"@id\":\"https:\\\/\\\/kibrisdakik.com\\\/?p=82201#primaryimage\",\"url\":\"https:\\\/\\\/kibrisdakik.com\\\/wp-content\\\/uploads\\\/2025\\\/05\\\/1747151120621CAVUSOGLU-OGRENCILER-2-scaled-740x420.jpg\",\"contentUrl\":\"https:\\\/\\\/kibrisdakik.com\\\/wp-content\\\/uploads\\\/2025\\\/05\\\/1747151120621CAVUSOGLU-OGRENCILER-2-scaled-740x420.jpg\",\"width\":2560,\"height\":1707},{\"@type\":\"BreadcrumbList\",\"@id\":\"https:\\\/\\\/kibrisdakik.com\\\/?p=82201#breadcrumb\",\"itemListElement\":[{\"@type\":\"ListItem\",\"position\":1,\"name\":\"Home\",\"item\":\"https:\\\/\\\/kibrisdakik.com\\\/\"},{\"@type\":\"ListItem\",\"position\":2,\"name\":\"\u00c7avu\u015fo\u011flu: \u201cA\u00d6A\u2019y\u0131 g\u00fc\u00e7lendirmek i\u00e7in \u00e7aba g\u00f6steriyoruz. \u00d6\u011frencilerle g\u00fczel bir uzla\u015f\u0131 sa\u011flad\u0131k\u201d\"}]},{\"@type\":\"WebSite\",\"@id\":\"https:\\\/\\\/kibrisdakik.com\\\/#website\",\"url\":\"https:\\\/\\\/kibrisdakik.com\\\/\",\"name\":\"\",\"description\":\"Tam vaktinde haber\",\"potentialAction\":[{\"@type\":\"SearchAction\",\"target\":{\"@type\":\"EntryPoint\",\"urlTemplate\":\"https:\\\/\\\/kibrisdakik.com\\\/?s={search_term_string}\"},\"query-input\":{\"@type\":\"PropertyValueSpecification\",\"valueRequired\":true,\"valueName\":\"search_term_string\"}}],\"inLanguage\":\"tr\"},{\"@type\":\"Person\",\"@id\":\"https:\\\/\\\/kibrisdakik.com\\\/#\\\/schema\\\/person\\\/9cd9d437bbb44f72b73ba127e06d8e79\",\"name\":\"admin\",\"image\":{\"@type\":\"ImageObject\",\"inLanguage\":\"tr\",\"@id\":\"https:\\\/\\\/secure.gravatar.com\\\/avatar\\\/ccc17943b9d660506c869530f897617f7cb1c21a4bf30023f252596d83e1f007?s=96&d=mm&r=g\",\"url\":\"https:\\\/\\\/secure.gravatar.com\\\/avatar\\\/ccc17943b9d660506c869530f897617f7cb1c21a4bf30023f252596d83e1f007?s=96&d=mm&r=g\",\"contentUrl\":\"https:\\\/\\\/secure.gravatar.com\\\/avatar\\\/ccc17943b9d660506c869530f897617f7cb1c21a4bf30023f252596d83e1f007?s=96&d=mm&r=g\",\"caption\":\"admin\"},\"sameAs\":[\"https:\\\/\\\/kibrisdakik.com\"],\"url\":\"https:\\\/\\\/kibrisdakik.com\\\/?author=1\"}]}<\/script>\n<!-- \/ Yoast SEO plugin. -->","yoast_head_json":{"title":"\u00c7avu\u015fo\u011flu: \u201cA\u00d6A\u2019y\u0131 g\u00fc\u00e7lendirmek i\u00e7in \u00e7aba g\u00f6steriyoruz. \u00d6\u011frencilerle g\u00fczel bir uzla\u015f\u0131 sa\u011flad\u0131k\u201d -","robots":{"index":"index","follow":"follow","max-snippet":"max-snippet:-1","max-image-preview":"max-image-preview:large","max-video-preview":"max-video-preview:-1"},"canonical":"https:\/\/kibrisdakik.com\/?p=82201","og_locale":"tr_TR","og_type":"article","og_title":"\u00c7avu\u015fo\u011flu: \u201cA\u00d6A\u2019y\u0131 g\u00fc\u00e7lendirmek i\u00e7in \u00e7aba g\u00f6steriyoruz. \u00d6\u011frencilerle g\u00fczel bir uzla\u015f\u0131 sa\u011flad\u0131k\u201d -","og_description":"Milli E\u011fitim Bakan\u0131 Naz\u0131m \u00c7avu\u015fo\u011flu, Atat\u00fcrk \u00d6\u011fretmen Akademisi\u2019ni (A\u00d6A) g\u00fc\u00e7lendirmek, altyap\u0131s\u0131n\u0131 geli\u015ftirmek, \u00f6\u011fretim kadrosunu \u00e7e\u015fitlendirmek ve \u00f6\u011fretmen adaylar\u0131n\u0131n donan\u0131mlar\u0131n\u0131 art\u0131rmak i\u00e7in uzun s\u00fcredir ciddi bir \u00e7aba i\u00e7inde olduklar\u0131n\u0131 s\u00f6yledi. A\u00d6A \u00f6\u011frencilerini \u00fczecek veya mesleki hayatlar\u0131n\u0131 s\u0131k\u0131nt\u0131ya sokacak herhangi bir davran\u0131\u015fta bulunmalar\u0131n\u0131n m\u00fcmk\u00fcn olmad\u0131\u011f\u0131n\u0131 belirten \u00c7avu\u015fo\u011flu, \u00f6\u011fretmen adaylar\u0131n\u0131n t\u00fcz\u00fck \u00e7al\u0131\u015fmalar\u0131 s\u00fcrecinde bilgilendirilmemesinin baz\u0131 yanl\u0131\u015f anla\u015f\u0131lmalara neden","og_url":"https:\/\/kibrisdakik.com\/?p=82201","article_published_time":"2025-05-13T16:40:47+00:00","og_image":[{"width":2560,"height":1707,"url":"https:\/\/kibrisdakik.com\/wp-content\/uploads\/2025\/05\/1747151120621CAVUSOGLU-OGRENCILER-2-scaled-740x420.jpg","type":"image\/jpeg"}],"author":"admin","twitter_card":"summary_large_image","twitter_misc":{"Yazan:":"admin","Tahmini okuma s\u00fcresi":"4 dakika"},"schema":{"@context":"https:\/\/schema.org","@graph":[{"@type":"Article","@id":"https:\/\/kibrisdakik.com\/?p=82201#article","isPartOf":{"@id":"https:\/\/kibrisdakik.com\/?p=82201"},"author":{"name":"admin","@id":"https:\/\/kibrisdakik.com\/#\/schema\/person\/9cd9d437bbb44f72b73ba127e06d8e79"},"headline":"\u00c7avu\u015fo\u011flu: \u201cA\u00d6A\u2019y\u0131 g\u00fc\u00e7lendirmek i\u00e7in \u00e7aba g\u00f6steriyoruz. \u00d6\u011frencilerle g\u00fczel bir uzla\u015f\u0131 sa\u011flad\u0131k\u201d","datePublished":"2025-05-13T16:40:47+00:00","mainEntityOfPage":{"@id":"https:\/\/kibrisdakik.com\/?p=82201"},"wordCount":788,"commentCount":0,"image":{"@id":"https:\/\/kibrisdakik.com\/?p=82201#primaryimage"},"thumbnailUrl":"https:\/\/kibrisdakik.com\/wp-content\/uploads\/2025\/05\/1747151120621CAVUSOGLU-OGRENCILER-2-scaled-740x420.jpg","articleSection":["K\u0131br\u0131s","Man\u015fet"],"inLanguage":"tr","potentialAction":[{"@type":"CommentAction","name":"Comment","target":["https:\/\/kibrisdakik.com\/?p=82201#respond"]}]},{"@type":"WebPage","@id":"https:\/\/kibrisdakik.com\/?p=82201","url":"https:\/\/kibrisdakik.com\/?p=82201","name":"\u00c7avu\u015fo\u011flu: \u201cA\u00d6A\u2019y\u0131 g\u00fc\u00e7lendirmek i\u00e7in \u00e7aba g\u00f6steriyoruz. \u00d6\u011frencilerle g\u00fczel bir uzla\u015f\u0131 sa\u011flad\u0131k\u201d -","isPartOf":{"@id":"https:\/\/kibrisdakik.com\/#website"},"primaryImageOfPage":{"@id":"https:\/\/kibrisdakik.com\/?p=82201#primaryimage"},"image":{"@id":"https:\/\/kibrisdakik.com\/?p=82201#primaryimage"},"thumbnailUrl":"https:\/\/kibrisdakik.com\/wp-content\/uploads\/2025\/05\/1747151120621CAVUSOGLU-OGRENCILER-2-scaled-740x420.jpg","datePublished":"2025-05-13T16:40:47+00:00","author":{"@id":"https:\/\/kibrisdakik.com\/#\/schema\/person\/9cd9d437bbb44f72b73ba127e06d8e79"},"breadcrumb":{"@id":"https:\/\/kibrisdakik.com\/?p=82201#breadcrumb"},"inLanguage":"tr","potentialAction":[{"@type":"ReadAction","target":["https:\/\/kibrisdakik.com\/?p=82201"]}]},{"@type":"ImageObject","inLanguage":"tr","@id":"https:\/\/kibrisdakik.com\/?p=82201#primaryimage","url":"https:\/\/kibrisdakik.com\/wp-content\/uploads\/2025\/05\/1747151120621CAVUSOGLU-OGRENCILER-2-scaled-740x420.jpg","contentUrl":"https:\/\/kibrisdakik.com\/wp-content\/uploads\/2025\/05\/1747151120621CAVUSOGLU-OGRENCILER-2-scaled-740x420.jpg","width":2560,"height":1707},{"@type":"BreadcrumbList","@id":"https:\/\/kibrisdakik.com\/?p=82201#breadcrumb","itemListElement":[{"@type":"ListItem","position":1,"name":"Home","item":"https:\/\/kibrisdakik.com\/"},{"@type":"ListItem","position":2,"name":"\u00c7avu\u015fo\u011flu: \u201cA\u00d6A\u2019y\u0131 g\u00fc\u00e7lendirmek i\u00e7in \u00e7aba g\u00f6steriyoruz. \u00d6\u011frencilerle g\u00fczel bir uzla\u015f\u0131 sa\u011flad\u0131k\u201d"}]},{"@type":"WebSite","@id":"https:\/\/kibrisdakik.com\/#website","url":"https:\/\/kibrisdakik.com\/","name":"","description":"Tam vaktinde haber","potentialAction":[{"@type":"SearchAction","target":{"@type":"EntryPoint","urlTemplate":"https:\/\/kibrisdakik.com\/?s={search_term_string}"},"query-input":{"@type":"PropertyValueSpecification","valueRequired":true,"valueName":"search_term_string"}}],"inLanguage":"tr"},{"@type":"Person","@id":"https:\/\/kibrisdakik.com\/#\/schema\/person\/9cd9d437bbb44f72b73ba127e06d8e79","name":"admin","image":{"@type":"ImageObject","inLanguage":"tr","@id":"https:\/\/secure.gravatar.com\/avatar\/ccc17943b9d660506c869530f897617f7cb1c21a4bf30023f252596d83e1f007?s=96&d=mm&r=g","url":"https:\/\/secure.gravatar.com\/avatar\/ccc17943b9d660506c869530f897617f7cb1c21a4bf30023f252596d83e1f007?s=96&d=mm&r=g","contentUrl":"https:\/\/secure.gravatar.com\/avatar\/ccc17943b9d660506c869530f897617f7cb1c21a4bf30023f252596d83e1f007?s=96&d=mm&r=g","caption":"admin"},"sameAs":["https:\/\/kibrisdakik.com"],"url":"https:\/\/kibrisdakik.com\/?author=1"}]}},"_links":{"self":[{"href":"https:\/\/kibrisdakik.com\/index.php?rest_route=\/wp\/v2\/posts\/82201","targetHints":{"allow":["GET"]}}],"collection":[{"href":"https:\/\/kibrisdakik.com\/index.php?rest_route=\/wp\/v2\/posts"}],"about":[{"href":"https:\/\/kibrisdakik.com\/index.php?rest_route=\/wp\/v2\/types\/post"}],"author":[{"embeddable":true,"href":"https:\/\/kibrisdakik.com\/index.php?rest_route=\/wp\/v2\/users\/1"}],"replies":[{"embeddable":true,"href":"https:\/\/kibrisdakik.com\/index.php?rest_route=%2Fwp%2Fv2%2Fcomments&post=82201"}],"version-history":[{"count":0,"href":"https:\/\/kibrisdakik.com\/index.php?rest_route=\/wp\/v2\/posts\/82201\/revisions"}],"wp:featuredmedia":[{"embeddable":true,"href":"https:\/\/kibrisdakik.com\/index.php?rest_route=\/wp\/v2\/media\/82202"}],"wp:attachment":[{"href":"https:\/\/kibrisdakik.com\/index.php?rest_route=%2Fwp%2Fv2%2Fmedia&parent=82201"}],"wp:term":[{"taxonomy":"category","embeddable":true,"href":"https:\/\/kibrisdakik.com\/index.php?rest_route=%2Fwp%2Fv2%2Fcategories&post=82201"},{"taxonomy":"post_tag","embeddable":true,"href":"https:\/\/kibrisdakik.com\/index.php?rest_route=%2Fwp%2Fv2%2Ftags&post=82201"}],"curies":[{"name":"wp","href":"https:\/\/api.w.org\/{rel}","templated":true}]}}