{"id":82209,"date":"2025-05-13T19:43:00","date_gmt":"2025-05-13T16:43:00","guid":{"rendered":"https:\/\/kibrisdakik.com\/index.php\/2025\/05\/13\/nato-genel-sekreteri-rutteden-cumhurbaskani-erdoganla-gorusmesine-iliskin-aciklama\/"},"modified":"2025-05-13T19:43:00","modified_gmt":"2025-05-13T16:43:00","slug":"nato-genel-sekreteri-rutteden-cumhurbaskani-erdoganla-gorusmesine-iliskin-aciklama","status":"publish","type":"post","link":"https:\/\/kibrisdakik.com\/?p=82209","title":{"rendered":"NATO Genel Sekreteri Rutte\u2019den Cumhurba\u015fkan\u0131 Erdo\u011fan\u2019la g\u00f6r\u00fc\u015fmesine ili\u015fkin a\u00e7\u0131klama"},"content":{"rendered":"<p><\/p>\n<div>\n<div class=\"mariselle-image-container center\">\n                <img loading=\"lazy\" decoding=\"async\" width=\"864\" height=\"486\" class=\"lazy-image\" alt=\"\" sizes=\"auto, (max-width: 864px) 100vw, 864px\" src=\"https:\/\/brtk.net\/wp-content\/uploads\/2025\/05\/13\/1747150732722E.jpg?ver=7860081ae95dae42b570ab24666241bc\" srcset=\"https:\/\/brtk.net\/wp-content\/uploads\/2025\/05\/13\/1747150732722E.jpg?ver=7860081ae95dae42b570ab24666241bc 864w, https:\/\/brtk.net\/wp-content\/uploads\/2025\/05\/13\/1747150732722E-300x169.jpg?ver=4036b3ec2435b3180d020cd496fd780c 300w, https:\/\/brtk.net\/wp-content\/uploads\/2025\/05\/13\/1747150732722E-768x432.jpg?ver=4036b3ec2435b3180d020cd496fd780c 768w\"\/>                            <\/div>\n<p>NATO Genel Sekreteri Mark Rutte, Cumhurba\u015fkan\u0131 Recep Tayyip Erdo\u011fan ile g\u00f6r\u00fc\u015fmesinin ard\u0131ndan yapt\u0131\u011f\u0131 a\u00e7\u0131klamada, \u201cT\u00fcrkiye sa\u011flam, yetenekli bir m\u00fcttefik. Bar\u0131\u015f i\u00e7in ger\u00e7ek bir f\u0131rsat\u0131n do\u011fdu\u011fu Ukrayna\u2019y\u0131 da konu\u015ftuk.\u201d ifadelerini kulland\u0131.<\/p>\n<p>Rutte, 14-15 May\u0131s\u2019ta Antalya\u2019da d\u00fczenlenecek NATO D\u0131\u015fi\u015fleri Bakanlar\u0131 gayriresmi toplant\u0131s\u0131 \u00f6ncesinde Cumhurba\u015fkan\u0131 Erdo\u011fan ile Ankara\u2019da ger\u00e7ekle\u015ftirdi\u011fi g\u00f6r\u00fc\u015fmenin ard\u0131ndan sosyal medya hesab\u0131ndan a\u00e7\u0131klama yapt\u0131.<\/p>\n<p>Erdo\u011fan ile Hollanda\u2019n\u0131n Lahey kentinde gelecek ay yap\u0131lacak NATO Zirvesi haz\u0131rl\u0131klar\u0131yla ilgili \u00f6nemli bir g\u00f6r\u00fc\u015fme yapt\u0131\u011f\u0131n\u0131 ifade eden Rutte, \u201cT\u00fcrkiye sa\u011flam ve yetenekli bir m\u00fcttefik. (Cumhurba\u015fkan\u0131 Erdo\u011fan ile) Bar\u0131\u015f i\u00e7in ger\u00e7ek bir f\u0131rsat\u0131n do\u011fdu\u011fu Ukrayna\u2019y\u0131 da konu\u015ftuk.\u201d de\u011ferlendirmesini yapt\u0131.<\/p>\n<p>Cumhurba\u015fkanl\u0131\u011f\u0131 \u0130leti\u015fim Ba\u015fkanl\u0131\u011f\u0131ndan g\u00f6r\u00fc\u015fmeye dair yap\u0131lan a\u00e7\u0131klamada da T\u00fcrkiye ile NATO ili\u015fkileri, Ukrayna-Rusya Sava\u015f\u0131 ile ilgili geli\u015fmeler, b\u00f6lgesel ve k\u00fcresel konular\u0131n ele al\u0131nd\u0131\u011f\u0131 bildirilmi\u015fti.<\/p>\n<p>Erdo\u011fan\u2019\u0131n, T\u00fcrkiye\u2019nin Ukrayna-Rusya Sava\u015f\u0131\u2019nda kapsaml\u0131 ate\u015fkesin tesisini g\u00fc\u00e7l\u00fc \u015fekilde destekledi\u011fi ve NATO\u2019nun bu sava\u015f\u0131n par\u00e7as\u0131 olmamas\u0131 y\u00f6n\u00fcndeki tutumunu muhafaza etti\u011fi, bar\u0131\u015f f\u0131rsat\u0131n\u0131n ka\u00e7\u0131r\u0131lmamas\u0131 gerekti\u011fini dile getirdi\u011fi belirtilmi\u015fti.<\/p>\n<\/p><\/div>\n<p><script async\n                    defer\n                    crossorigin=\"anonymous\"\n                    src=\"https:\/\/connect.facebook.net\/tr_TR\/sdk.js#xfbml=1&#038;version=v3.3\"\n            ><\/script><\/p>\n","protected":false},"excerpt":{"rendered":"<p>NATO Genel Sekreteri Mark Rutte, Cumhurba\u015fkan\u0131 Recep Tayyip Erdo\u011fan ile g\u00f6r\u00fc\u015fmesinin ard\u0131ndan yapt\u0131\u011f\u0131 a\u00e7\u0131klamada, \u201cT\u00fcrkiye sa\u011flam, yetenekli bir m\u00fcttefik. Bar\u0131\u015f i\u00e7in ger\u00e7ek bir f\u0131rsat\u0131n do\u011fdu\u011fu Ukrayna\u2019y\u0131 da konu\u015ftuk.\u201d ifadelerini kulland\u0131. Rutte, 14-15 May\u0131s\u2019ta Antalya\u2019da d\u00fczenlenecek NATO D\u0131\u015fi\u015fleri Bakanlar\u0131 gayriresmi toplant\u0131s\u0131 \u00f6ncesinde Cumhurba\u015fkan\u0131 Erdo\u011fan ile Ankara\u2019da ger\u00e7ekle\u015ftirdi\u011fi g\u00f6r\u00fc\u015fmenin ard\u0131ndan sosyal medya hesab\u0131ndan a\u00e7\u0131klama yapt\u0131. Erdo\u011fan ile<\/p>\n","protected":false},"author":1,"featured_media":82210,"comment_status":"open","ping_status":"open","sticky":false,"template":"","format":"standard","meta":{"footnotes":""},"categories":[1],"tags":[],"class_list":["post-82209","post","type-post","status-publish","format-standard","has-post-thumbnail","hentry","category-gundem"],"yoast_head":"<!-- This site is optimized with the Yoast SEO plugin v27.5 - https:\/\/yoast.com\/product\/yoast-seo-wordpress\/ -->\n<title>NATO Genel Sekreteri Rutte\u2019den Cumhurba\u015fkan\u0131 Erdo\u011fan\u2019la g\u00f6r\u00fc\u015fmesine ili\u015fkin a\u00e7\u0131klama -<\/title>\n<meta name=\"robots\" content=\"index, follow, max-snippet:-1, max-image-preview:large, max-video-preview:-1\" \/>\n<link rel=\"canonical\" href=\"https:\/\/kibrisdakik.com\/?p=82209\" \/>\n<meta property=\"og:locale\" content=\"tr_TR\" \/>\n<meta property=\"og:type\" content=\"article\" \/>\n<meta property=\"og:title\" content=\"NATO Genel Sekreteri Rutte\u2019den Cumhurba\u015fkan\u0131 Erdo\u011fan\u2019la g\u00f6r\u00fc\u015fmesine ili\u015fkin a\u00e7\u0131klama -\" \/>\n<meta property=\"og:description\" content=\"NATO Genel Sekreteri Mark Rutte, Cumhurba\u015fkan\u0131 Recep Tayyip Erdo\u011fan ile g\u00f6r\u00fc\u015fmesinin ard\u0131ndan yapt\u0131\u011f\u0131 a\u00e7\u0131klamada, \u201cT\u00fcrkiye sa\u011flam, yetenekli bir m\u00fcttefik. Bar\u0131\u015f i\u00e7in ger\u00e7ek bir f\u0131rsat\u0131n do\u011fdu\u011fu Ukrayna\u2019y\u0131 da konu\u015ftuk.\u201d ifadelerini kulland\u0131. Rutte, 14-15 May\u0131s\u2019ta Antalya\u2019da d\u00fczenlenecek NATO D\u0131\u015fi\u015fleri Bakanlar\u0131 gayriresmi toplant\u0131s\u0131 \u00f6ncesinde Cumhurba\u015fkan\u0131 Erdo\u011fan ile Ankara\u2019da ger\u00e7ekle\u015ftirdi\u011fi g\u00f6r\u00fc\u015fmenin ard\u0131ndan sosyal medya hesab\u0131ndan a\u00e7\u0131klama yapt\u0131. Erdo\u011fan ile\" \/>\n<meta property=\"og:url\" content=\"https:\/\/kibrisdakik.com\/?p=82209\" \/>\n<meta property=\"article:published_time\" content=\"2025-05-13T16:43:00+00:00\" \/>\n<meta property=\"og:image\" content=\"https:\/\/kibrisdakik.com\/wp-content\/uploads\/2025\/05\/1747150732722E-740x420.jpg\" \/>\n\t<meta property=\"og:image:width\" content=\"864\" \/>\n\t<meta property=\"og:image:height\" content=\"486\" \/>\n\t<meta property=\"og:image:type\" content=\"image\/jpeg\" \/>\n<meta name=\"author\" content=\"admin\" \/>\n<meta name=\"twitter:card\" content=\"summary_large_image\" \/>\n<meta name=\"twitter:label1\" content=\"Yazan:\" \/>\n\t<meta name=\"twitter:data1\" content=\"admin\" \/>\n\t<meta name=\"twitter:label2\" content=\"Tahmini okuma s\u00fcresi\" \/>\n\t<meta name=\"twitter:data2\" content=\"1 dakika\" \/>\n<script type=\"application\/ld+json\" class=\"yoast-schema-graph\">{\"@context\":\"https:\\\/\\\/schema.org\",\"@graph\":[{\"@type\":\"Article\",\"@id\":\"https:\\\/\\\/kibrisdakik.com\\\/?p=82209#article\",\"isPartOf\":{\"@id\":\"https:\\\/\\\/kibrisdakik.com\\\/?p=82209\"},\"author\":{\"name\":\"admin\",\"@id\":\"https:\\\/\\\/kibrisdakik.com\\\/#\\\/schema\\\/person\\\/9cd9d437bbb44f72b73ba127e06d8e79\"},\"headline\":\"NATO Genel Sekreteri Rutte\u2019den Cumhurba\u015fkan\u0131 Erdo\u011fan\u2019la g\u00f6r\u00fc\u015fmesine ili\u015fkin a\u00e7\u0131klama\",\"datePublished\":\"2025-05-13T16:43:00+00:00\",\"mainEntityOfPage\":{\"@id\":\"https:\\\/\\\/kibrisdakik.com\\\/?p=82209\"},\"wordCount\":257,\"commentCount\":0,\"image\":{\"@id\":\"https:\\\/\\\/kibrisdakik.com\\\/?p=82209#primaryimage\"},\"thumbnailUrl\":\"https:\\\/\\\/kibrisdakik.com\\\/wp-content\\\/uploads\\\/2025\\\/05\\\/1747150732722E-740x420.jpg\",\"articleSection\":[\"G\u00fcndem\"],\"inLanguage\":\"tr\",\"potentialAction\":[{\"@type\":\"CommentAction\",\"name\":\"Comment\",\"target\":[\"https:\\\/\\\/kibrisdakik.com\\\/?p=82209#respond\"]}]},{\"@type\":\"WebPage\",\"@id\":\"https:\\\/\\\/kibrisdakik.com\\\/?p=82209\",\"url\":\"https:\\\/\\\/kibrisdakik.com\\\/?p=82209\",\"name\":\"NATO Genel Sekreteri Rutte\u2019den Cumhurba\u015fkan\u0131 Erdo\u011fan\u2019la g\u00f6r\u00fc\u015fmesine ili\u015fkin a\u00e7\u0131klama -\",\"isPartOf\":{\"@id\":\"https:\\\/\\\/kibrisdakik.com\\\/#website\"},\"primaryImageOfPage\":{\"@id\":\"https:\\\/\\\/kibrisdakik.com\\\/?p=82209#primaryimage\"},\"image\":{\"@id\":\"https:\\\/\\\/kibrisdakik.com\\\/?p=82209#primaryimage\"},\"thumbnailUrl\":\"https:\\\/\\\/kibrisdakik.com\\\/wp-content\\\/uploads\\\/2025\\\/05\\\/1747150732722E-740x420.jpg\",\"datePublished\":\"2025-05-13T16:43:00+00:00\",\"author\":{\"@id\":\"https:\\\/\\\/kibrisdakik.com\\\/#\\\/schema\\\/person\\\/9cd9d437bbb44f72b73ba127e06d8e79\"},\"breadcrumb\":{\"@id\":\"https:\\\/\\\/kibrisdakik.com\\\/?p=82209#breadcrumb\"},\"inLanguage\":\"tr\",\"potentialAction\":[{\"@type\":\"ReadAction\",\"target\":[\"https:\\\/\\\/kibrisdakik.com\\\/?p=82209\"]}]},{\"@type\":\"ImageObject\",\"inLanguage\":\"tr\",\"@id\":\"https:\\\/\\\/kibrisdakik.com\\\/?p=82209#primaryimage\",\"url\":\"https:\\\/\\\/kibrisdakik.com\\\/wp-content\\\/uploads\\\/2025\\\/05\\\/1747150732722E-740x420.jpg\",\"contentUrl\":\"https:\\\/\\\/kibrisdakik.com\\\/wp-content\\\/uploads\\\/2025\\\/05\\\/1747150732722E-740x420.jpg\",\"width\":864,\"height\":486},{\"@type\":\"BreadcrumbList\",\"@id\":\"https:\\\/\\\/kibrisdakik.com\\\/?p=82209#breadcrumb\",\"itemListElement\":[{\"@type\":\"ListItem\",\"position\":1,\"name\":\"Home\",\"item\":\"https:\\\/\\\/kibrisdakik.com\\\/\"},{\"@type\":\"ListItem\",\"position\":2,\"name\":\"NATO Genel Sekreteri Rutte\u2019den Cumhurba\u015fkan\u0131 Erdo\u011fan\u2019la g\u00f6r\u00fc\u015fmesine ili\u015fkin a\u00e7\u0131klama\"}]},{\"@type\":\"WebSite\",\"@id\":\"https:\\\/\\\/kibrisdakik.com\\\/#website\",\"url\":\"https:\\\/\\\/kibrisdakik.com\\\/\",\"name\":\"\",\"description\":\"Tam vaktinde haber\",\"potentialAction\":[{\"@type\":\"SearchAction\",\"target\":{\"@type\":\"EntryPoint\",\"urlTemplate\":\"https:\\\/\\\/kibrisdakik.com\\\/?s={search_term_string}\"},\"query-input\":{\"@type\":\"PropertyValueSpecification\",\"valueRequired\":true,\"valueName\":\"search_term_string\"}}],\"inLanguage\":\"tr\"},{\"@type\":\"Person\",\"@id\":\"https:\\\/\\\/kibrisdakik.com\\\/#\\\/schema\\\/person\\\/9cd9d437bbb44f72b73ba127e06d8e79\",\"name\":\"admin\",\"image\":{\"@type\":\"ImageObject\",\"inLanguage\":\"tr\",\"@id\":\"https:\\\/\\\/secure.gravatar.com\\\/avatar\\\/ccc17943b9d660506c869530f897617f7cb1c21a4bf30023f252596d83e1f007?s=96&d=mm&r=g\",\"url\":\"https:\\\/\\\/secure.gravatar.com\\\/avatar\\\/ccc17943b9d660506c869530f897617f7cb1c21a4bf30023f252596d83e1f007?s=96&d=mm&r=g\",\"contentUrl\":\"https:\\\/\\\/secure.gravatar.com\\\/avatar\\\/ccc17943b9d660506c869530f897617f7cb1c21a4bf30023f252596d83e1f007?s=96&d=mm&r=g\",\"caption\":\"admin\"},\"sameAs\":[\"https:\\\/\\\/kibrisdakik.com\"],\"url\":\"https:\\\/\\\/kibrisdakik.com\\\/?author=1\"}]}<\/script>\n<!-- \/ Yoast SEO plugin. -->","yoast_head_json":{"title":"NATO Genel Sekreteri Rutte\u2019den Cumhurba\u015fkan\u0131 Erdo\u011fan\u2019la g\u00f6r\u00fc\u015fmesine ili\u015fkin a\u00e7\u0131klama -","robots":{"index":"index","follow":"follow","max-snippet":"max-snippet:-1","max-image-preview":"max-image-preview:large","max-video-preview":"max-video-preview:-1"},"canonical":"https:\/\/kibrisdakik.com\/?p=82209","og_locale":"tr_TR","og_type":"article","og_title":"NATO Genel Sekreteri Rutte\u2019den Cumhurba\u015fkan\u0131 Erdo\u011fan\u2019la g\u00f6r\u00fc\u015fmesine ili\u015fkin a\u00e7\u0131klama -","og_description":"NATO Genel Sekreteri Mark Rutte, Cumhurba\u015fkan\u0131 Recep Tayyip Erdo\u011fan ile g\u00f6r\u00fc\u015fmesinin ard\u0131ndan yapt\u0131\u011f\u0131 a\u00e7\u0131klamada, \u201cT\u00fcrkiye sa\u011flam, yetenekli bir m\u00fcttefik. Bar\u0131\u015f i\u00e7in ger\u00e7ek bir f\u0131rsat\u0131n do\u011fdu\u011fu Ukrayna\u2019y\u0131 da konu\u015ftuk.\u201d ifadelerini kulland\u0131. Rutte, 14-15 May\u0131s\u2019ta Antalya\u2019da d\u00fczenlenecek NATO D\u0131\u015fi\u015fleri Bakanlar\u0131 gayriresmi toplant\u0131s\u0131 \u00f6ncesinde Cumhurba\u015fkan\u0131 Erdo\u011fan ile Ankara\u2019da ger\u00e7ekle\u015ftirdi\u011fi g\u00f6r\u00fc\u015fmenin ard\u0131ndan sosyal medya hesab\u0131ndan a\u00e7\u0131klama yapt\u0131. Erdo\u011fan ile","og_url":"https:\/\/kibrisdakik.com\/?p=82209","article_published_time":"2025-05-13T16:43:00+00:00","og_image":[{"width":864,"height":486,"url":"https:\/\/kibrisdakik.com\/wp-content\/uploads\/2025\/05\/1747150732722E-740x420.jpg","type":"image\/jpeg"}],"author":"admin","twitter_card":"summary_large_image","twitter_misc":{"Yazan:":"admin","Tahmini okuma s\u00fcresi":"1 dakika"},"schema":{"@context":"https:\/\/schema.org","@graph":[{"@type":"Article","@id":"https:\/\/kibrisdakik.com\/?p=82209#article","isPartOf":{"@id":"https:\/\/kibrisdakik.com\/?p=82209"},"author":{"name":"admin","@id":"https:\/\/kibrisdakik.com\/#\/schema\/person\/9cd9d437bbb44f72b73ba127e06d8e79"},"headline":"NATO Genel Sekreteri Rutte\u2019den Cumhurba\u015fkan\u0131 Erdo\u011fan\u2019la g\u00f6r\u00fc\u015fmesine ili\u015fkin a\u00e7\u0131klama","datePublished":"2025-05-13T16:43:00+00:00","mainEntityOfPage":{"@id":"https:\/\/kibrisdakik.com\/?p=82209"},"wordCount":257,"commentCount":0,"image":{"@id":"https:\/\/kibrisdakik.com\/?p=82209#primaryimage"},"thumbnailUrl":"https:\/\/kibrisdakik.com\/wp-content\/uploads\/2025\/05\/1747150732722E-740x420.jpg","articleSection":["G\u00fcndem"],"inLanguage":"tr","potentialAction":[{"@type":"CommentAction","name":"Comment","target":["https:\/\/kibrisdakik.com\/?p=82209#respond"]}]},{"@type":"WebPage","@id":"https:\/\/kibrisdakik.com\/?p=82209","url":"https:\/\/kibrisdakik.com\/?p=82209","name":"NATO Genel Sekreteri Rutte\u2019den Cumhurba\u015fkan\u0131 Erdo\u011fan\u2019la g\u00f6r\u00fc\u015fmesine ili\u015fkin a\u00e7\u0131klama -","isPartOf":{"@id":"https:\/\/kibrisdakik.com\/#website"},"primaryImageOfPage":{"@id":"https:\/\/kibrisdakik.com\/?p=82209#primaryimage"},"image":{"@id":"https:\/\/kibrisdakik.com\/?p=82209#primaryimage"},"thumbnailUrl":"https:\/\/kibrisdakik.com\/wp-content\/uploads\/2025\/05\/1747150732722E-740x420.jpg","datePublished":"2025-05-13T16:43:00+00:00","author":{"@id":"https:\/\/kibrisdakik.com\/#\/schema\/person\/9cd9d437bbb44f72b73ba127e06d8e79"},"breadcrumb":{"@id":"https:\/\/kibrisdakik.com\/?p=82209#breadcrumb"},"inLanguage":"tr","potentialAction":[{"@type":"ReadAction","target":["https:\/\/kibrisdakik.com\/?p=82209"]}]},{"@type":"ImageObject","inLanguage":"tr","@id":"https:\/\/kibrisdakik.com\/?p=82209#primaryimage","url":"https:\/\/kibrisdakik.com\/wp-content\/uploads\/2025\/05\/1747150732722E-740x420.jpg","contentUrl":"https:\/\/kibrisdakik.com\/wp-content\/uploads\/2025\/05\/1747150732722E-740x420.jpg","width":864,"height":486},{"@type":"BreadcrumbList","@id":"https:\/\/kibrisdakik.com\/?p=82209#breadcrumb","itemListElement":[{"@type":"ListItem","position":1,"name":"Home","item":"https:\/\/kibrisdakik.com\/"},{"@type":"ListItem","position":2,"name":"NATO Genel Sekreteri Rutte\u2019den Cumhurba\u015fkan\u0131 Erdo\u011fan\u2019la g\u00f6r\u00fc\u015fmesine ili\u015fkin a\u00e7\u0131klama"}]},{"@type":"WebSite","@id":"https:\/\/kibrisdakik.com\/#website","url":"https:\/\/kibrisdakik.com\/","name":"","description":"Tam vaktinde haber","potentialAction":[{"@type":"SearchAction","target":{"@type":"EntryPoint","urlTemplate":"https:\/\/kibrisdakik.com\/?s={search_term_string}"},"query-input":{"@type":"PropertyValueSpecification","valueRequired":true,"valueName":"search_term_string"}}],"inLanguage":"tr"},{"@type":"Person","@id":"https:\/\/kibrisdakik.com\/#\/schema\/person\/9cd9d437bbb44f72b73ba127e06d8e79","name":"admin","image":{"@type":"ImageObject","inLanguage":"tr","@id":"https:\/\/secure.gravatar.com\/avatar\/ccc17943b9d660506c869530f897617f7cb1c21a4bf30023f252596d83e1f007?s=96&d=mm&r=g","url":"https:\/\/secure.gravatar.com\/avatar\/ccc17943b9d660506c869530f897617f7cb1c21a4bf30023f252596d83e1f007?s=96&d=mm&r=g","contentUrl":"https:\/\/secure.gravatar.com\/avatar\/ccc17943b9d660506c869530f897617f7cb1c21a4bf30023f252596d83e1f007?s=96&d=mm&r=g","caption":"admin"},"sameAs":["https:\/\/kibrisdakik.com"],"url":"https:\/\/kibrisdakik.com\/?author=1"}]}},"_links":{"self":[{"href":"https:\/\/kibrisdakik.com\/index.php?rest_route=\/wp\/v2\/posts\/82209","targetHints":{"allow":["GET"]}}],"collection":[{"href":"https:\/\/kibrisdakik.com\/index.php?rest_route=\/wp\/v2\/posts"}],"about":[{"href":"https:\/\/kibrisdakik.com\/index.php?rest_route=\/wp\/v2\/types\/post"}],"author":[{"embeddable":true,"href":"https:\/\/kibrisdakik.com\/index.php?rest_route=\/wp\/v2\/users\/1"}],"replies":[{"embeddable":true,"href":"https:\/\/kibrisdakik.com\/index.php?rest_route=%2Fwp%2Fv2%2Fcomments&post=82209"}],"version-history":[{"count":0,"href":"https:\/\/kibrisdakik.com\/index.php?rest_route=\/wp\/v2\/posts\/82209\/revisions"}],"wp:featuredmedia":[{"embeddable":true,"href":"https:\/\/kibrisdakik.com\/index.php?rest_route=\/wp\/v2\/media\/82210"}],"wp:attachment":[{"href":"https:\/\/kibrisdakik.com\/index.php?rest_route=%2Fwp%2Fv2%2Fmedia&parent=82209"}],"wp:term":[{"taxonomy":"category","embeddable":true,"href":"https:\/\/kibrisdakik.com\/index.php?rest_route=%2Fwp%2Fv2%2Fcategories&post=82209"},{"taxonomy":"post_tag","embeddable":true,"href":"https:\/\/kibrisdakik.com\/index.php?rest_route=%2Fwp%2Fv2%2Ftags&post=82209"}],"curies":[{"name":"wp","href":"https:\/\/api.w.org\/{rel}","templated":true}]}}