{"id":82290,"date":"2025-05-14T17:37:00","date_gmt":"2025-05-14T14:37:00","guid":{"rendered":"https:\/\/kibrisdakik.com\/index.php\/2025\/05\/14\/girisim-onculeri-ilham-bulusmasi-gikad-ev-sahipliginde-kktcde-gerceklestirildi\/"},"modified":"2025-05-14T17:37:00","modified_gmt":"2025-05-14T14:37:00","slug":"girisim-onculeri-ilham-bulusmasi-gikad-ev-sahipliginde-kktcde-gerceklestirildi","status":"publish","type":"post","link":"https:\/\/kibrisdakik.com\/?p=82290","title":{"rendered":"\u201cGiri\u015fim \u00d6nc\u00fcleri \u0130lham Bulu\u015fmas\u0131\u201d,  G\u0130KAD ev sahipli\u011finde KKTC\u2019de ger\u00e7ekle\u015ftirildi"},"content":{"rendered":"<div>\n<div class=\"mariselle-image-container center\">\n                                            <\/div>\n<p>Alarko Holding ve Habitat Derne\u011fi\u2019nin ortakla\u015fa y\u00fcr\u00fctt\u00fc\u011f\u00fc \u201cGiri\u015fim \u00d6nc\u00fcleri Projesi\u201d kapsam\u0131nda, Giri\u015fimci Kad\u0131nlar Derne\u011fi (G\u0130KAD) ev sahipli\u011finde anlaml\u0131 bir bulu\u015fma ger\u00e7ekle\u015fti. \u201cGiri\u015fim \u00d6nc\u00fcleri \u0130lham Bulu\u015fmas\u0131\u201d, Acapulco Otel\u2019de d\u00fczenlenerek ba\u015far\u0131l\u0131 kad\u0131n giri\u015fimcileri ve bu alana yeni ad\u0131m atan kad\u0131nlar\u0131 bir araya getirdi.<\/p>\n<p>Etkinli\u011fin a\u00e7\u0131l\u0131\u015f konu\u015fmas\u0131n\u0131 yapan G\u0130KAD Y\u00f6netim Kurulu Ba\u015fkan\u0131 \u0130\u00e7im \u00c7a\u011f\u0131ner Kavuklu, K\u0131br\u0131sl\u0131 T\u00fcrklerin zorlu ekonomik ko\u015fullara ra\u011fmen giri\u015fimcilik ruhunu korudu\u011funu vurgulad\u0131. Kavuklu, kad\u0131n giri\u015fimcili\u011finin sadece bir e\u015fitlik meselesi olmad\u0131\u011f\u0131n\u0131, ayn\u0131 zamanda toplumsal g\u00fc\u00e7lenme i\u00e7in bir gereklilik oldu\u011funu ifade etti. G\u0130KAD\u2019\u0131n sosyo-ekonomik, ye\u015fil ve dijital d\u00f6n\u00fc\u015f\u00fcmde kad\u0131nlar\u0131n \u00f6nc\u00fc rol oynamas\u0131 i\u00e7in \u00e7al\u0131\u015ft\u0131\u011f\u0131n\u0131 belirten Kavuklu, Giri\u015fim \u00d6nc\u00fcleri Projesi\u2019nin bu hedefe ula\u015fmada \u00f6nemli bir ad\u0131m oldu\u011funu s\u00f6yledi.<\/p>\n<p>Habitat Derne\u011fi \u0130cra Kurulu Ba\u015fkan\u0131 Bora Caldu ise K\u0131br\u0131s\u2019ta bulunmaktan duydu\u011fu memnuniyeti dile getirerek, G\u0130KAD ile olan i\u015f birli\u011finin \u00f6nemine dikkat \u00e7ekti. Caldu, 30 y\u0131ll\u0131k deneyimleriyle bu i\u015f birli\u011fine her t\u00fcrl\u00fc katk\u0131y\u0131 vermeye haz\u0131r olduklar\u0131n\u0131 ifade etti. Projenin \u00fc\u00e7\u00fcnc\u00fc y\u0131l\u0131na ula\u015ft\u0131\u011f\u0131n\u0131 hat\u0131rlatan Caldu, kad\u0131n giri\u015fimcilerin g\u00fc\u00e7lenmesine y\u00f6nelik \u00e7al\u0131\u015fmalar\u0131n geni\u015fleyerek devam etti\u011fini belirtti.<\/p>\n<div class=\"mariselle-image-container center\">\n                <img loading=\"lazy\" decoding=\"async\" width=\"2560\" height=\"1706\" class=\"lazy-image\" alt=\"\" sizes=\"auto, (max-width: 2560px) 100vw, 2560px\" src=\"https:\/\/brtk.net\/wp-content\/uploads\/2025\/05\/14\/53523.jpg?ver=a9316e9e274ab1864f5fa16525c8d266\" srcset=\"https:\/\/brtk.net\/wp-content\/uploads\/2025\/05\/14\/53523.jpg?ver=a9316e9e274ab1864f5fa16525c8d266 2560w, https:\/\/brtk.net\/wp-content\/uploads\/2025\/05\/14\/53523-300x200.jpg?ver=a9316e9e274ab1864f5fa16525c8d266 300w, https:\/\/brtk.net\/wp-content\/uploads\/2025\/05\/14\/53523-1024x682.jpg?ver=a9316e9e274ab1864f5fa16525c8d266 1024w, https:\/\/brtk.net\/wp-content\/uploads\/2025\/05\/14\/53523-768x512.jpg?ver=804654f7f546b6dfcc99888f4db87602 768w, https:\/\/brtk.net\/wp-content\/uploads\/2025\/05\/14\/53523-1536x1024.jpg?ver=cf2de85364d365b20ca687ff322d1af2 1536w, https:\/\/brtk.net\/wp-content\/uploads\/2025\/05\/14\/53523-2048x1365.jpg?ver=c235c825916e85fcfce3e08496c12939 2048w\"\/>                            <\/div>\n<p>\nEtkinlikte konu\u015fan Cumhuriyet Meclisi Ba\u015fkan\u0131 Ziya \u00d6zt\u00fcrkler, kad\u0131nlar\u0131n ekonomik hayattaki rol\u00fcn\u00fcn ve giri\u015fimcilik ekosisteminin \u00fclke i\u00e7in ta\u015f\u0131d\u0131\u011f\u0131 b\u00fcy\u00fck \u00f6neme de\u011findi. \u00d6zt\u00fcrkler, giri\u015fimcili\u011fin kalk\u0131nman\u0131n ve k\u00fcresel rekabetin temel unsurlar\u0131ndan biri oldu\u011funu vurgulayarak, bu t\u00fcr bulu\u015fmalar\u0131n gelece\u011fe at\u0131lan \u00f6nemli ad\u0131mlar oldu\u011funu s\u00f6yledi.<\/p>\n<p>Programda  \u201cMarka, S\u00fcrd\u00fcr\u00fclebilirlik, Gelecek\u201d ba\u015fl\u0131kl\u0131 bir sunum ger\u00e7ekle\u015ftirilip, \u201cKad\u0131n Giri\u015fimcili\u011finde K\u00f6pr\u00fcler Kurmak\u201d  konulu panel d\u00fczenlendi. Panele, Alarko Holding Kurumsal \u0130leti\u015fim M\u00fcd\u00fcr\u00fc Esra Sokullu De\u011ferli, \u00d6zge Makine kurucusu \u00d6zge Kartal ve Habitat Derne\u011fi Kapsay\u0131c\u0131 B\u00fcy\u00fcme Program\u0131 Direkt\u00f6r\u00fc U\u011furcan Top kat\u0131larak deneyimlerini payla\u015ft\u0131lar.<\/p>\n<p>Etkinli\u011fin sabah b\u00f6l\u00fcm\u00fcnde ise 80 gen\u00e7 kad\u0131n giri\u015fimci aday\u0131 i\u00e7in m\u00fc\u015fteri odakl\u0131 bir at\u00f6lye \u00e7al\u0131\u015fmas\u0131 yap\u0131ld\u0131. Bulu\u015fma, kad\u0131n giri\u015fimciler aras\u0131nda i\u015f birli\u011fini g\u00fc\u00e7lendiren bir networking oturumu ile sona erdi.<\/p>\n<\/p><\/div>\n<p><script async\n                    defer\n                    crossorigin=\"anonymous\"\n                    src=\"https:\/\/connect.facebook.net\/tr_TR\/sdk.js#xfbml=1&#038;version=v3.3\"\n            ><\/script><\/p>\n","protected":false},"excerpt":{"rendered":"<p>Alarko Holding ve Habitat Derne\u011fi\u2019nin ortakla\u015fa y\u00fcr\u00fctt\u00fc\u011f\u00fc \u201cGiri\u015fim \u00d6nc\u00fcleri Projesi\u201d kapsam\u0131nda, Giri\u015fimci Kad\u0131nlar Derne\u011fi (G\u0130KAD) ev sahipli\u011finde anlaml\u0131 bir bulu\u015fma ger\u00e7ekle\u015fti. \u201cGiri\u015fim \u00d6nc\u00fcleri \u0130lham Bulu\u015fmas\u0131\u201d, Acapulco Otel\u2019de d\u00fczenlenerek ba\u015far\u0131l\u0131 kad\u0131n giri\u015fimcileri ve bu alana yeni ad\u0131m atan kad\u0131nlar\u0131 bir araya getirdi. Etkinli\u011fin a\u00e7\u0131l\u0131\u015f konu\u015fmas\u0131n\u0131 yapan G\u0130KAD Y\u00f6netim Kurulu Ba\u015fkan\u0131 \u0130\u00e7im \u00c7a\u011f\u0131ner Kavuklu, K\u0131br\u0131sl\u0131 T\u00fcrklerin zorlu<\/p>\n","protected":false},"author":1,"featured_media":82291,"comment_status":"open","ping_status":"open","sticky":false,"template":"","format":"standard","meta":{"footnotes":""},"categories":[81,101],"tags":[],"class_list":["post-82290","post","type-post","status-publish","format-standard","has-post-thumbnail","hentry","category-kibris","category-manset"],"yoast_head":"<!-- This site is optimized with the Yoast SEO plugin v27.5 - https:\/\/yoast.com\/product\/yoast-seo-wordpress\/ -->\n<title>\u201cGiri\u015fim \u00d6nc\u00fcleri \u0130lham Bulu\u015fmas\u0131\u201d, G\u0130KAD ev sahipli\u011finde KKTC\u2019de ger\u00e7ekle\u015ftirildi -<\/title>\n<meta name=\"robots\" content=\"index, follow, max-snippet:-1, max-image-preview:large, max-video-preview:-1\" \/>\n<link rel=\"canonical\" href=\"https:\/\/kibrisdakik.com\/?p=82290\" \/>\n<meta property=\"og:locale\" content=\"tr_TR\" \/>\n<meta property=\"og:type\" content=\"article\" \/>\n<meta property=\"og:title\" content=\"\u201cGiri\u015fim \u00d6nc\u00fcleri \u0130lham Bulu\u015fmas\u0131\u201d, G\u0130KAD ev sahipli\u011finde KKTC\u2019de ger\u00e7ekle\u015ftirildi -\" \/>\n<meta property=\"og:description\" content=\"Alarko Holding ve Habitat Derne\u011fi\u2019nin ortakla\u015fa y\u00fcr\u00fctt\u00fc\u011f\u00fc \u201cGiri\u015fim \u00d6nc\u00fcleri Projesi\u201d kapsam\u0131nda, Giri\u015fimci Kad\u0131nlar Derne\u011fi (G\u0130KAD) ev sahipli\u011finde anlaml\u0131 bir bulu\u015fma ger\u00e7ekle\u015fti. \u201cGiri\u015fim \u00d6nc\u00fcleri \u0130lham Bulu\u015fmas\u0131\u201d, Acapulco Otel\u2019de d\u00fczenlenerek ba\u015far\u0131l\u0131 kad\u0131n giri\u015fimcileri ve bu alana yeni ad\u0131m atan kad\u0131nlar\u0131 bir araya getirdi. Etkinli\u011fin a\u00e7\u0131l\u0131\u015f konu\u015fmas\u0131n\u0131 yapan G\u0130KAD Y\u00f6netim Kurulu Ba\u015fkan\u0131 \u0130\u00e7im \u00c7a\u011f\u0131ner Kavuklu, K\u0131br\u0131sl\u0131 T\u00fcrklerin zorlu\" \/>\n<meta property=\"og:url\" content=\"https:\/\/kibrisdakik.com\/?p=82290\" \/>\n<meta property=\"article:published_time\" content=\"2025-05-14T14:37:00+00:00\" \/>\n<meta property=\"og:image\" content=\"https:\/\/kibrisdakik.com\/wp-content\/uploads\/2025\/05\/9898-740x420.jpg\" \/>\n\t<meta property=\"og:image:width\" content=\"1600\" \/>\n\t<meta property=\"og:image:height\" content=\"785\" \/>\n\t<meta property=\"og:image:type\" content=\"image\/jpeg\" \/>\n<meta name=\"author\" content=\"admin\" \/>\n<meta name=\"twitter:card\" content=\"summary_large_image\" \/>\n<meta name=\"twitter:label1\" content=\"Yazan:\" \/>\n\t<meta name=\"twitter:data1\" content=\"admin\" \/>\n\t<meta name=\"twitter:label2\" content=\"Tahmini okuma s\u00fcresi\" \/>\n\t<meta name=\"twitter:data2\" content=\"2 dakika\" \/>\n<script type=\"application\/ld+json\" class=\"yoast-schema-graph\">{\"@context\":\"https:\\\/\\\/schema.org\",\"@graph\":[{\"@type\":\"Article\",\"@id\":\"https:\\\/\\\/kibrisdakik.com\\\/?p=82290#article\",\"isPartOf\":{\"@id\":\"https:\\\/\\\/kibrisdakik.com\\\/?p=82290\"},\"author\":{\"name\":\"admin\",\"@id\":\"https:\\\/\\\/kibrisdakik.com\\\/#\\\/schema\\\/person\\\/9cd9d437bbb44f72b73ba127e06d8e79\"},\"headline\":\"\u201cGiri\u015fim \u00d6nc\u00fcleri \u0130lham Bulu\u015fmas\u0131\u201d, G\u0130KAD ev sahipli\u011finde KKTC\u2019de ger\u00e7ekle\u015ftirildi\",\"datePublished\":\"2025-05-14T14:37:00+00:00\",\"mainEntityOfPage\":{\"@id\":\"https:\\\/\\\/kibrisdakik.com\\\/?p=82290\"},\"wordCount\":449,\"commentCount\":0,\"image\":{\"@id\":\"https:\\\/\\\/kibrisdakik.com\\\/?p=82290#primaryimage\"},\"thumbnailUrl\":\"https:\\\/\\\/kibrisdakik.com\\\/wp-content\\\/uploads\\\/2025\\\/05\\\/9898-740x420.jpg\",\"articleSection\":[\"K\u0131br\u0131s\",\"Man\u015fet\"],\"inLanguage\":\"tr\",\"potentialAction\":[{\"@type\":\"CommentAction\",\"name\":\"Comment\",\"target\":[\"https:\\\/\\\/kibrisdakik.com\\\/?p=82290#respond\"]}]},{\"@type\":\"WebPage\",\"@id\":\"https:\\\/\\\/kibrisdakik.com\\\/?p=82290\",\"url\":\"https:\\\/\\\/kibrisdakik.com\\\/?p=82290\",\"name\":\"\u201cGiri\u015fim \u00d6nc\u00fcleri \u0130lham Bulu\u015fmas\u0131\u201d, G\u0130KAD ev sahipli\u011finde KKTC\u2019de ger\u00e7ekle\u015ftirildi -\",\"isPartOf\":{\"@id\":\"https:\\\/\\\/kibrisdakik.com\\\/#website\"},\"primaryImageOfPage\":{\"@id\":\"https:\\\/\\\/kibrisdakik.com\\\/?p=82290#primaryimage\"},\"image\":{\"@id\":\"https:\\\/\\\/kibrisdakik.com\\\/?p=82290#primaryimage\"},\"thumbnailUrl\":\"https:\\\/\\\/kibrisdakik.com\\\/wp-content\\\/uploads\\\/2025\\\/05\\\/9898-740x420.jpg\",\"datePublished\":\"2025-05-14T14:37:00+00:00\",\"author\":{\"@id\":\"https:\\\/\\\/kibrisdakik.com\\\/#\\\/schema\\\/person\\\/9cd9d437bbb44f72b73ba127e06d8e79\"},\"breadcrumb\":{\"@id\":\"https:\\\/\\\/kibrisdakik.com\\\/?p=82290#breadcrumb\"},\"inLanguage\":\"tr\",\"potentialAction\":[{\"@type\":\"ReadAction\",\"target\":[\"https:\\\/\\\/kibrisdakik.com\\\/?p=82290\"]}]},{\"@type\":\"ImageObject\",\"inLanguage\":\"tr\",\"@id\":\"https:\\\/\\\/kibrisdakik.com\\\/?p=82290#primaryimage\",\"url\":\"https:\\\/\\\/kibrisdakik.com\\\/wp-content\\\/uploads\\\/2025\\\/05\\\/9898-740x420.jpg\",\"contentUrl\":\"https:\\\/\\\/kibrisdakik.com\\\/wp-content\\\/uploads\\\/2025\\\/05\\\/9898-740x420.jpg\",\"width\":1600,\"height\":785},{\"@type\":\"BreadcrumbList\",\"@id\":\"https:\\\/\\\/kibrisdakik.com\\\/?p=82290#breadcrumb\",\"itemListElement\":[{\"@type\":\"ListItem\",\"position\":1,\"name\":\"Home\",\"item\":\"https:\\\/\\\/kibrisdakik.com\\\/\"},{\"@type\":\"ListItem\",\"position\":2,\"name\":\"\u201cGiri\u015fim \u00d6nc\u00fcleri \u0130lham Bulu\u015fmas\u0131\u201d, G\u0130KAD ev sahipli\u011finde KKTC\u2019de ger\u00e7ekle\u015ftirildi\"}]},{\"@type\":\"WebSite\",\"@id\":\"https:\\\/\\\/kibrisdakik.com\\\/#website\",\"url\":\"https:\\\/\\\/kibrisdakik.com\\\/\",\"name\":\"\",\"description\":\"Tam vaktinde haber\",\"potentialAction\":[{\"@type\":\"SearchAction\",\"target\":{\"@type\":\"EntryPoint\",\"urlTemplate\":\"https:\\\/\\\/kibrisdakik.com\\\/?s={search_term_string}\"},\"query-input\":{\"@type\":\"PropertyValueSpecification\",\"valueRequired\":true,\"valueName\":\"search_term_string\"}}],\"inLanguage\":\"tr\"},{\"@type\":\"Person\",\"@id\":\"https:\\\/\\\/kibrisdakik.com\\\/#\\\/schema\\\/person\\\/9cd9d437bbb44f72b73ba127e06d8e79\",\"name\":\"admin\",\"image\":{\"@type\":\"ImageObject\",\"inLanguage\":\"tr\",\"@id\":\"https:\\\/\\\/secure.gravatar.com\\\/avatar\\\/ccc17943b9d660506c869530f897617f7cb1c21a4bf30023f252596d83e1f007?s=96&d=mm&r=g\",\"url\":\"https:\\\/\\\/secure.gravatar.com\\\/avatar\\\/ccc17943b9d660506c869530f897617f7cb1c21a4bf30023f252596d83e1f007?s=96&d=mm&r=g\",\"contentUrl\":\"https:\\\/\\\/secure.gravatar.com\\\/avatar\\\/ccc17943b9d660506c869530f897617f7cb1c21a4bf30023f252596d83e1f007?s=96&d=mm&r=g\",\"caption\":\"admin\"},\"sameAs\":[\"https:\\\/\\\/kibrisdakik.com\"],\"url\":\"https:\\\/\\\/kibrisdakik.com\\\/?author=1\"}]}<\/script>\n<!-- \/ Yoast SEO plugin. -->","yoast_head_json":{"title":"\u201cGiri\u015fim \u00d6nc\u00fcleri \u0130lham Bulu\u015fmas\u0131\u201d, G\u0130KAD ev sahipli\u011finde KKTC\u2019de ger\u00e7ekle\u015ftirildi -","robots":{"index":"index","follow":"follow","max-snippet":"max-snippet:-1","max-image-preview":"max-image-preview:large","max-video-preview":"max-video-preview:-1"},"canonical":"https:\/\/kibrisdakik.com\/?p=82290","og_locale":"tr_TR","og_type":"article","og_title":"\u201cGiri\u015fim \u00d6nc\u00fcleri \u0130lham Bulu\u015fmas\u0131\u201d, G\u0130KAD ev sahipli\u011finde KKTC\u2019de ger\u00e7ekle\u015ftirildi -","og_description":"Alarko Holding ve Habitat Derne\u011fi\u2019nin ortakla\u015fa y\u00fcr\u00fctt\u00fc\u011f\u00fc \u201cGiri\u015fim \u00d6nc\u00fcleri Projesi\u201d kapsam\u0131nda, Giri\u015fimci Kad\u0131nlar Derne\u011fi (G\u0130KAD) ev sahipli\u011finde anlaml\u0131 bir bulu\u015fma ger\u00e7ekle\u015fti. \u201cGiri\u015fim \u00d6nc\u00fcleri \u0130lham Bulu\u015fmas\u0131\u201d, Acapulco Otel\u2019de d\u00fczenlenerek ba\u015far\u0131l\u0131 kad\u0131n giri\u015fimcileri ve bu alana yeni ad\u0131m atan kad\u0131nlar\u0131 bir araya getirdi. Etkinli\u011fin a\u00e7\u0131l\u0131\u015f konu\u015fmas\u0131n\u0131 yapan G\u0130KAD Y\u00f6netim Kurulu Ba\u015fkan\u0131 \u0130\u00e7im \u00c7a\u011f\u0131ner Kavuklu, K\u0131br\u0131sl\u0131 T\u00fcrklerin zorlu","og_url":"https:\/\/kibrisdakik.com\/?p=82290","article_published_time":"2025-05-14T14:37:00+00:00","og_image":[{"width":1600,"height":785,"url":"https:\/\/kibrisdakik.com\/wp-content\/uploads\/2025\/05\/9898-740x420.jpg","type":"image\/jpeg"}],"author":"admin","twitter_card":"summary_large_image","twitter_misc":{"Yazan:":"admin","Tahmini okuma s\u00fcresi":"2 dakika"},"schema":{"@context":"https:\/\/schema.org","@graph":[{"@type":"Article","@id":"https:\/\/kibrisdakik.com\/?p=82290#article","isPartOf":{"@id":"https:\/\/kibrisdakik.com\/?p=82290"},"author":{"name":"admin","@id":"https:\/\/kibrisdakik.com\/#\/schema\/person\/9cd9d437bbb44f72b73ba127e06d8e79"},"headline":"\u201cGiri\u015fim \u00d6nc\u00fcleri \u0130lham Bulu\u015fmas\u0131\u201d, G\u0130KAD ev sahipli\u011finde KKTC\u2019de ger\u00e7ekle\u015ftirildi","datePublished":"2025-05-14T14:37:00+00:00","mainEntityOfPage":{"@id":"https:\/\/kibrisdakik.com\/?p=82290"},"wordCount":449,"commentCount":0,"image":{"@id":"https:\/\/kibrisdakik.com\/?p=82290#primaryimage"},"thumbnailUrl":"https:\/\/kibrisdakik.com\/wp-content\/uploads\/2025\/05\/9898-740x420.jpg","articleSection":["K\u0131br\u0131s","Man\u015fet"],"inLanguage":"tr","potentialAction":[{"@type":"CommentAction","name":"Comment","target":["https:\/\/kibrisdakik.com\/?p=82290#respond"]}]},{"@type":"WebPage","@id":"https:\/\/kibrisdakik.com\/?p=82290","url":"https:\/\/kibrisdakik.com\/?p=82290","name":"\u201cGiri\u015fim \u00d6nc\u00fcleri \u0130lham Bulu\u015fmas\u0131\u201d, G\u0130KAD ev sahipli\u011finde KKTC\u2019de ger\u00e7ekle\u015ftirildi -","isPartOf":{"@id":"https:\/\/kibrisdakik.com\/#website"},"primaryImageOfPage":{"@id":"https:\/\/kibrisdakik.com\/?p=82290#primaryimage"},"image":{"@id":"https:\/\/kibrisdakik.com\/?p=82290#primaryimage"},"thumbnailUrl":"https:\/\/kibrisdakik.com\/wp-content\/uploads\/2025\/05\/9898-740x420.jpg","datePublished":"2025-05-14T14:37:00+00:00","author":{"@id":"https:\/\/kibrisdakik.com\/#\/schema\/person\/9cd9d437bbb44f72b73ba127e06d8e79"},"breadcrumb":{"@id":"https:\/\/kibrisdakik.com\/?p=82290#breadcrumb"},"inLanguage":"tr","potentialAction":[{"@type":"ReadAction","target":["https:\/\/kibrisdakik.com\/?p=82290"]}]},{"@type":"ImageObject","inLanguage":"tr","@id":"https:\/\/kibrisdakik.com\/?p=82290#primaryimage","url":"https:\/\/kibrisdakik.com\/wp-content\/uploads\/2025\/05\/9898-740x420.jpg","contentUrl":"https:\/\/kibrisdakik.com\/wp-content\/uploads\/2025\/05\/9898-740x420.jpg","width":1600,"height":785},{"@type":"BreadcrumbList","@id":"https:\/\/kibrisdakik.com\/?p=82290#breadcrumb","itemListElement":[{"@type":"ListItem","position":1,"name":"Home","item":"https:\/\/kibrisdakik.com\/"},{"@type":"ListItem","position":2,"name":"\u201cGiri\u015fim \u00d6nc\u00fcleri \u0130lham Bulu\u015fmas\u0131\u201d, G\u0130KAD ev sahipli\u011finde KKTC\u2019de ger\u00e7ekle\u015ftirildi"}]},{"@type":"WebSite","@id":"https:\/\/kibrisdakik.com\/#website","url":"https:\/\/kibrisdakik.com\/","name":"","description":"Tam vaktinde haber","potentialAction":[{"@type":"SearchAction","target":{"@type":"EntryPoint","urlTemplate":"https:\/\/kibrisdakik.com\/?s={search_term_string}"},"query-input":{"@type":"PropertyValueSpecification","valueRequired":true,"valueName":"search_term_string"}}],"inLanguage":"tr"},{"@type":"Person","@id":"https:\/\/kibrisdakik.com\/#\/schema\/person\/9cd9d437bbb44f72b73ba127e06d8e79","name":"admin","image":{"@type":"ImageObject","inLanguage":"tr","@id":"https:\/\/secure.gravatar.com\/avatar\/ccc17943b9d660506c869530f897617f7cb1c21a4bf30023f252596d83e1f007?s=96&d=mm&r=g","url":"https:\/\/secure.gravatar.com\/avatar\/ccc17943b9d660506c869530f897617f7cb1c21a4bf30023f252596d83e1f007?s=96&d=mm&r=g","contentUrl":"https:\/\/secure.gravatar.com\/avatar\/ccc17943b9d660506c869530f897617f7cb1c21a4bf30023f252596d83e1f007?s=96&d=mm&r=g","caption":"admin"},"sameAs":["https:\/\/kibrisdakik.com"],"url":"https:\/\/kibrisdakik.com\/?author=1"}]}},"_links":{"self":[{"href":"https:\/\/kibrisdakik.com\/index.php?rest_route=\/wp\/v2\/posts\/82290","targetHints":{"allow":["GET"]}}],"collection":[{"href":"https:\/\/kibrisdakik.com\/index.php?rest_route=\/wp\/v2\/posts"}],"about":[{"href":"https:\/\/kibrisdakik.com\/index.php?rest_route=\/wp\/v2\/types\/post"}],"author":[{"embeddable":true,"href":"https:\/\/kibrisdakik.com\/index.php?rest_route=\/wp\/v2\/users\/1"}],"replies":[{"embeddable":true,"href":"https:\/\/kibrisdakik.com\/index.php?rest_route=%2Fwp%2Fv2%2Fcomments&post=82290"}],"version-history":[{"count":0,"href":"https:\/\/kibrisdakik.com\/index.php?rest_route=\/wp\/v2\/posts\/82290\/revisions"}],"wp:featuredmedia":[{"embeddable":true,"href":"https:\/\/kibrisdakik.com\/index.php?rest_route=\/wp\/v2\/media\/82291"}],"wp:attachment":[{"href":"https:\/\/kibrisdakik.com\/index.php?rest_route=%2Fwp%2Fv2%2Fmedia&parent=82290"}],"wp:term":[{"taxonomy":"category","embeddable":true,"href":"https:\/\/kibrisdakik.com\/index.php?rest_route=%2Fwp%2Fv2%2Fcategories&post=82290"},{"taxonomy":"post_tag","embeddable":true,"href":"https:\/\/kibrisdakik.com\/index.php?rest_route=%2Fwp%2Fv2%2Ftags&post=82290"}],"curies":[{"name":"wp","href":"https:\/\/api.w.org\/{rel}","templated":true}]}}