{"id":82320,"date":"2025-05-14T20:45:07","date_gmt":"2025-05-14T17:45:07","guid":{"rendered":"https:\/\/kibrisdakik.com\/index.php\/2025\/05\/14\/ozturkler-prof-dr-saraci-kabul-etti\/"},"modified":"2025-05-14T20:45:07","modified_gmt":"2025-05-14T17:45:07","slug":"ozturkler-prof-dr-saraci-kabul-etti","status":"publish","type":"post","link":"https:\/\/kibrisdakik.com\/?p=82320","title":{"rendered":"\u00d6zt\u00fcrkler, Prof. Dr. Sara\u00e7\u2019\u0131 kabul etti"},"content":{"rendered":"<div>\n<div class=\"mariselle-image-container center\">\n                                            <\/div>\n<p>Cumhuriyet Meclisi Ba\u015fkan\u0131 Ziya \u00d6zt\u00fcrkler, T\u00fcrkiye Cumhuriyeti Cumhurba\u015fkanl\u0131\u011f\u0131 Ba\u015fdan\u0131\u015fman\u0131 Prof. Dr. Yekta Sara\u00e7\u2019\u0131 kabul etti.<\/p>\n<p>Cumhuriyet Meclisi\u2019nden yap\u0131lan a\u00e7\u0131klamaya g\u00f6re,  \u00d6zt\u00fcrkler ziyarette yapt\u0131\u011f\u0131 konu\u015fmada, Sara\u00e7\u2019\u0131 Kuzey K\u0131br\u0131s T\u00fcrk Cumhuriyeti\u2019nde g\u00f6rmekten b\u00fcy\u00fck memnuniyet duyduklar\u0131n\u0131 ifade etti ve b\u00fcrokrat olarak g\u00f6rev yapt\u0131\u011f\u0131 d\u00f6nemlerde de Sara\u00e7 ile yak\u0131n i\u015f birli\u011fi i\u00e7erisinde olduklar\u0131n\u0131 kaydetti.<\/p>\n<p>Sara\u00e7\u2019\u0131n deneyimlerinden KKTC kurumlar\u0131n\u0131n her zaman faydalanmas\u0131 gerekti\u011fine i\u015faret eden \u00d6zt\u00fcrkler, ziyaretten dolay\u0131 te\u015fekk\u00fcr etti.<\/p>\n<p>Prof. Dr. Yekta Sara\u00e7 da, ge\u00e7mi\u015fte birlikte \u00e7ok mesai harcad\u0131klar\u0131 \u00d6zt\u00fcrkler\u2019i Meclis Ba\u015fkan\u0131 olarak g\u00f6rmekten duydu\u011fu memnuniyeti ifade ederek, \u00d6zt\u00fcrkler\u2019e g\u00f6revinde ba\u015far\u0131lar diledi.<\/p>\n<p>Ba\u015fkan \u00d6zt\u00fcrkler, kabulde Prof. Dr. Sara\u00e7\u2019a Meclis an\u0131 taba\u011f\u0131 hediye etti.<\/p>\n<\/p><\/div>\n<p><script async\n                    defer\n                    crossorigin=\"anonymous\"\n                    src=\"https:\/\/connect.facebook.net\/tr_TR\/sdk.js#xfbml=1&#038;version=v3.3\"\n            ><\/script><\/p>\n","protected":false},"excerpt":{"rendered":"<p>Cumhuriyet Meclisi Ba\u015fkan\u0131 Ziya \u00d6zt\u00fcrkler, T\u00fcrkiye Cumhuriyeti Cumhurba\u015fkanl\u0131\u011f\u0131 Ba\u015fdan\u0131\u015fman\u0131 Prof. Dr. Yekta Sara\u00e7\u2019\u0131 kabul etti. Cumhuriyet Meclisi\u2019nden yap\u0131lan a\u00e7\u0131klamaya g\u00f6re, \u00d6zt\u00fcrkler ziyarette yapt\u0131\u011f\u0131 konu\u015fmada, Sara\u00e7\u2019\u0131 Kuzey K\u0131br\u0131s T\u00fcrk Cumhuriyeti\u2019nde g\u00f6rmekten b\u00fcy\u00fck memnuniyet duyduklar\u0131n\u0131 ifade etti ve b\u00fcrokrat olarak g\u00f6rev yapt\u0131\u011f\u0131 d\u00f6nemlerde de Sara\u00e7 ile yak\u0131n i\u015f birli\u011fi i\u00e7erisinde olduklar\u0131n\u0131 kaydetti. Sara\u00e7\u2019\u0131n deneyimlerinden KKTC kurumlar\u0131n\u0131n her<\/p>\n","protected":false},"author":1,"featured_media":82321,"comment_status":"open","ping_status":"open","sticky":false,"template":"","format":"standard","meta":{"footnotes":""},"categories":[81,101],"tags":[],"class_list":["post-82320","post","type-post","status-publish","format-standard","has-post-thumbnail","hentry","category-kibris","category-manset"],"yoast_head":"<!-- This site is optimized with the Yoast SEO plugin v27.5 - https:\/\/yoast.com\/product\/yoast-seo-wordpress\/ -->\n<title>\u00d6zt\u00fcrkler, Prof. Dr. Sara\u00e7\u2019\u0131 kabul etti -<\/title>\n<meta name=\"robots\" content=\"index, follow, max-snippet:-1, max-image-preview:large, max-video-preview:-1\" \/>\n<link rel=\"canonical\" href=\"https:\/\/kibrisdakik.com\/?p=82320\" \/>\n<meta property=\"og:locale\" content=\"tr_TR\" \/>\n<meta property=\"og:type\" content=\"article\" \/>\n<meta property=\"og:title\" content=\"\u00d6zt\u00fcrkler, Prof. Dr. Sara\u00e7\u2019\u0131 kabul etti -\" \/>\n<meta property=\"og:description\" content=\"Cumhuriyet Meclisi Ba\u015fkan\u0131 Ziya \u00d6zt\u00fcrkler, T\u00fcrkiye Cumhuriyeti Cumhurba\u015fkanl\u0131\u011f\u0131 Ba\u015fdan\u0131\u015fman\u0131 Prof. Dr. Yekta Sara\u00e7\u2019\u0131 kabul etti. Cumhuriyet Meclisi\u2019nden yap\u0131lan a\u00e7\u0131klamaya g\u00f6re, \u00d6zt\u00fcrkler ziyarette yapt\u0131\u011f\u0131 konu\u015fmada, Sara\u00e7\u2019\u0131 Kuzey K\u0131br\u0131s T\u00fcrk Cumhuriyeti\u2019nde g\u00f6rmekten b\u00fcy\u00fck memnuniyet duyduklar\u0131n\u0131 ifade etti ve b\u00fcrokrat olarak g\u00f6rev yapt\u0131\u011f\u0131 d\u00f6nemlerde de Sara\u00e7 ile yak\u0131n i\u015f birli\u011fi i\u00e7erisinde olduklar\u0131n\u0131 kaydetti. Sara\u00e7\u2019\u0131n deneyimlerinden KKTC kurumlar\u0131n\u0131n her\" \/>\n<meta property=\"og:url\" content=\"https:\/\/kibrisdakik.com\/?p=82320\" \/>\n<meta property=\"article:published_time\" content=\"2025-05-14T17:45:07+00:00\" \/>\n<meta property=\"og:image\" content=\"https:\/\/kibrisdakik.com\/wp-content\/uploads\/2025\/05\/8988888-740x420.jpg\" \/>\n\t<meta property=\"og:image:width\" content=\"1600\" \/>\n\t<meta property=\"og:image:height\" content=\"691\" \/>\n\t<meta property=\"og:image:type\" content=\"image\/jpeg\" \/>\n<meta name=\"author\" content=\"admin\" \/>\n<meta name=\"twitter:card\" content=\"summary_large_image\" \/>\n<meta name=\"twitter:label1\" content=\"Yazan:\" \/>\n\t<meta name=\"twitter:data1\" content=\"admin\" \/>\n\t<meta name=\"twitter:label2\" content=\"Tahmini okuma s\u00fcresi\" \/>\n\t<meta name=\"twitter:data2\" content=\"1 dakika\" \/>\n<script type=\"application\/ld+json\" class=\"yoast-schema-graph\">{\"@context\":\"https:\\\/\\\/schema.org\",\"@graph\":[{\"@type\":\"Article\",\"@id\":\"https:\\\/\\\/kibrisdakik.com\\\/?p=82320#article\",\"isPartOf\":{\"@id\":\"https:\\\/\\\/kibrisdakik.com\\\/?p=82320\"},\"author\":{\"name\":\"admin\",\"@id\":\"https:\\\/\\\/kibrisdakik.com\\\/#\\\/schema\\\/person\\\/9cd9d437bbb44f72b73ba127e06d8e79\"},\"headline\":\"\u00d6zt\u00fcrkler, Prof. Dr. Sara\u00e7\u2019\u0131 kabul etti\",\"datePublished\":\"2025-05-14T17:45:07+00:00\",\"mainEntityOfPage\":{\"@id\":\"https:\\\/\\\/kibrisdakik.com\\\/?p=82320\"},\"wordCount\":157,\"commentCount\":0,\"image\":{\"@id\":\"https:\\\/\\\/kibrisdakik.com\\\/?p=82320#primaryimage\"},\"thumbnailUrl\":\"https:\\\/\\\/kibrisdakik.com\\\/wp-content\\\/uploads\\\/2025\\\/05\\\/8988888-740x420.jpg\",\"articleSection\":[\"K\u0131br\u0131s\",\"Man\u015fet\"],\"inLanguage\":\"tr\",\"potentialAction\":[{\"@type\":\"CommentAction\",\"name\":\"Comment\",\"target\":[\"https:\\\/\\\/kibrisdakik.com\\\/?p=82320#respond\"]}]},{\"@type\":\"WebPage\",\"@id\":\"https:\\\/\\\/kibrisdakik.com\\\/?p=82320\",\"url\":\"https:\\\/\\\/kibrisdakik.com\\\/?p=82320\",\"name\":\"\u00d6zt\u00fcrkler, Prof. Dr. Sara\u00e7\u2019\u0131 kabul etti -\",\"isPartOf\":{\"@id\":\"https:\\\/\\\/kibrisdakik.com\\\/#website\"},\"primaryImageOfPage\":{\"@id\":\"https:\\\/\\\/kibrisdakik.com\\\/?p=82320#primaryimage\"},\"image\":{\"@id\":\"https:\\\/\\\/kibrisdakik.com\\\/?p=82320#primaryimage\"},\"thumbnailUrl\":\"https:\\\/\\\/kibrisdakik.com\\\/wp-content\\\/uploads\\\/2025\\\/05\\\/8988888-740x420.jpg\",\"datePublished\":\"2025-05-14T17:45:07+00:00\",\"author\":{\"@id\":\"https:\\\/\\\/kibrisdakik.com\\\/#\\\/schema\\\/person\\\/9cd9d437bbb44f72b73ba127e06d8e79\"},\"breadcrumb\":{\"@id\":\"https:\\\/\\\/kibrisdakik.com\\\/?p=82320#breadcrumb\"},\"inLanguage\":\"tr\",\"potentialAction\":[{\"@type\":\"ReadAction\",\"target\":[\"https:\\\/\\\/kibrisdakik.com\\\/?p=82320\"]}]},{\"@type\":\"ImageObject\",\"inLanguage\":\"tr\",\"@id\":\"https:\\\/\\\/kibrisdakik.com\\\/?p=82320#primaryimage\",\"url\":\"https:\\\/\\\/kibrisdakik.com\\\/wp-content\\\/uploads\\\/2025\\\/05\\\/8988888-740x420.jpg\",\"contentUrl\":\"https:\\\/\\\/kibrisdakik.com\\\/wp-content\\\/uploads\\\/2025\\\/05\\\/8988888-740x420.jpg\",\"width\":1600,\"height\":691},{\"@type\":\"BreadcrumbList\",\"@id\":\"https:\\\/\\\/kibrisdakik.com\\\/?p=82320#breadcrumb\",\"itemListElement\":[{\"@type\":\"ListItem\",\"position\":1,\"name\":\"Home\",\"item\":\"https:\\\/\\\/kibrisdakik.com\\\/\"},{\"@type\":\"ListItem\",\"position\":2,\"name\":\"\u00d6zt\u00fcrkler, Prof. Dr. Sara\u00e7\u2019\u0131 kabul etti\"}]},{\"@type\":\"WebSite\",\"@id\":\"https:\\\/\\\/kibrisdakik.com\\\/#website\",\"url\":\"https:\\\/\\\/kibrisdakik.com\\\/\",\"name\":\"\",\"description\":\"Tam vaktinde haber\",\"potentialAction\":[{\"@type\":\"SearchAction\",\"target\":{\"@type\":\"EntryPoint\",\"urlTemplate\":\"https:\\\/\\\/kibrisdakik.com\\\/?s={search_term_string}\"},\"query-input\":{\"@type\":\"PropertyValueSpecification\",\"valueRequired\":true,\"valueName\":\"search_term_string\"}}],\"inLanguage\":\"tr\"},{\"@type\":\"Person\",\"@id\":\"https:\\\/\\\/kibrisdakik.com\\\/#\\\/schema\\\/person\\\/9cd9d437bbb44f72b73ba127e06d8e79\",\"name\":\"admin\",\"image\":{\"@type\":\"ImageObject\",\"inLanguage\":\"tr\",\"@id\":\"https:\\\/\\\/secure.gravatar.com\\\/avatar\\\/ccc17943b9d660506c869530f897617f7cb1c21a4bf30023f252596d83e1f007?s=96&d=mm&r=g\",\"url\":\"https:\\\/\\\/secure.gravatar.com\\\/avatar\\\/ccc17943b9d660506c869530f897617f7cb1c21a4bf30023f252596d83e1f007?s=96&d=mm&r=g\",\"contentUrl\":\"https:\\\/\\\/secure.gravatar.com\\\/avatar\\\/ccc17943b9d660506c869530f897617f7cb1c21a4bf30023f252596d83e1f007?s=96&d=mm&r=g\",\"caption\":\"admin\"},\"sameAs\":[\"https:\\\/\\\/kibrisdakik.com\"],\"url\":\"https:\\\/\\\/kibrisdakik.com\\\/?author=1\"}]}<\/script>\n<!-- \/ Yoast SEO plugin. -->","yoast_head_json":{"title":"\u00d6zt\u00fcrkler, Prof. Dr. Sara\u00e7\u2019\u0131 kabul etti -","robots":{"index":"index","follow":"follow","max-snippet":"max-snippet:-1","max-image-preview":"max-image-preview:large","max-video-preview":"max-video-preview:-1"},"canonical":"https:\/\/kibrisdakik.com\/?p=82320","og_locale":"tr_TR","og_type":"article","og_title":"\u00d6zt\u00fcrkler, Prof. Dr. Sara\u00e7\u2019\u0131 kabul etti -","og_description":"Cumhuriyet Meclisi Ba\u015fkan\u0131 Ziya \u00d6zt\u00fcrkler, T\u00fcrkiye Cumhuriyeti Cumhurba\u015fkanl\u0131\u011f\u0131 Ba\u015fdan\u0131\u015fman\u0131 Prof. Dr. Yekta Sara\u00e7\u2019\u0131 kabul etti. Cumhuriyet Meclisi\u2019nden yap\u0131lan a\u00e7\u0131klamaya g\u00f6re, \u00d6zt\u00fcrkler ziyarette yapt\u0131\u011f\u0131 konu\u015fmada, Sara\u00e7\u2019\u0131 Kuzey K\u0131br\u0131s T\u00fcrk Cumhuriyeti\u2019nde g\u00f6rmekten b\u00fcy\u00fck memnuniyet duyduklar\u0131n\u0131 ifade etti ve b\u00fcrokrat olarak g\u00f6rev yapt\u0131\u011f\u0131 d\u00f6nemlerde de Sara\u00e7 ile yak\u0131n i\u015f birli\u011fi i\u00e7erisinde olduklar\u0131n\u0131 kaydetti. Sara\u00e7\u2019\u0131n deneyimlerinden KKTC kurumlar\u0131n\u0131n her","og_url":"https:\/\/kibrisdakik.com\/?p=82320","article_published_time":"2025-05-14T17:45:07+00:00","og_image":[{"width":1600,"height":691,"url":"https:\/\/kibrisdakik.com\/wp-content\/uploads\/2025\/05\/8988888-740x420.jpg","type":"image\/jpeg"}],"author":"admin","twitter_card":"summary_large_image","twitter_misc":{"Yazan:":"admin","Tahmini okuma s\u00fcresi":"1 dakika"},"schema":{"@context":"https:\/\/schema.org","@graph":[{"@type":"Article","@id":"https:\/\/kibrisdakik.com\/?p=82320#article","isPartOf":{"@id":"https:\/\/kibrisdakik.com\/?p=82320"},"author":{"name":"admin","@id":"https:\/\/kibrisdakik.com\/#\/schema\/person\/9cd9d437bbb44f72b73ba127e06d8e79"},"headline":"\u00d6zt\u00fcrkler, Prof. Dr. Sara\u00e7\u2019\u0131 kabul etti","datePublished":"2025-05-14T17:45:07+00:00","mainEntityOfPage":{"@id":"https:\/\/kibrisdakik.com\/?p=82320"},"wordCount":157,"commentCount":0,"image":{"@id":"https:\/\/kibrisdakik.com\/?p=82320#primaryimage"},"thumbnailUrl":"https:\/\/kibrisdakik.com\/wp-content\/uploads\/2025\/05\/8988888-740x420.jpg","articleSection":["K\u0131br\u0131s","Man\u015fet"],"inLanguage":"tr","potentialAction":[{"@type":"CommentAction","name":"Comment","target":["https:\/\/kibrisdakik.com\/?p=82320#respond"]}]},{"@type":"WebPage","@id":"https:\/\/kibrisdakik.com\/?p=82320","url":"https:\/\/kibrisdakik.com\/?p=82320","name":"\u00d6zt\u00fcrkler, Prof. Dr. Sara\u00e7\u2019\u0131 kabul etti -","isPartOf":{"@id":"https:\/\/kibrisdakik.com\/#website"},"primaryImageOfPage":{"@id":"https:\/\/kibrisdakik.com\/?p=82320#primaryimage"},"image":{"@id":"https:\/\/kibrisdakik.com\/?p=82320#primaryimage"},"thumbnailUrl":"https:\/\/kibrisdakik.com\/wp-content\/uploads\/2025\/05\/8988888-740x420.jpg","datePublished":"2025-05-14T17:45:07+00:00","author":{"@id":"https:\/\/kibrisdakik.com\/#\/schema\/person\/9cd9d437bbb44f72b73ba127e06d8e79"},"breadcrumb":{"@id":"https:\/\/kibrisdakik.com\/?p=82320#breadcrumb"},"inLanguage":"tr","potentialAction":[{"@type":"ReadAction","target":["https:\/\/kibrisdakik.com\/?p=82320"]}]},{"@type":"ImageObject","inLanguage":"tr","@id":"https:\/\/kibrisdakik.com\/?p=82320#primaryimage","url":"https:\/\/kibrisdakik.com\/wp-content\/uploads\/2025\/05\/8988888-740x420.jpg","contentUrl":"https:\/\/kibrisdakik.com\/wp-content\/uploads\/2025\/05\/8988888-740x420.jpg","width":1600,"height":691},{"@type":"BreadcrumbList","@id":"https:\/\/kibrisdakik.com\/?p=82320#breadcrumb","itemListElement":[{"@type":"ListItem","position":1,"name":"Home","item":"https:\/\/kibrisdakik.com\/"},{"@type":"ListItem","position":2,"name":"\u00d6zt\u00fcrkler, Prof. Dr. Sara\u00e7\u2019\u0131 kabul etti"}]},{"@type":"WebSite","@id":"https:\/\/kibrisdakik.com\/#website","url":"https:\/\/kibrisdakik.com\/","name":"","description":"Tam vaktinde haber","potentialAction":[{"@type":"SearchAction","target":{"@type":"EntryPoint","urlTemplate":"https:\/\/kibrisdakik.com\/?s={search_term_string}"},"query-input":{"@type":"PropertyValueSpecification","valueRequired":true,"valueName":"search_term_string"}}],"inLanguage":"tr"},{"@type":"Person","@id":"https:\/\/kibrisdakik.com\/#\/schema\/person\/9cd9d437bbb44f72b73ba127e06d8e79","name":"admin","image":{"@type":"ImageObject","inLanguage":"tr","@id":"https:\/\/secure.gravatar.com\/avatar\/ccc17943b9d660506c869530f897617f7cb1c21a4bf30023f252596d83e1f007?s=96&d=mm&r=g","url":"https:\/\/secure.gravatar.com\/avatar\/ccc17943b9d660506c869530f897617f7cb1c21a4bf30023f252596d83e1f007?s=96&d=mm&r=g","contentUrl":"https:\/\/secure.gravatar.com\/avatar\/ccc17943b9d660506c869530f897617f7cb1c21a4bf30023f252596d83e1f007?s=96&d=mm&r=g","caption":"admin"},"sameAs":["https:\/\/kibrisdakik.com"],"url":"https:\/\/kibrisdakik.com\/?author=1"}]}},"_links":{"self":[{"href":"https:\/\/kibrisdakik.com\/index.php?rest_route=\/wp\/v2\/posts\/82320","targetHints":{"allow":["GET"]}}],"collection":[{"href":"https:\/\/kibrisdakik.com\/index.php?rest_route=\/wp\/v2\/posts"}],"about":[{"href":"https:\/\/kibrisdakik.com\/index.php?rest_route=\/wp\/v2\/types\/post"}],"author":[{"embeddable":true,"href":"https:\/\/kibrisdakik.com\/index.php?rest_route=\/wp\/v2\/users\/1"}],"replies":[{"embeddable":true,"href":"https:\/\/kibrisdakik.com\/index.php?rest_route=%2Fwp%2Fv2%2Fcomments&post=82320"}],"version-history":[{"count":0,"href":"https:\/\/kibrisdakik.com\/index.php?rest_route=\/wp\/v2\/posts\/82320\/revisions"}],"wp:featuredmedia":[{"embeddable":true,"href":"https:\/\/kibrisdakik.com\/index.php?rest_route=\/wp\/v2\/media\/82321"}],"wp:attachment":[{"href":"https:\/\/kibrisdakik.com\/index.php?rest_route=%2Fwp%2Fv2%2Fmedia&parent=82320"}],"wp:term":[{"taxonomy":"category","embeddable":true,"href":"https:\/\/kibrisdakik.com\/index.php?rest_route=%2Fwp%2Fv2%2Fcategories&post=82320"},{"taxonomy":"post_tag","embeddable":true,"href":"https:\/\/kibrisdakik.com\/index.php?rest_route=%2Fwp%2Fv2%2Ftags&post=82320"}],"curies":[{"name":"wp","href":"https:\/\/api.w.org\/{rel}","templated":true}]}}