{"id":82363,"date":"2025-05-15T14:24:51","date_gmt":"2025-05-15T11:24:51","guid":{"rendered":"https:\/\/kibrisdakik.com\/index.php\/2025\/05\/15\/genclik-dairesi-pazar-gunu-genclik-soleni-duzenliyor\/"},"modified":"2025-05-15T14:24:51","modified_gmt":"2025-05-15T11:24:51","slug":"genclik-dairesi-pazar-gunu-genclik-soleni-duzenliyor","status":"publish","type":"post","link":"https:\/\/kibrisdakik.com\/?p=82363","title":{"rendered":"Gen\u00e7lik Dairesi pazar g\u00fcn\u00fc \u201cGen\u00e7lik \u015e\u00f6leni\u201d d\u00fczenliyor"},"content":{"rendered":"<div>\n<div class=\"mariselle-image-container center\">\n                                            <\/div>\n<p>Ba\u015fbakan Yard\u0131mc\u0131l\u0131\u011f\u0131, Turizm, K\u00fclt\u00fcr, Gen\u00e7lik ve \u00c7evre Bakanl\u0131\u011f\u0131\u2019na ba\u011fl\u0131 Gen\u00e7lik Dairesi, 19 May\u0131s Atat\u00fcrk\u2019\u00fc Anma, Gen\u00e7lik ve Spor Bayram\u0131 kapsam\u0131nda \u201cGen\u00e7lik \u015e\u00f6leni\u201d d\u00fczenliyor.<\/p>\n<p>Gen\u00e7lik Dairesi\u2019nden yap\u0131lan a\u00e7\u0131klamaya g\u00f6re, 18 May\u0131s Pazar g\u00fcn\u00fc Girne\u2019de d\u00fczenlenecek Gen\u00e7lik \u015e\u00f6leni, Girne Atat\u00fcrk An\u0131t\u0131 ve Girne Liman\u0131\u2019nda ger\u00e7ekle\u015ftirilecek.<\/p>\n<p>\u2013 Kortej d\u00fczenlenecek<\/p>\n<p>Etkinlik kapsam\u0131nda, KKTC ve T\u00fcrkiye\u2019den gelen gruplar\u0131n kat\u0131l\u0131m\u0131yla 18 May\u0131s Pazar g\u00fcn\u00fc saat 17.00\u2019de, eski Girne Belediyesi binas\u0131n\u0131n yan\u0131ndaki Ramadan Cemil Meydan\u0131\u2019ndan ba\u015flayarak Atat\u00fcrk An\u0131t\u0131\u2019na kadar kortej y\u00fcr\u00fcy\u00fc\u015f\u00fc yap\u0131lacak. Kortejde Joker Brass Bando ekibi, halk danslar\u0131 ve modern dans gruplar\u0131 yer alacak.<\/p>\n<p>\u2013 Dans g\u00f6sterileri Atat\u00fcrk An\u0131t\u0131 \u00f6n\u00fcnde ba\u015flayacak<\/p>\n<p>Kortejin Atat\u00fcrk An\u0131t\u0131 \u00f6n\u00fcne ula\u015fmas\u0131n\u0131n ard\u0131ndan kurulacak sahnede; Gen\u00e7lik Dairesi Vadili Gen\u00e7lik Merkezi Halk Danslar\u0131 Toplulu\u011fu, Ankara \u00dcniversitesi Ziraat Fak\u00fcltesi Halk Oyunlar\u0131 Toplulu\u011fu, Bursa NAKEM Halk Danslar\u0131 Toplulu\u011fu ve GA\u00dc Stage School ekipleri g\u00f6steri sunacak.<\/p>\n<p>\u2013 Gen\u00e7lik Orkestras\u0131 konser verecek<\/p>\n<p>G\u00f6sterilerin ard\u0131ndan etkinlikler Girne Liman\u0131\u2019nda devam edecek. Saat 18.00\u2019de \u015eef Ersin Ka\u015fif y\u00f6netimindeki Gen\u00e7 Yetenekler Production Gen\u00e7lik Orkestras\u0131 konser verecek.<\/p>\n<p>\u2013 Ana sahne g\u00f6sterileri 19.30\u2019da<\/p>\n<p>Gen\u00e7lik \u015e\u00f6leni kapsam\u0131ndaki ana sahne g\u00f6sterileri, saat 19.30\u2019da Girne Liman\u0131\u2019ndaki Turizm Ofisi yak\u0131n\u0131nda kurulan sahnede ba\u015flayacak.<\/p>\n<p>Ana sahnede, Gen\u00e7lik Dairesi Vadili Gen\u00e7lik Merkezi Halk Danslar\u0131 Toplulu\u011fu, Dance Per Minute, GA\u00dc Stage School, Stage X, Bursa NAKEM Halk Danslar\u0131 Toplulu\u011fu, 30+ Dance Group, Seyyah Dance Project, Variant Dance Ensemble ve Ankara \u00dcniversitesi Ziraat Fak\u00fcltesi Halk Oyunlar\u0131 Toplulu\u011fu yer alacak.<\/p>\n<p>\u2013 Gemini Twins sahne alacak<\/p>\n<p>Gen\u00e7lik \u015e\u00f6leni\u2019nde bu y\u0131l ilk defa Amerika ve Fransa ba\u015fta olmak \u00fczere bir\u00e7ok yetenek yar\u0131\u015fmas\u0131nda derece alan ve d\u00fcnyan\u0131n \u00f6nde gelen organizasyonlar\u0131nda sahneye \u00e7\u0131kan Gemini Twins izleyicilerle bulu\u015facak.<\/p>\n<p>-Ozano\u011flu\u2019ndan te\u015fekk\u00fcr<\/p>\n<p>Gen\u00e7lik Dairesi M\u00fcd\u00fcr\u00fc H\u00fcseyin Ozano\u011flu, 19 May\u0131s Atat\u00fcrk\u2019\u00fc Anma, Gen\u00e7lik ve Spor Bayram\u0131\u2019n\u0131 t\u00fcm gen\u00e7lerin co\u015fkuyla kutlad\u0131\u011f\u0131n\u0131 belirterek, Girne\u2019de d\u00fczenlenecek Gen\u00e7lik \u015e\u00f6leni\u2019ne t\u00fcm halk\u0131 davet etti. Ozano\u011flu, \u015f\u00f6lenin ger\u00e7ekle\u015fmesinde katk\u0131 koyan t\u00fcm dans ekiplerine ve eme\u011fi ge\u00e7en herkese te\u015fekk\u00fcr etti.<\/p>\n<\/p><\/div>\n<p><script async\n                    defer\n                    crossorigin=\"anonymous\"\n                    src=\"https:\/\/connect.facebook.net\/tr_TR\/sdk.js#xfbml=1&#038;version=v3.3\"\n            ><\/script><\/p>\n","protected":false},"excerpt":{"rendered":"<p>Ba\u015fbakan Yard\u0131mc\u0131l\u0131\u011f\u0131, Turizm, K\u00fclt\u00fcr, Gen\u00e7lik ve \u00c7evre Bakanl\u0131\u011f\u0131\u2019na ba\u011fl\u0131 Gen\u00e7lik Dairesi, 19 May\u0131s Atat\u00fcrk\u2019\u00fc Anma, Gen\u00e7lik ve Spor Bayram\u0131 kapsam\u0131nda \u201cGen\u00e7lik \u015e\u00f6leni\u201d d\u00fczenliyor. Gen\u00e7lik Dairesi\u2019nden yap\u0131lan a\u00e7\u0131klamaya g\u00f6re, 18 May\u0131s Pazar g\u00fcn\u00fc Girne\u2019de d\u00fczenlenecek Gen\u00e7lik \u015e\u00f6leni, Girne Atat\u00fcrk An\u0131t\u0131 ve Girne Liman\u0131\u2019nda ger\u00e7ekle\u015ftirilecek. \u2013 Kortej d\u00fczenlenecek Etkinlik kapsam\u0131nda, KKTC ve T\u00fcrkiye\u2019den gelen gruplar\u0131n kat\u0131l\u0131m\u0131yla 18<\/p>\n","protected":false},"author":1,"featured_media":82364,"comment_status":"open","ping_status":"open","sticky":false,"template":"","format":"standard","meta":{"footnotes":""},"categories":[81,101],"tags":[],"class_list":["post-82363","post","type-post","status-publish","format-standard","has-post-thumbnail","hentry","category-kibris","category-manset"],"yoast_head":"<!-- This site is optimized with the Yoast SEO plugin v27.5 - https:\/\/yoast.com\/product\/yoast-seo-wordpress\/ -->\n<title>Gen\u00e7lik Dairesi pazar g\u00fcn\u00fc \u201cGen\u00e7lik \u015e\u00f6leni\u201d d\u00fczenliyor -<\/title>\n<meta name=\"robots\" content=\"index, follow, max-snippet:-1, max-image-preview:large, max-video-preview:-1\" \/>\n<link rel=\"canonical\" href=\"https:\/\/kibrisdakik.com\/?p=82363\" \/>\n<meta property=\"og:locale\" content=\"tr_TR\" \/>\n<meta property=\"og:type\" content=\"article\" \/>\n<meta property=\"og:title\" content=\"Gen\u00e7lik Dairesi pazar g\u00fcn\u00fc \u201cGen\u00e7lik \u015e\u00f6leni\u201d d\u00fczenliyor -\" \/>\n<meta property=\"og:description\" content=\"Ba\u015fbakan Yard\u0131mc\u0131l\u0131\u011f\u0131, Turizm, K\u00fclt\u00fcr, Gen\u00e7lik ve \u00c7evre Bakanl\u0131\u011f\u0131\u2019na ba\u011fl\u0131 Gen\u00e7lik Dairesi, 19 May\u0131s Atat\u00fcrk\u2019\u00fc Anma, Gen\u00e7lik ve Spor Bayram\u0131 kapsam\u0131nda \u201cGen\u00e7lik \u015e\u00f6leni\u201d d\u00fczenliyor. Gen\u00e7lik Dairesi\u2019nden yap\u0131lan a\u00e7\u0131klamaya g\u00f6re, 18 May\u0131s Pazar g\u00fcn\u00fc Girne\u2019de d\u00fczenlenecek Gen\u00e7lik \u015e\u00f6leni, Girne Atat\u00fcrk An\u0131t\u0131 ve Girne Liman\u0131\u2019nda ger\u00e7ekle\u015ftirilecek. \u2013 Kortej d\u00fczenlenecek Etkinlik kapsam\u0131nda, KKTC ve T\u00fcrkiye\u2019den gelen gruplar\u0131n kat\u0131l\u0131m\u0131yla 18\" \/>\n<meta property=\"og:url\" content=\"https:\/\/kibrisdakik.com\/?p=82363\" \/>\n<meta property=\"article:published_time\" content=\"2025-05-15T11:24:51+00:00\" \/>\n<meta property=\"og:image\" content=\"https:\/\/kibrisdakik.com\/wp-content\/uploads\/2025\/05\/genclik-dairesi.jpg\" \/>\n\t<meta property=\"og:image:width\" content=\"704\" \/>\n\t<meta property=\"og:image:height\" content=\"381\" \/>\n\t<meta property=\"og:image:type\" content=\"image\/jpeg\" \/>\n<meta name=\"author\" content=\"admin\" \/>\n<meta name=\"twitter:card\" content=\"summary_large_image\" \/>\n<meta name=\"twitter:label1\" content=\"Yazan:\" \/>\n\t<meta name=\"twitter:data1\" content=\"admin\" \/>\n\t<meta name=\"twitter:label2\" content=\"Tahmini okuma s\u00fcresi\" \/>\n\t<meta name=\"twitter:data2\" content=\"2 dakika\" \/>\n<script type=\"application\/ld+json\" class=\"yoast-schema-graph\">{\"@context\":\"https:\\\/\\\/schema.org\",\"@graph\":[{\"@type\":\"Article\",\"@id\":\"https:\\\/\\\/kibrisdakik.com\\\/?p=82363#article\",\"isPartOf\":{\"@id\":\"https:\\\/\\\/kibrisdakik.com\\\/?p=82363\"},\"author\":{\"name\":\"admin\",\"@id\":\"https:\\\/\\\/kibrisdakik.com\\\/#\\\/schema\\\/person\\\/9cd9d437bbb44f72b73ba127e06d8e79\"},\"headline\":\"Gen\u00e7lik Dairesi pazar g\u00fcn\u00fc \u201cGen\u00e7lik \u015e\u00f6leni\u201d d\u00fczenliyor\",\"datePublished\":\"2025-05-15T11:24:51+00:00\",\"mainEntityOfPage\":{\"@id\":\"https:\\\/\\\/kibrisdakik.com\\\/?p=82363\"},\"wordCount\":426,\"commentCount\":0,\"image\":{\"@id\":\"https:\\\/\\\/kibrisdakik.com\\\/?p=82363#primaryimage\"},\"thumbnailUrl\":\"https:\\\/\\\/kibrisdakik.com\\\/wp-content\\\/uploads\\\/2025\\\/05\\\/genclik-dairesi.jpg\",\"articleSection\":[\"K\u0131br\u0131s\",\"Man\u015fet\"],\"inLanguage\":\"tr\",\"potentialAction\":[{\"@type\":\"CommentAction\",\"name\":\"Comment\",\"target\":[\"https:\\\/\\\/kibrisdakik.com\\\/?p=82363#respond\"]}]},{\"@type\":\"WebPage\",\"@id\":\"https:\\\/\\\/kibrisdakik.com\\\/?p=82363\",\"url\":\"https:\\\/\\\/kibrisdakik.com\\\/?p=82363\",\"name\":\"Gen\u00e7lik Dairesi pazar g\u00fcn\u00fc \u201cGen\u00e7lik \u015e\u00f6leni\u201d d\u00fczenliyor -\",\"isPartOf\":{\"@id\":\"https:\\\/\\\/kibrisdakik.com\\\/#website\"},\"primaryImageOfPage\":{\"@id\":\"https:\\\/\\\/kibrisdakik.com\\\/?p=82363#primaryimage\"},\"image\":{\"@id\":\"https:\\\/\\\/kibrisdakik.com\\\/?p=82363#primaryimage\"},\"thumbnailUrl\":\"https:\\\/\\\/kibrisdakik.com\\\/wp-content\\\/uploads\\\/2025\\\/05\\\/genclik-dairesi.jpg\",\"datePublished\":\"2025-05-15T11:24:51+00:00\",\"author\":{\"@id\":\"https:\\\/\\\/kibrisdakik.com\\\/#\\\/schema\\\/person\\\/9cd9d437bbb44f72b73ba127e06d8e79\"},\"breadcrumb\":{\"@id\":\"https:\\\/\\\/kibrisdakik.com\\\/?p=82363#breadcrumb\"},\"inLanguage\":\"tr\",\"potentialAction\":[{\"@type\":\"ReadAction\",\"target\":[\"https:\\\/\\\/kibrisdakik.com\\\/?p=82363\"]}]},{\"@type\":\"ImageObject\",\"inLanguage\":\"tr\",\"@id\":\"https:\\\/\\\/kibrisdakik.com\\\/?p=82363#primaryimage\",\"url\":\"https:\\\/\\\/kibrisdakik.com\\\/wp-content\\\/uploads\\\/2025\\\/05\\\/genclik-dairesi.jpg\",\"contentUrl\":\"https:\\\/\\\/kibrisdakik.com\\\/wp-content\\\/uploads\\\/2025\\\/05\\\/genclik-dairesi.jpg\",\"width\":704,\"height\":381},{\"@type\":\"BreadcrumbList\",\"@id\":\"https:\\\/\\\/kibrisdakik.com\\\/?p=82363#breadcrumb\",\"itemListElement\":[{\"@type\":\"ListItem\",\"position\":1,\"name\":\"Home\",\"item\":\"https:\\\/\\\/kibrisdakik.com\\\/\"},{\"@type\":\"ListItem\",\"position\":2,\"name\":\"Gen\u00e7lik Dairesi pazar g\u00fcn\u00fc \u201cGen\u00e7lik \u015e\u00f6leni\u201d d\u00fczenliyor\"}]},{\"@type\":\"WebSite\",\"@id\":\"https:\\\/\\\/kibrisdakik.com\\\/#website\",\"url\":\"https:\\\/\\\/kibrisdakik.com\\\/\",\"name\":\"\",\"description\":\"Tam vaktinde haber\",\"potentialAction\":[{\"@type\":\"SearchAction\",\"target\":{\"@type\":\"EntryPoint\",\"urlTemplate\":\"https:\\\/\\\/kibrisdakik.com\\\/?s={search_term_string}\"},\"query-input\":{\"@type\":\"PropertyValueSpecification\",\"valueRequired\":true,\"valueName\":\"search_term_string\"}}],\"inLanguage\":\"tr\"},{\"@type\":\"Person\",\"@id\":\"https:\\\/\\\/kibrisdakik.com\\\/#\\\/schema\\\/person\\\/9cd9d437bbb44f72b73ba127e06d8e79\",\"name\":\"admin\",\"image\":{\"@type\":\"ImageObject\",\"inLanguage\":\"tr\",\"@id\":\"https:\\\/\\\/secure.gravatar.com\\\/avatar\\\/ccc17943b9d660506c869530f897617f7cb1c21a4bf30023f252596d83e1f007?s=96&d=mm&r=g\",\"url\":\"https:\\\/\\\/secure.gravatar.com\\\/avatar\\\/ccc17943b9d660506c869530f897617f7cb1c21a4bf30023f252596d83e1f007?s=96&d=mm&r=g\",\"contentUrl\":\"https:\\\/\\\/secure.gravatar.com\\\/avatar\\\/ccc17943b9d660506c869530f897617f7cb1c21a4bf30023f252596d83e1f007?s=96&d=mm&r=g\",\"caption\":\"admin\"},\"sameAs\":[\"https:\\\/\\\/kibrisdakik.com\"],\"url\":\"https:\\\/\\\/kibrisdakik.com\\\/?author=1\"}]}<\/script>\n<!-- \/ Yoast SEO plugin. -->","yoast_head_json":{"title":"Gen\u00e7lik Dairesi pazar g\u00fcn\u00fc \u201cGen\u00e7lik \u015e\u00f6leni\u201d d\u00fczenliyor -","robots":{"index":"index","follow":"follow","max-snippet":"max-snippet:-1","max-image-preview":"max-image-preview:large","max-video-preview":"max-video-preview:-1"},"canonical":"https:\/\/kibrisdakik.com\/?p=82363","og_locale":"tr_TR","og_type":"article","og_title":"Gen\u00e7lik Dairesi pazar g\u00fcn\u00fc \u201cGen\u00e7lik \u015e\u00f6leni\u201d d\u00fczenliyor -","og_description":"Ba\u015fbakan Yard\u0131mc\u0131l\u0131\u011f\u0131, Turizm, K\u00fclt\u00fcr, Gen\u00e7lik ve \u00c7evre Bakanl\u0131\u011f\u0131\u2019na ba\u011fl\u0131 Gen\u00e7lik Dairesi, 19 May\u0131s Atat\u00fcrk\u2019\u00fc Anma, Gen\u00e7lik ve Spor Bayram\u0131 kapsam\u0131nda \u201cGen\u00e7lik \u015e\u00f6leni\u201d d\u00fczenliyor. Gen\u00e7lik Dairesi\u2019nden yap\u0131lan a\u00e7\u0131klamaya g\u00f6re, 18 May\u0131s Pazar g\u00fcn\u00fc Girne\u2019de d\u00fczenlenecek Gen\u00e7lik \u015e\u00f6leni, Girne Atat\u00fcrk An\u0131t\u0131 ve Girne Liman\u0131\u2019nda ger\u00e7ekle\u015ftirilecek. \u2013 Kortej d\u00fczenlenecek Etkinlik kapsam\u0131nda, KKTC ve T\u00fcrkiye\u2019den gelen gruplar\u0131n kat\u0131l\u0131m\u0131yla 18","og_url":"https:\/\/kibrisdakik.com\/?p=82363","article_published_time":"2025-05-15T11:24:51+00:00","og_image":[{"width":704,"height":381,"url":"https:\/\/kibrisdakik.com\/wp-content\/uploads\/2025\/05\/genclik-dairesi.jpg","type":"image\/jpeg"}],"author":"admin","twitter_card":"summary_large_image","twitter_misc":{"Yazan:":"admin","Tahmini okuma s\u00fcresi":"2 dakika"},"schema":{"@context":"https:\/\/schema.org","@graph":[{"@type":"Article","@id":"https:\/\/kibrisdakik.com\/?p=82363#article","isPartOf":{"@id":"https:\/\/kibrisdakik.com\/?p=82363"},"author":{"name":"admin","@id":"https:\/\/kibrisdakik.com\/#\/schema\/person\/9cd9d437bbb44f72b73ba127e06d8e79"},"headline":"Gen\u00e7lik Dairesi pazar g\u00fcn\u00fc \u201cGen\u00e7lik \u015e\u00f6leni\u201d d\u00fczenliyor","datePublished":"2025-05-15T11:24:51+00:00","mainEntityOfPage":{"@id":"https:\/\/kibrisdakik.com\/?p=82363"},"wordCount":426,"commentCount":0,"image":{"@id":"https:\/\/kibrisdakik.com\/?p=82363#primaryimage"},"thumbnailUrl":"https:\/\/kibrisdakik.com\/wp-content\/uploads\/2025\/05\/genclik-dairesi.jpg","articleSection":["K\u0131br\u0131s","Man\u015fet"],"inLanguage":"tr","potentialAction":[{"@type":"CommentAction","name":"Comment","target":["https:\/\/kibrisdakik.com\/?p=82363#respond"]}]},{"@type":"WebPage","@id":"https:\/\/kibrisdakik.com\/?p=82363","url":"https:\/\/kibrisdakik.com\/?p=82363","name":"Gen\u00e7lik Dairesi pazar g\u00fcn\u00fc \u201cGen\u00e7lik \u015e\u00f6leni\u201d d\u00fczenliyor -","isPartOf":{"@id":"https:\/\/kibrisdakik.com\/#website"},"primaryImageOfPage":{"@id":"https:\/\/kibrisdakik.com\/?p=82363#primaryimage"},"image":{"@id":"https:\/\/kibrisdakik.com\/?p=82363#primaryimage"},"thumbnailUrl":"https:\/\/kibrisdakik.com\/wp-content\/uploads\/2025\/05\/genclik-dairesi.jpg","datePublished":"2025-05-15T11:24:51+00:00","author":{"@id":"https:\/\/kibrisdakik.com\/#\/schema\/person\/9cd9d437bbb44f72b73ba127e06d8e79"},"breadcrumb":{"@id":"https:\/\/kibrisdakik.com\/?p=82363#breadcrumb"},"inLanguage":"tr","potentialAction":[{"@type":"ReadAction","target":["https:\/\/kibrisdakik.com\/?p=82363"]}]},{"@type":"ImageObject","inLanguage":"tr","@id":"https:\/\/kibrisdakik.com\/?p=82363#primaryimage","url":"https:\/\/kibrisdakik.com\/wp-content\/uploads\/2025\/05\/genclik-dairesi.jpg","contentUrl":"https:\/\/kibrisdakik.com\/wp-content\/uploads\/2025\/05\/genclik-dairesi.jpg","width":704,"height":381},{"@type":"BreadcrumbList","@id":"https:\/\/kibrisdakik.com\/?p=82363#breadcrumb","itemListElement":[{"@type":"ListItem","position":1,"name":"Home","item":"https:\/\/kibrisdakik.com\/"},{"@type":"ListItem","position":2,"name":"Gen\u00e7lik Dairesi pazar g\u00fcn\u00fc \u201cGen\u00e7lik \u015e\u00f6leni\u201d d\u00fczenliyor"}]},{"@type":"WebSite","@id":"https:\/\/kibrisdakik.com\/#website","url":"https:\/\/kibrisdakik.com\/","name":"","description":"Tam vaktinde haber","potentialAction":[{"@type":"SearchAction","target":{"@type":"EntryPoint","urlTemplate":"https:\/\/kibrisdakik.com\/?s={search_term_string}"},"query-input":{"@type":"PropertyValueSpecification","valueRequired":true,"valueName":"search_term_string"}}],"inLanguage":"tr"},{"@type":"Person","@id":"https:\/\/kibrisdakik.com\/#\/schema\/person\/9cd9d437bbb44f72b73ba127e06d8e79","name":"admin","image":{"@type":"ImageObject","inLanguage":"tr","@id":"https:\/\/secure.gravatar.com\/avatar\/ccc17943b9d660506c869530f897617f7cb1c21a4bf30023f252596d83e1f007?s=96&d=mm&r=g","url":"https:\/\/secure.gravatar.com\/avatar\/ccc17943b9d660506c869530f897617f7cb1c21a4bf30023f252596d83e1f007?s=96&d=mm&r=g","contentUrl":"https:\/\/secure.gravatar.com\/avatar\/ccc17943b9d660506c869530f897617f7cb1c21a4bf30023f252596d83e1f007?s=96&d=mm&r=g","caption":"admin"},"sameAs":["https:\/\/kibrisdakik.com"],"url":"https:\/\/kibrisdakik.com\/?author=1"}]}},"_links":{"self":[{"href":"https:\/\/kibrisdakik.com\/index.php?rest_route=\/wp\/v2\/posts\/82363","targetHints":{"allow":["GET"]}}],"collection":[{"href":"https:\/\/kibrisdakik.com\/index.php?rest_route=\/wp\/v2\/posts"}],"about":[{"href":"https:\/\/kibrisdakik.com\/index.php?rest_route=\/wp\/v2\/types\/post"}],"author":[{"embeddable":true,"href":"https:\/\/kibrisdakik.com\/index.php?rest_route=\/wp\/v2\/users\/1"}],"replies":[{"embeddable":true,"href":"https:\/\/kibrisdakik.com\/index.php?rest_route=%2Fwp%2Fv2%2Fcomments&post=82363"}],"version-history":[{"count":0,"href":"https:\/\/kibrisdakik.com\/index.php?rest_route=\/wp\/v2\/posts\/82363\/revisions"}],"wp:featuredmedia":[{"embeddable":true,"href":"https:\/\/kibrisdakik.com\/index.php?rest_route=\/wp\/v2\/media\/82364"}],"wp:attachment":[{"href":"https:\/\/kibrisdakik.com\/index.php?rest_route=%2Fwp%2Fv2%2Fmedia&parent=82363"}],"wp:term":[{"taxonomy":"category","embeddable":true,"href":"https:\/\/kibrisdakik.com\/index.php?rest_route=%2Fwp%2Fv2%2Fcategories&post=82363"},{"taxonomy":"post_tag","embeddable":true,"href":"https:\/\/kibrisdakik.com\/index.php?rest_route=%2Fwp%2Fv2%2Ftags&post=82363"}],"curies":[{"name":"wp","href":"https:\/\/api.w.org\/{rel}","templated":true}]}}