{"id":82393,"date":"2025-05-15T17:44:15","date_gmt":"2025-05-15T14:44:15","guid":{"rendered":"https:\/\/kibrisdakik.com\/index.php\/2025\/05\/15\/calisma-ve-sosyal-guvenlik-bakanligi-gozeklen-sloganiyla-is-sagligi-ve-guvenligine-dikkat-cekti\/"},"modified":"2025-05-15T17:44:15","modified_gmt":"2025-05-15T14:44:15","slug":"calisma-ve-sosyal-guvenlik-bakanligi-gozeklen-sloganiyla-is-sagligi-ve-guvenligine-dikkat-cekti","status":"publish","type":"post","link":"https:\/\/kibrisdakik.com\/?p=82393","title":{"rendered":"\u00c7al\u0131\u015fma ve Sosyal G\u00fcvenlik Bakanl\u0131\u011f\u0131, \u201cG\u00f6zeklen\u201d slogan\u0131yla i\u015f sa\u011fl\u0131\u011f\u0131 ve g\u00fcvenli\u011fine dikkat \u00e7ekti"},"content":{"rendered":"<div>\n<div class=\"mariselle-image-container center\">\n                                            <\/div>\n<p>\u00c7al\u0131\u015fma ve Sosyal G\u00fcvenlik Bakanl\u0131\u011f\u0131, i\u015f sa\u011fl\u0131\u011f\u0131 ve g\u00fcvenli\u011fi konusunda toplumsal fark\u0131ndal\u0131k olu\u015fturmak amac\u0131yla haz\u0131rlad\u0131\u011f\u0131 yeni kamu spotunu sosyal medya platformlar\u0131nda kamuoyuyla payla\u015ft\u0131. \u201cG\u00f6zeklen\u201d slogan\u0131yla yay\u0131mlanan video, k\u0131sa s\u00fcrede b\u00fcy\u00fck be\u011feni toplayarak geni\u015f kitlelere ula\u015ft\u0131.<\/p>\n<p>K\u0131br\u0131s T\u00fcrk\u00e7esinde \u201cdikkat et, g\u00f6zet\u201d anlam\u0131na gelen \u201cG\u00f6zeklen\u201d ifadesiyle yay\u0131mlanan kamu spotu, yabanc\u0131 i\u015f\u00e7iler dahil olmak \u00fczere, \u00e7al\u0131\u015fanlar\u0131n i\u015f yerinde g\u00fcvenli\u011fini \u00f6n planda tutmay\u0131, i\u015f kazalar\u0131n\u0131n \u00f6nlenebilir oldu\u011funu vurgulamay\u0131 ve i\u015f sa\u011fl\u0131\u011f\u0131 ile g\u00fcvenli\u011fi k\u00fclt\u00fcr\u00fcn\u00fcn toplumda yerle\u015fmesini hedefliyor.<\/p>\n<p>Bakanl\u0131k taraf\u0131ndan yap\u0131lan a\u00e7\u0131klamada, i\u015f sa\u011fl\u0131\u011f\u0131 ve g\u00fcvenli\u011fi k\u00fclt\u00fcr\u00fcn\u00fcn sadece i\u015fverenler ve \u00e7al\u0131\u015fanlar aras\u0131nda de\u011fil, t\u00fcm toplum genelinde benimsenmesi gerekti\u011fi belirtilerek, kamu spotunun bu y\u00f6ndeki fark\u0131ndal\u0131\u011f\u0131 art\u0131rmay\u0131 ama\u00e7lad\u0131\u011f\u0131 vurguland\u0131.<\/p>\n<\/p><\/div>\n<p><script async\n                    defer\n                    crossorigin=\"anonymous\"\n                    src=\"https:\/\/connect.facebook.net\/tr_TR\/sdk.js#xfbml=1&#038;version=v3.3\"\n            ><\/script><\/p>\n","protected":false},"excerpt":{"rendered":"<p>\u00c7al\u0131\u015fma ve Sosyal G\u00fcvenlik Bakanl\u0131\u011f\u0131, i\u015f sa\u011fl\u0131\u011f\u0131 ve g\u00fcvenli\u011fi konusunda toplumsal fark\u0131ndal\u0131k olu\u015fturmak amac\u0131yla haz\u0131rlad\u0131\u011f\u0131 yeni kamu spotunu sosyal medya platformlar\u0131nda kamuoyuyla payla\u015ft\u0131. \u201cG\u00f6zeklen\u201d slogan\u0131yla yay\u0131mlanan video, k\u0131sa s\u00fcrede b\u00fcy\u00fck be\u011feni toplayarak geni\u015f kitlelere ula\u015ft\u0131. K\u0131br\u0131s T\u00fcrk\u00e7esinde \u201cdikkat et, g\u00f6zet\u201d anlam\u0131na gelen \u201cG\u00f6zeklen\u201d ifadesiyle yay\u0131mlanan kamu spotu, yabanc\u0131 i\u015f\u00e7iler dahil olmak \u00fczere, \u00e7al\u0131\u015fanlar\u0131n i\u015f yerinde<\/p>\n","protected":false},"author":1,"featured_media":82394,"comment_status":"open","ping_status":"open","sticky":false,"template":"","format":"standard","meta":{"footnotes":""},"categories":[81,101],"tags":[],"class_list":["post-82393","post","type-post","status-publish","format-standard","has-post-thumbnail","hentry","category-kibris","category-manset"],"yoast_head":"<!-- This site is optimized with the Yoast SEO plugin v27.4 - https:\/\/yoast.com\/product\/yoast-seo-wordpress\/ -->\n<title>\u00c7al\u0131\u015fma ve Sosyal G\u00fcvenlik Bakanl\u0131\u011f\u0131, \u201cG\u00f6zeklen\u201d slogan\u0131yla i\u015f sa\u011fl\u0131\u011f\u0131 ve g\u00fcvenli\u011fine dikkat \u00e7ekti -<\/title>\n<meta name=\"robots\" content=\"index, follow, max-snippet:-1, max-image-preview:large, max-video-preview:-1\" \/>\n<link rel=\"canonical\" href=\"https:\/\/kibrisdakik.com\/?p=82393\" \/>\n<meta property=\"og:locale\" content=\"tr_TR\" \/>\n<meta property=\"og:type\" content=\"article\" \/>\n<meta property=\"og:title\" content=\"\u00c7al\u0131\u015fma ve Sosyal G\u00fcvenlik Bakanl\u0131\u011f\u0131, \u201cG\u00f6zeklen\u201d slogan\u0131yla i\u015f sa\u011fl\u0131\u011f\u0131 ve g\u00fcvenli\u011fine dikkat \u00e7ekti -\" \/>\n<meta property=\"og:description\" content=\"\u00c7al\u0131\u015fma ve Sosyal G\u00fcvenlik Bakanl\u0131\u011f\u0131, i\u015f sa\u011fl\u0131\u011f\u0131 ve g\u00fcvenli\u011fi konusunda toplumsal fark\u0131ndal\u0131k olu\u015fturmak amac\u0131yla haz\u0131rlad\u0131\u011f\u0131 yeni kamu spotunu sosyal medya platformlar\u0131nda kamuoyuyla payla\u015ft\u0131. \u201cG\u00f6zeklen\u201d slogan\u0131yla yay\u0131mlanan video, k\u0131sa s\u00fcrede b\u00fcy\u00fck be\u011feni toplayarak geni\u015f kitlelere ula\u015ft\u0131. K\u0131br\u0131s T\u00fcrk\u00e7esinde \u201cdikkat et, g\u00f6zet\u201d anlam\u0131na gelen \u201cG\u00f6zeklen\u201d ifadesiyle yay\u0131mlanan kamu spotu, yabanc\u0131 i\u015f\u00e7iler dahil olmak \u00fczere, \u00e7al\u0131\u015fanlar\u0131n i\u015f yerinde\" \/>\n<meta property=\"og:url\" content=\"https:\/\/kibrisdakik.com\/?p=82393\" \/>\n<meta property=\"article:published_time\" content=\"2025-05-15T14:44:15+00:00\" \/>\n<meta property=\"og:image\" content=\"https:\/\/kibrisdakik.com\/wp-content\/uploads\/2025\/05\/1747318193828gozeklen-2-740x420.png\" \/>\n\t<meta property=\"og:image:width\" content=\"1208\" \/>\n\t<meta property=\"og:image:height\" content=\"657\" \/>\n\t<meta property=\"og:image:type\" content=\"image\/png\" \/>\n<meta name=\"author\" content=\"admin\" \/>\n<meta name=\"twitter:card\" content=\"summary_large_image\" \/>\n<meta name=\"twitter:label1\" content=\"Yazan:\" \/>\n\t<meta name=\"twitter:data1\" content=\"admin\" \/>\n\t<meta name=\"twitter:label2\" content=\"Tahmini okuma s\u00fcresi\" \/>\n\t<meta name=\"twitter:data2\" content=\"1 dakika\" \/>\n<script type=\"application\/ld+json\" class=\"yoast-schema-graph\">{\"@context\":\"https:\\\/\\\/schema.org\",\"@graph\":[{\"@type\":\"Article\",\"@id\":\"https:\\\/\\\/kibrisdakik.com\\\/?p=82393#article\",\"isPartOf\":{\"@id\":\"https:\\\/\\\/kibrisdakik.com\\\/?p=82393\"},\"author\":{\"name\":\"admin\",\"@id\":\"https:\\\/\\\/kibrisdakik.com\\\/#\\\/schema\\\/person\\\/9cd9d437bbb44f72b73ba127e06d8e79\"},\"headline\":\"\u00c7al\u0131\u015fma ve Sosyal G\u00fcvenlik Bakanl\u0131\u011f\u0131, \u201cG\u00f6zeklen\u201d slogan\u0131yla i\u015f sa\u011fl\u0131\u011f\u0131 ve g\u00fcvenli\u011fine dikkat \u00e7ekti\",\"datePublished\":\"2025-05-15T14:44:15+00:00\",\"mainEntityOfPage\":{\"@id\":\"https:\\\/\\\/kibrisdakik.com\\\/?p=82393\"},\"wordCount\":188,\"commentCount\":0,\"image\":{\"@id\":\"https:\\\/\\\/kibrisdakik.com\\\/?p=82393#primaryimage\"},\"thumbnailUrl\":\"https:\\\/\\\/kibrisdakik.com\\\/wp-content\\\/uploads\\\/2025\\\/05\\\/1747318193828gozeklen-2-740x420.png\",\"articleSection\":[\"K\u0131br\u0131s\",\"Man\u015fet\"],\"inLanguage\":\"tr\",\"potentialAction\":[{\"@type\":\"CommentAction\",\"name\":\"Comment\",\"target\":[\"https:\\\/\\\/kibrisdakik.com\\\/?p=82393#respond\"]}]},{\"@type\":\"WebPage\",\"@id\":\"https:\\\/\\\/kibrisdakik.com\\\/?p=82393\",\"url\":\"https:\\\/\\\/kibrisdakik.com\\\/?p=82393\",\"name\":\"\u00c7al\u0131\u015fma ve Sosyal G\u00fcvenlik Bakanl\u0131\u011f\u0131, \u201cG\u00f6zeklen\u201d slogan\u0131yla i\u015f sa\u011fl\u0131\u011f\u0131 ve g\u00fcvenli\u011fine dikkat \u00e7ekti -\",\"isPartOf\":{\"@id\":\"https:\\\/\\\/kibrisdakik.com\\\/#website\"},\"primaryImageOfPage\":{\"@id\":\"https:\\\/\\\/kibrisdakik.com\\\/?p=82393#primaryimage\"},\"image\":{\"@id\":\"https:\\\/\\\/kibrisdakik.com\\\/?p=82393#primaryimage\"},\"thumbnailUrl\":\"https:\\\/\\\/kibrisdakik.com\\\/wp-content\\\/uploads\\\/2025\\\/05\\\/1747318193828gozeklen-2-740x420.png\",\"datePublished\":\"2025-05-15T14:44:15+00:00\",\"author\":{\"@id\":\"https:\\\/\\\/kibrisdakik.com\\\/#\\\/schema\\\/person\\\/9cd9d437bbb44f72b73ba127e06d8e79\"},\"breadcrumb\":{\"@id\":\"https:\\\/\\\/kibrisdakik.com\\\/?p=82393#breadcrumb\"},\"inLanguage\":\"tr\",\"potentialAction\":[{\"@type\":\"ReadAction\",\"target\":[\"https:\\\/\\\/kibrisdakik.com\\\/?p=82393\"]}]},{\"@type\":\"ImageObject\",\"inLanguage\":\"tr\",\"@id\":\"https:\\\/\\\/kibrisdakik.com\\\/?p=82393#primaryimage\",\"url\":\"https:\\\/\\\/kibrisdakik.com\\\/wp-content\\\/uploads\\\/2025\\\/05\\\/1747318193828gozeklen-2-740x420.png\",\"contentUrl\":\"https:\\\/\\\/kibrisdakik.com\\\/wp-content\\\/uploads\\\/2025\\\/05\\\/1747318193828gozeklen-2-740x420.png\",\"width\":1208,\"height\":657},{\"@type\":\"BreadcrumbList\",\"@id\":\"https:\\\/\\\/kibrisdakik.com\\\/?p=82393#breadcrumb\",\"itemListElement\":[{\"@type\":\"ListItem\",\"position\":1,\"name\":\"Home\",\"item\":\"https:\\\/\\\/kibrisdakik.com\\\/\"},{\"@type\":\"ListItem\",\"position\":2,\"name\":\"\u00c7al\u0131\u015fma ve Sosyal G\u00fcvenlik Bakanl\u0131\u011f\u0131, \u201cG\u00f6zeklen\u201d slogan\u0131yla i\u015f sa\u011fl\u0131\u011f\u0131 ve g\u00fcvenli\u011fine dikkat \u00e7ekti\"}]},{\"@type\":\"WebSite\",\"@id\":\"https:\\\/\\\/kibrisdakik.com\\\/#website\",\"url\":\"https:\\\/\\\/kibrisdakik.com\\\/\",\"name\":\"\",\"description\":\"Tam vaktinde haber\",\"potentialAction\":[{\"@type\":\"SearchAction\",\"target\":{\"@type\":\"EntryPoint\",\"urlTemplate\":\"https:\\\/\\\/kibrisdakik.com\\\/?s={search_term_string}\"},\"query-input\":{\"@type\":\"PropertyValueSpecification\",\"valueRequired\":true,\"valueName\":\"search_term_string\"}}],\"inLanguage\":\"tr\"},{\"@type\":\"Person\",\"@id\":\"https:\\\/\\\/kibrisdakik.com\\\/#\\\/schema\\\/person\\\/9cd9d437bbb44f72b73ba127e06d8e79\",\"name\":\"admin\",\"image\":{\"@type\":\"ImageObject\",\"inLanguage\":\"tr\",\"@id\":\"https:\\\/\\\/secure.gravatar.com\\\/avatar\\\/ccc17943b9d660506c869530f897617f7cb1c21a4bf30023f252596d83e1f007?s=96&d=mm&r=g\",\"url\":\"https:\\\/\\\/secure.gravatar.com\\\/avatar\\\/ccc17943b9d660506c869530f897617f7cb1c21a4bf30023f252596d83e1f007?s=96&d=mm&r=g\",\"contentUrl\":\"https:\\\/\\\/secure.gravatar.com\\\/avatar\\\/ccc17943b9d660506c869530f897617f7cb1c21a4bf30023f252596d83e1f007?s=96&d=mm&r=g\",\"caption\":\"admin\"},\"sameAs\":[\"https:\\\/\\\/kibrisdakik.com\"],\"url\":\"https:\\\/\\\/kibrisdakik.com\\\/?author=1\"}]}<\/script>\n<!-- \/ Yoast SEO plugin. -->","yoast_head_json":{"title":"\u00c7al\u0131\u015fma ve Sosyal G\u00fcvenlik Bakanl\u0131\u011f\u0131, \u201cG\u00f6zeklen\u201d slogan\u0131yla i\u015f sa\u011fl\u0131\u011f\u0131 ve g\u00fcvenli\u011fine dikkat \u00e7ekti -","robots":{"index":"index","follow":"follow","max-snippet":"max-snippet:-1","max-image-preview":"max-image-preview:large","max-video-preview":"max-video-preview:-1"},"canonical":"https:\/\/kibrisdakik.com\/?p=82393","og_locale":"tr_TR","og_type":"article","og_title":"\u00c7al\u0131\u015fma ve Sosyal G\u00fcvenlik Bakanl\u0131\u011f\u0131, \u201cG\u00f6zeklen\u201d slogan\u0131yla i\u015f sa\u011fl\u0131\u011f\u0131 ve g\u00fcvenli\u011fine dikkat \u00e7ekti -","og_description":"\u00c7al\u0131\u015fma ve Sosyal G\u00fcvenlik Bakanl\u0131\u011f\u0131, i\u015f sa\u011fl\u0131\u011f\u0131 ve g\u00fcvenli\u011fi konusunda toplumsal fark\u0131ndal\u0131k olu\u015fturmak amac\u0131yla haz\u0131rlad\u0131\u011f\u0131 yeni kamu spotunu sosyal medya platformlar\u0131nda kamuoyuyla payla\u015ft\u0131. \u201cG\u00f6zeklen\u201d slogan\u0131yla yay\u0131mlanan video, k\u0131sa s\u00fcrede b\u00fcy\u00fck be\u011feni toplayarak geni\u015f kitlelere ula\u015ft\u0131. K\u0131br\u0131s T\u00fcrk\u00e7esinde \u201cdikkat et, g\u00f6zet\u201d anlam\u0131na gelen \u201cG\u00f6zeklen\u201d ifadesiyle yay\u0131mlanan kamu spotu, yabanc\u0131 i\u015f\u00e7iler dahil olmak \u00fczere, \u00e7al\u0131\u015fanlar\u0131n i\u015f yerinde","og_url":"https:\/\/kibrisdakik.com\/?p=82393","article_published_time":"2025-05-15T14:44:15+00:00","og_image":[{"width":1208,"height":657,"url":"https:\/\/kibrisdakik.com\/wp-content\/uploads\/2025\/05\/1747318193828gozeklen-2-740x420.png","type":"image\/png"}],"author":"admin","twitter_card":"summary_large_image","twitter_misc":{"Yazan:":"admin","Tahmini okuma s\u00fcresi":"1 dakika"},"schema":{"@context":"https:\/\/schema.org","@graph":[{"@type":"Article","@id":"https:\/\/kibrisdakik.com\/?p=82393#article","isPartOf":{"@id":"https:\/\/kibrisdakik.com\/?p=82393"},"author":{"name":"admin","@id":"https:\/\/kibrisdakik.com\/#\/schema\/person\/9cd9d437bbb44f72b73ba127e06d8e79"},"headline":"\u00c7al\u0131\u015fma ve Sosyal G\u00fcvenlik Bakanl\u0131\u011f\u0131, \u201cG\u00f6zeklen\u201d slogan\u0131yla i\u015f sa\u011fl\u0131\u011f\u0131 ve g\u00fcvenli\u011fine dikkat \u00e7ekti","datePublished":"2025-05-15T14:44:15+00:00","mainEntityOfPage":{"@id":"https:\/\/kibrisdakik.com\/?p=82393"},"wordCount":188,"commentCount":0,"image":{"@id":"https:\/\/kibrisdakik.com\/?p=82393#primaryimage"},"thumbnailUrl":"https:\/\/kibrisdakik.com\/wp-content\/uploads\/2025\/05\/1747318193828gozeklen-2-740x420.png","articleSection":["K\u0131br\u0131s","Man\u015fet"],"inLanguage":"tr","potentialAction":[{"@type":"CommentAction","name":"Comment","target":["https:\/\/kibrisdakik.com\/?p=82393#respond"]}]},{"@type":"WebPage","@id":"https:\/\/kibrisdakik.com\/?p=82393","url":"https:\/\/kibrisdakik.com\/?p=82393","name":"\u00c7al\u0131\u015fma ve Sosyal G\u00fcvenlik Bakanl\u0131\u011f\u0131, \u201cG\u00f6zeklen\u201d slogan\u0131yla i\u015f sa\u011fl\u0131\u011f\u0131 ve g\u00fcvenli\u011fine dikkat \u00e7ekti -","isPartOf":{"@id":"https:\/\/kibrisdakik.com\/#website"},"primaryImageOfPage":{"@id":"https:\/\/kibrisdakik.com\/?p=82393#primaryimage"},"image":{"@id":"https:\/\/kibrisdakik.com\/?p=82393#primaryimage"},"thumbnailUrl":"https:\/\/kibrisdakik.com\/wp-content\/uploads\/2025\/05\/1747318193828gozeklen-2-740x420.png","datePublished":"2025-05-15T14:44:15+00:00","author":{"@id":"https:\/\/kibrisdakik.com\/#\/schema\/person\/9cd9d437bbb44f72b73ba127e06d8e79"},"breadcrumb":{"@id":"https:\/\/kibrisdakik.com\/?p=82393#breadcrumb"},"inLanguage":"tr","potentialAction":[{"@type":"ReadAction","target":["https:\/\/kibrisdakik.com\/?p=82393"]}]},{"@type":"ImageObject","inLanguage":"tr","@id":"https:\/\/kibrisdakik.com\/?p=82393#primaryimage","url":"https:\/\/kibrisdakik.com\/wp-content\/uploads\/2025\/05\/1747318193828gozeklen-2-740x420.png","contentUrl":"https:\/\/kibrisdakik.com\/wp-content\/uploads\/2025\/05\/1747318193828gozeklen-2-740x420.png","width":1208,"height":657},{"@type":"BreadcrumbList","@id":"https:\/\/kibrisdakik.com\/?p=82393#breadcrumb","itemListElement":[{"@type":"ListItem","position":1,"name":"Home","item":"https:\/\/kibrisdakik.com\/"},{"@type":"ListItem","position":2,"name":"\u00c7al\u0131\u015fma ve Sosyal G\u00fcvenlik Bakanl\u0131\u011f\u0131, \u201cG\u00f6zeklen\u201d slogan\u0131yla i\u015f sa\u011fl\u0131\u011f\u0131 ve g\u00fcvenli\u011fine dikkat \u00e7ekti"}]},{"@type":"WebSite","@id":"https:\/\/kibrisdakik.com\/#website","url":"https:\/\/kibrisdakik.com\/","name":"","description":"Tam vaktinde haber","potentialAction":[{"@type":"SearchAction","target":{"@type":"EntryPoint","urlTemplate":"https:\/\/kibrisdakik.com\/?s={search_term_string}"},"query-input":{"@type":"PropertyValueSpecification","valueRequired":true,"valueName":"search_term_string"}}],"inLanguage":"tr"},{"@type":"Person","@id":"https:\/\/kibrisdakik.com\/#\/schema\/person\/9cd9d437bbb44f72b73ba127e06d8e79","name":"admin","image":{"@type":"ImageObject","inLanguage":"tr","@id":"https:\/\/secure.gravatar.com\/avatar\/ccc17943b9d660506c869530f897617f7cb1c21a4bf30023f252596d83e1f007?s=96&d=mm&r=g","url":"https:\/\/secure.gravatar.com\/avatar\/ccc17943b9d660506c869530f897617f7cb1c21a4bf30023f252596d83e1f007?s=96&d=mm&r=g","contentUrl":"https:\/\/secure.gravatar.com\/avatar\/ccc17943b9d660506c869530f897617f7cb1c21a4bf30023f252596d83e1f007?s=96&d=mm&r=g","caption":"admin"},"sameAs":["https:\/\/kibrisdakik.com"],"url":"https:\/\/kibrisdakik.com\/?author=1"}]}},"_links":{"self":[{"href":"https:\/\/kibrisdakik.com\/index.php?rest_route=\/wp\/v2\/posts\/82393","targetHints":{"allow":["GET"]}}],"collection":[{"href":"https:\/\/kibrisdakik.com\/index.php?rest_route=\/wp\/v2\/posts"}],"about":[{"href":"https:\/\/kibrisdakik.com\/index.php?rest_route=\/wp\/v2\/types\/post"}],"author":[{"embeddable":true,"href":"https:\/\/kibrisdakik.com\/index.php?rest_route=\/wp\/v2\/users\/1"}],"replies":[{"embeddable":true,"href":"https:\/\/kibrisdakik.com\/index.php?rest_route=%2Fwp%2Fv2%2Fcomments&post=82393"}],"version-history":[{"count":0,"href":"https:\/\/kibrisdakik.com\/index.php?rest_route=\/wp\/v2\/posts\/82393\/revisions"}],"wp:featuredmedia":[{"embeddable":true,"href":"https:\/\/kibrisdakik.com\/index.php?rest_route=\/wp\/v2\/media\/82394"}],"wp:attachment":[{"href":"https:\/\/kibrisdakik.com\/index.php?rest_route=%2Fwp%2Fv2%2Fmedia&parent=82393"}],"wp:term":[{"taxonomy":"category","embeddable":true,"href":"https:\/\/kibrisdakik.com\/index.php?rest_route=%2Fwp%2Fv2%2Fcategories&post=82393"},{"taxonomy":"post_tag","embeddable":true,"href":"https:\/\/kibrisdakik.com\/index.php?rest_route=%2Fwp%2Fv2%2Ftags&post=82393"}],"curies":[{"name":"wp","href":"https:\/\/api.w.org\/{rel}","templated":true}]}}