{"id":82397,"date":"2025-05-15T17:57:57","date_gmt":"2025-05-15T14:57:57","guid":{"rendered":"https:\/\/kibrisdakik.com\/index.php\/2025\/05\/15\/ilk-genclik-romani-odul-toreni-gulten-dayioglunin-katilimiyla-yapildi\/"},"modified":"2025-05-15T17:57:57","modified_gmt":"2025-05-15T14:57:57","slug":"ilk-genclik-romani-odul-toreni-gulten-dayioglunin-katilimiyla-yapildi","status":"publish","type":"post","link":"https:\/\/kibrisdakik.com\/?p=82397","title":{"rendered":"\u201c\u0130lk Gen\u00e7lik Roman\u0131 \u00d6d\u00fcl T\u00f6reni\u201d, G\u00fclten Day\u0131o\u011flu\u2019n\u0131n kat\u0131l\u0131m\u0131yla yap\u0131ld\u0131"},"content":{"rendered":"<div>\n<div class=\"mariselle-image-container center\">\n                                            <\/div>\n<p>T\u00fcrkiye\u2019de faaliyetlerini s\u00fcrd\u00fcren G\u00fclten Day\u0131o\u011flu \u00c7ocuk ve Gen\u00e7lik Edebiyat\u0131 Vakf\u0131\u2019n\u0131n her y\u0131l d\u00fczenledi\u011fi \u201c\u0130lk Gen\u00e7lik Roman\u0131 \u00d6d\u00fcl T\u00f6reni\u201d, bu y\u0131l Atat\u00fcrk \u00d6\u011fretmen Akademisi (A\u00d6A) ev sahipli\u011finde KKTC\u2019de yap\u0131ld\u0131.<\/p>\n<p>Her y\u0131l G\u00fclten Day\u0131o\u011flu\u2019nun do\u011fum g\u00fcn\u00fc olan 15 May\u0131s\u2019ta ger\u00e7ekle\u015ftirilen t\u00f6rende bu y\u0131l \u00f6d\u00fcle \u2018Buraday\u0131m\u2019 isimli roman\u0131yla Filiz G\u00fcndo\u011fan lay\u0131k g\u00f6r\u00fcld\u00fc.<\/p>\n<p>T\u00f6ren a\u00e7\u0131l\u0131\u015f\u0131nda, Mill\u00ee E\u011fitim Bakanl\u0131\u011f\u0131\u2019na ba\u011fl\u0131 Talim ve Terbiye Dairesi M\u00fcd\u00fcr\u00fc, A\u00d6A Y\u00f6netim Kurulu \u00fcyesi Murat Aktu\u011f, A\u00d6A Ba\u015fkan\u0131 Prof. Dr. G\u00fcner Konedral\u0131 ve G\u00fclten Day\u0131o\u011flu \u00c7ocuk ve Gen\u00e7lik Edebiyat\u0131 Vakf\u0131 Genel Sekreteri ve S\u00f6zc\u00fcs\u00fc Murat Day\u0131o\u011flu birer konu\u015fma yapt\u0131lar.<\/p>\n<p>A\u00e7\u0131l\u0131\u015f konu\u015fmalar\u0131 sonras\u0131nda \u2018T\u00fcrkiye ve KKTC\u2019de \u00c7ocuk ve Gen\u00e7lik Edebiyat\u0131\u2019n\u0131n Geli\u015fimi\u2019 isimli panel d\u00fczenlendi. Panelin ba\u015fkanl\u0131\u011f\u0131n\u0131 Ankara \u00dcniversitesi \u00d6\u011fretim \u00dcyesi Prof. Dr. Sedat Sever \u00fcstlendi.<\/p>\n<p>Panelde, Yak\u0131n Do\u011fu \u00dcniversitesi \u00d6\u011fretim \u00dcyesi Prof. Dr. \u015eevket \u00d6znur, 29 May\u0131s \u00dcniversitesi\u2019nden \u00d6\u011fretim \u00dcyesi Do\u00e7. Dr. Sedat Karag\u00fcl ve Akdeniz Karpaz \u00dcniversitesi\u2019nden Dr. \u00c7a\u011f\u0131n Zort konu\u015ftu.  <\/p>\n<p>Panel sonras\u0131nda ger\u00e7ekle\u015ftirilen \u00f6d\u00fcl t\u00f6reninde, G\u00fclten Day\u0131o\u011flu taraf\u0131ndan Filiz G\u00fcndo\u011fan\u2019a \u00f6d\u00fcl\u00fc takdim edildi.<\/p>\n<p>Etkinlik G\u00fclten Day\u0131o\u011flu\u2019nun 90. ya\u015f g\u00fcn\u00fcn\u00fcn kutlanmas\u0131 sonras\u0131nda imza etkinli\u011fiyle son buldu.     <\/p>\n<p>-Aktu\u011f<\/p>\n<p>Mill\u00ee E\u011fitim Bakanl\u0131\u011f\u0131\u2019na ba\u011fl\u0131 Talim ve Terbiye Dairesi M\u00fcd\u00fcr\u00fc, A\u00d6A Y\u00f6netim Kurulu \u00dcyesi Murat Aktu\u011f t\u00f6rende bulunmaktan duydu\u011fu memnuniyeti dile getirerek, \u201cBug\u00fcn burada sadece bir \u00f6d\u00fcl t\u00f6reni maksad\u0131yla bir araya gelmi\u015f de\u011filiz. Bug\u00fcn burada T\u00fcrkiye Cumhuriyeti edebiyat\u0131yla ilgili belki de tarihin en \u00fcretken yazar\u0131n\u0131n vesile oldu\u011fu bir vak\u0131f\u0131n \u00f6d\u00fcl t\u00f6reni i\u00e7in bir araya geldik.\u201d dedi.<\/p>\n<p>Kendisinin G\u00fclten Day\u0131o\u011flu\u2019yla tan\u0131\u015fmas\u0131n\u0131n 1970\u2019li y\u0131llarda Ay\u015feg\u00fcl serisiyle ba\u015flad\u0131\u011f\u0131n\u0131 s\u00f6yleyen Aktu\u011f, bu kitaplar\u0131n sorgulama, hayal g\u00fcc\u00fcn\u00fc geli\u015ftirme ve toplumsal konularda farkl\u0131 bak\u0131\u015f a\u00e7\u0131lar\u0131 edinme becerilerini geli\u015ftiren bir ba\u015flang\u0131\u00e7 oldu\u011funu kaydetti.<\/p>\n<p>Aktu\u011f, \u00e7ocuklar\u0131n ve gen\u00e7lerin geli\u015fiminin sadece edebiyat\u00e7\u0131 ve yazarlar\u0131n katk\u0131s\u0131yla sa\u011flanamayaca\u011f\u0131n\u0131 i\u015faret ederek, aileler ve \u00f6\u011fretmenlere \u00f6nemli g\u00f6revler d\u00fc\u015ft\u00fc\u011f\u00fcn\u00fc, Atat\u00fcrk \u00d6\u011fretmen Akademisi gibi kurumlar\u0131n desteklerinin sa\u011flad\u0131\u011f\u0131 bu gibi ortamlar\u0131n \u00e7ok \u00f6nemi oldu\u011funu ifade etti.<\/p>\n<p>Konu\u015fmas\u0131n\u0131n sonunda edebiyat\u0131n bir \u00e7ocu\u011fun i\u00e7 d\u00fcnyas\u0131nda k\u00f6pr\u00fc kurmak oldu\u011funu aktaran Aktu\u011f, \u201cGelin bu k\u00f6pr\u00fcleri hep birlikte kural\u0131m.\u201d \u015feklinde konu\u015ftu.<\/p>\n<p>-Konderal\u0131<\/p>\n<p>Atat\u00fcrk \u00d6\u011fretmen Akademisi Ba\u015fkan\u0131 Prof. Dr. G\u00fcner Konderal\u0131 da konu\u015fmas\u0131nda Vakf\u0131n her y\u0131l d\u00fczenledi\u011fi \u201c\u0130lk Gen\u00e7lik Roman\u0131 \u00d6d\u00fcl T\u00f6reni\u201dni ger\u00e7ekle\u015ftirdiklerini i\u015faret ederek, bunun sadece bir \u00f6d\u00fcl t\u00f6reni de\u011fil, ayn\u0131 zamanda umuda ve inanca olan bir yolculu\u011fun kutlanmas\u0131 oldu\u011funu s\u00f6yledi.<\/p>\n<p>G\u00fclten Day\u0131o\u011flu\u2019nun kurdu\u011fu vak\u0131f sayesinde gen\u00e7 kalemlere ellerini uzatt\u0131\u011f\u0131n\u0131 ve onlar\u0131n seslerini daha g\u00fcr duymalar\u0131n\u0131 sa\u011flad\u0131\u011f\u0131n\u0131 kaydeden Konderal\u0131, gen\u00e7lerin seslerinin sadece edebiyat\u0131 de\u011fil toplumu da de\u011fi\u015ftirip, d\u00f6n\u00fc\u015ft\u00fcrd\u00fc\u011f\u00fcn\u00fcn alt\u0131n\u0131 \u00e7izdi.<\/p>\n<p>Konderal\u0131, Day\u0131o\u011flu\u2019nun yaln\u0131zca T\u00fcrk Edebiyat\u0131\u2019n\u0131n \u00fcretken ve de\u011ferli bir yazar\u0131 olmad\u0131\u011f\u0131n\u0131 ayn\u0131 zamanda \u00e7ocuklar\u0131n ve gen\u00e7lerin d\u00fcnyas\u0131n\u0131 derinden anlayan, onlar\u0131n d\u00fc\u015flerine, s\u0131k\u0131nt\u0131lar\u0131na kulak veren edebiyat d\u00fcnyas\u0131n\u0131n Fadi\u015f\u2019i oldu\u011funu dile getirdi.<\/p>\n<p>G\u00fclten Day\u0131o\u011flu\u2019nun izinden y\u00fcr\u00fcyen her kalem bizim i\u00e7in bir \u0131\u015f\u0131k demetidir.\u201d diyen Konderal\u0131, bu \u0131\u015f\u0131\u011f\u0131 \u00e7o\u011faltmak ve yayman\u0131n da \u00f6\u011fretmen ve \u00f6\u011fretmen adaylar\u0131n\u0131n en kutsal g\u00f6revleri oldu\u011funu s\u00f6yledi.<\/p>\n<p>Konderal\u0131 konu\u015fmas\u0131nda, \u00f6d\u00fcl alacak gen\u00e7 yazar\u0131 da kutlayarak, \u201cKaleminiz hi\u00e7 susmas\u0131n.\u201d dedi.<\/p>\n<p>-Murat Day\u0131o\u011flu<\/p>\n<p>G\u00fclten Day\u0131o\u011flu \u00c7ocuk ve Gen\u00e7lik Edebiyat\u0131 Vakf\u0131 Genel Sekreteri ve S\u00f6zc\u00fcs\u00fc Murat Day\u0131o\u011flu ise konu\u015fmas\u0131nda Vak\u0131f hakk\u0131nda bilgi vererek, 2007 y\u0131l\u0131nda kuruldu\u011funu belirtti.<\/p>\n<p>Vakf\u0131 2007 y\u0131l\u0131ndan bu yana hep etkin tuttuklar\u0131na dikkat \u00e7eken Murat Day\u0131o\u011flu, \u201cO taahh\u00fctten bu yana 18 tane \u00f6d\u00fcl verdik. 18 tane kitab\u0131m\u0131z yay\u0131nland\u0131.\u201d dedi.<\/p>\n<p>Murat Day\u0131o\u011flu, bug\u00fcn Vakf\u0131n logosuyla yay\u0131nlanan kitaplar\u0131n hem gen\u00e7ler ve \u00e7ocuklar aras\u0131nda hem de \u00f6\u011fretmenler ve veliler aras\u0131nda tavsiye edilir kitaplar olarak kabul edildi\u011fini i\u015faret etti.<\/p>\n<p>Bu y\u0131l \u00f6d\u00fcl alan yazar G\u00fcndo\u011fan\u2019\u0131 da kutlayan Day\u0131o\u011flu, Vak\u0131f olarak nisan ay\u0131nda o y\u0131l\u0131n yazar\u0131n\u0131 belirlediklerini ve 23 Nisan\u2019da da G\u00fclten Day\u0131o\u011flu\u2019nun \u00f6d\u00fcl\u00fc alan ki\u015fiye kazand\u0131\u011f\u0131n\u0131 bildirdi\u011fini ve G\u00fclten Day\u0131o\u011flu\u2019nun do\u011fum g\u00fcn\u00fc olan 15 May\u0131s\u2019ta da \u00f6d\u00fcl t\u00f6renini yapt\u0131klar\u0131n\u0131 a\u00e7\u0131klad\u0131.<\/p>\n<p>\u2013 \u201cT\u00fcrkiye ve KKTC\u2019de \u00c7ocuk ve Gen\u00e7lik Edebiyat\u0131\u2019n\u0131n Geli\u015fimi\u201d isimli panel d\u00fczenlendi<\/p>\n<p>A\u00e7\u0131l\u0131\u015f konu\u015fmalar\u0131 sonras\u0131nda ger\u00e7ekle\u015ftirilen panelde ba\u015fkanl\u0131k yapan Ankara \u00dcniversitesi \u00f6\u011fretim \u00fcyesi Prof. Dr. Sedat Sever ayn\u0131 zamanda Ankara \u00dcniversitesi \u00c7ocuk ve Gen\u00e7lik Edebiyat\u0131 Uygulama ve Ara\u015ft\u0131rma Merkezi Kurucu M\u00fcd\u00fcr\u00fc oldu\u011funu s\u00f6yleyerek, b\u00f6ylesi bir merkezin T\u00fcrkiye\u2019de tek oldu\u011funu s\u00f6yledi.<\/p>\n<p>Panelde, Yak\u0131n Do\u011fu \u00dcniversitesi \u00d6\u011fretim \u00dcyesi \u015eevket \u00d6znur, K\u0131br\u0131s\u2019ta \u00e7ocuk edebiyat\u0131n\u0131n tarih\u00e7esi hakk\u0131nda sunum yapt\u0131. \u00c7ocuk edebiyat\u0131nda masallar\u0131n \u00f6nemli bir yeri oldu\u011funu i\u015faret eden \u00d6znur, ba\u015fta Re\u015fat Ebeo\u011flu olmak \u00fczere bu alana katk\u0131 yapanlar hakk\u0131nda bilgi verdi.<\/p>\n<p>T\u00fcrkiye\u2019de \u00c7ocuk Edebiyat\u0131\u2019na dair konu\u015fan 29 May\u0131s \u00dcniversitesi \u00d6\u011fretim \u00dcyesi Do\u00e7. Dr. Sedat Karag\u00fcl, T\u00fcrkiye\u2019de \u00e7ocuk edebiyat\u0131n\u0131n \u00f6ncelikle Avrupa\u2019daki eserlerin \u00e7evirileri \u00fczerinden ba\u015flad\u0131\u011f\u0131n\u0131, daha sonra bu \u00e7evirileri yapan yazarlar\u0131n \u00e7ocuk edebiyat\u0131 \u00fczerine eserler yazd\u0131klar\u0131n\u0131 s\u00f6yledi.<\/p>\n<p>Akdeniz Karpaz \u00dcniversitesi \u00d6\u011fretim G\u00f6revlisi Dr. \u00c7a\u011f\u0131n Zort ise konu\u015fmas\u0131nda \u00e7ocuk edebiyat\u0131 ba\u011flam\u0131nda masallar, ninniler ve \u015fiirler hakk\u0131nda konu\u015farak, K\u0131br\u0131s T\u00fcrk k\u00fclt\u00fcr\u00fcn\u00fcn bir par\u00e7as\u0131 olan ninnilerden \u00f6rnekler verdi.<\/p>\n<p>-G\u00fclten Day\u0131o\u011flu<\/p>\n<p>Panel sonras\u0131nda ger\u00e7ekle\u015ftirilen \u00f6d\u00fcl t\u00f6reninde, G\u00fclten Day\u0131o\u011flu kat\u0131l\u0131mc\u0131lar\u0131n alk\u0131\u015flar\u0131yla 90. ya\u015f g\u00fcn\u00fc kutlad\u0131.<\/p>\n<p>T\u00f6rende, \u201cBuraday\u0131m\u201d isimli roman\u0131yla birinci gelen Filiz G\u00fcndo\u011fan\u2019a \u00f6d\u00fcl\u00fcn\u00fc takdim eden G\u00fclten Day\u0131o\u011flu, K\u0131br\u0131s\u2019a ko\u015farak geldi\u011fini ve do\u011fum g\u00fcn\u00fcn\u00fc de ilk kez yurt d\u0131\u015f\u0131nda kutlad\u0131\u011f\u0131n\u0131 s\u00f6yledi.<\/p>\n<p>Konu\u015fmas\u0131nda, Vakf\u0131n kurulu\u015f a\u015famas\u0131 hakk\u0131nda da k\u0131sa bir bilgi veren G\u00fclten Day\u0131o\u011flu, Vakf\u0131n kurulu\u015f fikrini ilk ortaya att\u0131\u011f\u0131 2007 y\u0131l\u0131nda onu destekleyen e\u015fi Cevdet Day\u0131o\u011flu\u2019nu kendisine \u201cBen var\u0131m. Yay\u0131nday\u0131m.\u201d dedi\u011fini ifade etti.<\/p>\n<p>Vakf\u0131n kurulu\u015f a\u015famas\u0131nda bir\u00e7ok insan\u0131n destek oldu\u011funu aktaran Day\u0131o\u011flu, herkese te\u015fekk\u00fcr etti.<\/p>\n<p>Day\u0131o\u011flu, o d\u00f6nemde 40 \u00fcniversiteye mektup yazd\u0131\u011f\u0131n\u0131 ve 15 \u00fcniversitenin geri d\u00f6n\u00fc\u015f yapt\u0131\u011f\u0131n\u0131 s\u00f6yleyerek, o g\u00fcnden itibaren bug\u00fcne kadar \u00fcniversiteleri dola\u015f\u0131p bu t\u00fcr t\u00f6renler d\u00fczenlediklerini kaydetti.   <\/p>\n<p>Day\u0131o\u011flu, tek hedeflerinin \u00e7ocuk oldu\u011funu i\u015faret ederek, \u201cAmac\u0131m\u0131z kitap okuma k\u00fclt\u00fcr\u00fcn\u00fcn olu\u015fmas\u0131d\u0131r.\u201d \u015feklinde konu\u015ftu.<\/p>\n<p>Konu\u015fmas\u0131n\u0131n sonunda K\u0131br\u0131s\u2019a d\u00f6rt defa geldi\u011fini belirten Day\u0131o\u011flu, \u201cT\u00fcm kalbimle herkese te\u015fekk\u00fcr ediyorum.\u201d dedi.<\/p>\n<\/p><\/div>\n<p><script async\n                    defer\n                    crossorigin=\"anonymous\"\n                    src=\"https:\/\/connect.facebook.net\/tr_TR\/sdk.js#xfbml=1&#038;version=v3.3\"\n            ><\/script><\/p>\n","protected":false},"excerpt":{"rendered":"<p>T\u00fcrkiye\u2019de faaliyetlerini s\u00fcrd\u00fcren G\u00fclten Day\u0131o\u011flu \u00c7ocuk ve Gen\u00e7lik Edebiyat\u0131 Vakf\u0131\u2019n\u0131n her y\u0131l d\u00fczenledi\u011fi \u201c\u0130lk Gen\u00e7lik Roman\u0131 \u00d6d\u00fcl T\u00f6reni\u201d, bu y\u0131l Atat\u00fcrk \u00d6\u011fretmen Akademisi (A\u00d6A) ev sahipli\u011finde KKTC\u2019de yap\u0131ld\u0131. Her y\u0131l G\u00fclten Day\u0131o\u011flu\u2019nun do\u011fum g\u00fcn\u00fc olan 15 May\u0131s\u2019ta ger\u00e7ekle\u015ftirilen t\u00f6rende bu y\u0131l \u00f6d\u00fcle \u2018Buraday\u0131m\u2019 isimli roman\u0131yla Filiz G\u00fcndo\u011fan lay\u0131k g\u00f6r\u00fcld\u00fc. T\u00f6ren a\u00e7\u0131l\u0131\u015f\u0131nda, Mill\u00ee E\u011fitim Bakanl\u0131\u011f\u0131\u2019na ba\u011fl\u0131<\/p>\n","protected":false},"author":1,"featured_media":82398,"comment_status":"open","ping_status":"open","sticky":false,"template":"","format":"standard","meta":{"footnotes":""},"categories":[81,101],"tags":[],"class_list":["post-82397","post","type-post","status-publish","format-standard","has-post-thumbnail","hentry","category-kibris","category-manset"],"yoast_head":"<!-- This site is optimized with the Yoast SEO plugin v27.4 - https:\/\/yoast.com\/product\/yoast-seo-wordpress\/ -->\n<title>\u201c\u0130lk Gen\u00e7lik Roman\u0131 \u00d6d\u00fcl T\u00f6reni\u201d, G\u00fclten Day\u0131o\u011flu\u2019n\u0131n kat\u0131l\u0131m\u0131yla yap\u0131ld\u0131 -<\/title>\n<meta name=\"robots\" content=\"index, follow, max-snippet:-1, max-image-preview:large, max-video-preview:-1\" \/>\n<link rel=\"canonical\" href=\"https:\/\/kibrisdakik.com\/?p=82397\" \/>\n<meta property=\"og:locale\" content=\"tr_TR\" \/>\n<meta property=\"og:type\" content=\"article\" \/>\n<meta property=\"og:title\" content=\"\u201c\u0130lk Gen\u00e7lik Roman\u0131 \u00d6d\u00fcl T\u00f6reni\u201d, G\u00fclten Day\u0131o\u011flu\u2019n\u0131n kat\u0131l\u0131m\u0131yla yap\u0131ld\u0131 -\" \/>\n<meta property=\"og:description\" content=\"T\u00fcrkiye\u2019de faaliyetlerini s\u00fcrd\u00fcren G\u00fclten Day\u0131o\u011flu \u00c7ocuk ve Gen\u00e7lik Edebiyat\u0131 Vakf\u0131\u2019n\u0131n her y\u0131l d\u00fczenledi\u011fi \u201c\u0130lk Gen\u00e7lik Roman\u0131 \u00d6d\u00fcl T\u00f6reni\u201d, bu y\u0131l Atat\u00fcrk \u00d6\u011fretmen Akademisi (A\u00d6A) ev sahipli\u011finde KKTC\u2019de yap\u0131ld\u0131. Her y\u0131l G\u00fclten Day\u0131o\u011flu\u2019nun do\u011fum g\u00fcn\u00fc olan 15 May\u0131s\u2019ta ger\u00e7ekle\u015ftirilen t\u00f6rende bu y\u0131l \u00f6d\u00fcle \u2018Buraday\u0131m\u2019 isimli roman\u0131yla Filiz G\u00fcndo\u011fan lay\u0131k g\u00f6r\u00fcld\u00fc. T\u00f6ren a\u00e7\u0131l\u0131\u015f\u0131nda, Mill\u00ee E\u011fitim Bakanl\u0131\u011f\u0131\u2019na ba\u011fl\u0131\" \/>\n<meta property=\"og:url\" content=\"https:\/\/kibrisdakik.com\/?p=82397\" \/>\n<meta property=\"article:published_time\" content=\"2025-05-15T14:57:57+00:00\" \/>\n<meta property=\"og:image\" content=\"https:\/\/kibrisdakik.com\/wp-content\/uploads\/2025\/05\/1747311474934Gulten-Dayioglu-Ilk-Genclik-Romani-odul-toreni-10-740x420.jpg\" \/>\n\t<meta property=\"og:image:width\" content=\"2480\" \/>\n\t<meta property=\"og:image:height\" content=\"1654\" \/>\n\t<meta property=\"og:image:type\" content=\"image\/jpeg\" \/>\n<meta name=\"author\" content=\"admin\" \/>\n<meta name=\"twitter:card\" content=\"summary_large_image\" \/>\n<meta name=\"twitter:label1\" content=\"Yazan:\" \/>\n\t<meta name=\"twitter:data1\" content=\"admin\" \/>\n\t<meta name=\"twitter:label2\" content=\"Tahmini okuma s\u00fcresi\" \/>\n\t<meta name=\"twitter:data2\" content=\"7 dakika\" \/>\n<script type=\"application\/ld+json\" class=\"yoast-schema-graph\">{\"@context\":\"https:\\\/\\\/schema.org\",\"@graph\":[{\"@type\":\"Article\",\"@id\":\"https:\\\/\\\/kibrisdakik.com\\\/?p=82397#article\",\"isPartOf\":{\"@id\":\"https:\\\/\\\/kibrisdakik.com\\\/?p=82397\"},\"author\":{\"name\":\"admin\",\"@id\":\"https:\\\/\\\/kibrisdakik.com\\\/#\\\/schema\\\/person\\\/9cd9d437bbb44f72b73ba127e06d8e79\"},\"headline\":\"\u201c\u0130lk Gen\u00e7lik Roman\u0131 \u00d6d\u00fcl T\u00f6reni\u201d, G\u00fclten Day\u0131o\u011flu\u2019n\u0131n kat\u0131l\u0131m\u0131yla yap\u0131ld\u0131\",\"datePublished\":\"2025-05-15T14:57:57+00:00\",\"mainEntityOfPage\":{\"@id\":\"https:\\\/\\\/kibrisdakik.com\\\/?p=82397\"},\"wordCount\":1383,\"commentCount\":0,\"image\":{\"@id\":\"https:\\\/\\\/kibrisdakik.com\\\/?p=82397#primaryimage\"},\"thumbnailUrl\":\"https:\\\/\\\/kibrisdakik.com\\\/wp-content\\\/uploads\\\/2025\\\/05\\\/1747311474934Gulten-Dayioglu-Ilk-Genclik-Romani-odul-toreni-10-740x420.jpg\",\"articleSection\":[\"K\u0131br\u0131s\",\"Man\u015fet\"],\"inLanguage\":\"tr\",\"potentialAction\":[{\"@type\":\"CommentAction\",\"name\":\"Comment\",\"target\":[\"https:\\\/\\\/kibrisdakik.com\\\/?p=82397#respond\"]}]},{\"@type\":\"WebPage\",\"@id\":\"https:\\\/\\\/kibrisdakik.com\\\/?p=82397\",\"url\":\"https:\\\/\\\/kibrisdakik.com\\\/?p=82397\",\"name\":\"\u201c\u0130lk Gen\u00e7lik Roman\u0131 \u00d6d\u00fcl T\u00f6reni\u201d, G\u00fclten Day\u0131o\u011flu\u2019n\u0131n kat\u0131l\u0131m\u0131yla yap\u0131ld\u0131 -\",\"isPartOf\":{\"@id\":\"https:\\\/\\\/kibrisdakik.com\\\/#website\"},\"primaryImageOfPage\":{\"@id\":\"https:\\\/\\\/kibrisdakik.com\\\/?p=82397#primaryimage\"},\"image\":{\"@id\":\"https:\\\/\\\/kibrisdakik.com\\\/?p=82397#primaryimage\"},\"thumbnailUrl\":\"https:\\\/\\\/kibrisdakik.com\\\/wp-content\\\/uploads\\\/2025\\\/05\\\/1747311474934Gulten-Dayioglu-Ilk-Genclik-Romani-odul-toreni-10-740x420.jpg\",\"datePublished\":\"2025-05-15T14:57:57+00:00\",\"author\":{\"@id\":\"https:\\\/\\\/kibrisdakik.com\\\/#\\\/schema\\\/person\\\/9cd9d437bbb44f72b73ba127e06d8e79\"},\"breadcrumb\":{\"@id\":\"https:\\\/\\\/kibrisdakik.com\\\/?p=82397#breadcrumb\"},\"inLanguage\":\"tr\",\"potentialAction\":[{\"@type\":\"ReadAction\",\"target\":[\"https:\\\/\\\/kibrisdakik.com\\\/?p=82397\"]}]},{\"@type\":\"ImageObject\",\"inLanguage\":\"tr\",\"@id\":\"https:\\\/\\\/kibrisdakik.com\\\/?p=82397#primaryimage\",\"url\":\"https:\\\/\\\/kibrisdakik.com\\\/wp-content\\\/uploads\\\/2025\\\/05\\\/1747311474934Gulten-Dayioglu-Ilk-Genclik-Romani-odul-toreni-10-740x420.jpg\",\"contentUrl\":\"https:\\\/\\\/kibrisdakik.com\\\/wp-content\\\/uploads\\\/2025\\\/05\\\/1747311474934Gulten-Dayioglu-Ilk-Genclik-Romani-odul-toreni-10-740x420.jpg\",\"width\":2480,\"height\":1654},{\"@type\":\"BreadcrumbList\",\"@id\":\"https:\\\/\\\/kibrisdakik.com\\\/?p=82397#breadcrumb\",\"itemListElement\":[{\"@type\":\"ListItem\",\"position\":1,\"name\":\"Home\",\"item\":\"https:\\\/\\\/kibrisdakik.com\\\/\"},{\"@type\":\"ListItem\",\"position\":2,\"name\":\"\u201c\u0130lk Gen\u00e7lik Roman\u0131 \u00d6d\u00fcl T\u00f6reni\u201d, G\u00fclten Day\u0131o\u011flu\u2019n\u0131n kat\u0131l\u0131m\u0131yla yap\u0131ld\u0131\"}]},{\"@type\":\"WebSite\",\"@id\":\"https:\\\/\\\/kibrisdakik.com\\\/#website\",\"url\":\"https:\\\/\\\/kibrisdakik.com\\\/\",\"name\":\"\",\"description\":\"Tam vaktinde haber\",\"potentialAction\":[{\"@type\":\"SearchAction\",\"target\":{\"@type\":\"EntryPoint\",\"urlTemplate\":\"https:\\\/\\\/kibrisdakik.com\\\/?s={search_term_string}\"},\"query-input\":{\"@type\":\"PropertyValueSpecification\",\"valueRequired\":true,\"valueName\":\"search_term_string\"}}],\"inLanguage\":\"tr\"},{\"@type\":\"Person\",\"@id\":\"https:\\\/\\\/kibrisdakik.com\\\/#\\\/schema\\\/person\\\/9cd9d437bbb44f72b73ba127e06d8e79\",\"name\":\"admin\",\"image\":{\"@type\":\"ImageObject\",\"inLanguage\":\"tr\",\"@id\":\"https:\\\/\\\/secure.gravatar.com\\\/avatar\\\/ccc17943b9d660506c869530f897617f7cb1c21a4bf30023f252596d83e1f007?s=96&d=mm&r=g\",\"url\":\"https:\\\/\\\/secure.gravatar.com\\\/avatar\\\/ccc17943b9d660506c869530f897617f7cb1c21a4bf30023f252596d83e1f007?s=96&d=mm&r=g\",\"contentUrl\":\"https:\\\/\\\/secure.gravatar.com\\\/avatar\\\/ccc17943b9d660506c869530f897617f7cb1c21a4bf30023f252596d83e1f007?s=96&d=mm&r=g\",\"caption\":\"admin\"},\"sameAs\":[\"https:\\\/\\\/kibrisdakik.com\"],\"url\":\"https:\\\/\\\/kibrisdakik.com\\\/?author=1\"}]}<\/script>\n<!-- \/ Yoast SEO plugin. -->","yoast_head_json":{"title":"\u201c\u0130lk Gen\u00e7lik Roman\u0131 \u00d6d\u00fcl T\u00f6reni\u201d, G\u00fclten Day\u0131o\u011flu\u2019n\u0131n kat\u0131l\u0131m\u0131yla yap\u0131ld\u0131 -","robots":{"index":"index","follow":"follow","max-snippet":"max-snippet:-1","max-image-preview":"max-image-preview:large","max-video-preview":"max-video-preview:-1"},"canonical":"https:\/\/kibrisdakik.com\/?p=82397","og_locale":"tr_TR","og_type":"article","og_title":"\u201c\u0130lk Gen\u00e7lik Roman\u0131 \u00d6d\u00fcl T\u00f6reni\u201d, G\u00fclten Day\u0131o\u011flu\u2019n\u0131n kat\u0131l\u0131m\u0131yla yap\u0131ld\u0131 -","og_description":"T\u00fcrkiye\u2019de faaliyetlerini s\u00fcrd\u00fcren G\u00fclten Day\u0131o\u011flu \u00c7ocuk ve Gen\u00e7lik Edebiyat\u0131 Vakf\u0131\u2019n\u0131n her y\u0131l d\u00fczenledi\u011fi \u201c\u0130lk Gen\u00e7lik Roman\u0131 \u00d6d\u00fcl T\u00f6reni\u201d, bu y\u0131l Atat\u00fcrk \u00d6\u011fretmen Akademisi (A\u00d6A) ev sahipli\u011finde KKTC\u2019de yap\u0131ld\u0131. Her y\u0131l G\u00fclten Day\u0131o\u011flu\u2019nun do\u011fum g\u00fcn\u00fc olan 15 May\u0131s\u2019ta ger\u00e7ekle\u015ftirilen t\u00f6rende bu y\u0131l \u00f6d\u00fcle \u2018Buraday\u0131m\u2019 isimli roman\u0131yla Filiz G\u00fcndo\u011fan lay\u0131k g\u00f6r\u00fcld\u00fc. T\u00f6ren a\u00e7\u0131l\u0131\u015f\u0131nda, Mill\u00ee E\u011fitim Bakanl\u0131\u011f\u0131\u2019na ba\u011fl\u0131","og_url":"https:\/\/kibrisdakik.com\/?p=82397","article_published_time":"2025-05-15T14:57:57+00:00","og_image":[{"width":2480,"height":1654,"url":"https:\/\/kibrisdakik.com\/wp-content\/uploads\/2025\/05\/1747311474934Gulten-Dayioglu-Ilk-Genclik-Romani-odul-toreni-10-740x420.jpg","type":"image\/jpeg"}],"author":"admin","twitter_card":"summary_large_image","twitter_misc":{"Yazan:":"admin","Tahmini okuma s\u00fcresi":"7 dakika"},"schema":{"@context":"https:\/\/schema.org","@graph":[{"@type":"Article","@id":"https:\/\/kibrisdakik.com\/?p=82397#article","isPartOf":{"@id":"https:\/\/kibrisdakik.com\/?p=82397"},"author":{"name":"admin","@id":"https:\/\/kibrisdakik.com\/#\/schema\/person\/9cd9d437bbb44f72b73ba127e06d8e79"},"headline":"\u201c\u0130lk Gen\u00e7lik Roman\u0131 \u00d6d\u00fcl T\u00f6reni\u201d, G\u00fclten Day\u0131o\u011flu\u2019n\u0131n kat\u0131l\u0131m\u0131yla yap\u0131ld\u0131","datePublished":"2025-05-15T14:57:57+00:00","mainEntityOfPage":{"@id":"https:\/\/kibrisdakik.com\/?p=82397"},"wordCount":1383,"commentCount":0,"image":{"@id":"https:\/\/kibrisdakik.com\/?p=82397#primaryimage"},"thumbnailUrl":"https:\/\/kibrisdakik.com\/wp-content\/uploads\/2025\/05\/1747311474934Gulten-Dayioglu-Ilk-Genclik-Romani-odul-toreni-10-740x420.jpg","articleSection":["K\u0131br\u0131s","Man\u015fet"],"inLanguage":"tr","potentialAction":[{"@type":"CommentAction","name":"Comment","target":["https:\/\/kibrisdakik.com\/?p=82397#respond"]}]},{"@type":"WebPage","@id":"https:\/\/kibrisdakik.com\/?p=82397","url":"https:\/\/kibrisdakik.com\/?p=82397","name":"\u201c\u0130lk Gen\u00e7lik Roman\u0131 \u00d6d\u00fcl T\u00f6reni\u201d, G\u00fclten Day\u0131o\u011flu\u2019n\u0131n kat\u0131l\u0131m\u0131yla yap\u0131ld\u0131 -","isPartOf":{"@id":"https:\/\/kibrisdakik.com\/#website"},"primaryImageOfPage":{"@id":"https:\/\/kibrisdakik.com\/?p=82397#primaryimage"},"image":{"@id":"https:\/\/kibrisdakik.com\/?p=82397#primaryimage"},"thumbnailUrl":"https:\/\/kibrisdakik.com\/wp-content\/uploads\/2025\/05\/1747311474934Gulten-Dayioglu-Ilk-Genclik-Romani-odul-toreni-10-740x420.jpg","datePublished":"2025-05-15T14:57:57+00:00","author":{"@id":"https:\/\/kibrisdakik.com\/#\/schema\/person\/9cd9d437bbb44f72b73ba127e06d8e79"},"breadcrumb":{"@id":"https:\/\/kibrisdakik.com\/?p=82397#breadcrumb"},"inLanguage":"tr","potentialAction":[{"@type":"ReadAction","target":["https:\/\/kibrisdakik.com\/?p=82397"]}]},{"@type":"ImageObject","inLanguage":"tr","@id":"https:\/\/kibrisdakik.com\/?p=82397#primaryimage","url":"https:\/\/kibrisdakik.com\/wp-content\/uploads\/2025\/05\/1747311474934Gulten-Dayioglu-Ilk-Genclik-Romani-odul-toreni-10-740x420.jpg","contentUrl":"https:\/\/kibrisdakik.com\/wp-content\/uploads\/2025\/05\/1747311474934Gulten-Dayioglu-Ilk-Genclik-Romani-odul-toreni-10-740x420.jpg","width":2480,"height":1654},{"@type":"BreadcrumbList","@id":"https:\/\/kibrisdakik.com\/?p=82397#breadcrumb","itemListElement":[{"@type":"ListItem","position":1,"name":"Home","item":"https:\/\/kibrisdakik.com\/"},{"@type":"ListItem","position":2,"name":"\u201c\u0130lk Gen\u00e7lik Roman\u0131 \u00d6d\u00fcl T\u00f6reni\u201d, G\u00fclten Day\u0131o\u011flu\u2019n\u0131n kat\u0131l\u0131m\u0131yla yap\u0131ld\u0131"}]},{"@type":"WebSite","@id":"https:\/\/kibrisdakik.com\/#website","url":"https:\/\/kibrisdakik.com\/","name":"","description":"Tam vaktinde haber","potentialAction":[{"@type":"SearchAction","target":{"@type":"EntryPoint","urlTemplate":"https:\/\/kibrisdakik.com\/?s={search_term_string}"},"query-input":{"@type":"PropertyValueSpecification","valueRequired":true,"valueName":"search_term_string"}}],"inLanguage":"tr"},{"@type":"Person","@id":"https:\/\/kibrisdakik.com\/#\/schema\/person\/9cd9d437bbb44f72b73ba127e06d8e79","name":"admin","image":{"@type":"ImageObject","inLanguage":"tr","@id":"https:\/\/secure.gravatar.com\/avatar\/ccc17943b9d660506c869530f897617f7cb1c21a4bf30023f252596d83e1f007?s=96&d=mm&r=g","url":"https:\/\/secure.gravatar.com\/avatar\/ccc17943b9d660506c869530f897617f7cb1c21a4bf30023f252596d83e1f007?s=96&d=mm&r=g","contentUrl":"https:\/\/secure.gravatar.com\/avatar\/ccc17943b9d660506c869530f897617f7cb1c21a4bf30023f252596d83e1f007?s=96&d=mm&r=g","caption":"admin"},"sameAs":["https:\/\/kibrisdakik.com"],"url":"https:\/\/kibrisdakik.com\/?author=1"}]}},"_links":{"self":[{"href":"https:\/\/kibrisdakik.com\/index.php?rest_route=\/wp\/v2\/posts\/82397","targetHints":{"allow":["GET"]}}],"collection":[{"href":"https:\/\/kibrisdakik.com\/index.php?rest_route=\/wp\/v2\/posts"}],"about":[{"href":"https:\/\/kibrisdakik.com\/index.php?rest_route=\/wp\/v2\/types\/post"}],"author":[{"embeddable":true,"href":"https:\/\/kibrisdakik.com\/index.php?rest_route=\/wp\/v2\/users\/1"}],"replies":[{"embeddable":true,"href":"https:\/\/kibrisdakik.com\/index.php?rest_route=%2Fwp%2Fv2%2Fcomments&post=82397"}],"version-history":[{"count":0,"href":"https:\/\/kibrisdakik.com\/index.php?rest_route=\/wp\/v2\/posts\/82397\/revisions"}],"wp:featuredmedia":[{"embeddable":true,"href":"https:\/\/kibrisdakik.com\/index.php?rest_route=\/wp\/v2\/media\/82398"}],"wp:attachment":[{"href":"https:\/\/kibrisdakik.com\/index.php?rest_route=%2Fwp%2Fv2%2Fmedia&parent=82397"}],"wp:term":[{"taxonomy":"category","embeddable":true,"href":"https:\/\/kibrisdakik.com\/index.php?rest_route=%2Fwp%2Fv2%2Fcategories&post=82397"},{"taxonomy":"post_tag","embeddable":true,"href":"https:\/\/kibrisdakik.com\/index.php?rest_route=%2Fwp%2Fv2%2Ftags&post=82397"}],"curies":[{"name":"wp","href":"https:\/\/api.w.org\/{rel}","templated":true}]}}