{"id":82399,"date":"2025-05-15T18:33:08","date_gmt":"2025-05-15T15:33:08","guid":{"rendered":"https:\/\/kibrisdakik.com\/index.php\/2025\/05\/15\/kanlidere-rehabilitasyon-projesi-birinci-asamasinin-resmi-lansmani-yapildi\/"},"modified":"2025-05-15T18:33:08","modified_gmt":"2025-05-15T15:33:08","slug":"kanlidere-rehabilitasyon-projesi-birinci-asamasinin-resmi-lansmani-yapildi","status":"publish","type":"post","link":"https:\/\/kibrisdakik.com\/?p=82399","title":{"rendered":"Kanl\u0131dere Rehabilitasyon Projesi \u2013 Birinci A\u015famas\u0131\u2019n\u0131n resmi lansman\u0131 yap\u0131ld\u0131"},"content":{"rendered":"<div>\n<div class=\"mariselle-image-container center\">\n                                            <\/div>\n<p>\u00a0<\/p>\n<p>\u00a0<\/p>\n<p class=\"MsoNormal\" style=\"box-sizing: border-box; margin-top: 0px; margin-bottom: 1rem; color: #000000; font-family: Merriweather, serif !important; line-height: 30px !important;\"><span style=\"box-sizing: border-box; font-size: 12pt; line-height: 30px !important;\">Avrupa Birli\u011fi (AB) taraf\u0131ndan finanse edilecek ve\u00a0<\/span><span style=\"box-sizing: border-box; font-size: 1rem; line-height: 30px !important;\">B<\/span><span style=\"box-sizing: border-box; font-size: 12pt; line-height: 17.12px;\">irle\u015fmi\u015f Milletler Kalk\u0131nma Program\u0131 (UNDP) taraf\u0131ndan hayata ge\u00e7irilecek<\/span><span style=\"box-sizing: border-box; font-size: 12pt; line-height: 30px !important;\">\u00a0\u201cKanl\u0131dere Rehabilitasyon Projesi\u201dnin birinci a\u015famas\u0131n\u0131n lansman\u0131 ger\u00e7ekle\u015ftirildi.<\/span><\/p>\n<p class=\"MsoNormal\" style=\"box-sizing: border-box; margin-top: 0px; margin-bottom: 1rem; color: #000000; font-family: Merriweather, serif !important; line-height: 30px !important;\"><span style=\"box-sizing: border-box; font-size: 12pt; line-height: 30px;\">Ara b\u00f6lgede yer alan \u201cToplumlararas\u0131 Konferans Merkezi\u201dnde yap\u0131lan etkinlikte Avrupa Komisyonu B\u00f6lgesel ve Kentsel Politikalar Genel M\u00fcd\u00fcrl\u00fc\u011f\u00fc, K\u0131br\u0131s \u00c7\u00f6z\u00fcm Destek Birimi Ba\u015fkan\u0131 Giulia Bertezzolo,<\/span>\u00a0<span style=\"box-sizing: border-box; font-size: 12pt; line-height: 30px;\">UNDP K\u0131br\u0131s Ofisi Direkt\u00f6r\u00fc Cihangir Haydarov, Birle\u015fmi\u015f Milletler (BM) Genel Sekreteri\u2019nin K\u0131br\u0131s \u00d6zel Temsilcisi ve BM Bar\u0131\u015f G\u00fcc\u00fc Misyon \u015eefi Colin Stewart,<\/span>\u00a0<span style=\"box-sizing: border-box; font-size: 12pt; line-height: 30px;\">Lefko\u015fa Rum Belediye Ba\u015fkan\u0131 Haralambos Pruncos ve Lefko\u015fa T\u00fcrk Belediyesi (LTB) Ba\u015fkan\u0131 Mehmet Harmanc\u0131 birer konu\u015fma yapt\u0131.<\/span><\/p>\n<p class=\"MsoNormal\" style=\"box-sizing: border-box; margin-top: 0px; margin-bottom: 1rem; color: #000000; font-family: Merriweather, serif !important; line-height: 30px !important;\"><span style=\"box-sizing: border-box; font-size: 12pt; line-height: 30px;\">Konu\u015fmalar\u0131n ard\u0131ndan, Finlandiya B\u00fcy\u00fckel\u00e7isi Paivi Peltokoski, \u0130sve\u00e7 B\u00fcy\u00fckel\u00e7isi Martin Hagstr\u00f6m ve Avusturya Maslahatg\u00fczar\u0131 Martin Kraemer g\u00fcn\u00fcn \u00f6nemini belirten birer konu\u015fma yaparak, \u00fclkelerinin AB\u2019ye \u00fcyeli\u011finin 30. y\u0131l\u0131n\u0131 temsilen, ger\u00e7ekle\u015ftirilecek projenin i\u00e7inde yer almas\u0131 ad\u0131na her iki toplumun belediye ba\u015fkanlar\u0131na birer zeytin fidan\u0131 hediye etti.<\/span><\/p>\n<p class=\"MsoNormal\" style=\"box-sizing: border-box; margin-top: 0px; margin-bottom: 1rem; color: #000000; font-family: Merriweather, serif !important; line-height: 30px !important;\"><span style=\"box-sizing: border-box; font-size: 12pt; line-height: 30px;\">UNDP Proje Y\u00f6neticisi Alexandre Prietto\u2019nun, proje hakk\u0131nda\u00a0 sunum yaparak detayl\u0131 bilgi vermesinin ard\u0131ndan etkinlik kokteylle devam etti.<\/span><\/p>\n<p class=\"MsoNormal\" style=\"box-sizing: border-box; margin-top: 0px; margin-bottom: 1rem; color: #000000; font-family: Merriweather, serif !important; line-height: 30px !important;\"><span style=\"box-sizing: border-box; font-size: 12pt; line-height: 30px;\">\u2013 Bertezzolo<\/span><\/p>\n<p class=\"MsoNormal\" style=\"box-sizing: border-box; margin-top: 0px; margin-bottom: 1rem; color: #000000; font-family: Merriweather, serif !important; line-height: 30px !important;\"><span style=\"box-sizing: border-box; font-size: 12pt; line-height: 30px;\">Avrupa Komisyonu B\u00f6lgesel ve Kentsel Politikalar Genel M\u00fcd\u00fcrl\u00fc\u011f\u00fc, K\u0131br\u0131s \u00c7\u00f6z\u00fcm Destek Birimi Ba\u015fkan\u0131 Giulia Bertezzolo konu\u015fmas\u0131nda, do\u011fa dostu olmas\u0131n\u0131n yan\u0131nda\u00a0 projeyi ara b\u00f6lge boyunca bisiklet s\u00fcr\u00fclebilece\u011fi i\u00e7in be\u011fendi\u011fini belirtti.<\/span><\/p>\n<p class=\"MsoNormal\" style=\"box-sizing: border-box; margin-top: 0px; margin-bottom: 1rem; color: #000000; font-family: Merriweather, serif !important; line-height: 30px !important;\"><span style=\"box-sizing: border-box; font-size: 12pt; line-height: 30px;\">Projenin \u00e7ok uzun s\u00fcredir konu\u015fuldu\u011funu s\u00f6yleyen Bertezzolo, projenin hayata ge\u00e7mesinde LTB Ba\u015fkan\u0131 Mehmet Harmanc\u0131\u2019n\u0131n \u00e7ok b\u00fcy\u00fck katk\u0131lar\u0131 oldu\u011funu vurgulad\u0131. Bertezzolo, bir\u00e7ok a\u015famas\u0131 olan ve toplamda 18 km\u2019lik bisiklet yolunu da i\u00e7erecek projenin bug\u00fcn ba\u015flat\u0131lacak birinci a\u015famas\u0131n\u0131n y\u0131l sonuna kadar bitirilmesinin planland\u0131\u011f\u0131n\u0131 s\u00f6yledi.<\/span><\/p>\n<p class=\"MsoNormal\" style=\"box-sizing: border-box; margin-top: 0px; margin-bottom: 1rem; color: #000000; font-family: Merriweather, serif !important; line-height: 30px !important;\"><span style=\"box-sizing: border-box; font-size: 12pt; line-height: 30px;\">\u2013<\/span>\u00a0<span style=\"box-sizing: border-box; font-size: 12pt; line-height: 30px;\">Haydarov<\/span><\/p>\n<p class=\"MsoNormal\" style=\"box-sizing: border-box; margin-top: 0px; margin-bottom: 1rem; color: #000000; font-family: Merriweather, serif !important; line-height: 30px !important;\"><span style=\"box-sizing: border-box; font-size: 12pt; line-height: 30px;\">Birle\u015fmi\u015f Milletler Kalk\u0131nma Program\u0131 (UNDP) K\u0131br\u0131s Ofisi Direkt\u00f6r\u00fc Cihangir Haydarov da konu\u015fmas\u0131nda proje i\u00e7in \u00e7al\u0131\u015fan herkese te\u015fekk\u00fcr ederek, tebriklerini sundu.<\/span><\/p>\n<p class=\"MsoNormal\" style=\"box-sizing: border-box; margin-top: 0px; margin-bottom: 1rem; color: #000000; font-family: Merriweather, serif !important; line-height: 30px !important;\"><span style=\"box-sizing: border-box; font-size: 12pt; line-height: 30px;\">Projenin \u00e7evreye sa\u011flayaca\u011f\u0131 katk\u0131 bak\u0131m\u0131ndan \u00f6nemli oldu\u011funu belirten Haydarov,\u00a0 projenin ayn\u0131 zamanda K\u0131br\u0131s\u2019ta insanlar\u0131n herhangi bir k\u0131s\u0131tlama olmadan ge\u00e7i\u015f yapabilece\u011fi g\u00fcnlere ula\u015fmakta katk\u0131 yapaca\u011f\u0131n\u0131 s\u00f6yledi.<\/span><\/p>\n<p class=\"MsoNormal\" style=\"box-sizing: border-box; margin-top: 0px; margin-bottom: 1rem; color: #000000; font-family: Merriweather, serif !important; line-height: 30px !important;\"><span style=\"box-sizing: border-box; font-size: 12pt; line-height: 30px;\">-Stewart<\/span><\/p>\n<p class=\"MsoNormal\" style=\"box-sizing: border-box; margin-top: 0px; margin-bottom: 1rem; color: #000000; font-family: Merriweather, serif !important; line-height: 30px !important;\"><span style=\"box-sizing: border-box; font-size: 12pt; line-height: 30px;\">Birle\u015fmi\u015f Milletler (BM) Genel Sekreteri\u2019nin K\u0131br\u0131s \u00d6zel Temsilcisi ve BM Bar\u0131\u015f G\u00fcc\u00fc Misyon \u015eefi Colin Stewart da konu\u015fmas\u0131nda, projenin \u00c7evre Teknik Komitesi\u2019nin \u00fczerinde \u00e7al\u0131\u015fmaya ba\u015flad\u0131\u011f\u0131 zamana, on y\u0131l geriye gitti\u011fine vurgu yaparak, proje \u00e7ok uzun zamana yay\u0131ld\u0131\u011f\u0131 i\u00e7in \u00fczerinde \u00e7al\u0131\u015fan \u00e7ok say\u0131da insan\u0131n heyecanl\u0131 oldu\u011funu belirtti.<\/span><\/p>\n<p class=\"MsoNormal\" style=\"box-sizing: border-box; margin-top: 0px; margin-bottom: 1rem; color: #000000; font-family: Merriweather, serif !important; line-height: 30px !important;\"><span style=\"box-sizing: border-box; font-size: 12pt; line-height: 30px;\">BM olarak iki toplum aras\u0131nda ne kadar \u00e7ok temas olursa K\u0131br\u0131s sorununu \u00e7\u00f6z\u00fcme ula\u015ft\u0131rmaya o kadar yard\u0131mc\u0131 bir ortam olaca\u011f\u0131na inand\u0131klar\u0131n\u0131 s\u00f6yleyen Stewart, zaman i\u00e7inde, eski ve \u015fimdiki m\u00fczakereciler, belediye ba\u015fkanlar\u0131, Teknik Komite\u2019nin e\u015f ba\u015fkanlar\u0131, Avrupa Komisyonu ve UNDP\u2019den yetkililer de dahil olmak \u00fczere bir\u00e7ok ki\u015finin bu projede yer ald\u0131\u011f\u0131n\u0131 kaydetti.<\/span><\/p>\n<p class=\"MsoNormal\" style=\"box-sizing: border-box; margin-top: 0px; margin-bottom: 1rem; color: #000000; font-family: Merriweather, serif !important; line-height: 30px !important;\"><span style=\"box-sizing: border-box; font-size: 12pt; line-height: 30px;\">Projenin \u00e7ok b\u00fcy\u00fck etki yaratacak bir potansiyeli oldu\u011funu belirten Stewart, projenin tamamlanarak her iki taraftan tek bir noktada birle\u015fmesini diledi.<\/span><\/p>\n<p class=\"MsoNormal\" style=\"box-sizing: border-box; margin-top: 0px; margin-bottom: 1rem; color: #000000; font-family: Merriweather, serif !important; line-height: 30px !important;\"><span style=\"box-sizing: border-box; font-size: 12pt; line-height: 30px;\">-Pruncos<\/span><\/p>\n<p class=\"MsoNormal\" style=\"box-sizing: border-box; margin-top: 0px; margin-bottom: 1rem; color: #000000; font-family: Merriweather, serif !important; line-height: 30px !important;\"><span style=\"box-sizing: border-box; font-size: 12pt; line-height: 30px;\">Lefko\u015fa Rum Belediye Ba\u015fkan\u0131 Haralambos Pruncos ise konu\u015fmas\u0131nda, iki toplumu bir araya getirmeye devam edecek olan\u00a0 projeye katk\u0131da bulunan herkese te\u015fekk\u00fcr etti.<\/span><\/p>\n<p class=\"MsoNormal\" style=\"box-sizing: border-box; margin-top: 0px; margin-bottom: 1rem; color: #000000; font-family: Merriweather, serif !important; line-height: 30px !important;\"><span style=\"box-sizing: border-box; font-size: 12pt; line-height: 30px;\">Projenin tamamlanmas\u0131n\u0131n ne kadar \u00f6nemli oldu\u011funa G\u00fcney K\u0131br\u0131s\u2019ta \u015fahitlik ettiklerini anlatan Pruncos, insanlar\u0131n y\u00fcr\u00fcy\u00fcp bisiklet s\u00fcrebilece\u011fi ve bir araya gelerek vakit ge\u00e7irebilecekleri do\u011fal bir alan sa\u011flaman\u0131n \u00f6nemine dikkat \u00e7ekti. Pruncos, Kanl\u0131dere i\u00e7in 16 mikro projeleri daha oldu\u011funu belirti.<\/span><\/p>\n<p class=\"MsoNormal\" style=\"box-sizing: border-box; margin-top: 0px; margin-bottom: 1rem; color: #000000; font-family: Merriweather, serif !important; line-height: 30px !important;\"><span style=\"box-sizing: border-box; font-size: 12pt; line-height: 30px;\">-Harmanc\u0131<\/span><\/p>\n<p class=\"MsoNormal\" style=\"box-sizing: border-box; margin-top: 0px; margin-bottom: 1rem; color: #000000; font-family: Merriweather, serif !important; line-height: 30px !important;\"><span style=\"box-sizing: border-box; font-size: 12pt; line-height: 30px;\">LTB Ba\u015fkan\u0131 Mehmet Harmanc\u0131 ise konu\u015fmas\u0131nda, Kanl\u0131dere Rehabilitasyon Projesi\u2019ni ba\u015flatt\u0131\u011f\u0131 i\u00e7in\u00a0 etkinli\u011fin kendileri i\u00e7in tarihi oldu\u011funu belirtti.<\/span><\/p>\n<p class=\"MsoNormal\" style=\"box-sizing: border-box; margin-top: 0px; margin-bottom: 1rem; color: #000000; font-family: Merriweather, serif !important; line-height: 30px !important;\"><span style=\"box-sizing: border-box; font-size: 12pt; line-height: 30px;\">40 y\u0131l \u00f6nce Lefko\u015fa Master Plan\u0131\u2019n\u0131 yapan vizyonerlerin Kanl\u0131dere\u2019nin \u201cb\u00f6l\u00fcnm\u00fc\u015f\u201d Lefko\u015fa\u2019daki birle\u015ftirici g\u00fc\u00e7 olaca\u011f\u0131na inand\u0131klar\u0131n\u0131 kaydeden Harmanc\u0131, \u201c2018 y\u0131l\u0131ndaki ba\u015flang\u0131c\u0131ndan beri bir umut \u0131\u015f\u0131\u011f\u0131\u201d oldu\u011funu belirtti\u011fi bu giri\u015fimin, bir hayal olarak bug\u00fcn ger\u00e7e\u011fe d\u00f6nd\u00fc\u011f\u00fcn\u00fc s\u00f6yledi.<\/span><\/p>\n<p class=\"MsoNormal\" style=\"box-sizing: border-box; margin-top: 0px; margin-bottom: 1rem; color: #000000; font-family: Merriweather, serif !important; line-height: 30px !important;\"><span style=\"box-sizing: border-box; font-size: 12pt; line-height: 30px;\">Harmanc\u0131, Kanl\u0131dere\u2019nin Lefko\u015fa\u2019n\u0131n her iki taraf\u0131ndan da akan ya\u015fam kayna\u011f\u0131 oldu\u011funu vurgulayarak,\u00a0 projenin dereyi, toplumun bir araya gelebilece\u011fi bir ya\u015fam alan\u0131na \u00e7evirece\u011fini s\u00f6yledi.<\/span><\/p>\n<p class=\"MsoNormal\" style=\"box-sizing: border-box; margin-top: 0px; margin-bottom: 1rem; color: #000000; font-family: Merriweather, serif !important; line-height: 30px !important;\"><span style=\"box-sizing: border-box; font-size: 12pt; line-height: 30px;\">Projenin iki toplumu sosyal ya\u015fam i\u00e7erisinde g\u00fcnl\u00fck ve do\u011fal olarak bir araya getirmek i\u00e7in at\u0131lan en \u00f6nemli ad\u0131m oldu\u011funu belirten Harmanc\u0131, projeye destek veren herkese te\u015fekk\u00fcr etti.<\/span><\/p>\n<p class=\"MsoNormal\" style=\"box-sizing: border-box; margin-top: 0px; margin-bottom: 1rem; color: #000000; font-family: Merriweather, serif !important; line-height: 30px !important;\"><span style=\"box-sizing: border-box; font-size: 12pt; line-height: 30px;\">-AB, Kanl\u0131dere Rehabilitasyon Projesi\u2019ne finansman sa\u011flayacak<\/span><\/p>\n<p class=\"MsoNormal\" style=\"box-sizing: border-box; margin-top: 0px; margin-bottom: 1rem; color: #000000; font-family: Merriweather, serif !important; line-height: 30px !important;\"><span style=\"box-sizing: border-box; font-size: 12pt; line-height: 30px;\">Etkinli\u011fin ard\u0131ndan Avrupa Komisyonu K\u0131br\u0131s Temsilcili\u011fi taraf\u0131ndan yap\u0131lan a\u00e7\u0131klamada, AB\u2019nin projeye yakla\u015f\u0131k 4,4 milyon euro finansman sa\u011flayaca\u011f\u0131n\u0131n \u00f6ng\u00f6r\u00fcld\u00fc\u011f\u00fc ve UNDP taraf\u0131ndan hayata ge\u00e7irilece\u011fi belirtilerek projeyle, \u201cLefko\u015fal\u0131lar\u0131n bisiklet s\u00fcrebilecekleri, y\u00fcr\u00fcy\u00fc\u015f yapabilecekleri ve do\u011fayla i\u00e7 i\u00e7e olabilecekleri huzurlu ve s\u00fcrd\u00fcr\u00fclebilir bir alan yarat\u0131lmas\u0131n\u0131n\u201d ama\u00e7land\u0131\u011f\u0131 kaydedildi.<\/span><\/p>\n<p class=\"MsoNormal\" style=\"box-sizing: border-box; margin-top: 0px; margin-bottom: 1rem; color: #000000; font-family: Merriweather, serif !important; line-height: 30px !important;\"><span style=\"box-sizing: border-box; font-size: 12pt; line-height: 30px;\">A\u00e7\u0131klamada, Avrupa Komisyonu B\u00f6lgesel ve Kentsel Politika Genel M\u00fcd\u00fcrl\u00fc\u011f\u00fc (DG REGIO) Genel M\u00fcd\u00fcr Vekili Nicola De Michelis, \u201cAB, K\u0131br\u0131s\u2019ta ye\u015fil alanlar\u0131n iyile\u015ftirilmesini ve \u015fehirlerde s\u00fcrd\u00fcr\u00fclebilir kalk\u0131nman\u0131n te\u015fvik edilmesini sa\u011flayan projelere destek vermektedir. Bu projeyle Pedieos\/Kanl\u0131dere\u2019yi yenilik\u00e7i yakla\u015f\u0131mlar\u0131n, \u00e7evre dostu kalk\u0131nman\u0131n ve do\u011fa koruman\u0131n \u00f6nemli bir \u00f6rne\u011fi haline getirmeyi hedefliyoruz. Bu giri\u015fim, hem yerel halk\u0131n ya\u015fam kalitesini art\u0131racak hem de daha iyi \u015fehir planlamas\u0131na \u00f6nc\u00fcl\u00fck edecek. Bu t\u00fcr projeler, AB\u2019nin \u00e7evrenin korunmas\u0131na, toplumlar aras\u0131 i\u015f birli\u011finin geli\u015ftirilmesine ve kentsel alanlarda do\u011fal ya\u015fam\u0131n korunmas\u0131na verdi\u011fi \u00f6nemin somut bir g\u00f6stergesidir.\u201d dedi\u011fi ifade edildi.<\/span><\/p>\n<p class=\"MsoNormal\" style=\"box-sizing: border-box; margin-top: 0px; margin-bottom: 1rem; color: #000000; font-family: Merriweather, serif !important; line-height: 30px !important;\"><span style=\"box-sizing: border-box; font-size: 12pt; line-height: 30px;\">A\u00e7\u0131klamada ayr\u0131ca, UNDP K\u0131br\u0131s Ofisi Ba\u015fkan\u0131 Cihangir Haydarov\u2019un ise, \u201cBu proje, UNDP\u2019nin ekosistemleri iyile\u015ftirme, ya\u015fam standartlar\u0131n\u0131 y\u00fckseltme ve sosyal uyum ile uzla\u015fmay\u0131 g\u00fc\u00e7lendirme konusundaki kararl\u0131l\u0131\u011f\u0131n\u0131n somut bir \u00f6rne\u011fidir. Projeyi hayata ge\u00e7irerek sadece b\u00f6lgenin ekolojik de\u011ferini art\u0131rmakla kalm\u0131yor, ayn\u0131 zamanda k\u00fclt\u00fcrel ve rekreasyonel faaliyetler i\u00e7in ortak bir alan da olu\u015fturuyoruz. Bu giri\u015fim, do\u011fa temelli \u00e7\u00f6z\u00fcmleri ve s\u00fcrd\u00fcr\u00fclebilir kalk\u0131nmay\u0131 destekleyerek hem insanlar\u0131n hem de gezegenin birlikte geli\u015fimini sa\u011flama yolundaki daha geni\u015f UNDP taahh\u00fcd\u00fcn\u00fcn bir par\u00e7as\u0131d\u0131r.\u201d a\u00e7\u0131klamalar\u0131nda bulundu\u011fu belirtildi.<\/span><\/p>\n<p class=\"MsoNormal\" style=\"box-sizing: border-box; margin-top: 0px; margin-bottom: 1rem; color: #000000; font-family: Merriweather, serif !important; line-height: 30px !important;\"><span style=\"box-sizing: border-box; font-size: 12pt; line-height: 30px;\">-Projenin a\u015famalar\u0131<\/span><\/p>\n<p class=\"MsoNormal\" style=\"box-sizing: border-box; margin-top: 0px; margin-bottom: 1rem; color: #000000; font-family: Merriweather, serif !important; line-height: 30px !important;\"><span style=\"box-sizing: border-box; font-size: 12pt; line-height: 30px;\">Rehabilitasyon projesinin ilk etab\u0131n\u0131n Kas\u0131m 2025\u2019e kadar tamamlanmas\u0131 \u00f6ng\u00f6r\u00fcl\u00fcrken, AB\u2019nin nihai onay\u0131n\u0131n ard\u0131ndan t\u00fcm projenin Eyl\u00fcl 2027\u2019de tamamlanmas\u0131 planlan\u0131yor.\u00a0<\/span><\/p>\n<\/p><\/div>\n<p><script async\n                    defer\n                    crossorigin=\"anonymous\"\n                    src=\"https:\/\/connect.facebook.net\/tr_TR\/sdk.js#xfbml=1&#038;version=v3.3\"\n            ><\/script><\/p>\n","protected":false},"excerpt":{"rendered":"<p>\u00a0 \u00a0 Avrupa Birli\u011fi (AB) taraf\u0131ndan finanse edilecek ve\u00a0Birle\u015fmi\u015f Milletler Kalk\u0131nma Program\u0131 (UNDP) taraf\u0131ndan hayata ge\u00e7irilecek\u00a0\u201cKanl\u0131dere Rehabilitasyon Projesi\u201dnin birinci a\u015famas\u0131n\u0131n lansman\u0131 ger\u00e7ekle\u015ftirildi. Ara b\u00f6lgede yer alan \u201cToplumlararas\u0131 Konferans Merkezi\u201dnde yap\u0131lan etkinlikte Avrupa Komisyonu B\u00f6lgesel ve Kentsel Politikalar Genel M\u00fcd\u00fcrl\u00fc\u011f\u00fc, K\u0131br\u0131s \u00c7\u00f6z\u00fcm Destek Birimi Ba\u015fkan\u0131 Giulia Bertezzolo,\u00a0UNDP K\u0131br\u0131s Ofisi Direkt\u00f6r\u00fc Cihangir Haydarov, Birle\u015fmi\u015f Milletler (BM) Genel<\/p>\n","protected":false},"author":1,"featured_media":82400,"comment_status":"open","ping_status":"open","sticky":false,"template":"","format":"standard","meta":{"footnotes":""},"categories":[81,101],"tags":[],"class_list":["post-82399","post","type-post","status-publish","format-standard","has-post-thumbnail","hentry","category-kibris","category-manset"],"yoast_head":"<!-- This site is optimized with the Yoast SEO plugin v27.4 - https:\/\/yoast.com\/product\/yoast-seo-wordpress\/ -->\n<title>Kanl\u0131dere Rehabilitasyon Projesi \u2013 Birinci A\u015famas\u0131\u2019n\u0131n resmi lansman\u0131 yap\u0131ld\u0131 -<\/title>\n<meta name=\"robots\" content=\"index, follow, max-snippet:-1, max-image-preview:large, max-video-preview:-1\" \/>\n<link rel=\"canonical\" href=\"https:\/\/kibrisdakik.com\/?p=82399\" \/>\n<meta property=\"og:locale\" content=\"tr_TR\" \/>\n<meta property=\"og:type\" content=\"article\" \/>\n<meta property=\"og:title\" content=\"Kanl\u0131dere Rehabilitasyon Projesi \u2013 Birinci A\u015famas\u0131\u2019n\u0131n resmi lansman\u0131 yap\u0131ld\u0131 -\" \/>\n<meta property=\"og:description\" content=\"\u00a0 \u00a0 Avrupa Birli\u011fi (AB) taraf\u0131ndan finanse edilecek ve\u00a0Birle\u015fmi\u015f Milletler Kalk\u0131nma Program\u0131 (UNDP) taraf\u0131ndan hayata ge\u00e7irilecek\u00a0\u201cKanl\u0131dere Rehabilitasyon Projesi\u201dnin birinci a\u015famas\u0131n\u0131n lansman\u0131 ger\u00e7ekle\u015ftirildi. Ara b\u00f6lgede yer alan \u201cToplumlararas\u0131 Konferans Merkezi\u201dnde yap\u0131lan etkinlikte Avrupa Komisyonu B\u00f6lgesel ve Kentsel Politikalar Genel M\u00fcd\u00fcrl\u00fc\u011f\u00fc, K\u0131br\u0131s \u00c7\u00f6z\u00fcm Destek Birimi Ba\u015fkan\u0131 Giulia Bertezzolo,\u00a0UNDP K\u0131br\u0131s Ofisi Direkt\u00f6r\u00fc Cihangir Haydarov, Birle\u015fmi\u015f Milletler (BM) Genel\" \/>\n<meta property=\"og:url\" content=\"https:\/\/kibrisdakik.com\/?p=82399\" \/>\n<meta property=\"article:published_time\" content=\"2025-05-15T15:33:08+00:00\" \/>\n<meta property=\"og:image\" content=\"https:\/\/kibrisdakik.com\/wp-content\/uploads\/2025\/05\/1747320503218KANLIDERE-PROJESI-ERO-14-740x420.jpeg\" \/>\n\t<meta property=\"og:image:width\" content=\"2048\" \/>\n\t<meta property=\"og:image:height\" content=\"1367\" \/>\n\t<meta property=\"og:image:type\" content=\"image\/jpeg\" \/>\n<meta name=\"author\" content=\"admin\" \/>\n<meta name=\"twitter:card\" content=\"summary_large_image\" \/>\n<meta name=\"twitter:label1\" content=\"Yazan:\" \/>\n\t<meta name=\"twitter:data1\" content=\"admin\" \/>\n\t<meta name=\"twitter:label2\" content=\"Tahmini okuma s\u00fcresi\" \/>\n\t<meta name=\"twitter:data2\" content=\"6 dakika\" \/>\n<script type=\"application\/ld+json\" class=\"yoast-schema-graph\">{\"@context\":\"https:\\\/\\\/schema.org\",\"@graph\":[{\"@type\":\"Article\",\"@id\":\"https:\\\/\\\/kibrisdakik.com\\\/?p=82399#article\",\"isPartOf\":{\"@id\":\"https:\\\/\\\/kibrisdakik.com\\\/?p=82399\"},\"author\":{\"name\":\"admin\",\"@id\":\"https:\\\/\\\/kibrisdakik.com\\\/#\\\/schema\\\/person\\\/9cd9d437bbb44f72b73ba127e06d8e79\"},\"headline\":\"Kanl\u0131dere Rehabilitasyon Projesi \u2013 Birinci A\u015famas\u0131\u2019n\u0131n resmi lansman\u0131 yap\u0131ld\u0131\",\"datePublished\":\"2025-05-15T15:33:08+00:00\",\"mainEntityOfPage\":{\"@id\":\"https:\\\/\\\/kibrisdakik.com\\\/?p=82399\"},\"wordCount\":1199,\"commentCount\":0,\"image\":{\"@id\":\"https:\\\/\\\/kibrisdakik.com\\\/?p=82399#primaryimage\"},\"thumbnailUrl\":\"https:\\\/\\\/kibrisdakik.com\\\/wp-content\\\/uploads\\\/2025\\\/05\\\/1747320503218KANLIDERE-PROJESI-ERO-14-740x420.jpeg\",\"articleSection\":[\"K\u0131br\u0131s\",\"Man\u015fet\"],\"inLanguage\":\"tr\",\"potentialAction\":[{\"@type\":\"CommentAction\",\"name\":\"Comment\",\"target\":[\"https:\\\/\\\/kibrisdakik.com\\\/?p=82399#respond\"]}]},{\"@type\":\"WebPage\",\"@id\":\"https:\\\/\\\/kibrisdakik.com\\\/?p=82399\",\"url\":\"https:\\\/\\\/kibrisdakik.com\\\/?p=82399\",\"name\":\"Kanl\u0131dere Rehabilitasyon Projesi \u2013 Birinci A\u015famas\u0131\u2019n\u0131n resmi lansman\u0131 yap\u0131ld\u0131 -\",\"isPartOf\":{\"@id\":\"https:\\\/\\\/kibrisdakik.com\\\/#website\"},\"primaryImageOfPage\":{\"@id\":\"https:\\\/\\\/kibrisdakik.com\\\/?p=82399#primaryimage\"},\"image\":{\"@id\":\"https:\\\/\\\/kibrisdakik.com\\\/?p=82399#primaryimage\"},\"thumbnailUrl\":\"https:\\\/\\\/kibrisdakik.com\\\/wp-content\\\/uploads\\\/2025\\\/05\\\/1747320503218KANLIDERE-PROJESI-ERO-14-740x420.jpeg\",\"datePublished\":\"2025-05-15T15:33:08+00:00\",\"author\":{\"@id\":\"https:\\\/\\\/kibrisdakik.com\\\/#\\\/schema\\\/person\\\/9cd9d437bbb44f72b73ba127e06d8e79\"},\"breadcrumb\":{\"@id\":\"https:\\\/\\\/kibrisdakik.com\\\/?p=82399#breadcrumb\"},\"inLanguage\":\"tr\",\"potentialAction\":[{\"@type\":\"ReadAction\",\"target\":[\"https:\\\/\\\/kibrisdakik.com\\\/?p=82399\"]}]},{\"@type\":\"ImageObject\",\"inLanguage\":\"tr\",\"@id\":\"https:\\\/\\\/kibrisdakik.com\\\/?p=82399#primaryimage\",\"url\":\"https:\\\/\\\/kibrisdakik.com\\\/wp-content\\\/uploads\\\/2025\\\/05\\\/1747320503218KANLIDERE-PROJESI-ERO-14-740x420.jpeg\",\"contentUrl\":\"https:\\\/\\\/kibrisdakik.com\\\/wp-content\\\/uploads\\\/2025\\\/05\\\/1747320503218KANLIDERE-PROJESI-ERO-14-740x420.jpeg\",\"width\":2048,\"height\":1367},{\"@type\":\"BreadcrumbList\",\"@id\":\"https:\\\/\\\/kibrisdakik.com\\\/?p=82399#breadcrumb\",\"itemListElement\":[{\"@type\":\"ListItem\",\"position\":1,\"name\":\"Home\",\"item\":\"https:\\\/\\\/kibrisdakik.com\\\/\"},{\"@type\":\"ListItem\",\"position\":2,\"name\":\"Kanl\u0131dere Rehabilitasyon Projesi \u2013 Birinci A\u015famas\u0131\u2019n\u0131n resmi lansman\u0131 yap\u0131ld\u0131\"}]},{\"@type\":\"WebSite\",\"@id\":\"https:\\\/\\\/kibrisdakik.com\\\/#website\",\"url\":\"https:\\\/\\\/kibrisdakik.com\\\/\",\"name\":\"\",\"description\":\"Tam vaktinde haber\",\"potentialAction\":[{\"@type\":\"SearchAction\",\"target\":{\"@type\":\"EntryPoint\",\"urlTemplate\":\"https:\\\/\\\/kibrisdakik.com\\\/?s={search_term_string}\"},\"query-input\":{\"@type\":\"PropertyValueSpecification\",\"valueRequired\":true,\"valueName\":\"search_term_string\"}}],\"inLanguage\":\"tr\"},{\"@type\":\"Person\",\"@id\":\"https:\\\/\\\/kibrisdakik.com\\\/#\\\/schema\\\/person\\\/9cd9d437bbb44f72b73ba127e06d8e79\",\"name\":\"admin\",\"image\":{\"@type\":\"ImageObject\",\"inLanguage\":\"tr\",\"@id\":\"https:\\\/\\\/secure.gravatar.com\\\/avatar\\\/ccc17943b9d660506c869530f897617f7cb1c21a4bf30023f252596d83e1f007?s=96&d=mm&r=g\",\"url\":\"https:\\\/\\\/secure.gravatar.com\\\/avatar\\\/ccc17943b9d660506c869530f897617f7cb1c21a4bf30023f252596d83e1f007?s=96&d=mm&r=g\",\"contentUrl\":\"https:\\\/\\\/secure.gravatar.com\\\/avatar\\\/ccc17943b9d660506c869530f897617f7cb1c21a4bf30023f252596d83e1f007?s=96&d=mm&r=g\",\"caption\":\"admin\"},\"sameAs\":[\"https:\\\/\\\/kibrisdakik.com\"],\"url\":\"https:\\\/\\\/kibrisdakik.com\\\/?author=1\"}]}<\/script>\n<!-- \/ Yoast SEO plugin. -->","yoast_head_json":{"title":"Kanl\u0131dere Rehabilitasyon Projesi \u2013 Birinci A\u015famas\u0131\u2019n\u0131n resmi lansman\u0131 yap\u0131ld\u0131 -","robots":{"index":"index","follow":"follow","max-snippet":"max-snippet:-1","max-image-preview":"max-image-preview:large","max-video-preview":"max-video-preview:-1"},"canonical":"https:\/\/kibrisdakik.com\/?p=82399","og_locale":"tr_TR","og_type":"article","og_title":"Kanl\u0131dere Rehabilitasyon Projesi \u2013 Birinci A\u015famas\u0131\u2019n\u0131n resmi lansman\u0131 yap\u0131ld\u0131 -","og_description":"\u00a0 \u00a0 Avrupa Birli\u011fi (AB) taraf\u0131ndan finanse edilecek ve\u00a0Birle\u015fmi\u015f Milletler Kalk\u0131nma Program\u0131 (UNDP) taraf\u0131ndan hayata ge\u00e7irilecek\u00a0\u201cKanl\u0131dere Rehabilitasyon Projesi\u201dnin birinci a\u015famas\u0131n\u0131n lansman\u0131 ger\u00e7ekle\u015ftirildi. Ara b\u00f6lgede yer alan \u201cToplumlararas\u0131 Konferans Merkezi\u201dnde yap\u0131lan etkinlikte Avrupa Komisyonu B\u00f6lgesel ve Kentsel Politikalar Genel M\u00fcd\u00fcrl\u00fc\u011f\u00fc, K\u0131br\u0131s \u00c7\u00f6z\u00fcm Destek Birimi Ba\u015fkan\u0131 Giulia Bertezzolo,\u00a0UNDP K\u0131br\u0131s Ofisi Direkt\u00f6r\u00fc Cihangir Haydarov, Birle\u015fmi\u015f Milletler (BM) Genel","og_url":"https:\/\/kibrisdakik.com\/?p=82399","article_published_time":"2025-05-15T15:33:08+00:00","og_image":[{"width":2048,"height":1367,"url":"https:\/\/kibrisdakik.com\/wp-content\/uploads\/2025\/05\/1747320503218KANLIDERE-PROJESI-ERO-14-740x420.jpeg","type":"image\/jpeg"}],"author":"admin","twitter_card":"summary_large_image","twitter_misc":{"Yazan:":"admin","Tahmini okuma s\u00fcresi":"6 dakika"},"schema":{"@context":"https:\/\/schema.org","@graph":[{"@type":"Article","@id":"https:\/\/kibrisdakik.com\/?p=82399#article","isPartOf":{"@id":"https:\/\/kibrisdakik.com\/?p=82399"},"author":{"name":"admin","@id":"https:\/\/kibrisdakik.com\/#\/schema\/person\/9cd9d437bbb44f72b73ba127e06d8e79"},"headline":"Kanl\u0131dere Rehabilitasyon Projesi \u2013 Birinci A\u015famas\u0131\u2019n\u0131n resmi lansman\u0131 yap\u0131ld\u0131","datePublished":"2025-05-15T15:33:08+00:00","mainEntityOfPage":{"@id":"https:\/\/kibrisdakik.com\/?p=82399"},"wordCount":1199,"commentCount":0,"image":{"@id":"https:\/\/kibrisdakik.com\/?p=82399#primaryimage"},"thumbnailUrl":"https:\/\/kibrisdakik.com\/wp-content\/uploads\/2025\/05\/1747320503218KANLIDERE-PROJESI-ERO-14-740x420.jpeg","articleSection":["K\u0131br\u0131s","Man\u015fet"],"inLanguage":"tr","potentialAction":[{"@type":"CommentAction","name":"Comment","target":["https:\/\/kibrisdakik.com\/?p=82399#respond"]}]},{"@type":"WebPage","@id":"https:\/\/kibrisdakik.com\/?p=82399","url":"https:\/\/kibrisdakik.com\/?p=82399","name":"Kanl\u0131dere Rehabilitasyon Projesi \u2013 Birinci A\u015famas\u0131\u2019n\u0131n resmi lansman\u0131 yap\u0131ld\u0131 -","isPartOf":{"@id":"https:\/\/kibrisdakik.com\/#website"},"primaryImageOfPage":{"@id":"https:\/\/kibrisdakik.com\/?p=82399#primaryimage"},"image":{"@id":"https:\/\/kibrisdakik.com\/?p=82399#primaryimage"},"thumbnailUrl":"https:\/\/kibrisdakik.com\/wp-content\/uploads\/2025\/05\/1747320503218KANLIDERE-PROJESI-ERO-14-740x420.jpeg","datePublished":"2025-05-15T15:33:08+00:00","author":{"@id":"https:\/\/kibrisdakik.com\/#\/schema\/person\/9cd9d437bbb44f72b73ba127e06d8e79"},"breadcrumb":{"@id":"https:\/\/kibrisdakik.com\/?p=82399#breadcrumb"},"inLanguage":"tr","potentialAction":[{"@type":"ReadAction","target":["https:\/\/kibrisdakik.com\/?p=82399"]}]},{"@type":"ImageObject","inLanguage":"tr","@id":"https:\/\/kibrisdakik.com\/?p=82399#primaryimage","url":"https:\/\/kibrisdakik.com\/wp-content\/uploads\/2025\/05\/1747320503218KANLIDERE-PROJESI-ERO-14-740x420.jpeg","contentUrl":"https:\/\/kibrisdakik.com\/wp-content\/uploads\/2025\/05\/1747320503218KANLIDERE-PROJESI-ERO-14-740x420.jpeg","width":2048,"height":1367},{"@type":"BreadcrumbList","@id":"https:\/\/kibrisdakik.com\/?p=82399#breadcrumb","itemListElement":[{"@type":"ListItem","position":1,"name":"Home","item":"https:\/\/kibrisdakik.com\/"},{"@type":"ListItem","position":2,"name":"Kanl\u0131dere Rehabilitasyon Projesi \u2013 Birinci A\u015famas\u0131\u2019n\u0131n resmi lansman\u0131 yap\u0131ld\u0131"}]},{"@type":"WebSite","@id":"https:\/\/kibrisdakik.com\/#website","url":"https:\/\/kibrisdakik.com\/","name":"","description":"Tam vaktinde haber","potentialAction":[{"@type":"SearchAction","target":{"@type":"EntryPoint","urlTemplate":"https:\/\/kibrisdakik.com\/?s={search_term_string}"},"query-input":{"@type":"PropertyValueSpecification","valueRequired":true,"valueName":"search_term_string"}}],"inLanguage":"tr"},{"@type":"Person","@id":"https:\/\/kibrisdakik.com\/#\/schema\/person\/9cd9d437bbb44f72b73ba127e06d8e79","name":"admin","image":{"@type":"ImageObject","inLanguage":"tr","@id":"https:\/\/secure.gravatar.com\/avatar\/ccc17943b9d660506c869530f897617f7cb1c21a4bf30023f252596d83e1f007?s=96&d=mm&r=g","url":"https:\/\/secure.gravatar.com\/avatar\/ccc17943b9d660506c869530f897617f7cb1c21a4bf30023f252596d83e1f007?s=96&d=mm&r=g","contentUrl":"https:\/\/secure.gravatar.com\/avatar\/ccc17943b9d660506c869530f897617f7cb1c21a4bf30023f252596d83e1f007?s=96&d=mm&r=g","caption":"admin"},"sameAs":["https:\/\/kibrisdakik.com"],"url":"https:\/\/kibrisdakik.com\/?author=1"}]}},"_links":{"self":[{"href":"https:\/\/kibrisdakik.com\/index.php?rest_route=\/wp\/v2\/posts\/82399","targetHints":{"allow":["GET"]}}],"collection":[{"href":"https:\/\/kibrisdakik.com\/index.php?rest_route=\/wp\/v2\/posts"}],"about":[{"href":"https:\/\/kibrisdakik.com\/index.php?rest_route=\/wp\/v2\/types\/post"}],"author":[{"embeddable":true,"href":"https:\/\/kibrisdakik.com\/index.php?rest_route=\/wp\/v2\/users\/1"}],"replies":[{"embeddable":true,"href":"https:\/\/kibrisdakik.com\/index.php?rest_route=%2Fwp%2Fv2%2Fcomments&post=82399"}],"version-history":[{"count":0,"href":"https:\/\/kibrisdakik.com\/index.php?rest_route=\/wp\/v2\/posts\/82399\/revisions"}],"wp:featuredmedia":[{"embeddable":true,"href":"https:\/\/kibrisdakik.com\/index.php?rest_route=\/wp\/v2\/media\/82400"}],"wp:attachment":[{"href":"https:\/\/kibrisdakik.com\/index.php?rest_route=%2Fwp%2Fv2%2Fmedia&parent=82399"}],"wp:term":[{"taxonomy":"category","embeddable":true,"href":"https:\/\/kibrisdakik.com\/index.php?rest_route=%2Fwp%2Fv2%2Fcategories&post=82399"},{"taxonomy":"post_tag","embeddable":true,"href":"https:\/\/kibrisdakik.com\/index.php?rest_route=%2Fwp%2Fv2%2Ftags&post=82399"}],"curies":[{"name":"wp","href":"https:\/\/api.w.org\/{rel}","templated":true}]}}