{"id":82421,"date":"2025-05-16T10:57:09","date_gmt":"2025-05-16T07:57:09","guid":{"rendered":"https:\/\/kibrisdakik.com\/index.php\/2025\/05\/16\/mehmetcik-buyukkonuk-belediyesinde-toplu-is-sozlesmesi-imzalandi\/"},"modified":"2025-05-16T10:57:09","modified_gmt":"2025-05-16T07:57:09","slug":"mehmetcik-buyukkonuk-belediyesinde-toplu-is-sozlesmesi-imzalandi","status":"publish","type":"post","link":"https:\/\/kibrisdakik.com\/?p=82421","title":{"rendered":"Mehmet\u00e7ik B\u00fcy\u00fckkonuk Belediyesi\u2019nde Toplu \u0130\u015f S\u00f6zle\u015fmesi imzaland\u0131"},"content":{"rendered":"<div>\n<div class=\"mariselle-image-container center\">\n                                            <\/div>\n<p> Mehmet\u00e7ik B\u00fcy\u00fckkonuk Belediyesi ile Devrimci Genel-\u0130\u015f Sendikas\u0131 aras\u0131nda 2025\u20132026 y\u0131llar\u0131n\u0131 kapsayan Toplu \u0130\u015f S\u00f6zle\u015fmesi imzaland\u0131.<\/p>\n<p>Toplu \u0130\u015f S\u00f6zle\u015fmesi, Belediye Ba\u015fkan\u0131 Fatma \u00c7imen Tu\u011flu, ilgili komite \u00fcyeleri ve sendika ba\u015fkan\u0131 Semih Kolozali\u2019nin kat\u0131l\u0131m\u0131yla imzaland\u0131.<\/p>\n<p>Mehmet\u00e7ik B\u00fcy\u00fckkonuk Belediyesi\u2019nden yap\u0131lan a\u00e7\u0131klamaya g\u00f6re, belediyenin imkanlar\u0131 g\u00f6z \u00f6n\u00fcnde bulundurularak, \u00e7al\u0131\u015fanlar\u0131n ya\u015fam standartlar\u0131n\u0131 iyile\u015ftirme hedefiyle haz\u0131rlanan s\u00f6zle\u015fme, mali ve sosyal haklarda kazan\u0131mlar i\u00e7eriyor.  A\u00e7\u0131klamaya g\u00f6re, bu \u00e7er\u00e7evede, uzun y\u0131llard\u0131r ge\u00e7ici i\u015f\u00e7i stat\u00fcs\u00fcnde \u00e7al\u0131\u015fan bir\u00e7ok personel daimi i\u015f\u00e7i kadrosuna ge\u00e7irilerek kurumsal yap\u0131 g\u00fc\u00e7lendirildi.<\/p>\n<p>\u0130mza t\u00f6reninde konu\u015fan Belediye Ba\u015fkan\u0131 Fatma \u00c7imen Tu\u011flu, \u201cBizler sadece hizmet \u00fcretmiyor, emek\u00e7inin hakk\u0131n\u0131 da g\u00f6zetiyoruz. Bu s\u00f6zle\u015fme, \u00e7al\u0131\u015fma bar\u0131\u015f\u0131n\u0131n ve sosyal adaletin bir g\u00f6stergesidir. Belediyemizin s\u00fcrd\u00fcr\u00fclebilir yap\u0131s\u0131 korunarak, \u00e7al\u0131\u015fanlar\u0131m\u0131z\u0131n gelece\u011fini teminat alt\u0131na ald\u0131k. T\u00fcm emek\u00e7ilerimize hay\u0131rl\u0131 olmas\u0131n\u0131 dilerim.\u201d dedi.<\/p>\n<p>Sendika Ba\u015fkan\u0131 Semih Kolozali de, s\u00f6zle\u015fmenin imzalanmas\u0131ndan duyduklar\u0131 memnuniyeti dile getirerek , \u201cBu s\u00fcre\u00e7, \u00e7al\u0131\u015fanlar\u0131n sosyal haklar\u0131n\u0131n geli\u015ftirildi\u011fi ve g\u00fcvence alt\u0131na al\u0131nd\u0131\u011f\u0131 bir s\u00fcre\u00e7tir. Uyum i\u00e7erisinde \u00e7al\u0131\u015ft\u0131\u011f\u0131m\u0131z Say\u0131n Belediye Ba\u015fkan\u0131m\u0131za ve belediye meclis \u00fcyelerimize te\u015fekk\u00fcr ederiz. Bu s\u00f6zle\u015fme ile birlikte hem hizmet kalitesinin hem de personel memnuniyetinin artaca\u011f\u0131na inan\u0131yoruz.\u201d ifadelerini kulland\u0131.<\/p>\n<\/p><\/div>\n<p><script async\n                    defer\n                    crossorigin=\"anonymous\"\n                    src=\"https:\/\/connect.facebook.net\/tr_TR\/sdk.js#xfbml=1&#038;version=v3.3\"\n            ><\/script><\/p>\n","protected":false},"excerpt":{"rendered":"<p>Mehmet\u00e7ik B\u00fcy\u00fckkonuk Belediyesi ile Devrimci Genel-\u0130\u015f Sendikas\u0131 aras\u0131nda 2025\u20132026 y\u0131llar\u0131n\u0131 kapsayan Toplu \u0130\u015f S\u00f6zle\u015fmesi imzaland\u0131. Toplu \u0130\u015f S\u00f6zle\u015fmesi, Belediye Ba\u015fkan\u0131 Fatma \u00c7imen Tu\u011flu, ilgili komite \u00fcyeleri ve sendika ba\u015fkan\u0131 Semih Kolozali\u2019nin kat\u0131l\u0131m\u0131yla imzaland\u0131. Mehmet\u00e7ik B\u00fcy\u00fckkonuk Belediyesi\u2019nden yap\u0131lan a\u00e7\u0131klamaya g\u00f6re, belediyenin imkanlar\u0131 g\u00f6z \u00f6n\u00fcnde bulundurularak, \u00e7al\u0131\u015fanlar\u0131n ya\u015fam standartlar\u0131n\u0131 iyile\u015ftirme hedefiyle haz\u0131rlanan s\u00f6zle\u015fme, mali ve sosyal haklarda<\/p>\n","protected":false},"author":1,"featured_media":82422,"comment_status":"open","ping_status":"open","sticky":false,"template":"","format":"standard","meta":{"footnotes":""},"categories":[81,101],"tags":[],"class_list":["post-82421","post","type-post","status-publish","format-standard","has-post-thumbnail","hentry","category-kibris","category-manset"],"yoast_head":"<!-- This site is optimized with the Yoast SEO plugin v27.5 - https:\/\/yoast.com\/product\/yoast-seo-wordpress\/ -->\n<title>Mehmet\u00e7ik B\u00fcy\u00fckkonuk Belediyesi\u2019nde Toplu \u0130\u015f S\u00f6zle\u015fmesi imzaland\u0131 -<\/title>\n<meta name=\"robots\" content=\"index, follow, max-snippet:-1, max-image-preview:large, max-video-preview:-1\" \/>\n<link rel=\"canonical\" href=\"https:\/\/kibrisdakik.com\/?p=82421\" \/>\n<meta property=\"og:locale\" content=\"tr_TR\" \/>\n<meta property=\"og:type\" content=\"article\" \/>\n<meta property=\"og:title\" content=\"Mehmet\u00e7ik B\u00fcy\u00fckkonuk Belediyesi\u2019nde Toplu \u0130\u015f S\u00f6zle\u015fmesi imzaland\u0131 -\" \/>\n<meta property=\"og:description\" content=\"Mehmet\u00e7ik B\u00fcy\u00fckkonuk Belediyesi ile Devrimci Genel-\u0130\u015f Sendikas\u0131 aras\u0131nda 2025\u20132026 y\u0131llar\u0131n\u0131 kapsayan Toplu \u0130\u015f S\u00f6zle\u015fmesi imzaland\u0131. Toplu \u0130\u015f S\u00f6zle\u015fmesi, Belediye Ba\u015fkan\u0131 Fatma \u00c7imen Tu\u011flu, ilgili komite \u00fcyeleri ve sendika ba\u015fkan\u0131 Semih Kolozali\u2019nin kat\u0131l\u0131m\u0131yla imzaland\u0131. Mehmet\u00e7ik B\u00fcy\u00fckkonuk Belediyesi\u2019nden yap\u0131lan a\u00e7\u0131klamaya g\u00f6re, belediyenin imkanlar\u0131 g\u00f6z \u00f6n\u00fcnde bulundurularak, \u00e7al\u0131\u015fanlar\u0131n ya\u015fam standartlar\u0131n\u0131 iyile\u015ftirme hedefiyle haz\u0131rlanan s\u00f6zle\u015fme, mali ve sosyal haklarda\" \/>\n<meta property=\"og:url\" content=\"https:\/\/kibrisdakik.com\/?p=82421\" \/>\n<meta property=\"article:published_time\" content=\"2025-05-16T07:57:09+00:00\" \/>\n<meta property=\"og:image\" content=\"https:\/\/kibrisdakik.com\/wp-content\/uploads\/2025\/05\/9898988989-740x420.jpg\" \/>\n\t<meta property=\"og:image:width\" content=\"1600\" \/>\n\t<meta property=\"og:image:height\" content=\"761\" \/>\n\t<meta property=\"og:image:type\" content=\"image\/jpeg\" \/>\n<meta name=\"author\" content=\"admin\" \/>\n<meta name=\"twitter:card\" content=\"summary_large_image\" \/>\n<meta name=\"twitter:label1\" content=\"Yazan:\" \/>\n\t<meta name=\"twitter:data1\" content=\"admin\" \/>\n\t<meta name=\"twitter:label2\" content=\"Tahmini okuma s\u00fcresi\" \/>\n\t<meta name=\"twitter:data2\" content=\"1 dakika\" \/>\n<script type=\"application\/ld+json\" class=\"yoast-schema-graph\">{\"@context\":\"https:\\\/\\\/schema.org\",\"@graph\":[{\"@type\":\"Article\",\"@id\":\"https:\\\/\\\/kibrisdakik.com\\\/?p=82421#article\",\"isPartOf\":{\"@id\":\"https:\\\/\\\/kibrisdakik.com\\\/?p=82421\"},\"author\":{\"name\":\"admin\",\"@id\":\"https:\\\/\\\/kibrisdakik.com\\\/#\\\/schema\\\/person\\\/9cd9d437bbb44f72b73ba127e06d8e79\"},\"headline\":\"Mehmet\u00e7ik B\u00fcy\u00fckkonuk Belediyesi\u2019nde Toplu \u0130\u015f S\u00f6zle\u015fmesi imzaland\u0131\",\"datePublished\":\"2025-05-16T07:57:09+00:00\",\"mainEntityOfPage\":{\"@id\":\"https:\\\/\\\/kibrisdakik.com\\\/?p=82421\"},\"wordCount\":283,\"commentCount\":0,\"image\":{\"@id\":\"https:\\\/\\\/kibrisdakik.com\\\/?p=82421#primaryimage\"},\"thumbnailUrl\":\"https:\\\/\\\/kibrisdakik.com\\\/wp-content\\\/uploads\\\/2025\\\/05\\\/9898988989-740x420.jpg\",\"articleSection\":[\"K\u0131br\u0131s\",\"Man\u015fet\"],\"inLanguage\":\"tr\",\"potentialAction\":[{\"@type\":\"CommentAction\",\"name\":\"Comment\",\"target\":[\"https:\\\/\\\/kibrisdakik.com\\\/?p=82421#respond\"]}]},{\"@type\":\"WebPage\",\"@id\":\"https:\\\/\\\/kibrisdakik.com\\\/?p=82421\",\"url\":\"https:\\\/\\\/kibrisdakik.com\\\/?p=82421\",\"name\":\"Mehmet\u00e7ik B\u00fcy\u00fckkonuk Belediyesi\u2019nde Toplu \u0130\u015f S\u00f6zle\u015fmesi imzaland\u0131 -\",\"isPartOf\":{\"@id\":\"https:\\\/\\\/kibrisdakik.com\\\/#website\"},\"primaryImageOfPage\":{\"@id\":\"https:\\\/\\\/kibrisdakik.com\\\/?p=82421#primaryimage\"},\"image\":{\"@id\":\"https:\\\/\\\/kibrisdakik.com\\\/?p=82421#primaryimage\"},\"thumbnailUrl\":\"https:\\\/\\\/kibrisdakik.com\\\/wp-content\\\/uploads\\\/2025\\\/05\\\/9898988989-740x420.jpg\",\"datePublished\":\"2025-05-16T07:57:09+00:00\",\"author\":{\"@id\":\"https:\\\/\\\/kibrisdakik.com\\\/#\\\/schema\\\/person\\\/9cd9d437bbb44f72b73ba127e06d8e79\"},\"breadcrumb\":{\"@id\":\"https:\\\/\\\/kibrisdakik.com\\\/?p=82421#breadcrumb\"},\"inLanguage\":\"tr\",\"potentialAction\":[{\"@type\":\"ReadAction\",\"target\":[\"https:\\\/\\\/kibrisdakik.com\\\/?p=82421\"]}]},{\"@type\":\"ImageObject\",\"inLanguage\":\"tr\",\"@id\":\"https:\\\/\\\/kibrisdakik.com\\\/?p=82421#primaryimage\",\"url\":\"https:\\\/\\\/kibrisdakik.com\\\/wp-content\\\/uploads\\\/2025\\\/05\\\/9898988989-740x420.jpg\",\"contentUrl\":\"https:\\\/\\\/kibrisdakik.com\\\/wp-content\\\/uploads\\\/2025\\\/05\\\/9898988989-740x420.jpg\",\"width\":1600,\"height\":761},{\"@type\":\"BreadcrumbList\",\"@id\":\"https:\\\/\\\/kibrisdakik.com\\\/?p=82421#breadcrumb\",\"itemListElement\":[{\"@type\":\"ListItem\",\"position\":1,\"name\":\"Home\",\"item\":\"https:\\\/\\\/kibrisdakik.com\\\/\"},{\"@type\":\"ListItem\",\"position\":2,\"name\":\"Mehmet\u00e7ik B\u00fcy\u00fckkonuk Belediyesi\u2019nde Toplu \u0130\u015f S\u00f6zle\u015fmesi imzaland\u0131\"}]},{\"@type\":\"WebSite\",\"@id\":\"https:\\\/\\\/kibrisdakik.com\\\/#website\",\"url\":\"https:\\\/\\\/kibrisdakik.com\\\/\",\"name\":\"\",\"description\":\"Tam vaktinde haber\",\"potentialAction\":[{\"@type\":\"SearchAction\",\"target\":{\"@type\":\"EntryPoint\",\"urlTemplate\":\"https:\\\/\\\/kibrisdakik.com\\\/?s={search_term_string}\"},\"query-input\":{\"@type\":\"PropertyValueSpecification\",\"valueRequired\":true,\"valueName\":\"search_term_string\"}}],\"inLanguage\":\"tr\"},{\"@type\":\"Person\",\"@id\":\"https:\\\/\\\/kibrisdakik.com\\\/#\\\/schema\\\/person\\\/9cd9d437bbb44f72b73ba127e06d8e79\",\"name\":\"admin\",\"image\":{\"@type\":\"ImageObject\",\"inLanguage\":\"tr\",\"@id\":\"https:\\\/\\\/secure.gravatar.com\\\/avatar\\\/ccc17943b9d660506c869530f897617f7cb1c21a4bf30023f252596d83e1f007?s=96&d=mm&r=g\",\"url\":\"https:\\\/\\\/secure.gravatar.com\\\/avatar\\\/ccc17943b9d660506c869530f897617f7cb1c21a4bf30023f252596d83e1f007?s=96&d=mm&r=g\",\"contentUrl\":\"https:\\\/\\\/secure.gravatar.com\\\/avatar\\\/ccc17943b9d660506c869530f897617f7cb1c21a4bf30023f252596d83e1f007?s=96&d=mm&r=g\",\"caption\":\"admin\"},\"sameAs\":[\"https:\\\/\\\/kibrisdakik.com\"],\"url\":\"https:\\\/\\\/kibrisdakik.com\\\/?author=1\"}]}<\/script>\n<!-- \/ Yoast SEO plugin. -->","yoast_head_json":{"title":"Mehmet\u00e7ik B\u00fcy\u00fckkonuk Belediyesi\u2019nde Toplu \u0130\u015f S\u00f6zle\u015fmesi imzaland\u0131 -","robots":{"index":"index","follow":"follow","max-snippet":"max-snippet:-1","max-image-preview":"max-image-preview:large","max-video-preview":"max-video-preview:-1"},"canonical":"https:\/\/kibrisdakik.com\/?p=82421","og_locale":"tr_TR","og_type":"article","og_title":"Mehmet\u00e7ik B\u00fcy\u00fckkonuk Belediyesi\u2019nde Toplu \u0130\u015f S\u00f6zle\u015fmesi imzaland\u0131 -","og_description":"Mehmet\u00e7ik B\u00fcy\u00fckkonuk Belediyesi ile Devrimci Genel-\u0130\u015f Sendikas\u0131 aras\u0131nda 2025\u20132026 y\u0131llar\u0131n\u0131 kapsayan Toplu \u0130\u015f S\u00f6zle\u015fmesi imzaland\u0131. Toplu \u0130\u015f S\u00f6zle\u015fmesi, Belediye Ba\u015fkan\u0131 Fatma \u00c7imen Tu\u011flu, ilgili komite \u00fcyeleri ve sendika ba\u015fkan\u0131 Semih Kolozali\u2019nin kat\u0131l\u0131m\u0131yla imzaland\u0131. Mehmet\u00e7ik B\u00fcy\u00fckkonuk Belediyesi\u2019nden yap\u0131lan a\u00e7\u0131klamaya g\u00f6re, belediyenin imkanlar\u0131 g\u00f6z \u00f6n\u00fcnde bulundurularak, \u00e7al\u0131\u015fanlar\u0131n ya\u015fam standartlar\u0131n\u0131 iyile\u015ftirme hedefiyle haz\u0131rlanan s\u00f6zle\u015fme, mali ve sosyal haklarda","og_url":"https:\/\/kibrisdakik.com\/?p=82421","article_published_time":"2025-05-16T07:57:09+00:00","og_image":[{"width":1600,"height":761,"url":"https:\/\/kibrisdakik.com\/wp-content\/uploads\/2025\/05\/9898988989-740x420.jpg","type":"image\/jpeg"}],"author":"admin","twitter_card":"summary_large_image","twitter_misc":{"Yazan:":"admin","Tahmini okuma s\u00fcresi":"1 dakika"},"schema":{"@context":"https:\/\/schema.org","@graph":[{"@type":"Article","@id":"https:\/\/kibrisdakik.com\/?p=82421#article","isPartOf":{"@id":"https:\/\/kibrisdakik.com\/?p=82421"},"author":{"name":"admin","@id":"https:\/\/kibrisdakik.com\/#\/schema\/person\/9cd9d437bbb44f72b73ba127e06d8e79"},"headline":"Mehmet\u00e7ik B\u00fcy\u00fckkonuk Belediyesi\u2019nde Toplu \u0130\u015f S\u00f6zle\u015fmesi imzaland\u0131","datePublished":"2025-05-16T07:57:09+00:00","mainEntityOfPage":{"@id":"https:\/\/kibrisdakik.com\/?p=82421"},"wordCount":283,"commentCount":0,"image":{"@id":"https:\/\/kibrisdakik.com\/?p=82421#primaryimage"},"thumbnailUrl":"https:\/\/kibrisdakik.com\/wp-content\/uploads\/2025\/05\/9898988989-740x420.jpg","articleSection":["K\u0131br\u0131s","Man\u015fet"],"inLanguage":"tr","potentialAction":[{"@type":"CommentAction","name":"Comment","target":["https:\/\/kibrisdakik.com\/?p=82421#respond"]}]},{"@type":"WebPage","@id":"https:\/\/kibrisdakik.com\/?p=82421","url":"https:\/\/kibrisdakik.com\/?p=82421","name":"Mehmet\u00e7ik B\u00fcy\u00fckkonuk Belediyesi\u2019nde Toplu \u0130\u015f S\u00f6zle\u015fmesi imzaland\u0131 -","isPartOf":{"@id":"https:\/\/kibrisdakik.com\/#website"},"primaryImageOfPage":{"@id":"https:\/\/kibrisdakik.com\/?p=82421#primaryimage"},"image":{"@id":"https:\/\/kibrisdakik.com\/?p=82421#primaryimage"},"thumbnailUrl":"https:\/\/kibrisdakik.com\/wp-content\/uploads\/2025\/05\/9898988989-740x420.jpg","datePublished":"2025-05-16T07:57:09+00:00","author":{"@id":"https:\/\/kibrisdakik.com\/#\/schema\/person\/9cd9d437bbb44f72b73ba127e06d8e79"},"breadcrumb":{"@id":"https:\/\/kibrisdakik.com\/?p=82421#breadcrumb"},"inLanguage":"tr","potentialAction":[{"@type":"ReadAction","target":["https:\/\/kibrisdakik.com\/?p=82421"]}]},{"@type":"ImageObject","inLanguage":"tr","@id":"https:\/\/kibrisdakik.com\/?p=82421#primaryimage","url":"https:\/\/kibrisdakik.com\/wp-content\/uploads\/2025\/05\/9898988989-740x420.jpg","contentUrl":"https:\/\/kibrisdakik.com\/wp-content\/uploads\/2025\/05\/9898988989-740x420.jpg","width":1600,"height":761},{"@type":"BreadcrumbList","@id":"https:\/\/kibrisdakik.com\/?p=82421#breadcrumb","itemListElement":[{"@type":"ListItem","position":1,"name":"Home","item":"https:\/\/kibrisdakik.com\/"},{"@type":"ListItem","position":2,"name":"Mehmet\u00e7ik B\u00fcy\u00fckkonuk Belediyesi\u2019nde Toplu \u0130\u015f S\u00f6zle\u015fmesi imzaland\u0131"}]},{"@type":"WebSite","@id":"https:\/\/kibrisdakik.com\/#website","url":"https:\/\/kibrisdakik.com\/","name":"","description":"Tam vaktinde haber","potentialAction":[{"@type":"SearchAction","target":{"@type":"EntryPoint","urlTemplate":"https:\/\/kibrisdakik.com\/?s={search_term_string}"},"query-input":{"@type":"PropertyValueSpecification","valueRequired":true,"valueName":"search_term_string"}}],"inLanguage":"tr"},{"@type":"Person","@id":"https:\/\/kibrisdakik.com\/#\/schema\/person\/9cd9d437bbb44f72b73ba127e06d8e79","name":"admin","image":{"@type":"ImageObject","inLanguage":"tr","@id":"https:\/\/secure.gravatar.com\/avatar\/ccc17943b9d660506c869530f897617f7cb1c21a4bf30023f252596d83e1f007?s=96&d=mm&r=g","url":"https:\/\/secure.gravatar.com\/avatar\/ccc17943b9d660506c869530f897617f7cb1c21a4bf30023f252596d83e1f007?s=96&d=mm&r=g","contentUrl":"https:\/\/secure.gravatar.com\/avatar\/ccc17943b9d660506c869530f897617f7cb1c21a4bf30023f252596d83e1f007?s=96&d=mm&r=g","caption":"admin"},"sameAs":["https:\/\/kibrisdakik.com"],"url":"https:\/\/kibrisdakik.com\/?author=1"}]}},"_links":{"self":[{"href":"https:\/\/kibrisdakik.com\/index.php?rest_route=\/wp\/v2\/posts\/82421","targetHints":{"allow":["GET"]}}],"collection":[{"href":"https:\/\/kibrisdakik.com\/index.php?rest_route=\/wp\/v2\/posts"}],"about":[{"href":"https:\/\/kibrisdakik.com\/index.php?rest_route=\/wp\/v2\/types\/post"}],"author":[{"embeddable":true,"href":"https:\/\/kibrisdakik.com\/index.php?rest_route=\/wp\/v2\/users\/1"}],"replies":[{"embeddable":true,"href":"https:\/\/kibrisdakik.com\/index.php?rest_route=%2Fwp%2Fv2%2Fcomments&post=82421"}],"version-history":[{"count":0,"href":"https:\/\/kibrisdakik.com\/index.php?rest_route=\/wp\/v2\/posts\/82421\/revisions"}],"wp:featuredmedia":[{"embeddable":true,"href":"https:\/\/kibrisdakik.com\/index.php?rest_route=\/wp\/v2\/media\/82422"}],"wp:attachment":[{"href":"https:\/\/kibrisdakik.com\/index.php?rest_route=%2Fwp%2Fv2%2Fmedia&parent=82421"}],"wp:term":[{"taxonomy":"category","embeddable":true,"href":"https:\/\/kibrisdakik.com\/index.php?rest_route=%2Fwp%2Fv2%2Fcategories&post=82421"},{"taxonomy":"post_tag","embeddable":true,"href":"https:\/\/kibrisdakik.com\/index.php?rest_route=%2Fwp%2Fv2%2Ftags&post=82421"}],"curies":[{"name":"wp","href":"https:\/\/api.w.org\/{rel}","templated":true}]}}