{"id":82427,"date":"2025-05-16T11:42:00","date_gmt":"2025-05-16T08:42:00","guid":{"rendered":"https:\/\/kibrisdakik.com\/index.php\/2025\/05\/16\/akova-yildirim-yolunda-motosiklet-kazasi-bir-kisi-agir-yaralandi\/"},"modified":"2025-05-16T11:42:00","modified_gmt":"2025-05-16T08:42:00","slug":"akova-yildirim-yolunda-motosiklet-kazasi-bir-kisi-agir-yaralandi","status":"publish","type":"post","link":"https:\/\/kibrisdakik.com\/?p=82427","title":{"rendered":"Akova-Y\u0131ld\u0131r\u0131m yolunda motosiklet kazas\u0131: Bir ki\u015fi a\u011f\u0131r yaraland\u0131"},"content":{"rendered":"<p><\/p>\n<div>\n<div class=\"mariselle-image-container center\">\n                <img loading=\"lazy\" decoding=\"async\" width=\"747\" height=\"400\" class=\"lazy-image\" alt=\"\" sizes=\"auto, (max-width: 747px) 100vw, 747px\" src=\"https:\/\/brtk.net\/wp-content\/uploads\/2024\/12\/16\/1734344006789trafik-kazasi.jpg?ver=1c1ea872ac52e080b11e346c832b35e9\" srcset=\"https:\/\/brtk.net\/wp-content\/uploads\/2024\/12\/16\/1734344006789trafik-kazasi.jpg?ver=1c1ea872ac52e080b11e346c832b35e9 747w, https:\/\/brtk.net\/wp-content\/uploads\/2024\/12\/16\/1734344006789trafik-kazasi-300x161.jpg?ver=2b2ec277119ed3d1f411128b68f37443 300w\"\/>                            <\/div>\n<p>Akova-Y\u0131ld\u0131r\u0131m Anayolu\u2019nda d\u00fcn gece meydana gelen trafik kazas\u0131nda 24 ya\u015f\u0131ndaki motosiklet s\u00fcr\u00fcc\u00fcs\u00fc \u00c7a\u011fakan Ayda\u015f a\u011f\u0131r yaraland\u0131. Polis, kazan\u0131n s\u00fcr\u00fcc\u00fcn\u00fcn dikkatsizli\u011fi sonucu ger\u00e7ekle\u015fti\u011fini a\u00e7\u0131klad\u0131.<\/p>\n<p>Polis Bas\u0131n Subayl\u0131\u011f\u0131\u2019ndan verilen bilgiye g\u00f6re, saat 23.00 s\u0131ralar\u0131nda, UR 134 plakal\u0131 motosiklet ile Y\u0131ld\u0131r\u0131m istikametine do\u011fru seyreden \u00c7a\u011fakan Ayda\u015f, Y\u0131ld\u0131r\u0131m D\u00fc\u011f\u00fcn Salonu \u00f6nlerine geldi\u011fi s\u0131rada direksiyon hakimiyetini kaybederek yolun soluna \u00e7\u0131kt\u0131. Bord\u00fcr ta\u015flar\u0131na \u00e7arpan motosikletin kontrols\u00fczce yola savrulmas\u0131 sonucu s\u00fcr\u00fcc\u00fc a\u011f\u0131r yaraland\u0131.<\/p>\n<p>Gazima\u011fusa Devlet Hastanesi\u2019ne kald\u0131r\u0131lan Ayda\u015f\u2019a beyin kanamas\u0131 ve i\u00e7 kanama te\u015fhisi konuldu. Yaral\u0131 s\u00fcr\u00fcc\u00fc, daha sonra Yak\u0131n Do\u011fu \u00dcniversitesi Hastanesi Yenibo\u011fazi\u00e7i\u2019ne sevk edilerek Yo\u011fun Bak\u0131m Servisi\u2019nde m\u00fc\u015fahede alt\u0131na al\u0131nd\u0131. Kazayla ilgili soru\u015fturma devam ediyor.<\/p>\n<p>\u00d6te yandan bu sabah saat 03.00 s\u0131ralar\u0131nda Gazima\u011fusa Bedis B\u00f6lgesi\u2019nde meydana gelen di\u011fer kazada yaralanan olmad\u0131. 30 ya\u015f\u0131ndaki Seda Sar\u0131, 82 miligram alkoll\u00fc i\u00e7ki tesiri alt\u0131nda kulland\u0131\u011f\u0131 NU 469 plakal\u0131 ara\u00e7la do\u011fu istikametine seyrederken, Bedis Piknik Alan\u0131 \u00f6nlerinde direksiyon hakimiyetini kaybederek yolun soluna \u00e7\u0131kt\u0131 ve toprak alanda bulunan okaliptus a\u011fac\u0131na \u00e7arpt\u0131.<\/p>\n<p>Ara\u00e7 s\u00fcr\u00fcc\u00fcs\u00fc hakk\u0131nda \u201calkoll\u00fc i\u00e7ki tesiri alt\u0131nda ara\u00e7 kullanmak\u201d ve \u201ctrafik kazas\u0131 yapmak\u201d su\u00e7lar\u0131ndan yasal i\u015flem ba\u015flat\u0131ld\u0131. Bu kazayla ilgili de soru\u015fturma s\u00fcr\u00fcyor.<\/p>\n<\/p><\/div>\n<p><script async\n                    defer\n                    crossorigin=\"anonymous\"\n                    src=\"https:\/\/connect.facebook.net\/tr_TR\/sdk.js#xfbml=1&#038;version=v3.3\"\n            ><\/script><\/p>\n","protected":false},"excerpt":{"rendered":"<p>Akova-Y\u0131ld\u0131r\u0131m Anayolu\u2019nda d\u00fcn gece meydana gelen trafik kazas\u0131nda 24 ya\u015f\u0131ndaki motosiklet s\u00fcr\u00fcc\u00fcs\u00fc \u00c7a\u011fakan Ayda\u015f a\u011f\u0131r yaraland\u0131. Polis, kazan\u0131n s\u00fcr\u00fcc\u00fcn\u00fcn dikkatsizli\u011fi sonucu ger\u00e7ekle\u015fti\u011fini a\u00e7\u0131klad\u0131. Polis Bas\u0131n Subayl\u0131\u011f\u0131\u2019ndan verilen bilgiye g\u00f6re, saat 23.00 s\u0131ralar\u0131nda, UR 134 plakal\u0131 motosiklet ile Y\u0131ld\u0131r\u0131m istikametine do\u011fru seyreden \u00c7a\u011fakan Ayda\u015f, Y\u0131ld\u0131r\u0131m D\u00fc\u011f\u00fcn Salonu \u00f6nlerine geldi\u011fi s\u0131rada direksiyon hakimiyetini kaybederek yolun soluna \u00e7\u0131kt\u0131.<\/p>\n","protected":false},"author":1,"featured_media":72430,"comment_status":"open","ping_status":"open","sticky":false,"template":"","format":"standard","meta":{"footnotes":""},"categories":[1,101],"tags":[],"class_list":["post-82427","post","type-post","status-publish","format-standard","has-post-thumbnail","hentry","category-gundem","category-manset"],"yoast_head":"<!-- This site is optimized with the Yoast SEO plugin v27.4 - https:\/\/yoast.com\/product\/yoast-seo-wordpress\/ -->\n<title>Akova-Y\u0131ld\u0131r\u0131m yolunda motosiklet kazas\u0131: Bir ki\u015fi a\u011f\u0131r yaraland\u0131 -<\/title>\n<meta name=\"robots\" content=\"index, follow, max-snippet:-1, max-image-preview:large, max-video-preview:-1\" \/>\n<link rel=\"canonical\" href=\"https:\/\/kibrisdakik.com\/?p=82427\" \/>\n<meta property=\"og:locale\" content=\"tr_TR\" \/>\n<meta property=\"og:type\" content=\"article\" \/>\n<meta property=\"og:title\" content=\"Akova-Y\u0131ld\u0131r\u0131m yolunda motosiklet kazas\u0131: Bir ki\u015fi a\u011f\u0131r yaraland\u0131 -\" \/>\n<meta property=\"og:description\" content=\"Akova-Y\u0131ld\u0131r\u0131m Anayolu\u2019nda d\u00fcn gece meydana gelen trafik kazas\u0131nda 24 ya\u015f\u0131ndaki motosiklet s\u00fcr\u00fcc\u00fcs\u00fc \u00c7a\u011fakan Ayda\u015f a\u011f\u0131r yaraland\u0131. Polis, kazan\u0131n s\u00fcr\u00fcc\u00fcn\u00fcn dikkatsizli\u011fi sonucu ger\u00e7ekle\u015fti\u011fini a\u00e7\u0131klad\u0131. Polis Bas\u0131n Subayl\u0131\u011f\u0131\u2019ndan verilen bilgiye g\u00f6re, saat 23.00 s\u0131ralar\u0131nda, UR 134 plakal\u0131 motosiklet ile Y\u0131ld\u0131r\u0131m istikametine do\u011fru seyreden \u00c7a\u011fakan Ayda\u015f, Y\u0131ld\u0131r\u0131m D\u00fc\u011f\u00fcn Salonu \u00f6nlerine geldi\u011fi s\u0131rada direksiyon hakimiyetini kaybederek yolun soluna \u00e7\u0131kt\u0131.\" \/>\n<meta property=\"og:url\" content=\"https:\/\/kibrisdakik.com\/?p=82427\" \/>\n<meta property=\"article:published_time\" content=\"2025-05-16T08:42:00+00:00\" \/>\n<meta property=\"og:image\" content=\"https:\/\/kibrisdakik.com\/wp-content\/uploads\/2024\/12\/1734344006789trafik-kazasi-740x400.jpg\" \/>\n\t<meta property=\"og:image:width\" content=\"747\" \/>\n\t<meta property=\"og:image:height\" content=\"400\" \/>\n\t<meta property=\"og:image:type\" content=\"image\/jpeg\" \/>\n<meta name=\"author\" content=\"admin\" \/>\n<meta name=\"twitter:card\" content=\"summary_large_image\" \/>\n<meta name=\"twitter:label1\" content=\"Yazan:\" \/>\n\t<meta name=\"twitter:data1\" content=\"admin\" \/>\n\t<meta name=\"twitter:label2\" content=\"Tahmini okuma s\u00fcresi\" \/>\n\t<meta name=\"twitter:data2\" content=\"1 dakika\" \/>\n<script type=\"application\/ld+json\" class=\"yoast-schema-graph\">{\"@context\":\"https:\\\/\\\/schema.org\",\"@graph\":[{\"@type\":\"Article\",\"@id\":\"https:\\\/\\\/kibrisdakik.com\\\/?p=82427#article\",\"isPartOf\":{\"@id\":\"https:\\\/\\\/kibrisdakik.com\\\/?p=82427\"},\"author\":{\"name\":\"admin\",\"@id\":\"https:\\\/\\\/kibrisdakik.com\\\/#\\\/schema\\\/person\\\/9cd9d437bbb44f72b73ba127e06d8e79\"},\"headline\":\"Akova-Y\u0131ld\u0131r\u0131m yolunda motosiklet kazas\u0131: Bir ki\u015fi a\u011f\u0131r yaraland\u0131\",\"datePublished\":\"2025-05-16T08:42:00+00:00\",\"mainEntityOfPage\":{\"@id\":\"https:\\\/\\\/kibrisdakik.com\\\/?p=82427\"},\"wordCount\":272,\"commentCount\":0,\"image\":{\"@id\":\"https:\\\/\\\/kibrisdakik.com\\\/?p=82427#primaryimage\"},\"thumbnailUrl\":\"https:\\\/\\\/kibrisdakik.com\\\/wp-content\\\/uploads\\\/2024\\\/12\\\/1734344006789trafik-kazasi-740x400.jpg\",\"articleSection\":[\"G\u00fcndem\",\"Man\u015fet\"],\"inLanguage\":\"tr\",\"potentialAction\":[{\"@type\":\"CommentAction\",\"name\":\"Comment\",\"target\":[\"https:\\\/\\\/kibrisdakik.com\\\/?p=82427#respond\"]}]},{\"@type\":\"WebPage\",\"@id\":\"https:\\\/\\\/kibrisdakik.com\\\/?p=82427\",\"url\":\"https:\\\/\\\/kibrisdakik.com\\\/?p=82427\",\"name\":\"Akova-Y\u0131ld\u0131r\u0131m yolunda motosiklet kazas\u0131: Bir ki\u015fi a\u011f\u0131r yaraland\u0131 -\",\"isPartOf\":{\"@id\":\"https:\\\/\\\/kibrisdakik.com\\\/#website\"},\"primaryImageOfPage\":{\"@id\":\"https:\\\/\\\/kibrisdakik.com\\\/?p=82427#primaryimage\"},\"image\":{\"@id\":\"https:\\\/\\\/kibrisdakik.com\\\/?p=82427#primaryimage\"},\"thumbnailUrl\":\"https:\\\/\\\/kibrisdakik.com\\\/wp-content\\\/uploads\\\/2024\\\/12\\\/1734344006789trafik-kazasi-740x400.jpg\",\"datePublished\":\"2025-05-16T08:42:00+00:00\",\"author\":{\"@id\":\"https:\\\/\\\/kibrisdakik.com\\\/#\\\/schema\\\/person\\\/9cd9d437bbb44f72b73ba127e06d8e79\"},\"breadcrumb\":{\"@id\":\"https:\\\/\\\/kibrisdakik.com\\\/?p=82427#breadcrumb\"},\"inLanguage\":\"tr\",\"potentialAction\":[{\"@type\":\"ReadAction\",\"target\":[\"https:\\\/\\\/kibrisdakik.com\\\/?p=82427\"]}]},{\"@type\":\"ImageObject\",\"inLanguage\":\"tr\",\"@id\":\"https:\\\/\\\/kibrisdakik.com\\\/?p=82427#primaryimage\",\"url\":\"https:\\\/\\\/kibrisdakik.com\\\/wp-content\\\/uploads\\\/2024\\\/12\\\/1734344006789trafik-kazasi-740x400.jpg\",\"contentUrl\":\"https:\\\/\\\/kibrisdakik.com\\\/wp-content\\\/uploads\\\/2024\\\/12\\\/1734344006789trafik-kazasi-740x400.jpg\",\"width\":747,\"height\":400},{\"@type\":\"BreadcrumbList\",\"@id\":\"https:\\\/\\\/kibrisdakik.com\\\/?p=82427#breadcrumb\",\"itemListElement\":[{\"@type\":\"ListItem\",\"position\":1,\"name\":\"Home\",\"item\":\"https:\\\/\\\/kibrisdakik.com\\\/\"},{\"@type\":\"ListItem\",\"position\":2,\"name\":\"Akova-Y\u0131ld\u0131r\u0131m yolunda motosiklet kazas\u0131: Bir ki\u015fi a\u011f\u0131r yaraland\u0131\"}]},{\"@type\":\"WebSite\",\"@id\":\"https:\\\/\\\/kibrisdakik.com\\\/#website\",\"url\":\"https:\\\/\\\/kibrisdakik.com\\\/\",\"name\":\"\",\"description\":\"Tam vaktinde haber\",\"potentialAction\":[{\"@type\":\"SearchAction\",\"target\":{\"@type\":\"EntryPoint\",\"urlTemplate\":\"https:\\\/\\\/kibrisdakik.com\\\/?s={search_term_string}\"},\"query-input\":{\"@type\":\"PropertyValueSpecification\",\"valueRequired\":true,\"valueName\":\"search_term_string\"}}],\"inLanguage\":\"tr\"},{\"@type\":\"Person\",\"@id\":\"https:\\\/\\\/kibrisdakik.com\\\/#\\\/schema\\\/person\\\/9cd9d437bbb44f72b73ba127e06d8e79\",\"name\":\"admin\",\"image\":{\"@type\":\"ImageObject\",\"inLanguage\":\"tr\",\"@id\":\"https:\\\/\\\/secure.gravatar.com\\\/avatar\\\/ccc17943b9d660506c869530f897617f7cb1c21a4bf30023f252596d83e1f007?s=96&d=mm&r=g\",\"url\":\"https:\\\/\\\/secure.gravatar.com\\\/avatar\\\/ccc17943b9d660506c869530f897617f7cb1c21a4bf30023f252596d83e1f007?s=96&d=mm&r=g\",\"contentUrl\":\"https:\\\/\\\/secure.gravatar.com\\\/avatar\\\/ccc17943b9d660506c869530f897617f7cb1c21a4bf30023f252596d83e1f007?s=96&d=mm&r=g\",\"caption\":\"admin\"},\"sameAs\":[\"https:\\\/\\\/kibrisdakik.com\"],\"url\":\"https:\\\/\\\/kibrisdakik.com\\\/?author=1\"}]}<\/script>\n<!-- \/ Yoast SEO plugin. -->","yoast_head_json":{"title":"Akova-Y\u0131ld\u0131r\u0131m yolunda motosiklet kazas\u0131: Bir ki\u015fi a\u011f\u0131r yaraland\u0131 -","robots":{"index":"index","follow":"follow","max-snippet":"max-snippet:-1","max-image-preview":"max-image-preview:large","max-video-preview":"max-video-preview:-1"},"canonical":"https:\/\/kibrisdakik.com\/?p=82427","og_locale":"tr_TR","og_type":"article","og_title":"Akova-Y\u0131ld\u0131r\u0131m yolunda motosiklet kazas\u0131: Bir ki\u015fi a\u011f\u0131r yaraland\u0131 -","og_description":"Akova-Y\u0131ld\u0131r\u0131m Anayolu\u2019nda d\u00fcn gece meydana gelen trafik kazas\u0131nda 24 ya\u015f\u0131ndaki motosiklet s\u00fcr\u00fcc\u00fcs\u00fc \u00c7a\u011fakan Ayda\u015f a\u011f\u0131r yaraland\u0131. Polis, kazan\u0131n s\u00fcr\u00fcc\u00fcn\u00fcn dikkatsizli\u011fi sonucu ger\u00e7ekle\u015fti\u011fini a\u00e7\u0131klad\u0131. Polis Bas\u0131n Subayl\u0131\u011f\u0131\u2019ndan verilen bilgiye g\u00f6re, saat 23.00 s\u0131ralar\u0131nda, UR 134 plakal\u0131 motosiklet ile Y\u0131ld\u0131r\u0131m istikametine do\u011fru seyreden \u00c7a\u011fakan Ayda\u015f, Y\u0131ld\u0131r\u0131m D\u00fc\u011f\u00fcn Salonu \u00f6nlerine geldi\u011fi s\u0131rada direksiyon hakimiyetini kaybederek yolun soluna \u00e7\u0131kt\u0131.","og_url":"https:\/\/kibrisdakik.com\/?p=82427","article_published_time":"2025-05-16T08:42:00+00:00","og_image":[{"width":747,"height":400,"url":"https:\/\/kibrisdakik.com\/wp-content\/uploads\/2024\/12\/1734344006789trafik-kazasi-740x400.jpg","type":"image\/jpeg"}],"author":"admin","twitter_card":"summary_large_image","twitter_misc":{"Yazan:":"admin","Tahmini okuma s\u00fcresi":"1 dakika"},"schema":{"@context":"https:\/\/schema.org","@graph":[{"@type":"Article","@id":"https:\/\/kibrisdakik.com\/?p=82427#article","isPartOf":{"@id":"https:\/\/kibrisdakik.com\/?p=82427"},"author":{"name":"admin","@id":"https:\/\/kibrisdakik.com\/#\/schema\/person\/9cd9d437bbb44f72b73ba127e06d8e79"},"headline":"Akova-Y\u0131ld\u0131r\u0131m yolunda motosiklet kazas\u0131: Bir ki\u015fi a\u011f\u0131r yaraland\u0131","datePublished":"2025-05-16T08:42:00+00:00","mainEntityOfPage":{"@id":"https:\/\/kibrisdakik.com\/?p=82427"},"wordCount":272,"commentCount":0,"image":{"@id":"https:\/\/kibrisdakik.com\/?p=82427#primaryimage"},"thumbnailUrl":"https:\/\/kibrisdakik.com\/wp-content\/uploads\/2024\/12\/1734344006789trafik-kazasi-740x400.jpg","articleSection":["G\u00fcndem","Man\u015fet"],"inLanguage":"tr","potentialAction":[{"@type":"CommentAction","name":"Comment","target":["https:\/\/kibrisdakik.com\/?p=82427#respond"]}]},{"@type":"WebPage","@id":"https:\/\/kibrisdakik.com\/?p=82427","url":"https:\/\/kibrisdakik.com\/?p=82427","name":"Akova-Y\u0131ld\u0131r\u0131m yolunda motosiklet kazas\u0131: Bir ki\u015fi a\u011f\u0131r yaraland\u0131 -","isPartOf":{"@id":"https:\/\/kibrisdakik.com\/#website"},"primaryImageOfPage":{"@id":"https:\/\/kibrisdakik.com\/?p=82427#primaryimage"},"image":{"@id":"https:\/\/kibrisdakik.com\/?p=82427#primaryimage"},"thumbnailUrl":"https:\/\/kibrisdakik.com\/wp-content\/uploads\/2024\/12\/1734344006789trafik-kazasi-740x400.jpg","datePublished":"2025-05-16T08:42:00+00:00","author":{"@id":"https:\/\/kibrisdakik.com\/#\/schema\/person\/9cd9d437bbb44f72b73ba127e06d8e79"},"breadcrumb":{"@id":"https:\/\/kibrisdakik.com\/?p=82427#breadcrumb"},"inLanguage":"tr","potentialAction":[{"@type":"ReadAction","target":["https:\/\/kibrisdakik.com\/?p=82427"]}]},{"@type":"ImageObject","inLanguage":"tr","@id":"https:\/\/kibrisdakik.com\/?p=82427#primaryimage","url":"https:\/\/kibrisdakik.com\/wp-content\/uploads\/2024\/12\/1734344006789trafik-kazasi-740x400.jpg","contentUrl":"https:\/\/kibrisdakik.com\/wp-content\/uploads\/2024\/12\/1734344006789trafik-kazasi-740x400.jpg","width":747,"height":400},{"@type":"BreadcrumbList","@id":"https:\/\/kibrisdakik.com\/?p=82427#breadcrumb","itemListElement":[{"@type":"ListItem","position":1,"name":"Home","item":"https:\/\/kibrisdakik.com\/"},{"@type":"ListItem","position":2,"name":"Akova-Y\u0131ld\u0131r\u0131m yolunda motosiklet kazas\u0131: Bir ki\u015fi a\u011f\u0131r yaraland\u0131"}]},{"@type":"WebSite","@id":"https:\/\/kibrisdakik.com\/#website","url":"https:\/\/kibrisdakik.com\/","name":"","description":"Tam vaktinde haber","potentialAction":[{"@type":"SearchAction","target":{"@type":"EntryPoint","urlTemplate":"https:\/\/kibrisdakik.com\/?s={search_term_string}"},"query-input":{"@type":"PropertyValueSpecification","valueRequired":true,"valueName":"search_term_string"}}],"inLanguage":"tr"},{"@type":"Person","@id":"https:\/\/kibrisdakik.com\/#\/schema\/person\/9cd9d437bbb44f72b73ba127e06d8e79","name":"admin","image":{"@type":"ImageObject","inLanguage":"tr","@id":"https:\/\/secure.gravatar.com\/avatar\/ccc17943b9d660506c869530f897617f7cb1c21a4bf30023f252596d83e1f007?s=96&d=mm&r=g","url":"https:\/\/secure.gravatar.com\/avatar\/ccc17943b9d660506c869530f897617f7cb1c21a4bf30023f252596d83e1f007?s=96&d=mm&r=g","contentUrl":"https:\/\/secure.gravatar.com\/avatar\/ccc17943b9d660506c869530f897617f7cb1c21a4bf30023f252596d83e1f007?s=96&d=mm&r=g","caption":"admin"},"sameAs":["https:\/\/kibrisdakik.com"],"url":"https:\/\/kibrisdakik.com\/?author=1"}]}},"_links":{"self":[{"href":"https:\/\/kibrisdakik.com\/index.php?rest_route=\/wp\/v2\/posts\/82427","targetHints":{"allow":["GET"]}}],"collection":[{"href":"https:\/\/kibrisdakik.com\/index.php?rest_route=\/wp\/v2\/posts"}],"about":[{"href":"https:\/\/kibrisdakik.com\/index.php?rest_route=\/wp\/v2\/types\/post"}],"author":[{"embeddable":true,"href":"https:\/\/kibrisdakik.com\/index.php?rest_route=\/wp\/v2\/users\/1"}],"replies":[{"embeddable":true,"href":"https:\/\/kibrisdakik.com\/index.php?rest_route=%2Fwp%2Fv2%2Fcomments&post=82427"}],"version-history":[{"count":0,"href":"https:\/\/kibrisdakik.com\/index.php?rest_route=\/wp\/v2\/posts\/82427\/revisions"}],"wp:featuredmedia":[{"embeddable":true,"href":"https:\/\/kibrisdakik.com\/index.php?rest_route=\/wp\/v2\/media\/72430"}],"wp:attachment":[{"href":"https:\/\/kibrisdakik.com\/index.php?rest_route=%2Fwp%2Fv2%2Fmedia&parent=82427"}],"wp:term":[{"taxonomy":"category","embeddable":true,"href":"https:\/\/kibrisdakik.com\/index.php?rest_route=%2Fwp%2Fv2%2Fcategories&post=82427"},{"taxonomy":"post_tag","embeddable":true,"href":"https:\/\/kibrisdakik.com\/index.php?rest_route=%2Fwp%2Fv2%2Ftags&post=82427"}],"curies":[{"name":"wp","href":"https:\/\/api.w.org\/{rel}","templated":true}]}}