{"id":82430,"date":"2025-05-16T13:21:18","date_gmt":"2025-05-16T10:21:18","guid":{"rendered":"https:\/\/kibrisdakik.com\/index.php\/2025\/05\/16\/basceri-20-temmuz-fen-lisesi-ogrencilerini-kabul-etti\/"},"modified":"2025-05-16T13:21:18","modified_gmt":"2025-05-16T10:21:18","slug":"basceri-20-temmuz-fen-lisesi-ogrencilerini-kabul-etti","status":"publish","type":"post","link":"https:\/\/kibrisdakik.com\/?p=82430","title":{"rendered":"Ba\u015f\u00e7eri, 20 Temmuz Fen Lisesi \u00f6\u011frencilerini kabul etti"},"content":{"rendered":"<div>\n<div class=\"mariselle-image-container center\">\n                                            <\/div>\n<p>T\u00fcrkiye Cumhuriyeti (TC) Lefko\u015fa B\u00fcy\u00fckel\u00e7isi Ali Murat Ba\u015f\u00e7eri, 19 May\u0131s Atat\u00fcrk\u2019\u00fc Anma, Gen\u00e7lik ve Spor Bayram\u0131 etkinlikleri \u00e7er\u00e7evesinde 20 Temmuz Fen Lisesi \u00f6\u011frencilerini kabul etti.<\/p>\n<p>Kabulde, Ba\u015f\u00e7eri\u2019ye 20 Temmuz Fen Lisesi rozeti tak\u0131larak, anahtarl\u0131k ve \u00e7i\u00e7ek takdim edildi. Ayr\u0131ca pazartesi g\u00fcn\u00fc Lefko\u015fa\u2019da d\u00fczenlenecek 106. Y\u0131l Korteji\u2019nde kullanmak \u00fczere ti\u015f\u00f6rt verildi.<\/p>\n<p>-Ba\u015f\u00e7eri: \u201cEn b\u00fcy\u00fck ayr\u0131cal\u0131klardan birisi KKTC\u2019deki karde\u015flerimizle bizim bayramlar\u0131m\u0131z\u0131 kutlamak\u201d<\/p>\n<p>TC Lefko\u015fa B\u00fcy\u00fckel\u00e7isi Ba\u015f\u00e7eri kabulde yapt\u0131\u011f\u0131 konu\u015fmada, 19 May\u0131s Atat\u00fcrk\u2019\u00fc Anma, Gen\u00e7lik ve Spor Bayram\u0131 vesilesiyle \u00f6\u011frencilerle bir arada olmaktan duydu\u011fu memnuniyeti dile getirdi.<\/p>\n<div class=\"mariselle-image-container center\">\n                <img loading=\"lazy\" decoding=\"async\" width=\"1613\" height=\"1028\" class=\"lazy-image\" alt=\"\" sizes=\"auto, (max-width: 1613px) 100vw, 1613px\" src=\"https:\/\/brtk.net\/wp-content\/uploads\/2025\/05\/16\/basceriiiiiiiiiiiiiiiiiiii.jpg?ver=5b5a3ffef39661d5ab59024621cd0787\" srcset=\"https:\/\/brtk.net\/wp-content\/uploads\/2025\/05\/16\/basceriiiiiiiiiiiiiiiiiiii.jpg?ver=5b5a3ffef39661d5ab59024621cd0787 1613w, https:\/\/brtk.net\/wp-content\/uploads\/2025\/05\/16\/basceriiiiiiiiiiiiiiiiiiii-300x191.jpg?ver=d489f1cdb9f343abaea90644404cfdac 300w, https:\/\/brtk.net\/wp-content\/uploads\/2025\/05\/16\/basceriiiiiiiiiiiiiiiiiiii-1024x653.jpg?ver=e6eca52b27864e6f1b8337976445b1ba 1024w, https:\/\/brtk.net\/wp-content\/uploads\/2025\/05\/16\/basceriiiiiiiiiiiiiiiiiiii-768x489.jpg?ver=e6eca52b27864e6f1b8337976445b1ba 768w, https:\/\/brtk.net\/wp-content\/uploads\/2025\/05\/16\/basceriiiiiiiiiiiiiiiiiiii-1536x979.jpg?ver=e4739d94c14d60456a7bc16b4f8b68e1 1536w, https:\/\/brtk.net\/wp-content\/uploads\/2025\/05\/16\/basceriiiiiiiiiiiiiiiiiiii-566x360.jpg?ver=e4739d94c14d60456a7bc16b4f8b68e1 566w\"\/>                            <\/div>\n<p>\u201cBenim i\u00e7in en b\u00fcy\u00fck ayr\u0131cal\u0131klardan birisi KKTC\u2019deki karde\u015flerimizle bizim bayramlar\u0131m\u0131z\u0131 birlikte kutluyor olmak. Ayn\u0131 milletin evlatlar\u0131 oldu\u011fumuzun en \u00f6nemli g\u00f6stergelerinden birisi\u201d diyen Ba\u015f\u00e7eri, \u201cAyr\u0131lmaz bir b\u00fct\u00fcn oldu\u011fumuzu d\u00fcnyaya b\u00f6ylece hayk\u0131rm\u0131\u015f oluyoruz\u201d vurgusu yapt\u0131.<\/p>\n<p>19 May\u0131s\u2019\u0131n, \u00e7ok \u00f6nemli bir g\u00fcn\u00fcn bayram\u0131 oldu\u011funu s\u00f6yleyen Ba\u015f\u00e7eri, Kurtulu\u015f Sava\u015f\u0131\u2019n\u0131n ba\u015flamas\u0131yla, emperyalizmle m\u00fccadelede T\u00fcrk\u2019\u00fcn yaln\u0131z b\u0131rak\u0131ld\u0131\u011f\u0131 d\u00f6nemde, umutsuzlu\u011fun hakim oldu\u011fu bir anda Mustafa Kemal ve silah arkada\u015flar\u0131n\u0131n Samsun\u2019a \u00e7\u0131karak, Anadolu insan\u0131na yeniden umut oldu\u011funu belirtti.<\/p>\n<p>19 May\u0131s Atat\u00fcrk\u2019\u00fc Anma, Gen\u00e7lik ve Spor Bayram\u0131\u2019n\u0131n, bu anlay\u0131\u015fla hem T\u00fcrkiye\u2019de hem de KKTC\u2019de ilelebet kutlanmas\u0131n\u0131 temenni eden Ba\u015f\u00e7eri, \u00f6\u011frencilerin, ileride devlet i\u00e7in \u00f6nemli g\u00f6revlerde bulunmas\u0131n\u0131 diledi.<\/p>\n<p>\u00d6\u011frenciler de, kabul\u00fc nedeniyle B\u00fcy\u00fckel\u00e7i Ba\u015f\u00e7eri\u2019ye te\u015fekk\u00fcr etti.<\/p>\n<\/p><\/div>\n<p><script async\n                    defer\n                    crossorigin=\"anonymous\"\n                    src=\"https:\/\/connect.facebook.net\/tr_TR\/sdk.js#xfbml=1&#038;version=v3.3\"\n            ><\/script><\/p>\n","protected":false},"excerpt":{"rendered":"<p>T\u00fcrkiye Cumhuriyeti (TC) Lefko\u015fa B\u00fcy\u00fckel\u00e7isi Ali Murat Ba\u015f\u00e7eri, 19 May\u0131s Atat\u00fcrk\u2019\u00fc Anma, Gen\u00e7lik ve Spor Bayram\u0131 etkinlikleri \u00e7er\u00e7evesinde 20 Temmuz Fen Lisesi \u00f6\u011frencilerini kabul etti. Kabulde, Ba\u015f\u00e7eri\u2019ye 20 Temmuz Fen Lisesi rozeti tak\u0131larak, anahtarl\u0131k ve \u00e7i\u00e7ek takdim edildi. Ayr\u0131ca pazartesi g\u00fcn\u00fc Lefko\u015fa\u2019da d\u00fczenlenecek 106. Y\u0131l Korteji\u2019nde kullanmak \u00fczere ti\u015f\u00f6rt verildi. -Ba\u015f\u00e7eri: \u201cEn b\u00fcy\u00fck ayr\u0131cal\u0131klardan birisi<\/p>\n","protected":false},"author":1,"featured_media":82431,"comment_status":"open","ping_status":"open","sticky":false,"template":"","format":"standard","meta":{"footnotes":""},"categories":[81,101],"tags":[],"class_list":["post-82430","post","type-post","status-publish","format-standard","has-post-thumbnail","hentry","category-kibris","category-manset"],"yoast_head":"<!-- This site is optimized with the Yoast SEO plugin v27.5 - https:\/\/yoast.com\/product\/yoast-seo-wordpress\/ -->\n<title>Ba\u015f\u00e7eri, 20 Temmuz Fen Lisesi \u00f6\u011frencilerini kabul etti -<\/title>\n<meta name=\"robots\" content=\"index, follow, max-snippet:-1, max-image-preview:large, max-video-preview:-1\" \/>\n<link rel=\"canonical\" href=\"https:\/\/kibrisdakik.com\/?p=82430\" \/>\n<meta property=\"og:locale\" content=\"tr_TR\" \/>\n<meta property=\"og:type\" content=\"article\" \/>\n<meta property=\"og:title\" content=\"Ba\u015f\u00e7eri, 20 Temmuz Fen Lisesi \u00f6\u011frencilerini kabul etti -\" \/>\n<meta property=\"og:description\" content=\"T\u00fcrkiye Cumhuriyeti (TC) Lefko\u015fa B\u00fcy\u00fckel\u00e7isi Ali Murat Ba\u015f\u00e7eri, 19 May\u0131s Atat\u00fcrk\u2019\u00fc Anma, Gen\u00e7lik ve Spor Bayram\u0131 etkinlikleri \u00e7er\u00e7evesinde 20 Temmuz Fen Lisesi \u00f6\u011frencilerini kabul etti. Kabulde, Ba\u015f\u00e7eri\u2019ye 20 Temmuz Fen Lisesi rozeti tak\u0131larak, anahtarl\u0131k ve \u00e7i\u00e7ek takdim edildi. Ayr\u0131ca pazartesi g\u00fcn\u00fc Lefko\u015fa\u2019da d\u00fczenlenecek 106. Y\u0131l Korteji\u2019nde kullanmak \u00fczere ti\u015f\u00f6rt verildi. -Ba\u015f\u00e7eri: \u201cEn b\u00fcy\u00fck ayr\u0131cal\u0131klardan birisi\" \/>\n<meta property=\"og:url\" content=\"https:\/\/kibrisdakik.com\/?p=82430\" \/>\n<meta property=\"article:published_time\" content=\"2025-05-16T10:21:18+00:00\" \/>\n<meta property=\"og:image\" content=\"https:\/\/kibrisdakik.com\/wp-content\/uploads\/2025\/05\/ioioio-740x420.jpg\" \/>\n\t<meta property=\"og:image:width\" content=\"2048\" \/>\n\t<meta property=\"og:image:height\" content=\"1129\" \/>\n\t<meta property=\"og:image:type\" content=\"image\/jpeg\" \/>\n<meta name=\"author\" content=\"admin\" \/>\n<meta name=\"twitter:card\" content=\"summary_large_image\" \/>\n<meta name=\"twitter:label1\" content=\"Yazan:\" \/>\n\t<meta name=\"twitter:data1\" content=\"admin\" \/>\n\t<meta name=\"twitter:label2\" content=\"Tahmini okuma s\u00fcresi\" \/>\n\t<meta name=\"twitter:data2\" content=\"1 dakika\" \/>\n<script type=\"application\/ld+json\" class=\"yoast-schema-graph\">{\"@context\":\"https:\\\/\\\/schema.org\",\"@graph\":[{\"@type\":\"Article\",\"@id\":\"https:\\\/\\\/kibrisdakik.com\\\/?p=82430#article\",\"isPartOf\":{\"@id\":\"https:\\\/\\\/kibrisdakik.com\\\/?p=82430\"},\"author\":{\"name\":\"admin\",\"@id\":\"https:\\\/\\\/kibrisdakik.com\\\/#\\\/schema\\\/person\\\/9cd9d437bbb44f72b73ba127e06d8e79\"},\"headline\":\"Ba\u015f\u00e7eri, 20 Temmuz Fen Lisesi \u00f6\u011frencilerini kabul etti\",\"datePublished\":\"2025-05-16T10:21:18+00:00\",\"mainEntityOfPage\":{\"@id\":\"https:\\\/\\\/kibrisdakik.com\\\/?p=82430\"},\"wordCount\":299,\"commentCount\":0,\"image\":{\"@id\":\"https:\\\/\\\/kibrisdakik.com\\\/?p=82430#primaryimage\"},\"thumbnailUrl\":\"https:\\\/\\\/kibrisdakik.com\\\/wp-content\\\/uploads\\\/2025\\\/05\\\/ioioio-740x420.jpg\",\"articleSection\":[\"K\u0131br\u0131s\",\"Man\u015fet\"],\"inLanguage\":\"tr\",\"potentialAction\":[{\"@type\":\"CommentAction\",\"name\":\"Comment\",\"target\":[\"https:\\\/\\\/kibrisdakik.com\\\/?p=82430#respond\"]}]},{\"@type\":\"WebPage\",\"@id\":\"https:\\\/\\\/kibrisdakik.com\\\/?p=82430\",\"url\":\"https:\\\/\\\/kibrisdakik.com\\\/?p=82430\",\"name\":\"Ba\u015f\u00e7eri, 20 Temmuz Fen Lisesi \u00f6\u011frencilerini kabul etti -\",\"isPartOf\":{\"@id\":\"https:\\\/\\\/kibrisdakik.com\\\/#website\"},\"primaryImageOfPage\":{\"@id\":\"https:\\\/\\\/kibrisdakik.com\\\/?p=82430#primaryimage\"},\"image\":{\"@id\":\"https:\\\/\\\/kibrisdakik.com\\\/?p=82430#primaryimage\"},\"thumbnailUrl\":\"https:\\\/\\\/kibrisdakik.com\\\/wp-content\\\/uploads\\\/2025\\\/05\\\/ioioio-740x420.jpg\",\"datePublished\":\"2025-05-16T10:21:18+00:00\",\"author\":{\"@id\":\"https:\\\/\\\/kibrisdakik.com\\\/#\\\/schema\\\/person\\\/9cd9d437bbb44f72b73ba127e06d8e79\"},\"breadcrumb\":{\"@id\":\"https:\\\/\\\/kibrisdakik.com\\\/?p=82430#breadcrumb\"},\"inLanguage\":\"tr\",\"potentialAction\":[{\"@type\":\"ReadAction\",\"target\":[\"https:\\\/\\\/kibrisdakik.com\\\/?p=82430\"]}]},{\"@type\":\"ImageObject\",\"inLanguage\":\"tr\",\"@id\":\"https:\\\/\\\/kibrisdakik.com\\\/?p=82430#primaryimage\",\"url\":\"https:\\\/\\\/kibrisdakik.com\\\/wp-content\\\/uploads\\\/2025\\\/05\\\/ioioio-740x420.jpg\",\"contentUrl\":\"https:\\\/\\\/kibrisdakik.com\\\/wp-content\\\/uploads\\\/2025\\\/05\\\/ioioio-740x420.jpg\",\"width\":2048,\"height\":1129},{\"@type\":\"BreadcrumbList\",\"@id\":\"https:\\\/\\\/kibrisdakik.com\\\/?p=82430#breadcrumb\",\"itemListElement\":[{\"@type\":\"ListItem\",\"position\":1,\"name\":\"Home\",\"item\":\"https:\\\/\\\/kibrisdakik.com\\\/\"},{\"@type\":\"ListItem\",\"position\":2,\"name\":\"Ba\u015f\u00e7eri, 20 Temmuz Fen Lisesi \u00f6\u011frencilerini kabul etti\"}]},{\"@type\":\"WebSite\",\"@id\":\"https:\\\/\\\/kibrisdakik.com\\\/#website\",\"url\":\"https:\\\/\\\/kibrisdakik.com\\\/\",\"name\":\"\",\"description\":\"Tam vaktinde haber\",\"potentialAction\":[{\"@type\":\"SearchAction\",\"target\":{\"@type\":\"EntryPoint\",\"urlTemplate\":\"https:\\\/\\\/kibrisdakik.com\\\/?s={search_term_string}\"},\"query-input\":{\"@type\":\"PropertyValueSpecification\",\"valueRequired\":true,\"valueName\":\"search_term_string\"}}],\"inLanguage\":\"tr\"},{\"@type\":\"Person\",\"@id\":\"https:\\\/\\\/kibrisdakik.com\\\/#\\\/schema\\\/person\\\/9cd9d437bbb44f72b73ba127e06d8e79\",\"name\":\"admin\",\"image\":{\"@type\":\"ImageObject\",\"inLanguage\":\"tr\",\"@id\":\"https:\\\/\\\/secure.gravatar.com\\\/avatar\\\/ccc17943b9d660506c869530f897617f7cb1c21a4bf30023f252596d83e1f007?s=96&d=mm&r=g\",\"url\":\"https:\\\/\\\/secure.gravatar.com\\\/avatar\\\/ccc17943b9d660506c869530f897617f7cb1c21a4bf30023f252596d83e1f007?s=96&d=mm&r=g\",\"contentUrl\":\"https:\\\/\\\/secure.gravatar.com\\\/avatar\\\/ccc17943b9d660506c869530f897617f7cb1c21a4bf30023f252596d83e1f007?s=96&d=mm&r=g\",\"caption\":\"admin\"},\"sameAs\":[\"https:\\\/\\\/kibrisdakik.com\"],\"url\":\"https:\\\/\\\/kibrisdakik.com\\\/?author=1\"}]}<\/script>\n<!-- \/ Yoast SEO plugin. -->","yoast_head_json":{"title":"Ba\u015f\u00e7eri, 20 Temmuz Fen Lisesi \u00f6\u011frencilerini kabul etti -","robots":{"index":"index","follow":"follow","max-snippet":"max-snippet:-1","max-image-preview":"max-image-preview:large","max-video-preview":"max-video-preview:-1"},"canonical":"https:\/\/kibrisdakik.com\/?p=82430","og_locale":"tr_TR","og_type":"article","og_title":"Ba\u015f\u00e7eri, 20 Temmuz Fen Lisesi \u00f6\u011frencilerini kabul etti -","og_description":"T\u00fcrkiye Cumhuriyeti (TC) Lefko\u015fa B\u00fcy\u00fckel\u00e7isi Ali Murat Ba\u015f\u00e7eri, 19 May\u0131s Atat\u00fcrk\u2019\u00fc Anma, Gen\u00e7lik ve Spor Bayram\u0131 etkinlikleri \u00e7er\u00e7evesinde 20 Temmuz Fen Lisesi \u00f6\u011frencilerini kabul etti. Kabulde, Ba\u015f\u00e7eri\u2019ye 20 Temmuz Fen Lisesi rozeti tak\u0131larak, anahtarl\u0131k ve \u00e7i\u00e7ek takdim edildi. Ayr\u0131ca pazartesi g\u00fcn\u00fc Lefko\u015fa\u2019da d\u00fczenlenecek 106. Y\u0131l Korteji\u2019nde kullanmak \u00fczere ti\u015f\u00f6rt verildi. -Ba\u015f\u00e7eri: \u201cEn b\u00fcy\u00fck ayr\u0131cal\u0131klardan birisi","og_url":"https:\/\/kibrisdakik.com\/?p=82430","article_published_time":"2025-05-16T10:21:18+00:00","og_image":[{"width":2048,"height":1129,"url":"https:\/\/kibrisdakik.com\/wp-content\/uploads\/2025\/05\/ioioio-740x420.jpg","type":"image\/jpeg"}],"author":"admin","twitter_card":"summary_large_image","twitter_misc":{"Yazan:":"admin","Tahmini okuma s\u00fcresi":"1 dakika"},"schema":{"@context":"https:\/\/schema.org","@graph":[{"@type":"Article","@id":"https:\/\/kibrisdakik.com\/?p=82430#article","isPartOf":{"@id":"https:\/\/kibrisdakik.com\/?p=82430"},"author":{"name":"admin","@id":"https:\/\/kibrisdakik.com\/#\/schema\/person\/9cd9d437bbb44f72b73ba127e06d8e79"},"headline":"Ba\u015f\u00e7eri, 20 Temmuz Fen Lisesi \u00f6\u011frencilerini kabul etti","datePublished":"2025-05-16T10:21:18+00:00","mainEntityOfPage":{"@id":"https:\/\/kibrisdakik.com\/?p=82430"},"wordCount":299,"commentCount":0,"image":{"@id":"https:\/\/kibrisdakik.com\/?p=82430#primaryimage"},"thumbnailUrl":"https:\/\/kibrisdakik.com\/wp-content\/uploads\/2025\/05\/ioioio-740x420.jpg","articleSection":["K\u0131br\u0131s","Man\u015fet"],"inLanguage":"tr","potentialAction":[{"@type":"CommentAction","name":"Comment","target":["https:\/\/kibrisdakik.com\/?p=82430#respond"]}]},{"@type":"WebPage","@id":"https:\/\/kibrisdakik.com\/?p=82430","url":"https:\/\/kibrisdakik.com\/?p=82430","name":"Ba\u015f\u00e7eri, 20 Temmuz Fen Lisesi \u00f6\u011frencilerini kabul etti -","isPartOf":{"@id":"https:\/\/kibrisdakik.com\/#website"},"primaryImageOfPage":{"@id":"https:\/\/kibrisdakik.com\/?p=82430#primaryimage"},"image":{"@id":"https:\/\/kibrisdakik.com\/?p=82430#primaryimage"},"thumbnailUrl":"https:\/\/kibrisdakik.com\/wp-content\/uploads\/2025\/05\/ioioio-740x420.jpg","datePublished":"2025-05-16T10:21:18+00:00","author":{"@id":"https:\/\/kibrisdakik.com\/#\/schema\/person\/9cd9d437bbb44f72b73ba127e06d8e79"},"breadcrumb":{"@id":"https:\/\/kibrisdakik.com\/?p=82430#breadcrumb"},"inLanguage":"tr","potentialAction":[{"@type":"ReadAction","target":["https:\/\/kibrisdakik.com\/?p=82430"]}]},{"@type":"ImageObject","inLanguage":"tr","@id":"https:\/\/kibrisdakik.com\/?p=82430#primaryimage","url":"https:\/\/kibrisdakik.com\/wp-content\/uploads\/2025\/05\/ioioio-740x420.jpg","contentUrl":"https:\/\/kibrisdakik.com\/wp-content\/uploads\/2025\/05\/ioioio-740x420.jpg","width":2048,"height":1129},{"@type":"BreadcrumbList","@id":"https:\/\/kibrisdakik.com\/?p=82430#breadcrumb","itemListElement":[{"@type":"ListItem","position":1,"name":"Home","item":"https:\/\/kibrisdakik.com\/"},{"@type":"ListItem","position":2,"name":"Ba\u015f\u00e7eri, 20 Temmuz Fen Lisesi \u00f6\u011frencilerini kabul etti"}]},{"@type":"WebSite","@id":"https:\/\/kibrisdakik.com\/#website","url":"https:\/\/kibrisdakik.com\/","name":"","description":"Tam vaktinde haber","potentialAction":[{"@type":"SearchAction","target":{"@type":"EntryPoint","urlTemplate":"https:\/\/kibrisdakik.com\/?s={search_term_string}"},"query-input":{"@type":"PropertyValueSpecification","valueRequired":true,"valueName":"search_term_string"}}],"inLanguage":"tr"},{"@type":"Person","@id":"https:\/\/kibrisdakik.com\/#\/schema\/person\/9cd9d437bbb44f72b73ba127e06d8e79","name":"admin","image":{"@type":"ImageObject","inLanguage":"tr","@id":"https:\/\/secure.gravatar.com\/avatar\/ccc17943b9d660506c869530f897617f7cb1c21a4bf30023f252596d83e1f007?s=96&d=mm&r=g","url":"https:\/\/secure.gravatar.com\/avatar\/ccc17943b9d660506c869530f897617f7cb1c21a4bf30023f252596d83e1f007?s=96&d=mm&r=g","contentUrl":"https:\/\/secure.gravatar.com\/avatar\/ccc17943b9d660506c869530f897617f7cb1c21a4bf30023f252596d83e1f007?s=96&d=mm&r=g","caption":"admin"},"sameAs":["https:\/\/kibrisdakik.com"],"url":"https:\/\/kibrisdakik.com\/?author=1"}]}},"_links":{"self":[{"href":"https:\/\/kibrisdakik.com\/index.php?rest_route=\/wp\/v2\/posts\/82430","targetHints":{"allow":["GET"]}}],"collection":[{"href":"https:\/\/kibrisdakik.com\/index.php?rest_route=\/wp\/v2\/posts"}],"about":[{"href":"https:\/\/kibrisdakik.com\/index.php?rest_route=\/wp\/v2\/types\/post"}],"author":[{"embeddable":true,"href":"https:\/\/kibrisdakik.com\/index.php?rest_route=\/wp\/v2\/users\/1"}],"replies":[{"embeddable":true,"href":"https:\/\/kibrisdakik.com\/index.php?rest_route=%2Fwp%2Fv2%2Fcomments&post=82430"}],"version-history":[{"count":0,"href":"https:\/\/kibrisdakik.com\/index.php?rest_route=\/wp\/v2\/posts\/82430\/revisions"}],"wp:featuredmedia":[{"embeddable":true,"href":"https:\/\/kibrisdakik.com\/index.php?rest_route=\/wp\/v2\/media\/82431"}],"wp:attachment":[{"href":"https:\/\/kibrisdakik.com\/index.php?rest_route=%2Fwp%2Fv2%2Fmedia&parent=82430"}],"wp:term":[{"taxonomy":"category","embeddable":true,"href":"https:\/\/kibrisdakik.com\/index.php?rest_route=%2Fwp%2Fv2%2Fcategories&post=82430"},{"taxonomy":"post_tag","embeddable":true,"href":"https:\/\/kibrisdakik.com\/index.php?rest_route=%2Fwp%2Fv2%2Ftags&post=82430"}],"curies":[{"name":"wp","href":"https:\/\/api.w.org\/{rel}","templated":true}]}}