{"id":82446,"date":"2025-05-16T14:50:32","date_gmt":"2025-05-16T11:50:32","guid":{"rendered":"https:\/\/kibrisdakik.com\/index.php\/2025\/05\/16\/tozlu-hava-etkili-olacak\/"},"modified":"2025-05-16T14:50:32","modified_gmt":"2025-05-16T11:50:32","slug":"tozlu-hava-etkili-olacak","status":"publish","type":"post","link":"https:\/\/kibrisdakik.com\/?p=82446","title":{"rendered":"Tozlu hava etkili olacak"},"content":{"rendered":"<div>\n<div class=\"mariselle-image-container center\">\n                                            <\/div>\n<p> Meteoroloji Dairesi, yar\u0131n geceden itibaren Kuzey Afrika \u00fczerinden ta\u015f\u0131nmas\u0131 beklenen toz zerreciklerinin b\u00f6lgede hava kirlili\u011fi olu\u015fturabilece\u011fi uyar\u0131s\u0131nda bulundu.<\/p>\n<p>Daire taraf\u0131ndan yap\u0131lan a\u00e7\u0131klamada, 17 May\u0131s Cumartesi saat 00.00\u2019dan ba\u015flayarak 18 May\u0131s Pazar saat 23.59\u2019a kadar s\u00fcrece\u011fi \u00f6ng\u00f6r\u00fclen toz ta\u015f\u0131n\u0131m\u0131n\u0131n \u00f6zellikle toza kar\u015f\u0131 hassasiyeti olan vatanda\u015flar\u0131 olumsuz etkileyebilece\u011fi belirtildi.<\/p>\n<p>A\u00e7\u0131klamada, bu s\u00fcre zarf\u0131nda toz zerreciklerinin hava kalitesini d\u00fc\u015f\u00fcrmesinin beklendi\u011fi, bu nedenle kronik solunum rahats\u0131zl\u0131\u011f\u0131 olanlar ba\u015fta olmak \u00fczere, risk grubundaki bireylerin gerekli tedbirleri almalar\u0131n\u0131n \u00f6nem ta\u015f\u0131d\u0131\u011f\u0131 ifade edildi.<\/p>\n<\/p><\/div>\n<p><script async\n                    defer\n                    crossorigin=\"anonymous\"\n                    src=\"https:\/\/connect.facebook.net\/tr_TR\/sdk.js#xfbml=1&#038;version=v3.3\"\n            ><\/script><\/p>\n","protected":false},"excerpt":{"rendered":"<p>Meteoroloji Dairesi, yar\u0131n geceden itibaren Kuzey Afrika \u00fczerinden ta\u015f\u0131nmas\u0131 beklenen toz zerreciklerinin b\u00f6lgede hava kirlili\u011fi olu\u015fturabilece\u011fi uyar\u0131s\u0131nda bulundu. Daire taraf\u0131ndan yap\u0131lan a\u00e7\u0131klamada, 17 May\u0131s Cumartesi saat 00.00\u2019dan ba\u015flayarak 18 May\u0131s Pazar saat 23.59\u2019a kadar s\u00fcrece\u011fi \u00f6ng\u00f6r\u00fclen toz ta\u015f\u0131n\u0131m\u0131n\u0131n \u00f6zellikle toza kar\u015f\u0131 hassasiyeti olan vatanda\u015flar\u0131 olumsuz etkileyebilece\u011fi belirtildi. A\u00e7\u0131klamada, bu s\u00fcre zarf\u0131nda toz zerreciklerinin hava kalitesini<\/p>\n","protected":false},"author":1,"featured_media":71293,"comment_status":"open","ping_status":"open","sticky":false,"template":"","format":"standard","meta":{"footnotes":""},"categories":[81,101],"tags":[],"class_list":["post-82446","post","type-post","status-publish","format-standard","has-post-thumbnail","hentry","category-kibris","category-manset"],"yoast_head":"<!-- This site is optimized with the Yoast SEO plugin v27.5 - https:\/\/yoast.com\/product\/yoast-seo-wordpress\/ -->\n<title>Tozlu hava etkili olacak -<\/title>\n<meta name=\"robots\" content=\"index, follow, max-snippet:-1, max-image-preview:large, max-video-preview:-1\" \/>\n<link rel=\"canonical\" href=\"https:\/\/kibrisdakik.com\/?p=82446\" \/>\n<meta property=\"og:locale\" content=\"tr_TR\" \/>\n<meta property=\"og:type\" content=\"article\" \/>\n<meta property=\"og:title\" content=\"Tozlu hava etkili olacak -\" \/>\n<meta property=\"og:description\" content=\"Meteoroloji Dairesi, yar\u0131n geceden itibaren Kuzey Afrika \u00fczerinden ta\u015f\u0131nmas\u0131 beklenen toz zerreciklerinin b\u00f6lgede hava kirlili\u011fi olu\u015fturabilece\u011fi uyar\u0131s\u0131nda bulundu. Daire taraf\u0131ndan yap\u0131lan a\u00e7\u0131klamada, 17 May\u0131s Cumartesi saat 00.00\u2019dan ba\u015flayarak 18 May\u0131s Pazar saat 23.59\u2019a kadar s\u00fcrece\u011fi \u00f6ng\u00f6r\u00fclen toz ta\u015f\u0131n\u0131m\u0131n\u0131n \u00f6zellikle toza kar\u015f\u0131 hassasiyeti olan vatanda\u015flar\u0131 olumsuz etkileyebilece\u011fi belirtildi. A\u00e7\u0131klamada, bu s\u00fcre zarf\u0131nda toz zerreciklerinin hava kalitesini\" \/>\n<meta property=\"og:url\" content=\"https:\/\/kibrisdakik.com\/?p=82446\" \/>\n<meta property=\"article:published_time\" content=\"2025-05-16T11:50:32+00:00\" \/>\n<meta property=\"og:image\" content=\"https:\/\/kibrisdakik.com\/wp-content\/uploads\/2024\/12\/1tozlu-hava81-740x410.jpg\" \/>\n\t<meta property=\"og:image:width\" content=\"930\" \/>\n\t<meta property=\"og:image:height\" content=\"410\" \/>\n\t<meta property=\"og:image:type\" content=\"image\/jpeg\" \/>\n<meta name=\"author\" content=\"admin\" \/>\n<meta name=\"twitter:card\" content=\"summary_large_image\" \/>\n<meta name=\"twitter:label1\" content=\"Yazan:\" \/>\n\t<meta name=\"twitter:data1\" content=\"admin\" \/>\n\t<meta name=\"twitter:label2\" content=\"Tahmini okuma s\u00fcresi\" \/>\n\t<meta name=\"twitter:data2\" content=\"1 dakika\" \/>\n<script type=\"application\/ld+json\" class=\"yoast-schema-graph\">{\"@context\":\"https:\\\/\\\/schema.org\",\"@graph\":[{\"@type\":\"Article\",\"@id\":\"https:\\\/\\\/kibrisdakik.com\\\/?p=82446#article\",\"isPartOf\":{\"@id\":\"https:\\\/\\\/kibrisdakik.com\\\/?p=82446\"},\"author\":{\"name\":\"admin\",\"@id\":\"https:\\\/\\\/kibrisdakik.com\\\/#\\\/schema\\\/person\\\/9cd9d437bbb44f72b73ba127e06d8e79\"},\"headline\":\"Tozlu hava etkili olacak\",\"datePublished\":\"2025-05-16T11:50:32+00:00\",\"mainEntityOfPage\":{\"@id\":\"https:\\\/\\\/kibrisdakik.com\\\/?p=82446\"},\"wordCount\":112,\"commentCount\":0,\"image\":{\"@id\":\"https:\\\/\\\/kibrisdakik.com\\\/?p=82446#primaryimage\"},\"thumbnailUrl\":\"https:\\\/\\\/kibrisdakik.com\\\/wp-content\\\/uploads\\\/2024\\\/12\\\/1tozlu-hava81-740x410.jpg\",\"articleSection\":[\"K\u0131br\u0131s\",\"Man\u015fet\"],\"inLanguage\":\"tr\",\"potentialAction\":[{\"@type\":\"CommentAction\",\"name\":\"Comment\",\"target\":[\"https:\\\/\\\/kibrisdakik.com\\\/?p=82446#respond\"]}]},{\"@type\":\"WebPage\",\"@id\":\"https:\\\/\\\/kibrisdakik.com\\\/?p=82446\",\"url\":\"https:\\\/\\\/kibrisdakik.com\\\/?p=82446\",\"name\":\"Tozlu hava etkili olacak -\",\"isPartOf\":{\"@id\":\"https:\\\/\\\/kibrisdakik.com\\\/#website\"},\"primaryImageOfPage\":{\"@id\":\"https:\\\/\\\/kibrisdakik.com\\\/?p=82446#primaryimage\"},\"image\":{\"@id\":\"https:\\\/\\\/kibrisdakik.com\\\/?p=82446#primaryimage\"},\"thumbnailUrl\":\"https:\\\/\\\/kibrisdakik.com\\\/wp-content\\\/uploads\\\/2024\\\/12\\\/1tozlu-hava81-740x410.jpg\",\"datePublished\":\"2025-05-16T11:50:32+00:00\",\"author\":{\"@id\":\"https:\\\/\\\/kibrisdakik.com\\\/#\\\/schema\\\/person\\\/9cd9d437bbb44f72b73ba127e06d8e79\"},\"breadcrumb\":{\"@id\":\"https:\\\/\\\/kibrisdakik.com\\\/?p=82446#breadcrumb\"},\"inLanguage\":\"tr\",\"potentialAction\":[{\"@type\":\"ReadAction\",\"target\":[\"https:\\\/\\\/kibrisdakik.com\\\/?p=82446\"]}]},{\"@type\":\"ImageObject\",\"inLanguage\":\"tr\",\"@id\":\"https:\\\/\\\/kibrisdakik.com\\\/?p=82446#primaryimage\",\"url\":\"https:\\\/\\\/kibrisdakik.com\\\/wp-content\\\/uploads\\\/2024\\\/12\\\/1tozlu-hava81-740x410.jpg\",\"contentUrl\":\"https:\\\/\\\/kibrisdakik.com\\\/wp-content\\\/uploads\\\/2024\\\/12\\\/1tozlu-hava81-740x410.jpg\",\"width\":930,\"height\":410},{\"@type\":\"BreadcrumbList\",\"@id\":\"https:\\\/\\\/kibrisdakik.com\\\/?p=82446#breadcrumb\",\"itemListElement\":[{\"@type\":\"ListItem\",\"position\":1,\"name\":\"Home\",\"item\":\"https:\\\/\\\/kibrisdakik.com\\\/\"},{\"@type\":\"ListItem\",\"position\":2,\"name\":\"Tozlu hava etkili olacak\"}]},{\"@type\":\"WebSite\",\"@id\":\"https:\\\/\\\/kibrisdakik.com\\\/#website\",\"url\":\"https:\\\/\\\/kibrisdakik.com\\\/\",\"name\":\"\",\"description\":\"Tam vaktinde haber\",\"potentialAction\":[{\"@type\":\"SearchAction\",\"target\":{\"@type\":\"EntryPoint\",\"urlTemplate\":\"https:\\\/\\\/kibrisdakik.com\\\/?s={search_term_string}\"},\"query-input\":{\"@type\":\"PropertyValueSpecification\",\"valueRequired\":true,\"valueName\":\"search_term_string\"}}],\"inLanguage\":\"tr\"},{\"@type\":\"Person\",\"@id\":\"https:\\\/\\\/kibrisdakik.com\\\/#\\\/schema\\\/person\\\/9cd9d437bbb44f72b73ba127e06d8e79\",\"name\":\"admin\",\"image\":{\"@type\":\"ImageObject\",\"inLanguage\":\"tr\",\"@id\":\"https:\\\/\\\/secure.gravatar.com\\\/avatar\\\/ccc17943b9d660506c869530f897617f7cb1c21a4bf30023f252596d83e1f007?s=96&d=mm&r=g\",\"url\":\"https:\\\/\\\/secure.gravatar.com\\\/avatar\\\/ccc17943b9d660506c869530f897617f7cb1c21a4bf30023f252596d83e1f007?s=96&d=mm&r=g\",\"contentUrl\":\"https:\\\/\\\/secure.gravatar.com\\\/avatar\\\/ccc17943b9d660506c869530f897617f7cb1c21a4bf30023f252596d83e1f007?s=96&d=mm&r=g\",\"caption\":\"admin\"},\"sameAs\":[\"https:\\\/\\\/kibrisdakik.com\"],\"url\":\"https:\\\/\\\/kibrisdakik.com\\\/?author=1\"}]}<\/script>\n<!-- \/ Yoast SEO plugin. -->","yoast_head_json":{"title":"Tozlu hava etkili olacak -","robots":{"index":"index","follow":"follow","max-snippet":"max-snippet:-1","max-image-preview":"max-image-preview:large","max-video-preview":"max-video-preview:-1"},"canonical":"https:\/\/kibrisdakik.com\/?p=82446","og_locale":"tr_TR","og_type":"article","og_title":"Tozlu hava etkili olacak -","og_description":"Meteoroloji Dairesi, yar\u0131n geceden itibaren Kuzey Afrika \u00fczerinden ta\u015f\u0131nmas\u0131 beklenen toz zerreciklerinin b\u00f6lgede hava kirlili\u011fi olu\u015fturabilece\u011fi uyar\u0131s\u0131nda bulundu. Daire taraf\u0131ndan yap\u0131lan a\u00e7\u0131klamada, 17 May\u0131s Cumartesi saat 00.00\u2019dan ba\u015flayarak 18 May\u0131s Pazar saat 23.59\u2019a kadar s\u00fcrece\u011fi \u00f6ng\u00f6r\u00fclen toz ta\u015f\u0131n\u0131m\u0131n\u0131n \u00f6zellikle toza kar\u015f\u0131 hassasiyeti olan vatanda\u015flar\u0131 olumsuz etkileyebilece\u011fi belirtildi. A\u00e7\u0131klamada, bu s\u00fcre zarf\u0131nda toz zerreciklerinin hava kalitesini","og_url":"https:\/\/kibrisdakik.com\/?p=82446","article_published_time":"2025-05-16T11:50:32+00:00","og_image":[{"width":930,"height":410,"url":"https:\/\/kibrisdakik.com\/wp-content\/uploads\/2024\/12\/1tozlu-hava81-740x410.jpg","type":"image\/jpeg"}],"author":"admin","twitter_card":"summary_large_image","twitter_misc":{"Yazan:":"admin","Tahmini okuma s\u00fcresi":"1 dakika"},"schema":{"@context":"https:\/\/schema.org","@graph":[{"@type":"Article","@id":"https:\/\/kibrisdakik.com\/?p=82446#article","isPartOf":{"@id":"https:\/\/kibrisdakik.com\/?p=82446"},"author":{"name":"admin","@id":"https:\/\/kibrisdakik.com\/#\/schema\/person\/9cd9d437bbb44f72b73ba127e06d8e79"},"headline":"Tozlu hava etkili olacak","datePublished":"2025-05-16T11:50:32+00:00","mainEntityOfPage":{"@id":"https:\/\/kibrisdakik.com\/?p=82446"},"wordCount":112,"commentCount":0,"image":{"@id":"https:\/\/kibrisdakik.com\/?p=82446#primaryimage"},"thumbnailUrl":"https:\/\/kibrisdakik.com\/wp-content\/uploads\/2024\/12\/1tozlu-hava81-740x410.jpg","articleSection":["K\u0131br\u0131s","Man\u015fet"],"inLanguage":"tr","potentialAction":[{"@type":"CommentAction","name":"Comment","target":["https:\/\/kibrisdakik.com\/?p=82446#respond"]}]},{"@type":"WebPage","@id":"https:\/\/kibrisdakik.com\/?p=82446","url":"https:\/\/kibrisdakik.com\/?p=82446","name":"Tozlu hava etkili olacak -","isPartOf":{"@id":"https:\/\/kibrisdakik.com\/#website"},"primaryImageOfPage":{"@id":"https:\/\/kibrisdakik.com\/?p=82446#primaryimage"},"image":{"@id":"https:\/\/kibrisdakik.com\/?p=82446#primaryimage"},"thumbnailUrl":"https:\/\/kibrisdakik.com\/wp-content\/uploads\/2024\/12\/1tozlu-hava81-740x410.jpg","datePublished":"2025-05-16T11:50:32+00:00","author":{"@id":"https:\/\/kibrisdakik.com\/#\/schema\/person\/9cd9d437bbb44f72b73ba127e06d8e79"},"breadcrumb":{"@id":"https:\/\/kibrisdakik.com\/?p=82446#breadcrumb"},"inLanguage":"tr","potentialAction":[{"@type":"ReadAction","target":["https:\/\/kibrisdakik.com\/?p=82446"]}]},{"@type":"ImageObject","inLanguage":"tr","@id":"https:\/\/kibrisdakik.com\/?p=82446#primaryimage","url":"https:\/\/kibrisdakik.com\/wp-content\/uploads\/2024\/12\/1tozlu-hava81-740x410.jpg","contentUrl":"https:\/\/kibrisdakik.com\/wp-content\/uploads\/2024\/12\/1tozlu-hava81-740x410.jpg","width":930,"height":410},{"@type":"BreadcrumbList","@id":"https:\/\/kibrisdakik.com\/?p=82446#breadcrumb","itemListElement":[{"@type":"ListItem","position":1,"name":"Home","item":"https:\/\/kibrisdakik.com\/"},{"@type":"ListItem","position":2,"name":"Tozlu hava etkili olacak"}]},{"@type":"WebSite","@id":"https:\/\/kibrisdakik.com\/#website","url":"https:\/\/kibrisdakik.com\/","name":"","description":"Tam vaktinde haber","potentialAction":[{"@type":"SearchAction","target":{"@type":"EntryPoint","urlTemplate":"https:\/\/kibrisdakik.com\/?s={search_term_string}"},"query-input":{"@type":"PropertyValueSpecification","valueRequired":true,"valueName":"search_term_string"}}],"inLanguage":"tr"},{"@type":"Person","@id":"https:\/\/kibrisdakik.com\/#\/schema\/person\/9cd9d437bbb44f72b73ba127e06d8e79","name":"admin","image":{"@type":"ImageObject","inLanguage":"tr","@id":"https:\/\/secure.gravatar.com\/avatar\/ccc17943b9d660506c869530f897617f7cb1c21a4bf30023f252596d83e1f007?s=96&d=mm&r=g","url":"https:\/\/secure.gravatar.com\/avatar\/ccc17943b9d660506c869530f897617f7cb1c21a4bf30023f252596d83e1f007?s=96&d=mm&r=g","contentUrl":"https:\/\/secure.gravatar.com\/avatar\/ccc17943b9d660506c869530f897617f7cb1c21a4bf30023f252596d83e1f007?s=96&d=mm&r=g","caption":"admin"},"sameAs":["https:\/\/kibrisdakik.com"],"url":"https:\/\/kibrisdakik.com\/?author=1"}]}},"_links":{"self":[{"href":"https:\/\/kibrisdakik.com\/index.php?rest_route=\/wp\/v2\/posts\/82446","targetHints":{"allow":["GET"]}}],"collection":[{"href":"https:\/\/kibrisdakik.com\/index.php?rest_route=\/wp\/v2\/posts"}],"about":[{"href":"https:\/\/kibrisdakik.com\/index.php?rest_route=\/wp\/v2\/types\/post"}],"author":[{"embeddable":true,"href":"https:\/\/kibrisdakik.com\/index.php?rest_route=\/wp\/v2\/users\/1"}],"replies":[{"embeddable":true,"href":"https:\/\/kibrisdakik.com\/index.php?rest_route=%2Fwp%2Fv2%2Fcomments&post=82446"}],"version-history":[{"count":0,"href":"https:\/\/kibrisdakik.com\/index.php?rest_route=\/wp\/v2\/posts\/82446\/revisions"}],"wp:featuredmedia":[{"embeddable":true,"href":"https:\/\/kibrisdakik.com\/index.php?rest_route=\/wp\/v2\/media\/71293"}],"wp:attachment":[{"href":"https:\/\/kibrisdakik.com\/index.php?rest_route=%2Fwp%2Fv2%2Fmedia&parent=82446"}],"wp:term":[{"taxonomy":"category","embeddable":true,"href":"https:\/\/kibrisdakik.com\/index.php?rest_route=%2Fwp%2Fv2%2Fcategories&post=82446"},{"taxonomy":"post_tag","embeddable":true,"href":"https:\/\/kibrisdakik.com\/index.php?rest_route=%2Fwp%2Fv2%2Ftags&post=82446"}],"curies":[{"name":"wp","href":"https:\/\/api.w.org\/{rel}","templated":true}]}}