{"id":82457,"date":"2025-05-16T16:05:00","date_gmt":"2025-05-16T13:05:00","guid":{"rendered":"https:\/\/kibrisdakik.com\/index.php\/2025\/05\/16\/istanbulda-ukrayna-rusya-ve-turkiye-heyetlerinin-gorusmesi-devam-ediyor\/"},"modified":"2025-05-16T16:05:00","modified_gmt":"2025-05-16T13:05:00","slug":"istanbulda-ukrayna-rusya-ve-turkiye-heyetlerinin-gorusmesi-devam-ediyor","status":"publish","type":"post","link":"https:\/\/kibrisdakik.com\/?p=82457","title":{"rendered":"\u0130stanbul\u2019da Ukrayna, Rusya ve T\u00fcrkiye heyetlerinin g\u00f6r\u00fc\u015fmesi devam ediyor"},"content":{"rendered":"<p><\/p>\n<div>\n<div class=\"mariselle-image-container center\">\n                <img loading=\"lazy\" decoding=\"async\" width=\"864\" height=\"486\" class=\"lazy-image\" alt=\"\" sizes=\"auto, (max-width: 864px) 100vw, 864px\" src=\"https:\/\/brtk.net\/wp-content\/uploads\/2025\/05\/16\/1747397455601thumbs_b_c_3f717af5d3ef8c01a18cbe5e7a4cd2d6.jpg?ver=866ff728cd8557f5176ababb87b60eb9\" srcset=\"https:\/\/brtk.net\/wp-content\/uploads\/2025\/05\/16\/1747397455601thumbs_b_c_3f717af5d3ef8c01a18cbe5e7a4cd2d6.jpg?ver=866ff728cd8557f5176ababb87b60eb9 864w, https:\/\/brtk.net\/wp-content\/uploads\/2025\/05\/16\/1747397455601thumbs_b_c_3f717af5d3ef8c01a18cbe5e7a4cd2d6-300x169.jpg?ver=866ff728cd8557f5176ababb87b60eb9 300w, https:\/\/brtk.net\/wp-content\/uploads\/2025\/05\/16\/1747397455601thumbs_b_c_3f717af5d3ef8c01a18cbe5e7a4cd2d6-768x432.jpg?ver=866ff728cd8557f5176ababb87b60eb9 768w\"\/>                            <\/div>\n<p> T\u00fcrkiye\u2019nin ev sahipli\u011finde d\u00fczenlenen T\u00fcrkiye-Rusya-Ukrayna \u00dc\u00e7l\u00fc Toplant\u0131s\u0131, T\u00fcrkiye D\u0131\u015fi\u015fleri Bakan\u0131 Hakan Fidan\u2019\u0131n ba\u015fkanl\u0131\u011f\u0131nda s\u00fcr\u00fcyor.<\/p>\n<p>T\u00fcrkiye D\u0131\u015fi\u015fleri Bakanl\u0131\u011f\u0131 kaynaklar\u0131ndan edinilen bilgiye g\u00f6re, T\u00fcrkiye, Rusya ve Ukrayna heyetleri aras\u0131ndaki toplant\u0131, Fidan\u2019\u0131n ba\u015fkanl\u0131\u011f\u0131nda devam ediyor.<\/p>\n<p>Cumhurba\u015fkanl\u0131\u011f\u0131 Dolmabah\u00e7e \u00c7al\u0131\u015fma Ofisi\u2019nde yap\u0131lan T\u00fcrkiye-Rusya-Ukrayna \u00dc\u00e7l\u00fc Toplant\u0131s\u0131\u2019ndaki T\u00fcrk heyetinde Milli \u0130stihbarat Te\u015fkilat\u0131 (M\u0130T) Ba\u015fkan\u0131 \u0130brahim Kal\u0131n da bulunuyor.<\/p>\n<p>Rusya Devlet Ba\u015fkan\u0131 Vladimir Putin\u2019in M\u00fc\u015faviri Vladimir Medinskiy\u2019nin ba\u015fkanl\u0131k etti\u011fi Rus heyetinde, Rusya D\u0131\u015fi\u015fleri Bakan Yard\u0131mc\u0131s\u0131 Mihail Galuzin, Rusya Genelkurmay Ba\u015fkanl\u0131\u011f\u0131 Ana \u0130stihbarat Dairesi (GRU) Ba\u015fkan\u0131 \u0130gor Kostyukov ve Rusya Savunma Bakan Yard\u0131mc\u0131s\u0131 Aleksandr Fomin ve yetkililer yer al\u0131yor.<\/p>\n<p>Ukrayna Savunma Bakan\u0131 R\u00fcstem Umerov\u2019un ba\u015fkanl\u0131k etti\u011fi Ukrayna heyetinde ise Ukrayna D\u0131\u015fi\u015fleri Bakan Yard\u0131mc\u0131s\u0131 Sergiy Kyslytsya, Ukrayna G\u00fcvenlik Servisi (SBU) Ba\u015fkan Yard\u0131mc\u0131s\u0131 Oleksandr Poklad, D\u0131\u015f \u0130stihbarat Servisi Ba\u015fkan Yard\u0131mc\u0131s\u0131 Oleh Luhovskyi ve yetkililer bulunuyor.<\/p>\n<\/p><\/div>\n<p><script async\n                    defer\n                    crossorigin=\"anonymous\"\n                    src=\"https:\/\/connect.facebook.net\/tr_TR\/sdk.js#xfbml=1&#038;version=v3.3\"\n            ><\/script><\/p>\n","protected":false},"excerpt":{"rendered":"<p>T\u00fcrkiye\u2019nin ev sahipli\u011finde d\u00fczenlenen T\u00fcrkiye-Rusya-Ukrayna \u00dc\u00e7l\u00fc Toplant\u0131s\u0131, T\u00fcrkiye D\u0131\u015fi\u015fleri Bakan\u0131 Hakan Fidan\u2019\u0131n ba\u015fkanl\u0131\u011f\u0131nda s\u00fcr\u00fcyor. T\u00fcrkiye D\u0131\u015fi\u015fleri Bakanl\u0131\u011f\u0131 kaynaklar\u0131ndan edinilen bilgiye g\u00f6re, T\u00fcrkiye, Rusya ve Ukrayna heyetleri aras\u0131ndaki toplant\u0131, Fidan\u2019\u0131n ba\u015fkanl\u0131\u011f\u0131nda devam ediyor. Cumhurba\u015fkanl\u0131\u011f\u0131 Dolmabah\u00e7e \u00c7al\u0131\u015fma Ofisi\u2019nde yap\u0131lan T\u00fcrkiye-Rusya-Ukrayna \u00dc\u00e7l\u00fc Toplant\u0131s\u0131\u2019ndaki T\u00fcrk heyetinde Milli \u0130stihbarat Te\u015fkilat\u0131 (M\u0130T) Ba\u015fkan\u0131 \u0130brahim Kal\u0131n da bulunuyor. Rusya Devlet Ba\u015fkan\u0131 Vladimir<\/p>\n","protected":false},"author":1,"featured_media":82458,"comment_status":"open","ping_status":"open","sticky":false,"template":"","format":"standard","meta":{"footnotes":""},"categories":[86],"tags":[],"class_list":["post-82457","post","type-post","status-publish","format-standard","has-post-thumbnail","hentry","category-turkiye"],"yoast_head":"<!-- This site is optimized with the Yoast SEO plugin v27.5 - https:\/\/yoast.com\/product\/yoast-seo-wordpress\/ -->\n<title>\u0130stanbul\u2019da Ukrayna, Rusya ve T\u00fcrkiye heyetlerinin g\u00f6r\u00fc\u015fmesi devam ediyor -<\/title>\n<meta name=\"robots\" content=\"index, follow, max-snippet:-1, max-image-preview:large, max-video-preview:-1\" \/>\n<link rel=\"canonical\" href=\"https:\/\/kibrisdakik.com\/?p=82457\" \/>\n<meta property=\"og:locale\" content=\"tr_TR\" \/>\n<meta property=\"og:type\" content=\"article\" \/>\n<meta property=\"og:title\" content=\"\u0130stanbul\u2019da Ukrayna, Rusya ve T\u00fcrkiye heyetlerinin g\u00f6r\u00fc\u015fmesi devam ediyor -\" \/>\n<meta property=\"og:description\" content=\"T\u00fcrkiye\u2019nin ev sahipli\u011finde d\u00fczenlenen T\u00fcrkiye-Rusya-Ukrayna \u00dc\u00e7l\u00fc Toplant\u0131s\u0131, T\u00fcrkiye D\u0131\u015fi\u015fleri Bakan\u0131 Hakan Fidan\u2019\u0131n ba\u015fkanl\u0131\u011f\u0131nda s\u00fcr\u00fcyor. T\u00fcrkiye D\u0131\u015fi\u015fleri Bakanl\u0131\u011f\u0131 kaynaklar\u0131ndan edinilen bilgiye g\u00f6re, T\u00fcrkiye, Rusya ve Ukrayna heyetleri aras\u0131ndaki toplant\u0131, Fidan\u2019\u0131n ba\u015fkanl\u0131\u011f\u0131nda devam ediyor. Cumhurba\u015fkanl\u0131\u011f\u0131 Dolmabah\u00e7e \u00c7al\u0131\u015fma Ofisi\u2019nde yap\u0131lan T\u00fcrkiye-Rusya-Ukrayna \u00dc\u00e7l\u00fc Toplant\u0131s\u0131\u2019ndaki T\u00fcrk heyetinde Milli \u0130stihbarat Te\u015fkilat\u0131 (M\u0130T) Ba\u015fkan\u0131 \u0130brahim Kal\u0131n da bulunuyor. Rusya Devlet Ba\u015fkan\u0131 Vladimir\" \/>\n<meta property=\"og:url\" content=\"https:\/\/kibrisdakik.com\/?p=82457\" \/>\n<meta property=\"article:published_time\" content=\"2025-05-16T13:05:00+00:00\" \/>\n<meta property=\"og:image\" content=\"https:\/\/kibrisdakik.com\/wp-content\/uploads\/2025\/05\/1747397455601thumbs_b_c_3f717af5d3ef8c01a18cbe5e7a4cd2d6-740x420.jpg\" \/>\n\t<meta property=\"og:image:width\" content=\"864\" \/>\n\t<meta property=\"og:image:height\" content=\"486\" \/>\n\t<meta property=\"og:image:type\" content=\"image\/jpeg\" \/>\n<meta name=\"author\" content=\"admin\" \/>\n<meta name=\"twitter:card\" content=\"summary_large_image\" \/>\n<meta name=\"twitter:label1\" content=\"Yazan:\" \/>\n\t<meta name=\"twitter:data1\" content=\"admin\" \/>\n\t<meta name=\"twitter:label2\" content=\"Tahmini okuma s\u00fcresi\" \/>\n\t<meta name=\"twitter:data2\" content=\"1 dakika\" \/>\n<script type=\"application\/ld+json\" class=\"yoast-schema-graph\">{\"@context\":\"https:\\\/\\\/schema.org\",\"@graph\":[{\"@type\":\"Article\",\"@id\":\"https:\\\/\\\/kibrisdakik.com\\\/?p=82457#article\",\"isPartOf\":{\"@id\":\"https:\\\/\\\/kibrisdakik.com\\\/?p=82457\"},\"author\":{\"name\":\"admin\",\"@id\":\"https:\\\/\\\/kibrisdakik.com\\\/#\\\/schema\\\/person\\\/9cd9d437bbb44f72b73ba127e06d8e79\"},\"headline\":\"\u0130stanbul\u2019da Ukrayna, Rusya ve T\u00fcrkiye heyetlerinin g\u00f6r\u00fc\u015fmesi devam ediyor\",\"datePublished\":\"2025-05-16T13:05:00+00:00\",\"mainEntityOfPage\":{\"@id\":\"https:\\\/\\\/kibrisdakik.com\\\/?p=82457\"},\"wordCount\":206,\"commentCount\":0,\"image\":{\"@id\":\"https:\\\/\\\/kibrisdakik.com\\\/?p=82457#primaryimage\"},\"thumbnailUrl\":\"https:\\\/\\\/kibrisdakik.com\\\/wp-content\\\/uploads\\\/2025\\\/05\\\/1747397455601thumbs_b_c_3f717af5d3ef8c01a18cbe5e7a4cd2d6-740x420.jpg\",\"articleSection\":[\"T\u00fcrkiye\"],\"inLanguage\":\"tr\",\"potentialAction\":[{\"@type\":\"CommentAction\",\"name\":\"Comment\",\"target\":[\"https:\\\/\\\/kibrisdakik.com\\\/?p=82457#respond\"]}]},{\"@type\":\"WebPage\",\"@id\":\"https:\\\/\\\/kibrisdakik.com\\\/?p=82457\",\"url\":\"https:\\\/\\\/kibrisdakik.com\\\/?p=82457\",\"name\":\"\u0130stanbul\u2019da Ukrayna, Rusya ve T\u00fcrkiye heyetlerinin g\u00f6r\u00fc\u015fmesi devam ediyor -\",\"isPartOf\":{\"@id\":\"https:\\\/\\\/kibrisdakik.com\\\/#website\"},\"primaryImageOfPage\":{\"@id\":\"https:\\\/\\\/kibrisdakik.com\\\/?p=82457#primaryimage\"},\"image\":{\"@id\":\"https:\\\/\\\/kibrisdakik.com\\\/?p=82457#primaryimage\"},\"thumbnailUrl\":\"https:\\\/\\\/kibrisdakik.com\\\/wp-content\\\/uploads\\\/2025\\\/05\\\/1747397455601thumbs_b_c_3f717af5d3ef8c01a18cbe5e7a4cd2d6-740x420.jpg\",\"datePublished\":\"2025-05-16T13:05:00+00:00\",\"author\":{\"@id\":\"https:\\\/\\\/kibrisdakik.com\\\/#\\\/schema\\\/person\\\/9cd9d437bbb44f72b73ba127e06d8e79\"},\"breadcrumb\":{\"@id\":\"https:\\\/\\\/kibrisdakik.com\\\/?p=82457#breadcrumb\"},\"inLanguage\":\"tr\",\"potentialAction\":[{\"@type\":\"ReadAction\",\"target\":[\"https:\\\/\\\/kibrisdakik.com\\\/?p=82457\"]}]},{\"@type\":\"ImageObject\",\"inLanguage\":\"tr\",\"@id\":\"https:\\\/\\\/kibrisdakik.com\\\/?p=82457#primaryimage\",\"url\":\"https:\\\/\\\/kibrisdakik.com\\\/wp-content\\\/uploads\\\/2025\\\/05\\\/1747397455601thumbs_b_c_3f717af5d3ef8c01a18cbe5e7a4cd2d6-740x420.jpg\",\"contentUrl\":\"https:\\\/\\\/kibrisdakik.com\\\/wp-content\\\/uploads\\\/2025\\\/05\\\/1747397455601thumbs_b_c_3f717af5d3ef8c01a18cbe5e7a4cd2d6-740x420.jpg\",\"width\":864,\"height\":486},{\"@type\":\"BreadcrumbList\",\"@id\":\"https:\\\/\\\/kibrisdakik.com\\\/?p=82457#breadcrumb\",\"itemListElement\":[{\"@type\":\"ListItem\",\"position\":1,\"name\":\"Home\",\"item\":\"https:\\\/\\\/kibrisdakik.com\\\/\"},{\"@type\":\"ListItem\",\"position\":2,\"name\":\"\u0130stanbul\u2019da Ukrayna, Rusya ve T\u00fcrkiye heyetlerinin g\u00f6r\u00fc\u015fmesi devam ediyor\"}]},{\"@type\":\"WebSite\",\"@id\":\"https:\\\/\\\/kibrisdakik.com\\\/#website\",\"url\":\"https:\\\/\\\/kibrisdakik.com\\\/\",\"name\":\"\",\"description\":\"Tam vaktinde haber\",\"potentialAction\":[{\"@type\":\"SearchAction\",\"target\":{\"@type\":\"EntryPoint\",\"urlTemplate\":\"https:\\\/\\\/kibrisdakik.com\\\/?s={search_term_string}\"},\"query-input\":{\"@type\":\"PropertyValueSpecification\",\"valueRequired\":true,\"valueName\":\"search_term_string\"}}],\"inLanguage\":\"tr\"},{\"@type\":\"Person\",\"@id\":\"https:\\\/\\\/kibrisdakik.com\\\/#\\\/schema\\\/person\\\/9cd9d437bbb44f72b73ba127e06d8e79\",\"name\":\"admin\",\"image\":{\"@type\":\"ImageObject\",\"inLanguage\":\"tr\",\"@id\":\"https:\\\/\\\/secure.gravatar.com\\\/avatar\\\/ccc17943b9d660506c869530f897617f7cb1c21a4bf30023f252596d83e1f007?s=96&d=mm&r=g\",\"url\":\"https:\\\/\\\/secure.gravatar.com\\\/avatar\\\/ccc17943b9d660506c869530f897617f7cb1c21a4bf30023f252596d83e1f007?s=96&d=mm&r=g\",\"contentUrl\":\"https:\\\/\\\/secure.gravatar.com\\\/avatar\\\/ccc17943b9d660506c869530f897617f7cb1c21a4bf30023f252596d83e1f007?s=96&d=mm&r=g\",\"caption\":\"admin\"},\"sameAs\":[\"https:\\\/\\\/kibrisdakik.com\"],\"url\":\"https:\\\/\\\/kibrisdakik.com\\\/?author=1\"}]}<\/script>\n<!-- \/ Yoast SEO plugin. -->","yoast_head_json":{"title":"\u0130stanbul\u2019da Ukrayna, Rusya ve T\u00fcrkiye heyetlerinin g\u00f6r\u00fc\u015fmesi devam ediyor -","robots":{"index":"index","follow":"follow","max-snippet":"max-snippet:-1","max-image-preview":"max-image-preview:large","max-video-preview":"max-video-preview:-1"},"canonical":"https:\/\/kibrisdakik.com\/?p=82457","og_locale":"tr_TR","og_type":"article","og_title":"\u0130stanbul\u2019da Ukrayna, Rusya ve T\u00fcrkiye heyetlerinin g\u00f6r\u00fc\u015fmesi devam ediyor -","og_description":"T\u00fcrkiye\u2019nin ev sahipli\u011finde d\u00fczenlenen T\u00fcrkiye-Rusya-Ukrayna \u00dc\u00e7l\u00fc Toplant\u0131s\u0131, T\u00fcrkiye D\u0131\u015fi\u015fleri Bakan\u0131 Hakan Fidan\u2019\u0131n ba\u015fkanl\u0131\u011f\u0131nda s\u00fcr\u00fcyor. T\u00fcrkiye D\u0131\u015fi\u015fleri Bakanl\u0131\u011f\u0131 kaynaklar\u0131ndan edinilen bilgiye g\u00f6re, T\u00fcrkiye, Rusya ve Ukrayna heyetleri aras\u0131ndaki toplant\u0131, Fidan\u2019\u0131n ba\u015fkanl\u0131\u011f\u0131nda devam ediyor. Cumhurba\u015fkanl\u0131\u011f\u0131 Dolmabah\u00e7e \u00c7al\u0131\u015fma Ofisi\u2019nde yap\u0131lan T\u00fcrkiye-Rusya-Ukrayna \u00dc\u00e7l\u00fc Toplant\u0131s\u0131\u2019ndaki T\u00fcrk heyetinde Milli \u0130stihbarat Te\u015fkilat\u0131 (M\u0130T) Ba\u015fkan\u0131 \u0130brahim Kal\u0131n da bulunuyor. Rusya Devlet Ba\u015fkan\u0131 Vladimir","og_url":"https:\/\/kibrisdakik.com\/?p=82457","article_published_time":"2025-05-16T13:05:00+00:00","og_image":[{"width":864,"height":486,"url":"https:\/\/kibrisdakik.com\/wp-content\/uploads\/2025\/05\/1747397455601thumbs_b_c_3f717af5d3ef8c01a18cbe5e7a4cd2d6-740x420.jpg","type":"image\/jpeg"}],"author":"admin","twitter_card":"summary_large_image","twitter_misc":{"Yazan:":"admin","Tahmini okuma s\u00fcresi":"1 dakika"},"schema":{"@context":"https:\/\/schema.org","@graph":[{"@type":"Article","@id":"https:\/\/kibrisdakik.com\/?p=82457#article","isPartOf":{"@id":"https:\/\/kibrisdakik.com\/?p=82457"},"author":{"name":"admin","@id":"https:\/\/kibrisdakik.com\/#\/schema\/person\/9cd9d437bbb44f72b73ba127e06d8e79"},"headline":"\u0130stanbul\u2019da Ukrayna, Rusya ve T\u00fcrkiye heyetlerinin g\u00f6r\u00fc\u015fmesi devam ediyor","datePublished":"2025-05-16T13:05:00+00:00","mainEntityOfPage":{"@id":"https:\/\/kibrisdakik.com\/?p=82457"},"wordCount":206,"commentCount":0,"image":{"@id":"https:\/\/kibrisdakik.com\/?p=82457#primaryimage"},"thumbnailUrl":"https:\/\/kibrisdakik.com\/wp-content\/uploads\/2025\/05\/1747397455601thumbs_b_c_3f717af5d3ef8c01a18cbe5e7a4cd2d6-740x420.jpg","articleSection":["T\u00fcrkiye"],"inLanguage":"tr","potentialAction":[{"@type":"CommentAction","name":"Comment","target":["https:\/\/kibrisdakik.com\/?p=82457#respond"]}]},{"@type":"WebPage","@id":"https:\/\/kibrisdakik.com\/?p=82457","url":"https:\/\/kibrisdakik.com\/?p=82457","name":"\u0130stanbul\u2019da Ukrayna, Rusya ve T\u00fcrkiye heyetlerinin g\u00f6r\u00fc\u015fmesi devam ediyor -","isPartOf":{"@id":"https:\/\/kibrisdakik.com\/#website"},"primaryImageOfPage":{"@id":"https:\/\/kibrisdakik.com\/?p=82457#primaryimage"},"image":{"@id":"https:\/\/kibrisdakik.com\/?p=82457#primaryimage"},"thumbnailUrl":"https:\/\/kibrisdakik.com\/wp-content\/uploads\/2025\/05\/1747397455601thumbs_b_c_3f717af5d3ef8c01a18cbe5e7a4cd2d6-740x420.jpg","datePublished":"2025-05-16T13:05:00+00:00","author":{"@id":"https:\/\/kibrisdakik.com\/#\/schema\/person\/9cd9d437bbb44f72b73ba127e06d8e79"},"breadcrumb":{"@id":"https:\/\/kibrisdakik.com\/?p=82457#breadcrumb"},"inLanguage":"tr","potentialAction":[{"@type":"ReadAction","target":["https:\/\/kibrisdakik.com\/?p=82457"]}]},{"@type":"ImageObject","inLanguage":"tr","@id":"https:\/\/kibrisdakik.com\/?p=82457#primaryimage","url":"https:\/\/kibrisdakik.com\/wp-content\/uploads\/2025\/05\/1747397455601thumbs_b_c_3f717af5d3ef8c01a18cbe5e7a4cd2d6-740x420.jpg","contentUrl":"https:\/\/kibrisdakik.com\/wp-content\/uploads\/2025\/05\/1747397455601thumbs_b_c_3f717af5d3ef8c01a18cbe5e7a4cd2d6-740x420.jpg","width":864,"height":486},{"@type":"BreadcrumbList","@id":"https:\/\/kibrisdakik.com\/?p=82457#breadcrumb","itemListElement":[{"@type":"ListItem","position":1,"name":"Home","item":"https:\/\/kibrisdakik.com\/"},{"@type":"ListItem","position":2,"name":"\u0130stanbul\u2019da Ukrayna, Rusya ve T\u00fcrkiye heyetlerinin g\u00f6r\u00fc\u015fmesi devam ediyor"}]},{"@type":"WebSite","@id":"https:\/\/kibrisdakik.com\/#website","url":"https:\/\/kibrisdakik.com\/","name":"","description":"Tam vaktinde haber","potentialAction":[{"@type":"SearchAction","target":{"@type":"EntryPoint","urlTemplate":"https:\/\/kibrisdakik.com\/?s={search_term_string}"},"query-input":{"@type":"PropertyValueSpecification","valueRequired":true,"valueName":"search_term_string"}}],"inLanguage":"tr"},{"@type":"Person","@id":"https:\/\/kibrisdakik.com\/#\/schema\/person\/9cd9d437bbb44f72b73ba127e06d8e79","name":"admin","image":{"@type":"ImageObject","inLanguage":"tr","@id":"https:\/\/secure.gravatar.com\/avatar\/ccc17943b9d660506c869530f897617f7cb1c21a4bf30023f252596d83e1f007?s=96&d=mm&r=g","url":"https:\/\/secure.gravatar.com\/avatar\/ccc17943b9d660506c869530f897617f7cb1c21a4bf30023f252596d83e1f007?s=96&d=mm&r=g","contentUrl":"https:\/\/secure.gravatar.com\/avatar\/ccc17943b9d660506c869530f897617f7cb1c21a4bf30023f252596d83e1f007?s=96&d=mm&r=g","caption":"admin"},"sameAs":["https:\/\/kibrisdakik.com"],"url":"https:\/\/kibrisdakik.com\/?author=1"}]}},"_links":{"self":[{"href":"https:\/\/kibrisdakik.com\/index.php?rest_route=\/wp\/v2\/posts\/82457","targetHints":{"allow":["GET"]}}],"collection":[{"href":"https:\/\/kibrisdakik.com\/index.php?rest_route=\/wp\/v2\/posts"}],"about":[{"href":"https:\/\/kibrisdakik.com\/index.php?rest_route=\/wp\/v2\/types\/post"}],"author":[{"embeddable":true,"href":"https:\/\/kibrisdakik.com\/index.php?rest_route=\/wp\/v2\/users\/1"}],"replies":[{"embeddable":true,"href":"https:\/\/kibrisdakik.com\/index.php?rest_route=%2Fwp%2Fv2%2Fcomments&post=82457"}],"version-history":[{"count":0,"href":"https:\/\/kibrisdakik.com\/index.php?rest_route=\/wp\/v2\/posts\/82457\/revisions"}],"wp:featuredmedia":[{"embeddable":true,"href":"https:\/\/kibrisdakik.com\/index.php?rest_route=\/wp\/v2\/media\/82458"}],"wp:attachment":[{"href":"https:\/\/kibrisdakik.com\/index.php?rest_route=%2Fwp%2Fv2%2Fmedia&parent=82457"}],"wp:term":[{"taxonomy":"category","embeddable":true,"href":"https:\/\/kibrisdakik.com\/index.php?rest_route=%2Fwp%2Fv2%2Fcategories&post=82457"},{"taxonomy":"post_tag","embeddable":true,"href":"https:\/\/kibrisdakik.com\/index.php?rest_route=%2Fwp%2Fv2%2Ftags&post=82457"}],"curies":[{"name":"wp","href":"https:\/\/api.w.org\/{rel}","templated":true}]}}