{"id":8246,"date":"2023-06-05T04:24:51","date_gmt":"2023-06-05T04:24:51","guid":{"rendered":"https:\/\/kibrisdakik.com\/index.php\/2023\/06\/05\/yuksek-secim-kurulu-kesinlesen-adaylari-acikladi\/"},"modified":"2023-06-05T04:24:51","modified_gmt":"2023-06-05T04:24:51","slug":"yuksek-secim-kurulu-kesinlesen-adaylari-acikladi","status":"publish","type":"post","link":"https:\/\/kibrisdakik.com\/?p=8246","title":{"rendered":"Y\u00fcksek Se\u00e7im Kurulu, kesinle\u015fen adaylar\u0131 a\u00e7\u0131klad\u0131"},"content":{"rendered":"<p><\/p>\n<div>\n<div class=\"mariselle-image-container center\">\n                <img width=\"720\" height=\"404\" class=\"lazy-image\" alt=\"\" decoding=\"async\" loading=\"lazy\" sizes=\"auto, (max-width: 720px) 100vw, 720px\" src=\"https:\/\/brtk.net\/wp-content\/uploads\/2023\/05\/22\/YSk-66kk.jpg?ver=4598532d347228adee10d0865ca43fdb\" srcset=\"https:\/\/brtk.net\/wp-content\/uploads\/2023\/05\/22\/YSk-66kk.jpg?ver=4598532d347228adee10d0865ca43fdb 720w, https:\/\/brtk.net\/wp-content\/uploads\/2023\/05\/22\/YSk-66kk-300x168.jpg?ver=4598532d347228adee10d0865ca43fdb 300w\"\/>                            <\/div>\n<p> Y\u00fcksek Se\u00e7im Kurulu, 25 Haziran 2023 tarihinde yap\u0131lacak Milletvekilli\u011fi ve Yerel Kurulu\u015f Organlar\u0131 Ara Se\u00e7imi i\u00e7in kesinle\u015fen milletvekili ve muhtar adaylar\u0131n\u0131 ilan etti.<\/p>\n<p>YSK\u2019n\u0131n duyurusuna g\u00f6re, Sami \u00d6zuslu (<a href=\"https:\/\/brtk.net\/\">CTP<\/a>), Ali Ba\u015fman (<a href=\"https:\/\/brtk.net\/\">UBP<\/a>), Serhan Aktun\u00e7 (DP), Figen Yaman Lesinger (YDP), Umut Ersoy (Ba\u011f\u0131ms\u0131zl\u0131k Yolu) ve ba\u011f\u0131ms\u0131zlar<\/p>\n<p>\u00c7etin Sadeli, Mert Ta\u015fk\u0131n, Talip Sancar, Naz\u0131m \u00d6zsever, Meri\u00e7 Er\u00fclk\u00fc, Alper \u00d6zsak\u0131n\u00e7 ve Abdullah Korkmazhan\u2019\u0131n milletvekili adayl\u0131\u011f\u0131 kesinle\u015fti. <\/p>\n<p>Lefko\u015fa Yenicami Mahallesi muhtarl\u0131\u011f\u0131 i\u00e7in ise Mehmet Yumu\u015fak, Adnan Getirmez, Mehmet \u00c7am\u0131r ve Selim \u00d6zdemir aday oldu.<\/p>\n<p>YSK ayr\u0131ca kesinle\u015fen baz\u0131 adaylar\u0131n say\u0131s\u0131, se\u00e7ilmesi gereken ki\u015fi veya ki\u015filerin say\u0131s\u0131na e\u015fit veya daha az oldu\u011fundan se\u00e7ilmi\u015f olduklar\u0131n\u0131 a\u00e7\u0131klad\u0131.<\/p>\n<p>Lefko\u015fa Selimiye Mahallesi \u0130htiyar heyeti \u00fcyeli\u011fi aday\u0131 Hasan Akku\u015f, Yenibo\u011fazi\u00e7i \u0130htiyar heyeti \u00fcyeli\u011fi aday\u0131 \u015eermin Kasap. Erenk\u00f6y-Karpaz Derince \u0130htiyar heyeti \u00fcyeli\u011fi aday\u0131 Hasan Korkmaz, Erenk\u00f6y-Karpaz \/ Polat Pa\u015fa Mahallesi \u0130htiyar heyeti \u00fcyeli\u011fi adaylar\u0131 Nezaket \u00c7ebi ve Murat Akg\u00fcn, \u0130skele \u2013 Bo\u011fazi\u00e7i<\/p>\n<p>ihtiyar heyeti \u00fcyeli\u011fi aday\u0131 Nagihan \u0130lkta\u00e7 ve Lefke \u2013 Bademlik\u00f6y htiyar heyeti \u00fcyeli\u011fi aday\u0131 Tahir Al\u015fan se\u00e7ilmi\u015f kabul edildi.<\/p>\n<\/p><\/div>\n<p><script async\n                    defer\n                    crossorigin=\"anonymous\"\n                    src=\"https:\/\/connect.facebook.net\/tr_TR\/sdk.js#xfbml=1&#038;version=v3.3\"\n            ><\/script><\/p>\n","protected":false},"excerpt":{"rendered":"<p>Y\u00fcksek Se\u00e7im Kurulu, 25 Haziran 2023 tarihinde yap\u0131lacak Milletvekilli\u011fi ve Yerel Kurulu\u015f Organlar\u0131 Ara Se\u00e7imi i\u00e7in kesinle\u015fen milletvekili ve muhtar adaylar\u0131n\u0131 ilan etti. YSK\u2019n\u0131n duyurusuna g\u00f6re, Sami \u00d6zuslu (CTP), Ali Ba\u015fman (UBP), Serhan Aktun\u00e7 (DP), Figen Yaman Lesinger (YDP), Umut Ersoy (Ba\u011f\u0131ms\u0131zl\u0131k Yolu) ve ba\u011f\u0131ms\u0131zlar \u00c7etin Sadeli, Mert Ta\u015fk\u0131n, Talip Sancar, Naz\u0131m \u00d6zsever, Meri\u00e7 Er\u00fclk\u00fc,<\/p>\n","protected":false},"author":1,"featured_media":7430,"comment_status":"open","ping_status":"open","sticky":false,"template":"","format":"standard","meta":{"footnotes":""},"categories":[1],"tags":[],"class_list":["post-8246","post","type-post","status-publish","format-standard","has-post-thumbnail","hentry","category-gundem"],"yoast_head":"<!-- This site is optimized with the Yoast SEO plugin v27.5 - https:\/\/yoast.com\/product\/yoast-seo-wordpress\/ -->\n<title>Y\u00fcksek Se\u00e7im Kurulu, kesinle\u015fen adaylar\u0131 a\u00e7\u0131klad\u0131 -<\/title>\n<meta name=\"robots\" content=\"index, follow, max-snippet:-1, max-image-preview:large, max-video-preview:-1\" \/>\n<link rel=\"canonical\" href=\"https:\/\/kibrisdakik.com\/?p=8246\" \/>\n<meta property=\"og:locale\" content=\"tr_TR\" \/>\n<meta property=\"og:type\" content=\"article\" \/>\n<meta property=\"og:title\" content=\"Y\u00fcksek Se\u00e7im Kurulu, kesinle\u015fen adaylar\u0131 a\u00e7\u0131klad\u0131 -\" \/>\n<meta property=\"og:description\" content=\"Y\u00fcksek Se\u00e7im Kurulu, 25 Haziran 2023 tarihinde yap\u0131lacak Milletvekilli\u011fi ve Yerel Kurulu\u015f Organlar\u0131 Ara Se\u00e7imi i\u00e7in kesinle\u015fen milletvekili ve muhtar adaylar\u0131n\u0131 ilan etti. YSK\u2019n\u0131n duyurusuna g\u00f6re, Sami \u00d6zuslu (CTP), Ali Ba\u015fman (UBP), Serhan Aktun\u00e7 (DP), Figen Yaman Lesinger (YDP), Umut Ersoy (Ba\u011f\u0131ms\u0131zl\u0131k Yolu) ve ba\u011f\u0131ms\u0131zlar \u00c7etin Sadeli, Mert Ta\u015fk\u0131n, Talip Sancar, Naz\u0131m \u00d6zsever, Meri\u00e7 Er\u00fclk\u00fc,\" \/>\n<meta property=\"og:url\" content=\"https:\/\/kibrisdakik.com\/?p=8246\" \/>\n<meta property=\"article:published_time\" content=\"2023-06-05T04:24:51+00:00\" \/>\n<meta property=\"og:image\" content=\"https:\/\/kibrisdakik.com\/wp-content\/uploads\/2023\/05\/YSk-66kk.jpg\" \/>\n\t<meta property=\"og:image:width\" content=\"720\" \/>\n\t<meta property=\"og:image:height\" content=\"404\" \/>\n\t<meta property=\"og:image:type\" content=\"image\/jpeg\" \/>\n<meta name=\"author\" content=\"admin\" \/>\n<meta name=\"twitter:card\" content=\"summary_large_image\" \/>\n<meta name=\"twitter:label1\" content=\"Yazan:\" \/>\n\t<meta name=\"twitter:data1\" content=\"admin\" \/>\n\t<meta name=\"twitter:label2\" content=\"Tahmini okuma s\u00fcresi\" \/>\n\t<meta name=\"twitter:data2\" content=\"1 dakika\" \/>\n<script type=\"application\/ld+json\" class=\"yoast-schema-graph\">{\"@context\":\"https:\\\/\\\/schema.org\",\"@graph\":[{\"@type\":\"Article\",\"@id\":\"https:\\\/\\\/kibrisdakik.com\\\/?p=8246#article\",\"isPartOf\":{\"@id\":\"https:\\\/\\\/kibrisdakik.com\\\/?p=8246\"},\"author\":{\"name\":\"admin\",\"@id\":\"https:\\\/\\\/kibrisdakik.com\\\/#\\\/schema\\\/person\\\/9cd9d437bbb44f72b73ba127e06d8e79\"},\"headline\":\"Y\u00fcksek Se\u00e7im Kurulu, kesinle\u015fen adaylar\u0131 a\u00e7\u0131klad\u0131\",\"datePublished\":\"2023-06-05T04:24:51+00:00\",\"mainEntityOfPage\":{\"@id\":\"https:\\\/\\\/kibrisdakik.com\\\/?p=8246\"},\"wordCount\":225,\"commentCount\":0,\"image\":{\"@id\":\"https:\\\/\\\/kibrisdakik.com\\\/?p=8246#primaryimage\"},\"thumbnailUrl\":\"https:\\\/\\\/kibrisdakik.com\\\/wp-content\\\/uploads\\\/2023\\\/05\\\/YSk-66kk.jpg\",\"articleSection\":[\"G\u00fcndem\"],\"inLanguage\":\"tr\",\"potentialAction\":[{\"@type\":\"CommentAction\",\"name\":\"Comment\",\"target\":[\"https:\\\/\\\/kibrisdakik.com\\\/?p=8246#respond\"]}]},{\"@type\":\"WebPage\",\"@id\":\"https:\\\/\\\/kibrisdakik.com\\\/?p=8246\",\"url\":\"https:\\\/\\\/kibrisdakik.com\\\/?p=8246\",\"name\":\"Y\u00fcksek Se\u00e7im Kurulu, kesinle\u015fen adaylar\u0131 a\u00e7\u0131klad\u0131 -\",\"isPartOf\":{\"@id\":\"https:\\\/\\\/kibrisdakik.com\\\/#website\"},\"primaryImageOfPage\":{\"@id\":\"https:\\\/\\\/kibrisdakik.com\\\/?p=8246#primaryimage\"},\"image\":{\"@id\":\"https:\\\/\\\/kibrisdakik.com\\\/?p=8246#primaryimage\"},\"thumbnailUrl\":\"https:\\\/\\\/kibrisdakik.com\\\/wp-content\\\/uploads\\\/2023\\\/05\\\/YSk-66kk.jpg\",\"datePublished\":\"2023-06-05T04:24:51+00:00\",\"author\":{\"@id\":\"https:\\\/\\\/kibrisdakik.com\\\/#\\\/schema\\\/person\\\/9cd9d437bbb44f72b73ba127e06d8e79\"},\"breadcrumb\":{\"@id\":\"https:\\\/\\\/kibrisdakik.com\\\/?p=8246#breadcrumb\"},\"inLanguage\":\"tr\",\"potentialAction\":[{\"@type\":\"ReadAction\",\"target\":[\"https:\\\/\\\/kibrisdakik.com\\\/?p=8246\"]}]},{\"@type\":\"ImageObject\",\"inLanguage\":\"tr\",\"@id\":\"https:\\\/\\\/kibrisdakik.com\\\/?p=8246#primaryimage\",\"url\":\"https:\\\/\\\/kibrisdakik.com\\\/wp-content\\\/uploads\\\/2023\\\/05\\\/YSk-66kk.jpg\",\"contentUrl\":\"https:\\\/\\\/kibrisdakik.com\\\/wp-content\\\/uploads\\\/2023\\\/05\\\/YSk-66kk.jpg\",\"width\":720,\"height\":404},{\"@type\":\"BreadcrumbList\",\"@id\":\"https:\\\/\\\/kibrisdakik.com\\\/?p=8246#breadcrumb\",\"itemListElement\":[{\"@type\":\"ListItem\",\"position\":1,\"name\":\"Home\",\"item\":\"https:\\\/\\\/kibrisdakik.com\\\/\"},{\"@type\":\"ListItem\",\"position\":2,\"name\":\"Y\u00fcksek Se\u00e7im Kurulu, kesinle\u015fen adaylar\u0131 a\u00e7\u0131klad\u0131\"}]},{\"@type\":\"WebSite\",\"@id\":\"https:\\\/\\\/kibrisdakik.com\\\/#website\",\"url\":\"https:\\\/\\\/kibrisdakik.com\\\/\",\"name\":\"\",\"description\":\"Tam vaktinde haber\",\"potentialAction\":[{\"@type\":\"SearchAction\",\"target\":{\"@type\":\"EntryPoint\",\"urlTemplate\":\"https:\\\/\\\/kibrisdakik.com\\\/?s={search_term_string}\"},\"query-input\":{\"@type\":\"PropertyValueSpecification\",\"valueRequired\":true,\"valueName\":\"search_term_string\"}}],\"inLanguage\":\"tr\"},{\"@type\":\"Person\",\"@id\":\"https:\\\/\\\/kibrisdakik.com\\\/#\\\/schema\\\/person\\\/9cd9d437bbb44f72b73ba127e06d8e79\",\"name\":\"admin\",\"image\":{\"@type\":\"ImageObject\",\"inLanguage\":\"tr\",\"@id\":\"https:\\\/\\\/secure.gravatar.com\\\/avatar\\\/ccc17943b9d660506c869530f897617f7cb1c21a4bf30023f252596d83e1f007?s=96&d=mm&r=g\",\"url\":\"https:\\\/\\\/secure.gravatar.com\\\/avatar\\\/ccc17943b9d660506c869530f897617f7cb1c21a4bf30023f252596d83e1f007?s=96&d=mm&r=g\",\"contentUrl\":\"https:\\\/\\\/secure.gravatar.com\\\/avatar\\\/ccc17943b9d660506c869530f897617f7cb1c21a4bf30023f252596d83e1f007?s=96&d=mm&r=g\",\"caption\":\"admin\"},\"sameAs\":[\"https:\\\/\\\/kibrisdakik.com\"],\"url\":\"https:\\\/\\\/kibrisdakik.com\\\/?author=1\"}]}<\/script>\n<!-- \/ Yoast SEO plugin. -->","yoast_head_json":{"title":"Y\u00fcksek Se\u00e7im Kurulu, kesinle\u015fen adaylar\u0131 a\u00e7\u0131klad\u0131 -","robots":{"index":"index","follow":"follow","max-snippet":"max-snippet:-1","max-image-preview":"max-image-preview:large","max-video-preview":"max-video-preview:-1"},"canonical":"https:\/\/kibrisdakik.com\/?p=8246","og_locale":"tr_TR","og_type":"article","og_title":"Y\u00fcksek Se\u00e7im Kurulu, kesinle\u015fen adaylar\u0131 a\u00e7\u0131klad\u0131 -","og_description":"Y\u00fcksek Se\u00e7im Kurulu, 25 Haziran 2023 tarihinde yap\u0131lacak Milletvekilli\u011fi ve Yerel Kurulu\u015f Organlar\u0131 Ara Se\u00e7imi i\u00e7in kesinle\u015fen milletvekili ve muhtar adaylar\u0131n\u0131 ilan etti. YSK\u2019n\u0131n duyurusuna g\u00f6re, Sami \u00d6zuslu (CTP), Ali Ba\u015fman (UBP), Serhan Aktun\u00e7 (DP), Figen Yaman Lesinger (YDP), Umut Ersoy (Ba\u011f\u0131ms\u0131zl\u0131k Yolu) ve ba\u011f\u0131ms\u0131zlar \u00c7etin Sadeli, Mert Ta\u015fk\u0131n, Talip Sancar, Naz\u0131m \u00d6zsever, Meri\u00e7 Er\u00fclk\u00fc,","og_url":"https:\/\/kibrisdakik.com\/?p=8246","article_published_time":"2023-06-05T04:24:51+00:00","og_image":[{"width":720,"height":404,"url":"https:\/\/kibrisdakik.com\/wp-content\/uploads\/2023\/05\/YSk-66kk.jpg","type":"image\/jpeg"}],"author":"admin","twitter_card":"summary_large_image","twitter_misc":{"Yazan:":"admin","Tahmini okuma s\u00fcresi":"1 dakika"},"schema":{"@context":"https:\/\/schema.org","@graph":[{"@type":"Article","@id":"https:\/\/kibrisdakik.com\/?p=8246#article","isPartOf":{"@id":"https:\/\/kibrisdakik.com\/?p=8246"},"author":{"name":"admin","@id":"https:\/\/kibrisdakik.com\/#\/schema\/person\/9cd9d437bbb44f72b73ba127e06d8e79"},"headline":"Y\u00fcksek Se\u00e7im Kurulu, kesinle\u015fen adaylar\u0131 a\u00e7\u0131klad\u0131","datePublished":"2023-06-05T04:24:51+00:00","mainEntityOfPage":{"@id":"https:\/\/kibrisdakik.com\/?p=8246"},"wordCount":225,"commentCount":0,"image":{"@id":"https:\/\/kibrisdakik.com\/?p=8246#primaryimage"},"thumbnailUrl":"https:\/\/kibrisdakik.com\/wp-content\/uploads\/2023\/05\/YSk-66kk.jpg","articleSection":["G\u00fcndem"],"inLanguage":"tr","potentialAction":[{"@type":"CommentAction","name":"Comment","target":["https:\/\/kibrisdakik.com\/?p=8246#respond"]}]},{"@type":"WebPage","@id":"https:\/\/kibrisdakik.com\/?p=8246","url":"https:\/\/kibrisdakik.com\/?p=8246","name":"Y\u00fcksek Se\u00e7im Kurulu, kesinle\u015fen adaylar\u0131 a\u00e7\u0131klad\u0131 -","isPartOf":{"@id":"https:\/\/kibrisdakik.com\/#website"},"primaryImageOfPage":{"@id":"https:\/\/kibrisdakik.com\/?p=8246#primaryimage"},"image":{"@id":"https:\/\/kibrisdakik.com\/?p=8246#primaryimage"},"thumbnailUrl":"https:\/\/kibrisdakik.com\/wp-content\/uploads\/2023\/05\/YSk-66kk.jpg","datePublished":"2023-06-05T04:24:51+00:00","author":{"@id":"https:\/\/kibrisdakik.com\/#\/schema\/person\/9cd9d437bbb44f72b73ba127e06d8e79"},"breadcrumb":{"@id":"https:\/\/kibrisdakik.com\/?p=8246#breadcrumb"},"inLanguage":"tr","potentialAction":[{"@type":"ReadAction","target":["https:\/\/kibrisdakik.com\/?p=8246"]}]},{"@type":"ImageObject","inLanguage":"tr","@id":"https:\/\/kibrisdakik.com\/?p=8246#primaryimage","url":"https:\/\/kibrisdakik.com\/wp-content\/uploads\/2023\/05\/YSk-66kk.jpg","contentUrl":"https:\/\/kibrisdakik.com\/wp-content\/uploads\/2023\/05\/YSk-66kk.jpg","width":720,"height":404},{"@type":"BreadcrumbList","@id":"https:\/\/kibrisdakik.com\/?p=8246#breadcrumb","itemListElement":[{"@type":"ListItem","position":1,"name":"Home","item":"https:\/\/kibrisdakik.com\/"},{"@type":"ListItem","position":2,"name":"Y\u00fcksek Se\u00e7im Kurulu, kesinle\u015fen adaylar\u0131 a\u00e7\u0131klad\u0131"}]},{"@type":"WebSite","@id":"https:\/\/kibrisdakik.com\/#website","url":"https:\/\/kibrisdakik.com\/","name":"","description":"Tam vaktinde haber","potentialAction":[{"@type":"SearchAction","target":{"@type":"EntryPoint","urlTemplate":"https:\/\/kibrisdakik.com\/?s={search_term_string}"},"query-input":{"@type":"PropertyValueSpecification","valueRequired":true,"valueName":"search_term_string"}}],"inLanguage":"tr"},{"@type":"Person","@id":"https:\/\/kibrisdakik.com\/#\/schema\/person\/9cd9d437bbb44f72b73ba127e06d8e79","name":"admin","image":{"@type":"ImageObject","inLanguage":"tr","@id":"https:\/\/secure.gravatar.com\/avatar\/ccc17943b9d660506c869530f897617f7cb1c21a4bf30023f252596d83e1f007?s=96&d=mm&r=g","url":"https:\/\/secure.gravatar.com\/avatar\/ccc17943b9d660506c869530f897617f7cb1c21a4bf30023f252596d83e1f007?s=96&d=mm&r=g","contentUrl":"https:\/\/secure.gravatar.com\/avatar\/ccc17943b9d660506c869530f897617f7cb1c21a4bf30023f252596d83e1f007?s=96&d=mm&r=g","caption":"admin"},"sameAs":["https:\/\/kibrisdakik.com"],"url":"https:\/\/kibrisdakik.com\/?author=1"}]}},"_links":{"self":[{"href":"https:\/\/kibrisdakik.com\/index.php?rest_route=\/wp\/v2\/posts\/8246","targetHints":{"allow":["GET"]}}],"collection":[{"href":"https:\/\/kibrisdakik.com\/index.php?rest_route=\/wp\/v2\/posts"}],"about":[{"href":"https:\/\/kibrisdakik.com\/index.php?rest_route=\/wp\/v2\/types\/post"}],"author":[{"embeddable":true,"href":"https:\/\/kibrisdakik.com\/index.php?rest_route=\/wp\/v2\/users\/1"}],"replies":[{"embeddable":true,"href":"https:\/\/kibrisdakik.com\/index.php?rest_route=%2Fwp%2Fv2%2Fcomments&post=8246"}],"version-history":[{"count":0,"href":"https:\/\/kibrisdakik.com\/index.php?rest_route=\/wp\/v2\/posts\/8246\/revisions"}],"wp:featuredmedia":[{"embeddable":true,"href":"https:\/\/kibrisdakik.com\/index.php?rest_route=\/wp\/v2\/media\/7430"}],"wp:attachment":[{"href":"https:\/\/kibrisdakik.com\/index.php?rest_route=%2Fwp%2Fv2%2Fmedia&parent=8246"}],"wp:term":[{"taxonomy":"category","embeddable":true,"href":"https:\/\/kibrisdakik.com\/index.php?rest_route=%2Fwp%2Fv2%2Fcategories&post=8246"},{"taxonomy":"post_tag","embeddable":true,"href":"https:\/\/kibrisdakik.com\/index.php?rest_route=%2Fwp%2Fv2%2Ftags&post=8246"}],"curies":[{"name":"wp","href":"https:\/\/api.w.org\/{rel}","templated":true}]}}