{"id":82474,"date":"2025-05-16T18:12:00","date_gmt":"2025-05-16T15:12:00","guid":{"rendered":"https:\/\/kibrisdakik.com\/index.php\/2025\/05\/16\/erdogan-schengen-gibi-vize-uygulamalarinin-gozden-gecirilmesi-sart\/"},"modified":"2025-05-16T18:12:00","modified_gmt":"2025-05-16T15:12:00","slug":"erdogan-schengen-gibi-vize-uygulamalarinin-gozden-gecirilmesi-sart","status":"publish","type":"post","link":"https:\/\/kibrisdakik.com\/?p=82474","title":{"rendered":"Erdo\u011fan: Schengen gibi vize uygulamalar\u0131n\u0131n g\u00f6zden ge\u00e7irilmesi \u015fart"},"content":{"rendered":"<p><\/p>\n<div>\n<div class=\"mariselle-image-container center\">\n                <img loading=\"lazy\" decoding=\"async\" width=\"750\" height=\"468\" class=\"lazy-image\" alt=\"\" sizes=\"auto, (max-width: 750px) 100vw, 750px\" src=\"https:\/\/brtk.net\/wp-content\/uploads\/2025\/05\/16\/89898.jpg?ver=b1af0b235c946a71616896db918251e9\" srcset=\"https:\/\/brtk.net\/wp-content\/uploads\/2025\/05\/16\/89898.jpg?ver=b1af0b235c946a71616896db918251e9 750w, https:\/\/brtk.net\/wp-content\/uploads\/2025\/05\/16\/89898-300x187.jpg?ver=84f262eb32b0ebe64363bf1c7c2fd825 300w\"\/>                            <\/div>\n<p>T\u00fcrkiye Cumhurba\u015fkan\u0131 Recep Tayyip Erdo\u011fan, \u201cT\u00fcrkiye, 1,3 trilyon dolar ekonomik b\u00fcy\u00fckl\u00fc\u011f\u00fc, 85 milyonu a\u015fan gen\u00e7 ve dinamik n\u00fcfusu, rekabet\u00e7i sanayisi ve b\u00fcy\u00fck t\u00fcketim pazarlar\u0131na do\u011frudan eri\u015fimiyle kritik \u00f6nemdedir. Avrupa Birli\u011fi ile G\u00fcmr\u00fck Birli\u011fimizin g\u00fcncellenmesinin, tedarik zincirlerinin g\u00fcvenli\u011fine katk\u0131 sunaca\u011f\u0131 kanaatindeyiz.\u201d dedi<\/p>\n<p>Erdo\u011fan, \u201cAyr\u0131ca, bu ad\u0131m\u0131n otomotiv, ila\u00e7, savunma sanayii gibi kritik sekt\u00f6rlerde ortak \u00fcretim ve yat\u0131r\u0131m imkanlar\u0131n\u0131n \u00f6n\u00fcn\u00fc a\u00e7aca\u011f\u0131na inan\u0131yoruz. \u0130nsanlar\u0131m\u0131z\u0131n ve dolay\u0131s\u0131yla mal, hizmet ve sermayenin hareketlili\u011fini k\u0131s\u0131tlayan Schengen gibi vize uygulamalar\u0131n\u0131n da g\u00f6zden ge\u00e7irilmesi \u015fart.\u201d ifadelerini kulland\u0131.<\/p>\n<p>Erdo\u011fan, Arnavutluk\u2019un ba\u015fkenti Tiran\u2019da d\u00fczenlenen Avrupa Siyasi Toplulu\u011fu 6. Zirvesi Genel Oturumu\u2019nda konu\u015ftu.<\/p>\n<p>Zirveye kat\u0131lmaktan duydu\u011fu memnuniyeti dile getiren Erdo\u011fan, Arnavutluk Ba\u015fbakan\u0131 Edi Rama ba\u015fta olmak \u00fczere zirvenin d\u00fczenlenmesinde eme\u011fi ge\u00e7enlere te\u015fekk\u00fcr etti.<\/p>\n<p>\u201cK\u0131tam\u0131z\u0131 yeniden tan\u0131mlayacak yeni bir vizyonu konu\u015fmak i\u00e7in bir araya geldik. Birlik i\u00e7inde i\u015fbirli\u011fi temelinde ve ortak eylem ruhuyla hareket etmemiz, her zamankinden daha fazla \u00f6nem ta\u015f\u0131yor.\u201d diyen Erdo\u011fan, \u015f\u00f6yle konu\u015ftu:<\/p>\n<p>\u201cUluslararas\u0131 alandaki g\u00fcven bunal\u0131m\u0131n\u0131n a\u015f\u0131lmas\u0131 i\u00e7in adil ve kapsay\u0131c\u0131 bir k\u00fcresel y\u00f6neti\u015fim mimarisinin tesis edilmesine ihtiya\u00e7 var. G\u00fcvenli\u011fin b\u00f6l\u00fcnmezli\u011fi ve refah\u0131n daha hakkaniyetli payla\u015f\u0131lmas\u0131 ilkeleri \u00fczerinde bina edilecek bu d\u00f6n\u00fc\u015f\u00fcm\u00fc bizler Avrupa k\u0131tas\u0131 olarak \u00f6ncelikle kendi evimizde ba\u015flatmal\u0131y\u0131z. Savunma sanayii, enerji, ula\u015ft\u0131rma koridorlar\u0131 ve ba\u011flant\u0131sall\u0131k, arz ve tedarik zincirleri, dijital piyasalar ve kritik mineraller gibi muazzam i\u015fbirli\u011fi potansiyeline sahip oldu\u011fumuz bir\u00e7ok alan bulunuyor.<\/p>\n<p>Avrupa g\u00fcvenli\u011finin gelece\u011fini isti\u015fare etti\u011fimiz bu kritik d\u00f6nemde Avrupa Birli\u011finin kendi savunma sanayisini geli\u015ftirmesine y\u00f6nelik gayretler faydal\u0131d\u0131r. Bu \u00e7abalar\u0131n NATO\u2019nun merkezi rol\u00fcn\u00fc a\u015f\u0131nd\u0131rmayacak \u015fekilde birlik \u00fcyesi olmayan m\u00fcttefikleri de kapsamas\u0131 gerekti\u011fini d\u00fc\u015f\u00fcn\u00fcyoruz. ReArm ve SAFE gibi giri\u015fimlerin bu anlay\u0131\u015fla y\u00fcr\u00fct\u00fclmesinin Avrupa g\u00fcvenli\u011finin hayr\u0131na olaca\u011f\u0131na inan\u0131yoruz. Ge\u00e7mi\u015fte Avrupa\u2019da ya\u015fanan bir\u00e7ok sava\u015f ve ihtilaf bize g\u00f6stermi\u015ftir ki, savunma ve g\u00fcvenlik gibi son derece hayati olan konularda b\u00f6l\u00fcnd\u00fck\u00e7e zay\u0131fl\u0131yoruz, birle\u015ftik\u00e7e g\u00fc\u00e7leniyoruz.\u201d<\/p>\n<p>\u2013 \u201cSchengen gibi vize uygulamalar\u0131n\u0131n da g\u00f6zden ge\u00e7irilmesi \u015fart\u201d<\/p>\n<p>Avrupa\u2019n\u0131n ortak gelece\u011fini d\u00fc\u015f\u00fcn\u00fcrken hi\u00e7 \u015f\u00fcphesiz ekonomik g\u00fcvenliklerini teminat alt\u0131na alacak ad\u0131mlar\u0131 da isti\u015fare etmeleri gerekti\u011fini dile getiren Erdo\u011fan, \u015fu hususlara dikkati \u00e7ekti:<\/p>\n<p>\u201cT\u00fcrkiye, 1,3 trilyon dolar ekonomik b\u00fcy\u00fckl\u00fc\u011f\u00fc, 85 milyonu a\u015fan gen\u00e7 ve dinamik n\u00fcfusu, rekabet\u00e7i sanayisi ve b\u00fcy\u00fck t\u00fcketim pazarlar\u0131na do\u011frudan eri\u015fimiyle kritik \u00f6nemdedir. Avrupa Birli\u011fi ile G\u00fcmr\u00fck Birli\u011fimizin g\u00fcncellenmesinin, tedarik zincirlerinin g\u00fcvenli\u011fine katk\u0131 sunaca\u011f\u0131 kanaatindeyiz. Ayr\u0131ca, bu ad\u0131m\u0131n otomotiv, ila\u00e7, savunma sanayii gibi kritik sekt\u00f6rlerde ortak \u00fcretim ve yat\u0131r\u0131m imkanlar\u0131n\u0131n \u00f6n\u00fcn\u00fc a\u00e7aca\u011f\u0131na inan\u0131yoruz. \u0130nsanlar\u0131m\u0131z\u0131n ve dolay\u0131s\u0131yla mal, hizmet ve sermayenin hareketlili\u011fini k\u0131s\u0131tlayan Schengen gibi vize uygulamalar\u0131n\u0131n da g\u00f6zden ge\u00e7irilmesi \u015fart.\u201d<\/p>\n<p>Erdo\u011fan, son y\u0131llardaki yat\u0131r\u0131mlar ve do\u011fal gaz alan\u0131ndaki anla\u015fmalarla T\u00fcrkiye\u2019yi b\u00f6lge co\u011frafyas\u0131 i\u00e7in \u00f6nemli bir enerji merkezi haline getirme hedeflerine ad\u0131m ad\u0131m yakla\u015ft\u0131klar\u0131n\u0131 belirterek, \u201cB\u00f6lgenin en geli\u015fmi\u015f enerji altyap\u0131s\u0131na sahip \u00fclkesi olarak enerji d\u00f6n\u00fc\u015f\u00fcm s\u00fcrecinde T\u00fcrkiye, Avrupa\u2019da \u00f6nemli bir akt\u00f6rd\u00fcr. Yenilenebilir enerji alan\u0131ndaki ad\u0131mlar\u0131m\u0131z sadece \u00fclkemiz i\u00e7in de\u011fil, t\u00fcm b\u00f6lge i\u00e7in f\u0131rsatlar sunuyor. \u00c7ok tarafl\u0131 ula\u015ft\u0131rma g\u00fczergahlar\u0131n\u0131n merkezinde konumlanan T\u00fcrkiye, Avrupa\u2019n\u0131n kesintisiz tedarik zincirlerinin muhafazas\u0131na ciddi katk\u0131 sa\u011fl\u0131yor.\u201d dedi.<\/p>\n<p>\u2013 \u201c2022\u2019den bu yana ilk kez \u00f6nemli f\u0131rsat penceresi araland\u0131\u201d<\/p>\n<p>Ukrayna\u2019da silahlar\u0131n susmas\u0131 ve bar\u0131\u015f zeminin olu\u015fturulmas\u0131 i\u00e7in kritik d\u00f6neme\u00e7te olundu\u011funu vurgulayan Erdo\u011fan, \u015funlar\u0131 kaydetti:<\/p>\n<p>\u201cGe\u00e7mi\u015fte oldu\u011fu gibi bug\u00fcn de kapsaml\u0131 bir ate\u015fkes \u00f6ncelikli olmak \u00fczere \u00e7\u00f6z\u00fcme d\u00f6n\u00fck \u00e7abalar\u0131n her birine katk\u0131 sa\u011fl\u0131yoruz. S\u00fcrecin hassasiyetine binaen bir dayatmada bulunmaks\u0131z\u0131n taraflar\u0131n te\u015fvik edilmesi, adil ve kal\u0131c\u0131 bar\u0131\u015fa ula\u015f\u0131lmas\u0131 bak\u0131m\u0131ndan \u00e7ok \u00f6nemlidir. Say\u0131n (Donald) Trump, (Vladimir) Putin ve (Volodimir) Zelenskiy ile ayr\u0131 ayr\u0131 g\u00f6r\u00fc\u015fmelerimiz oldu. Say\u0131n (Emmanuel) Macron ve (Giorgia) Meloni beni arad\u0131lar. Zelenskiy d\u00fcn Ankara\u2019dayd\u0131. Kendisiyle g\u00f6r\u00fc\u015fmemiz sonras\u0131nda teknik g\u00f6r\u00fc\u015fmelere ba\u015flama karar\u0131 ald\u0131k. Mart 2022\u2019den bu yana ilk kez akan kan\u0131 durdurma noktas\u0131nda \u00f6nemli f\u0131rsat penceresi araland\u0131. Nitekim \u015fu anda \u0130stanbul\u2019da D\u0131\u015fi\u015fleri Bakan\u0131m\u0131n riyasetinde g\u00f6r\u00fc\u015fmeler Rusya, Ukrayna, T\u00fcrkiye aras\u0131nda devam ediyor. Bunun heba edilmemesi gerekti\u011fine inan\u0131yorum. Gelinen a\u015famada bar\u0131\u015f\u0131n s\u00fcratle tesisi i\u00e7in Ukrayna ve Rusya aras\u0131nda diyalog kanallar\u0131n\u0131n a\u00e7\u0131k tutulmas\u0131 i\u00e7in buradaki t\u00fcm ortaklar\u0131m\u0131z\u0131n deste\u011fine g\u00fcveniyoruz. Her zaman ifade etti\u011fim gibi adil bir bar\u0131\u015f\u0131n kaybedeni olmayacakt\u0131r. T\u00fcrkiye, bu s\u00fcre\u00e7te \u00fczerine d\u00fc\u015fenleri yapmaya devam edecektir.\u201d<\/p>\n<p>\u2013 \u201cAte\u015fkes i\u00e7in Avrupa\u2019n\u0131n gereken ilgiyi g\u00f6stermesini bekliyoruz\u201d<\/p>\n<p>Cumhurba\u015fkan\u0131 Erdo\u011fan, Gazze\u2019de 20 ayd\u0131r e\u015fi g\u00f6r\u00fclmemi\u015f bir insani felaketin ya\u015fand\u0131\u011f\u0131na, her g\u00fcn \u00e7o\u011fu \u00e7ocuk ve kad\u0131n onlarca masumun katledildi\u011fine dikkati \u00e7ekerek, \u015f\u00f6yle devam etti:<\/p>\n<p>\u201cBuna \u2018dur\u2019 demek, \u2018art\u0131k yeter\u2019 demek mecburiyetindeyiz. Netanyahu\u2019nun uzla\u015fmaz, sald\u0131rgan ve kibirli tutumu, Gazze ile birlikte t\u00fcm b\u00f6lgemizi burada ya\u015fayan farkl\u0131 inan\u00e7lardan insanlar\u0131 da tehlikeye at\u0131yor. Gazze\u2019de ate\u015fkesin tesisi i\u00e7in de Avrupa\u2019n\u0131n gereken i\u015ftiyak ve ilgiyi g\u00f6stermesini bekliyoruz. Gazze\u2019de 2 milyondan fazla insan\u0131n a\u00e7l\u0131\u011fa mahkum edilmesi kar\u015f\u0131s\u0131nda uluslararas\u0131 camian\u0131n eylemsiz kalmas\u0131 ne vicdani k\u0131staslarla ne insanl\u0131k onuruyla ba\u011fda\u015fmaktad\u0131r. Kal\u0131c\u0131 ate\u015fkesin yan\u0131 s\u0131ra insani yard\u0131m sevkiyat\u0131n\u0131n teminat alt\u0131na al\u0131nmas\u0131 ve Gazze\u2019nin yeniden ya\u015fanabilir hale getirilmesi i\u00e7in de t\u00fcm imkanlar\u0131m\u0131z\u0131 seferber etmeliyiz. Esas hedefimiz ise s\u00fcrd\u00fcr\u00fclebilir tek \u00e7\u00f6z\u00fcm\u00fc te\u015fkil edecek olan iki devletli \u00e7\u00f6z\u00fcm\u00fc hayata ge\u00e7irmek olmal\u0131d\u0131r.\u201d<\/p>\n<p>\u2013 \u201c\u0130\u015fbirli\u011fini sa\u011flad\u0131\u011f\u0131m\u0131zda \u00fcstesinden gelemeyece\u011fimiz tehdit kalmayacak\u201d<\/p>\n<p>Suriye\u2019de yakla\u015f\u0131k 14 y\u0131ld\u0131r s\u00fcren \u00e7at\u0131\u015fmalar\u0131n sona ermesiyle yeni ve umut dolu bir sayfan\u0131n a\u00e7\u0131ld\u0131\u011f\u0131n\u0131 ifade eden Erdo\u011fan, \u015funlar\u0131 s\u00f6yledi:<\/p>\n<p>\u201cABD Ba\u015fkan\u0131 Say\u0131n Trump\u2019\u0131n Suriye\u2019ye y\u00f6nelik yapt\u0131r\u0131mlar\u0131 kald\u0131raca\u011f\u0131n\u0131 duyurmas\u0131, Suriye\u2019nin bir an \u00f6nce refaha kavu\u015fmas\u0131 i\u00e7in at\u0131lm\u0131\u015f \u00e7ok k\u0131ymetli bir ad\u0131md\u0131r. Bu karar\u0131yla Say\u0131n Trump, b\u00f6lgesel istikrara ve kalk\u0131nmaya verdi\u011fi \u00f6nemi bir kez daha g\u00f6stermi\u015ftir. S\u00f6z konusu karar\u0131n di\u011fer \u00fclkelere de \u00f6rnek olmas\u0131n\u0131 diliyoruz. Avrupa Birli\u011fi taraf\u0131ndan sab\u0131k rejime y\u00f6nelik getirilen yapt\u0131r\u0131mlar\u0131n ayn\u0131 \u015fekilde ivedilikle kald\u0131r\u0131lmas\u0131n\u0131, yeniden imar faaliyetleri i\u00e7in mali destek sa\u011flanmas\u0131n\u0131 bekliyoruz. Elbette bu destek \u00fclke d\u0131\u015f\u0131ndaki Suriyelilerin g\u00f6n\u00fcll\u00fc, onurlu ve g\u00fcvenli geri d\u00f6n\u00fc\u015flerini de h\u0131zland\u0131r\u0131c\u0131 bir etki yapacakt\u0131r.<\/p>\n<p>Belirsizliklerin artt\u0131\u011f\u0131 mevcut ortam, bizleri ortak \u00e7\u00f6z\u00fcmler etraf\u0131nda kenetlenmeye mecbur k\u0131l\u0131yor. Dayan\u0131\u015fmay\u0131, kaynaklar\u0131m\u0131z\u0131 iyi kullanmay\u0131 ve samimi i\u015fbirli\u011fini sa\u011flad\u0131\u011f\u0131m\u0131zda k\u0131ta olarak \u00fcstesinden gelemeyece\u011fimiz tehdit ve s\u0131nama kalmayaca\u011f\u0131na can\u0131g\u00f6n\u00fclden inan\u0131yorum. Bu d\u00fc\u015f\u00fcncelerle toplant\u0131m\u0131z\u0131n g\u00fcvenli, m\u00fcreffeh ve istikrarl\u0131 bir Avrupa i\u00e7in hay\u0131rlar getirmesini temenni ediyorum.\u201d<\/p>\n<\/p><\/div>\n<p><script async\n                    defer\n                    crossorigin=\"anonymous\"\n                    src=\"https:\/\/connect.facebook.net\/tr_TR\/sdk.js#xfbml=1&#038;version=v3.3\"\n            ><\/script><\/p>\n","protected":false},"excerpt":{"rendered":"<p>T\u00fcrkiye Cumhurba\u015fkan\u0131 Recep Tayyip Erdo\u011fan, \u201cT\u00fcrkiye, 1,3 trilyon dolar ekonomik b\u00fcy\u00fckl\u00fc\u011f\u00fc, 85 milyonu a\u015fan gen\u00e7 ve dinamik n\u00fcfusu, rekabet\u00e7i sanayisi ve b\u00fcy\u00fck t\u00fcketim pazarlar\u0131na do\u011frudan eri\u015fimiyle kritik \u00f6nemdedir. Avrupa Birli\u011fi ile G\u00fcmr\u00fck Birli\u011fimizin g\u00fcncellenmesinin, tedarik zincirlerinin g\u00fcvenli\u011fine katk\u0131 sunaca\u011f\u0131 kanaatindeyiz.\u201d dedi Erdo\u011fan, \u201cAyr\u0131ca, bu ad\u0131m\u0131n otomotiv, ila\u00e7, savunma sanayii gibi kritik sekt\u00f6rlerde ortak \u00fcretim ve<\/p>\n","protected":false},"author":1,"featured_media":82475,"comment_status":"open","ping_status":"open","sticky":false,"template":"","format":"standard","meta":{"footnotes":""},"categories":[86],"tags":[],"class_list":["post-82474","post","type-post","status-publish","format-standard","has-post-thumbnail","hentry","category-turkiye"],"yoast_head":"<!-- This site is optimized with the Yoast SEO plugin v27.5 - https:\/\/yoast.com\/product\/yoast-seo-wordpress\/ -->\n<title>Erdo\u011fan: Schengen gibi vize uygulamalar\u0131n\u0131n g\u00f6zden ge\u00e7irilmesi \u015fart -<\/title>\n<meta name=\"robots\" content=\"index, follow, max-snippet:-1, max-image-preview:large, max-video-preview:-1\" \/>\n<link rel=\"canonical\" href=\"https:\/\/kibrisdakik.com\/?p=82474\" \/>\n<meta property=\"og:locale\" content=\"tr_TR\" \/>\n<meta property=\"og:type\" content=\"article\" \/>\n<meta property=\"og:title\" content=\"Erdo\u011fan: Schengen gibi vize uygulamalar\u0131n\u0131n g\u00f6zden ge\u00e7irilmesi \u015fart -\" \/>\n<meta property=\"og:description\" content=\"T\u00fcrkiye Cumhurba\u015fkan\u0131 Recep Tayyip Erdo\u011fan, \u201cT\u00fcrkiye, 1,3 trilyon dolar ekonomik b\u00fcy\u00fckl\u00fc\u011f\u00fc, 85 milyonu a\u015fan gen\u00e7 ve dinamik n\u00fcfusu, rekabet\u00e7i sanayisi ve b\u00fcy\u00fck t\u00fcketim pazarlar\u0131na do\u011frudan eri\u015fimiyle kritik \u00f6nemdedir. Avrupa Birli\u011fi ile G\u00fcmr\u00fck Birli\u011fimizin g\u00fcncellenmesinin, tedarik zincirlerinin g\u00fcvenli\u011fine katk\u0131 sunaca\u011f\u0131 kanaatindeyiz.\u201d dedi Erdo\u011fan, \u201cAyr\u0131ca, bu ad\u0131m\u0131n otomotiv, ila\u00e7, savunma sanayii gibi kritik sekt\u00f6rlerde ortak \u00fcretim ve\" \/>\n<meta property=\"og:url\" content=\"https:\/\/kibrisdakik.com\/?p=82474\" \/>\n<meta property=\"article:published_time\" content=\"2025-05-16T15:12:00+00:00\" \/>\n<meta property=\"og:image\" content=\"https:\/\/kibrisdakik.com\/wp-content\/uploads\/2025\/05\/89898-740x420.jpg\" \/>\n\t<meta property=\"og:image:width\" content=\"750\" \/>\n\t<meta property=\"og:image:height\" content=\"468\" \/>\n\t<meta property=\"og:image:type\" content=\"image\/jpeg\" \/>\n<meta name=\"author\" content=\"admin\" \/>\n<meta name=\"twitter:card\" content=\"summary_large_image\" \/>\n<meta name=\"twitter:label1\" content=\"Yazan:\" \/>\n\t<meta name=\"twitter:data1\" content=\"admin\" \/>\n\t<meta name=\"twitter:label2\" content=\"Tahmini okuma s\u00fcresi\" \/>\n\t<meta name=\"twitter:data2\" content=\"7 dakika\" \/>\n<script type=\"application\/ld+json\" class=\"yoast-schema-graph\">{\"@context\":\"https:\\\/\\\/schema.org\",\"@graph\":[{\"@type\":\"Article\",\"@id\":\"https:\\\/\\\/kibrisdakik.com\\\/?p=82474#article\",\"isPartOf\":{\"@id\":\"https:\\\/\\\/kibrisdakik.com\\\/?p=82474\"},\"author\":{\"name\":\"admin\",\"@id\":\"https:\\\/\\\/kibrisdakik.com\\\/#\\\/schema\\\/person\\\/9cd9d437bbb44f72b73ba127e06d8e79\"},\"headline\":\"Erdo\u011fan: Schengen gibi vize uygulamalar\u0131n\u0131n g\u00f6zden ge\u00e7irilmesi \u015fart\",\"datePublished\":\"2025-05-16T15:12:00+00:00\",\"mainEntityOfPage\":{\"@id\":\"https:\\\/\\\/kibrisdakik.com\\\/?p=82474\"},\"wordCount\":1393,\"commentCount\":0,\"image\":{\"@id\":\"https:\\\/\\\/kibrisdakik.com\\\/?p=82474#primaryimage\"},\"thumbnailUrl\":\"https:\\\/\\\/kibrisdakik.com\\\/wp-content\\\/uploads\\\/2025\\\/05\\\/89898-740x420.jpg\",\"articleSection\":[\"T\u00fcrkiye\"],\"inLanguage\":\"tr\",\"potentialAction\":[{\"@type\":\"CommentAction\",\"name\":\"Comment\",\"target\":[\"https:\\\/\\\/kibrisdakik.com\\\/?p=82474#respond\"]}]},{\"@type\":\"WebPage\",\"@id\":\"https:\\\/\\\/kibrisdakik.com\\\/?p=82474\",\"url\":\"https:\\\/\\\/kibrisdakik.com\\\/?p=82474\",\"name\":\"Erdo\u011fan: Schengen gibi vize uygulamalar\u0131n\u0131n g\u00f6zden ge\u00e7irilmesi \u015fart -\",\"isPartOf\":{\"@id\":\"https:\\\/\\\/kibrisdakik.com\\\/#website\"},\"primaryImageOfPage\":{\"@id\":\"https:\\\/\\\/kibrisdakik.com\\\/?p=82474#primaryimage\"},\"image\":{\"@id\":\"https:\\\/\\\/kibrisdakik.com\\\/?p=82474#primaryimage\"},\"thumbnailUrl\":\"https:\\\/\\\/kibrisdakik.com\\\/wp-content\\\/uploads\\\/2025\\\/05\\\/89898-740x420.jpg\",\"datePublished\":\"2025-05-16T15:12:00+00:00\",\"author\":{\"@id\":\"https:\\\/\\\/kibrisdakik.com\\\/#\\\/schema\\\/person\\\/9cd9d437bbb44f72b73ba127e06d8e79\"},\"breadcrumb\":{\"@id\":\"https:\\\/\\\/kibrisdakik.com\\\/?p=82474#breadcrumb\"},\"inLanguage\":\"tr\",\"potentialAction\":[{\"@type\":\"ReadAction\",\"target\":[\"https:\\\/\\\/kibrisdakik.com\\\/?p=82474\"]}]},{\"@type\":\"ImageObject\",\"inLanguage\":\"tr\",\"@id\":\"https:\\\/\\\/kibrisdakik.com\\\/?p=82474#primaryimage\",\"url\":\"https:\\\/\\\/kibrisdakik.com\\\/wp-content\\\/uploads\\\/2025\\\/05\\\/89898-740x420.jpg\",\"contentUrl\":\"https:\\\/\\\/kibrisdakik.com\\\/wp-content\\\/uploads\\\/2025\\\/05\\\/89898-740x420.jpg\",\"width\":750,\"height\":468},{\"@type\":\"BreadcrumbList\",\"@id\":\"https:\\\/\\\/kibrisdakik.com\\\/?p=82474#breadcrumb\",\"itemListElement\":[{\"@type\":\"ListItem\",\"position\":1,\"name\":\"Home\",\"item\":\"https:\\\/\\\/kibrisdakik.com\\\/\"},{\"@type\":\"ListItem\",\"position\":2,\"name\":\"Erdo\u011fan: Schengen gibi vize uygulamalar\u0131n\u0131n g\u00f6zden ge\u00e7irilmesi \u015fart\"}]},{\"@type\":\"WebSite\",\"@id\":\"https:\\\/\\\/kibrisdakik.com\\\/#website\",\"url\":\"https:\\\/\\\/kibrisdakik.com\\\/\",\"name\":\"\",\"description\":\"Tam vaktinde haber\",\"potentialAction\":[{\"@type\":\"SearchAction\",\"target\":{\"@type\":\"EntryPoint\",\"urlTemplate\":\"https:\\\/\\\/kibrisdakik.com\\\/?s={search_term_string}\"},\"query-input\":{\"@type\":\"PropertyValueSpecification\",\"valueRequired\":true,\"valueName\":\"search_term_string\"}}],\"inLanguage\":\"tr\"},{\"@type\":\"Person\",\"@id\":\"https:\\\/\\\/kibrisdakik.com\\\/#\\\/schema\\\/person\\\/9cd9d437bbb44f72b73ba127e06d8e79\",\"name\":\"admin\",\"image\":{\"@type\":\"ImageObject\",\"inLanguage\":\"tr\",\"@id\":\"https:\\\/\\\/secure.gravatar.com\\\/avatar\\\/ccc17943b9d660506c869530f897617f7cb1c21a4bf30023f252596d83e1f007?s=96&d=mm&r=g\",\"url\":\"https:\\\/\\\/secure.gravatar.com\\\/avatar\\\/ccc17943b9d660506c869530f897617f7cb1c21a4bf30023f252596d83e1f007?s=96&d=mm&r=g\",\"contentUrl\":\"https:\\\/\\\/secure.gravatar.com\\\/avatar\\\/ccc17943b9d660506c869530f897617f7cb1c21a4bf30023f252596d83e1f007?s=96&d=mm&r=g\",\"caption\":\"admin\"},\"sameAs\":[\"https:\\\/\\\/kibrisdakik.com\"],\"url\":\"https:\\\/\\\/kibrisdakik.com\\\/?author=1\"}]}<\/script>\n<!-- \/ Yoast SEO plugin. -->","yoast_head_json":{"title":"Erdo\u011fan: Schengen gibi vize uygulamalar\u0131n\u0131n g\u00f6zden ge\u00e7irilmesi \u015fart -","robots":{"index":"index","follow":"follow","max-snippet":"max-snippet:-1","max-image-preview":"max-image-preview:large","max-video-preview":"max-video-preview:-1"},"canonical":"https:\/\/kibrisdakik.com\/?p=82474","og_locale":"tr_TR","og_type":"article","og_title":"Erdo\u011fan: Schengen gibi vize uygulamalar\u0131n\u0131n g\u00f6zden ge\u00e7irilmesi \u015fart -","og_description":"T\u00fcrkiye Cumhurba\u015fkan\u0131 Recep Tayyip Erdo\u011fan, \u201cT\u00fcrkiye, 1,3 trilyon dolar ekonomik b\u00fcy\u00fckl\u00fc\u011f\u00fc, 85 milyonu a\u015fan gen\u00e7 ve dinamik n\u00fcfusu, rekabet\u00e7i sanayisi ve b\u00fcy\u00fck t\u00fcketim pazarlar\u0131na do\u011frudan eri\u015fimiyle kritik \u00f6nemdedir. Avrupa Birli\u011fi ile G\u00fcmr\u00fck Birli\u011fimizin g\u00fcncellenmesinin, tedarik zincirlerinin g\u00fcvenli\u011fine katk\u0131 sunaca\u011f\u0131 kanaatindeyiz.\u201d dedi Erdo\u011fan, \u201cAyr\u0131ca, bu ad\u0131m\u0131n otomotiv, ila\u00e7, savunma sanayii gibi kritik sekt\u00f6rlerde ortak \u00fcretim ve","og_url":"https:\/\/kibrisdakik.com\/?p=82474","article_published_time":"2025-05-16T15:12:00+00:00","og_image":[{"width":750,"height":468,"url":"https:\/\/kibrisdakik.com\/wp-content\/uploads\/2025\/05\/89898-740x420.jpg","type":"image\/jpeg"}],"author":"admin","twitter_card":"summary_large_image","twitter_misc":{"Yazan:":"admin","Tahmini okuma s\u00fcresi":"7 dakika"},"schema":{"@context":"https:\/\/schema.org","@graph":[{"@type":"Article","@id":"https:\/\/kibrisdakik.com\/?p=82474#article","isPartOf":{"@id":"https:\/\/kibrisdakik.com\/?p=82474"},"author":{"name":"admin","@id":"https:\/\/kibrisdakik.com\/#\/schema\/person\/9cd9d437bbb44f72b73ba127e06d8e79"},"headline":"Erdo\u011fan: Schengen gibi vize uygulamalar\u0131n\u0131n g\u00f6zden ge\u00e7irilmesi \u015fart","datePublished":"2025-05-16T15:12:00+00:00","mainEntityOfPage":{"@id":"https:\/\/kibrisdakik.com\/?p=82474"},"wordCount":1393,"commentCount":0,"image":{"@id":"https:\/\/kibrisdakik.com\/?p=82474#primaryimage"},"thumbnailUrl":"https:\/\/kibrisdakik.com\/wp-content\/uploads\/2025\/05\/89898-740x420.jpg","articleSection":["T\u00fcrkiye"],"inLanguage":"tr","potentialAction":[{"@type":"CommentAction","name":"Comment","target":["https:\/\/kibrisdakik.com\/?p=82474#respond"]}]},{"@type":"WebPage","@id":"https:\/\/kibrisdakik.com\/?p=82474","url":"https:\/\/kibrisdakik.com\/?p=82474","name":"Erdo\u011fan: Schengen gibi vize uygulamalar\u0131n\u0131n g\u00f6zden ge\u00e7irilmesi \u015fart -","isPartOf":{"@id":"https:\/\/kibrisdakik.com\/#website"},"primaryImageOfPage":{"@id":"https:\/\/kibrisdakik.com\/?p=82474#primaryimage"},"image":{"@id":"https:\/\/kibrisdakik.com\/?p=82474#primaryimage"},"thumbnailUrl":"https:\/\/kibrisdakik.com\/wp-content\/uploads\/2025\/05\/89898-740x420.jpg","datePublished":"2025-05-16T15:12:00+00:00","author":{"@id":"https:\/\/kibrisdakik.com\/#\/schema\/person\/9cd9d437bbb44f72b73ba127e06d8e79"},"breadcrumb":{"@id":"https:\/\/kibrisdakik.com\/?p=82474#breadcrumb"},"inLanguage":"tr","potentialAction":[{"@type":"ReadAction","target":["https:\/\/kibrisdakik.com\/?p=82474"]}]},{"@type":"ImageObject","inLanguage":"tr","@id":"https:\/\/kibrisdakik.com\/?p=82474#primaryimage","url":"https:\/\/kibrisdakik.com\/wp-content\/uploads\/2025\/05\/89898-740x420.jpg","contentUrl":"https:\/\/kibrisdakik.com\/wp-content\/uploads\/2025\/05\/89898-740x420.jpg","width":750,"height":468},{"@type":"BreadcrumbList","@id":"https:\/\/kibrisdakik.com\/?p=82474#breadcrumb","itemListElement":[{"@type":"ListItem","position":1,"name":"Home","item":"https:\/\/kibrisdakik.com\/"},{"@type":"ListItem","position":2,"name":"Erdo\u011fan: Schengen gibi vize uygulamalar\u0131n\u0131n g\u00f6zden ge\u00e7irilmesi \u015fart"}]},{"@type":"WebSite","@id":"https:\/\/kibrisdakik.com\/#website","url":"https:\/\/kibrisdakik.com\/","name":"","description":"Tam vaktinde haber","potentialAction":[{"@type":"SearchAction","target":{"@type":"EntryPoint","urlTemplate":"https:\/\/kibrisdakik.com\/?s={search_term_string}"},"query-input":{"@type":"PropertyValueSpecification","valueRequired":true,"valueName":"search_term_string"}}],"inLanguage":"tr"},{"@type":"Person","@id":"https:\/\/kibrisdakik.com\/#\/schema\/person\/9cd9d437bbb44f72b73ba127e06d8e79","name":"admin","image":{"@type":"ImageObject","inLanguage":"tr","@id":"https:\/\/secure.gravatar.com\/avatar\/ccc17943b9d660506c869530f897617f7cb1c21a4bf30023f252596d83e1f007?s=96&d=mm&r=g","url":"https:\/\/secure.gravatar.com\/avatar\/ccc17943b9d660506c869530f897617f7cb1c21a4bf30023f252596d83e1f007?s=96&d=mm&r=g","contentUrl":"https:\/\/secure.gravatar.com\/avatar\/ccc17943b9d660506c869530f897617f7cb1c21a4bf30023f252596d83e1f007?s=96&d=mm&r=g","caption":"admin"},"sameAs":["https:\/\/kibrisdakik.com"],"url":"https:\/\/kibrisdakik.com\/?author=1"}]}},"_links":{"self":[{"href":"https:\/\/kibrisdakik.com\/index.php?rest_route=\/wp\/v2\/posts\/82474","targetHints":{"allow":["GET"]}}],"collection":[{"href":"https:\/\/kibrisdakik.com\/index.php?rest_route=\/wp\/v2\/posts"}],"about":[{"href":"https:\/\/kibrisdakik.com\/index.php?rest_route=\/wp\/v2\/types\/post"}],"author":[{"embeddable":true,"href":"https:\/\/kibrisdakik.com\/index.php?rest_route=\/wp\/v2\/users\/1"}],"replies":[{"embeddable":true,"href":"https:\/\/kibrisdakik.com\/index.php?rest_route=%2Fwp%2Fv2%2Fcomments&post=82474"}],"version-history":[{"count":0,"href":"https:\/\/kibrisdakik.com\/index.php?rest_route=\/wp\/v2\/posts\/82474\/revisions"}],"wp:featuredmedia":[{"embeddable":true,"href":"https:\/\/kibrisdakik.com\/index.php?rest_route=\/wp\/v2\/media\/82475"}],"wp:attachment":[{"href":"https:\/\/kibrisdakik.com\/index.php?rest_route=%2Fwp%2Fv2%2Fmedia&parent=82474"}],"wp:term":[{"taxonomy":"category","embeddable":true,"href":"https:\/\/kibrisdakik.com\/index.php?rest_route=%2Fwp%2Fv2%2Fcategories&post=82474"},{"taxonomy":"post_tag","embeddable":true,"href":"https:\/\/kibrisdakik.com\/index.php?rest_route=%2Fwp%2Fv2%2Ftags&post=82474"}],"curies":[{"name":"wp","href":"https:\/\/api.w.org\/{rel}","templated":true}]}}