{"id":82513,"date":"2025-05-17T15:12:00","date_gmt":"2025-05-17T12:12:00","guid":{"rendered":"https:\/\/kibrisdakik.com\/index.php\/2025\/05\/17\/erdogan-bolgemizde-ve-dunyada-istikrarin-tesisi-icin-turkiye-abd-ortakligi-hayati-oneme-sahip\/"},"modified":"2025-05-17T15:12:00","modified_gmt":"2025-05-17T12:12:00","slug":"erdogan-bolgemizde-ve-dunyada-istikrarin-tesisi-icin-turkiye-abd-ortakligi-hayati-oneme-sahip","status":"publish","type":"post","link":"https:\/\/kibrisdakik.com\/?p=82513","title":{"rendered":"Erdo\u011fan: B\u00f6lgemizde ve d\u00fcnyada istikrar\u0131n tesisi i\u00e7in T\u00fcrkiye-ABD ortakl\u0131\u011f\u0131 hayati \u00f6neme sahip"},"content":{"rendered":"<p><\/p>\n<div>\n<div class=\"mariselle-image-container none\">\n                <img loading=\"lazy\" decoding=\"async\" width=\"2560\" height=\"1673\" class=\"lazy-image\" alt=\"\" sizes=\"auto, (max-width: 2560px) 100vw, 2560px\" src=\"https:\/\/brtk.net\/wp-content\/uploads\/2025\/05\/17\/CUMHURBASKANI_ERDOGAN_ARNAVUTLUK_ZIYARETININ_ARDINDAN_UCAKTA_GAZETECILERIN_SORULARINI_YANITLADI-scaled.jpg?ver=3fc67e98b07edcb2a12ee891b12d849f\" srcset=\"https:\/\/brtk.net\/wp-content\/uploads\/2025\/05\/17\/CUMHURBASKANI_ERDOGAN_ARNAVUTLUK_ZIYARETININ_ARDINDAN_UCAKTA_GAZETECILERIN_SORULARINI_YANITLADI-scaled.jpg?ver=3fc67e98b07edcb2a12ee891b12d849f 2560w, https:\/\/brtk.net\/wp-content\/uploads\/2025\/05\/17\/CUMHURBASKANI_ERDOGAN_ARNAVUTLUK_ZIYARETININ_ARDINDAN_UCAKTA_GAZETECILERIN_SORULARINI_YANITLADI-300x196.jpg?ver=de9181329238c6a29c46f2ecfd6e0d13 300w, https:\/\/brtk.net\/wp-content\/uploads\/2025\/05\/17\/CUMHURBASKANI_ERDOGAN_ARNAVUTLUK_ZIYARETININ_ARDINDAN_UCAKTA_GAZETECILERIN_SORULARINI_YANITLADI-1024x669.jpg?ver=4e2790d3a4bfe58ca9633ac5ef3579d9 1024w, https:\/\/brtk.net\/wp-content\/uploads\/2025\/05\/17\/CUMHURBASKANI_ERDOGAN_ARNAVUTLUK_ZIYARETININ_ARDINDAN_UCAKTA_GAZETECILERIN_SORULARINI_YANITLADI-768x502.jpg?ver=551a3dc2fd27d1ce5817479cbbdfe7cd 768w, https:\/\/brtk.net\/wp-content\/uploads\/2025\/05\/17\/CUMHURBASKANI_ERDOGAN_ARNAVUTLUK_ZIYARETININ_ARDINDAN_UCAKTA_GAZETECILERIN_SORULARINI_YANITLADI-1536x1004.jpg?ver=af9cd5b54487c4052d3a4a4a4340288b 1536w, https:\/\/brtk.net\/wp-content\/uploads\/2025\/05\/17\/CUMHURBASKANI_ERDOGAN_ARNAVUTLUK_ZIYARETININ_ARDINDAN_UCAKTA_GAZETECILERIN_SORULARINI_YANITLADI-2048x1338.jpg?ver=1dba5bd6cdf0aa6d8fec7812ad33d870 2048w\"\/>                            <\/div>\n<p style=\"font-weight: 300;\"><span style=\"font-weight: 300 !important;\">T\u00fcrkiye Cumhuriyeti (TC) Cumhurba\u015fkan\u0131 Recep Tayyip Erdo\u011fan, \u201cB\u00f6lgemizde ve d\u00fcnyada istikrar\u0131n tesisi i\u00e7in T\u00fcrkiye-ABD ortakl\u0131\u011f\u0131 hayati \u00f6neme sahip. Bu do\u011frultuda, yap\u0131c\u0131 ve sonu\u00e7 odakl\u0131 bir diyalog zemini olu\u015fturman\u0131n gayretindeyiz.\u201d dedi.<\/span><\/p>\n<p style=\"font-weight: 300;\"><span style=\"font-weight: 300 !important;\">Erdo\u011fan, Avrupa Siyasi Toplulu\u011fu 6. Zirvesi\u2019ne kat\u0131lmak \u00fczere gitti\u011fi Arnavutluk\u2019un ba\u015fkenti Tiran\u2019daki temaslar\u0131n\u0131n ard\u0131ndan yurda d\u00f6n\u00fc\u015f\u00fcnde u\u00e7akta gazetecilere a\u00e7\u0131klamalarda bulundu ve sorular\u0131 yan\u0131tlad\u0131.<\/span><\/p>\n<p style=\"font-weight: 300;\"><span style=\"font-weight: 300 !important;\">\u201cPKK ter\u00f6r \u00f6rg\u00fct\u00fcn\u00fcn yapm\u0131\u015f oldu\u011fu son a\u00e7\u0131klamada, biliyorsunuz Lozan\u2019a bir vurgu yap\u0131lm\u0131\u015ft\u0131. Bu Lozan\u2019a vurgu yap\u0131lmas\u0131 sonras\u0131nda sanki bu a\u00e7\u0131klamay\u0131 iktidar yapm\u0131\u015f\u00e7as\u0131na tepkiler gelmeye ba\u015flad\u0131, ele\u015ftiriler gelmeye ba\u015flad\u0131. Hatta muhalefet Lozan\u2019la ilgili \u00e7ok b\u00f6yle sert tepki g\u00f6sterirken CHP lideri \u00d6zg\u00fcr \u00d6zel, \u2018Bu a\u00e7\u0131klaman\u0131n alt\u0131nda Recep Tayyip Erdo\u011fan ve Devlet Bah\u00e7eli\u2019nin imzas\u0131 var\u2019 dedi. Oysa siz son grup toplant\u0131s\u0131nda hani tabiri caizse 10 ad\u0131m daha muhalefete yakla\u015fm\u0131\u015ft\u0131n\u0131z ve orada bu s\u00fcrece CHP\u2019nin lideri \u00d6zg\u00fcr \u00d6zel\u2019in de vermi\u015f oldu\u011fu deste\u011fi takdirle yad etmi\u015ftiniz. Fakat sizin bu a\u00e7\u0131klaman\u0131zdan sonra b\u00f6yle bir a\u00e7\u0131klama geldi. Bunu nas\u0131l de\u011ferlendirece\u011fiz? Bu dil b\u00f6yle mi devam edecek?\u201d sorusu \u00fczerine Erdo\u011fan, \u201cBen hi\u00e7bir konu\u015fmamda bu geli\u015fmelerin Lozan\u2019la ili\u015fkisinin olup olmad\u0131\u011f\u0131na dair en ufak bir ifade kullanmad\u0131m.\u201d diye konu\u015ftu.<\/span><\/p>\n<p style=\"font-weight: 300;\"><span style=\"font-weight: 300 !important;\">TC Cumhurba\u015fkan\u0131 Erdo\u011fan, \u015f\u00f6yle devam etti:<\/span><\/p>\n<p style=\"font-weight: 300;\"><span style=\"font-weight: 300 !important;\">\u201cSizler duydunuz mu benden? Ne millete sesleni\u015flerde b\u00f6yle bir beyan\u0131m oldu, ne dar kapsaml\u0131 toplant\u0131larda bu t\u00fcr bir a\u00e7\u0131klama yapt\u0131m. B\u00f6yle bir \u015fey d\u00fc\u015f\u00fcnmedik. Bunun Ter\u00f6rs\u00fcz T\u00fcrkiye ile yak\u0131ndan uzaktan alakas\u0131 yok. Bunlar maalesef duymuyorlar, uyduruyorlar. Bu geli\u015fmeler kar\u015f\u0131s\u0131nda Do\u011fu ve G\u00fcneydo\u011fu\u2019daki halk\u0131m\u0131n yakla\u015f\u0131m\u0131n\u0131 \u00e7ok \u00f6nemsiyorum. Onlar da zaten Diyarbak\u0131r\u2019da gereken cevab\u0131 verdi. Bizim muhatab\u0131m\u0131z milletimizdir, b\u00f6lgedeki karde\u015flerimizdir. Bizim ne dedi\u011fimiz, neyi destekledi\u011fimiz, neyi \u00f6nceledi\u011fimizi de milletimiz \u00e7ok iyi bilir. Bizim g\u00fcndemimizde, ter\u00f6r\u00fcn tamamen devre d\u0131\u015f\u0131, saf d\u0131\u015f\u0131 b\u0131rak\u0131lmas\u0131 var. Ter\u00f6r \u00f6rg\u00fct\u00fcn\u00fcn kendini feshetmesi, silah\u0131 b\u0131rakmas\u0131 var. Bunun eksiksiz, sorunsuz ve yol kazas\u0131 ya\u015fanmadan ger\u00e7ekle\u015fmesine odaklan\u0131yoruz. Devletimizin birli\u011fi, b\u00fct\u00fcnl\u00fc\u011f\u00fc, \u00fcniter yap\u0131s\u0131, rejimi, bayra\u011f\u0131, resmi dili gibi konular\u0131n tart\u0131\u015fmaya a\u00e7\u0131lmas\u0131na r\u0131za g\u00f6stermeyiz. Kimsenin teredd\u00fcd\u00fc olmas\u0131n, devletimiz, h\u00fck\u00fcmetimiz g\u00fcndemine hakimdir. Cumhur \u0130ttifak\u0131 tam bir dayan\u0131\u015fma i\u00e7indedir.\u201d<\/span><\/p>\n<p style=\"font-weight: 300;\"><span style=\"font-weight: 300 !important;\">\u2013 Rusya-Ukrayna g\u00f6r\u00fc\u015fmesi<\/span><\/p>\n<p style=\"font-weight: 300;\"><span style=\"font-weight: 300 !important;\">\u0130stanbul\u2019da yap\u0131lmas\u0131 \u00f6ng\u00f6r\u00fclen Rusya Devlet Ba\u015fkan\u0131 Vladimir Putin ve Ukrayna Devlet Ba\u015fkan\u0131 Volodimir Zelenskiy aras\u0131ndaki g\u00f6r\u00fc\u015fmenin ger\u00e7ekle\u015fmemesinin hangi fakt\u00f6rlere ba\u011fl\u0131 oldu\u011fu, bundan sonra s\u00fcrecin yine olumlu bir noktaya gelebilmesi i\u00e7in hangi ad\u0131mlar\u0131n at\u0131lmas\u0131 gerekti\u011fi y\u00f6n\u00fcndeki soruya kar\u015f\u0131l\u0131k Erdo\u011fan, \u015funlar\u0131 s\u00f6yledi:<\/span><\/p>\n<p style=\"font-weight: 300;\"><span style=\"font-weight: 300 !important;\">\u201cBurada bizden kaynakl\u0131 herhangi bir durum s\u00f6z konusu de\u011fil. Burada aktif konumda olan liderler kimlerdir diye bakt\u0131\u011f\u0131m\u0131z zaman, Say\u0131n Putin burada \u00f6nemli bir ba\u015fat akt\u00f6r. Say\u0131n Trump da ayn\u0131 \u015fekilde ba\u015fat akt\u00f6r. Say\u0131n Zelenskiy de ayn\u0131 durumda. Biz bunlar\u0131n hepsine \u00e7a\u011fr\u0131m\u0131z\u0131 yapt\u0131k. \u0130stanbul\u2019da iki \u00fclkenin heyetlerini bir araya getirmemiz 24 \u015eubat 2022\u2019de ba\u015flayan sava\u015f\u0131n sona ermesi ve b\u00f6lgede bar\u0131\u015f\u0131n tesisi i\u00e7in son derece \u00f6nemli. Biz ba\u015f\u0131ndan beri sava\u015f\u0131n sona ermesi i\u00e7in yo\u011fun bir \u00e7aba sarf ediyoruz. Bu zirve de gayretlerimizin nihayetinde bar\u0131\u015f\u0131n kap\u0131lar\u0131n\u0131 a\u00e7acak \u00f6nemli bir ad\u0131m olarak planland\u0131.<\/span><\/p>\n<p style=\"font-weight: 300;\"><span style=\"font-weight: 300 !important;\">T\u00fcrkiye olarak adil ve kal\u0131c\u0131 bar\u0131\u015f i\u00e7in gayret g\u00f6steriyoruz. Sadece \u2018sava\u015f bitsin\u2019 demekle kalm\u0131yor, bunun i\u00e7in y\u00f6ntem \u00f6neriyor, zemin haz\u0131rl\u0131yor, \u00e7a\u011fr\u0131lar yap\u0131yoruz. \u00d6ncelikle sava\u015f\u0131n sona ermesi i\u00e7in silahlar\u0131n susmas\u0131, diplomasinin konu\u015fmas\u0131 laz\u0131md\u0131r. Bar\u0131\u015f m\u00fczakereleri ba\u015flamal\u0131, bu f\u0131rsat ka\u00e7\u0131r\u0131lmamal\u0131d\u0131r. Bu sava\u015f\u0131n \u00e7at\u0131\u015fmalarla, silahlarla bir neticeye ula\u015fmas\u0131 m\u00fcmk\u00fcn de\u011fildir. Bar\u0131\u015f g\u00f6r\u00fc\u015fmelerinden kesin bir sonu\u00e7 almak en b\u00fcy\u00fck arzumuz. Dolay\u0131s\u0131yla biz bu sava\u015f\u0131n nihayete ermesi i\u00e7in arabuluculuk rol\u00fcm\u00fcz\u00fc s\u00fcrd\u00fcrmeye kararl\u0131y\u0131z. Taraflar aras\u0131nda diyalog kanallar\u0131n\u0131n a\u00e7\u0131k tutulmas\u0131 ve m\u00fczakerelerin devam etmesi i\u00e7in her t\u00fcrl\u00fc \u00e7abay\u0131 g\u00f6sterece\u011fiz.\u201d<\/span><\/p>\n<p style=\"font-weight: 300;\"><span style=\"font-weight: 300 !important;\">\u2013 Gazze\u2019ye ili\u015fkin de\u011ferlendirme<\/span><\/p>\n<p style=\"font-weight: 300;\"><span style=\"font-weight: 300 !important;\">TC Cumhurba\u015fkan\u0131 Erdo\u011fan, \u201cABD\u2019nin direkt Hamas ile g\u00f6r\u00fc\u015ferek Hamas\u2019\u0131n elindeki Amerikal\u0131 vatanda\u015f\u0131 serbest b\u0131rakmas\u0131 Netanyahu\u2019yu a\u00e7\u0131k\u00e7as\u0131 biraz k\u0131zd\u0131rd\u0131. Netanyahu\u2019ya y\u00f6nelik Avrupa\u2019dan da tepki sesleri artm\u0131\u015f durumda. Siz de son konu\u015fman\u0131zda \u2018Gazze i\u00e7in y\u00fcreklere su serpen m\u00fcjdeli haber almay\u0131 umut ediyoruz\u2019 dediniz. Gazze\u2019ye sizin giri\u015fimleriniz sayesinde Kurban Bayram\u0131\u2019ndan \u00f6nce m\u00fcjdeli bir haber gelebilir mi?\u201d sorusunu \u015fu \u015fekilde yan\u0131tlad\u0131:<\/span><\/p>\n<p style=\"font-weight: 300;\"><span style=\"font-weight: 300 !important;\">\u201cBiz \u015fu anda K\u0131z\u0131lay\u0131m\u0131zla, kendi altyap\u0131m\u0131zla Gazze\u2019ye her t\u00fcrl\u00fc g\u0131da yard\u0131m\u0131n\u0131 yap\u0131yoruz, yapmaya devam ediyoruz. 7\u2019den 70\u2019e o \u00e7oluk \u00e7ocuk, kad\u0131n, erkek Gazzelilerin ellerinde tencere, tava ile nas\u0131l yemek s\u0131ras\u0131na girdiklerini g\u00f6r\u00fcyorsunuz. Orada adeta a\u00e7l\u0131\u011fa mahkum edilen bir millet var ve bunlara y\u00f6nelik neler yap\u0131ld\u0131\u011f\u0131n\u0131 g\u00f6r\u00fcyoruz, g\u00f6r\u00fcyorsunuz. Elimizden gelen her \u015feyi yap\u0131yoruz ve b\u00f6lgeye y\u00f6nelik g\u0131da yard\u0131m\u0131n\u0131 yapm\u0131\u015f durumday\u0131z. Sa\u011f olsun K\u0131z\u0131lay\u0131m\u0131z orada \u00e7ok ciddi bir g\u00f6rev icra ediyor. Ellerinde ciddi miktarda konserve kavurma var. Bu konservelerle K\u0131z\u0131lay o fakir fukaran\u0131n, a\u00e7 a\u00e7\u0131kta kalm\u0131\u015f olanlar\u0131n imdad\u0131na yeti\u015fmenin gayretinde.\u201d<\/span><\/p>\n<p style=\"font-weight: 300;\"><span style=\"font-weight: 300 !important;\">Kurban Bayram\u0131\u2019n\u0131n yakla\u015ft\u0131\u011f\u0131n\u0131 an\u0131msatan Erdo\u011fan, Kurban Bayram\u0131 ile b\u00f6lgeye gerek et, gerek kurban olarak yard\u0131mlar\u0131 ula\u015ft\u0131rman\u0131n gayreti i\u00e7inde olduklar\u0131n\u0131 vurgulad\u0131. Erdo\u011fan, \u015f\u00f6yle devam etti:<\/span><\/p>\n<p style=\"font-weight: 300;\"><span style=\"font-weight: 300 !important;\">\u201cAyn\u0131 \u015fekilde yine konserve t\u00fcr\u00fc yard\u0131mlarla oralara ula\u015fman\u0131n gayreti i\u00e7erisinde olaca\u011f\u0131z. Gazze bu noktada ger\u00e7ekten \u00e7ok ma\u011fdur, \u00e7ok mahrum. Allah yard\u0131mc\u0131lar\u0131 olsun. Gazze\u2019nin bir g\u00fcn bile kaybedecek zaman\u0131 yok. Bunu her platformda dile getiriyoruz. Biz g\u00f6r\u00fc\u015ft\u00fc\u011f\u00fcm\u00fcz her lidere, her muhatab\u0131m\u0131za bunu anlat\u0131yoruz. Gazze\u2019deki \u0130srail sald\u0131rganl\u0131\u011f\u0131 durdurulmal\u0131. Bunun i\u00e7in elimizden geleni yap\u0131yoruz. B\u00f6lgede kal\u0131c\u0131 bar\u0131\u015f\u0131n yolu iki devletli \u00e7\u00f6z\u00fcmden ge\u00e7er. 1967 s\u0131n\u0131rlar\u0131nda, ba\u015fkenti Do\u011fu Kud\u00fcs olan, co\u011frafi b\u00fct\u00fcnl\u00fc\u011f\u00fc haiz Filistin devletinin kurulmas\u0131 en etkin yoldur. Daha fazla y\u0131k\u0131mla, bombayla, \u00f6l\u00fcmle var\u0131lacak bir yer yok. \u0130srail vatanda\u015flar\u0131n\u0131n g\u00fcvenli\u011fini, her g\u00fcn onlarca Gazzeli \u00e7ocu\u011fu, kad\u0131n\u0131, masumu katlederek sa\u011flayamaz. Bu cinnet halini ne kadar erken terk ederlerse, herkes i\u00e7in o kadar iyi olur.\u201d<\/span><\/p>\n<p style=\"font-weight: 300;\"><span style=\"font-weight: 300 !important;\">\u2013 \u201cTaraflardan talep gelmesi halinde \u00fczerimize d\u00fc\u015feni yapar\u0131z\u201d<\/span><\/p>\n<p style=\"font-weight: 300;\"><span style=\"font-weight: 300 !important;\">TC Cumhurba\u015fkan\u0131 Erdo\u011fan, \u201cT\u00fcrkiye, Hindistan ve Pakistan aras\u0131nda kronikle\u015fmi\u015f daha \u00e7ok defa sava\u015f sebebi olmu\u015f Ke\u015fmir meselesinde de bir arabulucu g\u00f6revi \u00fcstlenecek mi?\u201d sorusu \u00fczerine, \u201cBu konuyla ilgili de elimizden gelen gayreti g\u00f6steriyoruz.\u201d ifadesini kulland\u0131.<\/span><\/p>\n<p style=\"font-weight: 300;\"><span style=\"font-weight: 300 !important;\">Son geli\u015fmelerde Pakistan Ba\u015fbakan\u0131 \u015eahbaz \u015eerif ile her t\u00fcrl\u00fc g\u00f6r\u00fc\u015fmeleri yapt\u0131klar\u0131n\u0131 belirten Erdo\u011fan, s\u00f6zlerini \u015f\u00f6yle s\u00fcrd\u00fcrd\u00fc:<\/span><\/p>\n<p style=\"font-weight: 300;\"><span style=\"font-weight: 300 !important;\">\u201cNe yapabiliriz? Biz size nas\u0131l yard\u0131mc\u0131 olabiliriz? Bunlar\u0131 kendileriyle konu\u015farak planlad\u0131k. Ona g\u00f6re ad\u0131mlar\u0131m\u0131z\u0131 att\u0131k. Hamdolsun belli bir yere de i\u015f geldi. Sonunda bar\u0131\u015ft\u0131lar. S\u00fckunet ortam\u0131 neyse ki sa\u011fland\u0131. Gerilimin yeniden t\u0131rmanmamas\u0131 i\u00e7in meselelerin itidalli bir \u015fekilde ele al\u0131nmas\u0131 taraflar\u0131 \u00e7\u00f6z\u00fcme yakla\u015ft\u0131rabilir. T\u00fcrkiye olarak uluslararas\u0131 kurulu\u015flar\u0131n da dahil oldu\u011fu, insan haklar\u0131n\u0131 temel alan bir yakla\u015f\u0131mla sorunun \u00e7\u00f6z\u00fcme kavu\u015fmas\u0131n\u0131 arzu ediyoruz. Taraflardan talep gelmesi halinde biz tabii ki \u00fczerimize d\u00fc\u015feni yapar\u0131z. Biz bar\u0131\u015f istiyoruz, iki kom\u015fu aras\u0131nda gerilim olmas\u0131n istiyoruz.\u201d<\/span><\/p>\n<p style=\"font-weight: 300;\"><span style=\"font-weight: 300 !important;\">TC Cumhurba\u015fkan\u0131 Erdo\u011fan, bir gazetecinin, \u201cABD D\u0131\u015fi\u015fleri Bakanl\u0131\u011f\u0131 T\u00fcrkiye\u2019ye 300 milyon dolar\u0131 a\u015fan havadan havaya f\u00fcze sat\u0131\u015f\u0131na onay verdi\u011fini a\u00e7\u0131klad\u0131. Bu CAATSA yapt\u0131r\u0131mlar\u0131n\u0131n a\u015f\u0131lmas\u0131 anlam\u0131nda bir ilk ad\u0131m m\u0131d\u0131r? Devam\u0131 gelir mi? F-35 s\u00fcreci h\u0131zlan\u0131r m\u0131? Ve onun \u00f6tesinde son d\u00f6nemde ya\u015fanan geli\u015fmeler T\u00fcrkiye-Amerika ili\u015fkileri a\u00e7\u0131s\u0131ndan i\u015fbirli\u011finin daha da g\u00fc\u00e7lenece\u011fi anlam\u0131na m\u0131 geliyor? Yeni bir d\u00f6neme mi giriliyor?\u201d sorular\u0131na kar\u015f\u0131l\u0131k, \u015funlar\u0131 kaydetti:<\/span><\/p>\n<p style=\"font-weight: 300;\"><span style=\"font-weight: 300 !important;\">\u201cCAATSA\u2019da \u015funu rahatl\u0131kla s\u00f6yleyebiliriz, bir yumu\u015fama var. ABD Ba\u015fkan\u0131 Say\u0131n Donald Trump ile ve T\u00fcrkiye\u2019ye yeni atanan ABD B\u00fcy\u00fckel\u00e7isi Tom Barrack\u2019\u0131 kabul\u00fcm\u00fczde kendisiyle bunlar\u0131 g\u00f6r\u00fc\u015ft\u00fck, konu\u015ftuk. \u00d6yle zannediyorum ki CAATSA s\u00fcrecini de \u00e7ok daha s\u00fcratli a\u015faca\u011f\u0131z. Bizim iki b\u00fcy\u00fck m\u00fcttefik NATO \u00fcyesi olarak aram\u0131zda savunma alan\u0131nda hi\u00e7bir k\u0131s\u0131tlama, engel olamamas\u0131 laz\u0131m. Al\u0131nan karar, bu bak\u0131mdan \u00e7ok isabetli bir karard\u0131r. Stratejik ortakl\u0131\u011f\u0131m\u0131z\u0131n ruhuna ayk\u0131r\u0131 olan t\u00fcm engellerin kald\u0131r\u0131lmas\u0131, en b\u00fcy\u00fck beklentimiz. Bu y\u00f6nde at\u0131lan her olumlu ad\u0131m bizim i\u00e7in k\u0131ymetli. Devam\u0131n\u0131n gelece\u011fine de inan\u0131yorum. Dostum Trump\u2019\u0131n g\u00f6reve gelmesiyle birlikte bu konularda daha a\u00e7\u0131k, daha yap\u0131c\u0131, daha samimi bir ileti\u015fime kavu\u015ftuk. Savunma sanayiinden ekonomik ili\u015fkilere, b\u00f6lgesel g\u00fcvenlikten k\u00fcresel sorunlara kadar Amerika Birle\u015fik Devletleri ile ortak \u00e7\u0131karlar\u0131m\u0131z var. \u0130\u015fbirli\u011fimizi her zaman oldu\u011fu gibi kar\u015f\u0131l\u0131kl\u0131 sayg\u0131 ve anlay\u0131\u015f temelinde devam ettirece\u011fiz. B\u00f6lgemizde ve d\u00fcnyada istikrar\u0131n tesisi i\u00e7in T\u00fcrkiye-ABD ortakl\u0131\u011f\u0131 hayati \u00f6neme sahip. Bu do\u011frultuda, yap\u0131c\u0131 ve sonu\u00e7 odakl\u0131 bir diyalog zemini olu\u015fturman\u0131n gayretindeyiz.\u201d<\/span><\/p>\n<p>\u00a0<\/p>\n<\/p><\/div>\n<p><script async\n                    defer\n                    crossorigin=\"anonymous\"\n                    src=\"https:\/\/connect.facebook.net\/tr_TR\/sdk.js#xfbml=1&#038;version=v3.3\"\n            ><\/script><\/p>\n","protected":false},"excerpt":{"rendered":"<p>T\u00fcrkiye Cumhuriyeti (TC) Cumhurba\u015fkan\u0131 Recep Tayyip Erdo\u011fan, \u201cB\u00f6lgemizde ve d\u00fcnyada istikrar\u0131n tesisi i\u00e7in T\u00fcrkiye-ABD ortakl\u0131\u011f\u0131 hayati \u00f6neme sahip. Bu do\u011frultuda, yap\u0131c\u0131 ve sonu\u00e7 odakl\u0131 bir diyalog zemini olu\u015fturman\u0131n gayretindeyiz.\u201d dedi. Erdo\u011fan, Avrupa Siyasi Toplulu\u011fu 6. Zirvesi\u2019ne kat\u0131lmak \u00fczere gitti\u011fi Arnavutluk\u2019un ba\u015fkenti Tiran\u2019daki temaslar\u0131n\u0131n ard\u0131ndan yurda d\u00f6n\u00fc\u015f\u00fcnde u\u00e7akta gazetecilere a\u00e7\u0131klamalarda bulundu ve sorular\u0131 yan\u0131tlad\u0131. \u201cPKK ter\u00f6r<\/p>\n","protected":false},"author":1,"featured_media":82514,"comment_status":"open","ping_status":"open","sticky":false,"template":"","format":"standard","meta":{"footnotes":""},"categories":[86],"tags":[],"class_list":["post-82513","post","type-post","status-publish","format-standard","has-post-thumbnail","hentry","category-turkiye"],"yoast_head":"<!-- This site is optimized with the Yoast SEO plugin v27.5 - https:\/\/yoast.com\/product\/yoast-seo-wordpress\/ -->\n<title>Erdo\u011fan: B\u00f6lgemizde ve d\u00fcnyada istikrar\u0131n tesisi i\u00e7in T\u00fcrkiye-ABD ortakl\u0131\u011f\u0131 hayati \u00f6neme sahip -<\/title>\n<meta name=\"robots\" content=\"index, follow, max-snippet:-1, max-image-preview:large, max-video-preview:-1\" \/>\n<link rel=\"canonical\" href=\"https:\/\/kibrisdakik.com\/?p=82513\" \/>\n<meta property=\"og:locale\" content=\"tr_TR\" \/>\n<meta property=\"og:type\" content=\"article\" \/>\n<meta property=\"og:title\" content=\"Erdo\u011fan: B\u00f6lgemizde ve d\u00fcnyada istikrar\u0131n tesisi i\u00e7in T\u00fcrkiye-ABD ortakl\u0131\u011f\u0131 hayati \u00f6neme sahip -\" \/>\n<meta property=\"og:description\" content=\"T\u00fcrkiye Cumhuriyeti (TC) Cumhurba\u015fkan\u0131 Recep Tayyip Erdo\u011fan, \u201cB\u00f6lgemizde ve d\u00fcnyada istikrar\u0131n tesisi i\u00e7in T\u00fcrkiye-ABD ortakl\u0131\u011f\u0131 hayati \u00f6neme sahip. Bu do\u011frultuda, yap\u0131c\u0131 ve sonu\u00e7 odakl\u0131 bir diyalog zemini olu\u015fturman\u0131n gayretindeyiz.\u201d dedi. Erdo\u011fan, Avrupa Siyasi Toplulu\u011fu 6. Zirvesi\u2019ne kat\u0131lmak \u00fczere gitti\u011fi Arnavutluk\u2019un ba\u015fkenti Tiran\u2019daki temaslar\u0131n\u0131n ard\u0131ndan yurda d\u00f6n\u00fc\u015f\u00fcnde u\u00e7akta gazetecilere a\u00e7\u0131klamalarda bulundu ve sorular\u0131 yan\u0131tlad\u0131. \u201cPKK ter\u00f6r\" \/>\n<meta property=\"og:url\" content=\"https:\/\/kibrisdakik.com\/?p=82513\" \/>\n<meta property=\"article:published_time\" content=\"2025-05-17T12:12:00+00:00\" \/>\n<meta property=\"og:image\" content=\"https:\/\/kibrisdakik.com\/wp-content\/uploads\/2025\/05\/CUMHURBASKANI_ERDOGAN_ARNAVUTLUK_ZIYARETININ_ARDINDAN_UCAKTA_GAZETECILERIN_SORULARINI_YANITLADI-scal-740x420.jpeg\" \/>\n\t<meta property=\"og:image:width\" content=\"2560\" \/>\n\t<meta property=\"og:image:height\" content=\"1673\" \/>\n\t<meta property=\"og:image:type\" content=\"image\/jpeg\" \/>\n<meta name=\"author\" content=\"admin\" \/>\n<meta name=\"twitter:card\" content=\"summary_large_image\" \/>\n<meta name=\"twitter:label1\" content=\"Yazan:\" \/>\n\t<meta name=\"twitter:data1\" content=\"admin\" \/>\n\t<meta name=\"twitter:label2\" content=\"Tahmini okuma s\u00fcresi\" \/>\n\t<meta name=\"twitter:data2\" content=\"9 dakika\" \/>\n<script type=\"application\/ld+json\" class=\"yoast-schema-graph\">{\"@context\":\"https:\\\/\\\/schema.org\",\"@graph\":[{\"@type\":\"Article\",\"@id\":\"https:\\\/\\\/kibrisdakik.com\\\/?p=82513#article\",\"isPartOf\":{\"@id\":\"https:\\\/\\\/kibrisdakik.com\\\/?p=82513\"},\"author\":{\"name\":\"admin\",\"@id\":\"https:\\\/\\\/kibrisdakik.com\\\/#\\\/schema\\\/person\\\/9cd9d437bbb44f72b73ba127e06d8e79\"},\"headline\":\"Erdo\u011fan: B\u00f6lgemizde ve d\u00fcnyada istikrar\u0131n tesisi i\u00e7in T\u00fcrkiye-ABD ortakl\u0131\u011f\u0131 hayati \u00f6neme sahip\",\"datePublished\":\"2025-05-17T12:12:00+00:00\",\"mainEntityOfPage\":{\"@id\":\"https:\\\/\\\/kibrisdakik.com\\\/?p=82513\"},\"wordCount\":1733,\"commentCount\":0,\"image\":{\"@id\":\"https:\\\/\\\/kibrisdakik.com\\\/?p=82513#primaryimage\"},\"thumbnailUrl\":\"https:\\\/\\\/kibrisdakik.com\\\/wp-content\\\/uploads\\\/2025\\\/05\\\/CUMHURBASKANI_ERDOGAN_ARNAVUTLUK_ZIYARETININ_ARDINDAN_UCAKTA_GAZETECILERIN_SORULARINI_YANITLADI-scal-740x420.jpeg\",\"articleSection\":[\"T\u00fcrkiye\"],\"inLanguage\":\"tr\",\"potentialAction\":[{\"@type\":\"CommentAction\",\"name\":\"Comment\",\"target\":[\"https:\\\/\\\/kibrisdakik.com\\\/?p=82513#respond\"]}]},{\"@type\":\"WebPage\",\"@id\":\"https:\\\/\\\/kibrisdakik.com\\\/?p=82513\",\"url\":\"https:\\\/\\\/kibrisdakik.com\\\/?p=82513\",\"name\":\"Erdo\u011fan: B\u00f6lgemizde ve d\u00fcnyada istikrar\u0131n tesisi i\u00e7in T\u00fcrkiye-ABD ortakl\u0131\u011f\u0131 hayati \u00f6neme sahip -\",\"isPartOf\":{\"@id\":\"https:\\\/\\\/kibrisdakik.com\\\/#website\"},\"primaryImageOfPage\":{\"@id\":\"https:\\\/\\\/kibrisdakik.com\\\/?p=82513#primaryimage\"},\"image\":{\"@id\":\"https:\\\/\\\/kibrisdakik.com\\\/?p=82513#primaryimage\"},\"thumbnailUrl\":\"https:\\\/\\\/kibrisdakik.com\\\/wp-content\\\/uploads\\\/2025\\\/05\\\/CUMHURBASKANI_ERDOGAN_ARNAVUTLUK_ZIYARETININ_ARDINDAN_UCAKTA_GAZETECILERIN_SORULARINI_YANITLADI-scal-740x420.jpeg\",\"datePublished\":\"2025-05-17T12:12:00+00:00\",\"author\":{\"@id\":\"https:\\\/\\\/kibrisdakik.com\\\/#\\\/schema\\\/person\\\/9cd9d437bbb44f72b73ba127e06d8e79\"},\"breadcrumb\":{\"@id\":\"https:\\\/\\\/kibrisdakik.com\\\/?p=82513#breadcrumb\"},\"inLanguage\":\"tr\",\"potentialAction\":[{\"@type\":\"ReadAction\",\"target\":[\"https:\\\/\\\/kibrisdakik.com\\\/?p=82513\"]}]},{\"@type\":\"ImageObject\",\"inLanguage\":\"tr\",\"@id\":\"https:\\\/\\\/kibrisdakik.com\\\/?p=82513#primaryimage\",\"url\":\"https:\\\/\\\/kibrisdakik.com\\\/wp-content\\\/uploads\\\/2025\\\/05\\\/CUMHURBASKANI_ERDOGAN_ARNAVUTLUK_ZIYARETININ_ARDINDAN_UCAKTA_GAZETECILERIN_SORULARINI_YANITLADI-scal-740x420.jpeg\",\"contentUrl\":\"https:\\\/\\\/kibrisdakik.com\\\/wp-content\\\/uploads\\\/2025\\\/05\\\/CUMHURBASKANI_ERDOGAN_ARNAVUTLUK_ZIYARETININ_ARDINDAN_UCAKTA_GAZETECILERIN_SORULARINI_YANITLADI-scal-740x420.jpeg\",\"width\":2560,\"height\":1673},{\"@type\":\"BreadcrumbList\",\"@id\":\"https:\\\/\\\/kibrisdakik.com\\\/?p=82513#breadcrumb\",\"itemListElement\":[{\"@type\":\"ListItem\",\"position\":1,\"name\":\"Home\",\"item\":\"https:\\\/\\\/kibrisdakik.com\\\/\"},{\"@type\":\"ListItem\",\"position\":2,\"name\":\"Erdo\u011fan: B\u00f6lgemizde ve d\u00fcnyada istikrar\u0131n tesisi i\u00e7in T\u00fcrkiye-ABD ortakl\u0131\u011f\u0131 hayati \u00f6neme sahip\"}]},{\"@type\":\"WebSite\",\"@id\":\"https:\\\/\\\/kibrisdakik.com\\\/#website\",\"url\":\"https:\\\/\\\/kibrisdakik.com\\\/\",\"name\":\"\",\"description\":\"Tam vaktinde haber\",\"potentialAction\":[{\"@type\":\"SearchAction\",\"target\":{\"@type\":\"EntryPoint\",\"urlTemplate\":\"https:\\\/\\\/kibrisdakik.com\\\/?s={search_term_string}\"},\"query-input\":{\"@type\":\"PropertyValueSpecification\",\"valueRequired\":true,\"valueName\":\"search_term_string\"}}],\"inLanguage\":\"tr\"},{\"@type\":\"Person\",\"@id\":\"https:\\\/\\\/kibrisdakik.com\\\/#\\\/schema\\\/person\\\/9cd9d437bbb44f72b73ba127e06d8e79\",\"name\":\"admin\",\"image\":{\"@type\":\"ImageObject\",\"inLanguage\":\"tr\",\"@id\":\"https:\\\/\\\/secure.gravatar.com\\\/avatar\\\/ccc17943b9d660506c869530f897617f7cb1c21a4bf30023f252596d83e1f007?s=96&d=mm&r=g\",\"url\":\"https:\\\/\\\/secure.gravatar.com\\\/avatar\\\/ccc17943b9d660506c869530f897617f7cb1c21a4bf30023f252596d83e1f007?s=96&d=mm&r=g\",\"contentUrl\":\"https:\\\/\\\/secure.gravatar.com\\\/avatar\\\/ccc17943b9d660506c869530f897617f7cb1c21a4bf30023f252596d83e1f007?s=96&d=mm&r=g\",\"caption\":\"admin\"},\"sameAs\":[\"https:\\\/\\\/kibrisdakik.com\"],\"url\":\"https:\\\/\\\/kibrisdakik.com\\\/?author=1\"}]}<\/script>\n<!-- \/ Yoast SEO plugin. -->","yoast_head_json":{"title":"Erdo\u011fan: B\u00f6lgemizde ve d\u00fcnyada istikrar\u0131n tesisi i\u00e7in T\u00fcrkiye-ABD ortakl\u0131\u011f\u0131 hayati \u00f6neme sahip -","robots":{"index":"index","follow":"follow","max-snippet":"max-snippet:-1","max-image-preview":"max-image-preview:large","max-video-preview":"max-video-preview:-1"},"canonical":"https:\/\/kibrisdakik.com\/?p=82513","og_locale":"tr_TR","og_type":"article","og_title":"Erdo\u011fan: B\u00f6lgemizde ve d\u00fcnyada istikrar\u0131n tesisi i\u00e7in T\u00fcrkiye-ABD ortakl\u0131\u011f\u0131 hayati \u00f6neme sahip -","og_description":"T\u00fcrkiye Cumhuriyeti (TC) Cumhurba\u015fkan\u0131 Recep Tayyip Erdo\u011fan, \u201cB\u00f6lgemizde ve d\u00fcnyada istikrar\u0131n tesisi i\u00e7in T\u00fcrkiye-ABD ortakl\u0131\u011f\u0131 hayati \u00f6neme sahip. Bu do\u011frultuda, yap\u0131c\u0131 ve sonu\u00e7 odakl\u0131 bir diyalog zemini olu\u015fturman\u0131n gayretindeyiz.\u201d dedi. Erdo\u011fan, Avrupa Siyasi Toplulu\u011fu 6. Zirvesi\u2019ne kat\u0131lmak \u00fczere gitti\u011fi Arnavutluk\u2019un ba\u015fkenti Tiran\u2019daki temaslar\u0131n\u0131n ard\u0131ndan yurda d\u00f6n\u00fc\u015f\u00fcnde u\u00e7akta gazetecilere a\u00e7\u0131klamalarda bulundu ve sorular\u0131 yan\u0131tlad\u0131. \u201cPKK ter\u00f6r","og_url":"https:\/\/kibrisdakik.com\/?p=82513","article_published_time":"2025-05-17T12:12:00+00:00","og_image":[{"width":2560,"height":1673,"url":"https:\/\/kibrisdakik.com\/wp-content\/uploads\/2025\/05\/CUMHURBASKANI_ERDOGAN_ARNAVUTLUK_ZIYARETININ_ARDINDAN_UCAKTA_GAZETECILERIN_SORULARINI_YANITLADI-scal-740x420.jpeg","type":"image\/jpeg"}],"author":"admin","twitter_card":"summary_large_image","twitter_misc":{"Yazan:":"admin","Tahmini okuma s\u00fcresi":"9 dakika"},"schema":{"@context":"https:\/\/schema.org","@graph":[{"@type":"Article","@id":"https:\/\/kibrisdakik.com\/?p=82513#article","isPartOf":{"@id":"https:\/\/kibrisdakik.com\/?p=82513"},"author":{"name":"admin","@id":"https:\/\/kibrisdakik.com\/#\/schema\/person\/9cd9d437bbb44f72b73ba127e06d8e79"},"headline":"Erdo\u011fan: B\u00f6lgemizde ve d\u00fcnyada istikrar\u0131n tesisi i\u00e7in T\u00fcrkiye-ABD ortakl\u0131\u011f\u0131 hayati \u00f6neme sahip","datePublished":"2025-05-17T12:12:00+00:00","mainEntityOfPage":{"@id":"https:\/\/kibrisdakik.com\/?p=82513"},"wordCount":1733,"commentCount":0,"image":{"@id":"https:\/\/kibrisdakik.com\/?p=82513#primaryimage"},"thumbnailUrl":"https:\/\/kibrisdakik.com\/wp-content\/uploads\/2025\/05\/CUMHURBASKANI_ERDOGAN_ARNAVUTLUK_ZIYARETININ_ARDINDAN_UCAKTA_GAZETECILERIN_SORULARINI_YANITLADI-scal-740x420.jpeg","articleSection":["T\u00fcrkiye"],"inLanguage":"tr","potentialAction":[{"@type":"CommentAction","name":"Comment","target":["https:\/\/kibrisdakik.com\/?p=82513#respond"]}]},{"@type":"WebPage","@id":"https:\/\/kibrisdakik.com\/?p=82513","url":"https:\/\/kibrisdakik.com\/?p=82513","name":"Erdo\u011fan: B\u00f6lgemizde ve d\u00fcnyada istikrar\u0131n tesisi i\u00e7in T\u00fcrkiye-ABD ortakl\u0131\u011f\u0131 hayati \u00f6neme sahip -","isPartOf":{"@id":"https:\/\/kibrisdakik.com\/#website"},"primaryImageOfPage":{"@id":"https:\/\/kibrisdakik.com\/?p=82513#primaryimage"},"image":{"@id":"https:\/\/kibrisdakik.com\/?p=82513#primaryimage"},"thumbnailUrl":"https:\/\/kibrisdakik.com\/wp-content\/uploads\/2025\/05\/CUMHURBASKANI_ERDOGAN_ARNAVUTLUK_ZIYARETININ_ARDINDAN_UCAKTA_GAZETECILERIN_SORULARINI_YANITLADI-scal-740x420.jpeg","datePublished":"2025-05-17T12:12:00+00:00","author":{"@id":"https:\/\/kibrisdakik.com\/#\/schema\/person\/9cd9d437bbb44f72b73ba127e06d8e79"},"breadcrumb":{"@id":"https:\/\/kibrisdakik.com\/?p=82513#breadcrumb"},"inLanguage":"tr","potentialAction":[{"@type":"ReadAction","target":["https:\/\/kibrisdakik.com\/?p=82513"]}]},{"@type":"ImageObject","inLanguage":"tr","@id":"https:\/\/kibrisdakik.com\/?p=82513#primaryimage","url":"https:\/\/kibrisdakik.com\/wp-content\/uploads\/2025\/05\/CUMHURBASKANI_ERDOGAN_ARNAVUTLUK_ZIYARETININ_ARDINDAN_UCAKTA_GAZETECILERIN_SORULARINI_YANITLADI-scal-740x420.jpeg","contentUrl":"https:\/\/kibrisdakik.com\/wp-content\/uploads\/2025\/05\/CUMHURBASKANI_ERDOGAN_ARNAVUTLUK_ZIYARETININ_ARDINDAN_UCAKTA_GAZETECILERIN_SORULARINI_YANITLADI-scal-740x420.jpeg","width":2560,"height":1673},{"@type":"BreadcrumbList","@id":"https:\/\/kibrisdakik.com\/?p=82513#breadcrumb","itemListElement":[{"@type":"ListItem","position":1,"name":"Home","item":"https:\/\/kibrisdakik.com\/"},{"@type":"ListItem","position":2,"name":"Erdo\u011fan: B\u00f6lgemizde ve d\u00fcnyada istikrar\u0131n tesisi i\u00e7in T\u00fcrkiye-ABD ortakl\u0131\u011f\u0131 hayati \u00f6neme sahip"}]},{"@type":"WebSite","@id":"https:\/\/kibrisdakik.com\/#website","url":"https:\/\/kibrisdakik.com\/","name":"","description":"Tam vaktinde haber","potentialAction":[{"@type":"SearchAction","target":{"@type":"EntryPoint","urlTemplate":"https:\/\/kibrisdakik.com\/?s={search_term_string}"},"query-input":{"@type":"PropertyValueSpecification","valueRequired":true,"valueName":"search_term_string"}}],"inLanguage":"tr"},{"@type":"Person","@id":"https:\/\/kibrisdakik.com\/#\/schema\/person\/9cd9d437bbb44f72b73ba127e06d8e79","name":"admin","image":{"@type":"ImageObject","inLanguage":"tr","@id":"https:\/\/secure.gravatar.com\/avatar\/ccc17943b9d660506c869530f897617f7cb1c21a4bf30023f252596d83e1f007?s=96&d=mm&r=g","url":"https:\/\/secure.gravatar.com\/avatar\/ccc17943b9d660506c869530f897617f7cb1c21a4bf30023f252596d83e1f007?s=96&d=mm&r=g","contentUrl":"https:\/\/secure.gravatar.com\/avatar\/ccc17943b9d660506c869530f897617f7cb1c21a4bf30023f252596d83e1f007?s=96&d=mm&r=g","caption":"admin"},"sameAs":["https:\/\/kibrisdakik.com"],"url":"https:\/\/kibrisdakik.com\/?author=1"}]}},"_links":{"self":[{"href":"https:\/\/kibrisdakik.com\/index.php?rest_route=\/wp\/v2\/posts\/82513","targetHints":{"allow":["GET"]}}],"collection":[{"href":"https:\/\/kibrisdakik.com\/index.php?rest_route=\/wp\/v2\/posts"}],"about":[{"href":"https:\/\/kibrisdakik.com\/index.php?rest_route=\/wp\/v2\/types\/post"}],"author":[{"embeddable":true,"href":"https:\/\/kibrisdakik.com\/index.php?rest_route=\/wp\/v2\/users\/1"}],"replies":[{"embeddable":true,"href":"https:\/\/kibrisdakik.com\/index.php?rest_route=%2Fwp%2Fv2%2Fcomments&post=82513"}],"version-history":[{"count":0,"href":"https:\/\/kibrisdakik.com\/index.php?rest_route=\/wp\/v2\/posts\/82513\/revisions"}],"wp:featuredmedia":[{"embeddable":true,"href":"https:\/\/kibrisdakik.com\/index.php?rest_route=\/wp\/v2\/media\/82514"}],"wp:attachment":[{"href":"https:\/\/kibrisdakik.com\/index.php?rest_route=%2Fwp%2Fv2%2Fmedia&parent=82513"}],"wp:term":[{"taxonomy":"category","embeddable":true,"href":"https:\/\/kibrisdakik.com\/index.php?rest_route=%2Fwp%2Fv2%2Fcategories&post=82513"},{"taxonomy":"post_tag","embeddable":true,"href":"https:\/\/kibrisdakik.com\/index.php?rest_route=%2Fwp%2Fv2%2Ftags&post=82513"}],"curies":[{"name":"wp","href":"https:\/\/api.w.org\/{rel}","templated":true}]}}