{"id":82544,"date":"2025-05-18T11:55:36","date_gmt":"2025-05-18T08:55:36","guid":{"rendered":"https:\/\/kibrisdakik.com\/index.php\/2025\/05\/18\/muzeler-haftasinda-brtk-yayincilik-tarihi-muzesine-davet\/"},"modified":"2025-05-18T11:55:36","modified_gmt":"2025-05-18T08:55:36","slug":"muzeler-haftasinda-brtk-yayincilik-tarihi-muzesine-davet","status":"publish","type":"post","link":"https:\/\/kibrisdakik.com\/?p=82544","title":{"rendered":"M\u00fczeler Haftas\u0131\u2019nda BRTK Yay\u0131nc\u0131l\u0131k Tarihi M\u00fczesi\u2019ne davet"},"content":{"rendered":"<div>\n<div class=\"mariselle-image-container center\">\n                                            <\/div>\n<p>18-24 May\u0131s M\u00fczeler Haftas\u0131 dolay\u0131s\u0131yla \u00e7e\u015fitli sanat etkinlikleri d\u00fczenlenecek\u2026<\/p>\n<p>Hafta dolay\u0131s\u0131yla sizleri Bayrak Radyo Televizyon Kurumu\u2019na; Yay\u0131nc\u0131l\u0131k Tarihi M\u00fczesi\u2019ni ziyaret etmeye davet ediyoruz\u2026 <\/p>\n<p> KKTC\u2019nin medya ve yay\u0131nc\u0131l\u0131k alan\u0131ndaki geli\u015fimine \u00f6nemli katk\u0131lar sa\u011flayan Bayrak Radyo Televizyon Kurumu, bu k\u00f6kl\u00fc ge\u00e7mi\u015fi ya\u015fatmak amac\u0131yla Yay\u0131nc\u0131l\u0131k Tarihi M\u00fczesi\u2019ni hayata ge\u00e7irmi\u015fti.<\/p>\n<p>M\u00fcze, 1963 y\u0131l\u0131nda kurulan Bayrak Radyosu\u2019ndan g\u00fcn\u00fcm\u00fcze kadar uzanan yay\u0131nc\u0131l\u0131k ser\u00fcvenini; kullan\u0131lan yay\u0131n ekipmanlar\u0131, belgeler ve ar\u015fiv foto\u011fraflar\u0131yla g\u00f6zler \u00f6n\u00fcne seriyor\u2026<\/p>\n<p>Transist\u00f6rl\u00fc radyolardan siyah-beyaz televizyonlara, g\u00fcn\u00fcm\u00fcz\u00fcn HD yay\u0131n teknolojilerine kadar olan teknik evrimi ziyaret\u00e7ilere sunan m\u00fcze; ayn\u0131 zamanda K\u0131br\u0131s T\u00fcrk Ajans\u0131\u2019n\u0131n kurucusu Sait Terzio\u011flu\u2019nun \u201c\u00d6zel Atat\u00fcrk Foto\u011fraf Koleksiyonu\u201d ile BRTK ar\u015fivlerinden \u00f6zel se\u00e7kileri de i\u00e7eriyor\u2026<\/p>\n<p>Bayrak Radyo Televizyon Kurumu M\u00fcd\u00fcr\u00fc Meryem \u00d6zkurt, 8\u201324 May\u0131s M\u00fczeler Haftas\u0131 vesilesiyle halk\u0131; K\u0131br\u0131s Adas\u0131\u2019n\u0131n ilk ve tek yay\u0131nc\u0131l\u0131k tarihi m\u00fczesini ziyaret etmeye davet etti\u2026<\/p>\n<p>Bu e\u015fsiz koleksiyon, yaln\u0131zca BRTK\u2019n\u0131n de\u011fil, ayn\u0131 zamanda K\u0131br\u0131s T\u00fcrk halk\u0131n\u0131n ileti\u015fim ve medya tarihine tan\u0131kl\u0131k etme f\u0131rsat\u0131 sunuyor\u2026<\/p>\n<p>Bu arada Bayrak Radyo Televizyon Kurumu Yay\u0131nc\u0131l\u0131k Tarihi M\u00fczesi bug\u00fcnlerde \u00f6zel bir sergiye ev sahipli\u011fi yapmaya haz\u0131rlan\u0131yor.<br \/>Bayrak Radyo Televizyon Kurumu Oval St\u00fcdyo kooridorlar\u0131nda \u201cSanat G\u00fcncesi\u201d adl\u0131 s\u00fcrekli Sergisi 28 May\u0131s\u2019ta a\u00e7\u0131lacak.<\/p>\n<\/p><\/div>\n<p><script async\n                    defer\n                    crossorigin=\"anonymous\"\n                    src=\"https:\/\/connect.facebook.net\/tr_TR\/sdk.js#xfbml=1&#038;version=v3.3\"\n            ><\/script><\/p>\n","protected":false},"excerpt":{"rendered":"<p>18-24 May\u0131s M\u00fczeler Haftas\u0131 dolay\u0131s\u0131yla \u00e7e\u015fitli sanat etkinlikleri d\u00fczenlenecek\u2026 Hafta dolay\u0131s\u0131yla sizleri Bayrak Radyo Televizyon Kurumu\u2019na; Yay\u0131nc\u0131l\u0131k Tarihi M\u00fczesi\u2019ni ziyaret etmeye davet ediyoruz\u2026 KKTC\u2019nin medya ve yay\u0131nc\u0131l\u0131k alan\u0131ndaki geli\u015fimine \u00f6nemli katk\u0131lar sa\u011flayan Bayrak Radyo Televizyon Kurumu, bu k\u00f6kl\u00fc ge\u00e7mi\u015fi ya\u015fatmak amac\u0131yla Yay\u0131nc\u0131l\u0131k Tarihi M\u00fczesi\u2019ni hayata ge\u00e7irmi\u015fti. M\u00fcze, 1963 y\u0131l\u0131nda kurulan Bayrak Radyosu\u2019ndan g\u00fcn\u00fcm\u00fcze kadar uzanan<\/p>\n","protected":false},"author":1,"featured_media":82545,"comment_status":"open","ping_status":"open","sticky":false,"template":"","format":"standard","meta":{"footnotes":""},"categories":[81,101],"tags":[],"class_list":["post-82544","post","type-post","status-publish","format-standard","has-post-thumbnail","hentry","category-kibris","category-manset"],"yoast_head":"<!-- This site is optimized with the Yoast SEO plugin v27.5 - https:\/\/yoast.com\/product\/yoast-seo-wordpress\/ -->\n<title>M\u00fczeler Haftas\u0131\u2019nda BRTK Yay\u0131nc\u0131l\u0131k Tarihi M\u00fczesi\u2019ne davet -<\/title>\n<meta name=\"robots\" content=\"index, follow, max-snippet:-1, max-image-preview:large, max-video-preview:-1\" \/>\n<link rel=\"canonical\" href=\"https:\/\/kibrisdakik.com\/?p=82544\" \/>\n<meta property=\"og:locale\" content=\"tr_TR\" \/>\n<meta property=\"og:type\" content=\"article\" \/>\n<meta property=\"og:title\" content=\"M\u00fczeler Haftas\u0131\u2019nda BRTK Yay\u0131nc\u0131l\u0131k Tarihi M\u00fczesi\u2019ne davet -\" \/>\n<meta property=\"og:description\" content=\"18-24 May\u0131s M\u00fczeler Haftas\u0131 dolay\u0131s\u0131yla \u00e7e\u015fitli sanat etkinlikleri d\u00fczenlenecek\u2026 Hafta dolay\u0131s\u0131yla sizleri Bayrak Radyo Televizyon Kurumu\u2019na; Yay\u0131nc\u0131l\u0131k Tarihi M\u00fczesi\u2019ni ziyaret etmeye davet ediyoruz\u2026 KKTC\u2019nin medya ve yay\u0131nc\u0131l\u0131k alan\u0131ndaki geli\u015fimine \u00f6nemli katk\u0131lar sa\u011flayan Bayrak Radyo Televizyon Kurumu, bu k\u00f6kl\u00fc ge\u00e7mi\u015fi ya\u015fatmak amac\u0131yla Yay\u0131nc\u0131l\u0131k Tarihi M\u00fczesi\u2019ni hayata ge\u00e7irmi\u015fti. M\u00fcze, 1963 y\u0131l\u0131nda kurulan Bayrak Radyosu\u2019ndan g\u00fcn\u00fcm\u00fcze kadar uzanan\" \/>\n<meta property=\"og:url\" content=\"https:\/\/kibrisdakik.com\/?p=82544\" \/>\n<meta property=\"article:published_time\" content=\"2025-05-18T08:55:36+00:00\" \/>\n<meta property=\"og:image\" content=\"https:\/\/kibrisdakik.com\/wp-content\/uploads\/2025\/05\/101766-1-740x420.jpg\" \/>\n\t<meta property=\"og:image:width\" content=\"880\" \/>\n\t<meta property=\"og:image:height\" content=\"440\" \/>\n\t<meta property=\"og:image:type\" content=\"image\/jpeg\" \/>\n<meta name=\"author\" content=\"admin\" \/>\n<meta name=\"twitter:card\" content=\"summary_large_image\" \/>\n<meta name=\"twitter:label1\" content=\"Yazan:\" \/>\n\t<meta name=\"twitter:data1\" content=\"admin\" \/>\n\t<meta name=\"twitter:label2\" content=\"Tahmini okuma s\u00fcresi\" \/>\n\t<meta name=\"twitter:data2\" content=\"1 dakika\" \/>\n<script type=\"application\/ld+json\" class=\"yoast-schema-graph\">{\"@context\":\"https:\\\/\\\/schema.org\",\"@graph\":[{\"@type\":\"Article\",\"@id\":\"https:\\\/\\\/kibrisdakik.com\\\/?p=82544#article\",\"isPartOf\":{\"@id\":\"https:\\\/\\\/kibrisdakik.com\\\/?p=82544\"},\"author\":{\"name\":\"admin\",\"@id\":\"https:\\\/\\\/kibrisdakik.com\\\/#\\\/schema\\\/person\\\/9cd9d437bbb44f72b73ba127e06d8e79\"},\"headline\":\"M\u00fczeler Haftas\u0131\u2019nda BRTK Yay\u0131nc\u0131l\u0131k Tarihi M\u00fczesi\u2019ne davet\",\"datePublished\":\"2025-05-18T08:55:36+00:00\",\"mainEntityOfPage\":{\"@id\":\"https:\\\/\\\/kibrisdakik.com\\\/?p=82544\"},\"wordCount\":301,\"commentCount\":0,\"image\":{\"@id\":\"https:\\\/\\\/kibrisdakik.com\\\/?p=82544#primaryimage\"},\"thumbnailUrl\":\"https:\\\/\\\/kibrisdakik.com\\\/wp-content\\\/uploads\\\/2025\\\/05\\\/101766-1-740x420.jpg\",\"articleSection\":[\"K\u0131br\u0131s\",\"Man\u015fet\"],\"inLanguage\":\"tr\",\"potentialAction\":[{\"@type\":\"CommentAction\",\"name\":\"Comment\",\"target\":[\"https:\\\/\\\/kibrisdakik.com\\\/?p=82544#respond\"]}]},{\"@type\":\"WebPage\",\"@id\":\"https:\\\/\\\/kibrisdakik.com\\\/?p=82544\",\"url\":\"https:\\\/\\\/kibrisdakik.com\\\/?p=82544\",\"name\":\"M\u00fczeler Haftas\u0131\u2019nda BRTK Yay\u0131nc\u0131l\u0131k Tarihi M\u00fczesi\u2019ne davet -\",\"isPartOf\":{\"@id\":\"https:\\\/\\\/kibrisdakik.com\\\/#website\"},\"primaryImageOfPage\":{\"@id\":\"https:\\\/\\\/kibrisdakik.com\\\/?p=82544#primaryimage\"},\"image\":{\"@id\":\"https:\\\/\\\/kibrisdakik.com\\\/?p=82544#primaryimage\"},\"thumbnailUrl\":\"https:\\\/\\\/kibrisdakik.com\\\/wp-content\\\/uploads\\\/2025\\\/05\\\/101766-1-740x420.jpg\",\"datePublished\":\"2025-05-18T08:55:36+00:00\",\"author\":{\"@id\":\"https:\\\/\\\/kibrisdakik.com\\\/#\\\/schema\\\/person\\\/9cd9d437bbb44f72b73ba127e06d8e79\"},\"breadcrumb\":{\"@id\":\"https:\\\/\\\/kibrisdakik.com\\\/?p=82544#breadcrumb\"},\"inLanguage\":\"tr\",\"potentialAction\":[{\"@type\":\"ReadAction\",\"target\":[\"https:\\\/\\\/kibrisdakik.com\\\/?p=82544\"]}]},{\"@type\":\"ImageObject\",\"inLanguage\":\"tr\",\"@id\":\"https:\\\/\\\/kibrisdakik.com\\\/?p=82544#primaryimage\",\"url\":\"https:\\\/\\\/kibrisdakik.com\\\/wp-content\\\/uploads\\\/2025\\\/05\\\/101766-1-740x420.jpg\",\"contentUrl\":\"https:\\\/\\\/kibrisdakik.com\\\/wp-content\\\/uploads\\\/2025\\\/05\\\/101766-1-740x420.jpg\",\"width\":880,\"height\":440},{\"@type\":\"BreadcrumbList\",\"@id\":\"https:\\\/\\\/kibrisdakik.com\\\/?p=82544#breadcrumb\",\"itemListElement\":[{\"@type\":\"ListItem\",\"position\":1,\"name\":\"Home\",\"item\":\"https:\\\/\\\/kibrisdakik.com\\\/\"},{\"@type\":\"ListItem\",\"position\":2,\"name\":\"M\u00fczeler Haftas\u0131\u2019nda BRTK Yay\u0131nc\u0131l\u0131k Tarihi M\u00fczesi\u2019ne davet\"}]},{\"@type\":\"WebSite\",\"@id\":\"https:\\\/\\\/kibrisdakik.com\\\/#website\",\"url\":\"https:\\\/\\\/kibrisdakik.com\\\/\",\"name\":\"\",\"description\":\"Tam vaktinde haber\",\"potentialAction\":[{\"@type\":\"SearchAction\",\"target\":{\"@type\":\"EntryPoint\",\"urlTemplate\":\"https:\\\/\\\/kibrisdakik.com\\\/?s={search_term_string}\"},\"query-input\":{\"@type\":\"PropertyValueSpecification\",\"valueRequired\":true,\"valueName\":\"search_term_string\"}}],\"inLanguage\":\"tr\"},{\"@type\":\"Person\",\"@id\":\"https:\\\/\\\/kibrisdakik.com\\\/#\\\/schema\\\/person\\\/9cd9d437bbb44f72b73ba127e06d8e79\",\"name\":\"admin\",\"image\":{\"@type\":\"ImageObject\",\"inLanguage\":\"tr\",\"@id\":\"https:\\\/\\\/secure.gravatar.com\\\/avatar\\\/ccc17943b9d660506c869530f897617f7cb1c21a4bf30023f252596d83e1f007?s=96&d=mm&r=g\",\"url\":\"https:\\\/\\\/secure.gravatar.com\\\/avatar\\\/ccc17943b9d660506c869530f897617f7cb1c21a4bf30023f252596d83e1f007?s=96&d=mm&r=g\",\"contentUrl\":\"https:\\\/\\\/secure.gravatar.com\\\/avatar\\\/ccc17943b9d660506c869530f897617f7cb1c21a4bf30023f252596d83e1f007?s=96&d=mm&r=g\",\"caption\":\"admin\"},\"sameAs\":[\"https:\\\/\\\/kibrisdakik.com\"],\"url\":\"https:\\\/\\\/kibrisdakik.com\\\/?author=1\"}]}<\/script>\n<!-- \/ Yoast SEO plugin. -->","yoast_head_json":{"title":"M\u00fczeler Haftas\u0131\u2019nda BRTK Yay\u0131nc\u0131l\u0131k Tarihi M\u00fczesi\u2019ne davet -","robots":{"index":"index","follow":"follow","max-snippet":"max-snippet:-1","max-image-preview":"max-image-preview:large","max-video-preview":"max-video-preview:-1"},"canonical":"https:\/\/kibrisdakik.com\/?p=82544","og_locale":"tr_TR","og_type":"article","og_title":"M\u00fczeler Haftas\u0131\u2019nda BRTK Yay\u0131nc\u0131l\u0131k Tarihi M\u00fczesi\u2019ne davet -","og_description":"18-24 May\u0131s M\u00fczeler Haftas\u0131 dolay\u0131s\u0131yla \u00e7e\u015fitli sanat etkinlikleri d\u00fczenlenecek\u2026 Hafta dolay\u0131s\u0131yla sizleri Bayrak Radyo Televizyon Kurumu\u2019na; Yay\u0131nc\u0131l\u0131k Tarihi M\u00fczesi\u2019ni ziyaret etmeye davet ediyoruz\u2026 KKTC\u2019nin medya ve yay\u0131nc\u0131l\u0131k alan\u0131ndaki geli\u015fimine \u00f6nemli katk\u0131lar sa\u011flayan Bayrak Radyo Televizyon Kurumu, bu k\u00f6kl\u00fc ge\u00e7mi\u015fi ya\u015fatmak amac\u0131yla Yay\u0131nc\u0131l\u0131k Tarihi M\u00fczesi\u2019ni hayata ge\u00e7irmi\u015fti. M\u00fcze, 1963 y\u0131l\u0131nda kurulan Bayrak Radyosu\u2019ndan g\u00fcn\u00fcm\u00fcze kadar uzanan","og_url":"https:\/\/kibrisdakik.com\/?p=82544","article_published_time":"2025-05-18T08:55:36+00:00","og_image":[{"width":880,"height":440,"url":"https:\/\/kibrisdakik.com\/wp-content\/uploads\/2025\/05\/101766-1-740x420.jpg","type":"image\/jpeg"}],"author":"admin","twitter_card":"summary_large_image","twitter_misc":{"Yazan:":"admin","Tahmini okuma s\u00fcresi":"1 dakika"},"schema":{"@context":"https:\/\/schema.org","@graph":[{"@type":"Article","@id":"https:\/\/kibrisdakik.com\/?p=82544#article","isPartOf":{"@id":"https:\/\/kibrisdakik.com\/?p=82544"},"author":{"name":"admin","@id":"https:\/\/kibrisdakik.com\/#\/schema\/person\/9cd9d437bbb44f72b73ba127e06d8e79"},"headline":"M\u00fczeler Haftas\u0131\u2019nda BRTK Yay\u0131nc\u0131l\u0131k Tarihi M\u00fczesi\u2019ne davet","datePublished":"2025-05-18T08:55:36+00:00","mainEntityOfPage":{"@id":"https:\/\/kibrisdakik.com\/?p=82544"},"wordCount":301,"commentCount":0,"image":{"@id":"https:\/\/kibrisdakik.com\/?p=82544#primaryimage"},"thumbnailUrl":"https:\/\/kibrisdakik.com\/wp-content\/uploads\/2025\/05\/101766-1-740x420.jpg","articleSection":["K\u0131br\u0131s","Man\u015fet"],"inLanguage":"tr","potentialAction":[{"@type":"CommentAction","name":"Comment","target":["https:\/\/kibrisdakik.com\/?p=82544#respond"]}]},{"@type":"WebPage","@id":"https:\/\/kibrisdakik.com\/?p=82544","url":"https:\/\/kibrisdakik.com\/?p=82544","name":"M\u00fczeler Haftas\u0131\u2019nda BRTK Yay\u0131nc\u0131l\u0131k Tarihi M\u00fczesi\u2019ne davet -","isPartOf":{"@id":"https:\/\/kibrisdakik.com\/#website"},"primaryImageOfPage":{"@id":"https:\/\/kibrisdakik.com\/?p=82544#primaryimage"},"image":{"@id":"https:\/\/kibrisdakik.com\/?p=82544#primaryimage"},"thumbnailUrl":"https:\/\/kibrisdakik.com\/wp-content\/uploads\/2025\/05\/101766-1-740x420.jpg","datePublished":"2025-05-18T08:55:36+00:00","author":{"@id":"https:\/\/kibrisdakik.com\/#\/schema\/person\/9cd9d437bbb44f72b73ba127e06d8e79"},"breadcrumb":{"@id":"https:\/\/kibrisdakik.com\/?p=82544#breadcrumb"},"inLanguage":"tr","potentialAction":[{"@type":"ReadAction","target":["https:\/\/kibrisdakik.com\/?p=82544"]}]},{"@type":"ImageObject","inLanguage":"tr","@id":"https:\/\/kibrisdakik.com\/?p=82544#primaryimage","url":"https:\/\/kibrisdakik.com\/wp-content\/uploads\/2025\/05\/101766-1-740x420.jpg","contentUrl":"https:\/\/kibrisdakik.com\/wp-content\/uploads\/2025\/05\/101766-1-740x420.jpg","width":880,"height":440},{"@type":"BreadcrumbList","@id":"https:\/\/kibrisdakik.com\/?p=82544#breadcrumb","itemListElement":[{"@type":"ListItem","position":1,"name":"Home","item":"https:\/\/kibrisdakik.com\/"},{"@type":"ListItem","position":2,"name":"M\u00fczeler Haftas\u0131\u2019nda BRTK Yay\u0131nc\u0131l\u0131k Tarihi M\u00fczesi\u2019ne davet"}]},{"@type":"WebSite","@id":"https:\/\/kibrisdakik.com\/#website","url":"https:\/\/kibrisdakik.com\/","name":"","description":"Tam vaktinde haber","potentialAction":[{"@type":"SearchAction","target":{"@type":"EntryPoint","urlTemplate":"https:\/\/kibrisdakik.com\/?s={search_term_string}"},"query-input":{"@type":"PropertyValueSpecification","valueRequired":true,"valueName":"search_term_string"}}],"inLanguage":"tr"},{"@type":"Person","@id":"https:\/\/kibrisdakik.com\/#\/schema\/person\/9cd9d437bbb44f72b73ba127e06d8e79","name":"admin","image":{"@type":"ImageObject","inLanguage":"tr","@id":"https:\/\/secure.gravatar.com\/avatar\/ccc17943b9d660506c869530f897617f7cb1c21a4bf30023f252596d83e1f007?s=96&d=mm&r=g","url":"https:\/\/secure.gravatar.com\/avatar\/ccc17943b9d660506c869530f897617f7cb1c21a4bf30023f252596d83e1f007?s=96&d=mm&r=g","contentUrl":"https:\/\/secure.gravatar.com\/avatar\/ccc17943b9d660506c869530f897617f7cb1c21a4bf30023f252596d83e1f007?s=96&d=mm&r=g","caption":"admin"},"sameAs":["https:\/\/kibrisdakik.com"],"url":"https:\/\/kibrisdakik.com\/?author=1"}]}},"_links":{"self":[{"href":"https:\/\/kibrisdakik.com\/index.php?rest_route=\/wp\/v2\/posts\/82544","targetHints":{"allow":["GET"]}}],"collection":[{"href":"https:\/\/kibrisdakik.com\/index.php?rest_route=\/wp\/v2\/posts"}],"about":[{"href":"https:\/\/kibrisdakik.com\/index.php?rest_route=\/wp\/v2\/types\/post"}],"author":[{"embeddable":true,"href":"https:\/\/kibrisdakik.com\/index.php?rest_route=\/wp\/v2\/users\/1"}],"replies":[{"embeddable":true,"href":"https:\/\/kibrisdakik.com\/index.php?rest_route=%2Fwp%2Fv2%2Fcomments&post=82544"}],"version-history":[{"count":0,"href":"https:\/\/kibrisdakik.com\/index.php?rest_route=\/wp\/v2\/posts\/82544\/revisions"}],"wp:featuredmedia":[{"embeddable":true,"href":"https:\/\/kibrisdakik.com\/index.php?rest_route=\/wp\/v2\/media\/82545"}],"wp:attachment":[{"href":"https:\/\/kibrisdakik.com\/index.php?rest_route=%2Fwp%2Fv2%2Fmedia&parent=82544"}],"wp:term":[{"taxonomy":"category","embeddable":true,"href":"https:\/\/kibrisdakik.com\/index.php?rest_route=%2Fwp%2Fv2%2Fcategories&post=82544"},{"taxonomy":"post_tag","embeddable":true,"href":"https:\/\/kibrisdakik.com\/index.php?rest_route=%2Fwp%2Fv2%2Ftags&post=82544"}],"curies":[{"name":"wp","href":"https:\/\/api.w.org\/{rel}","templated":true}]}}