{"id":8255,"date":"2023-06-05T11:33:06","date_gmt":"2023-06-05T11:33:06","guid":{"rendered":"https:\/\/kibrisdakik.com\/index.php\/2023\/06\/05\/itfaiye-mudurlugu-yanginlara-karsi-tedbirler-konusunda-uyarilarda-bulundu\/"},"modified":"2023-06-05T11:33:06","modified_gmt":"2023-06-05T11:33:06","slug":"itfaiye-mudurlugu-yanginlara-karsi-tedbirler-konusunda-uyarilarda-bulundu","status":"publish","type":"post","link":"https:\/\/kibrisdakik.com\/?p=8255","title":{"rendered":"\u0130tfaiye M\u00fcd\u00fcrl\u00fc\u011f\u00fc yang\u0131nlara kar\u015f\u0131 tedbirler konusunda uyar\u0131larda bulundu"},"content":{"rendered":"<p><\/p>\n<div>\n<div class=\"mariselle-image-container center\">\n                <img width=\"700\" height=\"391\" class=\"lazy-image\" alt=\"\" decoding=\"async\" loading=\"lazy\" sizes=\"auto, (max-width: 700px) 100vw, 700px\" src=\"https:\/\/brtk.net\/wp-content\/uploads\/2023\/02\/13\/itfaiye-raporuuuuuuu-haftalik.jpg?ver=93a7d64e450493281921a915eceb8986\" srcset=\"https:\/\/brtk.net\/wp-content\/uploads\/2023\/02\/13\/itfaiye-raporuuuuuuu-haftalik.jpg?ver=93a7d64e450493281921a915eceb8986 700w, https:\/\/brtk.net\/wp-content\/uploads\/2023\/02\/13\/itfaiye-raporuuuuuuu-haftalik-300x168.jpg?ver=93a7d64e450493281921a915eceb8986 300w\"\/>                            <\/div>\n<p> \u0130tfaiye M\u00fcd\u00fcrl\u00fc\u011f\u00fc, olas\u0131 yang\u0131nlar konusunda  al\u0131nabilecek tedbirleri hat\u0131rlatarak, zaman\u0131nda al\u0131nan tedbirlerin  felaketi \u00f6nleyece\u011fini vurgulad\u0131.<\/p>\n<p>1 May\u0131s itibar\u0131yla 31 Ekim\u2019e kadar her t\u00fcrl\u00fc ate\u015f yakman\u0131n yasak oldu\u011fu hat\u0131rlat\u0131lan duyuruda, elektrik ar\u0131zalar\u0131 i\u00e7in Alo 188 Elektrik Ar\u0131za, , duman veya ate\u015f belirtisi g\u00f6r\u00fcld\u00fc\u011f\u00fcnde 199 \u0130tfaiye Yang\u0131n \u0130hbar Hatt\u0131, 177 Orman Yang\u0131n \u0130hbar Hatt\u0131 veya 155 Polis Hatt\u0131na haber verilmesi istendi.<\/p>\n<p> Duyuruda al\u0131nabilecek yang\u0131n \u00f6nlemleri \u015f\u00f6yle s\u0131raland\u0131:<\/p>\n<p>\u201c01 May\u0131s \u2013 31 Ekim tarihleri aras\u0131nda, temizlik maksatl\u0131 olsa bile her t\u00fcrl\u00fc ate\u015f yakmak yasakt\u0131r. Ate\u015f yakmaya m\u00fcsait olmayan alanlarda, yak\u0131lan ate\u015fin kontrol\u00fcm\u00fcz d\u0131\u015f\u0131na \u00e7\u0131k\u0131p yang\u0131na sebep olabilece\u011fi unutulmamal\u0131d\u0131r.<\/p>\n<p>Spiral ve kaynak makinesi gibi k\u0131v\u0131lc\u0131ma sebep olan i\u015f aletleri ile \u00e7al\u0131\u015fma yap\u0131laca\u011f\u0131 zaman, \u00e7evredeki kuru otlar ve di\u011fer yang\u0131n \u00e7\u0131karabilecek malzemelerin temizlenmesi ayr\u0131ca, \u00e7al\u0131\u015fma yerinde yang\u0131n s\u00f6nd\u00fcrme cihaz\u0131 ile yang\u0131n s\u00f6nd\u00fcrmeye y\u00f6nelik ara\u00e7-gere\u00e7 bulundurulmas\u0131 gerekmektedir.<\/p>\n<p>Ormanlar ile yol kenarlar\u0131na yak\u0131n arazilerde, ekili alanlar\u0131n etraf\u0131na en az 3-4 metre geni\u015fli\u011finde \u015ferit a\u00e7\u0131lmas\u0131 olas\u0131 bir yang\u0131n\u0131n sirayet etmesini \u00f6nleyecektir.<\/p>\n<p>Tamamen s\u00f6nd\u00fc\u011f\u00fcnden emin olmadan sigara izmaritlerini \u00e7evreye, yol kenarlar\u0131na, \u00e7\u00f6p bidonlar\u0131 i\u00e7erisine veya yanabilecek madde ve malzemeler \u00fczerine atmay\u0131n\u0131z.<\/p>\n<p>Ta\u015f\u0131nabilir \u015farj (powerbank) cihazlar\u0131n\u0131z\u0131, ara\u00e7 i\u00e7erisinde direkt g\u00fcne\u015f \u0131\u015f\u0131\u011f\u0131 g\u00f6ren yerlerde muhafaza etmeyiniz.<\/p>\n<p>\u0130\u015f yeri ve konutlar\u0131n\u0131zdaki elektrik tesisatlar\u0131nda, a\u015f\u0131r\u0131 y\u00fcklenmeden dolay\u0131 meydana gelecek olan k\u0131sa devreleri \u00f6nlemek amac\u0131yla elektrik tesisatlar\u0131n\u0131z\u0131n kontrol\u00fcn\u00fc uzman ki\u015filere yapt\u0131r\u0131n\u0131z.<\/p>\n<p>\u00d6zel, tar\u0131msal, toplu ta\u015f\u0131ma ve akaryak\u0131t ta\u015f\u0131yan ara\u00e7lar\u0131n servisini, bak\u0131m\u0131n\u0131, egzoz ve lastik kontrollerini zaman\u0131nda yapt\u0131rman\u0131z; meydana gelecek yak\u0131t s\u0131zmalar\u0131n\u0131, k\u0131sa devreleri ve egzozlardan \u00e7\u0131kacak k\u0131v\u0131lc\u0131mlar\u0131n yang\u0131na sebep olmas\u0131n\u0131 \u00f6nleyecektir.<\/p>\n<p>Ara\u00e7lar\u0131n\u0131z\u0131n i\u00e7erisinde, i\u015f yerleri ve evlerinizde, yang\u0131n s\u00f6nd\u00fcrme cihaz\u0131 bulundurulmas\u0131 ve bu cihaz\u0131n kullan\u0131m\u0131n\u0131n \u00f6\u011frenilmesi, \u00e7\u0131kacak olas\u0131 bir tehlikeyi ve yang\u0131n\u0131n b\u00fcy\u00fcmesini \u00f6nleyecektir.<\/p>\n<p>\u0130\u015f yeri ve evinizi yang\u0131n riskine kar\u015f\u0131 sigortalaman\u0131z, olu\u015facak maddi hasar\u0131 gidermenizde size yard\u0131mc\u0131 olacakt\u0131r.<\/p>\n<p>Tehlike te\u015fkil eden trafo merkezi, elektrik dire\u011fi, birbirine temas edebilecek elektrik telleri ve ayr\u0131ca, k\u00f6t\u00fc hava ko\u015fullar\u0131nda elektrik tellerinin \u00fczerine d\u00fc\u015febilecek a\u011fa\u00e7 dallar\u0131 g\u00f6rd\u00fc\u011f\u00fcn\u00fczde 188 Elektrik Ar\u0131za hatt\u0131n\u0131 aray\u0131n\u0131z.<\/p>\n<p>Herhangi bir duman veya ate\u015f belirtisi g\u00f6ren vatanda\u015flar\u0131m\u0131z\u0131n hemen 199 \u0130tfaiye Yang\u0131n \u0130hbar Hatt\u0131, 177 Orman Yang\u0131n \u0130hbar Hatt\u0131 veya 155 Polis Hatt\u0131na ula\u015fmalar\u0131 \u00f6nemle rica olunur.\u201d<\/p>\n<\/p><\/div>\n<p><script async\n                    defer\n                    crossorigin=\"anonymous\"\n                    src=\"https:\/\/connect.facebook.net\/tr_TR\/sdk.js#xfbml=1&#038;version=v3.3\"\n            ><\/script><\/p>\n","protected":false},"excerpt":{"rendered":"<p>\u0130tfaiye M\u00fcd\u00fcrl\u00fc\u011f\u00fc, olas\u0131 yang\u0131nlar konusunda al\u0131nabilecek tedbirleri hat\u0131rlatarak, zaman\u0131nda al\u0131nan tedbirlerin felaketi \u00f6nleyece\u011fini vurgulad\u0131. 1 May\u0131s itibar\u0131yla 31 Ekim\u2019e kadar her t\u00fcrl\u00fc ate\u015f yakman\u0131n yasak oldu\u011fu hat\u0131rlat\u0131lan duyuruda, elektrik ar\u0131zalar\u0131 i\u00e7in Alo 188 Elektrik Ar\u0131za, , duman veya ate\u015f belirtisi g\u00f6r\u00fcld\u00fc\u011f\u00fcnde 199 \u0130tfaiye Yang\u0131n \u0130hbar Hatt\u0131, 177 Orman Yang\u0131n \u0130hbar Hatt\u0131 veya 155 Polis Hatt\u0131na<\/p>\n","protected":false},"author":1,"featured_media":7836,"comment_status":"open","ping_status":"open","sticky":false,"template":"","format":"standard","meta":{"footnotes":""},"categories":[1],"tags":[],"class_list":["post-8255","post","type-post","status-publish","format-standard","has-post-thumbnail","hentry","category-gundem"],"yoast_head":"<!-- This site is optimized with the Yoast SEO plugin v27.4 - https:\/\/yoast.com\/product\/yoast-seo-wordpress\/ -->\n<title>\u0130tfaiye M\u00fcd\u00fcrl\u00fc\u011f\u00fc yang\u0131nlara kar\u015f\u0131 tedbirler konusunda uyar\u0131larda bulundu -<\/title>\n<meta name=\"robots\" content=\"index, follow, max-snippet:-1, max-image-preview:large, max-video-preview:-1\" \/>\n<link rel=\"canonical\" href=\"https:\/\/kibrisdakik.com\/?p=8255\" \/>\n<meta property=\"og:locale\" content=\"tr_TR\" \/>\n<meta property=\"og:type\" content=\"article\" \/>\n<meta property=\"og:title\" content=\"\u0130tfaiye M\u00fcd\u00fcrl\u00fc\u011f\u00fc yang\u0131nlara kar\u015f\u0131 tedbirler konusunda uyar\u0131larda bulundu -\" \/>\n<meta property=\"og:description\" content=\"\u0130tfaiye M\u00fcd\u00fcrl\u00fc\u011f\u00fc, olas\u0131 yang\u0131nlar konusunda al\u0131nabilecek tedbirleri hat\u0131rlatarak, zaman\u0131nda al\u0131nan tedbirlerin felaketi \u00f6nleyece\u011fini vurgulad\u0131. 1 May\u0131s itibar\u0131yla 31 Ekim\u2019e kadar her t\u00fcrl\u00fc ate\u015f yakman\u0131n yasak oldu\u011fu hat\u0131rlat\u0131lan duyuruda, elektrik ar\u0131zalar\u0131 i\u00e7in Alo 188 Elektrik Ar\u0131za, , duman veya ate\u015f belirtisi g\u00f6r\u00fcld\u00fc\u011f\u00fcnde 199 \u0130tfaiye Yang\u0131n \u0130hbar Hatt\u0131, 177 Orman Yang\u0131n \u0130hbar Hatt\u0131 veya 155 Polis Hatt\u0131na\" \/>\n<meta property=\"og:url\" content=\"https:\/\/kibrisdakik.com\/?p=8255\" \/>\n<meta property=\"article:published_time\" content=\"2023-06-05T11:33:06+00:00\" \/>\n<meta property=\"og:image\" content=\"https:\/\/kibrisdakik.com\/wp-content\/uploads\/2023\/05\/itfaiye28-740x420.jpg\" \/>\n\t<meta property=\"og:image:width\" content=\"880\" \/>\n\t<meta property=\"og:image:height\" content=\"440\" \/>\n\t<meta property=\"og:image:type\" content=\"image\/jpeg\" \/>\n<meta name=\"author\" content=\"admin\" \/>\n<meta name=\"twitter:card\" content=\"summary_large_image\" \/>\n<meta name=\"twitter:label1\" content=\"Yazan:\" \/>\n\t<meta name=\"twitter:data1\" content=\"admin\" \/>\n\t<meta name=\"twitter:label2\" content=\"Tahmini okuma s\u00fcresi\" \/>\n\t<meta name=\"twitter:data2\" content=\"2 dakika\" \/>\n<script type=\"application\/ld+json\" class=\"yoast-schema-graph\">{\"@context\":\"https:\\\/\\\/schema.org\",\"@graph\":[{\"@type\":\"Article\",\"@id\":\"https:\\\/\\\/kibrisdakik.com\\\/?p=8255#article\",\"isPartOf\":{\"@id\":\"https:\\\/\\\/kibrisdakik.com\\\/?p=8255\"},\"author\":{\"name\":\"admin\",\"@id\":\"https:\\\/\\\/kibrisdakik.com\\\/#\\\/schema\\\/person\\\/9cd9d437bbb44f72b73ba127e06d8e79\"},\"headline\":\"\u0130tfaiye M\u00fcd\u00fcrl\u00fc\u011f\u00fc yang\u0131nlara kar\u015f\u0131 tedbirler konusunda uyar\u0131larda bulundu\",\"datePublished\":\"2023-06-05T11:33:06+00:00\",\"mainEntityOfPage\":{\"@id\":\"https:\\\/\\\/kibrisdakik.com\\\/?p=8255\"},\"wordCount\":487,\"commentCount\":0,\"image\":{\"@id\":\"https:\\\/\\\/kibrisdakik.com\\\/?p=8255#primaryimage\"},\"thumbnailUrl\":\"https:\\\/\\\/kibrisdakik.com\\\/wp-content\\\/uploads\\\/2023\\\/05\\\/itfaiye28-740x420.jpg\",\"articleSection\":[\"G\u00fcndem\"],\"inLanguage\":\"tr\",\"potentialAction\":[{\"@type\":\"CommentAction\",\"name\":\"Comment\",\"target\":[\"https:\\\/\\\/kibrisdakik.com\\\/?p=8255#respond\"]}]},{\"@type\":\"WebPage\",\"@id\":\"https:\\\/\\\/kibrisdakik.com\\\/?p=8255\",\"url\":\"https:\\\/\\\/kibrisdakik.com\\\/?p=8255\",\"name\":\"\u0130tfaiye M\u00fcd\u00fcrl\u00fc\u011f\u00fc yang\u0131nlara kar\u015f\u0131 tedbirler konusunda uyar\u0131larda bulundu -\",\"isPartOf\":{\"@id\":\"https:\\\/\\\/kibrisdakik.com\\\/#website\"},\"primaryImageOfPage\":{\"@id\":\"https:\\\/\\\/kibrisdakik.com\\\/?p=8255#primaryimage\"},\"image\":{\"@id\":\"https:\\\/\\\/kibrisdakik.com\\\/?p=8255#primaryimage\"},\"thumbnailUrl\":\"https:\\\/\\\/kibrisdakik.com\\\/wp-content\\\/uploads\\\/2023\\\/05\\\/itfaiye28-740x420.jpg\",\"datePublished\":\"2023-06-05T11:33:06+00:00\",\"author\":{\"@id\":\"https:\\\/\\\/kibrisdakik.com\\\/#\\\/schema\\\/person\\\/9cd9d437bbb44f72b73ba127e06d8e79\"},\"breadcrumb\":{\"@id\":\"https:\\\/\\\/kibrisdakik.com\\\/?p=8255#breadcrumb\"},\"inLanguage\":\"tr\",\"potentialAction\":[{\"@type\":\"ReadAction\",\"target\":[\"https:\\\/\\\/kibrisdakik.com\\\/?p=8255\"]}]},{\"@type\":\"ImageObject\",\"inLanguage\":\"tr\",\"@id\":\"https:\\\/\\\/kibrisdakik.com\\\/?p=8255#primaryimage\",\"url\":\"https:\\\/\\\/kibrisdakik.com\\\/wp-content\\\/uploads\\\/2023\\\/05\\\/itfaiye28-740x420.jpg\",\"contentUrl\":\"https:\\\/\\\/kibrisdakik.com\\\/wp-content\\\/uploads\\\/2023\\\/05\\\/itfaiye28-740x420.jpg\",\"width\":880,\"height\":440},{\"@type\":\"BreadcrumbList\",\"@id\":\"https:\\\/\\\/kibrisdakik.com\\\/?p=8255#breadcrumb\",\"itemListElement\":[{\"@type\":\"ListItem\",\"position\":1,\"name\":\"Home\",\"item\":\"https:\\\/\\\/kibrisdakik.com\\\/\"},{\"@type\":\"ListItem\",\"position\":2,\"name\":\"\u0130tfaiye M\u00fcd\u00fcrl\u00fc\u011f\u00fc yang\u0131nlara kar\u015f\u0131 tedbirler konusunda uyar\u0131larda bulundu\"}]},{\"@type\":\"WebSite\",\"@id\":\"https:\\\/\\\/kibrisdakik.com\\\/#website\",\"url\":\"https:\\\/\\\/kibrisdakik.com\\\/\",\"name\":\"\",\"description\":\"Tam vaktinde haber\",\"potentialAction\":[{\"@type\":\"SearchAction\",\"target\":{\"@type\":\"EntryPoint\",\"urlTemplate\":\"https:\\\/\\\/kibrisdakik.com\\\/?s={search_term_string}\"},\"query-input\":{\"@type\":\"PropertyValueSpecification\",\"valueRequired\":true,\"valueName\":\"search_term_string\"}}],\"inLanguage\":\"tr\"},{\"@type\":\"Person\",\"@id\":\"https:\\\/\\\/kibrisdakik.com\\\/#\\\/schema\\\/person\\\/9cd9d437bbb44f72b73ba127e06d8e79\",\"name\":\"admin\",\"image\":{\"@type\":\"ImageObject\",\"inLanguage\":\"tr\",\"@id\":\"https:\\\/\\\/secure.gravatar.com\\\/avatar\\\/ccc17943b9d660506c869530f897617f7cb1c21a4bf30023f252596d83e1f007?s=96&d=mm&r=g\",\"url\":\"https:\\\/\\\/secure.gravatar.com\\\/avatar\\\/ccc17943b9d660506c869530f897617f7cb1c21a4bf30023f252596d83e1f007?s=96&d=mm&r=g\",\"contentUrl\":\"https:\\\/\\\/secure.gravatar.com\\\/avatar\\\/ccc17943b9d660506c869530f897617f7cb1c21a4bf30023f252596d83e1f007?s=96&d=mm&r=g\",\"caption\":\"admin\"},\"sameAs\":[\"https:\\\/\\\/kibrisdakik.com\"],\"url\":\"https:\\\/\\\/kibrisdakik.com\\\/?author=1\"}]}<\/script>\n<!-- \/ Yoast SEO plugin. -->","yoast_head_json":{"title":"\u0130tfaiye M\u00fcd\u00fcrl\u00fc\u011f\u00fc yang\u0131nlara kar\u015f\u0131 tedbirler konusunda uyar\u0131larda bulundu -","robots":{"index":"index","follow":"follow","max-snippet":"max-snippet:-1","max-image-preview":"max-image-preview:large","max-video-preview":"max-video-preview:-1"},"canonical":"https:\/\/kibrisdakik.com\/?p=8255","og_locale":"tr_TR","og_type":"article","og_title":"\u0130tfaiye M\u00fcd\u00fcrl\u00fc\u011f\u00fc yang\u0131nlara kar\u015f\u0131 tedbirler konusunda uyar\u0131larda bulundu -","og_description":"\u0130tfaiye M\u00fcd\u00fcrl\u00fc\u011f\u00fc, olas\u0131 yang\u0131nlar konusunda al\u0131nabilecek tedbirleri hat\u0131rlatarak, zaman\u0131nda al\u0131nan tedbirlerin felaketi \u00f6nleyece\u011fini vurgulad\u0131. 1 May\u0131s itibar\u0131yla 31 Ekim\u2019e kadar her t\u00fcrl\u00fc ate\u015f yakman\u0131n yasak oldu\u011fu hat\u0131rlat\u0131lan duyuruda, elektrik ar\u0131zalar\u0131 i\u00e7in Alo 188 Elektrik Ar\u0131za, , duman veya ate\u015f belirtisi g\u00f6r\u00fcld\u00fc\u011f\u00fcnde 199 \u0130tfaiye Yang\u0131n \u0130hbar Hatt\u0131, 177 Orman Yang\u0131n \u0130hbar Hatt\u0131 veya 155 Polis Hatt\u0131na","og_url":"https:\/\/kibrisdakik.com\/?p=8255","article_published_time":"2023-06-05T11:33:06+00:00","og_image":[{"width":880,"height":440,"url":"https:\/\/kibrisdakik.com\/wp-content\/uploads\/2023\/05\/itfaiye28-740x420.jpg","type":"image\/jpeg"}],"author":"admin","twitter_card":"summary_large_image","twitter_misc":{"Yazan:":"admin","Tahmini okuma s\u00fcresi":"2 dakika"},"schema":{"@context":"https:\/\/schema.org","@graph":[{"@type":"Article","@id":"https:\/\/kibrisdakik.com\/?p=8255#article","isPartOf":{"@id":"https:\/\/kibrisdakik.com\/?p=8255"},"author":{"name":"admin","@id":"https:\/\/kibrisdakik.com\/#\/schema\/person\/9cd9d437bbb44f72b73ba127e06d8e79"},"headline":"\u0130tfaiye M\u00fcd\u00fcrl\u00fc\u011f\u00fc yang\u0131nlara kar\u015f\u0131 tedbirler konusunda uyar\u0131larda bulundu","datePublished":"2023-06-05T11:33:06+00:00","mainEntityOfPage":{"@id":"https:\/\/kibrisdakik.com\/?p=8255"},"wordCount":487,"commentCount":0,"image":{"@id":"https:\/\/kibrisdakik.com\/?p=8255#primaryimage"},"thumbnailUrl":"https:\/\/kibrisdakik.com\/wp-content\/uploads\/2023\/05\/itfaiye28-740x420.jpg","articleSection":["G\u00fcndem"],"inLanguage":"tr","potentialAction":[{"@type":"CommentAction","name":"Comment","target":["https:\/\/kibrisdakik.com\/?p=8255#respond"]}]},{"@type":"WebPage","@id":"https:\/\/kibrisdakik.com\/?p=8255","url":"https:\/\/kibrisdakik.com\/?p=8255","name":"\u0130tfaiye M\u00fcd\u00fcrl\u00fc\u011f\u00fc yang\u0131nlara kar\u015f\u0131 tedbirler konusunda uyar\u0131larda bulundu -","isPartOf":{"@id":"https:\/\/kibrisdakik.com\/#website"},"primaryImageOfPage":{"@id":"https:\/\/kibrisdakik.com\/?p=8255#primaryimage"},"image":{"@id":"https:\/\/kibrisdakik.com\/?p=8255#primaryimage"},"thumbnailUrl":"https:\/\/kibrisdakik.com\/wp-content\/uploads\/2023\/05\/itfaiye28-740x420.jpg","datePublished":"2023-06-05T11:33:06+00:00","author":{"@id":"https:\/\/kibrisdakik.com\/#\/schema\/person\/9cd9d437bbb44f72b73ba127e06d8e79"},"breadcrumb":{"@id":"https:\/\/kibrisdakik.com\/?p=8255#breadcrumb"},"inLanguage":"tr","potentialAction":[{"@type":"ReadAction","target":["https:\/\/kibrisdakik.com\/?p=8255"]}]},{"@type":"ImageObject","inLanguage":"tr","@id":"https:\/\/kibrisdakik.com\/?p=8255#primaryimage","url":"https:\/\/kibrisdakik.com\/wp-content\/uploads\/2023\/05\/itfaiye28-740x420.jpg","contentUrl":"https:\/\/kibrisdakik.com\/wp-content\/uploads\/2023\/05\/itfaiye28-740x420.jpg","width":880,"height":440},{"@type":"BreadcrumbList","@id":"https:\/\/kibrisdakik.com\/?p=8255#breadcrumb","itemListElement":[{"@type":"ListItem","position":1,"name":"Home","item":"https:\/\/kibrisdakik.com\/"},{"@type":"ListItem","position":2,"name":"\u0130tfaiye M\u00fcd\u00fcrl\u00fc\u011f\u00fc yang\u0131nlara kar\u015f\u0131 tedbirler konusunda uyar\u0131larda bulundu"}]},{"@type":"WebSite","@id":"https:\/\/kibrisdakik.com\/#website","url":"https:\/\/kibrisdakik.com\/","name":"","description":"Tam vaktinde haber","potentialAction":[{"@type":"SearchAction","target":{"@type":"EntryPoint","urlTemplate":"https:\/\/kibrisdakik.com\/?s={search_term_string}"},"query-input":{"@type":"PropertyValueSpecification","valueRequired":true,"valueName":"search_term_string"}}],"inLanguage":"tr"},{"@type":"Person","@id":"https:\/\/kibrisdakik.com\/#\/schema\/person\/9cd9d437bbb44f72b73ba127e06d8e79","name":"admin","image":{"@type":"ImageObject","inLanguage":"tr","@id":"https:\/\/secure.gravatar.com\/avatar\/ccc17943b9d660506c869530f897617f7cb1c21a4bf30023f252596d83e1f007?s=96&d=mm&r=g","url":"https:\/\/secure.gravatar.com\/avatar\/ccc17943b9d660506c869530f897617f7cb1c21a4bf30023f252596d83e1f007?s=96&d=mm&r=g","contentUrl":"https:\/\/secure.gravatar.com\/avatar\/ccc17943b9d660506c869530f897617f7cb1c21a4bf30023f252596d83e1f007?s=96&d=mm&r=g","caption":"admin"},"sameAs":["https:\/\/kibrisdakik.com"],"url":"https:\/\/kibrisdakik.com\/?author=1"}]}},"_links":{"self":[{"href":"https:\/\/kibrisdakik.com\/index.php?rest_route=\/wp\/v2\/posts\/8255","targetHints":{"allow":["GET"]}}],"collection":[{"href":"https:\/\/kibrisdakik.com\/index.php?rest_route=\/wp\/v2\/posts"}],"about":[{"href":"https:\/\/kibrisdakik.com\/index.php?rest_route=\/wp\/v2\/types\/post"}],"author":[{"embeddable":true,"href":"https:\/\/kibrisdakik.com\/index.php?rest_route=\/wp\/v2\/users\/1"}],"replies":[{"embeddable":true,"href":"https:\/\/kibrisdakik.com\/index.php?rest_route=%2Fwp%2Fv2%2Fcomments&post=8255"}],"version-history":[{"count":0,"href":"https:\/\/kibrisdakik.com\/index.php?rest_route=\/wp\/v2\/posts\/8255\/revisions"}],"wp:featuredmedia":[{"embeddable":true,"href":"https:\/\/kibrisdakik.com\/index.php?rest_route=\/wp\/v2\/media\/7836"}],"wp:attachment":[{"href":"https:\/\/kibrisdakik.com\/index.php?rest_route=%2Fwp%2Fv2%2Fmedia&parent=8255"}],"wp:term":[{"taxonomy":"category","embeddable":true,"href":"https:\/\/kibrisdakik.com\/index.php?rest_route=%2Fwp%2Fv2%2Fcategories&post=8255"},{"taxonomy":"post_tag","embeddable":true,"href":"https:\/\/kibrisdakik.com\/index.php?rest_route=%2Fwp%2Fv2%2Ftags&post=8255"}],"curies":[{"name":"wp","href":"https:\/\/api.w.org\/{rel}","templated":true}]}}