{"id":82577,"date":"2025-05-18T17:28:18","date_gmt":"2025-05-18T14:28:18","guid":{"rendered":"https:\/\/kibrisdakik.com\/index.php\/2025\/05\/18\/basbakan-ustelden-neriman-cahit-icin-taziye-mesaji\/"},"modified":"2025-05-18T17:28:18","modified_gmt":"2025-05-18T14:28:18","slug":"basbakan-ustelden-neriman-cahit-icin-taziye-mesaji","status":"publish","type":"post","link":"https:\/\/kibrisdakik.com\/?p=82577","title":{"rendered":"Ba\u015fbakan \u00dcstel\u2019den Neriman Cahit i\u00e7in taziye mesaj\u0131"},"content":{"rendered":"<div>\n<div class=\"mariselle-image-container center\">\n                                            <\/div>\n<p>K\u0131br\u0131s T\u00fcrk edebiyat\u0131n\u0131n unutulmaz ismi, de\u011ferli \u00f6\u011fretmen, \u015fair, yazar ve kad\u0131n haklar\u0131 savunucusu Neriman Cahit\u2019in vefat\u0131 derin bir \u00fcz\u00fcnt\u00fcyle kar\u015f\u0131land\u0131.<\/p>\n<p>Ba\u015fbakan \u00dcnal \u00dcstel, taziye mesaj\u0131nda Neriman Cahit\u2019i sadece kalemiyle de\u011fil, y\u00fcre\u011fiyle de topluma \u0131\u015f\u0131k tutan, d\u00fc\u015f\u00fcnceleri ve duru\u015fuyla ilham veren bir isim olarak nitelendirdi. \u00dcstel, Cahit\u2019in \u00f6zellikle kad\u0131n, adalet ve emek konular\u0131ndaki kararl\u0131l\u0131\u011f\u0131n\u0131n bir neslin belle\u011fine kaz\u0131nm\u0131\u015f \u00f6nemli bir miras oldu\u011funu vurgulad\u0131.<\/p>\n<p>Turizm Bakanl\u0131\u011f\u0131 d\u00f6neminde birlikte \u00e7al\u0131\u015fma f\u0131rsat\u0131 bulman\u0131n kendisi i\u00e7in b\u00fcy\u00fck bir onur oldu\u011funu belirten \u00dcstel, Neriman Cahit\u2019in \u00fcretkenli\u011fi, samimiyeti ve \u00fclkesine olan sevgisinin her sohbetlerinde hissedildi\u011fini ifade etti.<\/p>\n<p>Ba\u015fbakan \u00dcnal \u00dcstel, Neriman Cahit\u2019e Allah\u2019tan rahmet dileyerek, yasl\u0131 ailesine, t\u00fcm sevenlerine ve K\u0131br\u0131s T\u00fcrk halk\u0131na sab\u0131r ve ba\u015fsa\u011fl\u0131\u011f\u0131 temennisinde bulundu.<\/p>\n<\/p><\/div>\n<p><script async\n                    defer\n                    crossorigin=\"anonymous\"\n                    src=\"https:\/\/connect.facebook.net\/tr_TR\/sdk.js#xfbml=1&#038;version=v3.3\"\n            ><\/script><\/p>\n","protected":false},"excerpt":{"rendered":"<p>K\u0131br\u0131s T\u00fcrk edebiyat\u0131n\u0131n unutulmaz ismi, de\u011ferli \u00f6\u011fretmen, \u015fair, yazar ve kad\u0131n haklar\u0131 savunucusu Neriman Cahit\u2019in vefat\u0131 derin bir \u00fcz\u00fcnt\u00fcyle kar\u015f\u0131land\u0131. Ba\u015fbakan \u00dcnal \u00dcstel, taziye mesaj\u0131nda Neriman Cahit\u2019i sadece kalemiyle de\u011fil, y\u00fcre\u011fiyle de topluma \u0131\u015f\u0131k tutan, d\u00fc\u015f\u00fcnceleri ve duru\u015fuyla ilham veren bir isim olarak nitelendirdi. \u00dcstel, Cahit\u2019in \u00f6zellikle kad\u0131n, adalet ve emek konular\u0131ndaki kararl\u0131l\u0131\u011f\u0131n\u0131n bir neslin<\/p>\n","protected":false},"author":1,"featured_media":2463,"comment_status":"open","ping_status":"open","sticky":false,"template":"","format":"standard","meta":{"footnotes":""},"categories":[81,101],"tags":[],"class_list":["post-82577","post","type-post","status-publish","format-standard","has-post-thumbnail","hentry","category-kibris","category-manset"],"yoast_head":"<!-- This site is optimized with the Yoast SEO plugin v27.5 - https:\/\/yoast.com\/product\/yoast-seo-wordpress\/ -->\n<title>Ba\u015fbakan \u00dcstel\u2019den Neriman Cahit i\u00e7in taziye mesaj\u0131 -<\/title>\n<meta name=\"robots\" content=\"index, follow, max-snippet:-1, max-image-preview:large, max-video-preview:-1\" \/>\n<link rel=\"canonical\" href=\"https:\/\/kibrisdakik.com\/?p=82577\" \/>\n<meta property=\"og:locale\" content=\"tr_TR\" \/>\n<meta property=\"og:type\" content=\"article\" \/>\n<meta property=\"og:title\" content=\"Ba\u015fbakan \u00dcstel\u2019den Neriman Cahit i\u00e7in taziye mesaj\u0131 -\" \/>\n<meta property=\"og:description\" content=\"K\u0131br\u0131s T\u00fcrk edebiyat\u0131n\u0131n unutulmaz ismi, de\u011ferli \u00f6\u011fretmen, \u015fair, yazar ve kad\u0131n haklar\u0131 savunucusu Neriman Cahit\u2019in vefat\u0131 derin bir \u00fcz\u00fcnt\u00fcyle kar\u015f\u0131land\u0131. Ba\u015fbakan \u00dcnal \u00dcstel, taziye mesaj\u0131nda Neriman Cahit\u2019i sadece kalemiyle de\u011fil, y\u00fcre\u011fiyle de topluma \u0131\u015f\u0131k tutan, d\u00fc\u015f\u00fcnceleri ve duru\u015fuyla ilham veren bir isim olarak nitelendirdi. \u00dcstel, Cahit\u2019in \u00f6zellikle kad\u0131n, adalet ve emek konular\u0131ndaki kararl\u0131l\u0131\u011f\u0131n\u0131n bir neslin\" \/>\n<meta property=\"og:url\" content=\"https:\/\/kibrisdakik.com\/?p=82577\" \/>\n<meta property=\"article:published_time\" content=\"2025-05-18T14:28:18+00:00\" \/>\n<meta property=\"og:image\" content=\"https:\/\/kibrisdakik.com\/wp-content\/uploads\/2023\/03\/UNAL-USTEL-YAZI-YAZARKEN-1024x576.png\" \/>\n\t<meta property=\"og:image:width\" content=\"1024\" \/>\n\t<meta property=\"og:image:height\" content=\"576\" \/>\n\t<meta property=\"og:image:type\" content=\"image\/png\" \/>\n<meta name=\"author\" content=\"admin\" \/>\n<meta name=\"twitter:card\" content=\"summary_large_image\" \/>\n<meta name=\"twitter:label1\" content=\"Yazan:\" \/>\n\t<meta name=\"twitter:data1\" content=\"admin\" \/>\n\t<meta name=\"twitter:label2\" content=\"Tahmini okuma s\u00fcresi\" \/>\n\t<meta name=\"twitter:data2\" content=\"1 dakika\" \/>\n<script type=\"application\/ld+json\" class=\"yoast-schema-graph\">{\"@context\":\"https:\\\/\\\/schema.org\",\"@graph\":[{\"@type\":\"Article\",\"@id\":\"https:\\\/\\\/kibrisdakik.com\\\/?p=82577#article\",\"isPartOf\":{\"@id\":\"https:\\\/\\\/kibrisdakik.com\\\/?p=82577\"},\"author\":{\"name\":\"admin\",\"@id\":\"https:\\\/\\\/kibrisdakik.com\\\/#\\\/schema\\\/person\\\/9cd9d437bbb44f72b73ba127e06d8e79\"},\"headline\":\"Ba\u015fbakan \u00dcstel\u2019den Neriman Cahit i\u00e7in taziye mesaj\u0131\",\"datePublished\":\"2025-05-18T14:28:18+00:00\",\"mainEntityOfPage\":{\"@id\":\"https:\\\/\\\/kibrisdakik.com\\\/?p=82577\"},\"wordCount\":171,\"commentCount\":0,\"image\":{\"@id\":\"https:\\\/\\\/kibrisdakik.com\\\/?p=82577#primaryimage\"},\"thumbnailUrl\":\"https:\\\/\\\/kibrisdakik.com\\\/wp-content\\\/uploads\\\/2023\\\/03\\\/UNAL-USTEL-YAZI-YAZARKEN-740x420.png\",\"articleSection\":[\"K\u0131br\u0131s\",\"Man\u015fet\"],\"inLanguage\":\"tr\",\"potentialAction\":[{\"@type\":\"CommentAction\",\"name\":\"Comment\",\"target\":[\"https:\\\/\\\/kibrisdakik.com\\\/?p=82577#respond\"]}]},{\"@type\":\"WebPage\",\"@id\":\"https:\\\/\\\/kibrisdakik.com\\\/?p=82577\",\"url\":\"https:\\\/\\\/kibrisdakik.com\\\/?p=82577\",\"name\":\"Ba\u015fbakan \u00dcstel\u2019den Neriman Cahit i\u00e7in taziye mesaj\u0131 -\",\"isPartOf\":{\"@id\":\"https:\\\/\\\/kibrisdakik.com\\\/#website\"},\"primaryImageOfPage\":{\"@id\":\"https:\\\/\\\/kibrisdakik.com\\\/?p=82577#primaryimage\"},\"image\":{\"@id\":\"https:\\\/\\\/kibrisdakik.com\\\/?p=82577#primaryimage\"},\"thumbnailUrl\":\"https:\\\/\\\/kibrisdakik.com\\\/wp-content\\\/uploads\\\/2023\\\/03\\\/UNAL-USTEL-YAZI-YAZARKEN-740x420.png\",\"datePublished\":\"2025-05-18T14:28:18+00:00\",\"author\":{\"@id\":\"https:\\\/\\\/kibrisdakik.com\\\/#\\\/schema\\\/person\\\/9cd9d437bbb44f72b73ba127e06d8e79\"},\"breadcrumb\":{\"@id\":\"https:\\\/\\\/kibrisdakik.com\\\/?p=82577#breadcrumb\"},\"inLanguage\":\"tr\",\"potentialAction\":[{\"@type\":\"ReadAction\",\"target\":[\"https:\\\/\\\/kibrisdakik.com\\\/?p=82577\"]}]},{\"@type\":\"ImageObject\",\"inLanguage\":\"tr\",\"@id\":\"https:\\\/\\\/kibrisdakik.com\\\/?p=82577#primaryimage\",\"url\":\"https:\\\/\\\/kibrisdakik.com\\\/wp-content\\\/uploads\\\/2023\\\/03\\\/UNAL-USTEL-YAZI-YAZARKEN-740x420.png\",\"contentUrl\":\"https:\\\/\\\/kibrisdakik.com\\\/wp-content\\\/uploads\\\/2023\\\/03\\\/UNAL-USTEL-YAZI-YAZARKEN-740x420.png\",\"width\":1849,\"height\":1040},{\"@type\":\"BreadcrumbList\",\"@id\":\"https:\\\/\\\/kibrisdakik.com\\\/?p=82577#breadcrumb\",\"itemListElement\":[{\"@type\":\"ListItem\",\"position\":1,\"name\":\"Home\",\"item\":\"https:\\\/\\\/kibrisdakik.com\\\/\"},{\"@type\":\"ListItem\",\"position\":2,\"name\":\"Ba\u015fbakan \u00dcstel\u2019den Neriman Cahit i\u00e7in taziye mesaj\u0131\"}]},{\"@type\":\"WebSite\",\"@id\":\"https:\\\/\\\/kibrisdakik.com\\\/#website\",\"url\":\"https:\\\/\\\/kibrisdakik.com\\\/\",\"name\":\"\",\"description\":\"Tam vaktinde haber\",\"potentialAction\":[{\"@type\":\"SearchAction\",\"target\":{\"@type\":\"EntryPoint\",\"urlTemplate\":\"https:\\\/\\\/kibrisdakik.com\\\/?s={search_term_string}\"},\"query-input\":{\"@type\":\"PropertyValueSpecification\",\"valueRequired\":true,\"valueName\":\"search_term_string\"}}],\"inLanguage\":\"tr\"},{\"@type\":\"Person\",\"@id\":\"https:\\\/\\\/kibrisdakik.com\\\/#\\\/schema\\\/person\\\/9cd9d437bbb44f72b73ba127e06d8e79\",\"name\":\"admin\",\"image\":{\"@type\":\"ImageObject\",\"inLanguage\":\"tr\",\"@id\":\"https:\\\/\\\/secure.gravatar.com\\\/avatar\\\/ccc17943b9d660506c869530f897617f7cb1c21a4bf30023f252596d83e1f007?s=96&d=mm&r=g\",\"url\":\"https:\\\/\\\/secure.gravatar.com\\\/avatar\\\/ccc17943b9d660506c869530f897617f7cb1c21a4bf30023f252596d83e1f007?s=96&d=mm&r=g\",\"contentUrl\":\"https:\\\/\\\/secure.gravatar.com\\\/avatar\\\/ccc17943b9d660506c869530f897617f7cb1c21a4bf30023f252596d83e1f007?s=96&d=mm&r=g\",\"caption\":\"admin\"},\"sameAs\":[\"https:\\\/\\\/kibrisdakik.com\"],\"url\":\"https:\\\/\\\/kibrisdakik.com\\\/?author=1\"}]}<\/script>\n<!-- \/ Yoast SEO plugin. -->","yoast_head_json":{"title":"Ba\u015fbakan \u00dcstel\u2019den Neriman Cahit i\u00e7in taziye mesaj\u0131 -","robots":{"index":"index","follow":"follow","max-snippet":"max-snippet:-1","max-image-preview":"max-image-preview:large","max-video-preview":"max-video-preview:-1"},"canonical":"https:\/\/kibrisdakik.com\/?p=82577","og_locale":"tr_TR","og_type":"article","og_title":"Ba\u015fbakan \u00dcstel\u2019den Neriman Cahit i\u00e7in taziye mesaj\u0131 -","og_description":"K\u0131br\u0131s T\u00fcrk edebiyat\u0131n\u0131n unutulmaz ismi, de\u011ferli \u00f6\u011fretmen, \u015fair, yazar ve kad\u0131n haklar\u0131 savunucusu Neriman Cahit\u2019in vefat\u0131 derin bir \u00fcz\u00fcnt\u00fcyle kar\u015f\u0131land\u0131. Ba\u015fbakan \u00dcnal \u00dcstel, taziye mesaj\u0131nda Neriman Cahit\u2019i sadece kalemiyle de\u011fil, y\u00fcre\u011fiyle de topluma \u0131\u015f\u0131k tutan, d\u00fc\u015f\u00fcnceleri ve duru\u015fuyla ilham veren bir isim olarak nitelendirdi. \u00dcstel, Cahit\u2019in \u00f6zellikle kad\u0131n, adalet ve emek konular\u0131ndaki kararl\u0131l\u0131\u011f\u0131n\u0131n bir neslin","og_url":"https:\/\/kibrisdakik.com\/?p=82577","article_published_time":"2025-05-18T14:28:18+00:00","og_image":[{"width":1024,"height":576,"url":"https:\/\/kibrisdakik.com\/wp-content\/uploads\/2023\/03\/UNAL-USTEL-YAZI-YAZARKEN-1024x576.png","type":"image\/png"}],"author":"admin","twitter_card":"summary_large_image","twitter_misc":{"Yazan:":"admin","Tahmini okuma s\u00fcresi":"1 dakika"},"schema":{"@context":"https:\/\/schema.org","@graph":[{"@type":"Article","@id":"https:\/\/kibrisdakik.com\/?p=82577#article","isPartOf":{"@id":"https:\/\/kibrisdakik.com\/?p=82577"},"author":{"name":"admin","@id":"https:\/\/kibrisdakik.com\/#\/schema\/person\/9cd9d437bbb44f72b73ba127e06d8e79"},"headline":"Ba\u015fbakan \u00dcstel\u2019den Neriman Cahit i\u00e7in taziye mesaj\u0131","datePublished":"2025-05-18T14:28:18+00:00","mainEntityOfPage":{"@id":"https:\/\/kibrisdakik.com\/?p=82577"},"wordCount":171,"commentCount":0,"image":{"@id":"https:\/\/kibrisdakik.com\/?p=82577#primaryimage"},"thumbnailUrl":"https:\/\/kibrisdakik.com\/wp-content\/uploads\/2023\/03\/UNAL-USTEL-YAZI-YAZARKEN-740x420.png","articleSection":["K\u0131br\u0131s","Man\u015fet"],"inLanguage":"tr","potentialAction":[{"@type":"CommentAction","name":"Comment","target":["https:\/\/kibrisdakik.com\/?p=82577#respond"]}]},{"@type":"WebPage","@id":"https:\/\/kibrisdakik.com\/?p=82577","url":"https:\/\/kibrisdakik.com\/?p=82577","name":"Ba\u015fbakan \u00dcstel\u2019den Neriman Cahit i\u00e7in taziye mesaj\u0131 -","isPartOf":{"@id":"https:\/\/kibrisdakik.com\/#website"},"primaryImageOfPage":{"@id":"https:\/\/kibrisdakik.com\/?p=82577#primaryimage"},"image":{"@id":"https:\/\/kibrisdakik.com\/?p=82577#primaryimage"},"thumbnailUrl":"https:\/\/kibrisdakik.com\/wp-content\/uploads\/2023\/03\/UNAL-USTEL-YAZI-YAZARKEN-740x420.png","datePublished":"2025-05-18T14:28:18+00:00","author":{"@id":"https:\/\/kibrisdakik.com\/#\/schema\/person\/9cd9d437bbb44f72b73ba127e06d8e79"},"breadcrumb":{"@id":"https:\/\/kibrisdakik.com\/?p=82577#breadcrumb"},"inLanguage":"tr","potentialAction":[{"@type":"ReadAction","target":["https:\/\/kibrisdakik.com\/?p=82577"]}]},{"@type":"ImageObject","inLanguage":"tr","@id":"https:\/\/kibrisdakik.com\/?p=82577#primaryimage","url":"https:\/\/kibrisdakik.com\/wp-content\/uploads\/2023\/03\/UNAL-USTEL-YAZI-YAZARKEN-740x420.png","contentUrl":"https:\/\/kibrisdakik.com\/wp-content\/uploads\/2023\/03\/UNAL-USTEL-YAZI-YAZARKEN-740x420.png","width":1849,"height":1040},{"@type":"BreadcrumbList","@id":"https:\/\/kibrisdakik.com\/?p=82577#breadcrumb","itemListElement":[{"@type":"ListItem","position":1,"name":"Home","item":"https:\/\/kibrisdakik.com\/"},{"@type":"ListItem","position":2,"name":"Ba\u015fbakan \u00dcstel\u2019den Neriman Cahit i\u00e7in taziye mesaj\u0131"}]},{"@type":"WebSite","@id":"https:\/\/kibrisdakik.com\/#website","url":"https:\/\/kibrisdakik.com\/","name":"","description":"Tam vaktinde haber","potentialAction":[{"@type":"SearchAction","target":{"@type":"EntryPoint","urlTemplate":"https:\/\/kibrisdakik.com\/?s={search_term_string}"},"query-input":{"@type":"PropertyValueSpecification","valueRequired":true,"valueName":"search_term_string"}}],"inLanguage":"tr"},{"@type":"Person","@id":"https:\/\/kibrisdakik.com\/#\/schema\/person\/9cd9d437bbb44f72b73ba127e06d8e79","name":"admin","image":{"@type":"ImageObject","inLanguage":"tr","@id":"https:\/\/secure.gravatar.com\/avatar\/ccc17943b9d660506c869530f897617f7cb1c21a4bf30023f252596d83e1f007?s=96&d=mm&r=g","url":"https:\/\/secure.gravatar.com\/avatar\/ccc17943b9d660506c869530f897617f7cb1c21a4bf30023f252596d83e1f007?s=96&d=mm&r=g","contentUrl":"https:\/\/secure.gravatar.com\/avatar\/ccc17943b9d660506c869530f897617f7cb1c21a4bf30023f252596d83e1f007?s=96&d=mm&r=g","caption":"admin"},"sameAs":["https:\/\/kibrisdakik.com"],"url":"https:\/\/kibrisdakik.com\/?author=1"}]}},"_links":{"self":[{"href":"https:\/\/kibrisdakik.com\/index.php?rest_route=\/wp\/v2\/posts\/82577","targetHints":{"allow":["GET"]}}],"collection":[{"href":"https:\/\/kibrisdakik.com\/index.php?rest_route=\/wp\/v2\/posts"}],"about":[{"href":"https:\/\/kibrisdakik.com\/index.php?rest_route=\/wp\/v2\/types\/post"}],"author":[{"embeddable":true,"href":"https:\/\/kibrisdakik.com\/index.php?rest_route=\/wp\/v2\/users\/1"}],"replies":[{"embeddable":true,"href":"https:\/\/kibrisdakik.com\/index.php?rest_route=%2Fwp%2Fv2%2Fcomments&post=82577"}],"version-history":[{"count":0,"href":"https:\/\/kibrisdakik.com\/index.php?rest_route=\/wp\/v2\/posts\/82577\/revisions"}],"wp:featuredmedia":[{"embeddable":true,"href":"https:\/\/kibrisdakik.com\/index.php?rest_route=\/wp\/v2\/media\/2463"}],"wp:attachment":[{"href":"https:\/\/kibrisdakik.com\/index.php?rest_route=%2Fwp%2Fv2%2Fmedia&parent=82577"}],"wp:term":[{"taxonomy":"category","embeddable":true,"href":"https:\/\/kibrisdakik.com\/index.php?rest_route=%2Fwp%2Fv2%2Fcategories&post=82577"},{"taxonomy":"post_tag","embeddable":true,"href":"https:\/\/kibrisdakik.com\/index.php?rest_route=%2Fwp%2Fv2%2Ftags&post=82577"}],"curies":[{"name":"wp","href":"https:\/\/api.w.org\/{rel}","templated":true}]}}