{"id":82583,"date":"2025-05-18T20:47:06","date_gmt":"2025-05-18T17:47:06","guid":{"rendered":"https:\/\/kibrisdakik.com\/index.php\/2025\/05\/18\/turk-deniz-kuvvetleri-komutanligina-bagli-denizaltidan-19-mayis-kutlamalari-cercevesinde-kktcye-ziyaret-2\/"},"modified":"2025-05-18T20:47:06","modified_gmt":"2025-05-18T17:47:06","slug":"turk-deniz-kuvvetleri-komutanligina-bagli-denizaltidan-19-mayis-kutlamalari-cercevesinde-kktcye-ziyaret-2","status":"publish","type":"post","link":"https:\/\/kibrisdakik.com\/?p=82583","title":{"rendered":"T\u00fcrk Deniz Kuvvetleri Komutanl\u0131\u011f\u0131\u2019na ba\u011fl\u0131 denizalt\u0131dan 19 May\u0131s kutlamalar\u0131 \u00e7er\u00e7evesinde KKTC\u2019ye ziyaret"},"content":{"rendered":"<div>\n<div class=\"mariselle-image-container center\">\n                                            <\/div>\n<p>T\u00fcrk Deniz Kuvvetleri Komutanl\u0131\u011f\u0131\u2019na ba\u011fl\u0131 denizalt\u0131, 19 May\u0131s kutlamalar\u0131 \u00e7er\u00e7evesinde KKTC\u2019ye ziyaret ger\u00e7ekle\u015ftirecek. 19 May\u0131s Atat\u00fcrk\u2019\u00fc Anma Gen\u00e7lik ve Spor Bayram\u0131 kapsam\u0131nda, T\u00fcrk Deniz Kuvvetleri Komutanl\u0131\u011f\u0131 muharip unsurlar\u0131ndan TCG Do\u011fanay (S-351) \u00fclkeye liman ziyareti yapacak.<\/p>\n<p>Bu \u00e7er\u00e7evede, yar\u0131n 10.00-12.00 ve 14.00-17.00 saatleri aras\u0131nda, TCG Do\u011fanay (S-351) Denizalt\u0131s\u0131 Girne Turizm Liman\u0131\u2019nda, TCG Karata\u015f (P-1212) Karakol Gemisi ise ba\u011fl\u0131 bulundu\u011fu Gazima\u011fusa Ticari Liman\u0131\u2019nda halk\u0131n ziyaretine a\u00e7\u0131lacak.<\/p>\n<\/p><\/div>\n<p><script async\n                    defer\n                    crossorigin=\"anonymous\"\n                    src=\"https:\/\/connect.facebook.net\/tr_TR\/sdk.js#xfbml=1&#038;version=v3.3\"\n            ><\/script><\/p>\n","protected":false},"excerpt":{"rendered":"<p>T\u00fcrk Deniz Kuvvetleri Komutanl\u0131\u011f\u0131\u2019na ba\u011fl\u0131 denizalt\u0131, 19 May\u0131s kutlamalar\u0131 \u00e7er\u00e7evesinde KKTC\u2019ye ziyaret ger\u00e7ekle\u015ftirecek. 19 May\u0131s Atat\u00fcrk\u2019\u00fc Anma Gen\u00e7lik ve Spor Bayram\u0131 kapsam\u0131nda, T\u00fcrk Deniz Kuvvetleri Komutanl\u0131\u011f\u0131 muharip unsurlar\u0131ndan TCG Do\u011fanay (S-351) \u00fclkeye liman ziyareti yapacak. Bu \u00e7er\u00e7evede, yar\u0131n 10.00-12.00 ve 14.00-17.00 saatleri aras\u0131nda, TCG Do\u011fanay (S-351) Denizalt\u0131s\u0131 Girne Turizm Liman\u0131\u2019nda, TCG Karata\u015f (P-1212) Karakol Gemisi<\/p>\n","protected":false},"author":1,"featured_media":82584,"comment_status":"open","ping_status":"open","sticky":false,"template":"","format":"standard","meta":{"footnotes":""},"categories":[81,101],"tags":[],"class_list":["post-82583","post","type-post","status-publish","format-standard","has-post-thumbnail","hentry","category-kibris","category-manset"],"yoast_head":"<!-- This site is optimized with the Yoast SEO plugin v27.5 - https:\/\/yoast.com\/product\/yoast-seo-wordpress\/ -->\n<title>T\u00fcrk Deniz Kuvvetleri Komutanl\u0131\u011f\u0131\u2019na ba\u011fl\u0131 denizalt\u0131dan 19 May\u0131s kutlamalar\u0131 \u00e7er\u00e7evesinde KKTC\u2019ye ziyaret -<\/title>\n<meta name=\"robots\" content=\"index, follow, max-snippet:-1, max-image-preview:large, max-video-preview:-1\" \/>\n<link rel=\"canonical\" href=\"https:\/\/kibrisdakik.com\/?p=82583\" \/>\n<meta property=\"og:locale\" content=\"tr_TR\" \/>\n<meta property=\"og:type\" content=\"article\" \/>\n<meta property=\"og:title\" content=\"T\u00fcrk Deniz Kuvvetleri Komutanl\u0131\u011f\u0131\u2019na ba\u011fl\u0131 denizalt\u0131dan 19 May\u0131s kutlamalar\u0131 \u00e7er\u00e7evesinde KKTC\u2019ye ziyaret -\" \/>\n<meta property=\"og:description\" content=\"T\u00fcrk Deniz Kuvvetleri Komutanl\u0131\u011f\u0131\u2019na ba\u011fl\u0131 denizalt\u0131, 19 May\u0131s kutlamalar\u0131 \u00e7er\u00e7evesinde KKTC\u2019ye ziyaret ger\u00e7ekle\u015ftirecek. 19 May\u0131s Atat\u00fcrk\u2019\u00fc Anma Gen\u00e7lik ve Spor Bayram\u0131 kapsam\u0131nda, T\u00fcrk Deniz Kuvvetleri Komutanl\u0131\u011f\u0131 muharip unsurlar\u0131ndan TCG Do\u011fanay (S-351) \u00fclkeye liman ziyareti yapacak. Bu \u00e7er\u00e7evede, yar\u0131n 10.00-12.00 ve 14.00-17.00 saatleri aras\u0131nda, TCG Do\u011fanay (S-351) Denizalt\u0131s\u0131 Girne Turizm Liman\u0131\u2019nda, TCG Karata\u015f (P-1212) Karakol Gemisi\" \/>\n<meta property=\"og:url\" content=\"https:\/\/kibrisdakik.com\/?p=82583\" \/>\n<meta property=\"article:published_time\" content=\"2025-05-18T17:47:06+00:00\" \/>\n<meta property=\"og:image\" content=\"https:\/\/kibrisdakik.com\/wp-content\/uploads\/2025\/05\/17475727819931747482512011Doganay-740x420.jpeg\" \/>\n\t<meta property=\"og:image:width\" content=\"750\" \/>\n\t<meta property=\"og:image:height\" content=\"499\" \/>\n\t<meta property=\"og:image:type\" content=\"image\/jpeg\" \/>\n<meta name=\"author\" content=\"admin\" \/>\n<meta name=\"twitter:card\" content=\"summary_large_image\" \/>\n<meta name=\"twitter:label1\" content=\"Yazan:\" \/>\n\t<meta name=\"twitter:data1\" content=\"admin\" \/>\n<script type=\"application\/ld+json\" class=\"yoast-schema-graph\">{\"@context\":\"https:\\\/\\\/schema.org\",\"@graph\":[{\"@type\":\"Article\",\"@id\":\"https:\\\/\\\/kibrisdakik.com\\\/?p=82583#article\",\"isPartOf\":{\"@id\":\"https:\\\/\\\/kibrisdakik.com\\\/?p=82583\"},\"author\":{\"name\":\"admin\",\"@id\":\"https:\\\/\\\/kibrisdakik.com\\\/#\\\/schema\\\/person\\\/9cd9d437bbb44f72b73ba127e06d8e79\"},\"headline\":\"T\u00fcrk Deniz Kuvvetleri Komutanl\u0131\u011f\u0131\u2019na ba\u011fl\u0131 denizalt\u0131dan 19 May\u0131s kutlamalar\u0131 \u00e7er\u00e7evesinde KKTC\u2019ye ziyaret\",\"datePublished\":\"2025-05-18T17:47:06+00:00\",\"mainEntityOfPage\":{\"@id\":\"https:\\\/\\\/kibrisdakik.com\\\/?p=82583\"},\"wordCount\":107,\"commentCount\":0,\"image\":{\"@id\":\"https:\\\/\\\/kibrisdakik.com\\\/?p=82583#primaryimage\"},\"thumbnailUrl\":\"https:\\\/\\\/kibrisdakik.com\\\/wp-content\\\/uploads\\\/2025\\\/05\\\/17475727819931747482512011Doganay-740x420.jpeg\",\"articleSection\":[\"K\u0131br\u0131s\",\"Man\u015fet\"],\"inLanguage\":\"tr\",\"potentialAction\":[{\"@type\":\"CommentAction\",\"name\":\"Comment\",\"target\":[\"https:\\\/\\\/kibrisdakik.com\\\/?p=82583#respond\"]}]},{\"@type\":\"WebPage\",\"@id\":\"https:\\\/\\\/kibrisdakik.com\\\/?p=82583\",\"url\":\"https:\\\/\\\/kibrisdakik.com\\\/?p=82583\",\"name\":\"T\u00fcrk Deniz Kuvvetleri Komutanl\u0131\u011f\u0131\u2019na ba\u011fl\u0131 denizalt\u0131dan 19 May\u0131s kutlamalar\u0131 \u00e7er\u00e7evesinde KKTC\u2019ye ziyaret -\",\"isPartOf\":{\"@id\":\"https:\\\/\\\/kibrisdakik.com\\\/#website\"},\"primaryImageOfPage\":{\"@id\":\"https:\\\/\\\/kibrisdakik.com\\\/?p=82583#primaryimage\"},\"image\":{\"@id\":\"https:\\\/\\\/kibrisdakik.com\\\/?p=82583#primaryimage\"},\"thumbnailUrl\":\"https:\\\/\\\/kibrisdakik.com\\\/wp-content\\\/uploads\\\/2025\\\/05\\\/17475727819931747482512011Doganay-740x420.jpeg\",\"datePublished\":\"2025-05-18T17:47:06+00:00\",\"author\":{\"@id\":\"https:\\\/\\\/kibrisdakik.com\\\/#\\\/schema\\\/person\\\/9cd9d437bbb44f72b73ba127e06d8e79\"},\"breadcrumb\":{\"@id\":\"https:\\\/\\\/kibrisdakik.com\\\/?p=82583#breadcrumb\"},\"inLanguage\":\"tr\",\"potentialAction\":[{\"@type\":\"ReadAction\",\"target\":[\"https:\\\/\\\/kibrisdakik.com\\\/?p=82583\"]}]},{\"@type\":\"ImageObject\",\"inLanguage\":\"tr\",\"@id\":\"https:\\\/\\\/kibrisdakik.com\\\/?p=82583#primaryimage\",\"url\":\"https:\\\/\\\/kibrisdakik.com\\\/wp-content\\\/uploads\\\/2025\\\/05\\\/17475727819931747482512011Doganay-740x420.jpeg\",\"contentUrl\":\"https:\\\/\\\/kibrisdakik.com\\\/wp-content\\\/uploads\\\/2025\\\/05\\\/17475727819931747482512011Doganay-740x420.jpeg\",\"width\":750,\"height\":499},{\"@type\":\"BreadcrumbList\",\"@id\":\"https:\\\/\\\/kibrisdakik.com\\\/?p=82583#breadcrumb\",\"itemListElement\":[{\"@type\":\"ListItem\",\"position\":1,\"name\":\"Home\",\"item\":\"https:\\\/\\\/kibrisdakik.com\\\/\"},{\"@type\":\"ListItem\",\"position\":2,\"name\":\"T\u00fcrk Deniz Kuvvetleri Komutanl\u0131\u011f\u0131\u2019na ba\u011fl\u0131 denizalt\u0131dan 19 May\u0131s kutlamalar\u0131 \u00e7er\u00e7evesinde KKTC\u2019ye ziyaret\"}]},{\"@type\":\"WebSite\",\"@id\":\"https:\\\/\\\/kibrisdakik.com\\\/#website\",\"url\":\"https:\\\/\\\/kibrisdakik.com\\\/\",\"name\":\"\",\"description\":\"Tam vaktinde haber\",\"potentialAction\":[{\"@type\":\"SearchAction\",\"target\":{\"@type\":\"EntryPoint\",\"urlTemplate\":\"https:\\\/\\\/kibrisdakik.com\\\/?s={search_term_string}\"},\"query-input\":{\"@type\":\"PropertyValueSpecification\",\"valueRequired\":true,\"valueName\":\"search_term_string\"}}],\"inLanguage\":\"tr\"},{\"@type\":\"Person\",\"@id\":\"https:\\\/\\\/kibrisdakik.com\\\/#\\\/schema\\\/person\\\/9cd9d437bbb44f72b73ba127e06d8e79\",\"name\":\"admin\",\"image\":{\"@type\":\"ImageObject\",\"inLanguage\":\"tr\",\"@id\":\"https:\\\/\\\/secure.gravatar.com\\\/avatar\\\/ccc17943b9d660506c869530f897617f7cb1c21a4bf30023f252596d83e1f007?s=96&d=mm&r=g\",\"url\":\"https:\\\/\\\/secure.gravatar.com\\\/avatar\\\/ccc17943b9d660506c869530f897617f7cb1c21a4bf30023f252596d83e1f007?s=96&d=mm&r=g\",\"contentUrl\":\"https:\\\/\\\/secure.gravatar.com\\\/avatar\\\/ccc17943b9d660506c869530f897617f7cb1c21a4bf30023f252596d83e1f007?s=96&d=mm&r=g\",\"caption\":\"admin\"},\"sameAs\":[\"https:\\\/\\\/kibrisdakik.com\"],\"url\":\"https:\\\/\\\/kibrisdakik.com\\\/?author=1\"}]}<\/script>\n<!-- \/ Yoast SEO plugin. -->","yoast_head_json":{"title":"T\u00fcrk Deniz Kuvvetleri Komutanl\u0131\u011f\u0131\u2019na ba\u011fl\u0131 denizalt\u0131dan 19 May\u0131s kutlamalar\u0131 \u00e7er\u00e7evesinde KKTC\u2019ye ziyaret -","robots":{"index":"index","follow":"follow","max-snippet":"max-snippet:-1","max-image-preview":"max-image-preview:large","max-video-preview":"max-video-preview:-1"},"canonical":"https:\/\/kibrisdakik.com\/?p=82583","og_locale":"tr_TR","og_type":"article","og_title":"T\u00fcrk Deniz Kuvvetleri Komutanl\u0131\u011f\u0131\u2019na ba\u011fl\u0131 denizalt\u0131dan 19 May\u0131s kutlamalar\u0131 \u00e7er\u00e7evesinde KKTC\u2019ye ziyaret -","og_description":"T\u00fcrk Deniz Kuvvetleri Komutanl\u0131\u011f\u0131\u2019na ba\u011fl\u0131 denizalt\u0131, 19 May\u0131s kutlamalar\u0131 \u00e7er\u00e7evesinde KKTC\u2019ye ziyaret ger\u00e7ekle\u015ftirecek. 19 May\u0131s Atat\u00fcrk\u2019\u00fc Anma Gen\u00e7lik ve Spor Bayram\u0131 kapsam\u0131nda, T\u00fcrk Deniz Kuvvetleri Komutanl\u0131\u011f\u0131 muharip unsurlar\u0131ndan TCG Do\u011fanay (S-351) \u00fclkeye liman ziyareti yapacak. Bu \u00e7er\u00e7evede, yar\u0131n 10.00-12.00 ve 14.00-17.00 saatleri aras\u0131nda, TCG Do\u011fanay (S-351) Denizalt\u0131s\u0131 Girne Turizm Liman\u0131\u2019nda, TCG Karata\u015f (P-1212) Karakol Gemisi","og_url":"https:\/\/kibrisdakik.com\/?p=82583","article_published_time":"2025-05-18T17:47:06+00:00","og_image":[{"width":750,"height":499,"url":"https:\/\/kibrisdakik.com\/wp-content\/uploads\/2025\/05\/17475727819931747482512011Doganay-740x420.jpeg","type":"image\/jpeg"}],"author":"admin","twitter_card":"summary_large_image","twitter_misc":{"Yazan:":"admin"},"schema":{"@context":"https:\/\/schema.org","@graph":[{"@type":"Article","@id":"https:\/\/kibrisdakik.com\/?p=82583#article","isPartOf":{"@id":"https:\/\/kibrisdakik.com\/?p=82583"},"author":{"name":"admin","@id":"https:\/\/kibrisdakik.com\/#\/schema\/person\/9cd9d437bbb44f72b73ba127e06d8e79"},"headline":"T\u00fcrk Deniz Kuvvetleri Komutanl\u0131\u011f\u0131\u2019na ba\u011fl\u0131 denizalt\u0131dan 19 May\u0131s kutlamalar\u0131 \u00e7er\u00e7evesinde KKTC\u2019ye ziyaret","datePublished":"2025-05-18T17:47:06+00:00","mainEntityOfPage":{"@id":"https:\/\/kibrisdakik.com\/?p=82583"},"wordCount":107,"commentCount":0,"image":{"@id":"https:\/\/kibrisdakik.com\/?p=82583#primaryimage"},"thumbnailUrl":"https:\/\/kibrisdakik.com\/wp-content\/uploads\/2025\/05\/17475727819931747482512011Doganay-740x420.jpeg","articleSection":["K\u0131br\u0131s","Man\u015fet"],"inLanguage":"tr","potentialAction":[{"@type":"CommentAction","name":"Comment","target":["https:\/\/kibrisdakik.com\/?p=82583#respond"]}]},{"@type":"WebPage","@id":"https:\/\/kibrisdakik.com\/?p=82583","url":"https:\/\/kibrisdakik.com\/?p=82583","name":"T\u00fcrk Deniz Kuvvetleri Komutanl\u0131\u011f\u0131\u2019na ba\u011fl\u0131 denizalt\u0131dan 19 May\u0131s kutlamalar\u0131 \u00e7er\u00e7evesinde KKTC\u2019ye ziyaret -","isPartOf":{"@id":"https:\/\/kibrisdakik.com\/#website"},"primaryImageOfPage":{"@id":"https:\/\/kibrisdakik.com\/?p=82583#primaryimage"},"image":{"@id":"https:\/\/kibrisdakik.com\/?p=82583#primaryimage"},"thumbnailUrl":"https:\/\/kibrisdakik.com\/wp-content\/uploads\/2025\/05\/17475727819931747482512011Doganay-740x420.jpeg","datePublished":"2025-05-18T17:47:06+00:00","author":{"@id":"https:\/\/kibrisdakik.com\/#\/schema\/person\/9cd9d437bbb44f72b73ba127e06d8e79"},"breadcrumb":{"@id":"https:\/\/kibrisdakik.com\/?p=82583#breadcrumb"},"inLanguage":"tr","potentialAction":[{"@type":"ReadAction","target":["https:\/\/kibrisdakik.com\/?p=82583"]}]},{"@type":"ImageObject","inLanguage":"tr","@id":"https:\/\/kibrisdakik.com\/?p=82583#primaryimage","url":"https:\/\/kibrisdakik.com\/wp-content\/uploads\/2025\/05\/17475727819931747482512011Doganay-740x420.jpeg","contentUrl":"https:\/\/kibrisdakik.com\/wp-content\/uploads\/2025\/05\/17475727819931747482512011Doganay-740x420.jpeg","width":750,"height":499},{"@type":"BreadcrumbList","@id":"https:\/\/kibrisdakik.com\/?p=82583#breadcrumb","itemListElement":[{"@type":"ListItem","position":1,"name":"Home","item":"https:\/\/kibrisdakik.com\/"},{"@type":"ListItem","position":2,"name":"T\u00fcrk Deniz Kuvvetleri Komutanl\u0131\u011f\u0131\u2019na ba\u011fl\u0131 denizalt\u0131dan 19 May\u0131s kutlamalar\u0131 \u00e7er\u00e7evesinde KKTC\u2019ye ziyaret"}]},{"@type":"WebSite","@id":"https:\/\/kibrisdakik.com\/#website","url":"https:\/\/kibrisdakik.com\/","name":"","description":"Tam vaktinde haber","potentialAction":[{"@type":"SearchAction","target":{"@type":"EntryPoint","urlTemplate":"https:\/\/kibrisdakik.com\/?s={search_term_string}"},"query-input":{"@type":"PropertyValueSpecification","valueRequired":true,"valueName":"search_term_string"}}],"inLanguage":"tr"},{"@type":"Person","@id":"https:\/\/kibrisdakik.com\/#\/schema\/person\/9cd9d437bbb44f72b73ba127e06d8e79","name":"admin","image":{"@type":"ImageObject","inLanguage":"tr","@id":"https:\/\/secure.gravatar.com\/avatar\/ccc17943b9d660506c869530f897617f7cb1c21a4bf30023f252596d83e1f007?s=96&d=mm&r=g","url":"https:\/\/secure.gravatar.com\/avatar\/ccc17943b9d660506c869530f897617f7cb1c21a4bf30023f252596d83e1f007?s=96&d=mm&r=g","contentUrl":"https:\/\/secure.gravatar.com\/avatar\/ccc17943b9d660506c869530f897617f7cb1c21a4bf30023f252596d83e1f007?s=96&d=mm&r=g","caption":"admin"},"sameAs":["https:\/\/kibrisdakik.com"],"url":"https:\/\/kibrisdakik.com\/?author=1"}]}},"_links":{"self":[{"href":"https:\/\/kibrisdakik.com\/index.php?rest_route=\/wp\/v2\/posts\/82583","targetHints":{"allow":["GET"]}}],"collection":[{"href":"https:\/\/kibrisdakik.com\/index.php?rest_route=\/wp\/v2\/posts"}],"about":[{"href":"https:\/\/kibrisdakik.com\/index.php?rest_route=\/wp\/v2\/types\/post"}],"author":[{"embeddable":true,"href":"https:\/\/kibrisdakik.com\/index.php?rest_route=\/wp\/v2\/users\/1"}],"replies":[{"embeddable":true,"href":"https:\/\/kibrisdakik.com\/index.php?rest_route=%2Fwp%2Fv2%2Fcomments&post=82583"}],"version-history":[{"count":0,"href":"https:\/\/kibrisdakik.com\/index.php?rest_route=\/wp\/v2\/posts\/82583\/revisions"}],"wp:featuredmedia":[{"embeddable":true,"href":"https:\/\/kibrisdakik.com\/index.php?rest_route=\/wp\/v2\/media\/82584"}],"wp:attachment":[{"href":"https:\/\/kibrisdakik.com\/index.php?rest_route=%2Fwp%2Fv2%2Fmedia&parent=82583"}],"wp:term":[{"taxonomy":"category","embeddable":true,"href":"https:\/\/kibrisdakik.com\/index.php?rest_route=%2Fwp%2Fv2%2Fcategories&post=82583"},{"taxonomy":"post_tag","embeddable":true,"href":"https:\/\/kibrisdakik.com\/index.php?rest_route=%2Fwp%2Fv2%2Ftags&post=82583"}],"curies":[{"name":"wp","href":"https:\/\/api.w.org\/{rel}","templated":true}]}}