{"id":82615,"date":"2025-05-19T11:30:51","date_gmt":"2025-05-19T08:30:51","guid":{"rendered":"https:\/\/kibrisdakik.com\/index.php\/2025\/05\/19\/tokelin-19-mayis-mesaji-karanliga-karsi-yakilmis-en-parlak-mesale\/"},"modified":"2025-05-19T11:30:51","modified_gmt":"2025-05-19T08:30:51","slug":"tokelin-19-mayis-mesaji-karanliga-karsi-yakilmis-en-parlak-mesale","status":"publish","type":"post","link":"https:\/\/kibrisdakik.com\/?p=82615","title":{"rendered":"Tokel\u2019in 19 May\u0131s mesaj\u0131: \u201cKaranl\u0131\u011fa kar\u015f\u0131 yak\u0131lm\u0131\u015f en parlak me\u015fale\u201d"},"content":{"rendered":"<div>\n<div class=\"mariselle-image-container center\">\n                                            <\/div>\n<p>Bayrak Radyo Televizyon Kurumu (BRTK) Y\u00f6netim Kurulu Ba\u015fkan\u0131 \u00d6zdemir Tokel, 19 May\u0131s Atat\u00fcrk\u2019\u00fc Anma, Gen\u00e7lik ve Spor Bayram\u0131 dolay\u0131s\u0131yla bir mesaj yay\u0131mlad\u0131. Tokel mesaj\u0131nda, 19 May\u0131s\u2019\u0131n \u201ckaranl\u0131\u011fa kar\u015f\u0131 yak\u0131lm\u0131\u015f en parlak me\u015falelerden biri\u201d oldu\u011funu ifade etti.<\/p>\n<p>Gazi Mustafa Kemal Atat\u00fcrk\u2019\u00fcn Samsun\u2019da yakt\u0131\u011f\u0131 ba\u011f\u0131ms\u0131zl\u0131k me\u015falesinin Anadolu\u2019yu aya\u011fa kald\u0131rd\u0131\u011f\u0131n\u0131 ve milli m\u00fccadeleye y\u00f6n verdi\u011fini belirten Tokel, o g\u00fcn ba\u015flayan y\u00fcr\u00fcy\u00fc\u015f\u00fcn halk\u0131n yeniden dirili\u015finin simgesi olan bir istiklal y\u00fcr\u00fcy\u00fc\u015f\u00fcne d\u00f6n\u00fc\u015ft\u00fc\u011f\u00fcn\u00fc vurgulad\u0131.<\/p>\n<p>Tokel, bu ruhun hem K\u0131br\u0131s T\u00fcrk Halk\u0131\u2019n\u0131n hem de gen\u00e7lerin y\u00fcre\u011finde ya\u015famaya devam etti\u011fini dile getirdi. Atat\u00fcrk ilkelerinin \u0131\u015f\u0131\u011f\u0131nda yeti\u015fen, sorgulayan, \u00fcreten ve inanan gen\u00e7lerle gelece\u011fe daha g\u00fcvenle bakt\u0131klar\u0131n\u0131 kaydetti.<\/p>\n<p>Mikrofonu elinden b\u0131rakmayan ve gen\u00e7li\u011fin sesini d\u00fcnyaya duyurma sorumlulu\u011funu gururla ta\u015f\u0131yan BRTK\u2019n\u0131n da bu bilin\u00e7le hareket etti\u011fini belirten Tokel, mesaj\u0131n\u0131 \u015fu s\u00f6zlerle tamamlad\u0131:<\/p>\n<p>\u201c19 May\u0131s vesilesiyle ba\u015fta Gazi Mustafa Kemal Atat\u00fcrk olmak \u00fczere, ba\u011f\u0131ms\u0131zl\u0131k u\u011fruna m\u00fccadele veren t\u00fcm kahramanlar\u0131m\u0131z\u0131 sayg\u0131 ve rahmetle an\u0131yor; T\u00fcrk milletinin bu m\u00fcstesna g\u00fcn\u00fcn\u00fc y\u00fcrekten kutluyorum.\u201d<\/p>\n<\/p><\/div>\n<p><script async\n                    defer\n                    crossorigin=\"anonymous\"\n                    src=\"https:\/\/connect.facebook.net\/tr_TR\/sdk.js#xfbml=1&#038;version=v3.3\"\n            ><\/script><\/p>\n","protected":false},"excerpt":{"rendered":"<p>Bayrak Radyo Televizyon Kurumu (BRTK) Y\u00f6netim Kurulu Ba\u015fkan\u0131 \u00d6zdemir Tokel, 19 May\u0131s Atat\u00fcrk\u2019\u00fc Anma, Gen\u00e7lik ve Spor Bayram\u0131 dolay\u0131s\u0131yla bir mesaj yay\u0131mlad\u0131. Tokel mesaj\u0131nda, 19 May\u0131s\u2019\u0131n \u201ckaranl\u0131\u011fa kar\u015f\u0131 yak\u0131lm\u0131\u015f en parlak me\u015falelerden biri\u201d oldu\u011funu ifade etti. Gazi Mustafa Kemal Atat\u00fcrk\u2019\u00fcn Samsun\u2019da yakt\u0131\u011f\u0131 ba\u011f\u0131ms\u0131zl\u0131k me\u015falesinin Anadolu\u2019yu aya\u011fa kald\u0131rd\u0131\u011f\u0131n\u0131 ve milli m\u00fccadeleye y\u00f6n verdi\u011fini belirten Tokel, o<\/p>\n","protected":false},"author":1,"featured_media":82616,"comment_status":"open","ping_status":"open","sticky":false,"template":"","format":"standard","meta":{"footnotes":""},"categories":[81,101],"tags":[],"class_list":["post-82615","post","type-post","status-publish","format-standard","has-post-thumbnail","hentry","category-kibris","category-manset"],"yoast_head":"<!-- This site is optimized with the Yoast SEO plugin v27.4 - https:\/\/yoast.com\/product\/yoast-seo-wordpress\/ -->\n<title>Tokel\u2019in 19 May\u0131s mesaj\u0131: \u201cKaranl\u0131\u011fa kar\u015f\u0131 yak\u0131lm\u0131\u015f en parlak me\u015fale\u201d -<\/title>\n<meta name=\"robots\" content=\"index, follow, max-snippet:-1, max-image-preview:large, max-video-preview:-1\" \/>\n<link rel=\"canonical\" href=\"https:\/\/kibrisdakik.com\/?p=82615\" \/>\n<meta property=\"og:locale\" content=\"tr_TR\" \/>\n<meta property=\"og:type\" content=\"article\" \/>\n<meta property=\"og:title\" content=\"Tokel\u2019in 19 May\u0131s mesaj\u0131: \u201cKaranl\u0131\u011fa kar\u015f\u0131 yak\u0131lm\u0131\u015f en parlak me\u015fale\u201d -\" \/>\n<meta property=\"og:description\" content=\"Bayrak Radyo Televizyon Kurumu (BRTK) Y\u00f6netim Kurulu Ba\u015fkan\u0131 \u00d6zdemir Tokel, 19 May\u0131s Atat\u00fcrk\u2019\u00fc Anma, Gen\u00e7lik ve Spor Bayram\u0131 dolay\u0131s\u0131yla bir mesaj yay\u0131mlad\u0131. Tokel mesaj\u0131nda, 19 May\u0131s\u2019\u0131n \u201ckaranl\u0131\u011fa kar\u015f\u0131 yak\u0131lm\u0131\u015f en parlak me\u015falelerden biri\u201d oldu\u011funu ifade etti. Gazi Mustafa Kemal Atat\u00fcrk\u2019\u00fcn Samsun\u2019da yakt\u0131\u011f\u0131 ba\u011f\u0131ms\u0131zl\u0131k me\u015falesinin Anadolu\u2019yu aya\u011fa kald\u0131rd\u0131\u011f\u0131n\u0131 ve milli m\u00fccadeleye y\u00f6n verdi\u011fini belirten Tokel, o\" \/>\n<meta property=\"og:url\" content=\"https:\/\/kibrisdakik.com\/?p=82615\" \/>\n<meta property=\"article:published_time\" content=\"2025-05-19T08:30:51+00:00\" \/>\n<meta property=\"og:image\" content=\"https:\/\/kibrisdakik.com\/wp-content\/uploads\/2025\/05\/ozdemir-tokel-25aaa-740x420.jpg\" \/>\n\t<meta property=\"og:image:width\" content=\"1600\" \/>\n\t<meta property=\"og:image:height\" content=\"900\" \/>\n\t<meta property=\"og:image:type\" content=\"image\/jpeg\" \/>\n<meta name=\"author\" content=\"admin\" \/>\n<meta name=\"twitter:card\" content=\"summary_large_image\" \/>\n<meta name=\"twitter:label1\" content=\"Yazan:\" \/>\n\t<meta name=\"twitter:data1\" content=\"admin\" \/>\n\t<meta name=\"twitter:label2\" content=\"Tahmini okuma s\u00fcresi\" \/>\n\t<meta name=\"twitter:data2\" content=\"1 dakika\" \/>\n<script type=\"application\/ld+json\" class=\"yoast-schema-graph\">{\"@context\":\"https:\\\/\\\/schema.org\",\"@graph\":[{\"@type\":\"Article\",\"@id\":\"https:\\\/\\\/kibrisdakik.com\\\/?p=82615#article\",\"isPartOf\":{\"@id\":\"https:\\\/\\\/kibrisdakik.com\\\/?p=82615\"},\"author\":{\"name\":\"admin\",\"@id\":\"https:\\\/\\\/kibrisdakik.com\\\/#\\\/schema\\\/person\\\/9cd9d437bbb44f72b73ba127e06d8e79\"},\"headline\":\"Tokel\u2019in 19 May\u0131s mesaj\u0131: \u201cKaranl\u0131\u011fa kar\u015f\u0131 yak\u0131lm\u0131\u015f en parlak me\u015fale\u201d\",\"datePublished\":\"2025-05-19T08:30:51+00:00\",\"mainEntityOfPage\":{\"@id\":\"https:\\\/\\\/kibrisdakik.com\\\/?p=82615\"},\"wordCount\":247,\"commentCount\":0,\"image\":{\"@id\":\"https:\\\/\\\/kibrisdakik.com\\\/?p=82615#primaryimage\"},\"thumbnailUrl\":\"https:\\\/\\\/kibrisdakik.com\\\/wp-content\\\/uploads\\\/2025\\\/05\\\/ozdemir-tokel-25aaa-740x420.jpg\",\"articleSection\":[\"K\u0131br\u0131s\",\"Man\u015fet\"],\"inLanguage\":\"tr\",\"potentialAction\":[{\"@type\":\"CommentAction\",\"name\":\"Comment\",\"target\":[\"https:\\\/\\\/kibrisdakik.com\\\/?p=82615#respond\"]}]},{\"@type\":\"WebPage\",\"@id\":\"https:\\\/\\\/kibrisdakik.com\\\/?p=82615\",\"url\":\"https:\\\/\\\/kibrisdakik.com\\\/?p=82615\",\"name\":\"Tokel\u2019in 19 May\u0131s mesaj\u0131: \u201cKaranl\u0131\u011fa kar\u015f\u0131 yak\u0131lm\u0131\u015f en parlak me\u015fale\u201d -\",\"isPartOf\":{\"@id\":\"https:\\\/\\\/kibrisdakik.com\\\/#website\"},\"primaryImageOfPage\":{\"@id\":\"https:\\\/\\\/kibrisdakik.com\\\/?p=82615#primaryimage\"},\"image\":{\"@id\":\"https:\\\/\\\/kibrisdakik.com\\\/?p=82615#primaryimage\"},\"thumbnailUrl\":\"https:\\\/\\\/kibrisdakik.com\\\/wp-content\\\/uploads\\\/2025\\\/05\\\/ozdemir-tokel-25aaa-740x420.jpg\",\"datePublished\":\"2025-05-19T08:30:51+00:00\",\"author\":{\"@id\":\"https:\\\/\\\/kibrisdakik.com\\\/#\\\/schema\\\/person\\\/9cd9d437bbb44f72b73ba127e06d8e79\"},\"breadcrumb\":{\"@id\":\"https:\\\/\\\/kibrisdakik.com\\\/?p=82615#breadcrumb\"},\"inLanguage\":\"tr\",\"potentialAction\":[{\"@type\":\"ReadAction\",\"target\":[\"https:\\\/\\\/kibrisdakik.com\\\/?p=82615\"]}]},{\"@type\":\"ImageObject\",\"inLanguage\":\"tr\",\"@id\":\"https:\\\/\\\/kibrisdakik.com\\\/?p=82615#primaryimage\",\"url\":\"https:\\\/\\\/kibrisdakik.com\\\/wp-content\\\/uploads\\\/2025\\\/05\\\/ozdemir-tokel-25aaa-740x420.jpg\",\"contentUrl\":\"https:\\\/\\\/kibrisdakik.com\\\/wp-content\\\/uploads\\\/2025\\\/05\\\/ozdemir-tokel-25aaa-740x420.jpg\",\"width\":1600,\"height\":900},{\"@type\":\"BreadcrumbList\",\"@id\":\"https:\\\/\\\/kibrisdakik.com\\\/?p=82615#breadcrumb\",\"itemListElement\":[{\"@type\":\"ListItem\",\"position\":1,\"name\":\"Home\",\"item\":\"https:\\\/\\\/kibrisdakik.com\\\/\"},{\"@type\":\"ListItem\",\"position\":2,\"name\":\"Tokel\u2019in 19 May\u0131s mesaj\u0131: \u201cKaranl\u0131\u011fa kar\u015f\u0131 yak\u0131lm\u0131\u015f en parlak me\u015fale\u201d\"}]},{\"@type\":\"WebSite\",\"@id\":\"https:\\\/\\\/kibrisdakik.com\\\/#website\",\"url\":\"https:\\\/\\\/kibrisdakik.com\\\/\",\"name\":\"\",\"description\":\"Tam vaktinde haber\",\"potentialAction\":[{\"@type\":\"SearchAction\",\"target\":{\"@type\":\"EntryPoint\",\"urlTemplate\":\"https:\\\/\\\/kibrisdakik.com\\\/?s={search_term_string}\"},\"query-input\":{\"@type\":\"PropertyValueSpecification\",\"valueRequired\":true,\"valueName\":\"search_term_string\"}}],\"inLanguage\":\"tr\"},{\"@type\":\"Person\",\"@id\":\"https:\\\/\\\/kibrisdakik.com\\\/#\\\/schema\\\/person\\\/9cd9d437bbb44f72b73ba127e06d8e79\",\"name\":\"admin\",\"image\":{\"@type\":\"ImageObject\",\"inLanguage\":\"tr\",\"@id\":\"https:\\\/\\\/secure.gravatar.com\\\/avatar\\\/ccc17943b9d660506c869530f897617f7cb1c21a4bf30023f252596d83e1f007?s=96&d=mm&r=g\",\"url\":\"https:\\\/\\\/secure.gravatar.com\\\/avatar\\\/ccc17943b9d660506c869530f897617f7cb1c21a4bf30023f252596d83e1f007?s=96&d=mm&r=g\",\"contentUrl\":\"https:\\\/\\\/secure.gravatar.com\\\/avatar\\\/ccc17943b9d660506c869530f897617f7cb1c21a4bf30023f252596d83e1f007?s=96&d=mm&r=g\",\"caption\":\"admin\"},\"sameAs\":[\"https:\\\/\\\/kibrisdakik.com\"],\"url\":\"https:\\\/\\\/kibrisdakik.com\\\/?author=1\"}]}<\/script>\n<!-- \/ Yoast SEO plugin. -->","yoast_head_json":{"title":"Tokel\u2019in 19 May\u0131s mesaj\u0131: \u201cKaranl\u0131\u011fa kar\u015f\u0131 yak\u0131lm\u0131\u015f en parlak me\u015fale\u201d -","robots":{"index":"index","follow":"follow","max-snippet":"max-snippet:-1","max-image-preview":"max-image-preview:large","max-video-preview":"max-video-preview:-1"},"canonical":"https:\/\/kibrisdakik.com\/?p=82615","og_locale":"tr_TR","og_type":"article","og_title":"Tokel\u2019in 19 May\u0131s mesaj\u0131: \u201cKaranl\u0131\u011fa kar\u015f\u0131 yak\u0131lm\u0131\u015f en parlak me\u015fale\u201d -","og_description":"Bayrak Radyo Televizyon Kurumu (BRTK) Y\u00f6netim Kurulu Ba\u015fkan\u0131 \u00d6zdemir Tokel, 19 May\u0131s Atat\u00fcrk\u2019\u00fc Anma, Gen\u00e7lik ve Spor Bayram\u0131 dolay\u0131s\u0131yla bir mesaj yay\u0131mlad\u0131. Tokel mesaj\u0131nda, 19 May\u0131s\u2019\u0131n \u201ckaranl\u0131\u011fa kar\u015f\u0131 yak\u0131lm\u0131\u015f en parlak me\u015falelerden biri\u201d oldu\u011funu ifade etti. Gazi Mustafa Kemal Atat\u00fcrk\u2019\u00fcn Samsun\u2019da yakt\u0131\u011f\u0131 ba\u011f\u0131ms\u0131zl\u0131k me\u015falesinin Anadolu\u2019yu aya\u011fa kald\u0131rd\u0131\u011f\u0131n\u0131 ve milli m\u00fccadeleye y\u00f6n verdi\u011fini belirten Tokel, o","og_url":"https:\/\/kibrisdakik.com\/?p=82615","article_published_time":"2025-05-19T08:30:51+00:00","og_image":[{"width":1600,"height":900,"url":"https:\/\/kibrisdakik.com\/wp-content\/uploads\/2025\/05\/ozdemir-tokel-25aaa-740x420.jpg","type":"image\/jpeg"}],"author":"admin","twitter_card":"summary_large_image","twitter_misc":{"Yazan:":"admin","Tahmini okuma s\u00fcresi":"1 dakika"},"schema":{"@context":"https:\/\/schema.org","@graph":[{"@type":"Article","@id":"https:\/\/kibrisdakik.com\/?p=82615#article","isPartOf":{"@id":"https:\/\/kibrisdakik.com\/?p=82615"},"author":{"name":"admin","@id":"https:\/\/kibrisdakik.com\/#\/schema\/person\/9cd9d437bbb44f72b73ba127e06d8e79"},"headline":"Tokel\u2019in 19 May\u0131s mesaj\u0131: \u201cKaranl\u0131\u011fa kar\u015f\u0131 yak\u0131lm\u0131\u015f en parlak me\u015fale\u201d","datePublished":"2025-05-19T08:30:51+00:00","mainEntityOfPage":{"@id":"https:\/\/kibrisdakik.com\/?p=82615"},"wordCount":247,"commentCount":0,"image":{"@id":"https:\/\/kibrisdakik.com\/?p=82615#primaryimage"},"thumbnailUrl":"https:\/\/kibrisdakik.com\/wp-content\/uploads\/2025\/05\/ozdemir-tokel-25aaa-740x420.jpg","articleSection":["K\u0131br\u0131s","Man\u015fet"],"inLanguage":"tr","potentialAction":[{"@type":"CommentAction","name":"Comment","target":["https:\/\/kibrisdakik.com\/?p=82615#respond"]}]},{"@type":"WebPage","@id":"https:\/\/kibrisdakik.com\/?p=82615","url":"https:\/\/kibrisdakik.com\/?p=82615","name":"Tokel\u2019in 19 May\u0131s mesaj\u0131: \u201cKaranl\u0131\u011fa kar\u015f\u0131 yak\u0131lm\u0131\u015f en parlak me\u015fale\u201d -","isPartOf":{"@id":"https:\/\/kibrisdakik.com\/#website"},"primaryImageOfPage":{"@id":"https:\/\/kibrisdakik.com\/?p=82615#primaryimage"},"image":{"@id":"https:\/\/kibrisdakik.com\/?p=82615#primaryimage"},"thumbnailUrl":"https:\/\/kibrisdakik.com\/wp-content\/uploads\/2025\/05\/ozdemir-tokel-25aaa-740x420.jpg","datePublished":"2025-05-19T08:30:51+00:00","author":{"@id":"https:\/\/kibrisdakik.com\/#\/schema\/person\/9cd9d437bbb44f72b73ba127e06d8e79"},"breadcrumb":{"@id":"https:\/\/kibrisdakik.com\/?p=82615#breadcrumb"},"inLanguage":"tr","potentialAction":[{"@type":"ReadAction","target":["https:\/\/kibrisdakik.com\/?p=82615"]}]},{"@type":"ImageObject","inLanguage":"tr","@id":"https:\/\/kibrisdakik.com\/?p=82615#primaryimage","url":"https:\/\/kibrisdakik.com\/wp-content\/uploads\/2025\/05\/ozdemir-tokel-25aaa-740x420.jpg","contentUrl":"https:\/\/kibrisdakik.com\/wp-content\/uploads\/2025\/05\/ozdemir-tokel-25aaa-740x420.jpg","width":1600,"height":900},{"@type":"BreadcrumbList","@id":"https:\/\/kibrisdakik.com\/?p=82615#breadcrumb","itemListElement":[{"@type":"ListItem","position":1,"name":"Home","item":"https:\/\/kibrisdakik.com\/"},{"@type":"ListItem","position":2,"name":"Tokel\u2019in 19 May\u0131s mesaj\u0131: \u201cKaranl\u0131\u011fa kar\u015f\u0131 yak\u0131lm\u0131\u015f en parlak me\u015fale\u201d"}]},{"@type":"WebSite","@id":"https:\/\/kibrisdakik.com\/#website","url":"https:\/\/kibrisdakik.com\/","name":"","description":"Tam vaktinde haber","potentialAction":[{"@type":"SearchAction","target":{"@type":"EntryPoint","urlTemplate":"https:\/\/kibrisdakik.com\/?s={search_term_string}"},"query-input":{"@type":"PropertyValueSpecification","valueRequired":true,"valueName":"search_term_string"}}],"inLanguage":"tr"},{"@type":"Person","@id":"https:\/\/kibrisdakik.com\/#\/schema\/person\/9cd9d437bbb44f72b73ba127e06d8e79","name":"admin","image":{"@type":"ImageObject","inLanguage":"tr","@id":"https:\/\/secure.gravatar.com\/avatar\/ccc17943b9d660506c869530f897617f7cb1c21a4bf30023f252596d83e1f007?s=96&d=mm&r=g","url":"https:\/\/secure.gravatar.com\/avatar\/ccc17943b9d660506c869530f897617f7cb1c21a4bf30023f252596d83e1f007?s=96&d=mm&r=g","contentUrl":"https:\/\/secure.gravatar.com\/avatar\/ccc17943b9d660506c869530f897617f7cb1c21a4bf30023f252596d83e1f007?s=96&d=mm&r=g","caption":"admin"},"sameAs":["https:\/\/kibrisdakik.com"],"url":"https:\/\/kibrisdakik.com\/?author=1"}]}},"_links":{"self":[{"href":"https:\/\/kibrisdakik.com\/index.php?rest_route=\/wp\/v2\/posts\/82615","targetHints":{"allow":["GET"]}}],"collection":[{"href":"https:\/\/kibrisdakik.com\/index.php?rest_route=\/wp\/v2\/posts"}],"about":[{"href":"https:\/\/kibrisdakik.com\/index.php?rest_route=\/wp\/v2\/types\/post"}],"author":[{"embeddable":true,"href":"https:\/\/kibrisdakik.com\/index.php?rest_route=\/wp\/v2\/users\/1"}],"replies":[{"embeddable":true,"href":"https:\/\/kibrisdakik.com\/index.php?rest_route=%2Fwp%2Fv2%2Fcomments&post=82615"}],"version-history":[{"count":0,"href":"https:\/\/kibrisdakik.com\/index.php?rest_route=\/wp\/v2\/posts\/82615\/revisions"}],"wp:featuredmedia":[{"embeddable":true,"href":"https:\/\/kibrisdakik.com\/index.php?rest_route=\/wp\/v2\/media\/82616"}],"wp:attachment":[{"href":"https:\/\/kibrisdakik.com\/index.php?rest_route=%2Fwp%2Fv2%2Fmedia&parent=82615"}],"wp:term":[{"taxonomy":"category","embeddable":true,"href":"https:\/\/kibrisdakik.com\/index.php?rest_route=%2Fwp%2Fv2%2Fcategories&post=82615"},{"taxonomy":"post_tag","embeddable":true,"href":"https:\/\/kibrisdakik.com\/index.php?rest_route=%2Fwp%2Fv2%2Ftags&post=82615"}],"curies":[{"name":"wp","href":"https:\/\/api.w.org\/{rel}","templated":true}]}}