{"id":8264,"date":"2023-06-05T13:34:48","date_gmt":"2023-06-05T13:34:48","guid":{"rendered":"https:\/\/kibrisdakik.com\/index.php\/2023\/06\/05\/orta-dereceli-okullarda-akademik-calisma-takviminde-duzenlemeye-gidildi\/"},"modified":"2023-06-05T13:34:48","modified_gmt":"2023-06-05T13:34:48","slug":"orta-dereceli-okullarda-akademik-calisma-takviminde-duzenlemeye-gidildi","status":"publish","type":"post","link":"https:\/\/kibrisdakik.com\/?p=8264","title":{"rendered":"Orta dereceli okullarda Akademik \u00c7al\u0131\u015fma Takvimi\u2019nde d\u00fczenlemeye gidildi"},"content":{"rendered":"<p><\/p>\n<div>\n<div class=\"mariselle-image-container center\">\n                <img width=\"770\" height=\"454\" class=\"lazy-image\" alt=\"\" decoding=\"async\" loading=\"lazy\" sizes=\"auto, (max-width: 770px) 100vw, 770px\" src=\"https:\/\/brtk.net\/wp-content\/uploads\/2023\/06\/05\/Screenshot_20230605_145452_Facebook.jpg?ver=ee2ed6493243dafd982f5edd873dbc78\" srcset=\"https:\/\/brtk.net\/wp-content\/uploads\/2023\/06\/05\/Screenshot_20230605_145452_Facebook.jpg?ver=ee2ed6493243dafd982f5edd873dbc78 770w, https:\/\/brtk.net\/wp-content\/uploads\/2023\/06\/05\/Screenshot_20230605_145452_Facebook-300x177.jpg?ver=ee2ed6493243dafd982f5edd873dbc78 300w, https:\/\/brtk.net\/wp-content\/uploads\/2023\/06\/05\/Screenshot_20230605_145452_Facebook-768x453.jpg?ver=06a40821f2ff10780e756b8d4b6a6de4 768w, https:\/\/brtk.net\/wp-content\/uploads\/2023\/06\/05\/Screenshot_20230605_145452_Facebook-379x222.jpg?ver=06a40821f2ff10780e756b8d4b6a6de4 379w\"\/>                            <\/div>\n<p>\u00a0<\/p>\n<p>\u00a0<\/p>\n<p>Genel Orta\u00f6\u011fretim Dairesi ve Mesleki Teknik \u00d6\u011fretim Dairesi M\u00fcd\u00fcrl\u00fc\u011f\u00fc\u2019ne ba\u011fl\u0131 okullardaki 2022-2023 E\u011fitim-\u00d6\u011fretim Y\u0131l\u0131 Kapan\u0131\u015f D\u00f6nemi Akademik \u00c7al\u0131\u015fma Takvimi\u2019nde d\u00fczenlemeye gidildi.<\/p>\n<p>Buna g\u00f6re, orta dereceli okullarda karneler 8 Haziran Per\u015fembe g\u00fcn\u00fc da\u011f\u0131t\u0131lacak. B\u00fct\u00fcnleme ve Sorumluluk S\u0131navlar\u0131 ise 12-16 Haziran tarihleri aras\u0131nda yap\u0131lacak.<\/p>\n<p>K\u0131br\u0131s T\u00fcrk Orta E\u011fitim \u00d6\u011fretmenler Sendikas\u0131\u2019n\u0131n (KTOE\u00d6S) s\u0131nav haftas\u0131nda ba\u015flatt\u0131\u011f\u0131 grev nedeniyle s\u0131navlar yap\u0131lamam\u0131\u015ft\u0131. KTOE\u00d6S daha sonra, Milli E\u011fitim Bakanl\u0131\u011f\u0131\u2019yla d\u00f6nemin bitirilmesi y\u00f6n\u00fcnde mutabakata vard\u0131klar\u0131n\u0131 a\u00e7\u0131klam\u0131\u015ft\u0131.<\/p>\n<p>Bu \u00e7er\u00e7evede Genel Orta\u00f6\u011fretim ve Mesleki Teknik \u00d6\u011fretim\u2019de 2022-2023 E\u011fitim-\u00d6\u011fretim Y\u0131l\u0131 Kapan\u0131\u015f D\u00f6nemi Akademik \u00c7al\u0131\u015fma Takvimi\u2019nde d\u00fczenleme yap\u0131ld\u0131.<\/p>\n<p><strong>-Karne da\u011f\u0131t\u0131m\u0131 8 Haziran\u2019da<\/strong><\/p>\n<p>Karne yaz\u0131m\u0131 7 Haziran \u00c7ar\u015famba g\u00fcn\u00fc, karne da\u011f\u0131t\u0131m\u0131 ve B\u00fct\u00fcnleme S\u0131navlar\u0131 ile ilgili \u00d6\u011fretmenler Kurul Toplant\u0131s\u0131 ise 8 Haziran Per\u015fembe g\u00fcn\u00fc yap\u0131lacak.<\/p>\n<p><strong>-B\u00fct\u00fcnleme ve Sorumluluk S\u0131navlar\u0131 12-16 Haziran tarihleri aras\u0131nda<\/strong><\/p>\n<p>B\u00fct\u00fcnleme ve Sorumluluk S\u0131navlar\u0131 5 g\u00fcn olacak \u015fekilde 12 Haziran Pazartesi g\u00fcn\u00fc ba\u015flayacak ve 16 Haziran Cuma g\u00fcn\u00fc sona erecek.<\/p>\n<p>Lefko\u015fa Anadolu G\u00fczel Sanatlar Lisesi S\u0131nav\u0131 Haz\u0131rl\u0131k Kurslar\u0131 15-16 Haziran tarihlerinde ger\u00e7ekle\u015ftirilecek.<\/p>\n<p>Meslek liselerine ba\u015fvurular ise 16 Haziran Cuma g\u00fcn\u00fc ba\u015flayarak, 21 Haziran \u00c7ar\u015famba g\u00fcn\u00fc sona erecek.<\/p>\n<p><strong>-Lefko\u015fa Anadolu G\u00fczel Sanatlar Lisesi Giri\u015f S\u0131navlar\u0131 19-20-21 Haziran\u2019da<\/strong><\/p>\n<p>Lefko\u015fa Anadolu G\u00fczel Sanatlar Lisesi Giri\u015f S\u0131navlar\u0131, 19-20-21 Haziran tarihlerinde yap\u0131lacak.<\/p>\n<p>Ortaokul Diploma T\u00f6renleri 19-22 Haziran, Lise Diploma T\u00f6renleri ise 21-26 Haziran tarihleri aras\u0131nda 4 g\u00fcn boyunca ger\u00e7ekle\u015ftirilecek.<\/p>\n<p>\u00d6\u011frenci kay\u0131t i\u015flemleri 22-26 Haziran tarihleri aras\u0131nda 3 g\u00fcn boyunca yap\u0131lacak.<\/p>\n<p><strong>-BEAL ve 20 Temmuz Fen Lisesi Yerle\u015ftirme S\u0131nav\u0131 24 Haziran\u2019da<\/strong><\/p>\n<p>B\u00fclent Ecevit Anadolu Lisesi (BEAL) ve 20 Temmuz Fen Lisesi Yerle\u015ftirme S\u0131nav\u0131 ise 24 Haziran Cumartesi g\u00fcn\u00fc ger\u00e7ekle\u015ftirilecek.<\/p>\n<p><strong>-\u0130lkokullarda karneler 16 Haziran\u2019da da\u011f\u0131t\u0131lacak<\/strong><\/p>\n<p>\u0130lk\u00f6\u011fretim Dairesi\u2019ne ba\u011fl\u0131 okullarda Akademik Takvim, planland\u0131\u011f\u0131 \u015fekilde devam edecek. \u0130lkokullarda, 16 Haziran Cuma g\u00fcn\u00fc karne ve tamamlamama belgeleri da\u011f\u0131lacak ve e\u011fitim y\u0131l\u0131 sona erecek.<\/p>\n<p><strong>-Kolejlere Giri\u015f \u0130kinci Basamak S\u0131nav\u0131 10 Haziran\u2019da<\/strong><\/p>\n<p>Kolejlere Giri\u015f \u0130kinci Basamak S\u0131nav\u0131 (KGS-2) 10 Haziran Cumartesi g\u00fcn\u00fc yap\u0131lacak.<\/p>\n<\/p><\/div>\n<p><script async\n                    defer\n                    crossorigin=\"anonymous\"\n                    src=\"https:\/\/connect.facebook.net\/tr_TR\/sdk.js#xfbml=1&#038;version=v3.3\"\n            ><\/script><\/p>\n","protected":false},"excerpt":{"rendered":"<p>\u00a0 \u00a0 Genel Orta\u00f6\u011fretim Dairesi ve Mesleki Teknik \u00d6\u011fretim Dairesi M\u00fcd\u00fcrl\u00fc\u011f\u00fc\u2019ne ba\u011fl\u0131 okullardaki 2022-2023 E\u011fitim-\u00d6\u011fretim Y\u0131l\u0131 Kapan\u0131\u015f D\u00f6nemi Akademik \u00c7al\u0131\u015fma Takvimi\u2019nde d\u00fczenlemeye gidildi. Buna g\u00f6re, orta dereceli okullarda karneler 8 Haziran Per\u015fembe g\u00fcn\u00fc da\u011f\u0131t\u0131lacak. B\u00fct\u00fcnleme ve Sorumluluk S\u0131navlar\u0131 ise 12-16 Haziran tarihleri aras\u0131nda yap\u0131lacak. K\u0131br\u0131s T\u00fcrk Orta E\u011fitim \u00d6\u011fretmenler Sendikas\u0131\u2019n\u0131n (KTOE\u00d6S) s\u0131nav haftas\u0131nda ba\u015flatt\u0131\u011f\u0131 grev<\/p>\n","protected":false},"author":1,"featured_media":8265,"comment_status":"open","ping_status":"open","sticky":false,"template":"","format":"standard","meta":{"footnotes":""},"categories":[1],"tags":[],"class_list":["post-8264","post","type-post","status-publish","format-standard","has-post-thumbnail","hentry","category-gundem"],"yoast_head":"<!-- This site is optimized with the Yoast SEO plugin v27.5 - https:\/\/yoast.com\/product\/yoast-seo-wordpress\/ -->\n<title>Orta dereceli okullarda Akademik \u00c7al\u0131\u015fma Takvimi\u2019nde d\u00fczenlemeye gidildi -<\/title>\n<meta name=\"robots\" content=\"index, follow, max-snippet:-1, max-image-preview:large, max-video-preview:-1\" \/>\n<link rel=\"canonical\" href=\"https:\/\/kibrisdakik.com\/?p=8264\" \/>\n<meta property=\"og:locale\" content=\"tr_TR\" \/>\n<meta property=\"og:type\" content=\"article\" \/>\n<meta property=\"og:title\" content=\"Orta dereceli okullarda Akademik \u00c7al\u0131\u015fma Takvimi\u2019nde d\u00fczenlemeye gidildi -\" \/>\n<meta property=\"og:description\" content=\"\u00a0 \u00a0 Genel Orta\u00f6\u011fretim Dairesi ve Mesleki Teknik \u00d6\u011fretim Dairesi M\u00fcd\u00fcrl\u00fc\u011f\u00fc\u2019ne ba\u011fl\u0131 okullardaki 2022-2023 E\u011fitim-\u00d6\u011fretim Y\u0131l\u0131 Kapan\u0131\u015f D\u00f6nemi Akademik \u00c7al\u0131\u015fma Takvimi\u2019nde d\u00fczenlemeye gidildi. Buna g\u00f6re, orta dereceli okullarda karneler 8 Haziran Per\u015fembe g\u00fcn\u00fc da\u011f\u0131t\u0131lacak. B\u00fct\u00fcnleme ve Sorumluluk S\u0131navlar\u0131 ise 12-16 Haziran tarihleri aras\u0131nda yap\u0131lacak. K\u0131br\u0131s T\u00fcrk Orta E\u011fitim \u00d6\u011fretmenler Sendikas\u0131\u2019n\u0131n (KTOE\u00d6S) s\u0131nav haftas\u0131nda ba\u015flatt\u0131\u011f\u0131 grev\" \/>\n<meta property=\"og:url\" content=\"https:\/\/kibrisdakik.com\/?p=8264\" \/>\n<meta property=\"article:published_time\" content=\"2023-06-05T13:34:48+00:00\" \/>\n<meta property=\"og:image\" content=\"https:\/\/kibrisdakik.com\/wp-content\/uploads\/2023\/06\/Screenshot_20230605_145452_Facebook-740x420.jpg\" \/>\n\t<meta property=\"og:image:width\" content=\"770\" \/>\n\t<meta property=\"og:image:height\" content=\"454\" \/>\n\t<meta property=\"og:image:type\" content=\"image\/jpeg\" \/>\n<meta name=\"author\" content=\"admin\" \/>\n<meta name=\"twitter:card\" content=\"summary_large_image\" \/>\n<meta name=\"twitter:label1\" content=\"Yazan:\" \/>\n\t<meta name=\"twitter:data1\" content=\"admin\" \/>\n\t<meta name=\"twitter:label2\" content=\"Tahmini okuma s\u00fcresi\" \/>\n\t<meta name=\"twitter:data2\" content=\"2 dakika\" \/>\n<script type=\"application\/ld+json\" class=\"yoast-schema-graph\">{\"@context\":\"https:\\\/\\\/schema.org\",\"@graph\":[{\"@type\":\"Article\",\"@id\":\"https:\\\/\\\/kibrisdakik.com\\\/?p=8264#article\",\"isPartOf\":{\"@id\":\"https:\\\/\\\/kibrisdakik.com\\\/?p=8264\"},\"author\":{\"name\":\"admin\",\"@id\":\"https:\\\/\\\/kibrisdakik.com\\\/#\\\/schema\\\/person\\\/9cd9d437bbb44f72b73ba127e06d8e79\"},\"headline\":\"Orta dereceli okullarda Akademik \u00c7al\u0131\u015fma Takvimi\u2019nde d\u00fczenlemeye gidildi\",\"datePublished\":\"2023-06-05T13:34:48+00:00\",\"mainEntityOfPage\":{\"@id\":\"https:\\\/\\\/kibrisdakik.com\\\/?p=8264\"},\"wordCount\":423,\"commentCount\":0,\"image\":{\"@id\":\"https:\\\/\\\/kibrisdakik.com\\\/?p=8264#primaryimage\"},\"thumbnailUrl\":\"https:\\\/\\\/kibrisdakik.com\\\/wp-content\\\/uploads\\\/2023\\\/06\\\/Screenshot_20230605_145452_Facebook-740x420.jpg\",\"articleSection\":[\"G\u00fcndem\"],\"inLanguage\":\"tr\",\"potentialAction\":[{\"@type\":\"CommentAction\",\"name\":\"Comment\",\"target\":[\"https:\\\/\\\/kibrisdakik.com\\\/?p=8264#respond\"]}]},{\"@type\":\"WebPage\",\"@id\":\"https:\\\/\\\/kibrisdakik.com\\\/?p=8264\",\"url\":\"https:\\\/\\\/kibrisdakik.com\\\/?p=8264\",\"name\":\"Orta dereceli okullarda Akademik \u00c7al\u0131\u015fma Takvimi\u2019nde d\u00fczenlemeye gidildi -\",\"isPartOf\":{\"@id\":\"https:\\\/\\\/kibrisdakik.com\\\/#website\"},\"primaryImageOfPage\":{\"@id\":\"https:\\\/\\\/kibrisdakik.com\\\/?p=8264#primaryimage\"},\"image\":{\"@id\":\"https:\\\/\\\/kibrisdakik.com\\\/?p=8264#primaryimage\"},\"thumbnailUrl\":\"https:\\\/\\\/kibrisdakik.com\\\/wp-content\\\/uploads\\\/2023\\\/06\\\/Screenshot_20230605_145452_Facebook-740x420.jpg\",\"datePublished\":\"2023-06-05T13:34:48+00:00\",\"author\":{\"@id\":\"https:\\\/\\\/kibrisdakik.com\\\/#\\\/schema\\\/person\\\/9cd9d437bbb44f72b73ba127e06d8e79\"},\"breadcrumb\":{\"@id\":\"https:\\\/\\\/kibrisdakik.com\\\/?p=8264#breadcrumb\"},\"inLanguage\":\"tr\",\"potentialAction\":[{\"@type\":\"ReadAction\",\"target\":[\"https:\\\/\\\/kibrisdakik.com\\\/?p=8264\"]}]},{\"@type\":\"ImageObject\",\"inLanguage\":\"tr\",\"@id\":\"https:\\\/\\\/kibrisdakik.com\\\/?p=8264#primaryimage\",\"url\":\"https:\\\/\\\/kibrisdakik.com\\\/wp-content\\\/uploads\\\/2023\\\/06\\\/Screenshot_20230605_145452_Facebook-740x420.jpg\",\"contentUrl\":\"https:\\\/\\\/kibrisdakik.com\\\/wp-content\\\/uploads\\\/2023\\\/06\\\/Screenshot_20230605_145452_Facebook-740x420.jpg\",\"width\":770,\"height\":454},{\"@type\":\"BreadcrumbList\",\"@id\":\"https:\\\/\\\/kibrisdakik.com\\\/?p=8264#breadcrumb\",\"itemListElement\":[{\"@type\":\"ListItem\",\"position\":1,\"name\":\"Home\",\"item\":\"https:\\\/\\\/kibrisdakik.com\\\/\"},{\"@type\":\"ListItem\",\"position\":2,\"name\":\"Orta dereceli okullarda Akademik \u00c7al\u0131\u015fma Takvimi\u2019nde d\u00fczenlemeye gidildi\"}]},{\"@type\":\"WebSite\",\"@id\":\"https:\\\/\\\/kibrisdakik.com\\\/#website\",\"url\":\"https:\\\/\\\/kibrisdakik.com\\\/\",\"name\":\"\",\"description\":\"Tam vaktinde haber\",\"potentialAction\":[{\"@type\":\"SearchAction\",\"target\":{\"@type\":\"EntryPoint\",\"urlTemplate\":\"https:\\\/\\\/kibrisdakik.com\\\/?s={search_term_string}\"},\"query-input\":{\"@type\":\"PropertyValueSpecification\",\"valueRequired\":true,\"valueName\":\"search_term_string\"}}],\"inLanguage\":\"tr\"},{\"@type\":\"Person\",\"@id\":\"https:\\\/\\\/kibrisdakik.com\\\/#\\\/schema\\\/person\\\/9cd9d437bbb44f72b73ba127e06d8e79\",\"name\":\"admin\",\"image\":{\"@type\":\"ImageObject\",\"inLanguage\":\"tr\",\"@id\":\"https:\\\/\\\/secure.gravatar.com\\\/avatar\\\/ccc17943b9d660506c869530f897617f7cb1c21a4bf30023f252596d83e1f007?s=96&d=mm&r=g\",\"url\":\"https:\\\/\\\/secure.gravatar.com\\\/avatar\\\/ccc17943b9d660506c869530f897617f7cb1c21a4bf30023f252596d83e1f007?s=96&d=mm&r=g\",\"contentUrl\":\"https:\\\/\\\/secure.gravatar.com\\\/avatar\\\/ccc17943b9d660506c869530f897617f7cb1c21a4bf30023f252596d83e1f007?s=96&d=mm&r=g\",\"caption\":\"admin\"},\"sameAs\":[\"https:\\\/\\\/kibrisdakik.com\"],\"url\":\"https:\\\/\\\/kibrisdakik.com\\\/?author=1\"}]}<\/script>\n<!-- \/ Yoast SEO plugin. -->","yoast_head_json":{"title":"Orta dereceli okullarda Akademik \u00c7al\u0131\u015fma Takvimi\u2019nde d\u00fczenlemeye gidildi -","robots":{"index":"index","follow":"follow","max-snippet":"max-snippet:-1","max-image-preview":"max-image-preview:large","max-video-preview":"max-video-preview:-1"},"canonical":"https:\/\/kibrisdakik.com\/?p=8264","og_locale":"tr_TR","og_type":"article","og_title":"Orta dereceli okullarda Akademik \u00c7al\u0131\u015fma Takvimi\u2019nde d\u00fczenlemeye gidildi -","og_description":"\u00a0 \u00a0 Genel Orta\u00f6\u011fretim Dairesi ve Mesleki Teknik \u00d6\u011fretim Dairesi M\u00fcd\u00fcrl\u00fc\u011f\u00fc\u2019ne ba\u011fl\u0131 okullardaki 2022-2023 E\u011fitim-\u00d6\u011fretim Y\u0131l\u0131 Kapan\u0131\u015f D\u00f6nemi Akademik \u00c7al\u0131\u015fma Takvimi\u2019nde d\u00fczenlemeye gidildi. Buna g\u00f6re, orta dereceli okullarda karneler 8 Haziran Per\u015fembe g\u00fcn\u00fc da\u011f\u0131t\u0131lacak. B\u00fct\u00fcnleme ve Sorumluluk S\u0131navlar\u0131 ise 12-16 Haziran tarihleri aras\u0131nda yap\u0131lacak. K\u0131br\u0131s T\u00fcrk Orta E\u011fitim \u00d6\u011fretmenler Sendikas\u0131\u2019n\u0131n (KTOE\u00d6S) s\u0131nav haftas\u0131nda ba\u015flatt\u0131\u011f\u0131 grev","og_url":"https:\/\/kibrisdakik.com\/?p=8264","article_published_time":"2023-06-05T13:34:48+00:00","og_image":[{"width":770,"height":454,"url":"https:\/\/kibrisdakik.com\/wp-content\/uploads\/2023\/06\/Screenshot_20230605_145452_Facebook-740x420.jpg","type":"image\/jpeg"}],"author":"admin","twitter_card":"summary_large_image","twitter_misc":{"Yazan:":"admin","Tahmini okuma s\u00fcresi":"2 dakika"},"schema":{"@context":"https:\/\/schema.org","@graph":[{"@type":"Article","@id":"https:\/\/kibrisdakik.com\/?p=8264#article","isPartOf":{"@id":"https:\/\/kibrisdakik.com\/?p=8264"},"author":{"name":"admin","@id":"https:\/\/kibrisdakik.com\/#\/schema\/person\/9cd9d437bbb44f72b73ba127e06d8e79"},"headline":"Orta dereceli okullarda Akademik \u00c7al\u0131\u015fma Takvimi\u2019nde d\u00fczenlemeye gidildi","datePublished":"2023-06-05T13:34:48+00:00","mainEntityOfPage":{"@id":"https:\/\/kibrisdakik.com\/?p=8264"},"wordCount":423,"commentCount":0,"image":{"@id":"https:\/\/kibrisdakik.com\/?p=8264#primaryimage"},"thumbnailUrl":"https:\/\/kibrisdakik.com\/wp-content\/uploads\/2023\/06\/Screenshot_20230605_145452_Facebook-740x420.jpg","articleSection":["G\u00fcndem"],"inLanguage":"tr","potentialAction":[{"@type":"CommentAction","name":"Comment","target":["https:\/\/kibrisdakik.com\/?p=8264#respond"]}]},{"@type":"WebPage","@id":"https:\/\/kibrisdakik.com\/?p=8264","url":"https:\/\/kibrisdakik.com\/?p=8264","name":"Orta dereceli okullarda Akademik \u00c7al\u0131\u015fma Takvimi\u2019nde d\u00fczenlemeye gidildi -","isPartOf":{"@id":"https:\/\/kibrisdakik.com\/#website"},"primaryImageOfPage":{"@id":"https:\/\/kibrisdakik.com\/?p=8264#primaryimage"},"image":{"@id":"https:\/\/kibrisdakik.com\/?p=8264#primaryimage"},"thumbnailUrl":"https:\/\/kibrisdakik.com\/wp-content\/uploads\/2023\/06\/Screenshot_20230605_145452_Facebook-740x420.jpg","datePublished":"2023-06-05T13:34:48+00:00","author":{"@id":"https:\/\/kibrisdakik.com\/#\/schema\/person\/9cd9d437bbb44f72b73ba127e06d8e79"},"breadcrumb":{"@id":"https:\/\/kibrisdakik.com\/?p=8264#breadcrumb"},"inLanguage":"tr","potentialAction":[{"@type":"ReadAction","target":["https:\/\/kibrisdakik.com\/?p=8264"]}]},{"@type":"ImageObject","inLanguage":"tr","@id":"https:\/\/kibrisdakik.com\/?p=8264#primaryimage","url":"https:\/\/kibrisdakik.com\/wp-content\/uploads\/2023\/06\/Screenshot_20230605_145452_Facebook-740x420.jpg","contentUrl":"https:\/\/kibrisdakik.com\/wp-content\/uploads\/2023\/06\/Screenshot_20230605_145452_Facebook-740x420.jpg","width":770,"height":454},{"@type":"BreadcrumbList","@id":"https:\/\/kibrisdakik.com\/?p=8264#breadcrumb","itemListElement":[{"@type":"ListItem","position":1,"name":"Home","item":"https:\/\/kibrisdakik.com\/"},{"@type":"ListItem","position":2,"name":"Orta dereceli okullarda Akademik \u00c7al\u0131\u015fma Takvimi\u2019nde d\u00fczenlemeye gidildi"}]},{"@type":"WebSite","@id":"https:\/\/kibrisdakik.com\/#website","url":"https:\/\/kibrisdakik.com\/","name":"","description":"Tam vaktinde haber","potentialAction":[{"@type":"SearchAction","target":{"@type":"EntryPoint","urlTemplate":"https:\/\/kibrisdakik.com\/?s={search_term_string}"},"query-input":{"@type":"PropertyValueSpecification","valueRequired":true,"valueName":"search_term_string"}}],"inLanguage":"tr"},{"@type":"Person","@id":"https:\/\/kibrisdakik.com\/#\/schema\/person\/9cd9d437bbb44f72b73ba127e06d8e79","name":"admin","image":{"@type":"ImageObject","inLanguage":"tr","@id":"https:\/\/secure.gravatar.com\/avatar\/ccc17943b9d660506c869530f897617f7cb1c21a4bf30023f252596d83e1f007?s=96&d=mm&r=g","url":"https:\/\/secure.gravatar.com\/avatar\/ccc17943b9d660506c869530f897617f7cb1c21a4bf30023f252596d83e1f007?s=96&d=mm&r=g","contentUrl":"https:\/\/secure.gravatar.com\/avatar\/ccc17943b9d660506c869530f897617f7cb1c21a4bf30023f252596d83e1f007?s=96&d=mm&r=g","caption":"admin"},"sameAs":["https:\/\/kibrisdakik.com"],"url":"https:\/\/kibrisdakik.com\/?author=1"}]}},"_links":{"self":[{"href":"https:\/\/kibrisdakik.com\/index.php?rest_route=\/wp\/v2\/posts\/8264","targetHints":{"allow":["GET"]}}],"collection":[{"href":"https:\/\/kibrisdakik.com\/index.php?rest_route=\/wp\/v2\/posts"}],"about":[{"href":"https:\/\/kibrisdakik.com\/index.php?rest_route=\/wp\/v2\/types\/post"}],"author":[{"embeddable":true,"href":"https:\/\/kibrisdakik.com\/index.php?rest_route=\/wp\/v2\/users\/1"}],"replies":[{"embeddable":true,"href":"https:\/\/kibrisdakik.com\/index.php?rest_route=%2Fwp%2Fv2%2Fcomments&post=8264"}],"version-history":[{"count":0,"href":"https:\/\/kibrisdakik.com\/index.php?rest_route=\/wp\/v2\/posts\/8264\/revisions"}],"wp:featuredmedia":[{"embeddable":true,"href":"https:\/\/kibrisdakik.com\/index.php?rest_route=\/wp\/v2\/media\/8265"}],"wp:attachment":[{"href":"https:\/\/kibrisdakik.com\/index.php?rest_route=%2Fwp%2Fv2%2Fmedia&parent=8264"}],"wp:term":[{"taxonomy":"category","embeddable":true,"href":"https:\/\/kibrisdakik.com\/index.php?rest_route=%2Fwp%2Fv2%2Fcategories&post=8264"},{"taxonomy":"post_tag","embeddable":true,"href":"https:\/\/kibrisdakik.com\/index.php?rest_route=%2Fwp%2Fv2%2Ftags&post=8264"}],"curies":[{"name":"wp","href":"https:\/\/api.w.org\/{rel}","templated":true}]}}