{"id":82649,"date":"2025-05-19T20:41:36","date_gmt":"2025-05-19T17:41:36","guid":{"rendered":"https:\/\/kibrisdakik.com\/index.php\/2025\/05\/19\/bay-sen-ve-kamu-is-genc-isciler-buyuk-kurultayina-katildi\/"},"modified":"2025-05-19T20:41:36","modified_gmt":"2025-05-19T17:41:36","slug":"bay-sen-ve-kamu-is-genc-isciler-buyuk-kurultayina-katildi","status":"publish","type":"post","link":"https:\/\/kibrisdakik.com\/?p=82649","title":{"rendered":"Bay-Sen ve Kamu-i\u015f, Gen\u00e7 \u0130\u015f\u00e7iler B\u00fcy\u00fck Kurultay\u0131\u2019na kat\u0131ld\u0131"},"content":{"rendered":"<div>\n<p>H\u00fcr \u0130\u015f\u00e7i Sendikalar\u0131 Federasyonu\u2019na ba\u011fl\u0131 Bayrak Radyo Televizyon Kurumu \u00c7al\u0131\u015fanlar\u0131 Sendikas\u0131 ile Kamu \u0130\u015f\u00e7ileri Sendikas\u0131&#8217;na (Kamu-\u0130\u015f) \u00fcye gen\u00e7 \u00e7al\u0131\u015fanlar Ankara\u2019da ger\u00e7ekle\u015ftirilen T\u00fcrk Metal Sendikas\u0131  Ankara\u2019da Gen\u00e7 \u0130\u015f\u00e7iler 2\u2019nci B\u00fcy\u00fck Kurultay\u0131\u2019na kat\u0131ld\u0131.<\/p>\n<p>Bir\u00e7ok farkl\u0131 \u00fclkeden gen\u00e7 kat\u0131l\u0131mc\u0131n\u0131n yer ald\u0131\u011f\u0131 kurultaya Uluslararas\u0131 Avrasya  Metal \u0130\u015f\u00e7ileri Federasyonu ve T\u00fcrk Metal Sendikas\u0131 Genel Ba\u015fkan\u0131 Uysal Altunda\u011f  da kat\u0131larak konu\u015fma ger\u00e7ekle\u015ftirdi.. <\/p>\n<p>Altunda\u011f konu\u015fmas\u0131nda gen\u00e7lerin ve kad\u0131nlar\u0131n \u00e7al\u0131\u015fma ya\u015fam\u0131na aktif kat\u0131l\u0131m\u0131n\u0131n \u00f6nemine i\u015faret etti. <\/p>\n<p>Kurultayda Bay-Sen \u00fcyesi Sonay Orbay da H\u00fcr-\u0130\u015f Federasyonu ad\u0131na konu\u015ftu. <\/p>\n<p>Kuzey K\u0131br\u0131s T\u00fcrk Cumhuriyeti\u2019nde 6 sendikan\u0131n olu\u015fturdu\u011fu H\u00fcr \u0130\u015f\u00e7i Sendikalar\u0131 Federasyonu\u2019nun kuruldu\u011fu tarihten itibaren i\u015f\u00e7i ve emek\u00e7ilerin haklar\u0131 i\u00e7in b\u00fcy\u00fck m\u00fccadeleler verdi\u011fini ve \u015fu anda \u00fclkenin en b\u00fcy\u00fck i\u015f\u00e7i federasyonu oldu\u011funu belirten Orbay Federasyon\u2019un T\u00fcrk-Metal Sendikas\u0131 ile yak\u0131n bir i\u015fbirli\u011fi i\u00e7erisinde oldu\u011funu kaydetti. <\/p>\n<p>Kuzey K\u0131br\u0131s T\u00fcrk Cumhuriyeti \u00fczerinde uygulanan haks\u0131z uluslararas\u0131 izolasyonlar\u0131n di\u011fer \u00fclkelerde faaliyet g\u00f6steren sivil toplum \u00f6rg\u00fctleri ve sendikalarla olan i\u015fbirliklerine de engel oldu\u011funu ifade eden Orbay, ancak her anlamda K\u0131br\u0131s T\u00fcrk\u00fc\u2019n\u00fcn yan\u0131nda olan Anavatan T\u00fcrkiye Cumhuriyeti\u2019nin sendikal ya\u015fam\u0131n en \u00f6nemli kurulu\u015flar\u0131ndan T\u00fcrk Metal Sendikas\u0131\u2019n\u0131n H\u00fcr-i\u015f Federasyonunu da aras\u0131na alarak T\u00fcrkiye Cumhuriyeti\u2019nde K\u0131br\u0131s T\u00fcrk\u00fc\u2019ne verilen de\u011feri bir kez daha ortaya koydu\u011funu s\u00f6yledi. <\/p>\n<p>Kurultay\u2019da konu\u015fan T\u00fcrkiye \u00c7al\u0131\u015fma ve Sosyal G\u00fcvenlik Bakan\u0131 Vedat I\u015f\u0131khan da  sendikalar\u0131 yaln\u0131zca payda\u015f de\u011fil \u00e7\u00f6z\u00fcm orta\u011f\u0131 olarak g\u00f6rd\u00fcklerini belirterek gen\u00e7lerin \u00e7al\u0131\u015fma ya\u015fam\u0131na kat\u0131lmalar\u0131na y\u00f6nelik y\u00fcr\u00fct\u00fclen \u00e7al\u0131\u015fmalar\u0131 anlatt\u0131. <\/p>\n<p>\u00d6te yandan H\u00fcr-\u0130\u015f Federasyonu Ba\u015fkan\u0131 Ahmet Serdaro\u011flu ile BAY-SEN Ba\u015fkan\u0131 Salih Sakall\u0131, Avrasya Metal \u0130\u015f\u00e7ileri Sendikas\u0131\u2019n\u0131n 59. Merkez Komite Toplant\u0131s\u0131na kat\u0131ld\u0131.<\/p>\n<\/p><\/div>\n<p><script async\n                    defer\n                    crossorigin=\"anonymous\"\n                    src=\"https:\/\/connect.facebook.net\/tr_TR\/sdk.js#xfbml=1&#038;version=v3.3\"\n            ><\/script><\/p>\n","protected":false},"excerpt":{"rendered":"<p>H\u00fcr \u0130\u015f\u00e7i Sendikalar\u0131 Federasyonu\u2019na ba\u011fl\u0131 Bayrak Radyo Televizyon Kurumu \u00c7al\u0131\u015fanlar\u0131 Sendikas\u0131 ile Kamu \u0130\u015f\u00e7ileri Sendikas\u0131&#8217;na (Kamu-\u0130\u015f) \u00fcye gen\u00e7 \u00e7al\u0131\u015fanlar Ankara\u2019da ger\u00e7ekle\u015ftirilen T\u00fcrk Metal Sendikas\u0131 Ankara\u2019da Gen\u00e7 \u0130\u015f\u00e7iler 2\u2019nci B\u00fcy\u00fck Kurultay\u0131\u2019na kat\u0131ld\u0131. Bir\u00e7ok farkl\u0131 \u00fclkeden gen\u00e7 kat\u0131l\u0131mc\u0131n\u0131n yer ald\u0131\u011f\u0131 kurultaya Uluslararas\u0131 Avrasya Metal \u0130\u015f\u00e7ileri Federasyonu ve T\u00fcrk Metal Sendikas\u0131 Genel Ba\u015fkan\u0131 Uysal Altunda\u011f da kat\u0131larak konu\u015fma<\/p>\n","protected":false},"author":1,"featured_media":82650,"comment_status":"open","ping_status":"open","sticky":false,"template":"","format":"standard","meta":{"footnotes":""},"categories":[81,101],"tags":[],"class_list":["post-82649","post","type-post","status-publish","format-standard","has-post-thumbnail","hentry","category-kibris","category-manset"],"yoast_head":"<!-- This site is optimized with the Yoast SEO plugin v27.5 - https:\/\/yoast.com\/product\/yoast-seo-wordpress\/ -->\n<title>Bay-Sen ve Kamu-i\u015f, Gen\u00e7 \u0130\u015f\u00e7iler B\u00fcy\u00fck Kurultay\u0131\u2019na kat\u0131ld\u0131 -<\/title>\n<meta name=\"robots\" content=\"index, follow, max-snippet:-1, max-image-preview:large, max-video-preview:-1\" \/>\n<link rel=\"canonical\" href=\"https:\/\/kibrisdakik.com\/?p=82649\" \/>\n<meta property=\"og:locale\" content=\"tr_TR\" \/>\n<meta property=\"og:type\" content=\"article\" \/>\n<meta property=\"og:title\" content=\"Bay-Sen ve Kamu-i\u015f, Gen\u00e7 \u0130\u015f\u00e7iler B\u00fcy\u00fck Kurultay\u0131\u2019na kat\u0131ld\u0131 -\" \/>\n<meta property=\"og:description\" content=\"H\u00fcr \u0130\u015f\u00e7i Sendikalar\u0131 Federasyonu\u2019na ba\u011fl\u0131 Bayrak Radyo Televizyon Kurumu \u00c7al\u0131\u015fanlar\u0131 Sendikas\u0131 ile Kamu \u0130\u015f\u00e7ileri Sendikas\u0131&#8217;na (Kamu-\u0130\u015f) \u00fcye gen\u00e7 \u00e7al\u0131\u015fanlar Ankara\u2019da ger\u00e7ekle\u015ftirilen T\u00fcrk Metal Sendikas\u0131 Ankara\u2019da Gen\u00e7 \u0130\u015f\u00e7iler 2\u2019nci B\u00fcy\u00fck Kurultay\u0131\u2019na kat\u0131ld\u0131. Bir\u00e7ok farkl\u0131 \u00fclkeden gen\u00e7 kat\u0131l\u0131mc\u0131n\u0131n yer ald\u0131\u011f\u0131 kurultaya Uluslararas\u0131 Avrasya Metal \u0130\u015f\u00e7ileri Federasyonu ve T\u00fcrk Metal Sendikas\u0131 Genel Ba\u015fkan\u0131 Uysal Altunda\u011f da kat\u0131larak konu\u015fma\" \/>\n<meta property=\"og:url\" content=\"https:\/\/kibrisdakik.com\/?p=82649\" \/>\n<meta property=\"article:published_time\" content=\"2025-05-19T17:41:36+00:00\" \/>\n<meta property=\"og:image\" content=\"https:\/\/kibrisdakik.com\/wp-content\/uploads\/2025\/05\/rrrrrrrrrrrrrrrrrrrrrr.jpg\" \/>\n\t<meta property=\"og:image:width\" content=\"389\" \/>\n\t<meta property=\"og:image:height\" content=\"241\" \/>\n\t<meta property=\"og:image:type\" content=\"image\/jpeg\" \/>\n<meta name=\"author\" content=\"admin\" \/>\n<meta name=\"twitter:card\" content=\"summary_large_image\" \/>\n<meta name=\"twitter:label1\" content=\"Yazan:\" \/>\n\t<meta name=\"twitter:data1\" content=\"admin\" \/>\n\t<meta name=\"twitter:label2\" content=\"Tahmini okuma s\u00fcresi\" \/>\n\t<meta name=\"twitter:data2\" content=\"2 dakika\" \/>\n<script type=\"application\/ld+json\" class=\"yoast-schema-graph\">{\"@context\":\"https:\\\/\\\/schema.org\",\"@graph\":[{\"@type\":\"Article\",\"@id\":\"https:\\\/\\\/kibrisdakik.com\\\/?p=82649#article\",\"isPartOf\":{\"@id\":\"https:\\\/\\\/kibrisdakik.com\\\/?p=82649\"},\"author\":{\"name\":\"admin\",\"@id\":\"https:\\\/\\\/kibrisdakik.com\\\/#\\\/schema\\\/person\\\/9cd9d437bbb44f72b73ba127e06d8e79\"},\"headline\":\"Bay-Sen ve Kamu-i\u015f, Gen\u00e7 \u0130\u015f\u00e7iler B\u00fcy\u00fck Kurultay\u0131\u2019na kat\u0131ld\u0131\",\"datePublished\":\"2025-05-19T17:41:36+00:00\",\"mainEntityOfPage\":{\"@id\":\"https:\\\/\\\/kibrisdakik.com\\\/?p=82649\"},\"wordCount\":378,\"commentCount\":0,\"image\":{\"@id\":\"https:\\\/\\\/kibrisdakik.com\\\/?p=82649#primaryimage\"},\"thumbnailUrl\":\"https:\\\/\\\/kibrisdakik.com\\\/wp-content\\\/uploads\\\/2025\\\/05\\\/rrrrrrrrrrrrrrrrrrrrrr.jpg\",\"articleSection\":[\"K\u0131br\u0131s\",\"Man\u015fet\"],\"inLanguage\":\"tr\",\"potentialAction\":[{\"@type\":\"CommentAction\",\"name\":\"Comment\",\"target\":[\"https:\\\/\\\/kibrisdakik.com\\\/?p=82649#respond\"]}]},{\"@type\":\"WebPage\",\"@id\":\"https:\\\/\\\/kibrisdakik.com\\\/?p=82649\",\"url\":\"https:\\\/\\\/kibrisdakik.com\\\/?p=82649\",\"name\":\"Bay-Sen ve Kamu-i\u015f, Gen\u00e7 \u0130\u015f\u00e7iler B\u00fcy\u00fck Kurultay\u0131\u2019na kat\u0131ld\u0131 -\",\"isPartOf\":{\"@id\":\"https:\\\/\\\/kibrisdakik.com\\\/#website\"},\"primaryImageOfPage\":{\"@id\":\"https:\\\/\\\/kibrisdakik.com\\\/?p=82649#primaryimage\"},\"image\":{\"@id\":\"https:\\\/\\\/kibrisdakik.com\\\/?p=82649#primaryimage\"},\"thumbnailUrl\":\"https:\\\/\\\/kibrisdakik.com\\\/wp-content\\\/uploads\\\/2025\\\/05\\\/rrrrrrrrrrrrrrrrrrrrrr.jpg\",\"datePublished\":\"2025-05-19T17:41:36+00:00\",\"author\":{\"@id\":\"https:\\\/\\\/kibrisdakik.com\\\/#\\\/schema\\\/person\\\/9cd9d437bbb44f72b73ba127e06d8e79\"},\"breadcrumb\":{\"@id\":\"https:\\\/\\\/kibrisdakik.com\\\/?p=82649#breadcrumb\"},\"inLanguage\":\"tr\",\"potentialAction\":[{\"@type\":\"ReadAction\",\"target\":[\"https:\\\/\\\/kibrisdakik.com\\\/?p=82649\"]}]},{\"@type\":\"ImageObject\",\"inLanguage\":\"tr\",\"@id\":\"https:\\\/\\\/kibrisdakik.com\\\/?p=82649#primaryimage\",\"url\":\"https:\\\/\\\/kibrisdakik.com\\\/wp-content\\\/uploads\\\/2025\\\/05\\\/rrrrrrrrrrrrrrrrrrrrrr.jpg\",\"contentUrl\":\"https:\\\/\\\/kibrisdakik.com\\\/wp-content\\\/uploads\\\/2025\\\/05\\\/rrrrrrrrrrrrrrrrrrrrrr.jpg\",\"width\":389,\"height\":241},{\"@type\":\"BreadcrumbList\",\"@id\":\"https:\\\/\\\/kibrisdakik.com\\\/?p=82649#breadcrumb\",\"itemListElement\":[{\"@type\":\"ListItem\",\"position\":1,\"name\":\"Home\",\"item\":\"https:\\\/\\\/kibrisdakik.com\\\/\"},{\"@type\":\"ListItem\",\"position\":2,\"name\":\"Bay-Sen ve Kamu-i\u015f, Gen\u00e7 \u0130\u015f\u00e7iler B\u00fcy\u00fck Kurultay\u0131\u2019na kat\u0131ld\u0131\"}]},{\"@type\":\"WebSite\",\"@id\":\"https:\\\/\\\/kibrisdakik.com\\\/#website\",\"url\":\"https:\\\/\\\/kibrisdakik.com\\\/\",\"name\":\"\",\"description\":\"Tam vaktinde haber\",\"potentialAction\":[{\"@type\":\"SearchAction\",\"target\":{\"@type\":\"EntryPoint\",\"urlTemplate\":\"https:\\\/\\\/kibrisdakik.com\\\/?s={search_term_string}\"},\"query-input\":{\"@type\":\"PropertyValueSpecification\",\"valueRequired\":true,\"valueName\":\"search_term_string\"}}],\"inLanguage\":\"tr\"},{\"@type\":\"Person\",\"@id\":\"https:\\\/\\\/kibrisdakik.com\\\/#\\\/schema\\\/person\\\/9cd9d437bbb44f72b73ba127e06d8e79\",\"name\":\"admin\",\"image\":{\"@type\":\"ImageObject\",\"inLanguage\":\"tr\",\"@id\":\"https:\\\/\\\/secure.gravatar.com\\\/avatar\\\/ccc17943b9d660506c869530f897617f7cb1c21a4bf30023f252596d83e1f007?s=96&d=mm&r=g\",\"url\":\"https:\\\/\\\/secure.gravatar.com\\\/avatar\\\/ccc17943b9d660506c869530f897617f7cb1c21a4bf30023f252596d83e1f007?s=96&d=mm&r=g\",\"contentUrl\":\"https:\\\/\\\/secure.gravatar.com\\\/avatar\\\/ccc17943b9d660506c869530f897617f7cb1c21a4bf30023f252596d83e1f007?s=96&d=mm&r=g\",\"caption\":\"admin\"},\"sameAs\":[\"https:\\\/\\\/kibrisdakik.com\"],\"url\":\"https:\\\/\\\/kibrisdakik.com\\\/?author=1\"}]}<\/script>\n<!-- \/ Yoast SEO plugin. -->","yoast_head_json":{"title":"Bay-Sen ve Kamu-i\u015f, Gen\u00e7 \u0130\u015f\u00e7iler B\u00fcy\u00fck Kurultay\u0131\u2019na kat\u0131ld\u0131 -","robots":{"index":"index","follow":"follow","max-snippet":"max-snippet:-1","max-image-preview":"max-image-preview:large","max-video-preview":"max-video-preview:-1"},"canonical":"https:\/\/kibrisdakik.com\/?p=82649","og_locale":"tr_TR","og_type":"article","og_title":"Bay-Sen ve Kamu-i\u015f, Gen\u00e7 \u0130\u015f\u00e7iler B\u00fcy\u00fck Kurultay\u0131\u2019na kat\u0131ld\u0131 -","og_description":"H\u00fcr \u0130\u015f\u00e7i Sendikalar\u0131 Federasyonu\u2019na ba\u011fl\u0131 Bayrak Radyo Televizyon Kurumu \u00c7al\u0131\u015fanlar\u0131 Sendikas\u0131 ile Kamu \u0130\u015f\u00e7ileri Sendikas\u0131&#8217;na (Kamu-\u0130\u015f) \u00fcye gen\u00e7 \u00e7al\u0131\u015fanlar Ankara\u2019da ger\u00e7ekle\u015ftirilen T\u00fcrk Metal Sendikas\u0131 Ankara\u2019da Gen\u00e7 \u0130\u015f\u00e7iler 2\u2019nci B\u00fcy\u00fck Kurultay\u0131\u2019na kat\u0131ld\u0131. Bir\u00e7ok farkl\u0131 \u00fclkeden gen\u00e7 kat\u0131l\u0131mc\u0131n\u0131n yer ald\u0131\u011f\u0131 kurultaya Uluslararas\u0131 Avrasya Metal \u0130\u015f\u00e7ileri Federasyonu ve T\u00fcrk Metal Sendikas\u0131 Genel Ba\u015fkan\u0131 Uysal Altunda\u011f da kat\u0131larak konu\u015fma","og_url":"https:\/\/kibrisdakik.com\/?p=82649","article_published_time":"2025-05-19T17:41:36+00:00","og_image":[{"width":389,"height":241,"url":"https:\/\/kibrisdakik.com\/wp-content\/uploads\/2025\/05\/rrrrrrrrrrrrrrrrrrrrrr.jpg","type":"image\/jpeg"}],"author":"admin","twitter_card":"summary_large_image","twitter_misc":{"Yazan:":"admin","Tahmini okuma s\u00fcresi":"2 dakika"},"schema":{"@context":"https:\/\/schema.org","@graph":[{"@type":"Article","@id":"https:\/\/kibrisdakik.com\/?p=82649#article","isPartOf":{"@id":"https:\/\/kibrisdakik.com\/?p=82649"},"author":{"name":"admin","@id":"https:\/\/kibrisdakik.com\/#\/schema\/person\/9cd9d437bbb44f72b73ba127e06d8e79"},"headline":"Bay-Sen ve Kamu-i\u015f, Gen\u00e7 \u0130\u015f\u00e7iler B\u00fcy\u00fck Kurultay\u0131\u2019na kat\u0131ld\u0131","datePublished":"2025-05-19T17:41:36+00:00","mainEntityOfPage":{"@id":"https:\/\/kibrisdakik.com\/?p=82649"},"wordCount":378,"commentCount":0,"image":{"@id":"https:\/\/kibrisdakik.com\/?p=82649#primaryimage"},"thumbnailUrl":"https:\/\/kibrisdakik.com\/wp-content\/uploads\/2025\/05\/rrrrrrrrrrrrrrrrrrrrrr.jpg","articleSection":["K\u0131br\u0131s","Man\u015fet"],"inLanguage":"tr","potentialAction":[{"@type":"CommentAction","name":"Comment","target":["https:\/\/kibrisdakik.com\/?p=82649#respond"]}]},{"@type":"WebPage","@id":"https:\/\/kibrisdakik.com\/?p=82649","url":"https:\/\/kibrisdakik.com\/?p=82649","name":"Bay-Sen ve Kamu-i\u015f, Gen\u00e7 \u0130\u015f\u00e7iler B\u00fcy\u00fck Kurultay\u0131\u2019na kat\u0131ld\u0131 -","isPartOf":{"@id":"https:\/\/kibrisdakik.com\/#website"},"primaryImageOfPage":{"@id":"https:\/\/kibrisdakik.com\/?p=82649#primaryimage"},"image":{"@id":"https:\/\/kibrisdakik.com\/?p=82649#primaryimage"},"thumbnailUrl":"https:\/\/kibrisdakik.com\/wp-content\/uploads\/2025\/05\/rrrrrrrrrrrrrrrrrrrrrr.jpg","datePublished":"2025-05-19T17:41:36+00:00","author":{"@id":"https:\/\/kibrisdakik.com\/#\/schema\/person\/9cd9d437bbb44f72b73ba127e06d8e79"},"breadcrumb":{"@id":"https:\/\/kibrisdakik.com\/?p=82649#breadcrumb"},"inLanguage":"tr","potentialAction":[{"@type":"ReadAction","target":["https:\/\/kibrisdakik.com\/?p=82649"]}]},{"@type":"ImageObject","inLanguage":"tr","@id":"https:\/\/kibrisdakik.com\/?p=82649#primaryimage","url":"https:\/\/kibrisdakik.com\/wp-content\/uploads\/2025\/05\/rrrrrrrrrrrrrrrrrrrrrr.jpg","contentUrl":"https:\/\/kibrisdakik.com\/wp-content\/uploads\/2025\/05\/rrrrrrrrrrrrrrrrrrrrrr.jpg","width":389,"height":241},{"@type":"BreadcrumbList","@id":"https:\/\/kibrisdakik.com\/?p=82649#breadcrumb","itemListElement":[{"@type":"ListItem","position":1,"name":"Home","item":"https:\/\/kibrisdakik.com\/"},{"@type":"ListItem","position":2,"name":"Bay-Sen ve Kamu-i\u015f, Gen\u00e7 \u0130\u015f\u00e7iler B\u00fcy\u00fck Kurultay\u0131\u2019na kat\u0131ld\u0131"}]},{"@type":"WebSite","@id":"https:\/\/kibrisdakik.com\/#website","url":"https:\/\/kibrisdakik.com\/","name":"","description":"Tam vaktinde haber","potentialAction":[{"@type":"SearchAction","target":{"@type":"EntryPoint","urlTemplate":"https:\/\/kibrisdakik.com\/?s={search_term_string}"},"query-input":{"@type":"PropertyValueSpecification","valueRequired":true,"valueName":"search_term_string"}}],"inLanguage":"tr"},{"@type":"Person","@id":"https:\/\/kibrisdakik.com\/#\/schema\/person\/9cd9d437bbb44f72b73ba127e06d8e79","name":"admin","image":{"@type":"ImageObject","inLanguage":"tr","@id":"https:\/\/secure.gravatar.com\/avatar\/ccc17943b9d660506c869530f897617f7cb1c21a4bf30023f252596d83e1f007?s=96&d=mm&r=g","url":"https:\/\/secure.gravatar.com\/avatar\/ccc17943b9d660506c869530f897617f7cb1c21a4bf30023f252596d83e1f007?s=96&d=mm&r=g","contentUrl":"https:\/\/secure.gravatar.com\/avatar\/ccc17943b9d660506c869530f897617f7cb1c21a4bf30023f252596d83e1f007?s=96&d=mm&r=g","caption":"admin"},"sameAs":["https:\/\/kibrisdakik.com"],"url":"https:\/\/kibrisdakik.com\/?author=1"}]}},"_links":{"self":[{"href":"https:\/\/kibrisdakik.com\/index.php?rest_route=\/wp\/v2\/posts\/82649","targetHints":{"allow":["GET"]}}],"collection":[{"href":"https:\/\/kibrisdakik.com\/index.php?rest_route=\/wp\/v2\/posts"}],"about":[{"href":"https:\/\/kibrisdakik.com\/index.php?rest_route=\/wp\/v2\/types\/post"}],"author":[{"embeddable":true,"href":"https:\/\/kibrisdakik.com\/index.php?rest_route=\/wp\/v2\/users\/1"}],"replies":[{"embeddable":true,"href":"https:\/\/kibrisdakik.com\/index.php?rest_route=%2Fwp%2Fv2%2Fcomments&post=82649"}],"version-history":[{"count":0,"href":"https:\/\/kibrisdakik.com\/index.php?rest_route=\/wp\/v2\/posts\/82649\/revisions"}],"wp:featuredmedia":[{"embeddable":true,"href":"https:\/\/kibrisdakik.com\/index.php?rest_route=\/wp\/v2\/media\/82650"}],"wp:attachment":[{"href":"https:\/\/kibrisdakik.com\/index.php?rest_route=%2Fwp%2Fv2%2Fmedia&parent=82649"}],"wp:term":[{"taxonomy":"category","embeddable":true,"href":"https:\/\/kibrisdakik.com\/index.php?rest_route=%2Fwp%2Fv2%2Fcategories&post=82649"},{"taxonomy":"post_tag","embeddable":true,"href":"https:\/\/kibrisdakik.com\/index.php?rest_route=%2Fwp%2Fv2%2Ftags&post=82649"}],"curies":[{"name":"wp","href":"https:\/\/api.w.org\/{rel}","templated":true}]}}