{"id":82660,"date":"2025-05-20T07:13:18","date_gmt":"2025-05-20T04:13:18","guid":{"rendered":"https:\/\/kibrisdakik.com\/index.php\/2025\/05\/20\/19-mayis-ataturku-anma-genclik-ve-spor-bayrami-lefkosada-106-yil-korteji-duzenlendi\/"},"modified":"2025-05-20T07:13:18","modified_gmt":"2025-05-20T04:13:18","slug":"19-mayis-ataturku-anma-genclik-ve-spor-bayrami-lefkosada-106-yil-korteji-duzenlendi","status":"publish","type":"post","link":"https:\/\/kibrisdakik.com\/?p=82660","title":{"rendered":"19 May\u0131s Atat\u00fcrk\u2019\u00fc Anma Gen\u00e7lik ve Spor Bayram\u0131. Lefko\u015fa\u2019da 106. Y\u0131l Korteji d\u00fczenlendi"},"content":{"rendered":"<div>\n<div class=\"mariselle-image-container none\">\n                                            <\/div>\n<p>19 May\u0131s Atat\u00fcrk\u2019\u00fc Anma, Gen\u00e7lik ve Spor Bayram\u0131 kutlamalar\u0131 \u00e7er\u00e7evesinde ba\u015fkent Lefko\u015fa\u2019da \u201c106.Y\u0131l Korteji\u201d d\u00fczenlendi.<\/p>\n<p>Bando e\u015fli\u011findeki y\u00fcr\u00fcy\u00fc\u015fe, Cumhurba\u015fkan\u0131 Ersin Tatar, T\u00fcrkiye Cumhuriyeti Lefko\u015fa B\u00fcy\u00fckel\u00e7isi Ali Murat Ba\u015f\u00e7eri, K\u0131br\u0131s T\u00fcrk Bar\u0131\u015f Kuvvetleri Komutan\u0131 T\u00fcmgeneral Sebahattin K\u0131l\u0131n\u00e7, G\u00fcvenlik Kuvvetleri Komutan\u0131 T\u00fcmgeneral \u0130lker G\u00f6rg\u00fcl\u00fc, Milli E\u011fitim Bakan\u0131 Naz\u0131m \u00c7avu\u015fo\u011flu, milletvekilleri, Lefko\u015fa merkez okullar\u0131ndan \u00f6\u011frenciler, \u00f6\u011fretmenler, \u00fcniversiteler, Spor Dairesi\u2019ne ba\u011fl\u0131 federasyon, kul\u00fcp ve dernekler, sivil toplum \u00f6rg\u00fctleri, askeri erkan, vatanda\u015flar ve di\u011fer yetkililer kat\u0131ld\u0131.<\/p>\n<p>Y\u00fcr\u00fcy\u00fc\u015fte, T\u00fcrk ve Kuzey K\u0131br\u0131s T\u00fcrk Cumhuriyeti bayraklar\u0131 ile \u00fczerinde ulu \u00f6nder Mustafa Kemal Atat\u00fcrk\u2019\u00fcn resmi olan bayraklar\u0131n ta\u015f\u0131nd\u0131\u011f\u0131 y\u00fcr\u00fcy\u00fc\u015f,\u00a0 Atat\u00fcrk An\u0131t\u0131\u2019ndan ba\u015flayarak Dereboyu Avenue \u00f6n\u00fcnde tamamlad\u0131.<\/p>\n<p>Burada Cumhurba\u015fkan\u0131 Tatar ve Milli E\u011fitim Bakan\u0131 \u00c7avu\u015fo\u011flu konu\u015fma yapt\u0131. Ard\u0131ndan G\u00fcvenlik Kuvvetleri Bandosu sahne ald\u0131.<\/p>\n<p>Kutlama program\u0131, Yedidalga Folklor Derne\u011fi Halk Danslar\u0131 ekibinin g\u00f6sterisi ile sona erdi.<\/p>\n<p>Cumhurba\u015fkan\u0131 Ersin Tatar burada yapt\u0131\u011f\u0131 konu\u015fmada, Azerbaycan ve T\u00fcrkiye Cumhuriyeti\u2019nden gelen gen\u00e7lere te\u015fekk\u00fcr ederek, K\u0131br\u0131s T\u00fcrk halk\u0131n\u0131n, KKTC\u2019nin d\u00f6rt bir yan\u0131nda, bug\u00fcn Gazi Mustafa Kemal Atat\u00fcrk ve 16 arkada\u015f\u0131n\u0131n Samsun\u2019a Band\u0131rma vapuruyla \u00e7\u0131karak me\u015faleyi yakmalar\u0131n\u0131n 106. y\u0131l d\u00f6n\u00fcm\u00fcn\u00fc kutlad\u0131\u011f\u0131n\u0131 s\u00f6yledi.<\/p>\n<p>Tatar, Azerbaycan Cumhurba\u015fkan\u0131 \u0130lham Aliyev ve T\u00fcrkiye Cumhurba\u015fkan\u0131 Recep Tayyip Erdo\u011fan\u2019a seslenerek \u201dBir millet, \u00fc\u00e7 devlet diyoruz.\u201d dedi. B\u00fcy\u00fck \u00f6nder Mustafa Kemal Atat\u00fcrk\u2019\u00fcn izinden ve yolundan y\u00fcr\u00fcyen K\u0131br\u0131s T\u00fcrk\u00fc\u2019n\u00fcn, kendi ba\u011f\u0131ms\u0131zl\u0131\u011f\u0131 ve \u00f6zg\u00fcrl\u00fc\u011f\u00fc i\u00e7in b\u00fcy\u00fck bir m\u00fccadele verdi\u011fini s\u00f6yleyen Tatar, bundan sonraki ad\u0131m\u0131n muhas\u0131r medeniyet seviyesini yakalamak oldu\u011funu s\u00f6yledi.<\/p>\n<p>Ba\u011f\u0131ms\u0131z KKTC\u2019yi gen\u00e7lere emanet ettiklerini s\u00f6yleyen Cumhurba\u015fkan\u0131 Tatar, \u201dBiz b\u00fcy\u00fck T\u00fcrk milletinin ayr\u0131lmaz ve kopmaz bir par\u00e7as\u0131 olarak, her daim birlik beraberlik i\u00e7erisinde en zor g\u00fcnleri a\u015fm\u0131\u015f ve \u015fu anda ger\u00e7ekten kar\u015f\u0131 taraftan gelen b\u00fct\u00fcn sald\u0131r\u0131lara en iyi \u015fekilde g\u00f6\u011f\u00fcs gerebilen, hi\u00e7bir zaman y\u0131k\u0131lmadan, hi\u00e7bir zaman pes etmeden T\u00fcrkiye\u2019nin de deste\u011fiyle devletimize sonuna kadar sahip \u00e7\u0131k\u0131yoruz.\u201d dedi.<\/p>\n<p>Milli E\u011fitim Bakan\u0131 Naz\u0131m \u00c7avu\u015fo\u011flu da konu\u015fmas\u0131nda, 19 May\u0131s Atat\u00fcrk\u2019\u00fc Anma Gen\u00e7lik ve Spor Bayram\u0131 kutlamalar\u0131na kat\u0131lanlara te\u015fekk\u00fcr ederek, T\u00fcrk milletinin 106 y\u0131l i\u00e7inde Atat\u00fcrk\u2019\u00fcn yolundan hi\u00e7 ayr\u0131lmad\u0131\u011f\u0131n\u0131, devrim ve ink\u0131laplar do\u011frultusunda Atat\u00fcrk\u00e7\u00fc d\u00fc\u015f\u00fcnceye lay\u0131k ya\u015fam bi\u00e7iminde ve hayat\u0131na devam etti\u011fini s\u00f6yledi.<\/p>\n<p>Atat\u00fcrk\u2019\u00fcn 19 May\u0131s 1919\u2019da y\u0131l\u0131nda Samsun\u2019a ayak bast\u0131\u011f\u0131nda yakt\u0131\u011f\u0131 me\u015falenin asl\u0131nda \u00f6zg\u00fcrl\u00fc\u011f\u00fcn, dirili\u015finin sembol\u00fc oldu\u011funu belirten \u00c7avu\u015fo\u011flu, \u201dO me\u015fale, bu T\u00fcrk gen\u00e7li\u011fi sayesinde her ge\u00e7en g\u00fcn daha b\u00fcy\u00fck yanacak. Etraf\u0131 ayd\u0131nlatacak, \u0131s\u0131tacak ve bayra\u011f\u0131m\u0131z\u0131 \u00e7ok daha y\u00fckseklere \u00e7\u0131karacak. Atat\u00fcrk\u00e7\u00fc d\u00fc\u015f\u00fcnce ilim demek, bilim demek, laiklik demek ve muhas\u0131r medeniyetler seviyesinde daha da ileriye gitmek i\u00e7in \u00e7al\u0131\u015fmakt\u0131r.\u201d dedi.<\/p>\n<p>\u00c7avu\u015fo\u011flu, \u201dBayra\u011f\u0131m\u0131z\u0131 y\u00fckseklerde, g\u00f6klerde dalgaland\u0131ra dalgaland\u0131ra, \u00f6zg\u00fcrce ve egemen bir \u015fekilde halk\u0131m\u0131z\u0131 temsil etmeye, halk\u0131m\u0131z\u0131 ya\u015fatmaya, y\u00fcceltmeye devam edece\u011fiz\u201d \u015feklinde konu\u015ftu.<\/p>\n<\/p><\/div>\n<p><script async\n                    defer\n                    crossorigin=\"anonymous\"\n                    src=\"https:\/\/connect.facebook.net\/tr_TR\/sdk.js#xfbml=1&#038;version=v3.3\"\n            ><\/script><\/p>\n","protected":false},"excerpt":{"rendered":"<p>19 May\u0131s Atat\u00fcrk\u2019\u00fc Anma, Gen\u00e7lik ve Spor Bayram\u0131 kutlamalar\u0131 \u00e7er\u00e7evesinde ba\u015fkent Lefko\u015fa\u2019da \u201c106.Y\u0131l Korteji\u201d d\u00fczenlendi. Bando e\u015fli\u011findeki y\u00fcr\u00fcy\u00fc\u015fe, Cumhurba\u015fkan\u0131 Ersin Tatar, T\u00fcrkiye Cumhuriyeti Lefko\u015fa B\u00fcy\u00fckel\u00e7isi Ali Murat Ba\u015f\u00e7eri, K\u0131br\u0131s T\u00fcrk Bar\u0131\u015f Kuvvetleri Komutan\u0131 T\u00fcmgeneral Sebahattin K\u0131l\u0131n\u00e7, G\u00fcvenlik Kuvvetleri Komutan\u0131 T\u00fcmgeneral \u0130lker G\u00f6rg\u00fcl\u00fc, Milli E\u011fitim Bakan\u0131 Naz\u0131m \u00c7avu\u015fo\u011flu, milletvekilleri, Lefko\u015fa merkez okullar\u0131ndan \u00f6\u011frenciler, \u00f6\u011fretmenler, \u00fcniversiteler, Spor<\/p>\n","protected":false},"author":1,"featured_media":82661,"comment_status":"open","ping_status":"open","sticky":false,"template":"","format":"standard","meta":{"footnotes":""},"categories":[81,101],"tags":[],"class_list":["post-82660","post","type-post","status-publish","format-standard","has-post-thumbnail","hentry","category-kibris","category-manset"],"yoast_head":"<!-- This site is optimized with the Yoast SEO plugin v27.4 - https:\/\/yoast.com\/product\/yoast-seo-wordpress\/ -->\n<title>19 May\u0131s Atat\u00fcrk\u2019\u00fc Anma Gen\u00e7lik ve Spor Bayram\u0131. Lefko\u015fa\u2019da 106. Y\u0131l Korteji d\u00fczenlendi -<\/title>\n<meta name=\"robots\" content=\"index, follow, max-snippet:-1, max-image-preview:large, max-video-preview:-1\" \/>\n<link rel=\"canonical\" href=\"https:\/\/kibrisdakik.com\/?p=82660\" \/>\n<meta property=\"og:locale\" content=\"tr_TR\" \/>\n<meta property=\"og:type\" content=\"article\" \/>\n<meta property=\"og:title\" content=\"19 May\u0131s Atat\u00fcrk\u2019\u00fc Anma Gen\u00e7lik ve Spor Bayram\u0131. Lefko\u015fa\u2019da 106. Y\u0131l Korteji d\u00fczenlendi -\" \/>\n<meta property=\"og:description\" content=\"19 May\u0131s Atat\u00fcrk\u2019\u00fc Anma, Gen\u00e7lik ve Spor Bayram\u0131 kutlamalar\u0131 \u00e7er\u00e7evesinde ba\u015fkent Lefko\u015fa\u2019da \u201c106.Y\u0131l Korteji\u201d d\u00fczenlendi. Bando e\u015fli\u011findeki y\u00fcr\u00fcy\u00fc\u015fe, Cumhurba\u015fkan\u0131 Ersin Tatar, T\u00fcrkiye Cumhuriyeti Lefko\u015fa B\u00fcy\u00fckel\u00e7isi Ali Murat Ba\u015f\u00e7eri, K\u0131br\u0131s T\u00fcrk Bar\u0131\u015f Kuvvetleri Komutan\u0131 T\u00fcmgeneral Sebahattin K\u0131l\u0131n\u00e7, G\u00fcvenlik Kuvvetleri Komutan\u0131 T\u00fcmgeneral \u0130lker G\u00f6rg\u00fcl\u00fc, Milli E\u011fitim Bakan\u0131 Naz\u0131m \u00c7avu\u015fo\u011flu, milletvekilleri, Lefko\u015fa merkez okullar\u0131ndan \u00f6\u011frenciler, \u00f6\u011fretmenler, \u00fcniversiteler, Spor\" \/>\n<meta property=\"og:url\" content=\"https:\/\/kibrisdakik.com\/?p=82660\" \/>\n<meta property=\"article:published_time\" content=\"2025-05-20T04:13:18+00:00\" \/>\n<meta property=\"og:image\" content=\"https:\/\/kibrisdakik.com\/wp-content\/uploads\/2025\/05\/1747674356150kortej8-740x420.jpeg\" \/>\n\t<meta property=\"og:image:width\" content=\"928\" \/>\n\t<meta property=\"og:image:height\" content=\"542\" \/>\n\t<meta property=\"og:image:type\" content=\"image\/jpeg\" \/>\n<meta name=\"author\" content=\"admin\" \/>\n<meta name=\"twitter:card\" content=\"summary_large_image\" \/>\n<meta name=\"twitter:label1\" content=\"Yazan:\" \/>\n\t<meta name=\"twitter:data1\" content=\"admin\" \/>\n\t<meta name=\"twitter:label2\" content=\"Tahmini okuma s\u00fcresi\" \/>\n\t<meta name=\"twitter:data2\" content=\"3 dakika\" \/>\n<script type=\"application\/ld+json\" class=\"yoast-schema-graph\">{\"@context\":\"https:\\\/\\\/schema.org\",\"@graph\":[{\"@type\":\"Article\",\"@id\":\"https:\\\/\\\/kibrisdakik.com\\\/?p=82660#article\",\"isPartOf\":{\"@id\":\"https:\\\/\\\/kibrisdakik.com\\\/?p=82660\"},\"author\":{\"name\":\"admin\",\"@id\":\"https:\\\/\\\/kibrisdakik.com\\\/#\\\/schema\\\/person\\\/9cd9d437bbb44f72b73ba127e06d8e79\"},\"headline\":\"19 May\u0131s Atat\u00fcrk\u2019\u00fc Anma Gen\u00e7lik ve Spor Bayram\u0131. Lefko\u015fa\u2019da 106. Y\u0131l Korteji d\u00fczenlendi\",\"datePublished\":\"2025-05-20T04:13:18+00:00\",\"mainEntityOfPage\":{\"@id\":\"https:\\\/\\\/kibrisdakik.com\\\/?p=82660\"},\"wordCount\":643,\"commentCount\":0,\"image\":{\"@id\":\"https:\\\/\\\/kibrisdakik.com\\\/?p=82660#primaryimage\"},\"thumbnailUrl\":\"https:\\\/\\\/kibrisdakik.com\\\/wp-content\\\/uploads\\\/2025\\\/05\\\/1747674356150kortej8-740x420.jpeg\",\"articleSection\":[\"K\u0131br\u0131s\",\"Man\u015fet\"],\"inLanguage\":\"tr\",\"potentialAction\":[{\"@type\":\"CommentAction\",\"name\":\"Comment\",\"target\":[\"https:\\\/\\\/kibrisdakik.com\\\/?p=82660#respond\"]}]},{\"@type\":\"WebPage\",\"@id\":\"https:\\\/\\\/kibrisdakik.com\\\/?p=82660\",\"url\":\"https:\\\/\\\/kibrisdakik.com\\\/?p=82660\",\"name\":\"19 May\u0131s Atat\u00fcrk\u2019\u00fc Anma Gen\u00e7lik ve Spor Bayram\u0131. Lefko\u015fa\u2019da 106. Y\u0131l Korteji d\u00fczenlendi -\",\"isPartOf\":{\"@id\":\"https:\\\/\\\/kibrisdakik.com\\\/#website\"},\"primaryImageOfPage\":{\"@id\":\"https:\\\/\\\/kibrisdakik.com\\\/?p=82660#primaryimage\"},\"image\":{\"@id\":\"https:\\\/\\\/kibrisdakik.com\\\/?p=82660#primaryimage\"},\"thumbnailUrl\":\"https:\\\/\\\/kibrisdakik.com\\\/wp-content\\\/uploads\\\/2025\\\/05\\\/1747674356150kortej8-740x420.jpeg\",\"datePublished\":\"2025-05-20T04:13:18+00:00\",\"author\":{\"@id\":\"https:\\\/\\\/kibrisdakik.com\\\/#\\\/schema\\\/person\\\/9cd9d437bbb44f72b73ba127e06d8e79\"},\"breadcrumb\":{\"@id\":\"https:\\\/\\\/kibrisdakik.com\\\/?p=82660#breadcrumb\"},\"inLanguage\":\"tr\",\"potentialAction\":[{\"@type\":\"ReadAction\",\"target\":[\"https:\\\/\\\/kibrisdakik.com\\\/?p=82660\"]}]},{\"@type\":\"ImageObject\",\"inLanguage\":\"tr\",\"@id\":\"https:\\\/\\\/kibrisdakik.com\\\/?p=82660#primaryimage\",\"url\":\"https:\\\/\\\/kibrisdakik.com\\\/wp-content\\\/uploads\\\/2025\\\/05\\\/1747674356150kortej8-740x420.jpeg\",\"contentUrl\":\"https:\\\/\\\/kibrisdakik.com\\\/wp-content\\\/uploads\\\/2025\\\/05\\\/1747674356150kortej8-740x420.jpeg\",\"width\":928,\"height\":542},{\"@type\":\"BreadcrumbList\",\"@id\":\"https:\\\/\\\/kibrisdakik.com\\\/?p=82660#breadcrumb\",\"itemListElement\":[{\"@type\":\"ListItem\",\"position\":1,\"name\":\"Home\",\"item\":\"https:\\\/\\\/kibrisdakik.com\\\/\"},{\"@type\":\"ListItem\",\"position\":2,\"name\":\"19 May\u0131s Atat\u00fcrk\u2019\u00fc Anma Gen\u00e7lik ve Spor Bayram\u0131. Lefko\u015fa\u2019da 106. Y\u0131l Korteji d\u00fczenlendi\"}]},{\"@type\":\"WebSite\",\"@id\":\"https:\\\/\\\/kibrisdakik.com\\\/#website\",\"url\":\"https:\\\/\\\/kibrisdakik.com\\\/\",\"name\":\"\",\"description\":\"Tam vaktinde haber\",\"potentialAction\":[{\"@type\":\"SearchAction\",\"target\":{\"@type\":\"EntryPoint\",\"urlTemplate\":\"https:\\\/\\\/kibrisdakik.com\\\/?s={search_term_string}\"},\"query-input\":{\"@type\":\"PropertyValueSpecification\",\"valueRequired\":true,\"valueName\":\"search_term_string\"}}],\"inLanguage\":\"tr\"},{\"@type\":\"Person\",\"@id\":\"https:\\\/\\\/kibrisdakik.com\\\/#\\\/schema\\\/person\\\/9cd9d437bbb44f72b73ba127e06d8e79\",\"name\":\"admin\",\"image\":{\"@type\":\"ImageObject\",\"inLanguage\":\"tr\",\"@id\":\"https:\\\/\\\/secure.gravatar.com\\\/avatar\\\/ccc17943b9d660506c869530f897617f7cb1c21a4bf30023f252596d83e1f007?s=96&d=mm&r=g\",\"url\":\"https:\\\/\\\/secure.gravatar.com\\\/avatar\\\/ccc17943b9d660506c869530f897617f7cb1c21a4bf30023f252596d83e1f007?s=96&d=mm&r=g\",\"contentUrl\":\"https:\\\/\\\/secure.gravatar.com\\\/avatar\\\/ccc17943b9d660506c869530f897617f7cb1c21a4bf30023f252596d83e1f007?s=96&d=mm&r=g\",\"caption\":\"admin\"},\"sameAs\":[\"https:\\\/\\\/kibrisdakik.com\"],\"url\":\"https:\\\/\\\/kibrisdakik.com\\\/?author=1\"}]}<\/script>\n<!-- \/ Yoast SEO plugin. -->","yoast_head_json":{"title":"19 May\u0131s Atat\u00fcrk\u2019\u00fc Anma Gen\u00e7lik ve Spor Bayram\u0131. Lefko\u015fa\u2019da 106. Y\u0131l Korteji d\u00fczenlendi -","robots":{"index":"index","follow":"follow","max-snippet":"max-snippet:-1","max-image-preview":"max-image-preview:large","max-video-preview":"max-video-preview:-1"},"canonical":"https:\/\/kibrisdakik.com\/?p=82660","og_locale":"tr_TR","og_type":"article","og_title":"19 May\u0131s Atat\u00fcrk\u2019\u00fc Anma Gen\u00e7lik ve Spor Bayram\u0131. Lefko\u015fa\u2019da 106. Y\u0131l Korteji d\u00fczenlendi -","og_description":"19 May\u0131s Atat\u00fcrk\u2019\u00fc Anma, Gen\u00e7lik ve Spor Bayram\u0131 kutlamalar\u0131 \u00e7er\u00e7evesinde ba\u015fkent Lefko\u015fa\u2019da \u201c106.Y\u0131l Korteji\u201d d\u00fczenlendi. Bando e\u015fli\u011findeki y\u00fcr\u00fcy\u00fc\u015fe, Cumhurba\u015fkan\u0131 Ersin Tatar, T\u00fcrkiye Cumhuriyeti Lefko\u015fa B\u00fcy\u00fckel\u00e7isi Ali Murat Ba\u015f\u00e7eri, K\u0131br\u0131s T\u00fcrk Bar\u0131\u015f Kuvvetleri Komutan\u0131 T\u00fcmgeneral Sebahattin K\u0131l\u0131n\u00e7, G\u00fcvenlik Kuvvetleri Komutan\u0131 T\u00fcmgeneral \u0130lker G\u00f6rg\u00fcl\u00fc, Milli E\u011fitim Bakan\u0131 Naz\u0131m \u00c7avu\u015fo\u011flu, milletvekilleri, Lefko\u015fa merkez okullar\u0131ndan \u00f6\u011frenciler, \u00f6\u011fretmenler, \u00fcniversiteler, Spor","og_url":"https:\/\/kibrisdakik.com\/?p=82660","article_published_time":"2025-05-20T04:13:18+00:00","og_image":[{"width":928,"height":542,"url":"https:\/\/kibrisdakik.com\/wp-content\/uploads\/2025\/05\/1747674356150kortej8-740x420.jpeg","type":"image\/jpeg"}],"author":"admin","twitter_card":"summary_large_image","twitter_misc":{"Yazan:":"admin","Tahmini okuma s\u00fcresi":"3 dakika"},"schema":{"@context":"https:\/\/schema.org","@graph":[{"@type":"Article","@id":"https:\/\/kibrisdakik.com\/?p=82660#article","isPartOf":{"@id":"https:\/\/kibrisdakik.com\/?p=82660"},"author":{"name":"admin","@id":"https:\/\/kibrisdakik.com\/#\/schema\/person\/9cd9d437bbb44f72b73ba127e06d8e79"},"headline":"19 May\u0131s Atat\u00fcrk\u2019\u00fc Anma Gen\u00e7lik ve Spor Bayram\u0131. Lefko\u015fa\u2019da 106. Y\u0131l Korteji d\u00fczenlendi","datePublished":"2025-05-20T04:13:18+00:00","mainEntityOfPage":{"@id":"https:\/\/kibrisdakik.com\/?p=82660"},"wordCount":643,"commentCount":0,"image":{"@id":"https:\/\/kibrisdakik.com\/?p=82660#primaryimage"},"thumbnailUrl":"https:\/\/kibrisdakik.com\/wp-content\/uploads\/2025\/05\/1747674356150kortej8-740x420.jpeg","articleSection":["K\u0131br\u0131s","Man\u015fet"],"inLanguage":"tr","potentialAction":[{"@type":"CommentAction","name":"Comment","target":["https:\/\/kibrisdakik.com\/?p=82660#respond"]}]},{"@type":"WebPage","@id":"https:\/\/kibrisdakik.com\/?p=82660","url":"https:\/\/kibrisdakik.com\/?p=82660","name":"19 May\u0131s Atat\u00fcrk\u2019\u00fc Anma Gen\u00e7lik ve Spor Bayram\u0131. Lefko\u015fa\u2019da 106. Y\u0131l Korteji d\u00fczenlendi -","isPartOf":{"@id":"https:\/\/kibrisdakik.com\/#website"},"primaryImageOfPage":{"@id":"https:\/\/kibrisdakik.com\/?p=82660#primaryimage"},"image":{"@id":"https:\/\/kibrisdakik.com\/?p=82660#primaryimage"},"thumbnailUrl":"https:\/\/kibrisdakik.com\/wp-content\/uploads\/2025\/05\/1747674356150kortej8-740x420.jpeg","datePublished":"2025-05-20T04:13:18+00:00","author":{"@id":"https:\/\/kibrisdakik.com\/#\/schema\/person\/9cd9d437bbb44f72b73ba127e06d8e79"},"breadcrumb":{"@id":"https:\/\/kibrisdakik.com\/?p=82660#breadcrumb"},"inLanguage":"tr","potentialAction":[{"@type":"ReadAction","target":["https:\/\/kibrisdakik.com\/?p=82660"]}]},{"@type":"ImageObject","inLanguage":"tr","@id":"https:\/\/kibrisdakik.com\/?p=82660#primaryimage","url":"https:\/\/kibrisdakik.com\/wp-content\/uploads\/2025\/05\/1747674356150kortej8-740x420.jpeg","contentUrl":"https:\/\/kibrisdakik.com\/wp-content\/uploads\/2025\/05\/1747674356150kortej8-740x420.jpeg","width":928,"height":542},{"@type":"BreadcrumbList","@id":"https:\/\/kibrisdakik.com\/?p=82660#breadcrumb","itemListElement":[{"@type":"ListItem","position":1,"name":"Home","item":"https:\/\/kibrisdakik.com\/"},{"@type":"ListItem","position":2,"name":"19 May\u0131s Atat\u00fcrk\u2019\u00fc Anma Gen\u00e7lik ve Spor Bayram\u0131. Lefko\u015fa\u2019da 106. Y\u0131l Korteji d\u00fczenlendi"}]},{"@type":"WebSite","@id":"https:\/\/kibrisdakik.com\/#website","url":"https:\/\/kibrisdakik.com\/","name":"","description":"Tam vaktinde haber","potentialAction":[{"@type":"SearchAction","target":{"@type":"EntryPoint","urlTemplate":"https:\/\/kibrisdakik.com\/?s={search_term_string}"},"query-input":{"@type":"PropertyValueSpecification","valueRequired":true,"valueName":"search_term_string"}}],"inLanguage":"tr"},{"@type":"Person","@id":"https:\/\/kibrisdakik.com\/#\/schema\/person\/9cd9d437bbb44f72b73ba127e06d8e79","name":"admin","image":{"@type":"ImageObject","inLanguage":"tr","@id":"https:\/\/secure.gravatar.com\/avatar\/ccc17943b9d660506c869530f897617f7cb1c21a4bf30023f252596d83e1f007?s=96&d=mm&r=g","url":"https:\/\/secure.gravatar.com\/avatar\/ccc17943b9d660506c869530f897617f7cb1c21a4bf30023f252596d83e1f007?s=96&d=mm&r=g","contentUrl":"https:\/\/secure.gravatar.com\/avatar\/ccc17943b9d660506c869530f897617f7cb1c21a4bf30023f252596d83e1f007?s=96&d=mm&r=g","caption":"admin"},"sameAs":["https:\/\/kibrisdakik.com"],"url":"https:\/\/kibrisdakik.com\/?author=1"}]}},"_links":{"self":[{"href":"https:\/\/kibrisdakik.com\/index.php?rest_route=\/wp\/v2\/posts\/82660","targetHints":{"allow":["GET"]}}],"collection":[{"href":"https:\/\/kibrisdakik.com\/index.php?rest_route=\/wp\/v2\/posts"}],"about":[{"href":"https:\/\/kibrisdakik.com\/index.php?rest_route=\/wp\/v2\/types\/post"}],"author":[{"embeddable":true,"href":"https:\/\/kibrisdakik.com\/index.php?rest_route=\/wp\/v2\/users\/1"}],"replies":[{"embeddable":true,"href":"https:\/\/kibrisdakik.com\/index.php?rest_route=%2Fwp%2Fv2%2Fcomments&post=82660"}],"version-history":[{"count":0,"href":"https:\/\/kibrisdakik.com\/index.php?rest_route=\/wp\/v2\/posts\/82660\/revisions"}],"wp:featuredmedia":[{"embeddable":true,"href":"https:\/\/kibrisdakik.com\/index.php?rest_route=\/wp\/v2\/media\/82661"}],"wp:attachment":[{"href":"https:\/\/kibrisdakik.com\/index.php?rest_route=%2Fwp%2Fv2%2Fmedia&parent=82660"}],"wp:term":[{"taxonomy":"category","embeddable":true,"href":"https:\/\/kibrisdakik.com\/index.php?rest_route=%2Fwp%2Fv2%2Fcategories&post=82660"},{"taxonomy":"post_tag","embeddable":true,"href":"https:\/\/kibrisdakik.com\/index.php?rest_route=%2Fwp%2Fv2%2Ftags&post=82660"}],"curies":[{"name":"wp","href":"https:\/\/api.w.org\/{rel}","templated":true}]}}