{"id":82854,"date":"2025-05-26T15:46:00","date_gmt":"2025-05-26T12:46:00","guid":{"rendered":"https:\/\/kibrisdakik.com\/index.php\/2025\/05\/26\/erhurman-toplayin-pilinizi-pirtinizi-gidin\/"},"modified":"2025-05-26T15:46:00","modified_gmt":"2025-05-26T12:46:00","slug":"erhurman-toplayin-pilinizi-pirtinizi-gidin","status":"publish","type":"post","link":"https:\/\/kibrisdakik.com\/?p=82854","title":{"rendered":"ERH\u00dcRMAN: TOPLAYIN PILINIZI PIRTINIZI, G\u0130D\u0130N!"},"content":{"rendered":"<p><img decoding=\"async\" src=\"https:\/\/mhahabercom.teimg.com\/crop\/1280x720\/mhahaber-com\/uploads\/2025\/05\/mhafoto-8340.png\" \/><br \/>Cumhuriyet\u00e7i T\u00fcrk Partisi (CTP) Genel Ba\u015fkan\u0131 Tufan Erh\u00fcrman bug\u00fcn Meclis\u2019te yapt\u0131\u011f\u0131 konu\u015fmada, \u201cKar\u015f\u0131m\u0131zda \u201cBitse de gitsek\u201d modunda bir yap\u0131 var\u201d ifadelerini kulland\u0131. E\u011fitim Bakan\u0131 ile Ula\u015ft\u0131rma Bakan\u0131\u2019n\u0131n Meclis k\u00fcrs\u00fcs\u00fc \u00fczerinde yapt\u0131\u011f\u0131 yetki tart\u0131\u015fmas\u0131na dikkat \u00e7eken Erh\u00fcrman, \u201cH\u00e2l\u00e2 \u00f6\u011frenci ta\u015f\u0131mac\u0131l\u0131\u011f\u0131nda hangi yetki Ula\u015ft\u0131rma Bakanl\u0131\u011f\u0131\u2019na, hangisi E\u011fitim Bakanl\u0131\u011f\u0131\u2019na aittir diye burada tart\u0131\u015f\u0131lacaksa, toplay\u0131n p\u0131l\u0131n\u0131z\u0131 p\u0131rt\u0131n\u0131z\u0131, gidin\u201d ifadelerini kulland\u0131.<\/p>\n<p>\u201cBitse de gitsek\u201d modunda olan bir yap\u0131\u201d<\/p>\n<p>Ad\u0131na h\u00fck\u00fcmet diyen yap\u0131 ad\u0131na yap\u0131lan konu\u015fmalar\u0131 \u201cdeh\u015fet i\u00e7inde\u201d izledi\u011fini vurgulayan Erh\u00fcrman, \u201cBu memleketi nas\u0131l bu hale getirdiniz diye d\u00fc\u015f\u00fcn\u00fcyorum\u201d ifadelerini kulland\u0131. \u201cSay\u0131n E\u011fitim Bakan\u0131, Ula\u015ft\u0131rma Bakan\u0131\u2019n\u0131n konu\u015fmas\u0131 \u00fczerine ona adeta ders veriyor. E\u011fer ara\u00e7lar\u0131n muayenesinde Ula\u015ft\u0131rma Bakanl\u0131\u011f\u0131\u2019n\u0131n bir yetkisi yoksa, E\u011fitim Bakanl\u0131\u011f\u0131\u2019n\u0131n bu konunun yan\u0131ndan bile ge\u00e7emez diyor\u201d diyen Erh\u00fcrman, g\u00f6r\u00fc\u015f\u00fclenin de ivedilikle g\u00f6r\u00fc\u015f\u00fclen bir yasa tasar\u0131s\u0131 oldu\u011funu belirtti. Tufan Erh\u00fcrman, \u201cYasa tasar\u0131lar\u0131 h\u00fck\u00fcmetten gelir. H\u00fck\u00fcmetin i\u00e7inde hem Ula\u015ft\u0131rma Bakan\u0131 hem E\u011fitim Bakan\u0131 var\u201d dedi. K\u0131sa bir s\u00fcre \u00f6nce meydana gelen otob\u00fcs kazas\u0131na i\u015faret eden Erh\u00fcrman, \u201c\u00c7ok k\u0131sa bir s\u00fcre \u00f6nce \u00e7ok tehlikeli bir kazadan m\u00fcmk\u00fcn olan en az zararla \u00e7\u0131k\u0131ld\u0131\u011f\u0131n\u0131 hep birlikte g\u00f6rd\u00fck. \u015eu anda bu konuyla ilgili bir yasa tasar\u0131s\u0131 Meclis\u2019e geliyor ama iki bakan k\u00fcrs\u00fcden yetki tart\u0131\u015fmas\u0131 yap\u0131yor. \u201cBu konu kimin yetkisindedir?\u201d diye kamuoyu \u00f6n\u00fcnde tart\u0131\u015f\u0131yorlar. G\u00f6r\u00fclmemi\u015f, olmam\u0131\u015f \u015feyler bunlar\u201d dedi. Erh\u00fcrman, \u201cKar\u015f\u0131m\u0131zda \u201cbitse de gitsek\u201d modunda olan bir yap\u0131 var. Ama bu memleket bunu kald\u0131ramaz. H\u00e2l\u00e2 \u00f6\u011frenci ta\u015f\u0131mac\u0131l\u0131\u011f\u0131nda hangi yetki Ula\u015ft\u0131rma Bakanl\u0131\u011f\u0131\u2019na, hangisi E\u011fitim Bakanl\u0131\u011f\u0131\u2019na aittir diye burada tart\u0131\u015f\u0131lacaksa, toplay\u0131n p\u0131l\u0131n\u0131z\u0131 p\u0131rt\u0131n\u0131z\u0131, gidin!\u201d diye konu\u015ftu. S\u00f6z konusu i\u015flerin do\u011fru i\u015fler olmad\u0131\u011f\u0131na vurgu yapan Erh\u00fcrman, Bakanlar Kurulu\u2019nun bir b\u00fct\u00fcn olarak sorumlu oldu\u011funun alt\u0131n\u0131 \u00e7izdi. \u201cKonu\u015fmalardan anlad\u0131\u011f\u0131m kadar\u0131yla, d\u00f6rt y\u0131l boyunca hukuka ayk\u0131r\u0131 \u015fekilde ta\u015f\u0131mac\u0131l\u0131k yap\u0131lm\u0131\u015f ve bu, kendine h\u00fck\u00fcmet diyen yap\u0131n\u0131n d\u00f6neminde ger\u00e7ekle\u015fmi\u015ftir\u201d diyen Erh\u00fcrman, s\u00f6z konusu durumu da dile getiren ki\u015finin E\u011fitim Bakan\u0131 oldu\u011funa dikkat \u00e7ekti. Tufan Erh\u00fcrman, \u201cBitmi\u015f oldu\u011funu kendisi de bilen, \u201cge\u00e7sin de gidelim\u201d derdinde olan bir yap\u0131dan s\u00f6z ediyoruz. Bu durumun bu kadar a\u00e7\u0131k \u015fekilde deklare edilmesi de Meclis kay\u0131tlar\u0131na ge\u00e7mi\u015ftir\u201d diye ekledi.<\/p>\n","protected":false},"excerpt":{"rendered":"<p>Cumhuriyet\u00e7i T\u00fcrk Partisi (CTP) Genel Ba\u015fkan\u0131 Tufan Erh\u00fcrman bug\u00fcn Meclis\u2019te yapt\u0131\u011f\u0131 konu\u015fmada, \u201cKar\u015f\u0131m\u0131zda \u201cBitse de gitsek\u201d modunda bir yap\u0131 var\u201d ifadelerini kulland\u0131. E\u011fitim Bakan\u0131 ile Ula\u015ft\u0131rma Bakan\u0131\u2019n\u0131n Meclis k\u00fcrs\u00fcs\u00fc \u00fczerinde yapt\u0131\u011f\u0131 yetki tart\u0131\u015fmas\u0131na dikkat \u00e7eken Erh\u00fcrman, \u201cH\u00e2l\u00e2 \u00f6\u011frenci ta\u015f\u0131mac\u0131l\u0131\u011f\u0131nda hangi yetki Ula\u015ft\u0131rma Bakanl\u0131\u011f\u0131\u2019na, hangisi E\u011fitim Bakanl\u0131\u011f\u0131\u2019na aittir diye burada tart\u0131\u015f\u0131lacaksa, toplay\u0131n p\u0131l\u0131n\u0131z\u0131 p\u0131rt\u0131n\u0131z\u0131, gidin\u201d ifadelerini<\/p>\n","protected":false},"author":1,"featured_media":82855,"comment_status":"open","ping_status":"open","sticky":false,"template":"","format":"standard","meta":{"footnotes":""},"categories":[1],"tags":[],"class_list":["post-82854","post","type-post","status-publish","format-standard","has-post-thumbnail","hentry","category-gundem"],"yoast_head":"<!-- This site is optimized with the Yoast SEO plugin v27.5 - https:\/\/yoast.com\/product\/yoast-seo-wordpress\/ -->\n<title>ERH\u00dcRMAN: TOPLAYIN PILINIZI PIRTINIZI, G\u0130D\u0130N! -<\/title>\n<meta name=\"robots\" content=\"index, follow, max-snippet:-1, max-image-preview:large, max-video-preview:-1\" \/>\n<link rel=\"canonical\" href=\"https:\/\/kibrisdakik.com\/?p=82854\" \/>\n<meta property=\"og:locale\" content=\"tr_TR\" \/>\n<meta property=\"og:type\" content=\"article\" \/>\n<meta property=\"og:title\" content=\"ERH\u00dcRMAN: TOPLAYIN PILINIZI PIRTINIZI, G\u0130D\u0130N! -\" \/>\n<meta property=\"og:description\" content=\"Cumhuriyet\u00e7i T\u00fcrk Partisi (CTP) Genel Ba\u015fkan\u0131 Tufan Erh\u00fcrman bug\u00fcn Meclis\u2019te yapt\u0131\u011f\u0131 konu\u015fmada, \u201cKar\u015f\u0131m\u0131zda \u201cBitse de gitsek\u201d modunda bir yap\u0131 var\u201d ifadelerini kulland\u0131. E\u011fitim Bakan\u0131 ile Ula\u015ft\u0131rma Bakan\u0131\u2019n\u0131n Meclis k\u00fcrs\u00fcs\u00fc \u00fczerinde yapt\u0131\u011f\u0131 yetki tart\u0131\u015fmas\u0131na dikkat \u00e7eken Erh\u00fcrman, \u201cH\u00e2l\u00e2 \u00f6\u011frenci ta\u015f\u0131mac\u0131l\u0131\u011f\u0131nda hangi yetki Ula\u015ft\u0131rma Bakanl\u0131\u011f\u0131\u2019na, hangisi E\u011fitim Bakanl\u0131\u011f\u0131\u2019na aittir diye burada tart\u0131\u015f\u0131lacaksa, toplay\u0131n p\u0131l\u0131n\u0131z\u0131 p\u0131rt\u0131n\u0131z\u0131, gidin\u201d ifadelerini\" \/>\n<meta property=\"og:url\" content=\"https:\/\/kibrisdakik.com\/?p=82854\" \/>\n<meta property=\"article:published_time\" content=\"2025-05-26T12:46:00+00:00\" \/>\n<meta property=\"og:image\" content=\"https:\/\/kibrisdakik.com\/wp-content\/uploads\/2025\/05\/mhafoto-8340-740x420.png\" \/>\n\t<meta property=\"og:image:width\" content=\"860\" \/>\n\t<meta property=\"og:image:height\" content=\"505\" \/>\n\t<meta property=\"og:image:type\" content=\"image\/png\" \/>\n<meta name=\"author\" content=\"admin\" \/>\n<meta name=\"twitter:card\" content=\"summary_large_image\" \/>\n<meta name=\"twitter:label1\" content=\"Yazan:\" \/>\n\t<meta name=\"twitter:data1\" content=\"admin\" \/>\n\t<meta name=\"twitter:label2\" content=\"Tahmini okuma s\u00fcresi\" \/>\n\t<meta name=\"twitter:data2\" content=\"2 dakika\" \/>\n<script type=\"application\/ld+json\" class=\"yoast-schema-graph\">{\"@context\":\"https:\\\/\\\/schema.org\",\"@graph\":[{\"@type\":\"Article\",\"@id\":\"https:\\\/\\\/kibrisdakik.com\\\/?p=82854#article\",\"isPartOf\":{\"@id\":\"https:\\\/\\\/kibrisdakik.com\\\/?p=82854\"},\"author\":{\"name\":\"admin\",\"@id\":\"https:\\\/\\\/kibrisdakik.com\\\/#\\\/schema\\\/person\\\/9cd9d437bbb44f72b73ba127e06d8e79\"},\"headline\":\"ERH\u00dcRMAN: TOPLAYIN PILINIZI PIRTINIZI, G\u0130D\u0130N!\",\"datePublished\":\"2025-05-26T12:46:00+00:00\",\"mainEntityOfPage\":{\"@id\":\"https:\\\/\\\/kibrisdakik.com\\\/?p=82854\"},\"wordCount\":497,\"commentCount\":0,\"image\":{\"@id\":\"https:\\\/\\\/kibrisdakik.com\\\/?p=82854#primaryimage\"},\"thumbnailUrl\":\"https:\\\/\\\/kibrisdakik.com\\\/wp-content\\\/uploads\\\/2025\\\/05\\\/mhafoto-8340-740x420.png\",\"articleSection\":[\"G\u00fcndem\"],\"inLanguage\":\"tr\",\"potentialAction\":[{\"@type\":\"CommentAction\",\"name\":\"Comment\",\"target\":[\"https:\\\/\\\/kibrisdakik.com\\\/?p=82854#respond\"]}]},{\"@type\":\"WebPage\",\"@id\":\"https:\\\/\\\/kibrisdakik.com\\\/?p=82854\",\"url\":\"https:\\\/\\\/kibrisdakik.com\\\/?p=82854\",\"name\":\"ERH\u00dcRMAN: TOPLAYIN PILINIZI PIRTINIZI, G\u0130D\u0130N! -\",\"isPartOf\":{\"@id\":\"https:\\\/\\\/kibrisdakik.com\\\/#website\"},\"primaryImageOfPage\":{\"@id\":\"https:\\\/\\\/kibrisdakik.com\\\/?p=82854#primaryimage\"},\"image\":{\"@id\":\"https:\\\/\\\/kibrisdakik.com\\\/?p=82854#primaryimage\"},\"thumbnailUrl\":\"https:\\\/\\\/kibrisdakik.com\\\/wp-content\\\/uploads\\\/2025\\\/05\\\/mhafoto-8340-740x420.png\",\"datePublished\":\"2025-05-26T12:46:00+00:00\",\"author\":{\"@id\":\"https:\\\/\\\/kibrisdakik.com\\\/#\\\/schema\\\/person\\\/9cd9d437bbb44f72b73ba127e06d8e79\"},\"breadcrumb\":{\"@id\":\"https:\\\/\\\/kibrisdakik.com\\\/?p=82854#breadcrumb\"},\"inLanguage\":\"tr\",\"potentialAction\":[{\"@type\":\"ReadAction\",\"target\":[\"https:\\\/\\\/kibrisdakik.com\\\/?p=82854\"]}]},{\"@type\":\"ImageObject\",\"inLanguage\":\"tr\",\"@id\":\"https:\\\/\\\/kibrisdakik.com\\\/?p=82854#primaryimage\",\"url\":\"https:\\\/\\\/kibrisdakik.com\\\/wp-content\\\/uploads\\\/2025\\\/05\\\/mhafoto-8340-740x420.png\",\"contentUrl\":\"https:\\\/\\\/kibrisdakik.com\\\/wp-content\\\/uploads\\\/2025\\\/05\\\/mhafoto-8340-740x420.png\",\"width\":860,\"height\":505},{\"@type\":\"BreadcrumbList\",\"@id\":\"https:\\\/\\\/kibrisdakik.com\\\/?p=82854#breadcrumb\",\"itemListElement\":[{\"@type\":\"ListItem\",\"position\":1,\"name\":\"Home\",\"item\":\"https:\\\/\\\/kibrisdakik.com\\\/\"},{\"@type\":\"ListItem\",\"position\":2,\"name\":\"ERH\u00dcRMAN: TOPLAYIN PILINIZI PIRTINIZI, G\u0130D\u0130N!\"}]},{\"@type\":\"WebSite\",\"@id\":\"https:\\\/\\\/kibrisdakik.com\\\/#website\",\"url\":\"https:\\\/\\\/kibrisdakik.com\\\/\",\"name\":\"\",\"description\":\"Tam vaktinde haber\",\"potentialAction\":[{\"@type\":\"SearchAction\",\"target\":{\"@type\":\"EntryPoint\",\"urlTemplate\":\"https:\\\/\\\/kibrisdakik.com\\\/?s={search_term_string}\"},\"query-input\":{\"@type\":\"PropertyValueSpecification\",\"valueRequired\":true,\"valueName\":\"search_term_string\"}}],\"inLanguage\":\"tr\"},{\"@type\":\"Person\",\"@id\":\"https:\\\/\\\/kibrisdakik.com\\\/#\\\/schema\\\/person\\\/9cd9d437bbb44f72b73ba127e06d8e79\",\"name\":\"admin\",\"image\":{\"@type\":\"ImageObject\",\"inLanguage\":\"tr\",\"@id\":\"https:\\\/\\\/secure.gravatar.com\\\/avatar\\\/ccc17943b9d660506c869530f897617f7cb1c21a4bf30023f252596d83e1f007?s=96&d=mm&r=g\",\"url\":\"https:\\\/\\\/secure.gravatar.com\\\/avatar\\\/ccc17943b9d660506c869530f897617f7cb1c21a4bf30023f252596d83e1f007?s=96&d=mm&r=g\",\"contentUrl\":\"https:\\\/\\\/secure.gravatar.com\\\/avatar\\\/ccc17943b9d660506c869530f897617f7cb1c21a4bf30023f252596d83e1f007?s=96&d=mm&r=g\",\"caption\":\"admin\"},\"sameAs\":[\"https:\\\/\\\/kibrisdakik.com\"],\"url\":\"https:\\\/\\\/kibrisdakik.com\\\/?author=1\"}]}<\/script>\n<!-- \/ Yoast SEO plugin. -->","yoast_head_json":{"title":"ERH\u00dcRMAN: TOPLAYIN PILINIZI PIRTINIZI, G\u0130D\u0130N! -","robots":{"index":"index","follow":"follow","max-snippet":"max-snippet:-1","max-image-preview":"max-image-preview:large","max-video-preview":"max-video-preview:-1"},"canonical":"https:\/\/kibrisdakik.com\/?p=82854","og_locale":"tr_TR","og_type":"article","og_title":"ERH\u00dcRMAN: TOPLAYIN PILINIZI PIRTINIZI, G\u0130D\u0130N! -","og_description":"Cumhuriyet\u00e7i T\u00fcrk Partisi (CTP) Genel Ba\u015fkan\u0131 Tufan Erh\u00fcrman bug\u00fcn Meclis\u2019te yapt\u0131\u011f\u0131 konu\u015fmada, \u201cKar\u015f\u0131m\u0131zda \u201cBitse de gitsek\u201d modunda bir yap\u0131 var\u201d ifadelerini kulland\u0131. E\u011fitim Bakan\u0131 ile Ula\u015ft\u0131rma Bakan\u0131\u2019n\u0131n Meclis k\u00fcrs\u00fcs\u00fc \u00fczerinde yapt\u0131\u011f\u0131 yetki tart\u0131\u015fmas\u0131na dikkat \u00e7eken Erh\u00fcrman, \u201cH\u00e2l\u00e2 \u00f6\u011frenci ta\u015f\u0131mac\u0131l\u0131\u011f\u0131nda hangi yetki Ula\u015ft\u0131rma Bakanl\u0131\u011f\u0131\u2019na, hangisi E\u011fitim Bakanl\u0131\u011f\u0131\u2019na aittir diye burada tart\u0131\u015f\u0131lacaksa, toplay\u0131n p\u0131l\u0131n\u0131z\u0131 p\u0131rt\u0131n\u0131z\u0131, gidin\u201d ifadelerini","og_url":"https:\/\/kibrisdakik.com\/?p=82854","article_published_time":"2025-05-26T12:46:00+00:00","og_image":[{"width":860,"height":505,"url":"https:\/\/kibrisdakik.com\/wp-content\/uploads\/2025\/05\/mhafoto-8340-740x420.png","type":"image\/png"}],"author":"admin","twitter_card":"summary_large_image","twitter_misc":{"Yazan:":"admin","Tahmini okuma s\u00fcresi":"2 dakika"},"schema":{"@context":"https:\/\/schema.org","@graph":[{"@type":"Article","@id":"https:\/\/kibrisdakik.com\/?p=82854#article","isPartOf":{"@id":"https:\/\/kibrisdakik.com\/?p=82854"},"author":{"name":"admin","@id":"https:\/\/kibrisdakik.com\/#\/schema\/person\/9cd9d437bbb44f72b73ba127e06d8e79"},"headline":"ERH\u00dcRMAN: TOPLAYIN PILINIZI PIRTINIZI, G\u0130D\u0130N!","datePublished":"2025-05-26T12:46:00+00:00","mainEntityOfPage":{"@id":"https:\/\/kibrisdakik.com\/?p=82854"},"wordCount":497,"commentCount":0,"image":{"@id":"https:\/\/kibrisdakik.com\/?p=82854#primaryimage"},"thumbnailUrl":"https:\/\/kibrisdakik.com\/wp-content\/uploads\/2025\/05\/mhafoto-8340-740x420.png","articleSection":["G\u00fcndem"],"inLanguage":"tr","potentialAction":[{"@type":"CommentAction","name":"Comment","target":["https:\/\/kibrisdakik.com\/?p=82854#respond"]}]},{"@type":"WebPage","@id":"https:\/\/kibrisdakik.com\/?p=82854","url":"https:\/\/kibrisdakik.com\/?p=82854","name":"ERH\u00dcRMAN: TOPLAYIN PILINIZI PIRTINIZI, G\u0130D\u0130N! -","isPartOf":{"@id":"https:\/\/kibrisdakik.com\/#website"},"primaryImageOfPage":{"@id":"https:\/\/kibrisdakik.com\/?p=82854#primaryimage"},"image":{"@id":"https:\/\/kibrisdakik.com\/?p=82854#primaryimage"},"thumbnailUrl":"https:\/\/kibrisdakik.com\/wp-content\/uploads\/2025\/05\/mhafoto-8340-740x420.png","datePublished":"2025-05-26T12:46:00+00:00","author":{"@id":"https:\/\/kibrisdakik.com\/#\/schema\/person\/9cd9d437bbb44f72b73ba127e06d8e79"},"breadcrumb":{"@id":"https:\/\/kibrisdakik.com\/?p=82854#breadcrumb"},"inLanguage":"tr","potentialAction":[{"@type":"ReadAction","target":["https:\/\/kibrisdakik.com\/?p=82854"]}]},{"@type":"ImageObject","inLanguage":"tr","@id":"https:\/\/kibrisdakik.com\/?p=82854#primaryimage","url":"https:\/\/kibrisdakik.com\/wp-content\/uploads\/2025\/05\/mhafoto-8340-740x420.png","contentUrl":"https:\/\/kibrisdakik.com\/wp-content\/uploads\/2025\/05\/mhafoto-8340-740x420.png","width":860,"height":505},{"@type":"BreadcrumbList","@id":"https:\/\/kibrisdakik.com\/?p=82854#breadcrumb","itemListElement":[{"@type":"ListItem","position":1,"name":"Home","item":"https:\/\/kibrisdakik.com\/"},{"@type":"ListItem","position":2,"name":"ERH\u00dcRMAN: TOPLAYIN PILINIZI PIRTINIZI, G\u0130D\u0130N!"}]},{"@type":"WebSite","@id":"https:\/\/kibrisdakik.com\/#website","url":"https:\/\/kibrisdakik.com\/","name":"","description":"Tam vaktinde haber","potentialAction":[{"@type":"SearchAction","target":{"@type":"EntryPoint","urlTemplate":"https:\/\/kibrisdakik.com\/?s={search_term_string}"},"query-input":{"@type":"PropertyValueSpecification","valueRequired":true,"valueName":"search_term_string"}}],"inLanguage":"tr"},{"@type":"Person","@id":"https:\/\/kibrisdakik.com\/#\/schema\/person\/9cd9d437bbb44f72b73ba127e06d8e79","name":"admin","image":{"@type":"ImageObject","inLanguage":"tr","@id":"https:\/\/secure.gravatar.com\/avatar\/ccc17943b9d660506c869530f897617f7cb1c21a4bf30023f252596d83e1f007?s=96&d=mm&r=g","url":"https:\/\/secure.gravatar.com\/avatar\/ccc17943b9d660506c869530f897617f7cb1c21a4bf30023f252596d83e1f007?s=96&d=mm&r=g","contentUrl":"https:\/\/secure.gravatar.com\/avatar\/ccc17943b9d660506c869530f897617f7cb1c21a4bf30023f252596d83e1f007?s=96&d=mm&r=g","caption":"admin"},"sameAs":["https:\/\/kibrisdakik.com"],"url":"https:\/\/kibrisdakik.com\/?author=1"}]}},"_links":{"self":[{"href":"https:\/\/kibrisdakik.com\/index.php?rest_route=\/wp\/v2\/posts\/82854","targetHints":{"allow":["GET"]}}],"collection":[{"href":"https:\/\/kibrisdakik.com\/index.php?rest_route=\/wp\/v2\/posts"}],"about":[{"href":"https:\/\/kibrisdakik.com\/index.php?rest_route=\/wp\/v2\/types\/post"}],"author":[{"embeddable":true,"href":"https:\/\/kibrisdakik.com\/index.php?rest_route=\/wp\/v2\/users\/1"}],"replies":[{"embeddable":true,"href":"https:\/\/kibrisdakik.com\/index.php?rest_route=%2Fwp%2Fv2%2Fcomments&post=82854"}],"version-history":[{"count":0,"href":"https:\/\/kibrisdakik.com\/index.php?rest_route=\/wp\/v2\/posts\/82854\/revisions"}],"wp:featuredmedia":[{"embeddable":true,"href":"https:\/\/kibrisdakik.com\/index.php?rest_route=\/wp\/v2\/media\/82855"}],"wp:attachment":[{"href":"https:\/\/kibrisdakik.com\/index.php?rest_route=%2Fwp%2Fv2%2Fmedia&parent=82854"}],"wp:term":[{"taxonomy":"category","embeddable":true,"href":"https:\/\/kibrisdakik.com\/index.php?rest_route=%2Fwp%2Fv2%2Fcategories&post=82854"},{"taxonomy":"post_tag","embeddable":true,"href":"https:\/\/kibrisdakik.com\/index.php?rest_route=%2Fwp%2Fv2%2Ftags&post=82854"}],"curies":[{"name":"wp","href":"https:\/\/api.w.org\/{rel}","templated":true}]}}