{"id":8294,"date":"2023-06-05T21:45:42","date_gmt":"2023-06-05T21:45:42","guid":{"rendered":"https:\/\/kibrisdakik.com\/index.php\/2023\/06\/05\/secim-ve-halk-oylamasi-degisiklik-yasa-onerisi-cumhuriyet-meclisinde-oy-birligiyle-kabul-edildi\/"},"modified":"2023-06-05T21:45:42","modified_gmt":"2023-06-05T21:45:42","slug":"secim-ve-halk-oylamasi-degisiklik-yasa-onerisi-cumhuriyet-meclisinde-oy-birligiyle-kabul-edildi","status":"publish","type":"post","link":"https:\/\/kibrisdakik.com\/?p=8294","title":{"rendered":"Se\u00e7im ve Halk Oylamas\u0131 (De\u011fi\u015fiklik) Yasa \u00d6nerisi, Cumhuriyet Meclisi\u2019nde oy birli\u011fiyle kabul edildi"},"content":{"rendered":"<p><\/p>\n<div>\n<div class=\"mariselle-image-container center\">\n                <img width=\"1600\" height=\"872\" class=\"lazy-image\" alt=\"\" decoding=\"async\" loading=\"lazy\" sizes=\"auto, (max-width: 1600px) 100vw, 1600px\" src=\"https:\/\/brtk.net\/wp-content\/uploads\/2023\/06\/05\/meclis-4-19.jpg?ver=a2496238dbdb01a7bd3514f715566d5d\" srcset=\"https:\/\/brtk.net\/wp-content\/uploads\/2023\/06\/05\/meclis-4-19.jpg?ver=a2496238dbdb01a7bd3514f715566d5d 1600w, https:\/\/brtk.net\/wp-content\/uploads\/2023\/06\/05\/meclis-4-19-300x164.jpg?ver=5fdd26d4b516e2a22a1b38d6d3b6fb5b 300w, https:\/\/brtk.net\/wp-content\/uploads\/2023\/06\/05\/meclis-4-19-1024x558.jpg?ver=5fdd26d4b516e2a22a1b38d6d3b6fb5b 1024w, https:\/\/brtk.net\/wp-content\/uploads\/2023\/06\/05\/meclis-4-19-768x419.jpg?ver=5fdd26d4b516e2a22a1b38d6d3b6fb5b 768w, https:\/\/brtk.net\/wp-content\/uploads\/2023\/06\/05\/meclis-4-19-1536x837.jpg?ver=0d37cbf56adab43510dae5876c6ed401 1536w\"\/>                            <\/div>\n<p>\nSe\u00e7im ve Halk Oylamas\u0131 (De\u011fi\u015fiklik) Yasa \u00d6nerisi, Cumhuriyet Meclisi\u2019nde oy birli\u011fiyle kabul edildi.<\/p>\n<p>Oy pusulas\u0131n\u0131n formunda de\u011fi\u015fiklik de \u00f6ng\u00f6ren d\u00fczenlemeye g\u00f6re, siyasi partilerin adaylar\u0131 ile ba\u011f\u0131ms\u0131z adaylar oy pusulas\u0131nda e\u015fit alana sahip olacak. Pusula ikiye b\u00f6l\u00fcnecek, \u00fcstte siyasi partilerin adaylar\u0131, altta ise ba\u011f\u0131ms\u0131z adaylar yer alacak.<\/p>\n<p>Se\u00e7men oyunu vermek istedi\u011fi siyasi partinin ad\u0131n\u0131n ve ambleminin veya ba\u011f\u0131ms\u0131z aday\u0131n isim ve soy isminin alt\u0131nda ve\/veya \u00fcst\u00fcnde bulunan kare i\u00e7ine \u201cevet\u201d yaz\u0131l\u0131 m\u00fchr\u00fc basarak oyunu kullanacak.<\/p>\n<p>Hangi partiye veya adaya bas\u0131ld\u0131\u011f\u0131 belirgin olan m\u00fch\u00fcr ge\u00e7erli say\u0131lacak. M\u00fch\u00fcr, ba\u015fka bir siyasi partinin veya aday\u0131n alan\u0131na ge\u00e7mezse,  karenin kenar \u00e7izgilerinden ta\u015fsa da ge\u00e7erli say\u0131lacak.<\/p>\n<p>Parti ambleminin veya aday\u0131n isminin \u00fczerine veya s\u00f6z konusu alan i\u00e7inde herhangi bir yere bas\u0131lan m\u00fch\u00fcr de ge\u00e7erli olacak.  <\/p>\n<p>-Se\u00e7im ve Halk Oylamas\u0131 (De\u011fi\u015fiklik) Yasa \u00d6nerisi oy birli\u011fiyle kabul edildi<\/p>\n<p>Genel Kurulda, g\u00fcncel konu\u015fmalara ek sunu\u015flar nedeniyle ara verildi.<\/p>\n<p>Buna g\u00f6re, Cumhuriyet Meclisi Dan\u0131\u015fma Kurulu\u2019nun,  <a href=\"https:\/\/brtk.net\/\">UBP<\/a> Genel Sekreteri O\u011fuzhan Hasipo\u011flu ve <a href=\"https:\/\/brtk.net\/\">CTP<\/a> Milletvekili \u00dcr\u00fcn Solyal\u0131\u2019n\u0131n komiteye sundu\u011fu Se\u00e7im ve Halk Oylamas\u0131 (De\u011fi\u015fiklik) Yasa \u00d6nerisi\u2019nin bug\u00fcnk\u00fc meclis g\u00fcndemine al\u0131nmas\u0131yla ilgili karar\u0131 okundu. Karar, oy birli\u011fiyle kabul edildi.<\/p>\n<p>Hukuk,Siyasi \u0130\u015fler ve D\u0131\u015fili\u015fkiler Komitesi\u2019nde ivedilikle g\u00f6r\u00fc\u015f\u00fclen Se\u00e7im ve Halk Oylamas\u0131 (De\u011fi\u015fiklik) Yasa \u00d6nerisi\u2019nin \u00fc\u00e7\u00fcnc\u00fc g\u00f6r\u00fc\u015fmesinin yap\u0131lmas\u0131 da Genel Kurul\u2019da oyland\u0131. Tezkere oy birli\u011fiyle kabul edildi.<\/p>\n<p>Hukuk, Siyasi \u0130\u015fler ve D\u0131\u015fili\u015fkiler Komitesi\u2019nin \u00f6neriye ili\u015fkin raporunu komite Ba\u015fkan\u0131 Yasemi \u00d6zt\u00fcrk okudu.<\/p>\n<p>-Solyal\u0131<\/p>\n<p><a href=\"https:\/\/brtk.net\/\">CTP<\/a> milletvekili \u00dcr\u00fcn Solyal\u0131, Genel Kurulda s\u00f6z alarak, 25 Haziran\u2019da tek milletvekili i\u00e7in bir se\u00e7im yap\u0131laca\u011f\u0131n\u0131 s\u00f6yleyerek, 1976\u2019de yap\u0131lan Se\u00e7im ve Halk Oylamas\u0131 Yasas\u0131 kapsam\u0131nda ba\u011f\u0131ms\u0131z adaylara oy pusulas\u0131nda sa\u011flanan alan\u0131n rahatl\u0131kla okunamad\u0131\u011f\u0131n\u0131 belirtti.<\/p>\n<p>Y\u00fcksek Se\u00e7im Kurulu ile de isti\u015fare edildi\u011fini kaydeden Solyal\u0131, daha adil bir yar\u0131\u015f i\u00e7in oy pusulas\u0131n\u0131n formunun de\u011fi\u015ftirildi\u011fini kaydetti.<\/p>\n<p>\u00dcr\u00fcn Solyal\u0131, pusulan\u0131n ikiye b\u00f6l\u00fcnece\u011fini; \u00fcstte siyasi partilerin, altta da ba\u011f\u0131ms\u0131zlar adaylar\u0131n olaca\u011f\u0131n\u0131 ve herkese e\u015fit alan verilece\u011fini aktard\u0131.<\/p>\n<p>Solayl\u0131,  \u00f6nerinin komitede oy birli\u011fiyle kabul edildi\u011fini  de s\u00f6yledi.<\/p>\n<p>TAK<\/p>\n<\/p><\/div>\n<p><script async\n                    defer\n                    crossorigin=\"anonymous\"\n                    src=\"https:\/\/connect.facebook.net\/tr_TR\/sdk.js#xfbml=1&#038;version=v3.3\"\n            ><\/script><\/p>\n","protected":false},"excerpt":{"rendered":"<p>Se\u00e7im ve Halk Oylamas\u0131 (De\u011fi\u015fiklik) Yasa \u00d6nerisi, Cumhuriyet Meclisi\u2019nde oy birli\u011fiyle kabul edildi. Oy pusulas\u0131n\u0131n formunda de\u011fi\u015fiklik de \u00f6ng\u00f6ren d\u00fczenlemeye g\u00f6re, siyasi partilerin adaylar\u0131 ile ba\u011f\u0131ms\u0131z adaylar oy pusulas\u0131nda e\u015fit alana sahip olacak. Pusula ikiye b\u00f6l\u00fcnecek, \u00fcstte siyasi partilerin adaylar\u0131, altta ise ba\u011f\u0131ms\u0131z adaylar yer alacak. Se\u00e7men oyunu vermek istedi\u011fi siyasi partinin ad\u0131n\u0131n ve ambleminin<\/p>\n","protected":false},"author":1,"featured_media":8295,"comment_status":"open","ping_status":"open","sticky":false,"template":"","format":"standard","meta":{"footnotes":""},"categories":[1],"tags":[],"class_list":["post-8294","post","type-post","status-publish","format-standard","has-post-thumbnail","hentry","category-gundem"],"yoast_head":"<!-- This site is optimized with the Yoast SEO plugin v27.5 - https:\/\/yoast.com\/product\/yoast-seo-wordpress\/ -->\n<title>Se\u00e7im ve Halk Oylamas\u0131 (De\u011fi\u015fiklik) Yasa \u00d6nerisi, Cumhuriyet Meclisi\u2019nde oy birli\u011fiyle kabul edildi -<\/title>\n<meta name=\"robots\" content=\"index, follow, max-snippet:-1, max-image-preview:large, max-video-preview:-1\" \/>\n<link rel=\"canonical\" href=\"https:\/\/kibrisdakik.com\/?p=8294\" \/>\n<meta property=\"og:locale\" content=\"tr_TR\" \/>\n<meta property=\"og:type\" content=\"article\" \/>\n<meta property=\"og:title\" content=\"Se\u00e7im ve Halk Oylamas\u0131 (De\u011fi\u015fiklik) Yasa \u00d6nerisi, Cumhuriyet Meclisi\u2019nde oy birli\u011fiyle kabul edildi -\" \/>\n<meta property=\"og:description\" content=\"Se\u00e7im ve Halk Oylamas\u0131 (De\u011fi\u015fiklik) Yasa \u00d6nerisi, Cumhuriyet Meclisi\u2019nde oy birli\u011fiyle kabul edildi. Oy pusulas\u0131n\u0131n formunda de\u011fi\u015fiklik de \u00f6ng\u00f6ren d\u00fczenlemeye g\u00f6re, siyasi partilerin adaylar\u0131 ile ba\u011f\u0131ms\u0131z adaylar oy pusulas\u0131nda e\u015fit alana sahip olacak. Pusula ikiye b\u00f6l\u00fcnecek, \u00fcstte siyasi partilerin adaylar\u0131, altta ise ba\u011f\u0131ms\u0131z adaylar yer alacak. Se\u00e7men oyunu vermek istedi\u011fi siyasi partinin ad\u0131n\u0131n ve ambleminin\" \/>\n<meta property=\"og:url\" content=\"https:\/\/kibrisdakik.com\/?p=8294\" \/>\n<meta property=\"article:published_time\" content=\"2023-06-05T21:45:42+00:00\" \/>\n<meta property=\"og:image\" content=\"https:\/\/kibrisdakik.com\/wp-content\/uploads\/2023\/06\/meclis-4-19-1-740x420.jpg\" \/>\n\t<meta property=\"og:image:width\" content=\"1600\" \/>\n\t<meta property=\"og:image:height\" content=\"872\" \/>\n\t<meta property=\"og:image:type\" content=\"image\/jpeg\" \/>\n<meta name=\"author\" content=\"admin\" \/>\n<meta name=\"twitter:card\" content=\"summary_large_image\" \/>\n<meta name=\"twitter:label1\" content=\"Yazan:\" \/>\n\t<meta name=\"twitter:data1\" content=\"admin\" \/>\n\t<meta name=\"twitter:label2\" content=\"Tahmini okuma s\u00fcresi\" \/>\n\t<meta name=\"twitter:data2\" content=\"2 dakika\" \/>\n<script type=\"application\/ld+json\" class=\"yoast-schema-graph\">{\"@context\":\"https:\\\/\\\/schema.org\",\"@graph\":[{\"@type\":\"Article\",\"@id\":\"https:\\\/\\\/kibrisdakik.com\\\/?p=8294#article\",\"isPartOf\":{\"@id\":\"https:\\\/\\\/kibrisdakik.com\\\/?p=8294\"},\"author\":{\"name\":\"admin\",\"@id\":\"https:\\\/\\\/kibrisdakik.com\\\/#\\\/schema\\\/person\\\/9cd9d437bbb44f72b73ba127e06d8e79\"},\"headline\":\"Se\u00e7im ve Halk Oylamas\u0131 (De\u011fi\u015fiklik) Yasa \u00d6nerisi, Cumhuriyet Meclisi\u2019nde oy birli\u011fiyle kabul edildi\",\"datePublished\":\"2023-06-05T21:45:42+00:00\",\"mainEntityOfPage\":{\"@id\":\"https:\\\/\\\/kibrisdakik.com\\\/?p=8294\"},\"wordCount\":458,\"commentCount\":0,\"image\":{\"@id\":\"https:\\\/\\\/kibrisdakik.com\\\/?p=8294#primaryimage\"},\"thumbnailUrl\":\"https:\\\/\\\/kibrisdakik.com\\\/wp-content\\\/uploads\\\/2023\\\/06\\\/meclis-4-19-1-740x420.jpg\",\"articleSection\":[\"G\u00fcndem\"],\"inLanguage\":\"tr\",\"potentialAction\":[{\"@type\":\"CommentAction\",\"name\":\"Comment\",\"target\":[\"https:\\\/\\\/kibrisdakik.com\\\/?p=8294#respond\"]}]},{\"@type\":\"WebPage\",\"@id\":\"https:\\\/\\\/kibrisdakik.com\\\/?p=8294\",\"url\":\"https:\\\/\\\/kibrisdakik.com\\\/?p=8294\",\"name\":\"Se\u00e7im ve Halk Oylamas\u0131 (De\u011fi\u015fiklik) Yasa \u00d6nerisi, Cumhuriyet Meclisi\u2019nde oy birli\u011fiyle kabul edildi -\",\"isPartOf\":{\"@id\":\"https:\\\/\\\/kibrisdakik.com\\\/#website\"},\"primaryImageOfPage\":{\"@id\":\"https:\\\/\\\/kibrisdakik.com\\\/?p=8294#primaryimage\"},\"image\":{\"@id\":\"https:\\\/\\\/kibrisdakik.com\\\/?p=8294#primaryimage\"},\"thumbnailUrl\":\"https:\\\/\\\/kibrisdakik.com\\\/wp-content\\\/uploads\\\/2023\\\/06\\\/meclis-4-19-1-740x420.jpg\",\"datePublished\":\"2023-06-05T21:45:42+00:00\",\"author\":{\"@id\":\"https:\\\/\\\/kibrisdakik.com\\\/#\\\/schema\\\/person\\\/9cd9d437bbb44f72b73ba127e06d8e79\"},\"breadcrumb\":{\"@id\":\"https:\\\/\\\/kibrisdakik.com\\\/?p=8294#breadcrumb\"},\"inLanguage\":\"tr\",\"potentialAction\":[{\"@type\":\"ReadAction\",\"target\":[\"https:\\\/\\\/kibrisdakik.com\\\/?p=8294\"]}]},{\"@type\":\"ImageObject\",\"inLanguage\":\"tr\",\"@id\":\"https:\\\/\\\/kibrisdakik.com\\\/?p=8294#primaryimage\",\"url\":\"https:\\\/\\\/kibrisdakik.com\\\/wp-content\\\/uploads\\\/2023\\\/06\\\/meclis-4-19-1-740x420.jpg\",\"contentUrl\":\"https:\\\/\\\/kibrisdakik.com\\\/wp-content\\\/uploads\\\/2023\\\/06\\\/meclis-4-19-1-740x420.jpg\",\"width\":1600,\"height\":872},{\"@type\":\"BreadcrumbList\",\"@id\":\"https:\\\/\\\/kibrisdakik.com\\\/?p=8294#breadcrumb\",\"itemListElement\":[{\"@type\":\"ListItem\",\"position\":1,\"name\":\"Home\",\"item\":\"https:\\\/\\\/kibrisdakik.com\\\/\"},{\"@type\":\"ListItem\",\"position\":2,\"name\":\"Se\u00e7im ve Halk Oylamas\u0131 (De\u011fi\u015fiklik) Yasa \u00d6nerisi, Cumhuriyet Meclisi\u2019nde oy birli\u011fiyle kabul edildi\"}]},{\"@type\":\"WebSite\",\"@id\":\"https:\\\/\\\/kibrisdakik.com\\\/#website\",\"url\":\"https:\\\/\\\/kibrisdakik.com\\\/\",\"name\":\"\",\"description\":\"Tam vaktinde haber\",\"potentialAction\":[{\"@type\":\"SearchAction\",\"target\":{\"@type\":\"EntryPoint\",\"urlTemplate\":\"https:\\\/\\\/kibrisdakik.com\\\/?s={search_term_string}\"},\"query-input\":{\"@type\":\"PropertyValueSpecification\",\"valueRequired\":true,\"valueName\":\"search_term_string\"}}],\"inLanguage\":\"tr\"},{\"@type\":\"Person\",\"@id\":\"https:\\\/\\\/kibrisdakik.com\\\/#\\\/schema\\\/person\\\/9cd9d437bbb44f72b73ba127e06d8e79\",\"name\":\"admin\",\"image\":{\"@type\":\"ImageObject\",\"inLanguage\":\"tr\",\"@id\":\"https:\\\/\\\/secure.gravatar.com\\\/avatar\\\/ccc17943b9d660506c869530f897617f7cb1c21a4bf30023f252596d83e1f007?s=96&d=mm&r=g\",\"url\":\"https:\\\/\\\/secure.gravatar.com\\\/avatar\\\/ccc17943b9d660506c869530f897617f7cb1c21a4bf30023f252596d83e1f007?s=96&d=mm&r=g\",\"contentUrl\":\"https:\\\/\\\/secure.gravatar.com\\\/avatar\\\/ccc17943b9d660506c869530f897617f7cb1c21a4bf30023f252596d83e1f007?s=96&d=mm&r=g\",\"caption\":\"admin\"},\"sameAs\":[\"https:\\\/\\\/kibrisdakik.com\"],\"url\":\"https:\\\/\\\/kibrisdakik.com\\\/?author=1\"}]}<\/script>\n<!-- \/ Yoast SEO plugin. -->","yoast_head_json":{"title":"Se\u00e7im ve Halk Oylamas\u0131 (De\u011fi\u015fiklik) Yasa \u00d6nerisi, Cumhuriyet Meclisi\u2019nde oy birli\u011fiyle kabul edildi -","robots":{"index":"index","follow":"follow","max-snippet":"max-snippet:-1","max-image-preview":"max-image-preview:large","max-video-preview":"max-video-preview:-1"},"canonical":"https:\/\/kibrisdakik.com\/?p=8294","og_locale":"tr_TR","og_type":"article","og_title":"Se\u00e7im ve Halk Oylamas\u0131 (De\u011fi\u015fiklik) Yasa \u00d6nerisi, Cumhuriyet Meclisi\u2019nde oy birli\u011fiyle kabul edildi -","og_description":"Se\u00e7im ve Halk Oylamas\u0131 (De\u011fi\u015fiklik) Yasa \u00d6nerisi, Cumhuriyet Meclisi\u2019nde oy birli\u011fiyle kabul edildi. Oy pusulas\u0131n\u0131n formunda de\u011fi\u015fiklik de \u00f6ng\u00f6ren d\u00fczenlemeye g\u00f6re, siyasi partilerin adaylar\u0131 ile ba\u011f\u0131ms\u0131z adaylar oy pusulas\u0131nda e\u015fit alana sahip olacak. Pusula ikiye b\u00f6l\u00fcnecek, \u00fcstte siyasi partilerin adaylar\u0131, altta ise ba\u011f\u0131ms\u0131z adaylar yer alacak. Se\u00e7men oyunu vermek istedi\u011fi siyasi partinin ad\u0131n\u0131n ve ambleminin","og_url":"https:\/\/kibrisdakik.com\/?p=8294","article_published_time":"2023-06-05T21:45:42+00:00","og_image":[{"width":1600,"height":872,"url":"https:\/\/kibrisdakik.com\/wp-content\/uploads\/2023\/06\/meclis-4-19-1-740x420.jpg","type":"image\/jpeg"}],"author":"admin","twitter_card":"summary_large_image","twitter_misc":{"Yazan:":"admin","Tahmini okuma s\u00fcresi":"2 dakika"},"schema":{"@context":"https:\/\/schema.org","@graph":[{"@type":"Article","@id":"https:\/\/kibrisdakik.com\/?p=8294#article","isPartOf":{"@id":"https:\/\/kibrisdakik.com\/?p=8294"},"author":{"name":"admin","@id":"https:\/\/kibrisdakik.com\/#\/schema\/person\/9cd9d437bbb44f72b73ba127e06d8e79"},"headline":"Se\u00e7im ve Halk Oylamas\u0131 (De\u011fi\u015fiklik) Yasa \u00d6nerisi, Cumhuriyet Meclisi\u2019nde oy birli\u011fiyle kabul edildi","datePublished":"2023-06-05T21:45:42+00:00","mainEntityOfPage":{"@id":"https:\/\/kibrisdakik.com\/?p=8294"},"wordCount":458,"commentCount":0,"image":{"@id":"https:\/\/kibrisdakik.com\/?p=8294#primaryimage"},"thumbnailUrl":"https:\/\/kibrisdakik.com\/wp-content\/uploads\/2023\/06\/meclis-4-19-1-740x420.jpg","articleSection":["G\u00fcndem"],"inLanguage":"tr","potentialAction":[{"@type":"CommentAction","name":"Comment","target":["https:\/\/kibrisdakik.com\/?p=8294#respond"]}]},{"@type":"WebPage","@id":"https:\/\/kibrisdakik.com\/?p=8294","url":"https:\/\/kibrisdakik.com\/?p=8294","name":"Se\u00e7im ve Halk Oylamas\u0131 (De\u011fi\u015fiklik) Yasa \u00d6nerisi, Cumhuriyet Meclisi\u2019nde oy birli\u011fiyle kabul edildi -","isPartOf":{"@id":"https:\/\/kibrisdakik.com\/#website"},"primaryImageOfPage":{"@id":"https:\/\/kibrisdakik.com\/?p=8294#primaryimage"},"image":{"@id":"https:\/\/kibrisdakik.com\/?p=8294#primaryimage"},"thumbnailUrl":"https:\/\/kibrisdakik.com\/wp-content\/uploads\/2023\/06\/meclis-4-19-1-740x420.jpg","datePublished":"2023-06-05T21:45:42+00:00","author":{"@id":"https:\/\/kibrisdakik.com\/#\/schema\/person\/9cd9d437bbb44f72b73ba127e06d8e79"},"breadcrumb":{"@id":"https:\/\/kibrisdakik.com\/?p=8294#breadcrumb"},"inLanguage":"tr","potentialAction":[{"@type":"ReadAction","target":["https:\/\/kibrisdakik.com\/?p=8294"]}]},{"@type":"ImageObject","inLanguage":"tr","@id":"https:\/\/kibrisdakik.com\/?p=8294#primaryimage","url":"https:\/\/kibrisdakik.com\/wp-content\/uploads\/2023\/06\/meclis-4-19-1-740x420.jpg","contentUrl":"https:\/\/kibrisdakik.com\/wp-content\/uploads\/2023\/06\/meclis-4-19-1-740x420.jpg","width":1600,"height":872},{"@type":"BreadcrumbList","@id":"https:\/\/kibrisdakik.com\/?p=8294#breadcrumb","itemListElement":[{"@type":"ListItem","position":1,"name":"Home","item":"https:\/\/kibrisdakik.com\/"},{"@type":"ListItem","position":2,"name":"Se\u00e7im ve Halk Oylamas\u0131 (De\u011fi\u015fiklik) Yasa \u00d6nerisi, Cumhuriyet Meclisi\u2019nde oy birli\u011fiyle kabul edildi"}]},{"@type":"WebSite","@id":"https:\/\/kibrisdakik.com\/#website","url":"https:\/\/kibrisdakik.com\/","name":"","description":"Tam vaktinde haber","potentialAction":[{"@type":"SearchAction","target":{"@type":"EntryPoint","urlTemplate":"https:\/\/kibrisdakik.com\/?s={search_term_string}"},"query-input":{"@type":"PropertyValueSpecification","valueRequired":true,"valueName":"search_term_string"}}],"inLanguage":"tr"},{"@type":"Person","@id":"https:\/\/kibrisdakik.com\/#\/schema\/person\/9cd9d437bbb44f72b73ba127e06d8e79","name":"admin","image":{"@type":"ImageObject","inLanguage":"tr","@id":"https:\/\/secure.gravatar.com\/avatar\/ccc17943b9d660506c869530f897617f7cb1c21a4bf30023f252596d83e1f007?s=96&d=mm&r=g","url":"https:\/\/secure.gravatar.com\/avatar\/ccc17943b9d660506c869530f897617f7cb1c21a4bf30023f252596d83e1f007?s=96&d=mm&r=g","contentUrl":"https:\/\/secure.gravatar.com\/avatar\/ccc17943b9d660506c869530f897617f7cb1c21a4bf30023f252596d83e1f007?s=96&d=mm&r=g","caption":"admin"},"sameAs":["https:\/\/kibrisdakik.com"],"url":"https:\/\/kibrisdakik.com\/?author=1"}]}},"_links":{"self":[{"href":"https:\/\/kibrisdakik.com\/index.php?rest_route=\/wp\/v2\/posts\/8294","targetHints":{"allow":["GET"]}}],"collection":[{"href":"https:\/\/kibrisdakik.com\/index.php?rest_route=\/wp\/v2\/posts"}],"about":[{"href":"https:\/\/kibrisdakik.com\/index.php?rest_route=\/wp\/v2\/types\/post"}],"author":[{"embeddable":true,"href":"https:\/\/kibrisdakik.com\/index.php?rest_route=\/wp\/v2\/users\/1"}],"replies":[{"embeddable":true,"href":"https:\/\/kibrisdakik.com\/index.php?rest_route=%2Fwp%2Fv2%2Fcomments&post=8294"}],"version-history":[{"count":0,"href":"https:\/\/kibrisdakik.com\/index.php?rest_route=\/wp\/v2\/posts\/8294\/revisions"}],"wp:featuredmedia":[{"embeddable":true,"href":"https:\/\/kibrisdakik.com\/index.php?rest_route=\/wp\/v2\/media\/8295"}],"wp:attachment":[{"href":"https:\/\/kibrisdakik.com\/index.php?rest_route=%2Fwp%2Fv2%2Fmedia&parent=8294"}],"wp:term":[{"taxonomy":"category","embeddable":true,"href":"https:\/\/kibrisdakik.com\/index.php?rest_route=%2Fwp%2Fv2%2Fcategories&post=8294"},{"taxonomy":"post_tag","embeddable":true,"href":"https:\/\/kibrisdakik.com\/index.php?rest_route=%2Fwp%2Fv2%2Ftags&post=8294"}],"curies":[{"name":"wp","href":"https:\/\/api.w.org\/{rel}","templated":true}]}}