{"id":8296,"date":"2023-06-05T22:47:23","date_gmt":"2023-06-05T22:47:23","guid":{"rendered":"https:\/\/kibrisdakik.com\/index.php\/2023\/06\/05\/cumhurbaskani-tatar-kktc-malatyalilar-kultur-dernegi-baskan-ve-yonetim-kurulu-uyelerini-kabul-etti\/"},"modified":"2023-06-05T22:47:23","modified_gmt":"2023-06-05T22:47:23","slug":"cumhurbaskani-tatar-kktc-malatyalilar-kultur-dernegi-baskan-ve-yonetim-kurulu-uyelerini-kabul-etti","status":"publish","type":"post","link":"https:\/\/kibrisdakik.com\/?p=8296","title":{"rendered":"Cumhurba\u015fkan\u0131 Tatar, KKTC Malatyal\u0131lar K\u00fclt\u00fcr Derne\u011fi ba\u015fkan ve y\u00f6netim kurulu \u00fcyelerini kabul etti"},"content":{"rendered":"<p><\/p>\n<div>\n<div class=\"mariselle-image-container center\">\n                <img width=\"1600\" height=\"1066\" class=\"lazy-image\" alt=\"\" decoding=\"async\" loading=\"lazy\" sizes=\"auto, (max-width: 1600px) 100vw, 1600px\" src=\"https:\/\/brtk.net\/wp-content\/uploads\/2023\/06\/05\/tatar-1-10.jpg?ver=60bffe127c6235e1d9b8bb3ce7bde149\" srcset=\"https:\/\/brtk.net\/wp-content\/uploads\/2023\/06\/05\/tatar-1-10.jpg?ver=60bffe127c6235e1d9b8bb3ce7bde149 1600w, https:\/\/brtk.net\/wp-content\/uploads\/2023\/06\/05\/tatar-1-10-300x200.jpg?ver=60bffe127c6235e1d9b8bb3ce7bde149 300w, https:\/\/brtk.net\/wp-content\/uploads\/2023\/06\/05\/tatar-1-10-1024x682.jpg?ver=60bffe127c6235e1d9b8bb3ce7bde149 1024w, https:\/\/brtk.net\/wp-content\/uploads\/2023\/06\/05\/tatar-1-10-768x512.jpg?ver=7af2f9727a59e85b3e321d2c4043635f 768w, https:\/\/brtk.net\/wp-content\/uploads\/2023\/06\/05\/tatar-1-10-1536x1023.jpg?ver=7af2f9727a59e85b3e321d2c4043635f 1536w\"\/>                            <\/div>\n<p>Cumhurba\u015fkan\u0131 <a href=\"https:\/\/brtk.net\/\" target=\"_blank\" rel=\"noopener\"><a href=\"https:\/\/brtk.net\/\" target=\"_blank\" rel=\"noopener\">Ersin <\/a><a href=\"https:\/\/brtk.net\/\"\/><a href=\"https:\/\/brtk.net\/\"\/><a href=\"https:\/\/brtk.net\/\"\/><a href=\"https:\/\/brtk.net\/\"\/><a href=\"https:\/\/brtk.net\/\"\/><a href=\"https:\/\/brtk.net\/\"\/><a href=\"https:\/\/brtk.net\/\"\/><a href=\"https:\/\/brtk.net\/\">Tatar<\/a>, <a href=\"https:\/\/brtk.net\/\"\/><a href=\"https:\/\/brtk.net\/\"\/><a href=\"https:\/\/brtk.net\/\"\/><a href=\"https:\/\/brtk.net\/\"\/><a href=\"https:\/\/brtk.net\/\">KKTC<\/a> Malatyal\u0131lar K\u00fclt\u00fcr Derne\u011fi Ba\u015fkan\u0131 Okan Erdemsiz ve y\u00f6netim kurulu \u00fcyelerini kabul ederek, g\u00f6r\u00fc\u015ft\u00fc.<\/p>\n<p>Cumhurba\u015fkanl\u0131\u011f\u0131\u2019ndan yap\u0131lan yaz\u0131l\u0131 a\u00e7\u0131klamaya g\u00f6re, Cumhurba\u015fkan\u0131 <a href=\"https:\/\/brtk.net\/\" target=\"_blank\" rel=\"noopener\"><a href=\"https:\/\/brtk.net\/\" target=\"_blank\" rel=\"noopener\">Ersin <\/a><a href=\"https:\/\/brtk.net\/\"\/><a href=\"https:\/\/brtk.net\/\"\/><a href=\"https:\/\/brtk.net\/\"\/><a href=\"https:\/\/brtk.net\/\"\/><a href=\"https:\/\/brtk.net\/\"\/><a href=\"https:\/\/brtk.net\/\"\/><a href=\"https:\/\/brtk.net\/\"\/><a href=\"https:\/\/brtk.net\/\">Tatar<\/a> kabuldeki konu\u015fmas\u0131nda, kendisine yap\u0131lan ziyaretten dolay\u0131 <a href=\"https:\/\/brtk.net\/\"\/><a href=\"https:\/\/brtk.net\/\"\/><a href=\"https:\/\/brtk.net\/\"\/><a href=\"https:\/\/brtk.net\/\"\/><a href=\"https:\/\/brtk.net\/\">KKTC<\/a> Malatyal\u0131lar K\u00fclt\u00fcr Derne\u011fi Ba\u015fkan\u0131 Okan Erdemsiz ve y\u00f6netim kurulu \u00fcyelerine te\u015fekk\u00fcr ederek, Malatya\u2019ya yapt\u0131\u011f\u0131 ziyaretlerden bahsetti.<\/p>\n<p>Malatya halk\u0131 ile K\u0131br\u0131s T\u00fcrk\u00fc aras\u0131ndaki derin ba\u011flar\u0131n ne kadar \u00f6nemli oldu\u011funu belirten Cumhurba\u015fkan\u0131 <a href=\"https:\/\/brtk.net\/\"\/><a href=\"https:\/\/brtk.net\/\"\/><a href=\"https:\/\/brtk.net\/\"\/><a href=\"https:\/\/brtk.net\/\"\/><a href=\"https:\/\/brtk.net\/\"\/><a href=\"https:\/\/brtk.net\/\"\/><a href=\"https:\/\/brtk.net\/\"\/><a href=\"https:\/\/brtk.net\/\">Tatar<\/a>, bu ba\u011flar\u0131n 1974 y\u0131l\u0131ndan sonra daha da peki\u015fti\u011fini s\u00f6yledi. <a href=\"https:\/\/brtk.net\/\"\/><a href=\"https:\/\/brtk.net\/\"\/><a href=\"https:\/\/brtk.net\/\"\/><a href=\"https:\/\/brtk.net\/\"\/><a href=\"https:\/\/brtk.net\/\">KKTC<\/a>\u2019yi kendi vatan\u0131 olarak kabul edip yerle\u015fmi\u015f vatanda\u015flar\u0131n oldu\u011funu belirten Cumhurba\u015fkan\u0131 <a href=\"https:\/\/brtk.net\/\"\/><a href=\"https:\/\/brtk.net\/\"\/><a href=\"https:\/\/brtk.net\/\"\/><a href=\"https:\/\/brtk.net\/\"\/><a href=\"https:\/\/brtk.net\/\"\/><a href=\"https:\/\/brtk.net\/\"\/><a href=\"https:\/\/brtk.net\/\"\/><a href=\"https:\/\/brtk.net\/\">Tatar<\/a>, \u201cbu vatanda\u015flar\u0131n, \u00f6z karde\u015f olarak Malatya ile aralar\u0131nda bir k\u00f6pr\u00fc g\u00f6revi g\u00f6rd\u00fc\u011f\u00fcn\u00fc\u201d kaydetti.<\/p>\n<p>Cumhurba\u015fkan\u0131 <a href=\"https:\/\/brtk.net\/\"\/><a href=\"https:\/\/brtk.net\/\"\/><a href=\"https:\/\/brtk.net\/\"\/><a href=\"https:\/\/brtk.net\/\"\/><a href=\"https:\/\/brtk.net\/\"\/><a href=\"https:\/\/brtk.net\/\"\/><a href=\"https:\/\/brtk.net\/\"\/><a href=\"https:\/\/brtk.net\/\">Tatar<\/a>, T\u00fcrkiye\u2019de meydana gelen deprem felaketi ile ac\u0131lar\u0131n ortak oldu\u011funu ve bir\u00e7ok vatanda\u015f\u0131n kaybedildi\u011fini dile getirerek, s\u00fcratle, y\u0131k\u0131lan binalar\u0131n yerine yeni yap\u0131lar\u0131n in\u015fa edilmeye ba\u015fland\u0131\u011f\u0131n\u0131, g\u00fcnden g\u00fcne de \u00e7al\u0131\u015fmalar\u0131n h\u0131z kazand\u0131\u011f\u0131n\u0131 ifade etti. <\/p>\n<p>Malatya\u2019y\u0131 her ziyaretinde Malatya\u2019da ya\u015fayan K\u0131br\u0131s gazileri ile de bir araya geldi\u011fini belirten Cumhurba\u015fkan\u0131 <a href=\"https:\/\/brtk.net\/\"\/><a href=\"https:\/\/brtk.net\/\"\/><a href=\"https:\/\/brtk.net\/\"\/><a href=\"https:\/\/brtk.net\/\"\/><a href=\"https:\/\/brtk.net\/\"\/><a href=\"https:\/\/brtk.net\/\"\/><a href=\"https:\/\/brtk.net\/\"\/><a href=\"https:\/\/brtk.net\/\">Tatar<\/a>, gazilerin hizmetlerinin asla unutulmayaca\u011f\u0131n\u0131 ve bu katk\u0131lar\u0131n, <a href=\"https:\/\/brtk.net\/\"\/><a href=\"https:\/\/brtk.net\/\"\/><a href=\"https:\/\/brtk.net\/\"\/><a href=\"https:\/\/brtk.net\/\"\/><a href=\"https:\/\/brtk.net\/\">KKTC<\/a>\u2019nin temelini olu\u015fturdu\u011funu vurgulad\u0131.<\/p>\n<p>Malatya\u2019n\u0131n geli\u015fmi\u015f bir yerle\u015fim yeri oldu\u011funu ifade eden Cumhurba\u015fkan\u0131 <a href=\"https:\/\/brtk.net\/\"\/><a href=\"https:\/\/brtk.net\/\"\/><a href=\"https:\/\/brtk.net\/\"\/><a href=\"https:\/\/brtk.net\/\"\/><a href=\"https:\/\/brtk.net\/\"\/><a href=\"https:\/\/brtk.net\/\"\/><a href=\"https:\/\/brtk.net\/\"\/><a href=\"https:\/\/brtk.net\/\">Tatar<\/a>, K\u0131br\u0131s T\u00fcrk halk\u0131n\u0131n varl\u0131\u011f\u0131n\u0131 s\u00fcrd\u00fcrebilmesi i\u00e7in Anadolu ile ili\u015fkilerin en iyi \u015fekilde devam etmesi gerekti\u011fini s\u00f6zlerine ekledi. <\/p>\n<p>Cumhurba\u015fkan\u0131 <a href=\"https:\/\/brtk.net\/\"\/><a href=\"https:\/\/brtk.net\/\"\/><a href=\"https:\/\/brtk.net\/\"\/><a href=\"https:\/\/brtk.net\/\"\/><a href=\"https:\/\/brtk.net\/\"\/><a href=\"https:\/\/brtk.net\/\"\/><a href=\"https:\/\/brtk.net\/\"\/><a href=\"https:\/\/brtk.net\/\">Tatar<\/a>, T\u00fcrkiye Cumhuriyeti Cumhurba\u015fkan\u0131 Recep Tayyip Erdo\u011fan\u2019\u0131n her f\u0131rsatta <a href=\"https:\/\/brtk.net\/\"\/><a href=\"https:\/\/brtk.net\/\"\/><a href=\"https:\/\/brtk.net\/\"\/><a href=\"https:\/\/brtk.net\/\"\/><a href=\"https:\/\/brtk.net\/\">KKTC<\/a>\u2019den bahsetti\u011fini belirterek T\u00fcrkiye Cumhuriyeti\u2019nin daima K\u0131br\u0131s T\u00fcrk\u00fc\u2019n\u00fcn yan\u0131nda oldu\u011funu ifade etti.<\/p>\n<p>Y\u00f6resel de\u011ferlerin ve k\u00fclt\u00fcrel faaliyetlerin, <a href=\"https:\/\/brtk.net\/\"\/><a href=\"https:\/\/brtk.net\/\"\/><a href=\"https:\/\/brtk.net\/\"\/><a href=\"https:\/\/brtk.net\/\"\/><a href=\"https:\/\/brtk.net\/\">KKTC<\/a>\u2019nin yap\u0131s\u0131n\u0131 olu\u015fturdu\u011funu s\u00f6yleyen Cumhurba\u015fkan\u0131 <a href=\"https:\/\/brtk.net\/\"\/><a href=\"https:\/\/brtk.net\/\"\/><a href=\"https:\/\/brtk.net\/\"\/><a href=\"https:\/\/brtk.net\/\"\/><a href=\"https:\/\/brtk.net\/\"\/><a href=\"https:\/\/brtk.net\/\"\/><a href=\"https:\/\/brtk.net\/\"\/><a href=\"https:\/\/brtk.net\/\">Tatar<\/a>, dernek ba\u015fkan\u0131 ve \u00fcyelerine \u00e7al\u0131\u015fmalar\u0131nda ba\u015far\u0131lar diledi.<\/p>\n<\/p><\/div>\n<p><script async\n                    defer\n                    crossorigin=\"anonymous\"\n                    src=\"https:\/\/connect.facebook.net\/tr_TR\/sdk.js#xfbml=1&#038;version=v3.3\"\n            ><\/script><\/p>\n","protected":false},"excerpt":{"rendered":"<p>Cumhurba\u015fkan\u0131 Ersin Tatar, KKTC Malatyal\u0131lar K\u00fclt\u00fcr Derne\u011fi Ba\u015fkan\u0131 Okan Erdemsiz ve y\u00f6netim kurulu \u00fcyelerini kabul ederek, g\u00f6r\u00fc\u015ft\u00fc. Cumhurba\u015fkanl\u0131\u011f\u0131\u2019ndan yap\u0131lan yaz\u0131l\u0131 a\u00e7\u0131klamaya g\u00f6re, Cumhurba\u015fkan\u0131 Ersin Tatar kabuldeki konu\u015fmas\u0131nda, kendisine yap\u0131lan ziyaretten dolay\u0131 KKTC Malatyal\u0131lar K\u00fclt\u00fcr Derne\u011fi Ba\u015fkan\u0131 Okan Erdemsiz ve y\u00f6netim kurulu \u00fcyelerine te\u015fekk\u00fcr ederek, Malatya\u2019ya yapt\u0131\u011f\u0131 ziyaretlerden bahsetti. Malatya halk\u0131 ile K\u0131br\u0131s T\u00fcrk\u00fc aras\u0131ndaki derin<\/p>\n","protected":false},"author":1,"featured_media":8297,"comment_status":"open","ping_status":"open","sticky":false,"template":"","format":"standard","meta":{"footnotes":""},"categories":[1],"tags":[],"class_list":["post-8296","post","type-post","status-publish","format-standard","has-post-thumbnail","hentry","category-gundem"],"yoast_head":"<!-- This site is optimized with the Yoast SEO plugin v27.4 - https:\/\/yoast.com\/product\/yoast-seo-wordpress\/ -->\n<title>Cumhurba\u015fkan\u0131 Tatar, KKTC Malatyal\u0131lar K\u00fclt\u00fcr Derne\u011fi ba\u015fkan ve y\u00f6netim kurulu \u00fcyelerini kabul etti -<\/title>\n<meta name=\"robots\" content=\"index, follow, max-snippet:-1, max-image-preview:large, max-video-preview:-1\" \/>\n<link rel=\"canonical\" href=\"https:\/\/kibrisdakik.com\/?p=8296\" \/>\n<meta property=\"og:locale\" content=\"tr_TR\" \/>\n<meta property=\"og:type\" content=\"article\" \/>\n<meta property=\"og:title\" content=\"Cumhurba\u015fkan\u0131 Tatar, KKTC Malatyal\u0131lar K\u00fclt\u00fcr Derne\u011fi ba\u015fkan ve y\u00f6netim kurulu \u00fcyelerini kabul etti -\" \/>\n<meta property=\"og:description\" content=\"Cumhurba\u015fkan\u0131 Ersin Tatar, KKTC Malatyal\u0131lar K\u00fclt\u00fcr Derne\u011fi Ba\u015fkan\u0131 Okan Erdemsiz ve y\u00f6netim kurulu \u00fcyelerini kabul ederek, g\u00f6r\u00fc\u015ft\u00fc. Cumhurba\u015fkanl\u0131\u011f\u0131\u2019ndan yap\u0131lan yaz\u0131l\u0131 a\u00e7\u0131klamaya g\u00f6re, Cumhurba\u015fkan\u0131 Ersin Tatar kabuldeki konu\u015fmas\u0131nda, kendisine yap\u0131lan ziyaretten dolay\u0131 KKTC Malatyal\u0131lar K\u00fclt\u00fcr Derne\u011fi Ba\u015fkan\u0131 Okan Erdemsiz ve y\u00f6netim kurulu \u00fcyelerine te\u015fekk\u00fcr ederek, Malatya\u2019ya yapt\u0131\u011f\u0131 ziyaretlerden bahsetti. Malatya halk\u0131 ile K\u0131br\u0131s T\u00fcrk\u00fc aras\u0131ndaki derin\" \/>\n<meta property=\"og:url\" content=\"https:\/\/kibrisdakik.com\/?p=8296\" \/>\n<meta property=\"article:published_time\" content=\"2023-06-05T22:47:23+00:00\" \/>\n<meta property=\"og:image\" content=\"https:\/\/kibrisdakik.com\/wp-content\/uploads\/2023\/06\/tatar-2-12-740x420.jpg\" \/>\n\t<meta property=\"og:image:width\" content=\"1600\" \/>\n\t<meta property=\"og:image:height\" content=\"1066\" \/>\n\t<meta property=\"og:image:type\" content=\"image\/jpeg\" \/>\n<meta name=\"author\" content=\"admin\" \/>\n<meta name=\"twitter:card\" content=\"summary_large_image\" \/>\n<meta name=\"twitter:label1\" content=\"Yazan:\" \/>\n\t<meta name=\"twitter:data1\" content=\"admin\" \/>\n\t<meta name=\"twitter:label2\" content=\"Tahmini okuma s\u00fcresi\" \/>\n\t<meta name=\"twitter:data2\" content=\"2 dakika\" \/>\n<script type=\"application\/ld+json\" class=\"yoast-schema-graph\">{\"@context\":\"https:\\\/\\\/schema.org\",\"@graph\":[{\"@type\":\"Article\",\"@id\":\"https:\\\/\\\/kibrisdakik.com\\\/?p=8296#article\",\"isPartOf\":{\"@id\":\"https:\\\/\\\/kibrisdakik.com\\\/?p=8296\"},\"author\":{\"name\":\"admin\",\"@id\":\"https:\\\/\\\/kibrisdakik.com\\\/#\\\/schema\\\/person\\\/9cd9d437bbb44f72b73ba127e06d8e79\"},\"headline\":\"Cumhurba\u015fkan\u0131 Tatar, KKTC Malatyal\u0131lar K\u00fclt\u00fcr Derne\u011fi ba\u015fkan ve y\u00f6netim kurulu \u00fcyelerini kabul etti\",\"datePublished\":\"2023-06-05T22:47:23+00:00\",\"mainEntityOfPage\":{\"@id\":\"https:\\\/\\\/kibrisdakik.com\\\/?p=8296\"},\"wordCount\":387,\"commentCount\":0,\"image\":{\"@id\":\"https:\\\/\\\/kibrisdakik.com\\\/?p=8296#primaryimage\"},\"thumbnailUrl\":\"https:\\\/\\\/kibrisdakik.com\\\/wp-content\\\/uploads\\\/2023\\\/06\\\/tatar-2-12-740x420.jpg\",\"articleSection\":[\"G\u00fcndem\"],\"inLanguage\":\"tr\",\"potentialAction\":[{\"@type\":\"CommentAction\",\"name\":\"Comment\",\"target\":[\"https:\\\/\\\/kibrisdakik.com\\\/?p=8296#respond\"]}]},{\"@type\":\"WebPage\",\"@id\":\"https:\\\/\\\/kibrisdakik.com\\\/?p=8296\",\"url\":\"https:\\\/\\\/kibrisdakik.com\\\/?p=8296\",\"name\":\"Cumhurba\u015fkan\u0131 Tatar, KKTC Malatyal\u0131lar K\u00fclt\u00fcr Derne\u011fi ba\u015fkan ve y\u00f6netim kurulu \u00fcyelerini kabul etti -\",\"isPartOf\":{\"@id\":\"https:\\\/\\\/kibrisdakik.com\\\/#website\"},\"primaryImageOfPage\":{\"@id\":\"https:\\\/\\\/kibrisdakik.com\\\/?p=8296#primaryimage\"},\"image\":{\"@id\":\"https:\\\/\\\/kibrisdakik.com\\\/?p=8296#primaryimage\"},\"thumbnailUrl\":\"https:\\\/\\\/kibrisdakik.com\\\/wp-content\\\/uploads\\\/2023\\\/06\\\/tatar-2-12-740x420.jpg\",\"datePublished\":\"2023-06-05T22:47:23+00:00\",\"author\":{\"@id\":\"https:\\\/\\\/kibrisdakik.com\\\/#\\\/schema\\\/person\\\/9cd9d437bbb44f72b73ba127e06d8e79\"},\"breadcrumb\":{\"@id\":\"https:\\\/\\\/kibrisdakik.com\\\/?p=8296#breadcrumb\"},\"inLanguage\":\"tr\",\"potentialAction\":[{\"@type\":\"ReadAction\",\"target\":[\"https:\\\/\\\/kibrisdakik.com\\\/?p=8296\"]}]},{\"@type\":\"ImageObject\",\"inLanguage\":\"tr\",\"@id\":\"https:\\\/\\\/kibrisdakik.com\\\/?p=8296#primaryimage\",\"url\":\"https:\\\/\\\/kibrisdakik.com\\\/wp-content\\\/uploads\\\/2023\\\/06\\\/tatar-2-12-740x420.jpg\",\"contentUrl\":\"https:\\\/\\\/kibrisdakik.com\\\/wp-content\\\/uploads\\\/2023\\\/06\\\/tatar-2-12-740x420.jpg\",\"width\":1600,\"height\":1066},{\"@type\":\"BreadcrumbList\",\"@id\":\"https:\\\/\\\/kibrisdakik.com\\\/?p=8296#breadcrumb\",\"itemListElement\":[{\"@type\":\"ListItem\",\"position\":1,\"name\":\"Home\",\"item\":\"https:\\\/\\\/kibrisdakik.com\\\/\"},{\"@type\":\"ListItem\",\"position\":2,\"name\":\"Cumhurba\u015fkan\u0131 Tatar, KKTC Malatyal\u0131lar K\u00fclt\u00fcr Derne\u011fi ba\u015fkan ve y\u00f6netim kurulu \u00fcyelerini kabul etti\"}]},{\"@type\":\"WebSite\",\"@id\":\"https:\\\/\\\/kibrisdakik.com\\\/#website\",\"url\":\"https:\\\/\\\/kibrisdakik.com\\\/\",\"name\":\"\",\"description\":\"Tam vaktinde haber\",\"potentialAction\":[{\"@type\":\"SearchAction\",\"target\":{\"@type\":\"EntryPoint\",\"urlTemplate\":\"https:\\\/\\\/kibrisdakik.com\\\/?s={search_term_string}\"},\"query-input\":{\"@type\":\"PropertyValueSpecification\",\"valueRequired\":true,\"valueName\":\"search_term_string\"}}],\"inLanguage\":\"tr\"},{\"@type\":\"Person\",\"@id\":\"https:\\\/\\\/kibrisdakik.com\\\/#\\\/schema\\\/person\\\/9cd9d437bbb44f72b73ba127e06d8e79\",\"name\":\"admin\",\"image\":{\"@type\":\"ImageObject\",\"inLanguage\":\"tr\",\"@id\":\"https:\\\/\\\/secure.gravatar.com\\\/avatar\\\/ccc17943b9d660506c869530f897617f7cb1c21a4bf30023f252596d83e1f007?s=96&d=mm&r=g\",\"url\":\"https:\\\/\\\/secure.gravatar.com\\\/avatar\\\/ccc17943b9d660506c869530f897617f7cb1c21a4bf30023f252596d83e1f007?s=96&d=mm&r=g\",\"contentUrl\":\"https:\\\/\\\/secure.gravatar.com\\\/avatar\\\/ccc17943b9d660506c869530f897617f7cb1c21a4bf30023f252596d83e1f007?s=96&d=mm&r=g\",\"caption\":\"admin\"},\"sameAs\":[\"https:\\\/\\\/kibrisdakik.com\"],\"url\":\"https:\\\/\\\/kibrisdakik.com\\\/?author=1\"}]}<\/script>\n<!-- \/ Yoast SEO plugin. -->","yoast_head_json":{"title":"Cumhurba\u015fkan\u0131 Tatar, KKTC Malatyal\u0131lar K\u00fclt\u00fcr Derne\u011fi ba\u015fkan ve y\u00f6netim kurulu \u00fcyelerini kabul etti -","robots":{"index":"index","follow":"follow","max-snippet":"max-snippet:-1","max-image-preview":"max-image-preview:large","max-video-preview":"max-video-preview:-1"},"canonical":"https:\/\/kibrisdakik.com\/?p=8296","og_locale":"tr_TR","og_type":"article","og_title":"Cumhurba\u015fkan\u0131 Tatar, KKTC Malatyal\u0131lar K\u00fclt\u00fcr Derne\u011fi ba\u015fkan ve y\u00f6netim kurulu \u00fcyelerini kabul etti -","og_description":"Cumhurba\u015fkan\u0131 Ersin Tatar, KKTC Malatyal\u0131lar K\u00fclt\u00fcr Derne\u011fi Ba\u015fkan\u0131 Okan Erdemsiz ve y\u00f6netim kurulu \u00fcyelerini kabul ederek, g\u00f6r\u00fc\u015ft\u00fc. Cumhurba\u015fkanl\u0131\u011f\u0131\u2019ndan yap\u0131lan yaz\u0131l\u0131 a\u00e7\u0131klamaya g\u00f6re, Cumhurba\u015fkan\u0131 Ersin Tatar kabuldeki konu\u015fmas\u0131nda, kendisine yap\u0131lan ziyaretten dolay\u0131 KKTC Malatyal\u0131lar K\u00fclt\u00fcr Derne\u011fi Ba\u015fkan\u0131 Okan Erdemsiz ve y\u00f6netim kurulu \u00fcyelerine te\u015fekk\u00fcr ederek, Malatya\u2019ya yapt\u0131\u011f\u0131 ziyaretlerden bahsetti. Malatya halk\u0131 ile K\u0131br\u0131s T\u00fcrk\u00fc aras\u0131ndaki derin","og_url":"https:\/\/kibrisdakik.com\/?p=8296","article_published_time":"2023-06-05T22:47:23+00:00","og_image":[{"width":1600,"height":1066,"url":"https:\/\/kibrisdakik.com\/wp-content\/uploads\/2023\/06\/tatar-2-12-740x420.jpg","type":"image\/jpeg"}],"author":"admin","twitter_card":"summary_large_image","twitter_misc":{"Yazan:":"admin","Tahmini okuma s\u00fcresi":"2 dakika"},"schema":{"@context":"https:\/\/schema.org","@graph":[{"@type":"Article","@id":"https:\/\/kibrisdakik.com\/?p=8296#article","isPartOf":{"@id":"https:\/\/kibrisdakik.com\/?p=8296"},"author":{"name":"admin","@id":"https:\/\/kibrisdakik.com\/#\/schema\/person\/9cd9d437bbb44f72b73ba127e06d8e79"},"headline":"Cumhurba\u015fkan\u0131 Tatar, KKTC Malatyal\u0131lar K\u00fclt\u00fcr Derne\u011fi ba\u015fkan ve y\u00f6netim kurulu \u00fcyelerini kabul etti","datePublished":"2023-06-05T22:47:23+00:00","mainEntityOfPage":{"@id":"https:\/\/kibrisdakik.com\/?p=8296"},"wordCount":387,"commentCount":0,"image":{"@id":"https:\/\/kibrisdakik.com\/?p=8296#primaryimage"},"thumbnailUrl":"https:\/\/kibrisdakik.com\/wp-content\/uploads\/2023\/06\/tatar-2-12-740x420.jpg","articleSection":["G\u00fcndem"],"inLanguage":"tr","potentialAction":[{"@type":"CommentAction","name":"Comment","target":["https:\/\/kibrisdakik.com\/?p=8296#respond"]}]},{"@type":"WebPage","@id":"https:\/\/kibrisdakik.com\/?p=8296","url":"https:\/\/kibrisdakik.com\/?p=8296","name":"Cumhurba\u015fkan\u0131 Tatar, KKTC Malatyal\u0131lar K\u00fclt\u00fcr Derne\u011fi ba\u015fkan ve y\u00f6netim kurulu \u00fcyelerini kabul etti -","isPartOf":{"@id":"https:\/\/kibrisdakik.com\/#website"},"primaryImageOfPage":{"@id":"https:\/\/kibrisdakik.com\/?p=8296#primaryimage"},"image":{"@id":"https:\/\/kibrisdakik.com\/?p=8296#primaryimage"},"thumbnailUrl":"https:\/\/kibrisdakik.com\/wp-content\/uploads\/2023\/06\/tatar-2-12-740x420.jpg","datePublished":"2023-06-05T22:47:23+00:00","author":{"@id":"https:\/\/kibrisdakik.com\/#\/schema\/person\/9cd9d437bbb44f72b73ba127e06d8e79"},"breadcrumb":{"@id":"https:\/\/kibrisdakik.com\/?p=8296#breadcrumb"},"inLanguage":"tr","potentialAction":[{"@type":"ReadAction","target":["https:\/\/kibrisdakik.com\/?p=8296"]}]},{"@type":"ImageObject","inLanguage":"tr","@id":"https:\/\/kibrisdakik.com\/?p=8296#primaryimage","url":"https:\/\/kibrisdakik.com\/wp-content\/uploads\/2023\/06\/tatar-2-12-740x420.jpg","contentUrl":"https:\/\/kibrisdakik.com\/wp-content\/uploads\/2023\/06\/tatar-2-12-740x420.jpg","width":1600,"height":1066},{"@type":"BreadcrumbList","@id":"https:\/\/kibrisdakik.com\/?p=8296#breadcrumb","itemListElement":[{"@type":"ListItem","position":1,"name":"Home","item":"https:\/\/kibrisdakik.com\/"},{"@type":"ListItem","position":2,"name":"Cumhurba\u015fkan\u0131 Tatar, KKTC Malatyal\u0131lar K\u00fclt\u00fcr Derne\u011fi ba\u015fkan ve y\u00f6netim kurulu \u00fcyelerini kabul etti"}]},{"@type":"WebSite","@id":"https:\/\/kibrisdakik.com\/#website","url":"https:\/\/kibrisdakik.com\/","name":"","description":"Tam vaktinde haber","potentialAction":[{"@type":"SearchAction","target":{"@type":"EntryPoint","urlTemplate":"https:\/\/kibrisdakik.com\/?s={search_term_string}"},"query-input":{"@type":"PropertyValueSpecification","valueRequired":true,"valueName":"search_term_string"}}],"inLanguage":"tr"},{"@type":"Person","@id":"https:\/\/kibrisdakik.com\/#\/schema\/person\/9cd9d437bbb44f72b73ba127e06d8e79","name":"admin","image":{"@type":"ImageObject","inLanguage":"tr","@id":"https:\/\/secure.gravatar.com\/avatar\/ccc17943b9d660506c869530f897617f7cb1c21a4bf30023f252596d83e1f007?s=96&d=mm&r=g","url":"https:\/\/secure.gravatar.com\/avatar\/ccc17943b9d660506c869530f897617f7cb1c21a4bf30023f252596d83e1f007?s=96&d=mm&r=g","contentUrl":"https:\/\/secure.gravatar.com\/avatar\/ccc17943b9d660506c869530f897617f7cb1c21a4bf30023f252596d83e1f007?s=96&d=mm&r=g","caption":"admin"},"sameAs":["https:\/\/kibrisdakik.com"],"url":"https:\/\/kibrisdakik.com\/?author=1"}]}},"_links":{"self":[{"href":"https:\/\/kibrisdakik.com\/index.php?rest_route=\/wp\/v2\/posts\/8296","targetHints":{"allow":["GET"]}}],"collection":[{"href":"https:\/\/kibrisdakik.com\/index.php?rest_route=\/wp\/v2\/posts"}],"about":[{"href":"https:\/\/kibrisdakik.com\/index.php?rest_route=\/wp\/v2\/types\/post"}],"author":[{"embeddable":true,"href":"https:\/\/kibrisdakik.com\/index.php?rest_route=\/wp\/v2\/users\/1"}],"replies":[{"embeddable":true,"href":"https:\/\/kibrisdakik.com\/index.php?rest_route=%2Fwp%2Fv2%2Fcomments&post=8296"}],"version-history":[{"count":0,"href":"https:\/\/kibrisdakik.com\/index.php?rest_route=\/wp\/v2\/posts\/8296\/revisions"}],"wp:featuredmedia":[{"embeddable":true,"href":"https:\/\/kibrisdakik.com\/index.php?rest_route=\/wp\/v2\/media\/8297"}],"wp:attachment":[{"href":"https:\/\/kibrisdakik.com\/index.php?rest_route=%2Fwp%2Fv2%2Fmedia&parent=8296"}],"wp:term":[{"taxonomy":"category","embeddable":true,"href":"https:\/\/kibrisdakik.com\/index.php?rest_route=%2Fwp%2Fv2%2Fcategories&post=8296"},{"taxonomy":"post_tag","embeddable":true,"href":"https:\/\/kibrisdakik.com\/index.php?rest_route=%2Fwp%2Fv2%2Ftags&post=8296"}],"curies":[{"name":"wp","href":"https:\/\/api.w.org\/{rel}","templated":true}]}}