{"id":82967,"date":"2025-05-27T15:31:00","date_gmt":"2025-05-27T12:31:00","guid":{"rendered":"https:\/\/kibrisdakik.com\/index.php\/2025\/05\/27\/simsek-kktcnin-kalkinma-yolculuguna-guclu-destegimiz-surecek\/"},"modified":"2025-05-27T15:31:00","modified_gmt":"2025-05-27T12:31:00","slug":"simsek-kktcnin-kalkinma-yolculuguna-guclu-destegimiz-surecek","status":"publish","type":"post","link":"https:\/\/kibrisdakik.com\/?p=82967","title":{"rendered":"\u015e\u0130M\u015eEK: \u201cKKTC\u2019N\u0130N KALKINMA YOLCULU\u011eUNA G\u00dc\u00c7L\u00dc DESTE\u011e\u0130M\u0130Z S\u00dcRECEK\u201d"},"content":{"rendered":"<p><img decoding=\"async\" src=\"https:\/\/mhahabercom.teimg.com\/crop\/1280x720\/mhahaber-com\/uploads\/2025\/05\/mhafoto-8372.png\" \/><\/p>\n<div data-text-id=\"176306\" property=\"articleBody\">\n<p>T\u00fcrkiye Cumhuriyeti Hazine ve Maliye Bakan\u0131 Mehmet \u015eim\u015fek, KKTC&#8217;nin kalk\u0131nma s\u00fcrecine katk\u0131 sunacak her alanda T\u00fcrkiye\u2019nin destek vermeye devam edece\u011fini s\u00f6yledi.<\/p>\n<p>\u015eim\u015fek, \u201cT\u00fcrkiye ve Kuzey K\u0131br\u0131s\u2019\u0131n birlikteli\u011fi daim olsun. Bu zor d\u00f6nemde sadece dayan\u0131kl\u0131l\u0131\u011f\u0131m\u0131z\u0131 art\u0131rmakla kalmayaca\u011f\u0131z, ayn\u0131 zamanda bu d\u00f6nemin sundu\u011fu f\u0131rsatlar\u0131 da birlikte de\u011ferlendirip kal\u0131c\u0131 refah i\u00e7in birlikte \u00e7al\u0131\u015faca\u011f\u0131z\u201d dedi.<\/p>\n<p>Mehmet \u015eim\u015fek, \u201cT\u00fcrkiye ve D\u00fcnya Ekonomisindeki Geli\u015fmeler ve Gelecek Vizyonu\u201d konulu konferansta yapt\u0131\u011f\u0131 sunumda, Kuzey K\u0131br\u0131s T\u00fcrk Cumhuriyeti\u2019nin kalk\u0131nma potansiyeline dikkat \u00e7ekti. \u015eim\u015fek, KKTC&#8217;nin y\u00fcksek katma de\u011ferli hizmetler, turizm, e\u011fitim, sa\u011fl\u0131k turizmi ve bili\u015fim teknolojileri gibi alanlarda \u00f6nemli f\u0131rsatlar bar\u0131nd\u0131rd\u0131\u011f\u0131n\u0131 vurgulad\u0131.<\/p>\n<p>Cumhurba\u015fkanl\u0131\u011f\u0131 himayelerinde, K\u0131br\u0131s T\u00fcrk Ticaret Odas\u0131 ile Kuzey K\u0131br\u0131s Bankalar Birli\u011fi i\u015f birli\u011finde Cumhurba\u015fkanl\u0131\u011f\u0131 Konferans Salonu&#8217;nda yer alan konferansta, protokol konu\u015fmalar\u0131n\u0131n ard\u0131ndan bir sunum ger\u00e7ekle\u015ftiren T\u00fcrkiye Cumhuriyeti Hazine ve Maliye Bakan\u0131 Mehmet \u015eim\u015fek; artan jeopolitik gerilimler, korumac\u0131l\u0131k e\u011filimleri, teknolojik d\u00f6n\u00fc\u015f\u00fcm ve iklim krizinin d\u00fcnya ekonomisi \u00fczerindeki etkilerini de\u011ferlendirdi.<\/p>\n<p>K\u00fcresel meydan okumalar kar\u015f\u0131s\u0131nda T\u00fcrkiye ve KKTC\u2019nin stratejik avantajlara sahip oldu\u011funa i\u015faret eden ve KKTC&#8217;nin kalk\u0131nma s\u00fcrecine katk\u0131 sunacak her alanda T\u00fcrkiye\u2019nin deste\u011finin s\u00fcrece\u011fini belirten \u015eim\u015fek, T\u00fcrkiye\u2019de izlenen ekonomik politikalar, yap\u0131sal d\u00f6n\u00fc\u015f\u00fcm ad\u0131mlar\u0131 ve b\u00f6lgesel konumlanma stratejileri hakk\u0131nda da bilgi verdi.<\/p>\n<p>&#8211; \u201cKal\u0131c\u0131 refah i\u00e7in T\u00fcrkiye\u2019nin deste\u011fi tam\u201d<\/p>\n<p>KKTC\u2019nin kalk\u0131nma yolculu\u011funa T\u00fcrkiye&#8217;nin g\u00fc\u00e7l\u00fc deste\u011fin s\u00fcrece\u011fini ve kal\u0131c\u0131 refah\u0131n tesisi i\u00e7in T\u00fcrkiye\u2019nin her zaman KKTC\u2019nin yan\u0131nda oldu\u011funu vurgulayan \u015eim\u015fek, \u201cKKTC&#8217;nin kal\u0131c\u0131 refah\u0131n\u0131n tesisi i\u00e7in deste\u011fimiz tamd\u0131r. Sizin tercihleriniz esast\u0131r. Biz her zaman sizin yan\u0131n\u0131zda olduk, olmaya devam edece\u011fiz\u201d dedi.<\/p>\n<p>-KKTC b\u00f6lgesel bir sa\u011fl\u0131k merkezi haline gelebilir<\/p>\n<p>KKTC\u2019nin kalk\u0131nma yolculu\u011funda avantajlara sahip oldu\u011fu alanlara i\u015faret eden \u015eim\u015fek, y\u00fcksek katma de\u011ferli hizmetlerin bu yolculukta kilit rol oynayaca\u011f\u0131n\u0131 belirtti. Turizmde \u00f6nemli bir ba\u015far\u0131 yakaland\u0131\u011f\u0131n\u0131 ifade eden \u015eim\u015fek, sa\u011fl\u0131k turizmi alan\u0131nda da b\u00fcy\u00fck potansiyel bulundu\u011funu ve uluslararas\u0131 akreditasyon ile tan\u0131t\u0131m \u00e7al\u0131\u015fmalar\u0131n\u0131n art\u0131r\u0131lmas\u0131 halinde KKTC\u2019nin b\u00f6lgesel bir sa\u011fl\u0131k merkezi haline gelebilece\u011fini s\u00f6yledi.<\/p>\n<p>E\u011fitim alan\u0131nda KKTC\u2019nin b\u00fcy\u00fck bir ba\u015far\u0131ya imza att\u0131\u011f\u0131n\u0131 belirten \u015eim\u015fek, 60\u2019tan fazla \u00fclkeden \u00f6\u011frenci \u00e7eken yap\u0131n\u0131n sadece e\u011fitim de\u011fil, ayn\u0131 zamanda turizm ve ekonomik kalk\u0131nma a\u00e7\u0131s\u0131ndan da etkili oldu\u011funu s\u00f6yledi. \u015eim\u015fek, gelen \u00f6\u011frencilerin aile bireyleri \u00fczerinden de turizme katk\u0131 sundu\u011funu, mezunlar\u0131n ise \u00fclkede i\u015f kurma potansiyeli ta\u015f\u0131d\u0131\u011f\u0131n\u0131 kaydetti.<\/p>\n<p>&#8211; \u201cKKTC bili\u015fim ve teknoloji alanlar\u0131nda ciddi f\u0131rsatlara sahip\u201d<\/p>\n<p>Bili\u015fim ve teknoloji alanlar\u0131nda da KKTC&#8217;nin ciddi f\u0131rsatlara sahip oldu\u011funu dile getiren \u015eim\u015fek, \u00f6zellikle FinTech, oyun sekt\u00f6r\u00fc, medikal teknoloji gibi ba\u015fl\u0131klarda T\u00fcrkiye\u2019deki ekosistemlerin \u00f6rnek al\u0131nabilece\u011fini belirtti. Bu ba\u011flamda Teknoparklar\u0131n, Ar-Ge merkezlerinin ve dijital d\u00f6n\u00fc\u015f\u00fcm altyap\u0131s\u0131n\u0131n geli\u015ftirilmesinin \u00f6nemine dikkat \u00e7eken \u015eim\u015fek, \u201cBug\u00fcn katma de\u011ferinin en y\u00fcksek oldu\u011fu alan bili\u015fimdir. Bu alanda yap\u0131lacak at\u0131l\u0131mlar, orta ve uzun vadede muazzam sonu\u00e7lar do\u011furacakt\u0131r\u201d dedi. \u015eim\u015fek, okullarda laboratuvarlar\u0131n kurulmas\u0131 ve teknolojinin tabana yay\u0131lmas\u0131 gerekti\u011fini ifade etti.<\/p>\n<p>&#8211; Tar\u0131m, sanayi ve turizmin entegrasyonu<\/p>\n<p>Tar\u0131m, sanayi ve turizmin entegrasyonu konusunda da de\u011ferlendirmelerde bulunan \u015eim\u015fek, yerel \u00fcretimin art\u0131r\u0131lmas\u0131yla turizm gelirlerinin daha fazla KKTC\u2019de kalaca\u011f\u0131n\u0131, bu sayede katma de\u011ferin artaca\u011f\u0131n\u0131 s\u00f6yledi. Yenilenebilir enerji potansiyelinin y\u00fcksekli\u011fine de i\u015faret eden \u015eim\u015fek, \u00f6zellikle tar\u0131mda iklim avantajlar\u0131n\u0131n de\u011ferlendirilerek k\u0131\u015f d\u00f6nemlerinde T\u00fcrkiye\u2019ye g\u00f6re daha verimli \u00fcretim yap\u0131labilece\u011fini belirtti.<\/p>\n<p>Turizmde \u00fcr\u00fcn \u00e7e\u015fitlendirmesi, pazarlama, tan\u0131t\u0131m ve ula\u015f\u0131labilirlik gibi ba\u015fl\u0131klarda \u00e7al\u0131\u015fma yap\u0131lmas\u0131n\u0131n \u00f6nemine de\u011finen \u015eim\u015fek, KKTC\u2019nin bu alanda da b\u00fcy\u00fck bir potansiyele sahip oldu\u011funu ifade etti.<\/p>\n<p>&#8211; \u201cKKTC FinTech merkezi olabilir\u201d<\/p>\n<p>Finansal hizmetlerde ise d\u00fczenleyici \u00e7er\u00e7evenin g\u00fc\u00e7lendirilmesi gerekti\u011fini belirten \u015eim\u015fek, KKTC\u2019nin finansal teknoloji \u201cFinTech\u201d merkezi olabilece\u011fini, bunun i\u00e7in dijital altyap\u0131n\u0131n g\u00fc\u00e7lendirilmesinin \u00f6ncelikli oldu\u011funu s\u00f6yledi. \u015eim\u015fek, KKTC\u2019nin sahip oldu\u011fu gen\u00e7 ve nitelikli insan kayna\u011f\u0131n\u0131n da bu alanda b\u00fcy\u00fck bir avantaj oldu\u011funa i\u015faret etti.<\/p>\n<p>&#8211; \u201cDeste\u011fimiz s\u00fcrecek\u201d<\/p>\n<p>Konu\u015fmas\u0131n\u0131n sonunda, KKTC&#8217;nin kalk\u0131nma s\u00fcrecine katk\u0131 sunacak her alanda T\u00fcrkiye\u2019nin destek vermeye devam edece\u011fini belirten \u015eim\u015fek, \u201cT\u00fcrkiye ve Kuzey K\u0131br\u0131s\u2019\u0131n birlikteli\u011fi daim olsun. Bu zor d\u00f6nemde sadece dayan\u0131kl\u0131l\u0131\u011f\u0131m\u0131z\u0131 art\u0131rmakla kalmayaca\u011f\u0131z, ayn\u0131 zamanda bu d\u00f6nemin sundu\u011fu f\u0131rsatlar\u0131 da birlikte de\u011ferlendirip kal\u0131c\u0131 refah i\u00e7in birlikte \u00e7al\u0131\u015faca\u011f\u0131z\u201d ifadelerini kulland\u0131.<\/p>\n<\/p><\/div>\n","protected":false},"excerpt":{"rendered":"<p>T\u00fcrkiye Cumhuriyeti Hazine ve Maliye Bakan\u0131 Mehmet \u015eim\u015fek, KKTC&#8217;nin kalk\u0131nma s\u00fcrecine katk\u0131 sunacak her alanda T\u00fcrkiye\u2019nin destek vermeye devam edece\u011fini s\u00f6yledi. \u015eim\u015fek, \u201cT\u00fcrkiye ve Kuzey K\u0131br\u0131s\u2019\u0131n birlikteli\u011fi daim olsun. Bu zor d\u00f6nemde sadece dayan\u0131kl\u0131l\u0131\u011f\u0131m\u0131z\u0131 art\u0131rmakla kalmayaca\u011f\u0131z, ayn\u0131 zamanda bu d\u00f6nemin sundu\u011fu f\u0131rsatlar\u0131 da birlikte de\u011ferlendirip kal\u0131c\u0131 refah i\u00e7in birlikte \u00e7al\u0131\u015faca\u011f\u0131z\u201d dedi. Mehmet \u015eim\u015fek, \u201cT\u00fcrkiye ve<\/p>\n","protected":false},"author":1,"featured_media":82968,"comment_status":"open","ping_status":"open","sticky":false,"template":"","format":"standard","meta":{"footnotes":""},"categories":[1],"tags":[],"class_list":["post-82967","post","type-post","status-publish","format-standard","has-post-thumbnail","hentry","category-gundem"],"yoast_head":"<!-- This site is optimized with the Yoast SEO plugin v27.5 - https:\/\/yoast.com\/product\/yoast-seo-wordpress\/ -->\n<title>\u015e\u0130M\u015eEK: \u201cKKTC\u2019N\u0130N KALKINMA YOLCULU\u011eUNA G\u00dc\u00c7L\u00dc DESTE\u011e\u0130M\u0130Z S\u00dcRECEK\u201d -<\/title>\n<meta name=\"robots\" content=\"index, follow, max-snippet:-1, max-image-preview:large, max-video-preview:-1\" \/>\n<link rel=\"canonical\" href=\"https:\/\/kibrisdakik.com\/?p=82967\" \/>\n<meta property=\"og:locale\" content=\"tr_TR\" \/>\n<meta property=\"og:type\" content=\"article\" \/>\n<meta property=\"og:title\" content=\"\u015e\u0130M\u015eEK: \u201cKKTC\u2019N\u0130N KALKINMA YOLCULU\u011eUNA G\u00dc\u00c7L\u00dc DESTE\u011e\u0130M\u0130Z S\u00dcRECEK\u201d -\" \/>\n<meta property=\"og:description\" content=\"T\u00fcrkiye Cumhuriyeti Hazine ve Maliye Bakan\u0131 Mehmet \u015eim\u015fek, KKTC&#8217;nin kalk\u0131nma s\u00fcrecine katk\u0131 sunacak her alanda T\u00fcrkiye\u2019nin destek vermeye devam edece\u011fini s\u00f6yledi. \u015eim\u015fek, \u201cT\u00fcrkiye ve Kuzey K\u0131br\u0131s\u2019\u0131n birlikteli\u011fi daim olsun. Bu zor d\u00f6nemde sadece dayan\u0131kl\u0131l\u0131\u011f\u0131m\u0131z\u0131 art\u0131rmakla kalmayaca\u011f\u0131z, ayn\u0131 zamanda bu d\u00f6nemin sundu\u011fu f\u0131rsatlar\u0131 da birlikte de\u011ferlendirip kal\u0131c\u0131 refah i\u00e7in birlikte \u00e7al\u0131\u015faca\u011f\u0131z\u201d dedi. Mehmet \u015eim\u015fek, \u201cT\u00fcrkiye ve\" \/>\n<meta property=\"og:url\" content=\"https:\/\/kibrisdakik.com\/?p=82967\" \/>\n<meta property=\"article:published_time\" content=\"2025-05-27T12:31:00+00:00\" \/>\n<meta property=\"og:image\" content=\"https:\/\/kibrisdakik.com\/wp-content\/uploads\/2025\/05\/mhafoto-8372-740x420.png\" \/>\n\t<meta property=\"og:image:width\" content=\"860\" \/>\n\t<meta property=\"og:image:height\" content=\"505\" \/>\n\t<meta property=\"og:image:type\" content=\"image\/png\" \/>\n<meta name=\"author\" content=\"admin\" \/>\n<meta name=\"twitter:card\" content=\"summary_large_image\" \/>\n<meta name=\"twitter:label1\" content=\"Yazan:\" \/>\n\t<meta name=\"twitter:data1\" content=\"admin\" \/>\n\t<meta name=\"twitter:label2\" content=\"Tahmini okuma s\u00fcresi\" \/>\n\t<meta name=\"twitter:data2\" content=\"5 dakika\" \/>\n<script type=\"application\/ld+json\" class=\"yoast-schema-graph\">{\"@context\":\"https:\\\/\\\/schema.org\",\"@graph\":[{\"@type\":\"Article\",\"@id\":\"https:\\\/\\\/kibrisdakik.com\\\/?p=82967#article\",\"isPartOf\":{\"@id\":\"https:\\\/\\\/kibrisdakik.com\\\/?p=82967\"},\"author\":{\"name\":\"admin\",\"@id\":\"https:\\\/\\\/kibrisdakik.com\\\/#\\\/schema\\\/person\\\/9cd9d437bbb44f72b73ba127e06d8e79\"},\"headline\":\"\u015e\u0130M\u015eEK: \u201cKKTC\u2019N\u0130N KALKINMA YOLCULU\u011eUNA G\u00dc\u00c7L\u00dc DESTE\u011e\u0130M\u0130Z S\u00dcRECEK\u201d\",\"datePublished\":\"2025-05-27T12:31:00+00:00\",\"mainEntityOfPage\":{\"@id\":\"https:\\\/\\\/kibrisdakik.com\\\/?p=82967\"},\"wordCount\":922,\"commentCount\":0,\"image\":{\"@id\":\"https:\\\/\\\/kibrisdakik.com\\\/?p=82967#primaryimage\"},\"thumbnailUrl\":\"https:\\\/\\\/kibrisdakik.com\\\/wp-content\\\/uploads\\\/2025\\\/05\\\/mhafoto-8372-740x420.png\",\"articleSection\":[\"G\u00fcndem\"],\"inLanguage\":\"tr\",\"potentialAction\":[{\"@type\":\"CommentAction\",\"name\":\"Comment\",\"target\":[\"https:\\\/\\\/kibrisdakik.com\\\/?p=82967#respond\"]}]},{\"@type\":\"WebPage\",\"@id\":\"https:\\\/\\\/kibrisdakik.com\\\/?p=82967\",\"url\":\"https:\\\/\\\/kibrisdakik.com\\\/?p=82967\",\"name\":\"\u015e\u0130M\u015eEK: \u201cKKTC\u2019N\u0130N KALKINMA YOLCULU\u011eUNA G\u00dc\u00c7L\u00dc DESTE\u011e\u0130M\u0130Z S\u00dcRECEK\u201d -\",\"isPartOf\":{\"@id\":\"https:\\\/\\\/kibrisdakik.com\\\/#website\"},\"primaryImageOfPage\":{\"@id\":\"https:\\\/\\\/kibrisdakik.com\\\/?p=82967#primaryimage\"},\"image\":{\"@id\":\"https:\\\/\\\/kibrisdakik.com\\\/?p=82967#primaryimage\"},\"thumbnailUrl\":\"https:\\\/\\\/kibrisdakik.com\\\/wp-content\\\/uploads\\\/2025\\\/05\\\/mhafoto-8372-740x420.png\",\"datePublished\":\"2025-05-27T12:31:00+00:00\",\"author\":{\"@id\":\"https:\\\/\\\/kibrisdakik.com\\\/#\\\/schema\\\/person\\\/9cd9d437bbb44f72b73ba127e06d8e79\"},\"breadcrumb\":{\"@id\":\"https:\\\/\\\/kibrisdakik.com\\\/?p=82967#breadcrumb\"},\"inLanguage\":\"tr\",\"potentialAction\":[{\"@type\":\"ReadAction\",\"target\":[\"https:\\\/\\\/kibrisdakik.com\\\/?p=82967\"]}]},{\"@type\":\"ImageObject\",\"inLanguage\":\"tr\",\"@id\":\"https:\\\/\\\/kibrisdakik.com\\\/?p=82967#primaryimage\",\"url\":\"https:\\\/\\\/kibrisdakik.com\\\/wp-content\\\/uploads\\\/2025\\\/05\\\/mhafoto-8372-740x420.png\",\"contentUrl\":\"https:\\\/\\\/kibrisdakik.com\\\/wp-content\\\/uploads\\\/2025\\\/05\\\/mhafoto-8372-740x420.png\",\"width\":860,\"height\":505},{\"@type\":\"BreadcrumbList\",\"@id\":\"https:\\\/\\\/kibrisdakik.com\\\/?p=82967#breadcrumb\",\"itemListElement\":[{\"@type\":\"ListItem\",\"position\":1,\"name\":\"Home\",\"item\":\"https:\\\/\\\/kibrisdakik.com\\\/\"},{\"@type\":\"ListItem\",\"position\":2,\"name\":\"\u015e\u0130M\u015eEK: \u201cKKTC\u2019N\u0130N KALKINMA YOLCULU\u011eUNA G\u00dc\u00c7L\u00dc DESTE\u011e\u0130M\u0130Z S\u00dcRECEK\u201d\"}]},{\"@type\":\"WebSite\",\"@id\":\"https:\\\/\\\/kibrisdakik.com\\\/#website\",\"url\":\"https:\\\/\\\/kibrisdakik.com\\\/\",\"name\":\"\",\"description\":\"Tam vaktinde haber\",\"potentialAction\":[{\"@type\":\"SearchAction\",\"target\":{\"@type\":\"EntryPoint\",\"urlTemplate\":\"https:\\\/\\\/kibrisdakik.com\\\/?s={search_term_string}\"},\"query-input\":{\"@type\":\"PropertyValueSpecification\",\"valueRequired\":true,\"valueName\":\"search_term_string\"}}],\"inLanguage\":\"tr\"},{\"@type\":\"Person\",\"@id\":\"https:\\\/\\\/kibrisdakik.com\\\/#\\\/schema\\\/person\\\/9cd9d437bbb44f72b73ba127e06d8e79\",\"name\":\"admin\",\"image\":{\"@type\":\"ImageObject\",\"inLanguage\":\"tr\",\"@id\":\"https:\\\/\\\/secure.gravatar.com\\\/avatar\\\/ccc17943b9d660506c869530f897617f7cb1c21a4bf30023f252596d83e1f007?s=96&d=mm&r=g\",\"url\":\"https:\\\/\\\/secure.gravatar.com\\\/avatar\\\/ccc17943b9d660506c869530f897617f7cb1c21a4bf30023f252596d83e1f007?s=96&d=mm&r=g\",\"contentUrl\":\"https:\\\/\\\/secure.gravatar.com\\\/avatar\\\/ccc17943b9d660506c869530f897617f7cb1c21a4bf30023f252596d83e1f007?s=96&d=mm&r=g\",\"caption\":\"admin\"},\"sameAs\":[\"https:\\\/\\\/kibrisdakik.com\"],\"url\":\"https:\\\/\\\/kibrisdakik.com\\\/?author=1\"}]}<\/script>\n<!-- \/ Yoast SEO plugin. -->","yoast_head_json":{"title":"\u015e\u0130M\u015eEK: \u201cKKTC\u2019N\u0130N KALKINMA YOLCULU\u011eUNA G\u00dc\u00c7L\u00dc DESTE\u011e\u0130M\u0130Z S\u00dcRECEK\u201d -","robots":{"index":"index","follow":"follow","max-snippet":"max-snippet:-1","max-image-preview":"max-image-preview:large","max-video-preview":"max-video-preview:-1"},"canonical":"https:\/\/kibrisdakik.com\/?p=82967","og_locale":"tr_TR","og_type":"article","og_title":"\u015e\u0130M\u015eEK: \u201cKKTC\u2019N\u0130N KALKINMA YOLCULU\u011eUNA G\u00dc\u00c7L\u00dc DESTE\u011e\u0130M\u0130Z S\u00dcRECEK\u201d -","og_description":"T\u00fcrkiye Cumhuriyeti Hazine ve Maliye Bakan\u0131 Mehmet \u015eim\u015fek, KKTC&#8217;nin kalk\u0131nma s\u00fcrecine katk\u0131 sunacak her alanda T\u00fcrkiye\u2019nin destek vermeye devam edece\u011fini s\u00f6yledi. \u015eim\u015fek, \u201cT\u00fcrkiye ve Kuzey K\u0131br\u0131s\u2019\u0131n birlikteli\u011fi daim olsun. Bu zor d\u00f6nemde sadece dayan\u0131kl\u0131l\u0131\u011f\u0131m\u0131z\u0131 art\u0131rmakla kalmayaca\u011f\u0131z, ayn\u0131 zamanda bu d\u00f6nemin sundu\u011fu f\u0131rsatlar\u0131 da birlikte de\u011ferlendirip kal\u0131c\u0131 refah i\u00e7in birlikte \u00e7al\u0131\u015faca\u011f\u0131z\u201d dedi. Mehmet \u015eim\u015fek, \u201cT\u00fcrkiye ve","og_url":"https:\/\/kibrisdakik.com\/?p=82967","article_published_time":"2025-05-27T12:31:00+00:00","og_image":[{"width":860,"height":505,"url":"https:\/\/kibrisdakik.com\/wp-content\/uploads\/2025\/05\/mhafoto-8372-740x420.png","type":"image\/png"}],"author":"admin","twitter_card":"summary_large_image","twitter_misc":{"Yazan:":"admin","Tahmini okuma s\u00fcresi":"5 dakika"},"schema":{"@context":"https:\/\/schema.org","@graph":[{"@type":"Article","@id":"https:\/\/kibrisdakik.com\/?p=82967#article","isPartOf":{"@id":"https:\/\/kibrisdakik.com\/?p=82967"},"author":{"name":"admin","@id":"https:\/\/kibrisdakik.com\/#\/schema\/person\/9cd9d437bbb44f72b73ba127e06d8e79"},"headline":"\u015e\u0130M\u015eEK: \u201cKKTC\u2019N\u0130N KALKINMA YOLCULU\u011eUNA G\u00dc\u00c7L\u00dc DESTE\u011e\u0130M\u0130Z S\u00dcRECEK\u201d","datePublished":"2025-05-27T12:31:00+00:00","mainEntityOfPage":{"@id":"https:\/\/kibrisdakik.com\/?p=82967"},"wordCount":922,"commentCount":0,"image":{"@id":"https:\/\/kibrisdakik.com\/?p=82967#primaryimage"},"thumbnailUrl":"https:\/\/kibrisdakik.com\/wp-content\/uploads\/2025\/05\/mhafoto-8372-740x420.png","articleSection":["G\u00fcndem"],"inLanguage":"tr","potentialAction":[{"@type":"CommentAction","name":"Comment","target":["https:\/\/kibrisdakik.com\/?p=82967#respond"]}]},{"@type":"WebPage","@id":"https:\/\/kibrisdakik.com\/?p=82967","url":"https:\/\/kibrisdakik.com\/?p=82967","name":"\u015e\u0130M\u015eEK: \u201cKKTC\u2019N\u0130N KALKINMA YOLCULU\u011eUNA G\u00dc\u00c7L\u00dc DESTE\u011e\u0130M\u0130Z S\u00dcRECEK\u201d -","isPartOf":{"@id":"https:\/\/kibrisdakik.com\/#website"},"primaryImageOfPage":{"@id":"https:\/\/kibrisdakik.com\/?p=82967#primaryimage"},"image":{"@id":"https:\/\/kibrisdakik.com\/?p=82967#primaryimage"},"thumbnailUrl":"https:\/\/kibrisdakik.com\/wp-content\/uploads\/2025\/05\/mhafoto-8372-740x420.png","datePublished":"2025-05-27T12:31:00+00:00","author":{"@id":"https:\/\/kibrisdakik.com\/#\/schema\/person\/9cd9d437bbb44f72b73ba127e06d8e79"},"breadcrumb":{"@id":"https:\/\/kibrisdakik.com\/?p=82967#breadcrumb"},"inLanguage":"tr","potentialAction":[{"@type":"ReadAction","target":["https:\/\/kibrisdakik.com\/?p=82967"]}]},{"@type":"ImageObject","inLanguage":"tr","@id":"https:\/\/kibrisdakik.com\/?p=82967#primaryimage","url":"https:\/\/kibrisdakik.com\/wp-content\/uploads\/2025\/05\/mhafoto-8372-740x420.png","contentUrl":"https:\/\/kibrisdakik.com\/wp-content\/uploads\/2025\/05\/mhafoto-8372-740x420.png","width":860,"height":505},{"@type":"BreadcrumbList","@id":"https:\/\/kibrisdakik.com\/?p=82967#breadcrumb","itemListElement":[{"@type":"ListItem","position":1,"name":"Home","item":"https:\/\/kibrisdakik.com\/"},{"@type":"ListItem","position":2,"name":"\u015e\u0130M\u015eEK: \u201cKKTC\u2019N\u0130N KALKINMA YOLCULU\u011eUNA G\u00dc\u00c7L\u00dc DESTE\u011e\u0130M\u0130Z S\u00dcRECEK\u201d"}]},{"@type":"WebSite","@id":"https:\/\/kibrisdakik.com\/#website","url":"https:\/\/kibrisdakik.com\/","name":"","description":"Tam vaktinde haber","potentialAction":[{"@type":"SearchAction","target":{"@type":"EntryPoint","urlTemplate":"https:\/\/kibrisdakik.com\/?s={search_term_string}"},"query-input":{"@type":"PropertyValueSpecification","valueRequired":true,"valueName":"search_term_string"}}],"inLanguage":"tr"},{"@type":"Person","@id":"https:\/\/kibrisdakik.com\/#\/schema\/person\/9cd9d437bbb44f72b73ba127e06d8e79","name":"admin","image":{"@type":"ImageObject","inLanguage":"tr","@id":"https:\/\/secure.gravatar.com\/avatar\/ccc17943b9d660506c869530f897617f7cb1c21a4bf30023f252596d83e1f007?s=96&d=mm&r=g","url":"https:\/\/secure.gravatar.com\/avatar\/ccc17943b9d660506c869530f897617f7cb1c21a4bf30023f252596d83e1f007?s=96&d=mm&r=g","contentUrl":"https:\/\/secure.gravatar.com\/avatar\/ccc17943b9d660506c869530f897617f7cb1c21a4bf30023f252596d83e1f007?s=96&d=mm&r=g","caption":"admin"},"sameAs":["https:\/\/kibrisdakik.com"],"url":"https:\/\/kibrisdakik.com\/?author=1"}]}},"_links":{"self":[{"href":"https:\/\/kibrisdakik.com\/index.php?rest_route=\/wp\/v2\/posts\/82967","targetHints":{"allow":["GET"]}}],"collection":[{"href":"https:\/\/kibrisdakik.com\/index.php?rest_route=\/wp\/v2\/posts"}],"about":[{"href":"https:\/\/kibrisdakik.com\/index.php?rest_route=\/wp\/v2\/types\/post"}],"author":[{"embeddable":true,"href":"https:\/\/kibrisdakik.com\/index.php?rest_route=\/wp\/v2\/users\/1"}],"replies":[{"embeddable":true,"href":"https:\/\/kibrisdakik.com\/index.php?rest_route=%2Fwp%2Fv2%2Fcomments&post=82967"}],"version-history":[{"count":0,"href":"https:\/\/kibrisdakik.com\/index.php?rest_route=\/wp\/v2\/posts\/82967\/revisions"}],"wp:featuredmedia":[{"embeddable":true,"href":"https:\/\/kibrisdakik.com\/index.php?rest_route=\/wp\/v2\/media\/82968"}],"wp:attachment":[{"href":"https:\/\/kibrisdakik.com\/index.php?rest_route=%2Fwp%2Fv2%2Fmedia&parent=82967"}],"wp:term":[{"taxonomy":"category","embeddable":true,"href":"https:\/\/kibrisdakik.com\/index.php?rest_route=%2Fwp%2Fv2%2Fcategories&post=82967"},{"taxonomy":"post_tag","embeddable":true,"href":"https:\/\/kibrisdakik.com\/index.php?rest_route=%2Fwp%2Fv2%2Ftags&post=82967"}],"curies":[{"name":"wp","href":"https:\/\/api.w.org\/{rel}","templated":true}]}}