{"id":83033,"date":"2025-05-28T16:10:00","date_gmt":"2025-05-28T13:10:00","guid":{"rendered":"https:\/\/kibrisdakik.com\/index.php\/2025\/05\/28\/milli-iradeye-saygi-platformundan-tatara-tam-destek-ve-vatanseverlik-plaketi\/"},"modified":"2025-05-28T16:10:00","modified_gmt":"2025-05-28T13:10:00","slug":"milli-iradeye-saygi-platformundan-tatara-tam-destek-ve-vatanseverlik-plaketi","status":"publish","type":"post","link":"https:\/\/kibrisdakik.com\/?p=83033","title":{"rendered":"Milli \u0130radeye Sayg\u0131 Platformu\u2019ndan Tatar\u2019a tam destek ve \u201cVatanseverlik Plaketi\u201d"},"content":{"rendered":"<p><\/p>\n<div>\n<div class=\"mariselle-image-container none\">\n                                            <\/div>\n<p>Milli \u0130radeye Sayg\u0131 Platformu,\u00a0iki devletli \u00e7\u00f6z\u00fcm siyaseti dolay\u0131s\u0131yla tam destek belirtti\u011fi Cumhurba\u015fkan\u0131 Ersin Tatar\u2019a iki devletli \u00e7\u00f6z\u00fcm\u00fc g\u00fcndeme getirerek en iyi \u015fekilde savundu\u011fu i\u00e7in \u201cVatanseverlik Plaketi\u201d takdim etti.<\/p>\n<p>\u00a0Cumhurba\u015fkan\u0131 Ersin Tatar, Milli \u0130radeye Sayg\u0131 Platformu Ba\u015fkan\u0131 Talip Sancar ve y\u00f6netim kurulu \u00fcyelerini kabul etti.<\/p>\n<p>Cumhurba\u015fkanl\u0131\u011f\u0131\u2019ndan verilen bilgiye g\u00f6re, Tatar kabulde yapt\u0131\u011f\u0131 konu\u015fmada, g\u00f6r\u00fc\u015fmeden duydu\u011fu memnuniyeti ifade ederek, K\u0131br\u0131s T\u00fcrk\u00fcn\u00fcn milli de\u011ferlerine ve maneviyat\u0131na sahip \u00e7\u0131k\u0131lmas\u0131n\u0131n \u00f6nemini dile getirdi.<\/p>\n<p>Cumhurba\u015fkan\u0131 Tatar, turizm, e\u011fitim ve in\u015faat sekt\u00f6rlerindeki geli\u015fmelerin yan\u0131 s\u0131ra TEKNOFEST gibi \u00f6nemli bir fuar\u0131n d\u00fczenlenmesi sonras\u0131 KKTC\u2019nin bili\u015fim adas\u0131 olarak da geli\u015fmesinin \u00f6n\u00fcn\u00fcn a\u00e7\u0131ld\u0131\u011f\u0131na i\u015faret etti.<\/p>\n<p>K\u0131br\u0131s T\u00fcrk halk\u0131n\u0131n g\u00fcvenli\u011fi i\u00e7in T\u00fcrk askerinin varl\u0131\u011f\u0131 ve T\u00fcrkiye\u2019nin garant\u00f6rl\u00fc\u011f\u00fcn\u00fcn devam\u0131n\u0131n \u015fart oldu\u011funu vurgulayan Tatar federasyon ile \u201cs\u0131f\u0131r asker, s\u0131f\u0131r garanti ama\u00e7land\u0131\u011f\u0131n\u0131\u201d, bunu asla kabul etmeyeceklerini kaydetti.<\/p>\n<\/p>\n<\/div>\n","protected":false},"excerpt":{"rendered":"<p>Milli \u0130radeye Sayg\u0131 Platformu,\u00a0iki devletli \u00e7\u00f6z\u00fcm siyaseti dolay\u0131s\u0131yla tam destek belirtti\u011fi Cumhurba\u015fkan\u0131 Ersin Tatar\u2019a iki devletli \u00e7\u00f6z\u00fcm\u00fc g\u00fcndeme getirerek en iyi \u015fekilde savundu\u011fu i\u00e7in \u201cVatanseverlik Plaketi\u201d takdim etti. \u00a0Cumhurba\u015fkan\u0131 Ersin Tatar, Milli \u0130radeye Sayg\u0131 Platformu Ba\u015fkan\u0131 Talip Sancar ve y\u00f6netim kurulu \u00fcyelerini kabul etti. Cumhurba\u015fkanl\u0131\u011f\u0131\u2019ndan verilen bilgiye g\u00f6re, Tatar kabulde yapt\u0131\u011f\u0131 konu\u015fmada, g\u00f6r\u00fc\u015fmeden duydu\u011fu memnuniyeti<\/p>\n","protected":false},"author":1,"featured_media":83034,"comment_status":"open","ping_status":"open","sticky":false,"template":"","format":"standard","meta":{"footnotes":""},"categories":[86],"tags":[],"class_list":["post-83033","post","type-post","status-publish","format-standard","has-post-thumbnail","hentry","category-turkiye"],"yoast_head":"<!-- This site is optimized with the Yoast SEO plugin v27.5 - https:\/\/yoast.com\/product\/yoast-seo-wordpress\/ -->\n<title>Milli \u0130radeye Sayg\u0131 Platformu\u2019ndan Tatar\u2019a tam destek ve \u201cVatanseverlik Plaketi\u201d -<\/title>\n<meta name=\"robots\" content=\"index, follow, max-snippet:-1, max-image-preview:large, max-video-preview:-1\" \/>\n<link rel=\"canonical\" href=\"https:\/\/kibrisdakik.com\/?p=83033\" \/>\n<meta property=\"og:locale\" content=\"tr_TR\" \/>\n<meta property=\"og:type\" content=\"article\" \/>\n<meta property=\"og:title\" content=\"Milli \u0130radeye Sayg\u0131 Platformu\u2019ndan Tatar\u2019a tam destek ve \u201cVatanseverlik Plaketi\u201d -\" \/>\n<meta property=\"og:description\" content=\"Milli \u0130radeye Sayg\u0131 Platformu,\u00a0iki devletli \u00e7\u00f6z\u00fcm siyaseti dolay\u0131s\u0131yla tam destek belirtti\u011fi Cumhurba\u015fkan\u0131 Ersin Tatar\u2019a iki devletli \u00e7\u00f6z\u00fcm\u00fc g\u00fcndeme getirerek en iyi \u015fekilde savundu\u011fu i\u00e7in \u201cVatanseverlik Plaketi\u201d takdim etti. \u00a0Cumhurba\u015fkan\u0131 Ersin Tatar, Milli \u0130radeye Sayg\u0131 Platformu Ba\u015fkan\u0131 Talip Sancar ve y\u00f6netim kurulu \u00fcyelerini kabul etti. Cumhurba\u015fkanl\u0131\u011f\u0131\u2019ndan verilen bilgiye g\u00f6re, Tatar kabulde yapt\u0131\u011f\u0131 konu\u015fmada, g\u00f6r\u00fc\u015fmeden duydu\u011fu memnuniyeti\" \/>\n<meta property=\"og:url\" content=\"https:\/\/kibrisdakik.com\/?p=83033\" \/>\n<meta property=\"article:published_time\" content=\"2025-05-28T13:10:00+00:00\" \/>\n<meta property=\"og:image\" content=\"https:\/\/kibrisdakik.com\/wp-content\/uploads\/2025\/05\/TATAR-TALIP-SANCAR2-740x420.jpg\" \/>\n\t<meta property=\"og:image:width\" content=\"929\" \/>\n\t<meta property=\"og:image:height\" content=\"442\" \/>\n\t<meta property=\"og:image:type\" content=\"image\/jpeg\" \/>\n<meta name=\"author\" content=\"admin\" \/>\n<meta name=\"twitter:card\" content=\"summary_large_image\" \/>\n<meta name=\"twitter:label1\" content=\"Yazan:\" \/>\n\t<meta name=\"twitter:data1\" content=\"admin\" \/>\n\t<meta name=\"twitter:label2\" content=\"Tahmini okuma s\u00fcresi\" \/>\n\t<meta name=\"twitter:data2\" content=\"1 dakika\" \/>\n<script type=\"application\/ld+json\" class=\"yoast-schema-graph\">{\"@context\":\"https:\\\/\\\/schema.org\",\"@graph\":[{\"@type\":\"Article\",\"@id\":\"https:\\\/\\\/kibrisdakik.com\\\/?p=83033#article\",\"isPartOf\":{\"@id\":\"https:\\\/\\\/kibrisdakik.com\\\/?p=83033\"},\"author\":{\"name\":\"admin\",\"@id\":\"https:\\\/\\\/kibrisdakik.com\\\/#\\\/schema\\\/person\\\/9cd9d437bbb44f72b73ba127e06d8e79\"},\"headline\":\"Milli \u0130radeye Sayg\u0131 Platformu\u2019ndan Tatar\u2019a tam destek ve \u201cVatanseverlik Plaketi\u201d\",\"datePublished\":\"2025-05-28T13:10:00+00:00\",\"mainEntityOfPage\":{\"@id\":\"https:\\\/\\\/kibrisdakik.com\\\/?p=83033\"},\"wordCount\":205,\"commentCount\":0,\"image\":{\"@id\":\"https:\\\/\\\/kibrisdakik.com\\\/?p=83033#primaryimage\"},\"thumbnailUrl\":\"https:\\\/\\\/kibrisdakik.com\\\/wp-content\\\/uploads\\\/2025\\\/05\\\/TATAR-TALIP-SANCAR2-740x420.jpg\",\"articleSection\":[\"T\u00fcrkiye\"],\"inLanguage\":\"tr\",\"potentialAction\":[{\"@type\":\"CommentAction\",\"name\":\"Comment\",\"target\":[\"https:\\\/\\\/kibrisdakik.com\\\/?p=83033#respond\"]}]},{\"@type\":\"WebPage\",\"@id\":\"https:\\\/\\\/kibrisdakik.com\\\/?p=83033\",\"url\":\"https:\\\/\\\/kibrisdakik.com\\\/?p=83033\",\"name\":\"Milli \u0130radeye Sayg\u0131 Platformu\u2019ndan Tatar\u2019a tam destek ve \u201cVatanseverlik Plaketi\u201d -\",\"isPartOf\":{\"@id\":\"https:\\\/\\\/kibrisdakik.com\\\/#website\"},\"primaryImageOfPage\":{\"@id\":\"https:\\\/\\\/kibrisdakik.com\\\/?p=83033#primaryimage\"},\"image\":{\"@id\":\"https:\\\/\\\/kibrisdakik.com\\\/?p=83033#primaryimage\"},\"thumbnailUrl\":\"https:\\\/\\\/kibrisdakik.com\\\/wp-content\\\/uploads\\\/2025\\\/05\\\/TATAR-TALIP-SANCAR2-740x420.jpg\",\"datePublished\":\"2025-05-28T13:10:00+00:00\",\"author\":{\"@id\":\"https:\\\/\\\/kibrisdakik.com\\\/#\\\/schema\\\/person\\\/9cd9d437bbb44f72b73ba127e06d8e79\"},\"breadcrumb\":{\"@id\":\"https:\\\/\\\/kibrisdakik.com\\\/?p=83033#breadcrumb\"},\"inLanguage\":\"tr\",\"potentialAction\":[{\"@type\":\"ReadAction\",\"target\":[\"https:\\\/\\\/kibrisdakik.com\\\/?p=83033\"]}]},{\"@type\":\"ImageObject\",\"inLanguage\":\"tr\",\"@id\":\"https:\\\/\\\/kibrisdakik.com\\\/?p=83033#primaryimage\",\"url\":\"https:\\\/\\\/kibrisdakik.com\\\/wp-content\\\/uploads\\\/2025\\\/05\\\/TATAR-TALIP-SANCAR2-740x420.jpg\",\"contentUrl\":\"https:\\\/\\\/kibrisdakik.com\\\/wp-content\\\/uploads\\\/2025\\\/05\\\/TATAR-TALIP-SANCAR2-740x420.jpg\",\"width\":929,\"height\":442},{\"@type\":\"BreadcrumbList\",\"@id\":\"https:\\\/\\\/kibrisdakik.com\\\/?p=83033#breadcrumb\",\"itemListElement\":[{\"@type\":\"ListItem\",\"position\":1,\"name\":\"Home\",\"item\":\"https:\\\/\\\/kibrisdakik.com\\\/\"},{\"@type\":\"ListItem\",\"position\":2,\"name\":\"Milli \u0130radeye Sayg\u0131 Platformu\u2019ndan Tatar\u2019a tam destek ve \u201cVatanseverlik Plaketi\u201d\"}]},{\"@type\":\"WebSite\",\"@id\":\"https:\\\/\\\/kibrisdakik.com\\\/#website\",\"url\":\"https:\\\/\\\/kibrisdakik.com\\\/\",\"name\":\"\",\"description\":\"Tam vaktinde haber\",\"potentialAction\":[{\"@type\":\"SearchAction\",\"target\":{\"@type\":\"EntryPoint\",\"urlTemplate\":\"https:\\\/\\\/kibrisdakik.com\\\/?s={search_term_string}\"},\"query-input\":{\"@type\":\"PropertyValueSpecification\",\"valueRequired\":true,\"valueName\":\"search_term_string\"}}],\"inLanguage\":\"tr\"},{\"@type\":\"Person\",\"@id\":\"https:\\\/\\\/kibrisdakik.com\\\/#\\\/schema\\\/person\\\/9cd9d437bbb44f72b73ba127e06d8e79\",\"name\":\"admin\",\"image\":{\"@type\":\"ImageObject\",\"inLanguage\":\"tr\",\"@id\":\"https:\\\/\\\/secure.gravatar.com\\\/avatar\\\/ccc17943b9d660506c869530f897617f7cb1c21a4bf30023f252596d83e1f007?s=96&d=mm&r=g\",\"url\":\"https:\\\/\\\/secure.gravatar.com\\\/avatar\\\/ccc17943b9d660506c869530f897617f7cb1c21a4bf30023f252596d83e1f007?s=96&d=mm&r=g\",\"contentUrl\":\"https:\\\/\\\/secure.gravatar.com\\\/avatar\\\/ccc17943b9d660506c869530f897617f7cb1c21a4bf30023f252596d83e1f007?s=96&d=mm&r=g\",\"caption\":\"admin\"},\"sameAs\":[\"https:\\\/\\\/kibrisdakik.com\"],\"url\":\"https:\\\/\\\/kibrisdakik.com\\\/?author=1\"}]}<\/script>\n<!-- \/ Yoast SEO plugin. -->","yoast_head_json":{"title":"Milli \u0130radeye Sayg\u0131 Platformu\u2019ndan Tatar\u2019a tam destek ve \u201cVatanseverlik Plaketi\u201d -","robots":{"index":"index","follow":"follow","max-snippet":"max-snippet:-1","max-image-preview":"max-image-preview:large","max-video-preview":"max-video-preview:-1"},"canonical":"https:\/\/kibrisdakik.com\/?p=83033","og_locale":"tr_TR","og_type":"article","og_title":"Milli \u0130radeye Sayg\u0131 Platformu\u2019ndan Tatar\u2019a tam destek ve \u201cVatanseverlik Plaketi\u201d -","og_description":"Milli \u0130radeye Sayg\u0131 Platformu,\u00a0iki devletli \u00e7\u00f6z\u00fcm siyaseti dolay\u0131s\u0131yla tam destek belirtti\u011fi Cumhurba\u015fkan\u0131 Ersin Tatar\u2019a iki devletli \u00e7\u00f6z\u00fcm\u00fc g\u00fcndeme getirerek en iyi \u015fekilde savundu\u011fu i\u00e7in \u201cVatanseverlik Plaketi\u201d takdim etti. \u00a0Cumhurba\u015fkan\u0131 Ersin Tatar, Milli \u0130radeye Sayg\u0131 Platformu Ba\u015fkan\u0131 Talip Sancar ve y\u00f6netim kurulu \u00fcyelerini kabul etti. Cumhurba\u015fkanl\u0131\u011f\u0131\u2019ndan verilen bilgiye g\u00f6re, Tatar kabulde yapt\u0131\u011f\u0131 konu\u015fmada, g\u00f6r\u00fc\u015fmeden duydu\u011fu memnuniyeti","og_url":"https:\/\/kibrisdakik.com\/?p=83033","article_published_time":"2025-05-28T13:10:00+00:00","og_image":[{"width":929,"height":442,"url":"https:\/\/kibrisdakik.com\/wp-content\/uploads\/2025\/05\/TATAR-TALIP-SANCAR2-740x420.jpg","type":"image\/jpeg"}],"author":"admin","twitter_card":"summary_large_image","twitter_misc":{"Yazan:":"admin","Tahmini okuma s\u00fcresi":"1 dakika"},"schema":{"@context":"https:\/\/schema.org","@graph":[{"@type":"Article","@id":"https:\/\/kibrisdakik.com\/?p=83033#article","isPartOf":{"@id":"https:\/\/kibrisdakik.com\/?p=83033"},"author":{"name":"admin","@id":"https:\/\/kibrisdakik.com\/#\/schema\/person\/9cd9d437bbb44f72b73ba127e06d8e79"},"headline":"Milli \u0130radeye Sayg\u0131 Platformu\u2019ndan Tatar\u2019a tam destek ve \u201cVatanseverlik Plaketi\u201d","datePublished":"2025-05-28T13:10:00+00:00","mainEntityOfPage":{"@id":"https:\/\/kibrisdakik.com\/?p=83033"},"wordCount":205,"commentCount":0,"image":{"@id":"https:\/\/kibrisdakik.com\/?p=83033#primaryimage"},"thumbnailUrl":"https:\/\/kibrisdakik.com\/wp-content\/uploads\/2025\/05\/TATAR-TALIP-SANCAR2-740x420.jpg","articleSection":["T\u00fcrkiye"],"inLanguage":"tr","potentialAction":[{"@type":"CommentAction","name":"Comment","target":["https:\/\/kibrisdakik.com\/?p=83033#respond"]}]},{"@type":"WebPage","@id":"https:\/\/kibrisdakik.com\/?p=83033","url":"https:\/\/kibrisdakik.com\/?p=83033","name":"Milli \u0130radeye Sayg\u0131 Platformu\u2019ndan Tatar\u2019a tam destek ve \u201cVatanseverlik Plaketi\u201d -","isPartOf":{"@id":"https:\/\/kibrisdakik.com\/#website"},"primaryImageOfPage":{"@id":"https:\/\/kibrisdakik.com\/?p=83033#primaryimage"},"image":{"@id":"https:\/\/kibrisdakik.com\/?p=83033#primaryimage"},"thumbnailUrl":"https:\/\/kibrisdakik.com\/wp-content\/uploads\/2025\/05\/TATAR-TALIP-SANCAR2-740x420.jpg","datePublished":"2025-05-28T13:10:00+00:00","author":{"@id":"https:\/\/kibrisdakik.com\/#\/schema\/person\/9cd9d437bbb44f72b73ba127e06d8e79"},"breadcrumb":{"@id":"https:\/\/kibrisdakik.com\/?p=83033#breadcrumb"},"inLanguage":"tr","potentialAction":[{"@type":"ReadAction","target":["https:\/\/kibrisdakik.com\/?p=83033"]}]},{"@type":"ImageObject","inLanguage":"tr","@id":"https:\/\/kibrisdakik.com\/?p=83033#primaryimage","url":"https:\/\/kibrisdakik.com\/wp-content\/uploads\/2025\/05\/TATAR-TALIP-SANCAR2-740x420.jpg","contentUrl":"https:\/\/kibrisdakik.com\/wp-content\/uploads\/2025\/05\/TATAR-TALIP-SANCAR2-740x420.jpg","width":929,"height":442},{"@type":"BreadcrumbList","@id":"https:\/\/kibrisdakik.com\/?p=83033#breadcrumb","itemListElement":[{"@type":"ListItem","position":1,"name":"Home","item":"https:\/\/kibrisdakik.com\/"},{"@type":"ListItem","position":2,"name":"Milli \u0130radeye Sayg\u0131 Platformu\u2019ndan Tatar\u2019a tam destek ve \u201cVatanseverlik Plaketi\u201d"}]},{"@type":"WebSite","@id":"https:\/\/kibrisdakik.com\/#website","url":"https:\/\/kibrisdakik.com\/","name":"","description":"Tam vaktinde haber","potentialAction":[{"@type":"SearchAction","target":{"@type":"EntryPoint","urlTemplate":"https:\/\/kibrisdakik.com\/?s={search_term_string}"},"query-input":{"@type":"PropertyValueSpecification","valueRequired":true,"valueName":"search_term_string"}}],"inLanguage":"tr"},{"@type":"Person","@id":"https:\/\/kibrisdakik.com\/#\/schema\/person\/9cd9d437bbb44f72b73ba127e06d8e79","name":"admin","image":{"@type":"ImageObject","inLanguage":"tr","@id":"https:\/\/secure.gravatar.com\/avatar\/ccc17943b9d660506c869530f897617f7cb1c21a4bf30023f252596d83e1f007?s=96&d=mm&r=g","url":"https:\/\/secure.gravatar.com\/avatar\/ccc17943b9d660506c869530f897617f7cb1c21a4bf30023f252596d83e1f007?s=96&d=mm&r=g","contentUrl":"https:\/\/secure.gravatar.com\/avatar\/ccc17943b9d660506c869530f897617f7cb1c21a4bf30023f252596d83e1f007?s=96&d=mm&r=g","caption":"admin"},"sameAs":["https:\/\/kibrisdakik.com"],"url":"https:\/\/kibrisdakik.com\/?author=1"}]}},"_links":{"self":[{"href":"https:\/\/kibrisdakik.com\/index.php?rest_route=\/wp\/v2\/posts\/83033","targetHints":{"allow":["GET"]}}],"collection":[{"href":"https:\/\/kibrisdakik.com\/index.php?rest_route=\/wp\/v2\/posts"}],"about":[{"href":"https:\/\/kibrisdakik.com\/index.php?rest_route=\/wp\/v2\/types\/post"}],"author":[{"embeddable":true,"href":"https:\/\/kibrisdakik.com\/index.php?rest_route=\/wp\/v2\/users\/1"}],"replies":[{"embeddable":true,"href":"https:\/\/kibrisdakik.com\/index.php?rest_route=%2Fwp%2Fv2%2Fcomments&post=83033"}],"version-history":[{"count":0,"href":"https:\/\/kibrisdakik.com\/index.php?rest_route=\/wp\/v2\/posts\/83033\/revisions"}],"wp:featuredmedia":[{"embeddable":true,"href":"https:\/\/kibrisdakik.com\/index.php?rest_route=\/wp\/v2\/media\/83034"}],"wp:attachment":[{"href":"https:\/\/kibrisdakik.com\/index.php?rest_route=%2Fwp%2Fv2%2Fmedia&parent=83033"}],"wp:term":[{"taxonomy":"category","embeddable":true,"href":"https:\/\/kibrisdakik.com\/index.php?rest_route=%2Fwp%2Fv2%2Fcategories&post=83033"},{"taxonomy":"post_tag","embeddable":true,"href":"https:\/\/kibrisdakik.com\/index.php?rest_route=%2Fwp%2Fv2%2Ftags&post=83033"}],"curies":[{"name":"wp","href":"https:\/\/api.w.org\/{rel}","templated":true}]}}