{"id":83090,"date":"2025-05-29T07:06:00","date_gmt":"2025-05-29T04:06:00","guid":{"rendered":"https:\/\/kibrisdakik.com\/index.php\/2025\/05\/29\/elon-musk-beyaz-saraydan-ayrildi-doge-devam-edecek\/"},"modified":"2025-05-29T07:06:00","modified_gmt":"2025-05-29T04:06:00","slug":"elon-musk-beyaz-saraydan-ayrildi-doge-devam-edecek","status":"publish","type":"post","link":"https:\/\/kibrisdakik.com\/?p=83090","title":{"rendered":"Elon Musk Beyaz Saray\u2019dan ayr\u0131ld\u0131: Doge devam edecek"},"content":{"rendered":"<p><\/p>\n<div>\n<div class=\"mariselle-image-container center\">\n                                            <\/div>\n<p>ABD Ba\u015fkan\u0131 Donald Trump\u2019\u0131n y\u00f6netiminde ge\u00e7ici bir g\u00f6rev \u00fcstlenen Elon Musk, federal harcamalar\u0131 azaltmay\u0131 hedefleyen Doge adl\u0131 programdaki g\u00f6rev s\u00fcresinin sona erdi\u011fini a\u00e7\u0131klad\u0131. Musk, ayr\u0131l\u0131\u011f\u0131n\u0131 sosyal medya platformu X \u00fczerinden duyurdu.<\/p>\n<p>\u201c\u00d6zel H\u00fck\u00fcmet \u00c7al\u0131\u015fan\u0131\u201d stat\u00fcs\u00fcnde g\u00f6rev yapan ve y\u0131lda 130 g\u00fcn federal i\u015flerde \u00e7al\u0131\u015fma hakk\u0131 bulunan G\u00fcney Afrika do\u011fumlu i\u015f insan\u0131, g\u00f6rev s\u00fcresinin bitmesiyle birlikte Beyaz Saray taraf\u0131ndan \u00e7ar\u015famba gecesi resmi olarak g\u00f6revden al\u0131nd\u0131.<\/p>\n<p><strong>\u201cDoge h\u00fck\u00fcmetin ya\u015fam bi\u00e7imi olacak\u201d<\/strong><br \/>Musk, payla\u015f\u0131m\u0131nda \u201c\u00d6zel H\u00fck\u00fcmet \u00c7al\u0131\u015fan\u0131 olarak planl\u0131 g\u00f6rev s\u00fcrem sona ererken, israfa kar\u015f\u0131 m\u00fccadele etme f\u0131rsat\u0131 verdi\u011fi i\u00e7in Ba\u015fkan Trump\u2019a te\u015fekk\u00fcr ederim. DOGE g\u00f6revi zamanla daha da g\u00fc\u00e7lenecek ve h\u00fck\u00fcmetin genelinde bir ya\u015fam bi\u00e7imi haline gelecek\u201d ifadelerini kulland\u0131.<\/p>\n<p>Doge (Department of Government Efficiency) program\u0131 kapsam\u0131nda federal h\u00fck\u00fcmette yakla\u015f\u0131k 260 bin \u00e7al\u0131\u015fan\u0131n i\u015fine son verildi ya da g\u00f6n\u00fcll\u00fc ayr\u0131lmalar\u0131 sa\u011fland\u0131. Ancak baz\u0131 toplu i\u015ften \u00e7\u0131karmalar, mahkemeler taraf\u0131ndan durduruldu ve \u00e7al\u0131\u015fanlar\u0131n g\u00f6revlerine iade edilmesine karar verildi. Hatta n\u00fckleer programda \u00e7al\u0131\u015fan baz\u0131 isimlerin yanl\u0131\u015fl\u0131kla i\u015ften \u00e7\u0131kar\u0131ld\u0131\u011f\u0131 belirtildi.<\/p>\n<p><strong>Trump\u2019\u0131n \u201cg\u00fczel yasa tasar\u0131s\u0131\u201dna ele\u015ftiri<\/strong><br \/>Musk\u2019\u0131n ayr\u0131l\u0131\u011f\u0131, Trump\u2019\u0131n \u201cb\u00fcy\u00fck ve g\u00fczel yasa tasar\u0131s\u0131\u201d olarak adland\u0131rd\u0131\u011f\u0131 b\u00fct\u00e7e d\u00fczenlemesini ele\u015ftirmesinin hemen ard\u0131ndan geldi.<\/p>\n<p>CBS\u2019ye verdi\u011fi r\u00f6portajda Musk, bu tasar\u0131n\u0131n federal a\u00e7\u0131\u011f\u0131 art\u0131raca\u011f\u0131n\u0131 savunarak, \u201cBir yasa ya b\u00fcy\u00fck olabilir ya da g\u00fczel, ama ikisi birden olmaz\u201d dedi.<\/p>\n<p><strong>Musk: \u201cDoge g\u00fcnah ke\u00e7isine d\u00f6n\u00fc\u015ft\u00fc\u201d<\/strong><br \/>Texas\u2019taki bir SpaceX f\u0131rlatmas\u0131 \u00f6ncesinde Washington Post\u2019a konu\u015fan Musk, Doge program\u0131n\u0131n art\u0131k haks\u0131z yere her \u015feyin sorumlusu olarak g\u00f6sterildi\u011fini s\u00f6yledi: \u201cBir yerde k\u00f6t\u00fc bir \u015fey oldu\u011funda, konuyla ilgimiz olmasa bile Doge su\u00e7lan\u0131yor.\u201d<\/p>\n<p><strong>Tesla\u2019da sat\u0131\u015flar d\u00fc\u015ft\u00fc, siyasi ba\u011flar tart\u0131\u015fma yaratt\u0131<\/strong><br \/>Musk\u2019\u0131n h\u00fck\u00fcmetteki g\u00f6revi s\u0131ras\u0131nda Tesla\u2019n\u0131n sat\u0131\u015flar\u0131 bu y\u0131l\u0131n ilk \u00fc\u00e7 ay\u0131nda y\u00fczde 13 d\u00fc\u015ferek \u015firket tarihindeki en b\u00fcy\u00fck teslimat kayb\u0131n\u0131 ya\u015fad\u0131. Hisseler y\u00fczde 45 oran\u0131nda de\u011fer kaybettikten sonra k\u0131smen toparland\u0131 ancak h\u00e2l\u00e2 y\u0131l ba\u015f\u0131na g\u00f6re y\u00fczde 10 a\u015fa\u011f\u0131da.<\/p>\n<p>Siyasi nedenlerle Tesla\u2019ya y\u00f6nelik protestolar artarken, baz\u0131 aktivistler ara\u00e7lar\u0131 ve \u015farj istasyonlar\u0131n\u0131 tahrip etti. Bu olaylar sonras\u0131 ABD Ba\u015fsavc\u0131s\u0131 Pam Bondi, bu t\u00fcr sald\u0131r\u0131lar\u0131n \u201ci\u00e7 ter\u00f6rizm\u201d kapsam\u0131nda de\u011ferlendirilece\u011fini a\u00e7\u0131klad\u0131.<\/p>\n<p>Musk, Katar\u2019\u0131n Doha kentindeki bir ekonomik forumda yapt\u0131\u011f\u0131 konu\u015fmada, Tesla\u2019n\u0131n ba\u015f\u0131nda kalmaya kararl\u0131 oldu\u011funu ve \u00f6n\u00fcm\u00fczdeki be\u015f y\u0131l boyunca \u015firketin lideri olarak g\u00f6rev yapaca\u011f\u0131n\u0131 belirtti. Ayr\u0131ca bu y\u0131l siyasi ba\u011f\u0131\u015flar\u0131n\u0131 azaltaca\u011f\u0131n\u0131 ve ge\u00e7en y\u0131l Trump ve Cumhuriyet\u00e7ilere verdi\u011fi 300 milyon dolarl\u0131k deste\u011fi tekrarlamayaca\u011f\u0131n\u0131 a\u00e7\u0131klad\u0131.<\/p>\n<\/p>\n<\/div>\n","protected":false},"excerpt":{"rendered":"<p>ABD Ba\u015fkan\u0131 Donald Trump\u2019\u0131n y\u00f6netiminde ge\u00e7ici bir g\u00f6rev \u00fcstlenen Elon Musk, federal harcamalar\u0131 azaltmay\u0131 hedefleyen Doge adl\u0131 programdaki g\u00f6rev s\u00fcresinin sona erdi\u011fini a\u00e7\u0131klad\u0131. Musk, ayr\u0131l\u0131\u011f\u0131n\u0131 sosyal medya platformu X \u00fczerinden duyurdu. \u201c\u00d6zel H\u00fck\u00fcmet \u00c7al\u0131\u015fan\u0131\u201d stat\u00fcs\u00fcnde g\u00f6rev yapan ve y\u0131lda 130 g\u00fcn federal i\u015flerde \u00e7al\u0131\u015fma hakk\u0131 bulunan G\u00fcney Afrika do\u011fumlu i\u015f insan\u0131, g\u00f6rev s\u00fcresinin bitmesiyle birlikte<\/p>\n","protected":false},"author":1,"featured_media":83091,"comment_status":"open","ping_status":"open","sticky":false,"template":"","format":"standard","meta":{"footnotes":""},"categories":[86],"tags":[],"class_list":["post-83090","post","type-post","status-publish","format-standard","has-post-thumbnail","hentry","category-turkiye"],"yoast_head":"<!-- This site is optimized with the Yoast SEO plugin v27.5 - https:\/\/yoast.com\/product\/yoast-seo-wordpress\/ -->\n<title>Elon Musk Beyaz Saray\u2019dan ayr\u0131ld\u0131: Doge devam edecek -<\/title>\n<meta name=\"robots\" content=\"index, follow, max-snippet:-1, max-image-preview:large, max-video-preview:-1\" \/>\n<link rel=\"canonical\" href=\"https:\/\/kibrisdakik.com\/?p=83090\" \/>\n<meta property=\"og:locale\" content=\"tr_TR\" \/>\n<meta property=\"og:type\" content=\"article\" \/>\n<meta property=\"og:title\" content=\"Elon Musk Beyaz Saray\u2019dan ayr\u0131ld\u0131: Doge devam edecek -\" \/>\n<meta property=\"og:description\" content=\"ABD Ba\u015fkan\u0131 Donald Trump\u2019\u0131n y\u00f6netiminde ge\u00e7ici bir g\u00f6rev \u00fcstlenen Elon Musk, federal harcamalar\u0131 azaltmay\u0131 hedefleyen Doge adl\u0131 programdaki g\u00f6rev s\u00fcresinin sona erdi\u011fini a\u00e7\u0131klad\u0131. Musk, ayr\u0131l\u0131\u011f\u0131n\u0131 sosyal medya platformu X \u00fczerinden duyurdu. \u201c\u00d6zel H\u00fck\u00fcmet \u00c7al\u0131\u015fan\u0131\u201d stat\u00fcs\u00fcnde g\u00f6rev yapan ve y\u0131lda 130 g\u00fcn federal i\u015flerde \u00e7al\u0131\u015fma hakk\u0131 bulunan G\u00fcney Afrika do\u011fumlu i\u015f insan\u0131, g\u00f6rev s\u00fcresinin bitmesiyle birlikte\" \/>\n<meta property=\"og:url\" content=\"https:\/\/kibrisdakik.com\/?p=83090\" \/>\n<meta property=\"article:published_time\" content=\"2025-05-29T04:06:00+00:00\" \/>\n<meta property=\"og:image\" content=\"https:\/\/kibrisdakik.com\/wp-content\/uploads\/2025\/05\/elon-musk-reu-2330867-1000x600-740x420.jpg\" \/>\n\t<meta property=\"og:image:width\" content=\"1000\" \/>\n\t<meta property=\"og:image:height\" content=\"600\" \/>\n\t<meta property=\"og:image:type\" content=\"image\/jpeg\" \/>\n<meta name=\"author\" content=\"admin\" \/>\n<meta name=\"twitter:card\" content=\"summary_large_image\" \/>\n<meta name=\"twitter:label1\" content=\"Yazan:\" \/>\n\t<meta name=\"twitter:data1\" content=\"admin\" \/>\n\t<meta name=\"twitter:label2\" content=\"Tahmini okuma s\u00fcresi\" \/>\n\t<meta name=\"twitter:data2\" content=\"3 dakika\" \/>\n<script type=\"application\/ld+json\" class=\"yoast-schema-graph\">{\"@context\":\"https:\\\/\\\/schema.org\",\"@graph\":[{\"@type\":\"Article\",\"@id\":\"https:\\\/\\\/kibrisdakik.com\\\/?p=83090#article\",\"isPartOf\":{\"@id\":\"https:\\\/\\\/kibrisdakik.com\\\/?p=83090\"},\"author\":{\"name\":\"admin\",\"@id\":\"https:\\\/\\\/kibrisdakik.com\\\/#\\\/schema\\\/person\\\/9cd9d437bbb44f72b73ba127e06d8e79\"},\"headline\":\"Elon Musk Beyaz Saray\u2019dan ayr\u0131ld\u0131: Doge devam edecek\",\"datePublished\":\"2025-05-29T04:06:00+00:00\",\"mainEntityOfPage\":{\"@id\":\"https:\\\/\\\/kibrisdakik.com\\\/?p=83090\"},\"wordCount\":551,\"commentCount\":0,\"image\":{\"@id\":\"https:\\\/\\\/kibrisdakik.com\\\/?p=83090#primaryimage\"},\"thumbnailUrl\":\"https:\\\/\\\/kibrisdakik.com\\\/wp-content\\\/uploads\\\/2025\\\/05\\\/elon-musk-reu-2330867-1000x600-740x420.jpg\",\"articleSection\":[\"T\u00fcrkiye\"],\"inLanguage\":\"tr\",\"potentialAction\":[{\"@type\":\"CommentAction\",\"name\":\"Comment\",\"target\":[\"https:\\\/\\\/kibrisdakik.com\\\/?p=83090#respond\"]}]},{\"@type\":\"WebPage\",\"@id\":\"https:\\\/\\\/kibrisdakik.com\\\/?p=83090\",\"url\":\"https:\\\/\\\/kibrisdakik.com\\\/?p=83090\",\"name\":\"Elon Musk Beyaz Saray\u2019dan ayr\u0131ld\u0131: Doge devam edecek -\",\"isPartOf\":{\"@id\":\"https:\\\/\\\/kibrisdakik.com\\\/#website\"},\"primaryImageOfPage\":{\"@id\":\"https:\\\/\\\/kibrisdakik.com\\\/?p=83090#primaryimage\"},\"image\":{\"@id\":\"https:\\\/\\\/kibrisdakik.com\\\/?p=83090#primaryimage\"},\"thumbnailUrl\":\"https:\\\/\\\/kibrisdakik.com\\\/wp-content\\\/uploads\\\/2025\\\/05\\\/elon-musk-reu-2330867-1000x600-740x420.jpg\",\"datePublished\":\"2025-05-29T04:06:00+00:00\",\"author\":{\"@id\":\"https:\\\/\\\/kibrisdakik.com\\\/#\\\/schema\\\/person\\\/9cd9d437bbb44f72b73ba127e06d8e79\"},\"breadcrumb\":{\"@id\":\"https:\\\/\\\/kibrisdakik.com\\\/?p=83090#breadcrumb\"},\"inLanguage\":\"tr\",\"potentialAction\":[{\"@type\":\"ReadAction\",\"target\":[\"https:\\\/\\\/kibrisdakik.com\\\/?p=83090\"]}]},{\"@type\":\"ImageObject\",\"inLanguage\":\"tr\",\"@id\":\"https:\\\/\\\/kibrisdakik.com\\\/?p=83090#primaryimage\",\"url\":\"https:\\\/\\\/kibrisdakik.com\\\/wp-content\\\/uploads\\\/2025\\\/05\\\/elon-musk-reu-2330867-1000x600-740x420.jpg\",\"contentUrl\":\"https:\\\/\\\/kibrisdakik.com\\\/wp-content\\\/uploads\\\/2025\\\/05\\\/elon-musk-reu-2330867-1000x600-740x420.jpg\",\"width\":1000,\"height\":600},{\"@type\":\"BreadcrumbList\",\"@id\":\"https:\\\/\\\/kibrisdakik.com\\\/?p=83090#breadcrumb\",\"itemListElement\":[{\"@type\":\"ListItem\",\"position\":1,\"name\":\"Home\",\"item\":\"https:\\\/\\\/kibrisdakik.com\\\/\"},{\"@type\":\"ListItem\",\"position\":2,\"name\":\"Elon Musk Beyaz Saray\u2019dan ayr\u0131ld\u0131: Doge devam edecek\"}]},{\"@type\":\"WebSite\",\"@id\":\"https:\\\/\\\/kibrisdakik.com\\\/#website\",\"url\":\"https:\\\/\\\/kibrisdakik.com\\\/\",\"name\":\"\",\"description\":\"Tam vaktinde haber\",\"potentialAction\":[{\"@type\":\"SearchAction\",\"target\":{\"@type\":\"EntryPoint\",\"urlTemplate\":\"https:\\\/\\\/kibrisdakik.com\\\/?s={search_term_string}\"},\"query-input\":{\"@type\":\"PropertyValueSpecification\",\"valueRequired\":true,\"valueName\":\"search_term_string\"}}],\"inLanguage\":\"tr\"},{\"@type\":\"Person\",\"@id\":\"https:\\\/\\\/kibrisdakik.com\\\/#\\\/schema\\\/person\\\/9cd9d437bbb44f72b73ba127e06d8e79\",\"name\":\"admin\",\"image\":{\"@type\":\"ImageObject\",\"inLanguage\":\"tr\",\"@id\":\"https:\\\/\\\/secure.gravatar.com\\\/avatar\\\/ccc17943b9d660506c869530f897617f7cb1c21a4bf30023f252596d83e1f007?s=96&d=mm&r=g\",\"url\":\"https:\\\/\\\/secure.gravatar.com\\\/avatar\\\/ccc17943b9d660506c869530f897617f7cb1c21a4bf30023f252596d83e1f007?s=96&d=mm&r=g\",\"contentUrl\":\"https:\\\/\\\/secure.gravatar.com\\\/avatar\\\/ccc17943b9d660506c869530f897617f7cb1c21a4bf30023f252596d83e1f007?s=96&d=mm&r=g\",\"caption\":\"admin\"},\"sameAs\":[\"https:\\\/\\\/kibrisdakik.com\"],\"url\":\"https:\\\/\\\/kibrisdakik.com\\\/?author=1\"}]}<\/script>\n<!-- \/ Yoast SEO plugin. -->","yoast_head_json":{"title":"Elon Musk Beyaz Saray\u2019dan ayr\u0131ld\u0131: Doge devam edecek -","robots":{"index":"index","follow":"follow","max-snippet":"max-snippet:-1","max-image-preview":"max-image-preview:large","max-video-preview":"max-video-preview:-1"},"canonical":"https:\/\/kibrisdakik.com\/?p=83090","og_locale":"tr_TR","og_type":"article","og_title":"Elon Musk Beyaz Saray\u2019dan ayr\u0131ld\u0131: Doge devam edecek -","og_description":"ABD Ba\u015fkan\u0131 Donald Trump\u2019\u0131n y\u00f6netiminde ge\u00e7ici bir g\u00f6rev \u00fcstlenen Elon Musk, federal harcamalar\u0131 azaltmay\u0131 hedefleyen Doge adl\u0131 programdaki g\u00f6rev s\u00fcresinin sona erdi\u011fini a\u00e7\u0131klad\u0131. Musk, ayr\u0131l\u0131\u011f\u0131n\u0131 sosyal medya platformu X \u00fczerinden duyurdu. \u201c\u00d6zel H\u00fck\u00fcmet \u00c7al\u0131\u015fan\u0131\u201d stat\u00fcs\u00fcnde g\u00f6rev yapan ve y\u0131lda 130 g\u00fcn federal i\u015flerde \u00e7al\u0131\u015fma hakk\u0131 bulunan G\u00fcney Afrika do\u011fumlu i\u015f insan\u0131, g\u00f6rev s\u00fcresinin bitmesiyle birlikte","og_url":"https:\/\/kibrisdakik.com\/?p=83090","article_published_time":"2025-05-29T04:06:00+00:00","og_image":[{"width":1000,"height":600,"url":"https:\/\/kibrisdakik.com\/wp-content\/uploads\/2025\/05\/elon-musk-reu-2330867-1000x600-740x420.jpg","type":"image\/jpeg"}],"author":"admin","twitter_card":"summary_large_image","twitter_misc":{"Yazan:":"admin","Tahmini okuma s\u00fcresi":"3 dakika"},"schema":{"@context":"https:\/\/schema.org","@graph":[{"@type":"Article","@id":"https:\/\/kibrisdakik.com\/?p=83090#article","isPartOf":{"@id":"https:\/\/kibrisdakik.com\/?p=83090"},"author":{"name":"admin","@id":"https:\/\/kibrisdakik.com\/#\/schema\/person\/9cd9d437bbb44f72b73ba127e06d8e79"},"headline":"Elon Musk Beyaz Saray\u2019dan ayr\u0131ld\u0131: Doge devam edecek","datePublished":"2025-05-29T04:06:00+00:00","mainEntityOfPage":{"@id":"https:\/\/kibrisdakik.com\/?p=83090"},"wordCount":551,"commentCount":0,"image":{"@id":"https:\/\/kibrisdakik.com\/?p=83090#primaryimage"},"thumbnailUrl":"https:\/\/kibrisdakik.com\/wp-content\/uploads\/2025\/05\/elon-musk-reu-2330867-1000x600-740x420.jpg","articleSection":["T\u00fcrkiye"],"inLanguage":"tr","potentialAction":[{"@type":"CommentAction","name":"Comment","target":["https:\/\/kibrisdakik.com\/?p=83090#respond"]}]},{"@type":"WebPage","@id":"https:\/\/kibrisdakik.com\/?p=83090","url":"https:\/\/kibrisdakik.com\/?p=83090","name":"Elon Musk Beyaz Saray\u2019dan ayr\u0131ld\u0131: Doge devam edecek -","isPartOf":{"@id":"https:\/\/kibrisdakik.com\/#website"},"primaryImageOfPage":{"@id":"https:\/\/kibrisdakik.com\/?p=83090#primaryimage"},"image":{"@id":"https:\/\/kibrisdakik.com\/?p=83090#primaryimage"},"thumbnailUrl":"https:\/\/kibrisdakik.com\/wp-content\/uploads\/2025\/05\/elon-musk-reu-2330867-1000x600-740x420.jpg","datePublished":"2025-05-29T04:06:00+00:00","author":{"@id":"https:\/\/kibrisdakik.com\/#\/schema\/person\/9cd9d437bbb44f72b73ba127e06d8e79"},"breadcrumb":{"@id":"https:\/\/kibrisdakik.com\/?p=83090#breadcrumb"},"inLanguage":"tr","potentialAction":[{"@type":"ReadAction","target":["https:\/\/kibrisdakik.com\/?p=83090"]}]},{"@type":"ImageObject","inLanguage":"tr","@id":"https:\/\/kibrisdakik.com\/?p=83090#primaryimage","url":"https:\/\/kibrisdakik.com\/wp-content\/uploads\/2025\/05\/elon-musk-reu-2330867-1000x600-740x420.jpg","contentUrl":"https:\/\/kibrisdakik.com\/wp-content\/uploads\/2025\/05\/elon-musk-reu-2330867-1000x600-740x420.jpg","width":1000,"height":600},{"@type":"BreadcrumbList","@id":"https:\/\/kibrisdakik.com\/?p=83090#breadcrumb","itemListElement":[{"@type":"ListItem","position":1,"name":"Home","item":"https:\/\/kibrisdakik.com\/"},{"@type":"ListItem","position":2,"name":"Elon Musk Beyaz Saray\u2019dan ayr\u0131ld\u0131: Doge devam edecek"}]},{"@type":"WebSite","@id":"https:\/\/kibrisdakik.com\/#website","url":"https:\/\/kibrisdakik.com\/","name":"","description":"Tam vaktinde haber","potentialAction":[{"@type":"SearchAction","target":{"@type":"EntryPoint","urlTemplate":"https:\/\/kibrisdakik.com\/?s={search_term_string}"},"query-input":{"@type":"PropertyValueSpecification","valueRequired":true,"valueName":"search_term_string"}}],"inLanguage":"tr"},{"@type":"Person","@id":"https:\/\/kibrisdakik.com\/#\/schema\/person\/9cd9d437bbb44f72b73ba127e06d8e79","name":"admin","image":{"@type":"ImageObject","inLanguage":"tr","@id":"https:\/\/secure.gravatar.com\/avatar\/ccc17943b9d660506c869530f897617f7cb1c21a4bf30023f252596d83e1f007?s=96&d=mm&r=g","url":"https:\/\/secure.gravatar.com\/avatar\/ccc17943b9d660506c869530f897617f7cb1c21a4bf30023f252596d83e1f007?s=96&d=mm&r=g","contentUrl":"https:\/\/secure.gravatar.com\/avatar\/ccc17943b9d660506c869530f897617f7cb1c21a4bf30023f252596d83e1f007?s=96&d=mm&r=g","caption":"admin"},"sameAs":["https:\/\/kibrisdakik.com"],"url":"https:\/\/kibrisdakik.com\/?author=1"}]}},"_links":{"self":[{"href":"https:\/\/kibrisdakik.com\/index.php?rest_route=\/wp\/v2\/posts\/83090","targetHints":{"allow":["GET"]}}],"collection":[{"href":"https:\/\/kibrisdakik.com\/index.php?rest_route=\/wp\/v2\/posts"}],"about":[{"href":"https:\/\/kibrisdakik.com\/index.php?rest_route=\/wp\/v2\/types\/post"}],"author":[{"embeddable":true,"href":"https:\/\/kibrisdakik.com\/index.php?rest_route=\/wp\/v2\/users\/1"}],"replies":[{"embeddable":true,"href":"https:\/\/kibrisdakik.com\/index.php?rest_route=%2Fwp%2Fv2%2Fcomments&post=83090"}],"version-history":[{"count":0,"href":"https:\/\/kibrisdakik.com\/index.php?rest_route=\/wp\/v2\/posts\/83090\/revisions"}],"wp:featuredmedia":[{"embeddable":true,"href":"https:\/\/kibrisdakik.com\/index.php?rest_route=\/wp\/v2\/media\/83091"}],"wp:attachment":[{"href":"https:\/\/kibrisdakik.com\/index.php?rest_route=%2Fwp%2Fv2%2Fmedia&parent=83090"}],"wp:term":[{"taxonomy":"category","embeddable":true,"href":"https:\/\/kibrisdakik.com\/index.php?rest_route=%2Fwp%2Fv2%2Fcategories&post=83090"},{"taxonomy":"post_tag","embeddable":true,"href":"https:\/\/kibrisdakik.com\/index.php?rest_route=%2Fwp%2Fv2%2Ftags&post=83090"}],"curies":[{"name":"wp","href":"https:\/\/api.w.org\/{rel}","templated":true}]}}