{"id":83097,"date":"2025-05-29T08:07:00","date_gmt":"2025-05-29T05:07:00","guid":{"rendered":"https:\/\/kibrisdakik.com\/index.php\/2025\/05\/29\/iranda-51-buyuklugunde-deprem-2\/"},"modified":"2025-05-29T08:07:00","modified_gmt":"2025-05-29T05:07:00","slug":"iranda-51-buyuklugunde-deprem-2","status":"publish","type":"post","link":"https:\/\/kibrisdakik.com\/?p=83097","title":{"rendered":"\u0130ran\u2019da 5,1 b\u00fcy\u00fckl\u00fc\u011f\u00fcnde deprem"},"content":{"rendered":"<p><\/p>\n<div>\n<div class=\"mariselle-image-container center\">\n                                            <\/div>\n<p>\u0130ran\u2019\u0131n g\u00fcneydo\u011fusundaki Kirman eyaletinde 5,1 b\u00fcy\u00fckl\u00fc\u011f\u00fcnde deprem meydana geldi.<\/p>\n<p>\u0130ran Ulusal Sismoloji Merkezinin verilerine g\u00f6re, merkez \u00fcss\u00fc Ciroft il\u00e7esinin Boluk kasabas\u0131 olan 5,1 b\u00fcy\u00fckl\u00fc\u011f\u00fcndeki sars\u0131nt\u0131, yerel saatle 01.00\u2019de kaydedildi.<\/p>\n<p>Depremin 8 kilometre derinlikte ger\u00e7ekle\u015fti\u011fi belirlendi.<\/p>\n<p>\u0130ran\u2019\u0131n resmi haber ajans\u0131 IRNA, yerel yetkililere dayand\u0131rd\u0131\u011f\u0131 haberinde, b\u00f6lgeye ekiplerin g\u00f6nderildi\u011fini ve \u015fu ana kadar herhangi bir hasar bilgisi al\u0131nmad\u0131\u011f\u0131n\u0131 a\u00e7\u0131klad\u0131.<\/p>\n<\/p>\n<\/div>\n","protected":false},"excerpt":{"rendered":"<p>\u0130ran\u2019\u0131n g\u00fcneydo\u011fusundaki Kirman eyaletinde 5,1 b\u00fcy\u00fckl\u00fc\u011f\u00fcnde deprem meydana geldi. \u0130ran Ulusal Sismoloji Merkezinin verilerine g\u00f6re, merkez \u00fcss\u00fc Ciroft il\u00e7esinin Boluk kasabas\u0131 olan 5,1 b\u00fcy\u00fckl\u00fc\u011f\u00fcndeki sars\u0131nt\u0131, yerel saatle 01.00\u2019de kaydedildi. Depremin 8 kilometre derinlikte ger\u00e7ekle\u015fti\u011fi belirlendi. \u0130ran\u2019\u0131n resmi haber ajans\u0131 IRNA, yerel yetkililere dayand\u0131rd\u0131\u011f\u0131 haberinde, b\u00f6lgeye ekiplerin g\u00f6nderildi\u011fini ve \u015fu ana kadar herhangi bir hasar bilgisi<\/p>\n","protected":false},"author":1,"featured_media":83098,"comment_status":"open","ping_status":"open","sticky":false,"template":"","format":"standard","meta":{"footnotes":""},"categories":[86],"tags":[],"class_list":["post-83097","post","type-post","status-publish","format-standard","has-post-thumbnail","hentry","category-turkiye"],"yoast_head":"<!-- This site is optimized with the Yoast SEO plugin v27.5 - https:\/\/yoast.com\/product\/yoast-seo-wordpress\/ -->\n<title>\u0130ran\u2019da 5,1 b\u00fcy\u00fckl\u00fc\u011f\u00fcnde deprem -<\/title>\n<meta name=\"robots\" content=\"index, follow, max-snippet:-1, max-image-preview:large, max-video-preview:-1\" \/>\n<link rel=\"canonical\" href=\"https:\/\/kibrisdakik.com\/?p=83097\" \/>\n<meta property=\"og:locale\" content=\"tr_TR\" \/>\n<meta property=\"og:type\" content=\"article\" \/>\n<meta property=\"og:title\" content=\"\u0130ran\u2019da 5,1 b\u00fcy\u00fckl\u00fc\u011f\u00fcnde deprem -\" \/>\n<meta property=\"og:description\" content=\"\u0130ran\u2019\u0131n g\u00fcneydo\u011fusundaki Kirman eyaletinde 5,1 b\u00fcy\u00fckl\u00fc\u011f\u00fcnde deprem meydana geldi. \u0130ran Ulusal Sismoloji Merkezinin verilerine g\u00f6re, merkez \u00fcss\u00fc Ciroft il\u00e7esinin Boluk kasabas\u0131 olan 5,1 b\u00fcy\u00fckl\u00fc\u011f\u00fcndeki sars\u0131nt\u0131, yerel saatle 01.00\u2019de kaydedildi. Depremin 8 kilometre derinlikte ger\u00e7ekle\u015fti\u011fi belirlendi. \u0130ran\u2019\u0131n resmi haber ajans\u0131 IRNA, yerel yetkililere dayand\u0131rd\u0131\u011f\u0131 haberinde, b\u00f6lgeye ekiplerin g\u00f6nderildi\u011fini ve \u015fu ana kadar herhangi bir hasar bilgisi\" \/>\n<meta property=\"og:url\" content=\"https:\/\/kibrisdakik.com\/?p=83097\" \/>\n<meta property=\"article:published_time\" content=\"2025-05-29T05:07:00+00:00\" \/>\n<meta property=\"og:image\" content=\"https:\/\/kibrisdakik.com\/wp-content\/uploads\/2025\/05\/17397823856802025-03-12-deprem-aa-jpg-1.jpeg\" \/>\n\t<meta property=\"og:image:width\" content=\"740\" \/>\n\t<meta property=\"og:image:height\" content=\"400\" \/>\n\t<meta property=\"og:image:type\" content=\"image\/jpeg\" \/>\n<meta name=\"author\" content=\"admin\" \/>\n<meta name=\"twitter:card\" content=\"summary_large_image\" \/>\n<meta name=\"twitter:label1\" content=\"Yazan:\" \/>\n\t<meta name=\"twitter:data1\" content=\"admin\" \/>\n<script type=\"application\/ld+json\" class=\"yoast-schema-graph\">{\"@context\":\"https:\\\/\\\/schema.org\",\"@graph\":[{\"@type\":\"Article\",\"@id\":\"https:\\\/\\\/kibrisdakik.com\\\/?p=83097#article\",\"isPartOf\":{\"@id\":\"https:\\\/\\\/kibrisdakik.com\\\/?p=83097\"},\"author\":{\"name\":\"admin\",\"@id\":\"https:\\\/\\\/kibrisdakik.com\\\/#\\\/schema\\\/person\\\/9cd9d437bbb44f72b73ba127e06d8e79\"},\"headline\":\"\u0130ran\u2019da 5,1 b\u00fcy\u00fckl\u00fc\u011f\u00fcnde deprem\",\"datePublished\":\"2025-05-29T05:07:00+00:00\",\"mainEntityOfPage\":{\"@id\":\"https:\\\/\\\/kibrisdakik.com\\\/?p=83097\"},\"wordCount\":84,\"commentCount\":0,\"image\":{\"@id\":\"https:\\\/\\\/kibrisdakik.com\\\/?p=83097#primaryimage\"},\"thumbnailUrl\":\"https:\\\/\\\/kibrisdakik.com\\\/wp-content\\\/uploads\\\/2025\\\/05\\\/17397823856802025-03-12-deprem-aa-jpg-1.jpeg\",\"articleSection\":[\"T\u00fcrkiye\"],\"inLanguage\":\"tr\",\"potentialAction\":[{\"@type\":\"CommentAction\",\"name\":\"Comment\",\"target\":[\"https:\\\/\\\/kibrisdakik.com\\\/?p=83097#respond\"]}]},{\"@type\":\"WebPage\",\"@id\":\"https:\\\/\\\/kibrisdakik.com\\\/?p=83097\",\"url\":\"https:\\\/\\\/kibrisdakik.com\\\/?p=83097\",\"name\":\"\u0130ran\u2019da 5,1 b\u00fcy\u00fckl\u00fc\u011f\u00fcnde deprem -\",\"isPartOf\":{\"@id\":\"https:\\\/\\\/kibrisdakik.com\\\/#website\"},\"primaryImageOfPage\":{\"@id\":\"https:\\\/\\\/kibrisdakik.com\\\/?p=83097#primaryimage\"},\"image\":{\"@id\":\"https:\\\/\\\/kibrisdakik.com\\\/?p=83097#primaryimage\"},\"thumbnailUrl\":\"https:\\\/\\\/kibrisdakik.com\\\/wp-content\\\/uploads\\\/2025\\\/05\\\/17397823856802025-03-12-deprem-aa-jpg-1.jpeg\",\"datePublished\":\"2025-05-29T05:07:00+00:00\",\"author\":{\"@id\":\"https:\\\/\\\/kibrisdakik.com\\\/#\\\/schema\\\/person\\\/9cd9d437bbb44f72b73ba127e06d8e79\"},\"breadcrumb\":{\"@id\":\"https:\\\/\\\/kibrisdakik.com\\\/?p=83097#breadcrumb\"},\"inLanguage\":\"tr\",\"potentialAction\":[{\"@type\":\"ReadAction\",\"target\":[\"https:\\\/\\\/kibrisdakik.com\\\/?p=83097\"]}]},{\"@type\":\"ImageObject\",\"inLanguage\":\"tr\",\"@id\":\"https:\\\/\\\/kibrisdakik.com\\\/?p=83097#primaryimage\",\"url\":\"https:\\\/\\\/kibrisdakik.com\\\/wp-content\\\/uploads\\\/2025\\\/05\\\/17397823856802025-03-12-deprem-aa-jpg-1.jpeg\",\"contentUrl\":\"https:\\\/\\\/kibrisdakik.com\\\/wp-content\\\/uploads\\\/2025\\\/05\\\/17397823856802025-03-12-deprem-aa-jpg-1.jpeg\",\"width\":740,\"height\":400},{\"@type\":\"BreadcrumbList\",\"@id\":\"https:\\\/\\\/kibrisdakik.com\\\/?p=83097#breadcrumb\",\"itemListElement\":[{\"@type\":\"ListItem\",\"position\":1,\"name\":\"Home\",\"item\":\"https:\\\/\\\/kibrisdakik.com\\\/\"},{\"@type\":\"ListItem\",\"position\":2,\"name\":\"\u0130ran\u2019da 5,1 b\u00fcy\u00fckl\u00fc\u011f\u00fcnde deprem\"}]},{\"@type\":\"WebSite\",\"@id\":\"https:\\\/\\\/kibrisdakik.com\\\/#website\",\"url\":\"https:\\\/\\\/kibrisdakik.com\\\/\",\"name\":\"\",\"description\":\"Tam vaktinde haber\",\"potentialAction\":[{\"@type\":\"SearchAction\",\"target\":{\"@type\":\"EntryPoint\",\"urlTemplate\":\"https:\\\/\\\/kibrisdakik.com\\\/?s={search_term_string}\"},\"query-input\":{\"@type\":\"PropertyValueSpecification\",\"valueRequired\":true,\"valueName\":\"search_term_string\"}}],\"inLanguage\":\"tr\"},{\"@type\":\"Person\",\"@id\":\"https:\\\/\\\/kibrisdakik.com\\\/#\\\/schema\\\/person\\\/9cd9d437bbb44f72b73ba127e06d8e79\",\"name\":\"admin\",\"image\":{\"@type\":\"ImageObject\",\"inLanguage\":\"tr\",\"@id\":\"https:\\\/\\\/secure.gravatar.com\\\/avatar\\\/ccc17943b9d660506c869530f897617f7cb1c21a4bf30023f252596d83e1f007?s=96&d=mm&r=g\",\"url\":\"https:\\\/\\\/secure.gravatar.com\\\/avatar\\\/ccc17943b9d660506c869530f897617f7cb1c21a4bf30023f252596d83e1f007?s=96&d=mm&r=g\",\"contentUrl\":\"https:\\\/\\\/secure.gravatar.com\\\/avatar\\\/ccc17943b9d660506c869530f897617f7cb1c21a4bf30023f252596d83e1f007?s=96&d=mm&r=g\",\"caption\":\"admin\"},\"sameAs\":[\"https:\\\/\\\/kibrisdakik.com\"],\"url\":\"https:\\\/\\\/kibrisdakik.com\\\/?author=1\"}]}<\/script>\n<!-- \/ Yoast SEO plugin. -->","yoast_head_json":{"title":"\u0130ran\u2019da 5,1 b\u00fcy\u00fckl\u00fc\u011f\u00fcnde deprem -","robots":{"index":"index","follow":"follow","max-snippet":"max-snippet:-1","max-image-preview":"max-image-preview:large","max-video-preview":"max-video-preview:-1"},"canonical":"https:\/\/kibrisdakik.com\/?p=83097","og_locale":"tr_TR","og_type":"article","og_title":"\u0130ran\u2019da 5,1 b\u00fcy\u00fckl\u00fc\u011f\u00fcnde deprem -","og_description":"\u0130ran\u2019\u0131n g\u00fcneydo\u011fusundaki Kirman eyaletinde 5,1 b\u00fcy\u00fckl\u00fc\u011f\u00fcnde deprem meydana geldi. \u0130ran Ulusal Sismoloji Merkezinin verilerine g\u00f6re, merkez \u00fcss\u00fc Ciroft il\u00e7esinin Boluk kasabas\u0131 olan 5,1 b\u00fcy\u00fckl\u00fc\u011f\u00fcndeki sars\u0131nt\u0131, yerel saatle 01.00\u2019de kaydedildi. Depremin 8 kilometre derinlikte ger\u00e7ekle\u015fti\u011fi belirlendi. \u0130ran\u2019\u0131n resmi haber ajans\u0131 IRNA, yerel yetkililere dayand\u0131rd\u0131\u011f\u0131 haberinde, b\u00f6lgeye ekiplerin g\u00f6nderildi\u011fini ve \u015fu ana kadar herhangi bir hasar bilgisi","og_url":"https:\/\/kibrisdakik.com\/?p=83097","article_published_time":"2025-05-29T05:07:00+00:00","og_image":[{"width":740,"height":400,"url":"https:\/\/kibrisdakik.com\/wp-content\/uploads\/2025\/05\/17397823856802025-03-12-deprem-aa-jpg-1.jpeg","type":"image\/jpeg"}],"author":"admin","twitter_card":"summary_large_image","twitter_misc":{"Yazan:":"admin"},"schema":{"@context":"https:\/\/schema.org","@graph":[{"@type":"Article","@id":"https:\/\/kibrisdakik.com\/?p=83097#article","isPartOf":{"@id":"https:\/\/kibrisdakik.com\/?p=83097"},"author":{"name":"admin","@id":"https:\/\/kibrisdakik.com\/#\/schema\/person\/9cd9d437bbb44f72b73ba127e06d8e79"},"headline":"\u0130ran\u2019da 5,1 b\u00fcy\u00fckl\u00fc\u011f\u00fcnde deprem","datePublished":"2025-05-29T05:07:00+00:00","mainEntityOfPage":{"@id":"https:\/\/kibrisdakik.com\/?p=83097"},"wordCount":84,"commentCount":0,"image":{"@id":"https:\/\/kibrisdakik.com\/?p=83097#primaryimage"},"thumbnailUrl":"https:\/\/kibrisdakik.com\/wp-content\/uploads\/2025\/05\/17397823856802025-03-12-deprem-aa-jpg-1.jpeg","articleSection":["T\u00fcrkiye"],"inLanguage":"tr","potentialAction":[{"@type":"CommentAction","name":"Comment","target":["https:\/\/kibrisdakik.com\/?p=83097#respond"]}]},{"@type":"WebPage","@id":"https:\/\/kibrisdakik.com\/?p=83097","url":"https:\/\/kibrisdakik.com\/?p=83097","name":"\u0130ran\u2019da 5,1 b\u00fcy\u00fckl\u00fc\u011f\u00fcnde deprem -","isPartOf":{"@id":"https:\/\/kibrisdakik.com\/#website"},"primaryImageOfPage":{"@id":"https:\/\/kibrisdakik.com\/?p=83097#primaryimage"},"image":{"@id":"https:\/\/kibrisdakik.com\/?p=83097#primaryimage"},"thumbnailUrl":"https:\/\/kibrisdakik.com\/wp-content\/uploads\/2025\/05\/17397823856802025-03-12-deprem-aa-jpg-1.jpeg","datePublished":"2025-05-29T05:07:00+00:00","author":{"@id":"https:\/\/kibrisdakik.com\/#\/schema\/person\/9cd9d437bbb44f72b73ba127e06d8e79"},"breadcrumb":{"@id":"https:\/\/kibrisdakik.com\/?p=83097#breadcrumb"},"inLanguage":"tr","potentialAction":[{"@type":"ReadAction","target":["https:\/\/kibrisdakik.com\/?p=83097"]}]},{"@type":"ImageObject","inLanguage":"tr","@id":"https:\/\/kibrisdakik.com\/?p=83097#primaryimage","url":"https:\/\/kibrisdakik.com\/wp-content\/uploads\/2025\/05\/17397823856802025-03-12-deprem-aa-jpg-1.jpeg","contentUrl":"https:\/\/kibrisdakik.com\/wp-content\/uploads\/2025\/05\/17397823856802025-03-12-deprem-aa-jpg-1.jpeg","width":740,"height":400},{"@type":"BreadcrumbList","@id":"https:\/\/kibrisdakik.com\/?p=83097#breadcrumb","itemListElement":[{"@type":"ListItem","position":1,"name":"Home","item":"https:\/\/kibrisdakik.com\/"},{"@type":"ListItem","position":2,"name":"\u0130ran\u2019da 5,1 b\u00fcy\u00fckl\u00fc\u011f\u00fcnde deprem"}]},{"@type":"WebSite","@id":"https:\/\/kibrisdakik.com\/#website","url":"https:\/\/kibrisdakik.com\/","name":"","description":"Tam vaktinde haber","potentialAction":[{"@type":"SearchAction","target":{"@type":"EntryPoint","urlTemplate":"https:\/\/kibrisdakik.com\/?s={search_term_string}"},"query-input":{"@type":"PropertyValueSpecification","valueRequired":true,"valueName":"search_term_string"}}],"inLanguage":"tr"},{"@type":"Person","@id":"https:\/\/kibrisdakik.com\/#\/schema\/person\/9cd9d437bbb44f72b73ba127e06d8e79","name":"admin","image":{"@type":"ImageObject","inLanguage":"tr","@id":"https:\/\/secure.gravatar.com\/avatar\/ccc17943b9d660506c869530f897617f7cb1c21a4bf30023f252596d83e1f007?s=96&d=mm&r=g","url":"https:\/\/secure.gravatar.com\/avatar\/ccc17943b9d660506c869530f897617f7cb1c21a4bf30023f252596d83e1f007?s=96&d=mm&r=g","contentUrl":"https:\/\/secure.gravatar.com\/avatar\/ccc17943b9d660506c869530f897617f7cb1c21a4bf30023f252596d83e1f007?s=96&d=mm&r=g","caption":"admin"},"sameAs":["https:\/\/kibrisdakik.com"],"url":"https:\/\/kibrisdakik.com\/?author=1"}]}},"_links":{"self":[{"href":"https:\/\/kibrisdakik.com\/index.php?rest_route=\/wp\/v2\/posts\/83097","targetHints":{"allow":["GET"]}}],"collection":[{"href":"https:\/\/kibrisdakik.com\/index.php?rest_route=\/wp\/v2\/posts"}],"about":[{"href":"https:\/\/kibrisdakik.com\/index.php?rest_route=\/wp\/v2\/types\/post"}],"author":[{"embeddable":true,"href":"https:\/\/kibrisdakik.com\/index.php?rest_route=\/wp\/v2\/users\/1"}],"replies":[{"embeddable":true,"href":"https:\/\/kibrisdakik.com\/index.php?rest_route=%2Fwp%2Fv2%2Fcomments&post=83097"}],"version-history":[{"count":0,"href":"https:\/\/kibrisdakik.com\/index.php?rest_route=\/wp\/v2\/posts\/83097\/revisions"}],"wp:featuredmedia":[{"embeddable":true,"href":"https:\/\/kibrisdakik.com\/index.php?rest_route=\/wp\/v2\/media\/83098"}],"wp:attachment":[{"href":"https:\/\/kibrisdakik.com\/index.php?rest_route=%2Fwp%2Fv2%2Fmedia&parent=83097"}],"wp:term":[{"taxonomy":"category","embeddable":true,"href":"https:\/\/kibrisdakik.com\/index.php?rest_route=%2Fwp%2Fv2%2Fcategories&post=83097"},{"taxonomy":"post_tag","embeddable":true,"href":"https:\/\/kibrisdakik.com\/index.php?rest_route=%2Fwp%2Fv2%2Ftags&post=83097"}],"curies":[{"name":"wp","href":"https:\/\/api.w.org\/{rel}","templated":true}]}}