{"id":83109,"date":"2025-05-29T10:10:00","date_gmt":"2025-05-29T07:10:00","guid":{"rendered":"https:\/\/kibrisdakik.com\/index.php\/2025\/05\/29\/kibris-baris-kulturu-merkezi-kuresel-baris-kongresinde-temsil-edildi\/"},"modified":"2025-05-29T10:10:00","modified_gmt":"2025-05-29T07:10:00","slug":"kibris-baris-kulturu-merkezi-kuresel-baris-kongresinde-temsil-edildi","status":"publish","type":"post","link":"https:\/\/kibrisdakik.com\/?p=83109","title":{"rendered":"K\u0131br\u0131s Bar\u0131\u015f K\u00fclt\u00fcr\u00fc Merkezi k\u00fcresel bar\u0131\u015f kongresinde temsil edildi"},"content":{"rendered":"<p><\/p>\n<div>\n<div>\n<p>K\u0131br\u0131s Bar\u0131\u015f K\u00fclt\u00fcr\u00fc Merkezi (CPDC), Amerika Birle\u015fik Devletleri\u2019ndeki Notre Dame \u00dcniversitesi KROC Bar\u0131\u015f Enstit\u00fcs\u00fc taraf\u0131ndan d\u00fczenlenen k\u00fcresel bar\u0131\u015f kongresinde temsil edildi.<\/p>\n<p>Merkezden verilen bilgiye g\u00f6re, \u201cStratejik Bar\u0131\u015f \u0130n\u015fas\u0131 Akademisi 2025\u201d ba\u015fl\u0131kl\u0131 kongreye d\u00fcnyan\u0131n bir\u00e7ok \u00e7at\u0131\u015fmal\u0131 b\u00f6lgesinden yakla\u015f\u0131k 50 uzman kat\u0131larak, bar\u0131\u015f s\u00fcre\u00e7lerinden \u00e7\u0131kar\u0131lan dersleri payla\u015farak, kapsay\u0131c\u0131 ve s\u00fcrd\u00fcr\u00fclebilir bar\u0131\u015f yollar\u0131n\u0131 tart\u0131\u015ft\u0131.<\/p>\n<p>Meltem Onurkan Samani, kat\u0131ld\u0131\u011f\u0131 \u00e7e\u015fitli oturumlarda, CPDC\u2019nin y\u00fcr\u00fctt\u00fc\u011f\u00fc \u00e7al\u0131\u015fmalar hakk\u0131nda bilgi verdi. CPDC\u2019nin eski karar al\u0131c\u0131lar\u0131 ve uzmanlar\u0131 bir araya getiren m\u00fczakere i\u00e7erikleri, yurtta\u015flar\u0131 s\u00fcrece d\u00e2hil eden y\u00f6ntemleri ve \u00f6zellikle OPEK grubu ile medya \u00fczerinden y\u00fcr\u00fctt\u00fc\u011f\u00fc toplum bilgilendirme faaliyetleri payla\u015f\u0131ld\u0131.<\/p>\n<p>Ayr\u0131ca, CPDC\u2019nin d\u00fczenledi\u011fi yurtta\u015f meclisleriyle bar\u0131\u015f s\u00fcrecine dair kapsay\u0131c\u0131 yol haritas\u0131 olu\u015fturma \u00e7abalar\u0131 aktar\u0131ld\u0131.<\/p>\n<p>K\u0131br\u0131s sorununa ili\u015fkin insan haklar\u0131 ihlallerinin belgelenmesi, kar\u015f\u0131l\u0131kl\u0131 ba\u011f\u0131ml\u0131l\u0131\u011f\u0131 te\u015fvik eden ortak ekonomik giri\u015fimler, enerji ve su alanlar\u0131nda s\u00fcrd\u00fcr\u00fclebilirlik komiteleri ile federal k\u00fclt\u00fcr\u00fcn \u00f6\u011fretilmesine y\u00f6nelik e\u011fitim \u00e7al\u0131\u015fmalar\u0131 CPDC\u2019nin bar\u0131\u015fa tabandan katk\u0131lar\u0131n\u0131n \u00f6rnekleri olarak sunuldu.<\/p>\n<p>Konferans boyunca Kuzey \u0130rlanda bar\u0131\u015f s\u00fcrecinden Monica McWilliams ve Maria Angela Holgu\u00edn\u2019in dan\u0131\u015fman\u0131 Francisco Diez gibi isimlerin kat\u0131ld\u0131\u011f\u0131 oturumlarda, toplumsal cinsiyet e\u015fitli\u011fi ile kad\u0131nlar\u0131n s\u00fcre\u00e7lere kat\u0131l\u0131m\u0131n\u0131n \u00f6nemi, arabuluculu\u011fun zorluklar\u0131, bar\u0131\u015f anla\u015fmalar\u0131 sonras\u0131 adalet ve uzla\u015f\u0131 s\u00fcre\u00e7leri, Bosna ve Kuzey \u0130rlanda \u00f6rneklerinden \u00e7\u0131kar\u0131lan dersler de\u011ferlendirildi.<\/p>\n<\/div>\n<\/div>\n<p><script async\n                    defer\n                    crossorigin=\"anonymous\"\n                    src=\"https:\/\/connect.facebook.net\/tr_TR\/sdk.js#xfbml=1&#038;version=v3.3\"\n            ><\/script><script async\n                    defer\n                    crossorigin=\"anonymous\"\n                    src=\"https:\/\/connect.facebook.net\/tr_TR\/sdk.js#xfbml=1&#038;version=v3.3\"\n            ><\/script><script async\n                    defer\n                    crossorigin=\"anonymous\"\n                    src=\"https:\/\/connect.facebook.net\/tr_TR\/sdk.js#xfbml=1&#038;version=v3.3\"\n            ><\/script><script async\n                    defer\n                    crossorigin=\"anonymous\"\n                    src=\"https:\/\/connect.facebook.net\/tr_TR\/sdk.js#xfbml=1&#038;version=v3.3\"\n            ><\/script><\/p>\n","protected":false},"excerpt":{"rendered":"<p>K\u0131br\u0131s Bar\u0131\u015f K\u00fclt\u00fcr\u00fc Merkezi (CPDC), Amerika Birle\u015fik Devletleri\u2019ndeki Notre Dame \u00dcniversitesi KROC Bar\u0131\u015f Enstit\u00fcs\u00fc taraf\u0131ndan d\u00fczenlenen k\u00fcresel bar\u0131\u015f kongresinde temsil edildi. Merkezden verilen bilgiye g\u00f6re, \u201cStratejik Bar\u0131\u015f \u0130n\u015fas\u0131 Akademisi 2025\u201d ba\u015fl\u0131kl\u0131 kongreye d\u00fcnyan\u0131n bir\u00e7ok \u00e7at\u0131\u015fmal\u0131 b\u00f6lgesinden yakla\u015f\u0131k 50 uzman kat\u0131larak, bar\u0131\u015f s\u00fcre\u00e7lerinden \u00e7\u0131kar\u0131lan dersleri payla\u015farak, kapsay\u0131c\u0131 ve s\u00fcrd\u00fcr\u00fclebilir bar\u0131\u015f yollar\u0131n\u0131 tart\u0131\u015ft\u0131. Meltem Onurkan Samani, kat\u0131ld\u0131\u011f\u0131<\/p>\n","protected":false},"author":1,"featured_media":83110,"comment_status":"open","ping_status":"open","sticky":false,"template":"","format":"standard","meta":{"footnotes":""},"categories":[86],"tags":[],"class_list":["post-83109","post","type-post","status-publish","format-standard","has-post-thumbnail","hentry","category-turkiye"],"yoast_head":"<!-- This site is optimized with the Yoast SEO plugin v27.5 - https:\/\/yoast.com\/product\/yoast-seo-wordpress\/ -->\n<title>K\u0131br\u0131s Bar\u0131\u015f K\u00fclt\u00fcr\u00fc Merkezi k\u00fcresel bar\u0131\u015f kongresinde temsil edildi -<\/title>\n<meta name=\"robots\" content=\"index, follow, max-snippet:-1, max-image-preview:large, max-video-preview:-1\" \/>\n<link rel=\"canonical\" href=\"https:\/\/kibrisdakik.com\/?p=83109\" \/>\n<meta property=\"og:locale\" content=\"tr_TR\" \/>\n<meta property=\"og:type\" content=\"article\" \/>\n<meta property=\"og:title\" content=\"K\u0131br\u0131s Bar\u0131\u015f K\u00fclt\u00fcr\u00fc Merkezi k\u00fcresel bar\u0131\u015f kongresinde temsil edildi -\" \/>\n<meta property=\"og:description\" content=\"K\u0131br\u0131s Bar\u0131\u015f K\u00fclt\u00fcr\u00fc Merkezi (CPDC), Amerika Birle\u015fik Devletleri\u2019ndeki Notre Dame \u00dcniversitesi KROC Bar\u0131\u015f Enstit\u00fcs\u00fc taraf\u0131ndan d\u00fczenlenen k\u00fcresel bar\u0131\u015f kongresinde temsil edildi. Merkezden verilen bilgiye g\u00f6re, \u201cStratejik Bar\u0131\u015f \u0130n\u015fas\u0131 Akademisi 2025\u201d ba\u015fl\u0131kl\u0131 kongreye d\u00fcnyan\u0131n bir\u00e7ok \u00e7at\u0131\u015fmal\u0131 b\u00f6lgesinden yakla\u015f\u0131k 50 uzman kat\u0131larak, bar\u0131\u015f s\u00fcre\u00e7lerinden \u00e7\u0131kar\u0131lan dersleri payla\u015farak, kapsay\u0131c\u0131 ve s\u00fcrd\u00fcr\u00fclebilir bar\u0131\u015f yollar\u0131n\u0131 tart\u0131\u015ft\u0131. Meltem Onurkan Samani, kat\u0131ld\u0131\u011f\u0131\" \/>\n<meta property=\"og:url\" content=\"https:\/\/kibrisdakik.com\/?p=83109\" \/>\n<meta property=\"article:published_time\" content=\"2025-05-29T07:10:00+00:00\" \/>\n<meta property=\"og:image\" content=\"https:\/\/kibrisdakik.com\/wp-content\/uploads\/2025\/05\/989899999-1000x600-740x420.jpg\" \/>\n\t<meta property=\"og:image:width\" content=\"1000\" \/>\n\t<meta property=\"og:image:height\" content=\"600\" \/>\n\t<meta property=\"og:image:type\" content=\"image\/jpeg\" \/>\n<meta name=\"author\" content=\"admin\" \/>\n<meta name=\"twitter:card\" content=\"summary_large_image\" \/>\n<meta name=\"twitter:label1\" content=\"Yazan:\" \/>\n\t<meta name=\"twitter:data1\" content=\"admin\" \/>\n\t<meta name=\"twitter:label2\" content=\"Tahmini okuma s\u00fcresi\" \/>\n\t<meta name=\"twitter:data2\" content=\"1 dakika\" \/>\n<script type=\"application\/ld+json\" class=\"yoast-schema-graph\">{\"@context\":\"https:\\\/\\\/schema.org\",\"@graph\":[{\"@type\":\"Article\",\"@id\":\"https:\\\/\\\/kibrisdakik.com\\\/?p=83109#article\",\"isPartOf\":{\"@id\":\"https:\\\/\\\/kibrisdakik.com\\\/?p=83109\"},\"author\":{\"name\":\"admin\",\"@id\":\"https:\\\/\\\/kibrisdakik.com\\\/#\\\/schema\\\/person\\\/9cd9d437bbb44f72b73ba127e06d8e79\"},\"headline\":\"K\u0131br\u0131s Bar\u0131\u015f K\u00fclt\u00fcr\u00fc Merkezi k\u00fcresel bar\u0131\u015f kongresinde temsil edildi\",\"datePublished\":\"2025-05-29T07:10:00+00:00\",\"mainEntityOfPage\":{\"@id\":\"https:\\\/\\\/kibrisdakik.com\\\/?p=83109\"},\"wordCount\":298,\"commentCount\":0,\"image\":{\"@id\":\"https:\\\/\\\/kibrisdakik.com\\\/?p=83109#primaryimage\"},\"thumbnailUrl\":\"https:\\\/\\\/kibrisdakik.com\\\/wp-content\\\/uploads\\\/2025\\\/05\\\/989899999-1000x600-740x420.jpg\",\"articleSection\":[\"T\u00fcrkiye\"],\"inLanguage\":\"tr\",\"potentialAction\":[{\"@type\":\"CommentAction\",\"name\":\"Comment\",\"target\":[\"https:\\\/\\\/kibrisdakik.com\\\/?p=83109#respond\"]}]},{\"@type\":\"WebPage\",\"@id\":\"https:\\\/\\\/kibrisdakik.com\\\/?p=83109\",\"url\":\"https:\\\/\\\/kibrisdakik.com\\\/?p=83109\",\"name\":\"K\u0131br\u0131s Bar\u0131\u015f K\u00fclt\u00fcr\u00fc Merkezi k\u00fcresel bar\u0131\u015f kongresinde temsil edildi -\",\"isPartOf\":{\"@id\":\"https:\\\/\\\/kibrisdakik.com\\\/#website\"},\"primaryImageOfPage\":{\"@id\":\"https:\\\/\\\/kibrisdakik.com\\\/?p=83109#primaryimage\"},\"image\":{\"@id\":\"https:\\\/\\\/kibrisdakik.com\\\/?p=83109#primaryimage\"},\"thumbnailUrl\":\"https:\\\/\\\/kibrisdakik.com\\\/wp-content\\\/uploads\\\/2025\\\/05\\\/989899999-1000x600-740x420.jpg\",\"datePublished\":\"2025-05-29T07:10:00+00:00\",\"author\":{\"@id\":\"https:\\\/\\\/kibrisdakik.com\\\/#\\\/schema\\\/person\\\/9cd9d437bbb44f72b73ba127e06d8e79\"},\"breadcrumb\":{\"@id\":\"https:\\\/\\\/kibrisdakik.com\\\/?p=83109#breadcrumb\"},\"inLanguage\":\"tr\",\"potentialAction\":[{\"@type\":\"ReadAction\",\"target\":[\"https:\\\/\\\/kibrisdakik.com\\\/?p=83109\"]}]},{\"@type\":\"ImageObject\",\"inLanguage\":\"tr\",\"@id\":\"https:\\\/\\\/kibrisdakik.com\\\/?p=83109#primaryimage\",\"url\":\"https:\\\/\\\/kibrisdakik.com\\\/wp-content\\\/uploads\\\/2025\\\/05\\\/989899999-1000x600-740x420.jpg\",\"contentUrl\":\"https:\\\/\\\/kibrisdakik.com\\\/wp-content\\\/uploads\\\/2025\\\/05\\\/989899999-1000x600-740x420.jpg\",\"width\":1000,\"height\":600},{\"@type\":\"BreadcrumbList\",\"@id\":\"https:\\\/\\\/kibrisdakik.com\\\/?p=83109#breadcrumb\",\"itemListElement\":[{\"@type\":\"ListItem\",\"position\":1,\"name\":\"Home\",\"item\":\"https:\\\/\\\/kibrisdakik.com\\\/\"},{\"@type\":\"ListItem\",\"position\":2,\"name\":\"K\u0131br\u0131s Bar\u0131\u015f K\u00fclt\u00fcr\u00fc Merkezi k\u00fcresel bar\u0131\u015f kongresinde temsil edildi\"}]},{\"@type\":\"WebSite\",\"@id\":\"https:\\\/\\\/kibrisdakik.com\\\/#website\",\"url\":\"https:\\\/\\\/kibrisdakik.com\\\/\",\"name\":\"\",\"description\":\"Tam vaktinde haber\",\"potentialAction\":[{\"@type\":\"SearchAction\",\"target\":{\"@type\":\"EntryPoint\",\"urlTemplate\":\"https:\\\/\\\/kibrisdakik.com\\\/?s={search_term_string}\"},\"query-input\":{\"@type\":\"PropertyValueSpecification\",\"valueRequired\":true,\"valueName\":\"search_term_string\"}}],\"inLanguage\":\"tr\"},{\"@type\":\"Person\",\"@id\":\"https:\\\/\\\/kibrisdakik.com\\\/#\\\/schema\\\/person\\\/9cd9d437bbb44f72b73ba127e06d8e79\",\"name\":\"admin\",\"image\":{\"@type\":\"ImageObject\",\"inLanguage\":\"tr\",\"@id\":\"https:\\\/\\\/secure.gravatar.com\\\/avatar\\\/ccc17943b9d660506c869530f897617f7cb1c21a4bf30023f252596d83e1f007?s=96&d=mm&r=g\",\"url\":\"https:\\\/\\\/secure.gravatar.com\\\/avatar\\\/ccc17943b9d660506c869530f897617f7cb1c21a4bf30023f252596d83e1f007?s=96&d=mm&r=g\",\"contentUrl\":\"https:\\\/\\\/secure.gravatar.com\\\/avatar\\\/ccc17943b9d660506c869530f897617f7cb1c21a4bf30023f252596d83e1f007?s=96&d=mm&r=g\",\"caption\":\"admin\"},\"sameAs\":[\"https:\\\/\\\/kibrisdakik.com\"],\"url\":\"https:\\\/\\\/kibrisdakik.com\\\/?author=1\"}]}<\/script>\n<!-- \/ Yoast SEO plugin. -->","yoast_head_json":{"title":"K\u0131br\u0131s Bar\u0131\u015f K\u00fclt\u00fcr\u00fc Merkezi k\u00fcresel bar\u0131\u015f kongresinde temsil edildi -","robots":{"index":"index","follow":"follow","max-snippet":"max-snippet:-1","max-image-preview":"max-image-preview:large","max-video-preview":"max-video-preview:-1"},"canonical":"https:\/\/kibrisdakik.com\/?p=83109","og_locale":"tr_TR","og_type":"article","og_title":"K\u0131br\u0131s Bar\u0131\u015f K\u00fclt\u00fcr\u00fc Merkezi k\u00fcresel bar\u0131\u015f kongresinde temsil edildi -","og_description":"K\u0131br\u0131s Bar\u0131\u015f K\u00fclt\u00fcr\u00fc Merkezi (CPDC), Amerika Birle\u015fik Devletleri\u2019ndeki Notre Dame \u00dcniversitesi KROC Bar\u0131\u015f Enstit\u00fcs\u00fc taraf\u0131ndan d\u00fczenlenen k\u00fcresel bar\u0131\u015f kongresinde temsil edildi. Merkezden verilen bilgiye g\u00f6re, \u201cStratejik Bar\u0131\u015f \u0130n\u015fas\u0131 Akademisi 2025\u201d ba\u015fl\u0131kl\u0131 kongreye d\u00fcnyan\u0131n bir\u00e7ok \u00e7at\u0131\u015fmal\u0131 b\u00f6lgesinden yakla\u015f\u0131k 50 uzman kat\u0131larak, bar\u0131\u015f s\u00fcre\u00e7lerinden \u00e7\u0131kar\u0131lan dersleri payla\u015farak, kapsay\u0131c\u0131 ve s\u00fcrd\u00fcr\u00fclebilir bar\u0131\u015f yollar\u0131n\u0131 tart\u0131\u015ft\u0131. Meltem Onurkan Samani, kat\u0131ld\u0131\u011f\u0131","og_url":"https:\/\/kibrisdakik.com\/?p=83109","article_published_time":"2025-05-29T07:10:00+00:00","og_image":[{"width":1000,"height":600,"url":"https:\/\/kibrisdakik.com\/wp-content\/uploads\/2025\/05\/989899999-1000x600-740x420.jpg","type":"image\/jpeg"}],"author":"admin","twitter_card":"summary_large_image","twitter_misc":{"Yazan:":"admin","Tahmini okuma s\u00fcresi":"1 dakika"},"schema":{"@context":"https:\/\/schema.org","@graph":[{"@type":"Article","@id":"https:\/\/kibrisdakik.com\/?p=83109#article","isPartOf":{"@id":"https:\/\/kibrisdakik.com\/?p=83109"},"author":{"name":"admin","@id":"https:\/\/kibrisdakik.com\/#\/schema\/person\/9cd9d437bbb44f72b73ba127e06d8e79"},"headline":"K\u0131br\u0131s Bar\u0131\u015f K\u00fclt\u00fcr\u00fc Merkezi k\u00fcresel bar\u0131\u015f kongresinde temsil edildi","datePublished":"2025-05-29T07:10:00+00:00","mainEntityOfPage":{"@id":"https:\/\/kibrisdakik.com\/?p=83109"},"wordCount":298,"commentCount":0,"image":{"@id":"https:\/\/kibrisdakik.com\/?p=83109#primaryimage"},"thumbnailUrl":"https:\/\/kibrisdakik.com\/wp-content\/uploads\/2025\/05\/989899999-1000x600-740x420.jpg","articleSection":["T\u00fcrkiye"],"inLanguage":"tr","potentialAction":[{"@type":"CommentAction","name":"Comment","target":["https:\/\/kibrisdakik.com\/?p=83109#respond"]}]},{"@type":"WebPage","@id":"https:\/\/kibrisdakik.com\/?p=83109","url":"https:\/\/kibrisdakik.com\/?p=83109","name":"K\u0131br\u0131s Bar\u0131\u015f K\u00fclt\u00fcr\u00fc Merkezi k\u00fcresel bar\u0131\u015f kongresinde temsil edildi -","isPartOf":{"@id":"https:\/\/kibrisdakik.com\/#website"},"primaryImageOfPage":{"@id":"https:\/\/kibrisdakik.com\/?p=83109#primaryimage"},"image":{"@id":"https:\/\/kibrisdakik.com\/?p=83109#primaryimage"},"thumbnailUrl":"https:\/\/kibrisdakik.com\/wp-content\/uploads\/2025\/05\/989899999-1000x600-740x420.jpg","datePublished":"2025-05-29T07:10:00+00:00","author":{"@id":"https:\/\/kibrisdakik.com\/#\/schema\/person\/9cd9d437bbb44f72b73ba127e06d8e79"},"breadcrumb":{"@id":"https:\/\/kibrisdakik.com\/?p=83109#breadcrumb"},"inLanguage":"tr","potentialAction":[{"@type":"ReadAction","target":["https:\/\/kibrisdakik.com\/?p=83109"]}]},{"@type":"ImageObject","inLanguage":"tr","@id":"https:\/\/kibrisdakik.com\/?p=83109#primaryimage","url":"https:\/\/kibrisdakik.com\/wp-content\/uploads\/2025\/05\/989899999-1000x600-740x420.jpg","contentUrl":"https:\/\/kibrisdakik.com\/wp-content\/uploads\/2025\/05\/989899999-1000x600-740x420.jpg","width":1000,"height":600},{"@type":"BreadcrumbList","@id":"https:\/\/kibrisdakik.com\/?p=83109#breadcrumb","itemListElement":[{"@type":"ListItem","position":1,"name":"Home","item":"https:\/\/kibrisdakik.com\/"},{"@type":"ListItem","position":2,"name":"K\u0131br\u0131s Bar\u0131\u015f K\u00fclt\u00fcr\u00fc Merkezi k\u00fcresel bar\u0131\u015f kongresinde temsil edildi"}]},{"@type":"WebSite","@id":"https:\/\/kibrisdakik.com\/#website","url":"https:\/\/kibrisdakik.com\/","name":"","description":"Tam vaktinde haber","potentialAction":[{"@type":"SearchAction","target":{"@type":"EntryPoint","urlTemplate":"https:\/\/kibrisdakik.com\/?s={search_term_string}"},"query-input":{"@type":"PropertyValueSpecification","valueRequired":true,"valueName":"search_term_string"}}],"inLanguage":"tr"},{"@type":"Person","@id":"https:\/\/kibrisdakik.com\/#\/schema\/person\/9cd9d437bbb44f72b73ba127e06d8e79","name":"admin","image":{"@type":"ImageObject","inLanguage":"tr","@id":"https:\/\/secure.gravatar.com\/avatar\/ccc17943b9d660506c869530f897617f7cb1c21a4bf30023f252596d83e1f007?s=96&d=mm&r=g","url":"https:\/\/secure.gravatar.com\/avatar\/ccc17943b9d660506c869530f897617f7cb1c21a4bf30023f252596d83e1f007?s=96&d=mm&r=g","contentUrl":"https:\/\/secure.gravatar.com\/avatar\/ccc17943b9d660506c869530f897617f7cb1c21a4bf30023f252596d83e1f007?s=96&d=mm&r=g","caption":"admin"},"sameAs":["https:\/\/kibrisdakik.com"],"url":"https:\/\/kibrisdakik.com\/?author=1"}]}},"_links":{"self":[{"href":"https:\/\/kibrisdakik.com\/index.php?rest_route=\/wp\/v2\/posts\/83109","targetHints":{"allow":["GET"]}}],"collection":[{"href":"https:\/\/kibrisdakik.com\/index.php?rest_route=\/wp\/v2\/posts"}],"about":[{"href":"https:\/\/kibrisdakik.com\/index.php?rest_route=\/wp\/v2\/types\/post"}],"author":[{"embeddable":true,"href":"https:\/\/kibrisdakik.com\/index.php?rest_route=\/wp\/v2\/users\/1"}],"replies":[{"embeddable":true,"href":"https:\/\/kibrisdakik.com\/index.php?rest_route=%2Fwp%2Fv2%2Fcomments&post=83109"}],"version-history":[{"count":0,"href":"https:\/\/kibrisdakik.com\/index.php?rest_route=\/wp\/v2\/posts\/83109\/revisions"}],"wp:featuredmedia":[{"embeddable":true,"href":"https:\/\/kibrisdakik.com\/index.php?rest_route=\/wp\/v2\/media\/83110"}],"wp:attachment":[{"href":"https:\/\/kibrisdakik.com\/index.php?rest_route=%2Fwp%2Fv2%2Fmedia&parent=83109"}],"wp:term":[{"taxonomy":"category","embeddable":true,"href":"https:\/\/kibrisdakik.com\/index.php?rest_route=%2Fwp%2Fv2%2Fcategories&post=83109"},{"taxonomy":"post_tag","embeddable":true,"href":"https:\/\/kibrisdakik.com\/index.php?rest_route=%2Fwp%2Fv2%2Ftags&post=83109"}],"curies":[{"name":"wp","href":"https:\/\/api.w.org\/{rel}","templated":true}]}}