{"id":83112,"date":"2025-05-29T11:04:00","date_gmt":"2025-05-29T08:04:00","guid":{"rendered":"https:\/\/kibrisdakik.com\/index.php\/2025\/05\/29\/1-yasatan-adimlar-halk-danslari-soleni-kizilbas-parkinda-yapildi\/"},"modified":"2025-05-29T11:04:00","modified_gmt":"2025-05-29T08:04:00","slug":"1-yasatan-adimlar-halk-danslari-soleni-kizilbas-parkinda-yapildi","status":"publish","type":"post","link":"https:\/\/kibrisdakik.com\/?p=83112","title":{"rendered":"1. \u201cYa\u015fatan Ad\u0131mlar Halk Danslar\u0131 \u015e\u00f6leni\u201d K\u0131z\u0131lba\u015f Park\u0131\u2019nda yap\u0131ld\u0131"},"content":{"rendered":"<p><\/p>\n<div>\n<div class=\"mariselle-image-container center\">\n                                            <\/div>\n<p>Lefko\u015fa Folklor Derne\u011fi (Folk-Der) organizasyonuyla d\u00fczenlenen 1. Ya\u015fatan Ad\u0131mlar Halk Danslar\u0131 \u015e\u00f6leni, ge\u00e7en ak\u015fam K\u0131z\u0131lba\u015f Park\u0131\u2019nda yap\u0131ld\u0131.<\/p>\n<p>Merhum Halil \u00d6zg\u00fcr Uzuner\u2019in an\u0131s\u0131na d\u00fczenlenen \u015f\u00f6len, 30 ya\u015f \u00fcst\u00fc dans\u00e7\u0131lar\u0131n sahne ald\u0131\u011f\u0131 \u00f6zel bir etkinlik olarak halk danslar\u0131 camias\u0131nda bir ilke imza att\u0131. Toplam 200 dans\u00e7\u0131, 9 konuk dernek ve Folk-Der\u2019in iki yeti\u015fkin ekibi \u015f\u00f6len kapsam\u0131nda sahneye \u00e7\u0131kt\u0131.<\/p>\n<div class=\"mariselle-image-container center\">\n                <img loading=\"lazy\" decoding=\"async\" width=\"1600\" height=\"900\" class=\"lazy-image\" alt=\"\" src=\"https:\/\/brtk.net\/wp-content\/uploads\/2025\/05\/29\/WhatsApp-Gorsel-2025-05-29-saat-08.25.33_2f5653cb.jpg?ver=e7182e1260b364762c7103617fd21793\" \/>                            <\/div>\n<p>Folk-Der\u2019den verilen bilgiye g\u00f6re, Lefko\u015fa Belediyesi, \u0130skele Belediyesi, Kooperatif Merkez Bankas\u0131 ve Tomurcuk \u00c7i\u00e7ek Evi\u2019nin katk\u0131lar\u0131yla hayata ge\u00e7irilen \u015f\u00f6len, izleyicilerden tam not ald\u0131.<\/p>\n<div class=\"mariselle-image-container center\">\n                <img loading=\"lazy\" decoding=\"async\" width=\"1600\" height=\"1066\" class=\"lazy-image\" alt=\"\" src=\"https:\/\/brtk.net\/wp-content\/uploads\/2025\/05\/29\/WhatsApp-Gorsel-2025-05-29-saat-08.25.34_ba83d183.jpg?ver=f7086a13a4ef356a440f49d8d72d17f8\" \/>                            <\/div>\n<p>\nFolk-Der Ba\u015fkan\u0131 Hatice K\u0131ray, yapt\u0131\u011f\u0131 konu\u015fmada \u015fu s\u00f6zlere yer verdi:<\/p>\n<p>\u201cHalil \u00d6zg\u00fcr Uzuner\u2019in enerjik, hayat dolu ruhunu bug\u00fcn 200 dans\u00e7\u0131yla birlikte sahnede ya\u015fat\u0131yoruz. Ya\u015fayan ad\u0131mlar, ya\u015fatan y\u00fcrekler oldu\u011fu s\u00fcrece bu k\u00fclt\u00fcr hep ya\u015fayacak.\u201d<\/p>\n<div class=\"mariselle-image-container center\">\n                <img loading=\"lazy\" decoding=\"async\" width=\"1600\" height=\"900\" class=\"lazy-image\" alt=\"\" src=\"https:\/\/brtk.net\/wp-content\/uploads\/2025\/05\/29\/WhatsApp-Gorsel-2025-05-29-saat-08.25.33_6901e160.jpg?ver=2800d15ba9dd80a215754d5b8ef333ac\" \/>                            <\/div>\n<p>K\u0131br\u0131s T\u00fcrk halk danslar\u0131n\u0131n ya\u015fat\u0131lmas\u0131 ve gelecek ku\u015faklara aktar\u0131lmas\u0131 amac\u0131yla d\u00fczenlenen anlaml\u0131 \u015f\u00f6len, izleyenlere hem duygusal hem k\u00fclt\u00fcrel bir gece ya\u015fatt\u0131.<\/p>\n<div class=\"mariselle-image-container center\">\n                <img decoding=\"async\" loading=\"lazy\" width=\"1600\" height=\"1066\" class=\"lazy-image\" alt=\"\" src=\"https:\/\/brtk.net\/wp-content\/uploads\/2025\/05\/29\/WhatsApp-Gorsel-2025-05-29-saat-08.25.35_5d888153.jpg?ver=026c58f245f3fdded75d68d6522e71d7\" \/>                            <\/div>\n<\/p>\n<\/div>\n","protected":false},"excerpt":{"rendered":"<p>Lefko\u015fa Folklor Derne\u011fi (Folk-Der) organizasyonuyla d\u00fczenlenen 1. Ya\u015fatan Ad\u0131mlar Halk Danslar\u0131 \u015e\u00f6leni, ge\u00e7en ak\u015fam K\u0131z\u0131lba\u015f Park\u0131\u2019nda yap\u0131ld\u0131. Merhum Halil \u00d6zg\u00fcr Uzuner\u2019in an\u0131s\u0131na d\u00fczenlenen \u015f\u00f6len, 30 ya\u015f \u00fcst\u00fc dans\u00e7\u0131lar\u0131n sahne ald\u0131\u011f\u0131 \u00f6zel bir etkinlik olarak halk danslar\u0131 camias\u0131nda bir ilke imza att\u0131. Toplam 200 dans\u00e7\u0131, 9 konuk dernek ve Folk-Der\u2019in iki yeti\u015fkin ekibi \u015f\u00f6len kapsam\u0131nda sahneye<\/p>\n","protected":false},"author":1,"featured_media":83113,"comment_status":"open","ping_status":"open","sticky":false,"template":"","format":"standard","meta":{"footnotes":""},"categories":[86],"tags":[],"class_list":["post-83112","post","type-post","status-publish","format-standard","has-post-thumbnail","hentry","category-turkiye"],"yoast_head":"<!-- This site is optimized with the Yoast SEO plugin v27.5 - https:\/\/yoast.com\/product\/yoast-seo-wordpress\/ -->\n<title>1. \u201cYa\u015fatan Ad\u0131mlar Halk Danslar\u0131 \u015e\u00f6leni\u201d K\u0131z\u0131lba\u015f Park\u0131\u2019nda yap\u0131ld\u0131 -<\/title>\n<meta name=\"robots\" content=\"index, follow, max-snippet:-1, max-image-preview:large, max-video-preview:-1\" \/>\n<link rel=\"canonical\" href=\"https:\/\/kibrisdakik.com\/?p=83112\" \/>\n<meta property=\"og:locale\" content=\"tr_TR\" \/>\n<meta property=\"og:type\" content=\"article\" \/>\n<meta property=\"og:title\" content=\"1. \u201cYa\u015fatan Ad\u0131mlar Halk Danslar\u0131 \u015e\u00f6leni\u201d K\u0131z\u0131lba\u015f Park\u0131\u2019nda yap\u0131ld\u0131 -\" \/>\n<meta property=\"og:description\" content=\"Lefko\u015fa Folklor Derne\u011fi (Folk-Der) organizasyonuyla d\u00fczenlenen 1. Ya\u015fatan Ad\u0131mlar Halk Danslar\u0131 \u015e\u00f6leni, ge\u00e7en ak\u015fam K\u0131z\u0131lba\u015f Park\u0131\u2019nda yap\u0131ld\u0131. Merhum Halil \u00d6zg\u00fcr Uzuner\u2019in an\u0131s\u0131na d\u00fczenlenen \u015f\u00f6len, 30 ya\u015f \u00fcst\u00fc dans\u00e7\u0131lar\u0131n sahne ald\u0131\u011f\u0131 \u00f6zel bir etkinlik olarak halk danslar\u0131 camias\u0131nda bir ilke imza att\u0131. Toplam 200 dans\u00e7\u0131, 9 konuk dernek ve Folk-Der\u2019in iki yeti\u015fkin ekibi \u015f\u00f6len kapsam\u0131nda sahneye\" \/>\n<meta property=\"og:url\" content=\"https:\/\/kibrisdakik.com\/?p=83112\" \/>\n<meta property=\"article:published_time\" content=\"2025-05-29T08:04:00+00:00\" \/>\n<meta property=\"og:image\" content=\"https:\/\/kibrisdakik.com\/wp-content\/uploads\/2025\/05\/1748503916895FOLK-DER2-1000x600-740x420.jpeg\" \/>\n\t<meta property=\"og:image:width\" content=\"1000\" \/>\n\t<meta property=\"og:image:height\" content=\"600\" \/>\n\t<meta property=\"og:image:type\" content=\"image\/jpeg\" \/>\n<meta name=\"author\" content=\"admin\" \/>\n<meta name=\"twitter:card\" content=\"summary_large_image\" \/>\n<meta name=\"twitter:label1\" content=\"Yazan:\" \/>\n\t<meta name=\"twitter:data1\" content=\"admin\" \/>\n\t<meta name=\"twitter:label2\" content=\"Tahmini okuma s\u00fcresi\" \/>\n\t<meta name=\"twitter:data2\" content=\"1 dakika\" \/>\n<script type=\"application\/ld+json\" class=\"yoast-schema-graph\">{\"@context\":\"https:\\\/\\\/schema.org\",\"@graph\":[{\"@type\":\"Article\",\"@id\":\"https:\\\/\\\/kibrisdakik.com\\\/?p=83112#article\",\"isPartOf\":{\"@id\":\"https:\\\/\\\/kibrisdakik.com\\\/?p=83112\"},\"author\":{\"name\":\"admin\",\"@id\":\"https:\\\/\\\/kibrisdakik.com\\\/#\\\/schema\\\/person\\\/9cd9d437bbb44f72b73ba127e06d8e79\"},\"headline\":\"1. \u201cYa\u015fatan Ad\u0131mlar Halk Danslar\u0131 \u015e\u00f6leni\u201d K\u0131z\u0131lba\u015f Park\u0131\u2019nda yap\u0131ld\u0131\",\"datePublished\":\"2025-05-29T08:04:00+00:00\",\"mainEntityOfPage\":{\"@id\":\"https:\\\/\\\/kibrisdakik.com\\\/?p=83112\"},\"wordCount\":205,\"commentCount\":0,\"image\":{\"@id\":\"https:\\\/\\\/kibrisdakik.com\\\/?p=83112#primaryimage\"},\"thumbnailUrl\":\"https:\\\/\\\/kibrisdakik.com\\\/wp-content\\\/uploads\\\/2025\\\/05\\\/1748503916895FOLK-DER2-1000x600-740x420.jpeg\",\"articleSection\":[\"T\u00fcrkiye\"],\"inLanguage\":\"tr\",\"potentialAction\":[{\"@type\":\"CommentAction\",\"name\":\"Comment\",\"target\":[\"https:\\\/\\\/kibrisdakik.com\\\/?p=83112#respond\"]}]},{\"@type\":\"WebPage\",\"@id\":\"https:\\\/\\\/kibrisdakik.com\\\/?p=83112\",\"url\":\"https:\\\/\\\/kibrisdakik.com\\\/?p=83112\",\"name\":\"1. \u201cYa\u015fatan Ad\u0131mlar Halk Danslar\u0131 \u015e\u00f6leni\u201d K\u0131z\u0131lba\u015f Park\u0131\u2019nda yap\u0131ld\u0131 -\",\"isPartOf\":{\"@id\":\"https:\\\/\\\/kibrisdakik.com\\\/#website\"},\"primaryImageOfPage\":{\"@id\":\"https:\\\/\\\/kibrisdakik.com\\\/?p=83112#primaryimage\"},\"image\":{\"@id\":\"https:\\\/\\\/kibrisdakik.com\\\/?p=83112#primaryimage\"},\"thumbnailUrl\":\"https:\\\/\\\/kibrisdakik.com\\\/wp-content\\\/uploads\\\/2025\\\/05\\\/1748503916895FOLK-DER2-1000x600-740x420.jpeg\",\"datePublished\":\"2025-05-29T08:04:00+00:00\",\"author\":{\"@id\":\"https:\\\/\\\/kibrisdakik.com\\\/#\\\/schema\\\/person\\\/9cd9d437bbb44f72b73ba127e06d8e79\"},\"breadcrumb\":{\"@id\":\"https:\\\/\\\/kibrisdakik.com\\\/?p=83112#breadcrumb\"},\"inLanguage\":\"tr\",\"potentialAction\":[{\"@type\":\"ReadAction\",\"target\":[\"https:\\\/\\\/kibrisdakik.com\\\/?p=83112\"]}]},{\"@type\":\"ImageObject\",\"inLanguage\":\"tr\",\"@id\":\"https:\\\/\\\/kibrisdakik.com\\\/?p=83112#primaryimage\",\"url\":\"https:\\\/\\\/kibrisdakik.com\\\/wp-content\\\/uploads\\\/2025\\\/05\\\/1748503916895FOLK-DER2-1000x600-740x420.jpeg\",\"contentUrl\":\"https:\\\/\\\/kibrisdakik.com\\\/wp-content\\\/uploads\\\/2025\\\/05\\\/1748503916895FOLK-DER2-1000x600-740x420.jpeg\",\"width\":1000,\"height\":600},{\"@type\":\"BreadcrumbList\",\"@id\":\"https:\\\/\\\/kibrisdakik.com\\\/?p=83112#breadcrumb\",\"itemListElement\":[{\"@type\":\"ListItem\",\"position\":1,\"name\":\"Home\",\"item\":\"https:\\\/\\\/kibrisdakik.com\\\/\"},{\"@type\":\"ListItem\",\"position\":2,\"name\":\"1. \u201cYa\u015fatan Ad\u0131mlar Halk Danslar\u0131 \u015e\u00f6leni\u201d K\u0131z\u0131lba\u015f Park\u0131\u2019nda yap\u0131ld\u0131\"}]},{\"@type\":\"WebSite\",\"@id\":\"https:\\\/\\\/kibrisdakik.com\\\/#website\",\"url\":\"https:\\\/\\\/kibrisdakik.com\\\/\",\"name\":\"\",\"description\":\"Tam vaktinde haber\",\"potentialAction\":[{\"@type\":\"SearchAction\",\"target\":{\"@type\":\"EntryPoint\",\"urlTemplate\":\"https:\\\/\\\/kibrisdakik.com\\\/?s={search_term_string}\"},\"query-input\":{\"@type\":\"PropertyValueSpecification\",\"valueRequired\":true,\"valueName\":\"search_term_string\"}}],\"inLanguage\":\"tr\"},{\"@type\":\"Person\",\"@id\":\"https:\\\/\\\/kibrisdakik.com\\\/#\\\/schema\\\/person\\\/9cd9d437bbb44f72b73ba127e06d8e79\",\"name\":\"admin\",\"image\":{\"@type\":\"ImageObject\",\"inLanguage\":\"tr\",\"@id\":\"https:\\\/\\\/secure.gravatar.com\\\/avatar\\\/ccc17943b9d660506c869530f897617f7cb1c21a4bf30023f252596d83e1f007?s=96&d=mm&r=g\",\"url\":\"https:\\\/\\\/secure.gravatar.com\\\/avatar\\\/ccc17943b9d660506c869530f897617f7cb1c21a4bf30023f252596d83e1f007?s=96&d=mm&r=g\",\"contentUrl\":\"https:\\\/\\\/secure.gravatar.com\\\/avatar\\\/ccc17943b9d660506c869530f897617f7cb1c21a4bf30023f252596d83e1f007?s=96&d=mm&r=g\",\"caption\":\"admin\"},\"sameAs\":[\"https:\\\/\\\/kibrisdakik.com\"],\"url\":\"https:\\\/\\\/kibrisdakik.com\\\/?author=1\"}]}<\/script>\n<!-- \/ Yoast SEO plugin. -->","yoast_head_json":{"title":"1. \u201cYa\u015fatan Ad\u0131mlar Halk Danslar\u0131 \u015e\u00f6leni\u201d K\u0131z\u0131lba\u015f Park\u0131\u2019nda yap\u0131ld\u0131 -","robots":{"index":"index","follow":"follow","max-snippet":"max-snippet:-1","max-image-preview":"max-image-preview:large","max-video-preview":"max-video-preview:-1"},"canonical":"https:\/\/kibrisdakik.com\/?p=83112","og_locale":"tr_TR","og_type":"article","og_title":"1. \u201cYa\u015fatan Ad\u0131mlar Halk Danslar\u0131 \u015e\u00f6leni\u201d K\u0131z\u0131lba\u015f Park\u0131\u2019nda yap\u0131ld\u0131 -","og_description":"Lefko\u015fa Folklor Derne\u011fi (Folk-Der) organizasyonuyla d\u00fczenlenen 1. Ya\u015fatan Ad\u0131mlar Halk Danslar\u0131 \u015e\u00f6leni, ge\u00e7en ak\u015fam K\u0131z\u0131lba\u015f Park\u0131\u2019nda yap\u0131ld\u0131. Merhum Halil \u00d6zg\u00fcr Uzuner\u2019in an\u0131s\u0131na d\u00fczenlenen \u015f\u00f6len, 30 ya\u015f \u00fcst\u00fc dans\u00e7\u0131lar\u0131n sahne ald\u0131\u011f\u0131 \u00f6zel bir etkinlik olarak halk danslar\u0131 camias\u0131nda bir ilke imza att\u0131. Toplam 200 dans\u00e7\u0131, 9 konuk dernek ve Folk-Der\u2019in iki yeti\u015fkin ekibi \u015f\u00f6len kapsam\u0131nda sahneye","og_url":"https:\/\/kibrisdakik.com\/?p=83112","article_published_time":"2025-05-29T08:04:00+00:00","og_image":[{"width":1000,"height":600,"url":"https:\/\/kibrisdakik.com\/wp-content\/uploads\/2025\/05\/1748503916895FOLK-DER2-1000x600-740x420.jpeg","type":"image\/jpeg"}],"author":"admin","twitter_card":"summary_large_image","twitter_misc":{"Yazan:":"admin","Tahmini okuma s\u00fcresi":"1 dakika"},"schema":{"@context":"https:\/\/schema.org","@graph":[{"@type":"Article","@id":"https:\/\/kibrisdakik.com\/?p=83112#article","isPartOf":{"@id":"https:\/\/kibrisdakik.com\/?p=83112"},"author":{"name":"admin","@id":"https:\/\/kibrisdakik.com\/#\/schema\/person\/9cd9d437bbb44f72b73ba127e06d8e79"},"headline":"1. \u201cYa\u015fatan Ad\u0131mlar Halk Danslar\u0131 \u015e\u00f6leni\u201d K\u0131z\u0131lba\u015f Park\u0131\u2019nda yap\u0131ld\u0131","datePublished":"2025-05-29T08:04:00+00:00","mainEntityOfPage":{"@id":"https:\/\/kibrisdakik.com\/?p=83112"},"wordCount":205,"commentCount":0,"image":{"@id":"https:\/\/kibrisdakik.com\/?p=83112#primaryimage"},"thumbnailUrl":"https:\/\/kibrisdakik.com\/wp-content\/uploads\/2025\/05\/1748503916895FOLK-DER2-1000x600-740x420.jpeg","articleSection":["T\u00fcrkiye"],"inLanguage":"tr","potentialAction":[{"@type":"CommentAction","name":"Comment","target":["https:\/\/kibrisdakik.com\/?p=83112#respond"]}]},{"@type":"WebPage","@id":"https:\/\/kibrisdakik.com\/?p=83112","url":"https:\/\/kibrisdakik.com\/?p=83112","name":"1. \u201cYa\u015fatan Ad\u0131mlar Halk Danslar\u0131 \u015e\u00f6leni\u201d K\u0131z\u0131lba\u015f Park\u0131\u2019nda yap\u0131ld\u0131 -","isPartOf":{"@id":"https:\/\/kibrisdakik.com\/#website"},"primaryImageOfPage":{"@id":"https:\/\/kibrisdakik.com\/?p=83112#primaryimage"},"image":{"@id":"https:\/\/kibrisdakik.com\/?p=83112#primaryimage"},"thumbnailUrl":"https:\/\/kibrisdakik.com\/wp-content\/uploads\/2025\/05\/1748503916895FOLK-DER2-1000x600-740x420.jpeg","datePublished":"2025-05-29T08:04:00+00:00","author":{"@id":"https:\/\/kibrisdakik.com\/#\/schema\/person\/9cd9d437bbb44f72b73ba127e06d8e79"},"breadcrumb":{"@id":"https:\/\/kibrisdakik.com\/?p=83112#breadcrumb"},"inLanguage":"tr","potentialAction":[{"@type":"ReadAction","target":["https:\/\/kibrisdakik.com\/?p=83112"]}]},{"@type":"ImageObject","inLanguage":"tr","@id":"https:\/\/kibrisdakik.com\/?p=83112#primaryimage","url":"https:\/\/kibrisdakik.com\/wp-content\/uploads\/2025\/05\/1748503916895FOLK-DER2-1000x600-740x420.jpeg","contentUrl":"https:\/\/kibrisdakik.com\/wp-content\/uploads\/2025\/05\/1748503916895FOLK-DER2-1000x600-740x420.jpeg","width":1000,"height":600},{"@type":"BreadcrumbList","@id":"https:\/\/kibrisdakik.com\/?p=83112#breadcrumb","itemListElement":[{"@type":"ListItem","position":1,"name":"Home","item":"https:\/\/kibrisdakik.com\/"},{"@type":"ListItem","position":2,"name":"1. \u201cYa\u015fatan Ad\u0131mlar Halk Danslar\u0131 \u015e\u00f6leni\u201d K\u0131z\u0131lba\u015f Park\u0131\u2019nda yap\u0131ld\u0131"}]},{"@type":"WebSite","@id":"https:\/\/kibrisdakik.com\/#website","url":"https:\/\/kibrisdakik.com\/","name":"","description":"Tam vaktinde haber","potentialAction":[{"@type":"SearchAction","target":{"@type":"EntryPoint","urlTemplate":"https:\/\/kibrisdakik.com\/?s={search_term_string}"},"query-input":{"@type":"PropertyValueSpecification","valueRequired":true,"valueName":"search_term_string"}}],"inLanguage":"tr"},{"@type":"Person","@id":"https:\/\/kibrisdakik.com\/#\/schema\/person\/9cd9d437bbb44f72b73ba127e06d8e79","name":"admin","image":{"@type":"ImageObject","inLanguage":"tr","@id":"https:\/\/secure.gravatar.com\/avatar\/ccc17943b9d660506c869530f897617f7cb1c21a4bf30023f252596d83e1f007?s=96&d=mm&r=g","url":"https:\/\/secure.gravatar.com\/avatar\/ccc17943b9d660506c869530f897617f7cb1c21a4bf30023f252596d83e1f007?s=96&d=mm&r=g","contentUrl":"https:\/\/secure.gravatar.com\/avatar\/ccc17943b9d660506c869530f897617f7cb1c21a4bf30023f252596d83e1f007?s=96&d=mm&r=g","caption":"admin"},"sameAs":["https:\/\/kibrisdakik.com"],"url":"https:\/\/kibrisdakik.com\/?author=1"}]}},"_links":{"self":[{"href":"https:\/\/kibrisdakik.com\/index.php?rest_route=\/wp\/v2\/posts\/83112","targetHints":{"allow":["GET"]}}],"collection":[{"href":"https:\/\/kibrisdakik.com\/index.php?rest_route=\/wp\/v2\/posts"}],"about":[{"href":"https:\/\/kibrisdakik.com\/index.php?rest_route=\/wp\/v2\/types\/post"}],"author":[{"embeddable":true,"href":"https:\/\/kibrisdakik.com\/index.php?rest_route=\/wp\/v2\/users\/1"}],"replies":[{"embeddable":true,"href":"https:\/\/kibrisdakik.com\/index.php?rest_route=%2Fwp%2Fv2%2Fcomments&post=83112"}],"version-history":[{"count":0,"href":"https:\/\/kibrisdakik.com\/index.php?rest_route=\/wp\/v2\/posts\/83112\/revisions"}],"wp:featuredmedia":[{"embeddable":true,"href":"https:\/\/kibrisdakik.com\/index.php?rest_route=\/wp\/v2\/media\/83113"}],"wp:attachment":[{"href":"https:\/\/kibrisdakik.com\/index.php?rest_route=%2Fwp%2Fv2%2Fmedia&parent=83112"}],"wp:term":[{"taxonomy":"category","embeddable":true,"href":"https:\/\/kibrisdakik.com\/index.php?rest_route=%2Fwp%2Fv2%2Fcategories&post=83112"},{"taxonomy":"post_tag","embeddable":true,"href":"https:\/\/kibrisdakik.com\/index.php?rest_route=%2Fwp%2Fv2%2Ftags&post=83112"}],"curies":[{"name":"wp","href":"https:\/\/api.w.org\/{rel}","templated":true}]}}