{"id":8320,"date":"2023-06-06T11:00:01","date_gmt":"2023-06-06T11:00:01","guid":{"rendered":"https:\/\/kibrisdakik.com\/index.php\/2023\/06\/06\/isias-otel-felaketinde-4-ay-dolduyargilama-safhasinin-yil-sonu-veya-yilbasi-baslamasi-ongoruluyor\/"},"modified":"2023-06-06T11:00:01","modified_gmt":"2023-06-06T11:00:01","slug":"isias-otel-felaketinde-4-ay-dolduyargilama-safhasinin-yil-sonu-veya-yilbasi-baslamasi-ongoruluyor","status":"publish","type":"post","link":"https:\/\/kibrisdakik.com\/?p=8320","title":{"rendered":"\u0130sias Otel felaketinde 4 ay doldu\u2026Yarg\u0131lama safhas\u0131n\u0131n y\u0131l sonu veya y\u0131lba\u015f\u0131 ba\u015flamas\u0131 \u00f6ng\u00f6r\u00fcl\u00fcyor"},"content":{"rendered":"<p><\/p>\n<div>\n<div class=\"mariselle-image-container center\">\n                <img width=\"1024\" height=\"548\" class=\"lazy-image\" alt=\"\" decoding=\"async\" loading=\"lazy\" sizes=\"auto, (max-width: 1024px) 100vw, 1024px\" src=\"https:\/\/brtk.net\/wp-content\/uploads\/2023\/02\/17\/isias-hotel.jpg?ver=cdd1b6f8fe92434b9995c995962b01d9\" srcset=\"https:\/\/brtk.net\/wp-content\/uploads\/2023\/02\/17\/isias-hotel.jpg?ver=cdd1b6f8fe92434b9995c995962b01d9 1024w, https:\/\/brtk.net\/wp-content\/uploads\/2023\/02\/17\/isias-hotel-300x161.jpg?ver=cdd1b6f8fe92434b9995c995962b01d9 300w, https:\/\/brtk.net\/wp-content\/uploads\/2023\/02\/17\/isias-hotel-768x411.jpg?ver=cdd1b6f8fe92434b9995c995962b01d9 768w\"\/>                            <\/div>\n<p>K\u0131br\u0131s T\u00fcrk Barolar Birli\u011fi Ba\u015fkan\u0131 Avukat Hasan Esenda\u011fl\u0131, 6 \u015eubat\u2019ta meydana gelen depremlerde Ad\u0131yaman\u2019daki \u0130sias Otel\u2019de hayat\u0131n\u0131 kaybedenlerle ilgili sorumlulu\u011fu tespit edilenlerin en a\u011f\u0131r ithamla yarg\u0131lanmalar\u0131 noktas\u0131nda hukuki haz\u0131rl\u0131klar\u0131n s\u00fcrd\u00fc\u011f\u00fcn\u00fc; davada yarg\u0131lama safhas\u0131n\u0131n bu y\u0131l sonu veya y\u0131lba\u015f\u0131 ba\u015flamas\u0131n\u0131n \u00f6ng\u00f6r\u00fcld\u00fc\u011f\u00fcn\u00fc bildirdi.<\/p>\n<p>Esenda\u011fl\u0131, hayat\u0131n\u0131 kaybedenlerin ailelerini temsilen 12 avukat\u0131n fiilen takip etti\u011fi davada, sorumlulu\u011fu tespit edilenlerin sorumluluklar\u0131na ba\u011fl\u0131 olarak her bir \u00f6l\u00fcm i\u00e7in ayr\u0131 ayr\u0131 ceza alma olas\u0131l\u0131klar\u0131n\u0131n mevcut oldu\u011funu, bunun i\u00e7in iddianame ortaya \u00e7\u0131kt\u0131\u011f\u0131nda hangi su\u00e7la itham edileceklerinin hayati \u00f6nem arz etti\u011fini kaydetti.<\/p>\n<p>K\u0131br\u0131s T\u00fcrk Barolar Birli\u011fi Ba\u015fkan\u0131 Avukat Hasan Esenda\u011fl\u0131, T\u00fcrk Ajans\u0131 K\u0131br\u0131s (TAK) muhabirine \u0130sias Otel soru\u015fturmas\u0131na ili\u015fkin bilgi verdi.<\/p>\n<p>-6 san\u0131ktan 5\u2019i tutuklu, biri adli kontrolde<\/p>\n<p>Dosya kapsam\u0131nda \u015fu ana kadar 6 san\u0131k oldu\u011funu aktararak Esenda\u011fl\u0131, bunlardan 5\u2019inin tutuklu, 1\u2019inin ise adli kontrolde oldu\u011funu belirtti. Esenda\u011fl\u0131, \u201c5 tutuklunun 3\u2019\u00fc otelin sahibi\/i\u015fletmecisi pozisyonunda olan Bozkurt ailesine mensup, 2 tanesi de fenni mesul yani m\u00fchendis. Son olarak hakk\u0131nda yakalama karar\u0131 \u00e7\u0131kar\u0131lan ba\u015fka bir fenni mesul adli kontrolle serbest b\u0131rak\u0131ld\u0131\u201d dedi.<\/p>\n<p>-\u201cAdli kontrolle serbest b\u0131rak\u0131lan ki\u015fi de san\u0131k pozisyonundad\u0131r, yarg\u0131lanacakt\u0131r\u201d<\/p>\n<p>Adli kontrolle serbest b\u0131rak\u0131lan ki\u015fi ile ilgili de konu\u015fan Esenda\u011fl\u0131, \u201cBu ki\u015fi ile ilgili savc\u0131l\u0131k taraf\u0131ndan tutuklama talep edilmemi\u015f, adli kontrol talebi yap\u0131lm\u0131\u015f. Gerek\u00e7esinde ya\u015f\u0131na vurgu yap\u0131l\u0131yor. 74 ya\u015f\u0131nda bir ki\u015fi oldu\u011fu bilgimizdedir. Bir de konu ile ilgili faaliyetlerinin 1993 y\u0131l\u0131na, in\u015faat\u0131n 7 katl\u0131 karkas oldu\u011fu d\u00f6neme ili\u015fkin bir bilgi var. Anlad\u0131\u011f\u0131m kadar\u0131yla bunlar dikkate al\u0131narak hakk\u0131nda tutuklama talep edilmedi, adli kontrolle serbest b\u0131rak\u0131ld\u0131. Tabii adli kontrol\u00fcn uygulan\u0131yor olmas\u0131 onu bir zanl\u0131 bir san\u0131k pozisyonuna getiriyor. Bu da gene yarg\u0131lanaca\u011f\u0131n\u0131 ortaya koyuyor. Sadece yarg\u0131lamay\u0131 \u015fu an itibar\u0131yla tutuklu olarak beklemedi\u011fi gibi bir durum s\u00f6z konusu\u201d diye konu\u015ftu.<\/p>\n<p>Dava ile ilgili serbest kalan tek ki\u015finin 74 ya\u015f\u0131nda oldu\u011fu belirtilen bir ki\u015fi oldu\u011funu, di\u011fer 5 ki\u015finin tutuklu olarak cezaevinde bulundu\u011funu yineleyen Barolar Birli\u011fi Ba\u015fkan\u0131 Hasan Esenda\u011fl\u0131, \u201cHangi cezaevinde olduklar\u0131 bilgisi de bizde mevcuttur. T\u00fcrkiye\u2019deki mevzuata g\u00f6re belli periyotlarda tekrar Sulh Ceza Hakimli\u011fi\u2019ne \u00e7\u0131kar\u0131l\u0131p tutukluluklar\u0131n\u0131n devam\u0131 talep ediliyor. Her defas\u0131nda, rutin olarak hem bu tutukluluk talebine itiraz ediyorlar hem de verilen tutukluluk karar\u0131n\u0131 \u00fcst mahkemede itiraz konusu yap\u0131yorlar. Ama onlar\u0131n tutukluluklar\u0131 \u015fu ana kadar m\u00fctemadi olarak uzat\u0131lm\u0131\u015f durumda ve tutukluluk halleri devam ediyor\u201d ifadelerini kulland\u0131.<\/p>\n<div class=\"mariselle-image-container center\">\n                <img width=\"1654\" height=\"1104\" class=\"lazy-image\" alt=\"\" decoding=\"async\" loading=\"lazy\" sizes=\"auto, (max-width: 1654px) 100vw, 1654px\" src=\"https:\/\/brtk.net\/wp-content\/uploads\/2023\/06\/06\/filiz-hasan-esendagli-roportaj-1-ero-3-.jpg?ver=2471a630efada7373865088e428a8d49\" srcset=\"https:\/\/brtk.net\/wp-content\/uploads\/2023\/06\/06\/filiz-hasan-esendagli-roportaj-1-ero-3-.jpg?ver=2471a630efada7373865088e428a8d49 1654w, https:\/\/brtk.net\/wp-content\/uploads\/2023\/06\/06\/filiz-hasan-esendagli-roportaj-1-ero-3--300x200.jpg?ver=2471a630efada7373865088e428a8d49 300w, https:\/\/brtk.net\/wp-content\/uploads\/2023\/06\/06\/filiz-hasan-esendagli-roportaj-1-ero-3--1024x683.jpg?ver=c2500ae86788a1efccad90c61d5c3610 1024w, https:\/\/brtk.net\/wp-content\/uploads\/2023\/06\/06\/filiz-hasan-esendagli-roportaj-1-ero-3--768x513.jpg?ver=c2500ae86788a1efccad90c61d5c3610 768w, https:\/\/brtk.net\/wp-content\/uploads\/2023\/06\/06\/filiz-hasan-esendagli-roportaj-1-ero-3--1536x1025.jpg?ver=8ff85bf4a4f77fcbce12de9363119b63 1536w\"\/>                            <\/div>\n<p>-\u201c \u0130n\u015faat M\u00fchendisleri Odas\u0131 Ba\u015fkan ve \u00fcyelerinin haz\u0131rlad\u0131\u011f\u0131 rapor dosyan\u0131n resmi bir par\u00e7as\u0131 haline gelecek\u201d<\/p>\n<p>Esenda\u011fl\u0131, depremin ard\u0131ndan, K\u0131br\u0131s T\u00fcrk M\u00fchendis ve Mimar Odalar\u0131 Birli\u011fi\u2019ne ba\u011fl\u0131 \u0130n\u015faat M\u00fchendisleri Odas\u0131 Ba\u015fkan ve \u00fcyelerinin enkaz kald\u0131r\u0131lmadan olay yerine giderek \u0130sias Otel\u2019den numune ald\u0131klar\u0131n\u0131 ve Karot testi (yap\u0131n\u0131n dayan\u0131kl\u0131l\u0131k, yo\u011funluk, boyut, sertlik, yap\u0131s\u0131ndaki hatalar ve i\u00e7indeki malzemeler hakk\u0131nda bilgi edinmek i\u00e7in yap\u0131lan bir test) sonu\u00e7lar\u0131n\u0131 \u00e7ok kapsaml\u0131 bir rapor haline getirdiklerini belirtti. Haz\u0131rlanan raporun istinabe (hukuki yard\u0131mla\u015fma) i\u015flemi ile al\u0131narak Ad\u0131yaman Ba\u015fsavc\u0131l\u0131\u011f\u0131\u2019na g\u00f6nderildi\u011fini anlatan Esenda\u011fl\u0131, bu raporun dosyan\u0131n resmi bir par\u00e7as\u0131 olaca\u011f\u0131n\u0131 kaydetti ve esas teknik raporun \u0130stanbul Teknik \u00dcniversitesi\u2019nden \u00e7\u0131kmas\u0131n\u0131n beklendi\u011fini s\u00f6yledi.<\/p>\n<p>\u0130stinabe i\u015flemleri kapsam\u0131nda hayat\u0131n\u0131 kaybedenlerin ailelerinin, enkazdan sa\u011f \u00e7\u0131kan 4 ki\u015finin ve adli tabibin de ifade verdi\u011fini aktaran Esenda\u011fl\u0131, ge\u00e7en haftalarda devlet yetkililerinin de Ad\u0131yaman Ba\u015fsavc\u0131l\u0131\u011f\u0131\u2019nda ifade verdi\u011fini hat\u0131rlatt\u0131.<\/p>\n<p>-\u201c12 avukat fiilen dosyada\u201d<\/p>\n<p>Soru\u015fturman\u0131n, devlet birimleri ile yaz\u0131\u015fmalar\u0131n ve bilgi ile belgelerin toplanma s\u00fcre\u00e7lerinin devam etti\u011fini anlatan Esenda\u011fl\u0131, s\u00f6zlerini \u015f\u00f6yle s\u00fcrd\u00fcrd\u00fc:<\/p>\n<p>\u201c\u015eu an itibar\u0131 ile olumsuz olarak not etti\u011fimiz fazla bir husus yok. Soru\u015fturman\u0131n zaman alacak bir soru\u015fturma oldu\u011fu, bu yaz\u0131\u015fmalar\u0131n belli bir miktar neticesinin beklenece\u011fini \u00f6ng\u00f6r\u00fcyorduk.<\/p>\n<p>Hem biz buradan hem de T\u00fcrkiye\u2019de ailelerimizi temsil eden i\u015f birli\u011fi i\u00e7erisinde oldu\u011fumuz avukatlar\u0131m\u0131z vas\u0131tas\u0131yla birebir dosyay\u0131 takip edebiliyoruz. T\u00fcrkiye Barolar Birli\u011fi ile kurumsal anlamda i\u015f birli\u011fimiz var. T\u00fcrkiye Barolar Birli\u011fi\u2019nin olu\u015fturdu\u011fu ve ba\u015fkan\u0131n\u0131n da i\u00e7inde oldu\u011fu 6 ki\u015filik avukat ekibi, buna ilaveten DA\u00dc avukatlar\u0131ndan olu\u015fan 6 ki\u015filik ikinci bir ekip olmak \u00fczere toplam 12 avukat dosyada fiilen, ailelerimizi temsilen \u00e7al\u0131\u015f\u0131yorlar.\u201d<\/p>\n<p>-\u201c Her bir kay\u0131p i\u00e7in ayr\u0131 ceza alma durumu olabilir\u201d<\/p>\n<p>Kaybedilen 35 ki\u015fi i\u00e7in toplu bir dava s\u00fcreci olaca\u011f\u0131n\u0131 belirten Esenda\u011fl\u0131, sorumlular\u0131n m\u00fcmk\u00fcn olan en a\u011f\u0131r ithamla yarg\u0131lanmalar\u0131 i\u00e7in hukuki haz\u0131rl\u0131k i\u00e7erisinde olundu\u011funu vurgulad\u0131.<\/p>\n<p>Esenda\u011fl\u0131, \u201cDava toplu bir dava s\u00fcreci olacak. Ancak ki\u015filerin T\u00fcrkiye Ceza Kanunu\u2019ndaki sorumluluklar\u0131na ba\u011fl\u0131 olarak her bir \u00f6l\u00fcm i\u00e7in ayr\u0131 ayr\u0131 ceza alma olas\u0131l\u0131klar\u0131 mevcut. Burada, iddianame ortaya \u00e7\u0131kt\u0131\u011f\u0131nda hangi su\u00e7la itham edilecekleri hayati \u00f6nem arz ediyor. M\u00fcmk\u00fcn olan en a\u011f\u0131r ithamla yarg\u0131lanmalar\u0131 noktas\u0131nda bir beklentimiz var. Avukatlar\u0131m\u0131z da bu y\u00f6n\u00fcyle hukuki haz\u0131rl\u0131k i\u00e7erisindedirler. E\u011fer umut etti\u011fimiz gibi Ceza Yasas\u0131\u2019n\u0131n ilgili maddelerine m\u00fcracaat edilirse, sorumlulu\u011fu tespit edilenlerin her bir kay\u0131p i\u00e7in ayr\u0131 ceza alma durumu olacak\u201d diye konu\u015ftu.<\/p>\n<p>-\u201cBeklentimiz dosyan\u0131n geni\u015flemesidir\u201d<\/p>\n<p>\u015eu an dosyada isim baz\u0131nda do\u011frudan aranan ki\u015fi bulunmad\u0131\u011f\u0131n\u0131 belirten Esenda\u011fl\u0131, beklentilerinin \u0130sias Otel\u2019le ilgili onay s\u00fcre\u00e7leri ve kontrol s\u00fcre\u00e7lerinin de a\u00e7\u0131\u011fa \u00e7\u0131karak sorumlulu\u011fu olanlar\u0131n tespit edilmesi, dosyan\u0131n bu a\u015famaya do\u011fru geni\u015flemesi oldu\u011funu vurgulad\u0131.<\/p>\n<p>\u201cSoru\u015fturma kapsaml\u0131 \u015fekilde ilerliyor. Sonunda soru\u015fturma safhas\u0131 bitecek ve ortaya bir iddianame \u00e7\u0131kacak. O iddianameyle yarg\u0131lama safhas\u0131na ge\u00e7ilecek\u201d diyen Esenda\u011fl\u0131, yarg\u0131lama safhas\u0131n\u0131n y\u0131l sonu veya y\u0131lba\u015f\u0131 gibi ba\u015flayaca\u011f\u0131n\u0131n \u00f6ng\u00f6r\u00fcld\u00fc\u011f\u00fcn\u00fc de belirtti.<\/p>\n<p>Esenda\u011fl\u0131, \u201cYarg\u0131lama safhas\u0131na kadar biz de, herhangi bir bo\u015flu\u011fa mahal vermemek ad\u0131na, olabilecek en etkin soru\u015fturman\u0131n yap\u0131lmas\u0131 ve etkili bir yarg\u0131lama yap\u0131labilmesi i\u00e7in g\u00f6zlemci ve takip\u00e7i pozisyonumuzla s\u00fcreci izlemeye devam edece\u011fiz. Dava ba\u015flad\u0131\u011f\u0131 zaman ailelerimizi resmi anlamda temsil etmek i\u00e7in avukatlar\u0131m\u0131z orada olacak. \u00d6nemli celselerde biz de orada olmaya \u00e7al\u0131\u015faca\u011f\u0131z\u201d dedi.<\/p>\n<p>-\u0130sias Hotel<\/p>\n<p>T\u00fcrkiye\u2019de 6 \u015eubat\u2019ta meydana gelen depremler s\u0131ras\u0131nda, voleybol \u015fampiyonas\u0131 i\u00e7in Ad\u0131yaman\u2019da bulunan ve \u0130sias Hotel\u2019de konaklayan Gazima\u011fusa T\u00fcrk Maarif Koleji erkek ve k\u0131z voleybol tak\u0131mlar\u0131, \u00f6\u011fretmenleri ve baz\u0131 velilerden olu\u015fan 35 K\u0131br\u0131sl\u0131 T\u00fcrk yan\u0131nda, e\u011fitim semineri i\u00e7in ayn\u0131 otelde konaklayan T\u00fcrkiyeli turist rehblerleri de hayat\u0131n\u0131 kaybetmi\u015fti.<\/p>\n<\/p><\/div>\n<p><script async\n                    defer\n                    crossorigin=\"anonymous\"\n                    src=\"https:\/\/connect.facebook.net\/tr_TR\/sdk.js#xfbml=1&#038;version=v3.3\"\n            ><\/script><\/p>\n","protected":false},"excerpt":{"rendered":"<p>K\u0131br\u0131s T\u00fcrk Barolar Birli\u011fi Ba\u015fkan\u0131 Avukat Hasan Esenda\u011fl\u0131, 6 \u015eubat\u2019ta meydana gelen depremlerde Ad\u0131yaman\u2019daki \u0130sias Otel\u2019de hayat\u0131n\u0131 kaybedenlerle ilgili sorumlulu\u011fu tespit edilenlerin en a\u011f\u0131r ithamla yarg\u0131lanmalar\u0131 noktas\u0131nda hukuki haz\u0131rl\u0131klar\u0131n s\u00fcrd\u00fc\u011f\u00fcn\u00fc; davada yarg\u0131lama safhas\u0131n\u0131n bu y\u0131l sonu veya y\u0131lba\u015f\u0131 ba\u015flamas\u0131n\u0131n \u00f6ng\u00f6r\u00fcld\u00fc\u011f\u00fcn\u00fc bildirdi. Esenda\u011fl\u0131, hayat\u0131n\u0131 kaybedenlerin ailelerini temsilen 12 avukat\u0131n fiilen takip etti\u011fi davada, sorumlulu\u011fu tespit edilenlerin<\/p>\n","protected":false},"author":1,"featured_media":2120,"comment_status":"open","ping_status":"open","sticky":false,"template":"","format":"standard","meta":{"footnotes":""},"categories":[1],"tags":[],"class_list":["post-8320","post","type-post","status-publish","format-standard","has-post-thumbnail","hentry","category-gundem"],"yoast_head":"<!-- This site is optimized with the Yoast SEO plugin v27.4 - https:\/\/yoast.com\/product\/yoast-seo-wordpress\/ -->\n<title>\u0130sias Otel felaketinde 4 ay doldu\u2026Yarg\u0131lama safhas\u0131n\u0131n y\u0131l sonu veya y\u0131lba\u015f\u0131 ba\u015flamas\u0131 \u00f6ng\u00f6r\u00fcl\u00fcyor -<\/title>\n<meta name=\"robots\" content=\"index, follow, max-snippet:-1, max-image-preview:large, max-video-preview:-1\" \/>\n<link rel=\"canonical\" href=\"https:\/\/kibrisdakik.com\/?p=8320\" \/>\n<meta property=\"og:locale\" content=\"tr_TR\" \/>\n<meta property=\"og:type\" content=\"article\" \/>\n<meta property=\"og:title\" content=\"\u0130sias Otel felaketinde 4 ay doldu\u2026Yarg\u0131lama safhas\u0131n\u0131n y\u0131l sonu veya y\u0131lba\u015f\u0131 ba\u015flamas\u0131 \u00f6ng\u00f6r\u00fcl\u00fcyor -\" \/>\n<meta property=\"og:description\" content=\"K\u0131br\u0131s T\u00fcrk Barolar Birli\u011fi Ba\u015fkan\u0131 Avukat Hasan Esenda\u011fl\u0131, 6 \u015eubat\u2019ta meydana gelen depremlerde Ad\u0131yaman\u2019daki \u0130sias Otel\u2019de hayat\u0131n\u0131 kaybedenlerle ilgili sorumlulu\u011fu tespit edilenlerin en a\u011f\u0131r ithamla yarg\u0131lanmalar\u0131 noktas\u0131nda hukuki haz\u0131rl\u0131klar\u0131n s\u00fcrd\u00fc\u011f\u00fcn\u00fc; davada yarg\u0131lama safhas\u0131n\u0131n bu y\u0131l sonu veya y\u0131lba\u015f\u0131 ba\u015flamas\u0131n\u0131n \u00f6ng\u00f6r\u00fcld\u00fc\u011f\u00fcn\u00fc bildirdi. Esenda\u011fl\u0131, hayat\u0131n\u0131 kaybedenlerin ailelerini temsilen 12 avukat\u0131n fiilen takip etti\u011fi davada, sorumlulu\u011fu tespit edilenlerin\" \/>\n<meta property=\"og:url\" content=\"https:\/\/kibrisdakik.com\/?p=8320\" \/>\n<meta property=\"article:published_time\" content=\"2023-06-06T11:00:01+00:00\" \/>\n<meta property=\"og:image\" content=\"https:\/\/kibrisdakik.com\/wp-content\/uploads\/2023\/02\/isias-hotel-740x420.jpg\" \/>\n\t<meta property=\"og:image:width\" content=\"1024\" \/>\n\t<meta property=\"og:image:height\" content=\"548\" \/>\n\t<meta property=\"og:image:type\" content=\"image\/jpeg\" \/>\n<meta name=\"author\" content=\"admin\" \/>\n<meta name=\"twitter:card\" content=\"summary_large_image\" \/>\n<meta name=\"twitter:label1\" content=\"Yazan:\" \/>\n\t<meta name=\"twitter:data1\" content=\"admin\" \/>\n\t<meta name=\"twitter:label2\" content=\"Tahmini okuma s\u00fcresi\" \/>\n\t<meta name=\"twitter:data2\" content=\"6 dakika\" \/>\n<script type=\"application\/ld+json\" class=\"yoast-schema-graph\">{\"@context\":\"https:\\\/\\\/schema.org\",\"@graph\":[{\"@type\":\"Article\",\"@id\":\"https:\\\/\\\/kibrisdakik.com\\\/?p=8320#article\",\"isPartOf\":{\"@id\":\"https:\\\/\\\/kibrisdakik.com\\\/?p=8320\"},\"author\":{\"name\":\"admin\",\"@id\":\"https:\\\/\\\/kibrisdakik.com\\\/#\\\/schema\\\/person\\\/9cd9d437bbb44f72b73ba127e06d8e79\"},\"headline\":\"\u0130sias Otel felaketinde 4 ay doldu\u2026Yarg\u0131lama safhas\u0131n\u0131n y\u0131l sonu veya y\u0131lba\u015f\u0131 ba\u015flamas\u0131 \u00f6ng\u00f6r\u00fcl\u00fcyor\",\"datePublished\":\"2023-06-06T11:00:01+00:00\",\"mainEntityOfPage\":{\"@id\":\"https:\\\/\\\/kibrisdakik.com\\\/?p=8320\"},\"wordCount\":1276,\"commentCount\":0,\"image\":{\"@id\":\"https:\\\/\\\/kibrisdakik.com\\\/?p=8320#primaryimage\"},\"thumbnailUrl\":\"https:\\\/\\\/kibrisdakik.com\\\/wp-content\\\/uploads\\\/2023\\\/02\\\/isias-hotel-740x420.jpg\",\"articleSection\":[\"G\u00fcndem\"],\"inLanguage\":\"tr\",\"potentialAction\":[{\"@type\":\"CommentAction\",\"name\":\"Comment\",\"target\":[\"https:\\\/\\\/kibrisdakik.com\\\/?p=8320#respond\"]}]},{\"@type\":\"WebPage\",\"@id\":\"https:\\\/\\\/kibrisdakik.com\\\/?p=8320\",\"url\":\"https:\\\/\\\/kibrisdakik.com\\\/?p=8320\",\"name\":\"\u0130sias Otel felaketinde 4 ay doldu\u2026Yarg\u0131lama safhas\u0131n\u0131n y\u0131l sonu veya y\u0131lba\u015f\u0131 ba\u015flamas\u0131 \u00f6ng\u00f6r\u00fcl\u00fcyor -\",\"isPartOf\":{\"@id\":\"https:\\\/\\\/kibrisdakik.com\\\/#website\"},\"primaryImageOfPage\":{\"@id\":\"https:\\\/\\\/kibrisdakik.com\\\/?p=8320#primaryimage\"},\"image\":{\"@id\":\"https:\\\/\\\/kibrisdakik.com\\\/?p=8320#primaryimage\"},\"thumbnailUrl\":\"https:\\\/\\\/kibrisdakik.com\\\/wp-content\\\/uploads\\\/2023\\\/02\\\/isias-hotel-740x420.jpg\",\"datePublished\":\"2023-06-06T11:00:01+00:00\",\"author\":{\"@id\":\"https:\\\/\\\/kibrisdakik.com\\\/#\\\/schema\\\/person\\\/9cd9d437bbb44f72b73ba127e06d8e79\"},\"breadcrumb\":{\"@id\":\"https:\\\/\\\/kibrisdakik.com\\\/?p=8320#breadcrumb\"},\"inLanguage\":\"tr\",\"potentialAction\":[{\"@type\":\"ReadAction\",\"target\":[\"https:\\\/\\\/kibrisdakik.com\\\/?p=8320\"]}]},{\"@type\":\"ImageObject\",\"inLanguage\":\"tr\",\"@id\":\"https:\\\/\\\/kibrisdakik.com\\\/?p=8320#primaryimage\",\"url\":\"https:\\\/\\\/kibrisdakik.com\\\/wp-content\\\/uploads\\\/2023\\\/02\\\/isias-hotel-740x420.jpg\",\"contentUrl\":\"https:\\\/\\\/kibrisdakik.com\\\/wp-content\\\/uploads\\\/2023\\\/02\\\/isias-hotel-740x420.jpg\",\"width\":1024,\"height\":548},{\"@type\":\"BreadcrumbList\",\"@id\":\"https:\\\/\\\/kibrisdakik.com\\\/?p=8320#breadcrumb\",\"itemListElement\":[{\"@type\":\"ListItem\",\"position\":1,\"name\":\"Home\",\"item\":\"https:\\\/\\\/kibrisdakik.com\\\/\"},{\"@type\":\"ListItem\",\"position\":2,\"name\":\"\u0130sias Otel felaketinde 4 ay doldu\u2026Yarg\u0131lama safhas\u0131n\u0131n y\u0131l sonu veya y\u0131lba\u015f\u0131 ba\u015flamas\u0131 \u00f6ng\u00f6r\u00fcl\u00fcyor\"}]},{\"@type\":\"WebSite\",\"@id\":\"https:\\\/\\\/kibrisdakik.com\\\/#website\",\"url\":\"https:\\\/\\\/kibrisdakik.com\\\/\",\"name\":\"\",\"description\":\"Tam vaktinde haber\",\"potentialAction\":[{\"@type\":\"SearchAction\",\"target\":{\"@type\":\"EntryPoint\",\"urlTemplate\":\"https:\\\/\\\/kibrisdakik.com\\\/?s={search_term_string}\"},\"query-input\":{\"@type\":\"PropertyValueSpecification\",\"valueRequired\":true,\"valueName\":\"search_term_string\"}}],\"inLanguage\":\"tr\"},{\"@type\":\"Person\",\"@id\":\"https:\\\/\\\/kibrisdakik.com\\\/#\\\/schema\\\/person\\\/9cd9d437bbb44f72b73ba127e06d8e79\",\"name\":\"admin\",\"image\":{\"@type\":\"ImageObject\",\"inLanguage\":\"tr\",\"@id\":\"https:\\\/\\\/secure.gravatar.com\\\/avatar\\\/ccc17943b9d660506c869530f897617f7cb1c21a4bf30023f252596d83e1f007?s=96&d=mm&r=g\",\"url\":\"https:\\\/\\\/secure.gravatar.com\\\/avatar\\\/ccc17943b9d660506c869530f897617f7cb1c21a4bf30023f252596d83e1f007?s=96&d=mm&r=g\",\"contentUrl\":\"https:\\\/\\\/secure.gravatar.com\\\/avatar\\\/ccc17943b9d660506c869530f897617f7cb1c21a4bf30023f252596d83e1f007?s=96&d=mm&r=g\",\"caption\":\"admin\"},\"sameAs\":[\"https:\\\/\\\/kibrisdakik.com\"],\"url\":\"https:\\\/\\\/kibrisdakik.com\\\/?author=1\"}]}<\/script>\n<!-- \/ Yoast SEO plugin. -->","yoast_head_json":{"title":"\u0130sias Otel felaketinde 4 ay doldu\u2026Yarg\u0131lama safhas\u0131n\u0131n y\u0131l sonu veya y\u0131lba\u015f\u0131 ba\u015flamas\u0131 \u00f6ng\u00f6r\u00fcl\u00fcyor -","robots":{"index":"index","follow":"follow","max-snippet":"max-snippet:-1","max-image-preview":"max-image-preview:large","max-video-preview":"max-video-preview:-1"},"canonical":"https:\/\/kibrisdakik.com\/?p=8320","og_locale":"tr_TR","og_type":"article","og_title":"\u0130sias Otel felaketinde 4 ay doldu\u2026Yarg\u0131lama safhas\u0131n\u0131n y\u0131l sonu veya y\u0131lba\u015f\u0131 ba\u015flamas\u0131 \u00f6ng\u00f6r\u00fcl\u00fcyor -","og_description":"K\u0131br\u0131s T\u00fcrk Barolar Birli\u011fi Ba\u015fkan\u0131 Avukat Hasan Esenda\u011fl\u0131, 6 \u015eubat\u2019ta meydana gelen depremlerde Ad\u0131yaman\u2019daki \u0130sias Otel\u2019de hayat\u0131n\u0131 kaybedenlerle ilgili sorumlulu\u011fu tespit edilenlerin en a\u011f\u0131r ithamla yarg\u0131lanmalar\u0131 noktas\u0131nda hukuki haz\u0131rl\u0131klar\u0131n s\u00fcrd\u00fc\u011f\u00fcn\u00fc; davada yarg\u0131lama safhas\u0131n\u0131n bu y\u0131l sonu veya y\u0131lba\u015f\u0131 ba\u015flamas\u0131n\u0131n \u00f6ng\u00f6r\u00fcld\u00fc\u011f\u00fcn\u00fc bildirdi. Esenda\u011fl\u0131, hayat\u0131n\u0131 kaybedenlerin ailelerini temsilen 12 avukat\u0131n fiilen takip etti\u011fi davada, sorumlulu\u011fu tespit edilenlerin","og_url":"https:\/\/kibrisdakik.com\/?p=8320","article_published_time":"2023-06-06T11:00:01+00:00","og_image":[{"width":1024,"height":548,"url":"https:\/\/kibrisdakik.com\/wp-content\/uploads\/2023\/02\/isias-hotel-740x420.jpg","type":"image\/jpeg"}],"author":"admin","twitter_card":"summary_large_image","twitter_misc":{"Yazan:":"admin","Tahmini okuma s\u00fcresi":"6 dakika"},"schema":{"@context":"https:\/\/schema.org","@graph":[{"@type":"Article","@id":"https:\/\/kibrisdakik.com\/?p=8320#article","isPartOf":{"@id":"https:\/\/kibrisdakik.com\/?p=8320"},"author":{"name":"admin","@id":"https:\/\/kibrisdakik.com\/#\/schema\/person\/9cd9d437bbb44f72b73ba127e06d8e79"},"headline":"\u0130sias Otel felaketinde 4 ay doldu\u2026Yarg\u0131lama safhas\u0131n\u0131n y\u0131l sonu veya y\u0131lba\u015f\u0131 ba\u015flamas\u0131 \u00f6ng\u00f6r\u00fcl\u00fcyor","datePublished":"2023-06-06T11:00:01+00:00","mainEntityOfPage":{"@id":"https:\/\/kibrisdakik.com\/?p=8320"},"wordCount":1276,"commentCount":0,"image":{"@id":"https:\/\/kibrisdakik.com\/?p=8320#primaryimage"},"thumbnailUrl":"https:\/\/kibrisdakik.com\/wp-content\/uploads\/2023\/02\/isias-hotel-740x420.jpg","articleSection":["G\u00fcndem"],"inLanguage":"tr","potentialAction":[{"@type":"CommentAction","name":"Comment","target":["https:\/\/kibrisdakik.com\/?p=8320#respond"]}]},{"@type":"WebPage","@id":"https:\/\/kibrisdakik.com\/?p=8320","url":"https:\/\/kibrisdakik.com\/?p=8320","name":"\u0130sias Otel felaketinde 4 ay doldu\u2026Yarg\u0131lama safhas\u0131n\u0131n y\u0131l sonu veya y\u0131lba\u015f\u0131 ba\u015flamas\u0131 \u00f6ng\u00f6r\u00fcl\u00fcyor -","isPartOf":{"@id":"https:\/\/kibrisdakik.com\/#website"},"primaryImageOfPage":{"@id":"https:\/\/kibrisdakik.com\/?p=8320#primaryimage"},"image":{"@id":"https:\/\/kibrisdakik.com\/?p=8320#primaryimage"},"thumbnailUrl":"https:\/\/kibrisdakik.com\/wp-content\/uploads\/2023\/02\/isias-hotel-740x420.jpg","datePublished":"2023-06-06T11:00:01+00:00","author":{"@id":"https:\/\/kibrisdakik.com\/#\/schema\/person\/9cd9d437bbb44f72b73ba127e06d8e79"},"breadcrumb":{"@id":"https:\/\/kibrisdakik.com\/?p=8320#breadcrumb"},"inLanguage":"tr","potentialAction":[{"@type":"ReadAction","target":["https:\/\/kibrisdakik.com\/?p=8320"]}]},{"@type":"ImageObject","inLanguage":"tr","@id":"https:\/\/kibrisdakik.com\/?p=8320#primaryimage","url":"https:\/\/kibrisdakik.com\/wp-content\/uploads\/2023\/02\/isias-hotel-740x420.jpg","contentUrl":"https:\/\/kibrisdakik.com\/wp-content\/uploads\/2023\/02\/isias-hotel-740x420.jpg","width":1024,"height":548},{"@type":"BreadcrumbList","@id":"https:\/\/kibrisdakik.com\/?p=8320#breadcrumb","itemListElement":[{"@type":"ListItem","position":1,"name":"Home","item":"https:\/\/kibrisdakik.com\/"},{"@type":"ListItem","position":2,"name":"\u0130sias Otel felaketinde 4 ay doldu\u2026Yarg\u0131lama safhas\u0131n\u0131n y\u0131l sonu veya y\u0131lba\u015f\u0131 ba\u015flamas\u0131 \u00f6ng\u00f6r\u00fcl\u00fcyor"}]},{"@type":"WebSite","@id":"https:\/\/kibrisdakik.com\/#website","url":"https:\/\/kibrisdakik.com\/","name":"","description":"Tam vaktinde haber","potentialAction":[{"@type":"SearchAction","target":{"@type":"EntryPoint","urlTemplate":"https:\/\/kibrisdakik.com\/?s={search_term_string}"},"query-input":{"@type":"PropertyValueSpecification","valueRequired":true,"valueName":"search_term_string"}}],"inLanguage":"tr"},{"@type":"Person","@id":"https:\/\/kibrisdakik.com\/#\/schema\/person\/9cd9d437bbb44f72b73ba127e06d8e79","name":"admin","image":{"@type":"ImageObject","inLanguage":"tr","@id":"https:\/\/secure.gravatar.com\/avatar\/ccc17943b9d660506c869530f897617f7cb1c21a4bf30023f252596d83e1f007?s=96&d=mm&r=g","url":"https:\/\/secure.gravatar.com\/avatar\/ccc17943b9d660506c869530f897617f7cb1c21a4bf30023f252596d83e1f007?s=96&d=mm&r=g","contentUrl":"https:\/\/secure.gravatar.com\/avatar\/ccc17943b9d660506c869530f897617f7cb1c21a4bf30023f252596d83e1f007?s=96&d=mm&r=g","caption":"admin"},"sameAs":["https:\/\/kibrisdakik.com"],"url":"https:\/\/kibrisdakik.com\/?author=1"}]}},"_links":{"self":[{"href":"https:\/\/kibrisdakik.com\/index.php?rest_route=\/wp\/v2\/posts\/8320","targetHints":{"allow":["GET"]}}],"collection":[{"href":"https:\/\/kibrisdakik.com\/index.php?rest_route=\/wp\/v2\/posts"}],"about":[{"href":"https:\/\/kibrisdakik.com\/index.php?rest_route=\/wp\/v2\/types\/post"}],"author":[{"embeddable":true,"href":"https:\/\/kibrisdakik.com\/index.php?rest_route=\/wp\/v2\/users\/1"}],"replies":[{"embeddable":true,"href":"https:\/\/kibrisdakik.com\/index.php?rest_route=%2Fwp%2Fv2%2Fcomments&post=8320"}],"version-history":[{"count":0,"href":"https:\/\/kibrisdakik.com\/index.php?rest_route=\/wp\/v2\/posts\/8320\/revisions"}],"wp:featuredmedia":[{"embeddable":true,"href":"https:\/\/kibrisdakik.com\/index.php?rest_route=\/wp\/v2\/media\/2120"}],"wp:attachment":[{"href":"https:\/\/kibrisdakik.com\/index.php?rest_route=%2Fwp%2Fv2%2Fmedia&parent=8320"}],"wp:term":[{"taxonomy":"category","embeddable":true,"href":"https:\/\/kibrisdakik.com\/index.php?rest_route=%2Fwp%2Fv2%2Fcategories&post=8320"},{"taxonomy":"post_tag","embeddable":true,"href":"https:\/\/kibrisdakik.com\/index.php?rest_route=%2Fwp%2Fv2%2Ftags&post=8320"}],"curies":[{"name":"wp","href":"https:\/\/api.w.org\/{rel}","templated":true}]}}