{"id":8327,"date":"2023-06-06T13:01:52","date_gmt":"2023-06-06T13:01:52","guid":{"rendered":"https:\/\/kibrisdakik.com\/index.php\/2023\/06\/06\/cumhurbaskani-ersin-tatar-kuzey-kibris-gayrimenkul-degerleme-uzmanlari-birligi-heyetini-heyeti-kabul-etti\/"},"modified":"2023-06-06T13:01:52","modified_gmt":"2023-06-06T13:01:52","slug":"cumhurbaskani-ersin-tatar-kuzey-kibris-gayrimenkul-degerleme-uzmanlari-birligi-heyetini-heyeti-kabul-etti","status":"publish","type":"post","link":"https:\/\/kibrisdakik.com\/?p=8327","title":{"rendered":"Cumhurba\u015fkan\u0131 Ersin Tatar, Kuzey K\u0131br\u0131s Gayrimenkul De\u011ferleme Uzmanlar\u0131 Birli\u011fi heyetini heyeti kabul etti"},"content":{"rendered":"<p><\/p>\n<div>\n<div class=\"mariselle-image-container center\">\n                <img width=\"1024\" height=\"682\" class=\"lazy-image\" alt=\"\" decoding=\"async\" loading=\"lazy\" sizes=\"auto, (max-width: 1024px) 100vw, 1024px\" src=\"https:\/\/brtk.net\/wp-content\/uploads\/2023\/06\/06\/tatar-gayrimenul-3--1024x682.jpg?ver=5f878adf4d8c68384c8966595c7ac9f4\" srcset=\"https:\/\/brtk.net\/wp-content\/uploads\/2023\/06\/06\/tatar-gayrimenul-3--1024x682.jpg?ver=d9323b253957f25241e69310385d6a41 1024w, https:\/\/brtk.net\/wp-content\/uploads\/2023\/06\/06\/tatar-gayrimenul-3--300x200.jpg?ver=d9323b253957f25241e69310385d6a41 300w, https:\/\/brtk.net\/wp-content\/uploads\/2023\/06\/06\/tatar-gayrimenul-3--768x512.jpg?ver=d9323b253957f25241e69310385d6a41 768w, https:\/\/brtk.net\/wp-content\/uploads\/2023\/06\/06\/tatar-gayrimenul-3--1536x1023.jpg?ver=2cdb6f7ca0c7e443c724ee52cd444ae5 1536w, https:\/\/brtk.net\/wp-content\/uploads\/2023\/06\/06\/tatar-gayrimenul-3-.jpg?ver=5f878adf4d8c68384c8966595c7ac9f4 1600w\"\/>                            <\/div>\n<p>Cumhurba\u015fkan\u0131 <a href=\"https:\/\/brtk.net\/\" target=\"_blank\" rel=\"noopener\">Ersin <\/a><a href=\"https:\/\/brtk.net\/\"\/><a href=\"https:\/\/brtk.net\/\"\/><a href=\"https:\/\/brtk.net\/\"\/><a href=\"https:\/\/brtk.net\/\"\/><a href=\"https:\/\/brtk.net\/\">Tatar<\/a>, Kuzey K\u0131br\u0131s Gayrimenkul De\u011ferleme Uzmanlar\u0131 Birli\u011fi Ba\u015fkan\u0131 Kutay Ramiz ve beraberindeki heyeti kabul ederek g\u00f6r\u00fc\u015ft\u00fc.<\/p>\n<p>Cumhurba\u015fkanl\u0131\u011f\u0131ndan yap\u0131lan yaz\u0131l\u0131 a\u00e7\u0131klamaya g\u00f6re, kabuldeki konu\u015fmas\u0131nda, ziyaretten dolay\u0131 duydu\u011fu memnuniyeti dile getiren Cumhurba\u015fkan\u0131 <a href=\"https:\/\/brtk.net\/\"\/><a href=\"https:\/\/brtk.net\/\"\/><a href=\"https:\/\/brtk.net\/\"\/><a href=\"https:\/\/brtk.net\/\"\/><a href=\"https:\/\/brtk.net\/\">Tatar<\/a>, T\u00fcrkiye Cumhuriyeti\u2019nin deste\u011fiyle T\u00fcrk Devletleri Te\u015fkilat\u0131\u2019na anayasal ad\u0131yla \u00fcye olunmas\u0131n\u0131n  <a href=\"https:\/\/brtk.net\/\"\/><a href=\"https:\/\/brtk.net\/\"\/><a href=\"https:\/\/brtk.net\/\"\/><a href=\"https:\/\/brtk.net\/\">KKTC<\/a>\u2019ye stat\u00fc kazand\u0131rd\u0131\u011f\u0131n\u0131 belirtti. <\/p>\n<p>Cumhurba\u015fkan\u0131 <a href=\"https:\/\/brtk.net\/\"\/><a href=\"https:\/\/brtk.net\/\"\/><a href=\"https:\/\/brtk.net\/\"\/><a href=\"https:\/\/brtk.net\/\"\/><a href=\"https:\/\/brtk.net\/\">Tatar<\/a>, T\u00fcrkistan\u2019da ger\u00e7ekle\u015ftirilen Birinci Uluslararas\u0131 T\u00fcrk D\u00fcnyas\u0131 ve Orta Asya De\u011ferleme Forumu\u2019nda <a href=\"https:\/\/brtk.net\/\"\/><a href=\"https:\/\/brtk.net\/\"\/><a href=\"https:\/\/brtk.net\/\"\/><a href=\"https:\/\/brtk.net\/\">KKTC<\/a>\u2019nin, T\u00fcrk Devletleri De\u011ferleme Uzmanlar\u0131 Birli\u011fi Konseyi\u2019nde g\u00f6zlemci \u00fcye olarak kabul edilmesinin \u00fclke ad\u0131na gurur verici oldu\u011funu belirterek bu ba\u015far\u0131lar\u0131n artarak devam etmesini temenni etti.<\/p>\n<p><a href=\"https:\/\/brtk.net\/\"\/><a href=\"https:\/\/brtk.net\/\"\/><a href=\"https:\/\/brtk.net\/\"\/><a href=\"https:\/\/brtk.net\/\">KKTC<\/a>\u2019nin art\u0131k hak etti\u011fi de\u011feri g\u00f6rmeye ba\u015flad\u0131\u011f\u0131n\u0131 ifade eden Cumhurba\u015fkan\u0131 <a href=\"https:\/\/brtk.net\/\"\/><a href=\"https:\/\/brtk.net\/\"\/><a href=\"https:\/\/brtk.net\/\"\/><a href=\"https:\/\/brtk.net\/\"\/><a href=\"https:\/\/brtk.net\/\">Tatar<\/a>, istikrarl\u0131 bir \u015fekilde ilerleyerek yola devam edeceklerini vurgulad\u0131.<\/p>\n<p>\u0130n\u015faata a\u00e7\u0131k b\u00f6lgelerin de\u011ferlendirilmesinin \u00f6nemini belirten Cumhurba\u015fkan\u0131 <a href=\"https:\/\/brtk.net\/\"\/><a href=\"https:\/\/brtk.net\/\"\/><a href=\"https:\/\/brtk.net\/\"\/><a href=\"https:\/\/brtk.net\/\"\/><a href=\"https:\/\/brtk.net\/\">Tatar<\/a> <a href=\"https:\/\/brtk.net\/\"\/><a href=\"https:\/\/brtk.net\/\"\/><a href=\"https:\/\/brtk.net\/\"\/><a href=\"https:\/\/brtk.net\/\">KKTC<\/a> topraklar\u0131n\u0131n, d\u00fcnyan\u0131n en g\u00fczel yerle\u015fim yerlerinden biri oldu\u011funu kaydetti.<\/p>\n<p>Cumhurba\u015fkan\u0131 <a href=\"https:\/\/brtk.net\/\"\/><a href=\"https:\/\/brtk.net\/\"\/><a href=\"https:\/\/brtk.net\/\"\/><a href=\"https:\/\/brtk.net\/\"\/><a href=\"https:\/\/brtk.net\/\">Tatar<\/a>, <a href=\"https:\/\/brtk.net\/\"\/><a href=\"https:\/\/brtk.net\/\"\/><a href=\"https:\/\/brtk.net\/\"\/><a href=\"https:\/\/brtk.net\/\">KKTC<\/a>\u2019nin geli\u015fmeye a\u00e7\u0131k oldu\u011funu ve yoluna emin ad\u0131mlarla devam edece\u011fini belirterek; \u201cTurizm, y\u00fcksek\u00f6\u011fretim ve tar\u0131mdaki geli\u015fmelerle \u00e7ocuklar\u0131m\u0131za g\u00fczel bir gelecek b\u0131rakabilmek g\u00f6revimizdir\u201d dedi.<\/p>\n<\/p><\/div>\n<p><script async\n                    defer\n                    crossorigin=\"anonymous\"\n                    src=\"https:\/\/connect.facebook.net\/tr_TR\/sdk.js#xfbml=1&#038;version=v3.3\"\n            ><\/script><\/p>\n","protected":false},"excerpt":{"rendered":"<p>Cumhurba\u015fkan\u0131 Ersin Tatar, Kuzey K\u0131br\u0131s Gayrimenkul De\u011ferleme Uzmanlar\u0131 Birli\u011fi Ba\u015fkan\u0131 Kutay Ramiz ve beraberindeki heyeti kabul ederek g\u00f6r\u00fc\u015ft\u00fc. Cumhurba\u015fkanl\u0131\u011f\u0131ndan yap\u0131lan yaz\u0131l\u0131 a\u00e7\u0131klamaya g\u00f6re, kabuldeki konu\u015fmas\u0131nda, ziyaretten dolay\u0131 duydu\u011fu memnuniyeti dile getiren Cumhurba\u015fkan\u0131 Tatar, T\u00fcrkiye Cumhuriyeti\u2019nin deste\u011fiyle T\u00fcrk Devletleri Te\u015fkilat\u0131\u2019na anayasal ad\u0131yla \u00fcye olunmas\u0131n\u0131n KKTC\u2019ye stat\u00fc kazand\u0131rd\u0131\u011f\u0131n\u0131 belirtti. Cumhurba\u015fkan\u0131 Tatar, T\u00fcrkistan\u2019da ger\u00e7ekle\u015ftirilen Birinci Uluslararas\u0131 T\u00fcrk D\u00fcnyas\u0131<\/p>\n","protected":false},"author":1,"featured_media":8328,"comment_status":"open","ping_status":"open","sticky":false,"template":"","format":"standard","meta":{"footnotes":""},"categories":[1],"tags":[],"class_list":["post-8327","post","type-post","status-publish","format-standard","has-post-thumbnail","hentry","category-gundem"],"yoast_head":"<!-- This site is optimized with the Yoast SEO plugin v27.5 - https:\/\/yoast.com\/product\/yoast-seo-wordpress\/ -->\n<title>Cumhurba\u015fkan\u0131 Ersin Tatar, Kuzey K\u0131br\u0131s Gayrimenkul De\u011ferleme Uzmanlar\u0131 Birli\u011fi heyetini heyeti kabul etti -<\/title>\n<meta name=\"robots\" content=\"index, follow, max-snippet:-1, max-image-preview:large, max-video-preview:-1\" \/>\n<link rel=\"canonical\" href=\"https:\/\/kibrisdakik.com\/?p=8327\" \/>\n<meta property=\"og:locale\" content=\"tr_TR\" \/>\n<meta property=\"og:type\" content=\"article\" \/>\n<meta property=\"og:title\" content=\"Cumhurba\u015fkan\u0131 Ersin Tatar, Kuzey K\u0131br\u0131s Gayrimenkul De\u011ferleme Uzmanlar\u0131 Birli\u011fi heyetini heyeti kabul etti -\" \/>\n<meta property=\"og:description\" content=\"Cumhurba\u015fkan\u0131 Ersin Tatar, Kuzey K\u0131br\u0131s Gayrimenkul De\u011ferleme Uzmanlar\u0131 Birli\u011fi Ba\u015fkan\u0131 Kutay Ramiz ve beraberindeki heyeti kabul ederek g\u00f6r\u00fc\u015ft\u00fc. Cumhurba\u015fkanl\u0131\u011f\u0131ndan yap\u0131lan yaz\u0131l\u0131 a\u00e7\u0131klamaya g\u00f6re, kabuldeki konu\u015fmas\u0131nda, ziyaretten dolay\u0131 duydu\u011fu memnuniyeti dile getiren Cumhurba\u015fkan\u0131 Tatar, T\u00fcrkiye Cumhuriyeti\u2019nin deste\u011fiyle T\u00fcrk Devletleri Te\u015fkilat\u0131\u2019na anayasal ad\u0131yla \u00fcye olunmas\u0131n\u0131n KKTC\u2019ye stat\u00fc kazand\u0131rd\u0131\u011f\u0131n\u0131 belirtti. Cumhurba\u015fkan\u0131 Tatar, T\u00fcrkistan\u2019da ger\u00e7ekle\u015ftirilen Birinci Uluslararas\u0131 T\u00fcrk D\u00fcnyas\u0131\" \/>\n<meta property=\"og:url\" content=\"https:\/\/kibrisdakik.com\/?p=8327\" \/>\n<meta property=\"article:published_time\" content=\"2023-06-06T13:01:52+00:00\" \/>\n<meta property=\"og:image\" content=\"https:\/\/kibrisdakik.com\/wp-content\/uploads\/2023\/06\/tatar-gayrimenul-3--740x420.jpg\" \/>\n\t<meta property=\"og:image:width\" content=\"1600\" \/>\n\t<meta property=\"og:image:height\" content=\"1066\" \/>\n\t<meta property=\"og:image:type\" content=\"image\/jpeg\" \/>\n<meta name=\"author\" content=\"admin\" \/>\n<meta name=\"twitter:card\" content=\"summary_large_image\" \/>\n<meta name=\"twitter:label1\" content=\"Yazan:\" \/>\n\t<meta name=\"twitter:data1\" content=\"admin\" \/>\n\t<meta name=\"twitter:label2\" content=\"Tahmini okuma s\u00fcresi\" \/>\n\t<meta name=\"twitter:data2\" content=\"1 dakika\" \/>\n<script type=\"application\/ld+json\" class=\"yoast-schema-graph\">{\"@context\":\"https:\\\/\\\/schema.org\",\"@graph\":[{\"@type\":\"Article\",\"@id\":\"https:\\\/\\\/kibrisdakik.com\\\/?p=8327#article\",\"isPartOf\":{\"@id\":\"https:\\\/\\\/kibrisdakik.com\\\/?p=8327\"},\"author\":{\"name\":\"admin\",\"@id\":\"https:\\\/\\\/kibrisdakik.com\\\/#\\\/schema\\\/person\\\/9cd9d437bbb44f72b73ba127e06d8e79\"},\"headline\":\"Cumhurba\u015fkan\u0131 Ersin Tatar, Kuzey K\u0131br\u0131s Gayrimenkul De\u011ferleme Uzmanlar\u0131 Birli\u011fi heyetini heyeti kabul etti\",\"datePublished\":\"2023-06-06T13:01:52+00:00\",\"mainEntityOfPage\":{\"@id\":\"https:\\\/\\\/kibrisdakik.com\\\/?p=8327\"},\"wordCount\":251,\"commentCount\":0,\"image\":{\"@id\":\"https:\\\/\\\/kibrisdakik.com\\\/?p=8327#primaryimage\"},\"thumbnailUrl\":\"https:\\\/\\\/kibrisdakik.com\\\/wp-content\\\/uploads\\\/2023\\\/06\\\/tatar-gayrimenul-3--740x420.jpg\",\"articleSection\":[\"G\u00fcndem\"],\"inLanguage\":\"tr\",\"potentialAction\":[{\"@type\":\"CommentAction\",\"name\":\"Comment\",\"target\":[\"https:\\\/\\\/kibrisdakik.com\\\/?p=8327#respond\"]}]},{\"@type\":\"WebPage\",\"@id\":\"https:\\\/\\\/kibrisdakik.com\\\/?p=8327\",\"url\":\"https:\\\/\\\/kibrisdakik.com\\\/?p=8327\",\"name\":\"Cumhurba\u015fkan\u0131 Ersin Tatar, Kuzey K\u0131br\u0131s Gayrimenkul De\u011ferleme Uzmanlar\u0131 Birli\u011fi heyetini heyeti kabul etti -\",\"isPartOf\":{\"@id\":\"https:\\\/\\\/kibrisdakik.com\\\/#website\"},\"primaryImageOfPage\":{\"@id\":\"https:\\\/\\\/kibrisdakik.com\\\/?p=8327#primaryimage\"},\"image\":{\"@id\":\"https:\\\/\\\/kibrisdakik.com\\\/?p=8327#primaryimage\"},\"thumbnailUrl\":\"https:\\\/\\\/kibrisdakik.com\\\/wp-content\\\/uploads\\\/2023\\\/06\\\/tatar-gayrimenul-3--740x420.jpg\",\"datePublished\":\"2023-06-06T13:01:52+00:00\",\"author\":{\"@id\":\"https:\\\/\\\/kibrisdakik.com\\\/#\\\/schema\\\/person\\\/9cd9d437bbb44f72b73ba127e06d8e79\"},\"breadcrumb\":{\"@id\":\"https:\\\/\\\/kibrisdakik.com\\\/?p=8327#breadcrumb\"},\"inLanguage\":\"tr\",\"potentialAction\":[{\"@type\":\"ReadAction\",\"target\":[\"https:\\\/\\\/kibrisdakik.com\\\/?p=8327\"]}]},{\"@type\":\"ImageObject\",\"inLanguage\":\"tr\",\"@id\":\"https:\\\/\\\/kibrisdakik.com\\\/?p=8327#primaryimage\",\"url\":\"https:\\\/\\\/kibrisdakik.com\\\/wp-content\\\/uploads\\\/2023\\\/06\\\/tatar-gayrimenul-3--740x420.jpg\",\"contentUrl\":\"https:\\\/\\\/kibrisdakik.com\\\/wp-content\\\/uploads\\\/2023\\\/06\\\/tatar-gayrimenul-3--740x420.jpg\",\"width\":1600,\"height\":1066},{\"@type\":\"BreadcrumbList\",\"@id\":\"https:\\\/\\\/kibrisdakik.com\\\/?p=8327#breadcrumb\",\"itemListElement\":[{\"@type\":\"ListItem\",\"position\":1,\"name\":\"Home\",\"item\":\"https:\\\/\\\/kibrisdakik.com\\\/\"},{\"@type\":\"ListItem\",\"position\":2,\"name\":\"Cumhurba\u015fkan\u0131 Ersin Tatar, Kuzey K\u0131br\u0131s Gayrimenkul De\u011ferleme Uzmanlar\u0131 Birli\u011fi heyetini heyeti kabul etti\"}]},{\"@type\":\"WebSite\",\"@id\":\"https:\\\/\\\/kibrisdakik.com\\\/#website\",\"url\":\"https:\\\/\\\/kibrisdakik.com\\\/\",\"name\":\"\",\"description\":\"Tam vaktinde haber\",\"potentialAction\":[{\"@type\":\"SearchAction\",\"target\":{\"@type\":\"EntryPoint\",\"urlTemplate\":\"https:\\\/\\\/kibrisdakik.com\\\/?s={search_term_string}\"},\"query-input\":{\"@type\":\"PropertyValueSpecification\",\"valueRequired\":true,\"valueName\":\"search_term_string\"}}],\"inLanguage\":\"tr\"},{\"@type\":\"Person\",\"@id\":\"https:\\\/\\\/kibrisdakik.com\\\/#\\\/schema\\\/person\\\/9cd9d437bbb44f72b73ba127e06d8e79\",\"name\":\"admin\",\"image\":{\"@type\":\"ImageObject\",\"inLanguage\":\"tr\",\"@id\":\"https:\\\/\\\/secure.gravatar.com\\\/avatar\\\/ccc17943b9d660506c869530f897617f7cb1c21a4bf30023f252596d83e1f007?s=96&d=mm&r=g\",\"url\":\"https:\\\/\\\/secure.gravatar.com\\\/avatar\\\/ccc17943b9d660506c869530f897617f7cb1c21a4bf30023f252596d83e1f007?s=96&d=mm&r=g\",\"contentUrl\":\"https:\\\/\\\/secure.gravatar.com\\\/avatar\\\/ccc17943b9d660506c869530f897617f7cb1c21a4bf30023f252596d83e1f007?s=96&d=mm&r=g\",\"caption\":\"admin\"},\"sameAs\":[\"https:\\\/\\\/kibrisdakik.com\"],\"url\":\"https:\\\/\\\/kibrisdakik.com\\\/?author=1\"}]}<\/script>\n<!-- \/ Yoast SEO plugin. -->","yoast_head_json":{"title":"Cumhurba\u015fkan\u0131 Ersin Tatar, Kuzey K\u0131br\u0131s Gayrimenkul De\u011ferleme Uzmanlar\u0131 Birli\u011fi heyetini heyeti kabul etti -","robots":{"index":"index","follow":"follow","max-snippet":"max-snippet:-1","max-image-preview":"max-image-preview:large","max-video-preview":"max-video-preview:-1"},"canonical":"https:\/\/kibrisdakik.com\/?p=8327","og_locale":"tr_TR","og_type":"article","og_title":"Cumhurba\u015fkan\u0131 Ersin Tatar, Kuzey K\u0131br\u0131s Gayrimenkul De\u011ferleme Uzmanlar\u0131 Birli\u011fi heyetini heyeti kabul etti -","og_description":"Cumhurba\u015fkan\u0131 Ersin Tatar, Kuzey K\u0131br\u0131s Gayrimenkul De\u011ferleme Uzmanlar\u0131 Birli\u011fi Ba\u015fkan\u0131 Kutay Ramiz ve beraberindeki heyeti kabul ederek g\u00f6r\u00fc\u015ft\u00fc. Cumhurba\u015fkanl\u0131\u011f\u0131ndan yap\u0131lan yaz\u0131l\u0131 a\u00e7\u0131klamaya g\u00f6re, kabuldeki konu\u015fmas\u0131nda, ziyaretten dolay\u0131 duydu\u011fu memnuniyeti dile getiren Cumhurba\u015fkan\u0131 Tatar, T\u00fcrkiye Cumhuriyeti\u2019nin deste\u011fiyle T\u00fcrk Devletleri Te\u015fkilat\u0131\u2019na anayasal ad\u0131yla \u00fcye olunmas\u0131n\u0131n KKTC\u2019ye stat\u00fc kazand\u0131rd\u0131\u011f\u0131n\u0131 belirtti. Cumhurba\u015fkan\u0131 Tatar, T\u00fcrkistan\u2019da ger\u00e7ekle\u015ftirilen Birinci Uluslararas\u0131 T\u00fcrk D\u00fcnyas\u0131","og_url":"https:\/\/kibrisdakik.com\/?p=8327","article_published_time":"2023-06-06T13:01:52+00:00","og_image":[{"width":1600,"height":1066,"url":"https:\/\/kibrisdakik.com\/wp-content\/uploads\/2023\/06\/tatar-gayrimenul-3--740x420.jpg","type":"image\/jpeg"}],"author":"admin","twitter_card":"summary_large_image","twitter_misc":{"Yazan:":"admin","Tahmini okuma s\u00fcresi":"1 dakika"},"schema":{"@context":"https:\/\/schema.org","@graph":[{"@type":"Article","@id":"https:\/\/kibrisdakik.com\/?p=8327#article","isPartOf":{"@id":"https:\/\/kibrisdakik.com\/?p=8327"},"author":{"name":"admin","@id":"https:\/\/kibrisdakik.com\/#\/schema\/person\/9cd9d437bbb44f72b73ba127e06d8e79"},"headline":"Cumhurba\u015fkan\u0131 Ersin Tatar, Kuzey K\u0131br\u0131s Gayrimenkul De\u011ferleme Uzmanlar\u0131 Birli\u011fi heyetini heyeti kabul etti","datePublished":"2023-06-06T13:01:52+00:00","mainEntityOfPage":{"@id":"https:\/\/kibrisdakik.com\/?p=8327"},"wordCount":251,"commentCount":0,"image":{"@id":"https:\/\/kibrisdakik.com\/?p=8327#primaryimage"},"thumbnailUrl":"https:\/\/kibrisdakik.com\/wp-content\/uploads\/2023\/06\/tatar-gayrimenul-3--740x420.jpg","articleSection":["G\u00fcndem"],"inLanguage":"tr","potentialAction":[{"@type":"CommentAction","name":"Comment","target":["https:\/\/kibrisdakik.com\/?p=8327#respond"]}]},{"@type":"WebPage","@id":"https:\/\/kibrisdakik.com\/?p=8327","url":"https:\/\/kibrisdakik.com\/?p=8327","name":"Cumhurba\u015fkan\u0131 Ersin Tatar, Kuzey K\u0131br\u0131s Gayrimenkul De\u011ferleme Uzmanlar\u0131 Birli\u011fi heyetini heyeti kabul etti -","isPartOf":{"@id":"https:\/\/kibrisdakik.com\/#website"},"primaryImageOfPage":{"@id":"https:\/\/kibrisdakik.com\/?p=8327#primaryimage"},"image":{"@id":"https:\/\/kibrisdakik.com\/?p=8327#primaryimage"},"thumbnailUrl":"https:\/\/kibrisdakik.com\/wp-content\/uploads\/2023\/06\/tatar-gayrimenul-3--740x420.jpg","datePublished":"2023-06-06T13:01:52+00:00","author":{"@id":"https:\/\/kibrisdakik.com\/#\/schema\/person\/9cd9d437bbb44f72b73ba127e06d8e79"},"breadcrumb":{"@id":"https:\/\/kibrisdakik.com\/?p=8327#breadcrumb"},"inLanguage":"tr","potentialAction":[{"@type":"ReadAction","target":["https:\/\/kibrisdakik.com\/?p=8327"]}]},{"@type":"ImageObject","inLanguage":"tr","@id":"https:\/\/kibrisdakik.com\/?p=8327#primaryimage","url":"https:\/\/kibrisdakik.com\/wp-content\/uploads\/2023\/06\/tatar-gayrimenul-3--740x420.jpg","contentUrl":"https:\/\/kibrisdakik.com\/wp-content\/uploads\/2023\/06\/tatar-gayrimenul-3--740x420.jpg","width":1600,"height":1066},{"@type":"BreadcrumbList","@id":"https:\/\/kibrisdakik.com\/?p=8327#breadcrumb","itemListElement":[{"@type":"ListItem","position":1,"name":"Home","item":"https:\/\/kibrisdakik.com\/"},{"@type":"ListItem","position":2,"name":"Cumhurba\u015fkan\u0131 Ersin Tatar, Kuzey K\u0131br\u0131s Gayrimenkul De\u011ferleme Uzmanlar\u0131 Birli\u011fi heyetini heyeti kabul etti"}]},{"@type":"WebSite","@id":"https:\/\/kibrisdakik.com\/#website","url":"https:\/\/kibrisdakik.com\/","name":"","description":"Tam vaktinde haber","potentialAction":[{"@type":"SearchAction","target":{"@type":"EntryPoint","urlTemplate":"https:\/\/kibrisdakik.com\/?s={search_term_string}"},"query-input":{"@type":"PropertyValueSpecification","valueRequired":true,"valueName":"search_term_string"}}],"inLanguage":"tr"},{"@type":"Person","@id":"https:\/\/kibrisdakik.com\/#\/schema\/person\/9cd9d437bbb44f72b73ba127e06d8e79","name":"admin","image":{"@type":"ImageObject","inLanguage":"tr","@id":"https:\/\/secure.gravatar.com\/avatar\/ccc17943b9d660506c869530f897617f7cb1c21a4bf30023f252596d83e1f007?s=96&d=mm&r=g","url":"https:\/\/secure.gravatar.com\/avatar\/ccc17943b9d660506c869530f897617f7cb1c21a4bf30023f252596d83e1f007?s=96&d=mm&r=g","contentUrl":"https:\/\/secure.gravatar.com\/avatar\/ccc17943b9d660506c869530f897617f7cb1c21a4bf30023f252596d83e1f007?s=96&d=mm&r=g","caption":"admin"},"sameAs":["https:\/\/kibrisdakik.com"],"url":"https:\/\/kibrisdakik.com\/?author=1"}]}},"_links":{"self":[{"href":"https:\/\/kibrisdakik.com\/index.php?rest_route=\/wp\/v2\/posts\/8327","targetHints":{"allow":["GET"]}}],"collection":[{"href":"https:\/\/kibrisdakik.com\/index.php?rest_route=\/wp\/v2\/posts"}],"about":[{"href":"https:\/\/kibrisdakik.com\/index.php?rest_route=\/wp\/v2\/types\/post"}],"author":[{"embeddable":true,"href":"https:\/\/kibrisdakik.com\/index.php?rest_route=\/wp\/v2\/users\/1"}],"replies":[{"embeddable":true,"href":"https:\/\/kibrisdakik.com\/index.php?rest_route=%2Fwp%2Fv2%2Fcomments&post=8327"}],"version-history":[{"count":0,"href":"https:\/\/kibrisdakik.com\/index.php?rest_route=\/wp\/v2\/posts\/8327\/revisions"}],"wp:featuredmedia":[{"embeddable":true,"href":"https:\/\/kibrisdakik.com\/index.php?rest_route=\/wp\/v2\/media\/8328"}],"wp:attachment":[{"href":"https:\/\/kibrisdakik.com\/index.php?rest_route=%2Fwp%2Fv2%2Fmedia&parent=8327"}],"wp:term":[{"taxonomy":"category","embeddable":true,"href":"https:\/\/kibrisdakik.com\/index.php?rest_route=%2Fwp%2Fv2%2Fcategories&post=8327"},{"taxonomy":"post_tag","embeddable":true,"href":"https:\/\/kibrisdakik.com\/index.php?rest_route=%2Fwp%2Fv2%2Ftags&post=8327"}],"curies":[{"name":"wp","href":"https:\/\/api.w.org\/{rel}","templated":true}]}}